{"id":9152,"date":"2017-03-26T14:35:23","date_gmt":"2017-03-26T12:35:23","guid":{"rendered":"http:\/\/www.speedtest.pl\/wiadomosci\/?p=9152"},"modified":"2017-03-26T17:12:36","modified_gmt":"2017-03-26T15:12:36","slug":"uber-samochod-autonomiczny-wypadek","status":"publish","type":"post","link":"https:\/\/www.speedtest.pl\/wiadomosci\/moto\/uber-samochod-autonomiczny-wypadek\/","title":{"rendered":"Uber zawiesza program samochod\u00f3w autonomicznych po wypadku"},"content":{"rendered":"<p><em>Wypadki drogowe si\u0119 zdarzaj\u0105 i trudno je przewidzie\u0107. Czasami trudno jest jednoznacznie wskaza\u0107 winowajc\u0119 zaj\u015bcia. Jednak\u017ce, kiedy w takim zdarzeniu uczestniczy pojazd autonomiczny, to wszyscy za wszelk\u0105 cen\u0119 chc\u0105 ustali\u0107, czy zawini\u0142o oprogramowanie, czy cz\u0142owiek kieruj\u0105cy innym samochodem. Wczoraj mia\u0142 miejsce wypadek z samochodem autonomicznym Ubera w Tempe (Arizona, Stany Zjednoczone).<\/em><\/p>\n<p>Na poni\u017cszym nagraniu umieszczonym przez Marka Beach wida\u0107 wyra\u017anie, \u017ce autonomiczne Volvo XC90 le\u017cy na lewej stronie, a obok drugi uczestnik wypadku. Dalej wida\u0107 jeszcze trzeci pojazd ze wgniecionymi drzwiami. Do przewr\u00f3cenia wa\u017c\u0105cego 2 tony SUV-a, jakim jest Volvo XC90, potrzeba ogromnej si\u0142y. Dlatego te\u017c zdj\u0119cia z miejsca wypadku wygl\u0105daj\u0105 do\u015b\u0107 powa\u017cnie. Na szcz\u0119\u015bcie nikomu nic si\u0119 nie sta\u0142o. Samochody autonomiczne Ubera znajduj\u0105 si\u0119 oczywi\u015bcie w fazie test\u00f3w i podczas jazdy na siedzeniu kierowcy zawsze znajduje si\u0119 kierowca, kt\u00f3ry w ka\u017cdej chwili mo\u017ce przej\u0105\u0107 kontrol\u0119 nad samochodem.<\/p>\n<div class=\"twitter-tweet\">\n<blockquote class=\"twitter-tweet\" data-lang=\"pl\">\n<p lang=\"en\" dir=\"ltr\"><a href=\"https:\/\/twitter.com\/hashtag\/UPDATE?src=hash\" rel=\"external nofollow\">#UPDATE<\/a>: No injuries yet reported in an accident involving a self-driving <a href=\"https:\/\/twitter.com\/hashtag\/uber?src=hash\" rel=\"external nofollow\">#uber<\/a>, captured by <a href=\"https:\/\/twitter.com\/fresconews\" rel=\"external nofollow\">@fresconews<\/a>  user Mark Beach in Tempe, AZ. <a href=\"https:\/\/t.co\/kmizvRD5WP\" rel=\"external nofollow\">pic.twitter.com\/kmizvRD5WP<\/a><\/p>\n<p>&mdash; Fresco News (@fresconews) <a href=\"https:\/\/twitter.com\/fresconews\/status\/845538056031649793\" rel=\"external nofollow\">25 marca 2017<\/a><\/p><\/blockquote>\n<\/div>\n<h2>Autonomiczny samoch\u00f3d Ubera podczas wypadku pracowa\u0142 w trybie samodzielnym<\/h2>\n<p>Ze wst\u0119pnych doniesie\u0144 wynika, \u017ce winnym ca\u0142ego zdarzenia jest najprawdopodobniej kierowca drugiego samochodu. W mediach zagranicznych podaje si\u0119, \u017ce nie ust\u0105pi\u0142 on pierwsze\u0144stwa przejazdu nadje\u017cd\u017caj\u0105cemu Volvo Ubera. Jednak zawsze jest to kolejny wypadek z uczestnictwem samochodu autonomicznego, dlatego te\u017c Uber postanowi\u0142 zawiesi\u0107 (przynajmniej tymczasowo) swoje testy.<\/p>\n<p>Jest to kolejny cios pijarowy dla Ubera. Nie tak dawno jeden z ich autonomicznych samochod\u00f3w przejecha\u0142 na czerwonym \u015bwietle, co doprowadzi\u0142o do zderzenia z innym pojazdem. M\u00f3wi si\u0119 r\u00f3wnie\u017c o tym, \u017ce program autonomicznych pojazd\u00f3w Ubera nie osi\u0105ga zadowalaj\u0105cych post\u0119p\u00f3w i ma po prostu s\u0142abo przygotowane oprogramowanie. Firma ostatnio musi r\u00f3wnie\u017c walczy\u0107 z przeciwno\u015bciami innej natury. W sieci mo\u017cna znale\u017a\u0107 coraz wi\u0119cej negatywnych komentarzy kierowc\u00f3w Ubera, kt\u00f3rzy skar\u017c\u0105 si\u0119 na warunki pracy i traktowanie ich przez firm\u0119. Nie wspominaj\u0105c ju\u017c, o ci\u0105g\u0142ych konfliktach z firmami taks\u00f3wkarskimi w r\u00f3\u017cnych krajach.<\/p>\n<h2>Tesla jak na razie radzi sobie du\u017co lepiej<\/h2>\n<p>Co prawda tzw. autopilot, czyli inteligentny asystent kierowcy, by\u0142 r\u00f3wnie\u017c kilkukrotnie podejrzewany o spowodowanie kolizji, a nawet \u015bmiertelnego wypadku. Jednak Tesla mo\u017ce si\u0119 pochwali\u0107 r\u00f3wnie\u017c sukcesami swojej technologi pojazd\u00f3w autonomicznych. Aktualnie oprogramowanie dost\u0119pne w wersji komercyjnej pojazdu jest w stanie na bie\u017c\u0105co \u015bledzi\u0107 kilka pojazd\u00f3w jad\u0105cych przed nami. Dzi\u0119ki temu mo\u017cliwe jest przewidzenie wypadku, co mia\u0142o miejsce na Holenderskiej autostradzie w grudniu zesz\u0142ego roku.<\/p>\n<p><iframe loading=\"lazy\" class=\"youtube-player\" width=\"696\" height=\"392\" src=\"https:\/\/www.youtube.com\/embed\/3TtODhB-008?version=3&#038;rel=1&#038;showsearch=0&#038;showinfo=1&#038;iv_load_policy=1&#038;fs=1&#038;hl=pl-PL&#038;autohide=2&#038;wmode=transparent\" allowfullscreen=\"true\" style=\"border:0;\" sandbox=\"allow-scripts allow-same-origin allow-popups allow-presentation allow-popups-to-escape-sandbox\"><\/iframe><\/p>\n<p>Aktualnie technologia autonomiczna opracowana przez Tesl\u0119 sprawdza si\u0119 przy dobrych warunkach pogodowych. Samoch\u00f3d\u00a0potrafi zawie\u017a\u0107 nas do pracy, sam znajdzie sobie miejsce parkingowe, a nawet zatrzyma si\u0119 przed pieszym, kt\u00f3ry niespodziewanie wejdzie przed mask\u0119.<\/p>\n<p><iframe loading=\"lazy\" title=\"Full Self-Driving Hardware on All Teslas\" src=\"https:\/\/player.vimeo.com\/video\/188105076?dnt=1&amp;app_id=122963\" width=\"696\" height=\"392\" frameborder=\"0\" allow=\"autoplay; fullscreen; picture-in-picture; clipboard-write; encrypted-media\"><\/iframe><\/p>\n<p>\u0179r\u00f3d\u0142o: <a href=\"http:\/\/www.bbc.com\/news\/technology-39397211\" rel=\"external nofollow\">BBC<\/a>, <a href=\"https:\/\/twitter.com\/fresconews\" rel=\"external nofollow\">Freesco News<\/a><\/p>\n","protected":false},"excerpt":{"rendered":"<p>Wypadki drogowe si\u0119 zdarzaj\u0105 i trudno je przewidzie\u0107. Czasami trudno jest jednoznacznie wskaza\u0107 winowajc\u0119 zaj\u015bcia. Jednak\u017ce, kiedy w takim zdarzeniu uczestniczy pojazd autonomiczny, to wszyscy za wszelk\u0105 cen\u0119 chc\u0105 ustali\u0107, czy zawini\u0142o oprogramowanie, czy cz\u0142owiek kieruj\u0105cy innym samochodem. Wczoraj mia\u0142 miejsce wypadek z samochodem autonomicznym Ubera w Tempe (Arizona, Stany Zjednoczone). Na poni\u017cszym nagraniu umieszczonym [&hellip;]<\/p>\n","protected":false},"author":13,"featured_media":9153,"comment_status":"open","ping_status":"open","sticky":false,"template":"","format":"standard","meta":{"jetpack_post_was_ever_published":false,"_jetpack_newsletter_access":"","_jetpack_dont_email_post_to_subs":true,"_jetpack_newsletter_tier_id":0,"_jetpack_memberships_contains_paywalled_content":false,"_jetpack_memberships_contains_paid_content":false,"footnotes":"","jetpack_publicize_message":"","jetpack_publicize_feature_enabled":true,"jetpack_social_post_already_shared":true,"jetpack_social_options":{"image_generator_settings":{"template":"highway","enabled":false},"version":2}},"categories":[1940],"tags":[2098,1942,2099,1714,198,2100],"table_tags":[],"class_list":["post-9152","post","type-post","status-publish","format-standard","has-post-thumbnail","hentry","category-moto","tag-autonomiczny","tag-motoryzacja","tag-samochod","tag-uber","tag-volvo","tag-wypadek"],"jetpack_publicize_connections":[],"yoast_head":"<!-- This site is optimized with the Yoast SEO plugin v24.8.1 - https:\/\/yoast.com\/wordpress\/plugins\/seo\/ -->\n<title>Uber zawiesza program samochod\u00f3w autonomicznych po wypadku - SpeedTest.pl Wiadomo\u015bci<\/title>\n<meta name=\"robots\" content=\"index, follow, max-snippet:-1, max-image-preview:large, max-video-preview:-1\" \/>\n<link rel=\"canonical\" href=\"https:\/\/www.speedtest.pl\/wiadomosci\/moto\/uber-samochod-autonomiczny-wypadek\/\" \/>\n<meta property=\"og:locale\" content=\"pl_PL\" \/>\n<meta property=\"og:type\" content=\"article\" \/>\n<meta property=\"og:title\" content=\"Uber zawiesza program samochod\u00f3w autonomicznych po wypadku - SpeedTest.pl Wiadomo\u015bci\" \/>\n<meta property=\"og:description\" content=\"Wypadki drogowe si\u0119 zdarzaj\u0105 i trudno je przewidzie\u0107. Czasami trudno jest jednoznacznie wskaza\u0107 winowajc\u0119 zaj\u015bcia. Jednak\u017ce, kiedy w takim zdarzeniu uczestniczy pojazd autonomiczny, to wszyscy za wszelk\u0105 cen\u0119 chc\u0105 ustali\u0107, czy zawini\u0142o oprogramowanie, czy cz\u0142owiek kieruj\u0105cy innym samochodem. Wczoraj mia\u0142 miejsce wypadek z samochodem autonomicznym Ubera w Tempe (Arizona, Stany Zjednoczone). Na poni\u017cszym nagraniu umieszczonym [&hellip;]\" \/>\n<meta property=\"og:url\" content=\"https:\/\/www.speedtest.pl\/wiadomosci\/moto\/uber-samochod-autonomiczny-wypadek\/\" \/>\n<meta property=\"og:site_name\" content=\"SpeedTest.pl Wiadomo\u015bci\" \/>\n<meta property=\"article:publisher\" content=\"https:\/\/www.facebook.com\/speedtestpl\/\" \/>\n<meta property=\"article:published_time\" content=\"2017-03-26T12:35:23+00:00\" \/>\n<meta property=\"article:modified_time\" content=\"2017-03-26T15:12:36+00:00\" \/>\n<meta property=\"og:image\" content=\"https:\/\/www.speedtest.pl\/wiadomosci\/wp-content\/uploads\/2017\/03\/Uber-Volvo-autonomiczny-samochod.jpg\" \/>\n\t<meta property=\"og:image:width\" content=\"1024\" \/>\n\t<meta property=\"og:image:height\" content=\"576\" \/>\n\t<meta property=\"og:image:type\" content=\"image\/jpeg\" \/>\n<meta name=\"author\" content=\"BS\" \/>\n<meta name=\"twitter:card\" content=\"summary_large_image\" \/>\n<meta name=\"twitter:creator\" content=\"@speedtestpl\" \/>\n<meta name=\"twitter:site\" content=\"@speedtestpl\" \/>\n<meta name=\"twitter:label1\" content=\"Napisane przez\" \/>\n\t<meta name=\"twitter:data1\" content=\"BS\" \/>\n\t<meta name=\"twitter:label2\" content=\"Szacowany czas czytania\" \/>\n\t<meta name=\"twitter:data2\" content=\"2 minuty\" \/>\n<script type=\"application\/ld+json\" class=\"yoast-schema-graph\">{\"@context\":\"https:\/\/schema.org\",\"@graph\":[{\"@type\":\"WebPage\",\"@id\":\"https:\/\/www.speedtest.pl\/wiadomosci\/moto\/uber-samochod-autonomiczny-wypadek\/\",\"url\":\"https:\/\/www.speedtest.pl\/wiadomosci\/moto\/uber-samochod-autonomiczny-wypadek\/\",\"name\":\"Uber zawiesza program samochod\u00f3w autonomicznych po wypadku - SpeedTest.pl Wiadomo\u015bci\",\"isPartOf\":{\"@id\":\"https:\/\/www.speedtest.pl\/wiadomosci\/#website\"},\"primaryImageOfPage\":{\"@id\":\"https:\/\/www.speedtest.pl\/wiadomosci\/moto\/uber-samochod-autonomiczny-wypadek\/#primaryimage\"},\"image\":{\"@id\":\"https:\/\/www.speedtest.pl\/wiadomosci\/moto\/uber-samochod-autonomiczny-wypadek\/#primaryimage\"},\"thumbnailUrl\":\"https:\/\/www.speedtest.pl\/wiadomosci\/wp-content\/uploads\/2017\/03\/Uber-Volvo-autonomiczny-samochod.jpg\",\"datePublished\":\"2017-03-26T12:35:23+00:00\",\"dateModified\":\"2017-03-26T15:12:36+00:00\",\"author\":{\"@id\":\"https:\/\/www.speedtest.pl\/wiadomosci\/#\/schema\/person\/585facd68912bef34cadd731cd3edaf2\"},\"breadcrumb\":{\"@id\":\"https:\/\/www.speedtest.pl\/wiadomosci\/moto\/uber-samochod-autonomiczny-wypadek\/#breadcrumb\"},\"inLanguage\":\"pl-PL\",\"potentialAction\":[{\"@type\":\"ReadAction\",\"target\":[\"https:\/\/www.speedtest.pl\/wiadomosci\/moto\/uber-samochod-autonomiczny-wypadek\/\"]}]},{\"@type\":\"ImageObject\",\"inLanguage\":\"pl-PL\",\"@id\":\"https:\/\/www.speedtest.pl\/wiadomosci\/moto\/uber-samochod-autonomiczny-wypadek\/#primaryimage\",\"url\":\"https:\/\/www.speedtest.pl\/wiadomosci\/wp-content\/uploads\/2017\/03\/Uber-Volvo-autonomiczny-samochod.jpg\",\"contentUrl\":\"https:\/\/www.speedtest.pl\/wiadomosci\/wp-content\/uploads\/2017\/03\/Uber-Volvo-autonomiczny-samochod.jpg\",\"width\":1024,\"height\":576,\"caption\":\"Uber Volvo autonomiczny samochod\"},{\"@type\":\"BreadcrumbList\",\"@id\":\"https:\/\/www.speedtest.pl\/wiadomosci\/moto\/uber-samochod-autonomiczny-wypadek\/#breadcrumb\",\"itemListElement\":[{\"@type\":\"ListItem\",\"position\":1,\"name\":\"Strona g\u0142\u00f3wna\",\"item\":\"https:\/\/www.speedtest.pl\/wiadomosci\/\"},{\"@type\":\"ListItem\",\"position\":2,\"name\":\"Uber zawiesza program samochod\u00f3w autonomicznych po wypadku\"}]},{\"@type\":\"WebSite\",\"@id\":\"https:\/\/www.speedtest.pl\/wiadomosci\/#website\",\"url\":\"https:\/\/www.speedtest.pl\/wiadomosci\/\",\"name\":\"SpeedTest.pl Wiadomo\u015bci\",\"description\":\"Rankingi ISP, newsy i opinie ze \u015bwiata IT, recenzje sprz\u0119tu, gry, motoryzacja\",\"potentialAction\":[{\"@type\":\"SearchAction\",\"target\":{\"@type\":\"EntryPoint\",\"urlTemplate\":\"https:\/\/www.speedtest.pl\/wiadomosci\/?s={search_term_string}\"},\"query-input\":{\"@type\":\"PropertyValueSpecification\",\"valueRequired\":true,\"valueName\":\"search_term_string\"}}],\"inLanguage\":\"pl-PL\"},{\"@type\":\"Person\",\"@id\":\"https:\/\/www.speedtest.pl\/wiadomosci\/#\/schema\/person\/585facd68912bef34cadd731cd3edaf2\",\"name\":\"BS\",\"image\":{\"@type\":\"ImageObject\",\"inLanguage\":\"pl-PL\",\"@id\":\"https:\/\/www.speedtest.pl\/wiadomosci\/#\/schema\/person\/image\/\",\"url\":\"https:\/\/www.speedtest.pl\/wiadomosci\/wp-content\/uploads\/2018\/01\/bek.png\",\"contentUrl\":\"https:\/\/www.speedtest.pl\/wiadomosci\/wp-content\/uploads\/2018\/01\/bek.png\",\"caption\":\"BS\"},\"description\":\"Bernard to redaktor naczelny SpeedTest.pl. Jest analitykiem i pasjonatem gier. Studiowa\u0142 na Politechnice Wroc\u0142awskiej informatyk\u0119 i zarz\u0105dzanie. Lubi szybkie samochody, podr\u00f3\u017ce do egzotycznych kraj\u00f3w oraz dobre ksi\u0105\u017cki z kategorii fantastyka.\",\"url\":\"https:\/\/www.speedtest.pl\/wiadomosci\/author\/bernard\/\"}]}<\/script>\n<!-- \/ Yoast SEO plugin. -->","yoast_head_json":{"title":"Uber zawiesza program samochod\u00f3w autonomicznych po wypadku - SpeedTest.pl Wiadomo\u015bci","robots":{"index":"index","follow":"follow","max-snippet":"max-snippet:-1","max-image-preview":"max-image-preview:large","max-video-preview":"max-video-preview:-1"},"canonical":"https:\/\/www.speedtest.pl\/wiadomosci\/moto\/uber-samochod-autonomiczny-wypadek\/","og_locale":"pl_PL","og_type":"article","og_title":"Uber zawiesza program samochod\u00f3w autonomicznych po wypadku - SpeedTest.pl Wiadomo\u015bci","og_description":"Wypadki drogowe si\u0119 zdarzaj\u0105 i trudno je przewidzie\u0107. Czasami trudno jest jednoznacznie wskaza\u0107 winowajc\u0119 zaj\u015bcia. Jednak\u017ce, kiedy w takim zdarzeniu uczestniczy pojazd autonomiczny, to wszyscy za wszelk\u0105 cen\u0119 chc\u0105 ustali\u0107, czy zawini\u0142o oprogramowanie, czy cz\u0142owiek kieruj\u0105cy innym samochodem. Wczoraj mia\u0142 miejsce wypadek z samochodem autonomicznym Ubera w Tempe (Arizona, Stany Zjednoczone). Na poni\u017cszym nagraniu umieszczonym [&hellip;]","og_url":"https:\/\/www.speedtest.pl\/wiadomosci\/moto\/uber-samochod-autonomiczny-wypadek\/","og_site_name":"SpeedTest.pl Wiadomo\u015bci","article_publisher":"https:\/\/www.facebook.com\/speedtestpl\/","article_published_time":"2017-03-26T12:35:23+00:00","article_modified_time":"2017-03-26T15:12:36+00:00","og_image":[{"width":1024,"height":576,"url":"https:\/\/www.speedtest.pl\/wiadomosci\/wp-content\/uploads\/2017\/03\/Uber-Volvo-autonomiczny-samochod.jpg","type":"image\/jpeg"}],"author":"BS","twitter_card":"summary_large_image","twitter_creator":"@speedtestpl","twitter_site":"@speedtestpl","twitter_misc":{"Napisane przez":"BS","Szacowany czas czytania":"2 minuty"},"schema":{"@context":"https:\/\/schema.org","@graph":[{"@type":"WebPage","@id":"https:\/\/www.speedtest.pl\/wiadomosci\/moto\/uber-samochod-autonomiczny-wypadek\/","url":"https:\/\/www.speedtest.pl\/wiadomosci\/moto\/uber-samochod-autonomiczny-wypadek\/","name":"Uber zawiesza program samochod\u00f3w autonomicznych po wypadku - SpeedTest.pl Wiadomo\u015bci","isPartOf":{"@id":"https:\/\/www.speedtest.pl\/wiadomosci\/#website"},"primaryImageOfPage":{"@id":"https:\/\/www.speedtest.pl\/wiadomosci\/moto\/uber-samochod-autonomiczny-wypadek\/#primaryimage"},"image":{"@id":"https:\/\/www.speedtest.pl\/wiadomosci\/moto\/uber-samochod-autonomiczny-wypadek\/#primaryimage"},"thumbnailUrl":"https:\/\/www.speedtest.pl\/wiadomosci\/wp-content\/uploads\/2017\/03\/Uber-Volvo-autonomiczny-samochod.jpg","datePublished":"2017-03-26T12:35:23+00:00","dateModified":"2017-03-26T15:12:36+00:00","author":{"@id":"https:\/\/www.speedtest.pl\/wiadomosci\/#\/schema\/person\/585facd68912bef34cadd731cd3edaf2"},"breadcrumb":{"@id":"https:\/\/www.speedtest.pl\/wiadomosci\/moto\/uber-samochod-autonomiczny-wypadek\/#breadcrumb"},"inLanguage":"pl-PL","potentialAction":[{"@type":"ReadAction","target":["https:\/\/www.speedtest.pl\/wiadomosci\/moto\/uber-samochod-autonomiczny-wypadek\/"]}]},{"@type":"ImageObject","inLanguage":"pl-PL","@id":"https:\/\/www.speedtest.pl\/wiadomosci\/moto\/uber-samochod-autonomiczny-wypadek\/#primaryimage","url":"https:\/\/www.speedtest.pl\/wiadomosci\/wp-content\/uploads\/2017\/03\/Uber-Volvo-autonomiczny-samochod.jpg","contentUrl":"https:\/\/www.speedtest.pl\/wiadomosci\/wp-content\/uploads\/2017\/03\/Uber-Volvo-autonomiczny-samochod.jpg","width":1024,"height":576,"caption":"Uber Volvo autonomiczny samochod"},{"@type":"BreadcrumbList","@id":"https:\/\/www.speedtest.pl\/wiadomosci\/moto\/uber-samochod-autonomiczny-wypadek\/#breadcrumb","itemListElement":[{"@type":"ListItem","position":1,"name":"Strona g\u0142\u00f3wna","item":"https:\/\/www.speedtest.pl\/wiadomosci\/"},{"@type":"ListItem","position":2,"name":"Uber zawiesza program samochod\u00f3w autonomicznych po wypadku"}]},{"@type":"WebSite","@id":"https:\/\/www.speedtest.pl\/wiadomosci\/#website","url":"https:\/\/www.speedtest.pl\/wiadomosci\/","name":"SpeedTest.pl Wiadomo\u015bci","description":"Rankingi ISP, newsy i opinie ze \u015bwiata IT, recenzje sprz\u0119tu, gry, motoryzacja","potentialAction":[{"@type":"SearchAction","target":{"@type":"EntryPoint","urlTemplate":"https:\/\/www.speedtest.pl\/wiadomosci\/?s={search_term_string}"},"query-input":{"@type":"PropertyValueSpecification","valueRequired":true,"valueName":"search_term_string"}}],"inLanguage":"pl-PL"},{"@type":"Person","@id":"https:\/\/www.speedtest.pl\/wiadomosci\/#\/schema\/person\/585facd68912bef34cadd731cd3edaf2","name":"BS","image":{"@type":"ImageObject","inLanguage":"pl-PL","@id":"https:\/\/www.speedtest.pl\/wiadomosci\/#\/schema\/person\/image\/","url":"https:\/\/www.speedtest.pl\/wiadomosci\/wp-content\/uploads\/2018\/01\/bek.png","contentUrl":"https:\/\/www.speedtest.pl\/wiadomosci\/wp-content\/uploads\/2018\/01\/bek.png","caption":"BS"},"description":"Bernard to redaktor naczelny SpeedTest.pl. Jest analitykiem i pasjonatem gier. Studiowa\u0142 na Politechnice Wroc\u0142awskiej informatyk\u0119 i zarz\u0105dzanie. Lubi szybkie samochody, podr\u00f3\u017ce do egzotycznych kraj\u00f3w oraz dobre ksi\u0105\u017cki z kategorii fantastyka.","url":"https:\/\/www.speedtest.pl\/wiadomosci\/author\/bernard\/"}]}},"jetpack_featured_media_url":"https:\/\/www.speedtest.pl\/wiadomosci\/wp-content\/uploads\/2017\/03\/Uber-Volvo-autonomiczny-samochod.jpg","jetpack_sharing_enabled":true,"jetpack_shortlink":"https:\/\/wp.me\/p85ce0-2nC","_links":{"self":[{"href":"https:\/\/www.speedtest.pl\/wiadomosci\/wp-json\/wp\/v2\/posts\/9152","targetHints":{"allow":["GET"]}}],"collection":[{"href":"https:\/\/www.speedtest.pl\/wiadomosci\/wp-json\/wp\/v2\/posts"}],"about":[{"href":"https:\/\/www.speedtest.pl\/wiadomosci\/wp-json\/wp\/v2\/types\/post"}],"author":[{"embeddable":true,"href":"https:\/\/www.speedtest.pl\/wiadomosci\/wp-json\/wp\/v2\/users\/13"}],"replies":[{"embeddable":true,"href":"https:\/\/www.speedtest.pl\/wiadomosci\/wp-json\/wp\/v2\/comments?post=9152"}],"version-history":[{"count":4,"href":"https:\/\/www.speedtest.pl\/wiadomosci\/wp-json\/wp\/v2\/posts\/9152\/revisions"}],"predecessor-version":[{"id":9160,"href":"https:\/\/www.speedtest.pl\/wiadomosci\/wp-json\/wp\/v2\/posts\/9152\/revisions\/9160"}],"wp:featuredmedia":[{"embeddable":true,"href":"https:\/\/www.speedtest.pl\/wiadomosci\/wp-json\/wp\/v2\/media\/9153"}],"wp:attachment":[{"href":"https:\/\/www.speedtest.pl\/wiadomosci\/wp-json\/wp\/v2\/media?parent=9152"}],"wp:term":[{"taxonomy":"category","embeddable":true,"href":"https:\/\/www.speedtest.pl\/wiadomosci\/wp-json\/wp\/v2\/categories?post=9152"},{"taxonomy":"post_tag","embeddable":true,"href":"https:\/\/www.speedtest.pl\/wiadomosci\/wp-json\/wp\/v2\/tags?post=9152"},{"taxonomy":"table_tags","embeddable":true,"href":"https:\/\/www.speedtest.pl\/wiadomosci\/wp-json\/wp\/v2\/table_tags?post=9152"}],"curies":[{"name":"wp","href":"https:\/\/api.w.org\/{rel}","templated":true}]}}