{"id":9036,"date":"2017-03-21T09:50:18","date_gmt":"2017-03-21T08:50:18","guid":{"rendered":"http:\/\/www.speedtest.pl\/wiadomosci\/?p=9036"},"modified":"2017-03-21T09:51:30","modified_gmt":"2017-03-21T08:51:30","slug":"wersje-kolorystyczne-samsung-galaxy-s8-s8","status":"publish","type":"post","link":"https:\/\/www.speedtest.pl\/wiadomosci\/sprzet\/wersje-kolorystyczne-samsung-galaxy-s8-s8\/","title":{"rendered":"Wersje kolorystyczne Samsung Galaxy S8 i S8+"},"content":{"rendered":"<h4>Premiera Samsung Galaxy S zawsze przyci\u0105ga wielu potencjalnych klient\u00f3w i nie tylko.<\/h4>\n<p>Zainteresowani s\u0105 tak\u017ce fani nowinek technicznych. Dlatego jego pojawienie si\u0119 na rynku zawsze wzbudza tyle emocji. Prawda jest te\u017c taka, \u017ce jest przed ka\u017cd\u0105 premier\u0105 jakiej\u015b fajnej linii <span class=\"hiddenSpellError\">smartfon\u00f3w<\/span>. Co wi\u0119cej, zawsze jest tak, \u017ce im bli\u017cej premiery, tym wi\u0119cej przeciek\u00f3w mamy. Nie wszystkie maj\u0105 odzwierciedlenie w rzeczywisto\u015bci, ale czasami mi\u0142o sobie pomarzy\u0107.<\/p>\n<h2>S\u0105 jednak przecieki od os\u00f3b, kt\u00f3re nigdy si\u0119 nie myl\u0105.<\/h2>\n<p>Te interesuj\u0105 nas najbardziej. Jedn\u0105 z takich os\u00f3b jest <span class=\"hiddenSpellError\">Evan<\/span> <span class=\"hiddenSpellError\">Blass<\/span>. Tym razem przedstawi\u0142 on na swoim <span class=\"hiddenSpellError\">Twitterze<\/span> wersje kolorystyczne, w jakich na rynek zawita nowy Samsung <span class=\"hiddenSpellError\">Galaxy<\/span> S\/ Wed\u0142ug doniesie\u0144 w jego portalu spo\u0142eczno\u015bciowego urz\u0105dzenia b\u0119d\u0105 dost\u0119pne w nast\u0119puj\u0105cych kolorach: <span class=\"hiddenSpellError\">black<\/span> <span class=\"hiddenSpellError\">sky<\/span> (w wolnym t\u0142umaczeniu \u2013 niebia\u0144ska czer\u0144), <span class=\"hiddenSpellError\">orchid<\/span> <span class=\"hiddenSpellError\">grey<\/span> (<span class=\"hiddenSpellError\">storczykowa<\/span> szaro\u015b\u0107) oraz arctic <span class=\"hiddenSpellError\">silver<\/span> (arktyczne srebro). Powiem szczerze, \u017ce jestem tym mocno zaabsorbowany. Ju\u017c dawno znudzi\u0142y mi si\u0119 mocno sztampowe kolory <span class=\"hiddenSpellError\">smartfon\u00f3w<\/span> i z \u0142ezk\u0105 w oku wspomina\u0142em czasy, kiedy wyb\u00f3r koloru obudowy by\u0142 o mniej skomplikowany. <span class=\"hiddenSpellError\">Evan<\/span> poinformowa\u0142 tak\u017ce, \u017ce panele przednie ze wzgl\u0119du na ilo\u015b\u0107 ciemnych czujnik\u00f3w s\u0105 r\u00f3wnie\u017c ciemne, wi\u0119c nieestetyczne \u201ekropki\u201d nie b\u0119d\u0105 widoczne. Wszystko zdaje si\u0119 zatem dopieszczone na ostatni guzik. Okazuje si\u0119 te\u017c, \u017ce na <span class=\"hiddenSpellError\">renderach<\/span> umieszczonych przez blogera wida\u0107 tak\u017ce brak czarnej ramki wok\u00f3\u0142 wy\u015bwietlacza. Nie wiadomo jednak, w jakim stopniu prawdziwy jest ten design. Mamy tylko informacje, \u017ce poprzednie zawsze si\u0119 sprawdza\u0142y. Co wi\u0119cej, na obudowach widniej\u0105 takie jakby tapety. Wygl\u0105daj\u0105 one bardzo estetycznie i pasuj\u0105 do reszty designu. S\u0105 to jednak przypuszczenia. Pami\u0119tajmy, \u017ce mog\u0105 to by\u0107 po prostu specjalne grafiki, kt\u00f3re maj\u0105 imitowa\u0107 kolor, jaki otrzyma telefon. Te\u017c jest to rozwi\u0105zanie, aczkolwiek niejako myl\u0105ce. My\u015bl\u0119, \u017ce bardziej ogarn\u0105 to ludzie z wyobra\u017ani\u0105, kt\u00f3rym od razu nakre\u015bli si\u0119 kolor przed oczami. Ciekaw jestem, jak <span class=\"hiddenSpellError\">userzy<\/span> zareaguj\u0105 na now\u0105 kolorystyk\u0119 Samsunga. Przecie\u017c, Samsung <span class=\"hiddenSpellError\">Galaxy<\/span> <span class=\"hiddenSpellError\">S8<\/span> do tej pory prezentowany by\u0142 przede wszystkim w czarnym kolorze obudowy.<\/p>\n<p><img loading=\"lazy\" decoding=\"async\" class=\"aligncenter size-full wp-image-9038\" src=\"https:\/\/www.speedtest.pl\/wiadomosci\/wp-content\/uploads\/2017\/03\/galaxy-s8-colors-evleaks-38-636x640.jpg\" alt=\"\" width=\"636\" height=\"640\" srcset=\"https:\/\/www.speedtest.pl\/wiadomosci\/wp-content\/uploads\/2017\/03\/galaxy-s8-colors-evleaks-38-636x640.jpg 636w, https:\/\/www.speedtest.pl\/wiadomosci\/wp-content\/uploads\/2017\/03\/galaxy-s8-colors-evleaks-38-636x640-150x150.jpg 150w, https:\/\/www.speedtest.pl\/wiadomosci\/wp-content\/uploads\/2017\/03\/galaxy-s8-colors-evleaks-38-636x640-298x300.jpg 298w, https:\/\/www.speedtest.pl\/wiadomosci\/wp-content\/uploads\/2017\/03\/galaxy-s8-colors-evleaks-38-636x640-417x420.jpg 417w\" sizes=\"auto, (max-width: 636px) 100vw, 636px\" \/><\/p>\n<h2>Na efekty nie b\u0119dziemy musieli d\u0142ugo czeka\u0107.<\/h2>\n<p>Nowy Samsung ma zosta\u0107 zaprezentowany ju\u017c 29 marca na konferencji <span class=\"hiddenSpellError\">Unpacked<\/span>, kt\u00f3ra odb\u0119dzie si\u0119 w Nowym Jorku. To ju\u017c za dwa tygodnie. Sprzeda\u017c tego modelu na pierwszych rynkach ma rozpocz\u0105\u0107 si\u0119 28 kwietnia, ale jak znam \u017cycie i rynek IT, to w Polsce poczekamy pewnie do maja. Na koniec, chcia\u0142bym Wam jeszcze przypomnie\u0107, co poza \u0142adnym wygl\u0105dem dostaniemy w Samsungu\u00a0<span class=\"hiddenSpellError\">Galaxy<\/span> <span class=\"hiddenSpellError\">S8<\/span>:<\/p>\n<ul>\n<li><em>5,8\u2033 lub 6,2\u2033 Super AMOLED,\u00a01440 x 2960, Gorilla Glass 5<\/em><\/li>\n<li><em>Qualcomm Snapdragon 835 lub Exynos 8895<\/em><\/li>\n<li><em>4 GB RAM LPDDR4<\/em><\/li>\n<li><em>64 GB UFS\u00a0<\/em><\/li>\n<li><em>microSD\u00a02 TB<\/em><\/li>\n<li><em>kamerka 8 Mpix f\/1.7\u00a0+ autofocus<\/em><\/li>\n<li><em>aparat\u00a012 Mpix f\/1.7<\/em><\/li>\n<li><em>akumulator\u00a03000\/3500 mAh z Quick Charge 4.0<\/em><\/li>\n<li><em>Wi-Fi 802.11ac, Bluetooth 5.0, GPS, NFC<\/em><\/li>\n<li><em>modem LTE<\/em><\/li>\n<li><em>dual SIM (opcjonalnie)<\/em><\/li>\n<li><em>USB C<\/em><\/li>\n<li><em>IP68<\/em><\/li>\n<li><em>skaner linii papilarnych<\/em><\/li>\n<li><em>skaner t\u0119cz\u00f3wki oka<\/em><\/li>\n<li><em>Android 7.0 Nougat<\/em><\/li>\n<\/ul>\n<p><em>\u017ar\u00f3d\u0142o: <a href=\"https:\/\/twitter.com\/evleaks\/status\/843424632254468096\/photo\/1\" rel=\"external nofollow\">Twitter\/@evleaks<\/a>,\u00a0<a href=\"http:\/\/www.tablety.pl\" rel=\"external nofollow\">http:\/\/www.tablety.pl<\/a><\/em><\/p>\n","protected":false},"excerpt":{"rendered":"<p>Premiera Samsung Galaxy S zawsze przyci\u0105ga wielu potencjalnych klient\u00f3w i nie tylko. Zainteresowani s\u0105 tak\u017ce fani nowinek technicznych. Dlatego jego pojawienie si\u0119 na rynku zawsze wzbudza tyle emocji. Prawda jest te\u017c taka, \u017ce jest przed ka\u017cd\u0105 premier\u0105 jakiej\u015b fajnej linii smartfon\u00f3w. Co wi\u0119cej, zawsze jest tak, \u017ce im bli\u017cej premiery, tym wi\u0119cej przeciek\u00f3w mamy. Nie [&hellip;]<\/p>\n","protected":false},"author":12,"featured_media":9039,"comment_status":"open","ping_status":"open","sticky":false,"template":"","format":"standard","meta":{"jetpack_post_was_ever_published":false,"_jetpack_newsletter_access":"","_jetpack_dont_email_post_to_subs":true,"_jetpack_newsletter_tier_id":0,"_jetpack_memberships_contains_paywalled_content":false,"_jetpack_memberships_contains_paid_content":false,"footnotes":"","jetpack_publicize_message":"Kolejne nowinki odno\u015bnie #SamsungGalaxyS8. Tym razem kolorystyka :)","jetpack_publicize_feature_enabled":true,"jetpack_social_post_already_shared":true,"jetpack_social_options":{"image_generator_settings":{"template":"highway","enabled":false},"version":2}},"categories":[331,37],"tags":[2077,898,237,2076],"table_tags":[],"class_list":["post-9036","post","type-post","status-publish","format-standard","has-post-thumbnail","hentry","category-android","category-sprzet","tag-evan","tag-rendery","tag-samsung","tag-samsung-galaxy-s8"],"jetpack_publicize_connections":[],"yoast_head":"<!-- This site is optimized with the Yoast SEO plugin v24.8.1 - https:\/\/yoast.com\/wordpress\/plugins\/seo\/ -->\n<title>Wersje kolorystyczne Samsung Galaxy S8 i S8+ - SpeedTest.pl Wiadomo\u015bci<\/title>\n<meta name=\"robots\" content=\"index, follow, max-snippet:-1, max-image-preview:large, max-video-preview:-1\" \/>\n<link rel=\"canonical\" href=\"https:\/\/www.speedtest.pl\/wiadomosci\/sprzet\/wersje-kolorystyczne-samsung-galaxy-s8-s8\/\" \/>\n<meta property=\"og:locale\" content=\"pl_PL\" \/>\n<meta property=\"og:type\" content=\"article\" \/>\n<meta property=\"og:title\" content=\"Wersje kolorystyczne Samsung Galaxy S8 i S8+ - SpeedTest.pl Wiadomo\u015bci\" \/>\n<meta property=\"og:description\" content=\"Premiera Samsung Galaxy S zawsze przyci\u0105ga wielu potencjalnych klient\u00f3w i nie tylko. Zainteresowani s\u0105 tak\u017ce fani nowinek technicznych. Dlatego jego pojawienie si\u0119 na rynku zawsze wzbudza tyle emocji. Prawda jest te\u017c taka, \u017ce jest przed ka\u017cd\u0105 premier\u0105 jakiej\u015b fajnej linii smartfon\u00f3w. Co wi\u0119cej, zawsze jest tak, \u017ce im bli\u017cej premiery, tym wi\u0119cej przeciek\u00f3w mamy. Nie [&hellip;]\" \/>\n<meta property=\"og:url\" content=\"https:\/\/www.speedtest.pl\/wiadomosci\/sprzet\/wersje-kolorystyczne-samsung-galaxy-s8-s8\/\" \/>\n<meta property=\"og:site_name\" content=\"SpeedTest.pl Wiadomo\u015bci\" \/>\n<meta property=\"article:publisher\" content=\"https:\/\/www.facebook.com\/speedtestpl\/\" \/>\n<meta property=\"article:published_time\" content=\"2017-03-21T08:50:18+00:00\" \/>\n<meta property=\"article:modified_time\" content=\"2017-03-21T08:51:30+00:00\" \/>\n<meta property=\"og:image\" content=\"https:\/\/www.speedtest.pl\/wiadomosci\/wp-content\/uploads\/2017\/03\/vwLI7YBJX2kJJaVIeVyK.jpeg\" \/>\n\t<meta property=\"og:image:width\" content=\"1240\" \/>\n\t<meta property=\"og:image:height\" content=\"694\" \/>\n\t<meta property=\"og:image:type\" content=\"image\/jpeg\" \/>\n<meta name=\"author\" content=\"PJ\" \/>\n<meta name=\"twitter:card\" content=\"summary_large_image\" \/>\n<meta name=\"twitter:creator\" content=\"@speedtestpl\" \/>\n<meta name=\"twitter:site\" content=\"@speedtestpl\" \/>\n<meta name=\"twitter:label1\" content=\"Napisane przez\" \/>\n\t<meta name=\"twitter:data1\" content=\"PJ\" \/>\n\t<meta name=\"twitter:label2\" content=\"Szacowany czas czytania\" \/>\n\t<meta name=\"twitter:data2\" content=\"2 minuty\" \/>\n<script type=\"application\/ld+json\" class=\"yoast-schema-graph\">{\"@context\":\"https:\/\/schema.org\",\"@graph\":[{\"@type\":\"WebPage\",\"@id\":\"https:\/\/www.speedtest.pl\/wiadomosci\/sprzet\/wersje-kolorystyczne-samsung-galaxy-s8-s8\/\",\"url\":\"https:\/\/www.speedtest.pl\/wiadomosci\/sprzet\/wersje-kolorystyczne-samsung-galaxy-s8-s8\/\",\"name\":\"Wersje kolorystyczne Samsung Galaxy S8 i S8+ - SpeedTest.pl Wiadomo\u015bci\",\"isPartOf\":{\"@id\":\"https:\/\/www.speedtest.pl\/wiadomosci\/#website\"},\"primaryImageOfPage\":{\"@id\":\"https:\/\/www.speedtest.pl\/wiadomosci\/sprzet\/wersje-kolorystyczne-samsung-galaxy-s8-s8\/#primaryimage\"},\"image\":{\"@id\":\"https:\/\/www.speedtest.pl\/wiadomosci\/sprzet\/wersje-kolorystyczne-samsung-galaxy-s8-s8\/#primaryimage\"},\"thumbnailUrl\":\"https:\/\/www.speedtest.pl\/wiadomosci\/wp-content\/uploads\/2017\/03\/vwLI7YBJX2kJJaVIeVyK.jpeg\",\"datePublished\":\"2017-03-21T08:50:18+00:00\",\"dateModified\":\"2017-03-21T08:51:30+00:00\",\"author\":{\"@id\":\"https:\/\/www.speedtest.pl\/wiadomosci\/#\/schema\/person\/1e51a1178096c8851f7d3ab0575726e4\"},\"breadcrumb\":{\"@id\":\"https:\/\/www.speedtest.pl\/wiadomosci\/sprzet\/wersje-kolorystyczne-samsung-galaxy-s8-s8\/#breadcrumb\"},\"inLanguage\":\"pl-PL\",\"potentialAction\":[{\"@type\":\"ReadAction\",\"target\":[\"https:\/\/www.speedtest.pl\/wiadomosci\/sprzet\/wersje-kolorystyczne-samsung-galaxy-s8-s8\/\"]}]},{\"@type\":\"ImageObject\",\"inLanguage\":\"pl-PL\",\"@id\":\"https:\/\/www.speedtest.pl\/wiadomosci\/sprzet\/wersje-kolorystyczne-samsung-galaxy-s8-s8\/#primaryimage\",\"url\":\"https:\/\/www.speedtest.pl\/wiadomosci\/wp-content\/uploads\/2017\/03\/vwLI7YBJX2kJJaVIeVyK.jpeg\",\"contentUrl\":\"https:\/\/www.speedtest.pl\/wiadomosci\/wp-content\/uploads\/2017\/03\/vwLI7YBJX2kJJaVIeVyK.jpeg\",\"width\":1240,\"height\":694,\"caption\":\"samsung, samsung galaxy s8, rendery, evan,\"},{\"@type\":\"BreadcrumbList\",\"@id\":\"https:\/\/www.speedtest.pl\/wiadomosci\/sprzet\/wersje-kolorystyczne-samsung-galaxy-s8-s8\/#breadcrumb\",\"itemListElement\":[{\"@type\":\"ListItem\",\"position\":1,\"name\":\"Strona g\u0142\u00f3wna\",\"item\":\"https:\/\/www.speedtest.pl\/wiadomosci\/\"},{\"@type\":\"ListItem\",\"position\":2,\"name\":\"Wersje kolorystyczne Samsung Galaxy S8 i S8+\"}]},{\"@type\":\"WebSite\",\"@id\":\"https:\/\/www.speedtest.pl\/wiadomosci\/#website\",\"url\":\"https:\/\/www.speedtest.pl\/wiadomosci\/\",\"name\":\"SpeedTest.pl Wiadomo\u015bci\",\"description\":\"Rankingi ISP, newsy i opinie ze \u015bwiata IT, recenzje sprz\u0119tu, gry, motoryzacja\",\"potentialAction\":[{\"@type\":\"SearchAction\",\"target\":{\"@type\":\"EntryPoint\",\"urlTemplate\":\"https:\/\/www.speedtest.pl\/wiadomosci\/?s={search_term_string}\"},\"query-input\":{\"@type\":\"PropertyValueSpecification\",\"valueRequired\":true,\"valueName\":\"search_term_string\"}}],\"inLanguage\":\"pl-PL\"},{\"@type\":\"Person\",\"@id\":\"https:\/\/www.speedtest.pl\/wiadomosci\/#\/schema\/person\/1e51a1178096c8851f7d3ab0575726e4\",\"name\":\"PJ\",\"image\":{\"@type\":\"ImageObject\",\"inLanguage\":\"pl-PL\",\"@id\":\"https:\/\/www.speedtest.pl\/wiadomosci\/#\/schema\/person\/image\/\",\"url\":\"https:\/\/www.speedtest.pl\/wiadomosci\/wp-content\/uploads\/2018\/01\/AAEAAQAAAAAAAAk2AAAAJDNhNWRlODdhLWY3MjYtNGFjNC04MzY1LTI1Zjc4NmI4YmE0OQ-150x150.jpg\",\"contentUrl\":\"https:\/\/www.speedtest.pl\/wiadomosci\/wp-content\/uploads\/2018\/01\/AAEAAQAAAAAAAAk2AAAAJDNhNWRlODdhLWY3MjYtNGFjNC04MzY1LTI1Zjc4NmI4YmE0OQ-150x150.jpg\",\"caption\":\"PJ\"},\"description\":\"Przemek jest m\u00f3zgiem operacyjnym SpeedTest.pl. Studiowa\u0142 na Politechnice Wroc\u0142awskiej elektronik\u0119 i telekomunikacj\u0119. Zarz\u0105dza projektami IT, relacjami z klientami oraz nadzoruje procesy rozwoju. Prywatnie zaanga\u017cowany w rodzin\u0119, wsparcie r\u00f3\u017cnych dzia\u0142alno\u015bci charytatywnych i projekty ekstremalne.\",\"url\":\"https:\/\/www.speedtest.pl\/wiadomosci\/author\/przemek\/\"}]}<\/script>\n<!-- \/ Yoast SEO plugin. -->","yoast_head_json":{"title":"Wersje kolorystyczne Samsung Galaxy S8 i S8+ - SpeedTest.pl Wiadomo\u015bci","robots":{"index":"index","follow":"follow","max-snippet":"max-snippet:-1","max-image-preview":"max-image-preview:large","max-video-preview":"max-video-preview:-1"},"canonical":"https:\/\/www.speedtest.pl\/wiadomosci\/sprzet\/wersje-kolorystyczne-samsung-galaxy-s8-s8\/","og_locale":"pl_PL","og_type":"article","og_title":"Wersje kolorystyczne Samsung Galaxy S8 i S8+ - SpeedTest.pl Wiadomo\u015bci","og_description":"Premiera Samsung Galaxy S zawsze przyci\u0105ga wielu potencjalnych klient\u00f3w i nie tylko. Zainteresowani s\u0105 tak\u017ce fani nowinek technicznych. Dlatego jego pojawienie si\u0119 na rynku zawsze wzbudza tyle emocji. Prawda jest te\u017c taka, \u017ce jest przed ka\u017cd\u0105 premier\u0105 jakiej\u015b fajnej linii smartfon\u00f3w. Co wi\u0119cej, zawsze jest tak, \u017ce im bli\u017cej premiery, tym wi\u0119cej przeciek\u00f3w mamy. Nie [&hellip;]","og_url":"https:\/\/www.speedtest.pl\/wiadomosci\/sprzet\/wersje-kolorystyczne-samsung-galaxy-s8-s8\/","og_site_name":"SpeedTest.pl Wiadomo\u015bci","article_publisher":"https:\/\/www.facebook.com\/speedtestpl\/","article_published_time":"2017-03-21T08:50:18+00:00","article_modified_time":"2017-03-21T08:51:30+00:00","og_image":[{"width":1240,"height":694,"url":"https:\/\/www.speedtest.pl\/wiadomosci\/wp-content\/uploads\/2017\/03\/vwLI7YBJX2kJJaVIeVyK.jpeg","type":"image\/jpeg"}],"author":"PJ","twitter_card":"summary_large_image","twitter_creator":"@speedtestpl","twitter_site":"@speedtestpl","twitter_misc":{"Napisane przez":"PJ","Szacowany czas czytania":"2 minuty"},"schema":{"@context":"https:\/\/schema.org","@graph":[{"@type":"WebPage","@id":"https:\/\/www.speedtest.pl\/wiadomosci\/sprzet\/wersje-kolorystyczne-samsung-galaxy-s8-s8\/","url":"https:\/\/www.speedtest.pl\/wiadomosci\/sprzet\/wersje-kolorystyczne-samsung-galaxy-s8-s8\/","name":"Wersje kolorystyczne Samsung Galaxy S8 i S8+ - SpeedTest.pl Wiadomo\u015bci","isPartOf":{"@id":"https:\/\/www.speedtest.pl\/wiadomosci\/#website"},"primaryImageOfPage":{"@id":"https:\/\/www.speedtest.pl\/wiadomosci\/sprzet\/wersje-kolorystyczne-samsung-galaxy-s8-s8\/#primaryimage"},"image":{"@id":"https:\/\/www.speedtest.pl\/wiadomosci\/sprzet\/wersje-kolorystyczne-samsung-galaxy-s8-s8\/#primaryimage"},"thumbnailUrl":"https:\/\/www.speedtest.pl\/wiadomosci\/wp-content\/uploads\/2017\/03\/vwLI7YBJX2kJJaVIeVyK.jpeg","datePublished":"2017-03-21T08:50:18+00:00","dateModified":"2017-03-21T08:51:30+00:00","author":{"@id":"https:\/\/www.speedtest.pl\/wiadomosci\/#\/schema\/person\/1e51a1178096c8851f7d3ab0575726e4"},"breadcrumb":{"@id":"https:\/\/www.speedtest.pl\/wiadomosci\/sprzet\/wersje-kolorystyczne-samsung-galaxy-s8-s8\/#breadcrumb"},"inLanguage":"pl-PL","potentialAction":[{"@type":"ReadAction","target":["https:\/\/www.speedtest.pl\/wiadomosci\/sprzet\/wersje-kolorystyczne-samsung-galaxy-s8-s8\/"]}]},{"@type":"ImageObject","inLanguage":"pl-PL","@id":"https:\/\/www.speedtest.pl\/wiadomosci\/sprzet\/wersje-kolorystyczne-samsung-galaxy-s8-s8\/#primaryimage","url":"https:\/\/www.speedtest.pl\/wiadomosci\/wp-content\/uploads\/2017\/03\/vwLI7YBJX2kJJaVIeVyK.jpeg","contentUrl":"https:\/\/www.speedtest.pl\/wiadomosci\/wp-content\/uploads\/2017\/03\/vwLI7YBJX2kJJaVIeVyK.jpeg","width":1240,"height":694,"caption":"samsung, samsung galaxy s8, rendery, evan,"},{"@type":"BreadcrumbList","@id":"https:\/\/www.speedtest.pl\/wiadomosci\/sprzet\/wersje-kolorystyczne-samsung-galaxy-s8-s8\/#breadcrumb","itemListElement":[{"@type":"ListItem","position":1,"name":"Strona g\u0142\u00f3wna","item":"https:\/\/www.speedtest.pl\/wiadomosci\/"},{"@type":"ListItem","position":2,"name":"Wersje kolorystyczne Samsung Galaxy S8 i S8+"}]},{"@type":"WebSite","@id":"https:\/\/www.speedtest.pl\/wiadomosci\/#website","url":"https:\/\/www.speedtest.pl\/wiadomosci\/","name":"SpeedTest.pl Wiadomo\u015bci","description":"Rankingi ISP, newsy i opinie ze \u015bwiata IT, recenzje sprz\u0119tu, gry, motoryzacja","potentialAction":[{"@type":"SearchAction","target":{"@type":"EntryPoint","urlTemplate":"https:\/\/www.speedtest.pl\/wiadomosci\/?s={search_term_string}"},"query-input":{"@type":"PropertyValueSpecification","valueRequired":true,"valueName":"search_term_string"}}],"inLanguage":"pl-PL"},{"@type":"Person","@id":"https:\/\/www.speedtest.pl\/wiadomosci\/#\/schema\/person\/1e51a1178096c8851f7d3ab0575726e4","name":"PJ","image":{"@type":"ImageObject","inLanguage":"pl-PL","@id":"https:\/\/www.speedtest.pl\/wiadomosci\/#\/schema\/person\/image\/","url":"https:\/\/www.speedtest.pl\/wiadomosci\/wp-content\/uploads\/2018\/01\/AAEAAQAAAAAAAAk2AAAAJDNhNWRlODdhLWY3MjYtNGFjNC04MzY1LTI1Zjc4NmI4YmE0OQ-150x150.jpg","contentUrl":"https:\/\/www.speedtest.pl\/wiadomosci\/wp-content\/uploads\/2018\/01\/AAEAAQAAAAAAAAk2AAAAJDNhNWRlODdhLWY3MjYtNGFjNC04MzY1LTI1Zjc4NmI4YmE0OQ-150x150.jpg","caption":"PJ"},"description":"Przemek jest m\u00f3zgiem operacyjnym SpeedTest.pl. Studiowa\u0142 na Politechnice Wroc\u0142awskiej elektronik\u0119 i telekomunikacj\u0119. Zarz\u0105dza projektami IT, relacjami z klientami oraz nadzoruje procesy rozwoju. Prywatnie zaanga\u017cowany w rodzin\u0119, wsparcie r\u00f3\u017cnych dzia\u0142alno\u015bci charytatywnych i projekty ekstremalne.","url":"https:\/\/www.speedtest.pl\/wiadomosci\/author\/przemek\/"}]}},"jetpack_featured_media_url":"https:\/\/www.speedtest.pl\/wiadomosci\/wp-content\/uploads\/2017\/03\/vwLI7YBJX2kJJaVIeVyK.jpeg","jetpack_sharing_enabled":true,"jetpack_shortlink":"https:\/\/wp.me\/p85ce0-2lK","_links":{"self":[{"href":"https:\/\/www.speedtest.pl\/wiadomosci\/wp-json\/wp\/v2\/posts\/9036","targetHints":{"allow":["GET"]}}],"collection":[{"href":"https:\/\/www.speedtest.pl\/wiadomosci\/wp-json\/wp\/v2\/posts"}],"about":[{"href":"https:\/\/www.speedtest.pl\/wiadomosci\/wp-json\/wp\/v2\/types\/post"}],"author":[{"embeddable":true,"href":"https:\/\/www.speedtest.pl\/wiadomosci\/wp-json\/wp\/v2\/users\/12"}],"replies":[{"embeddable":true,"href":"https:\/\/www.speedtest.pl\/wiadomosci\/wp-json\/wp\/v2\/comments?post=9036"}],"version-history":[{"count":2,"href":"https:\/\/www.speedtest.pl\/wiadomosci\/wp-json\/wp\/v2\/posts\/9036\/revisions"}],"predecessor-version":[{"id":9040,"href":"https:\/\/www.speedtest.pl\/wiadomosci\/wp-json\/wp\/v2\/posts\/9036\/revisions\/9040"}],"wp:featuredmedia":[{"embeddable":true,"href":"https:\/\/www.speedtest.pl\/wiadomosci\/wp-json\/wp\/v2\/media\/9039"}],"wp:attachment":[{"href":"https:\/\/www.speedtest.pl\/wiadomosci\/wp-json\/wp\/v2\/media?parent=9036"}],"wp:term":[{"taxonomy":"category","embeddable":true,"href":"https:\/\/www.speedtest.pl\/wiadomosci\/wp-json\/wp\/v2\/categories?post=9036"},{"taxonomy":"post_tag","embeddable":true,"href":"https:\/\/www.speedtest.pl\/wiadomosci\/wp-json\/wp\/v2\/tags?post=9036"},{"taxonomy":"table_tags","embeddable":true,"href":"https:\/\/www.speedtest.pl\/wiadomosci\/wp-json\/wp\/v2\/table_tags?post=9036"}],"curies":[{"name":"wp","href":"https:\/\/api.w.org\/{rel}","templated":true}]}}