{"id":842,"date":"2015-09-24T12:00:51","date_gmt":"2015-09-24T10:00:51","guid":{"rendered":"http:\/\/www.speedtest.pl\/wiadomosci\/?p=842"},"modified":"2016-12-15T01:41:29","modified_gmt":"2016-12-15T00:41:29","slug":"idzie-apokalipsa-nie-facebook-przestaje-dzialac","status":"publish","type":"post","link":"https:\/\/www.speedtest.pl\/wiadomosci\/news\/idzie-apokalipsa-nie-facebook-przestaje-dzialac\/","title":{"rendered":"Idzie apokalipsa? Nie! Facebook przestaje dzia\u0142a\u0107!"},"content":{"rendered":"<p style=\"text-align: justify;\"><em>Znam chyba tylko dwie osoby, kt\u00f3re nie maja konta na Facebook i nigdy go nie mia\u0142y. Wi\u0119kszo\u015b\u0107 os\u00f3b zaczyna sw\u00f3j dzie\u0144 od sprawdzenia wiadomo\u015bci na tym\u017ce portalu spo\u0142eczno\u015bciowym i staje si\u0119 to tak normalne, jak codzienna toaleta. Nic dziwnego, \u017ce to, co ostatnio dzieje si\u0119 z FB rodzi panik\u0119 w\u015br\u00f3d u\u017cytkownik\u00f3w.<\/em><\/p>\n<p style=\"text-align: justify;\">W pierwszej chwili, gdy moje<strong> FB<\/strong> nie bardzo mia\u0142o ochot\u0119 odpowiada\u0107 pomy\u015bla\u0142am, \u017ce to problem z moim <strong>ISP<\/strong>. W sumie by\u0142oby to nawet normalne. Nie pierwszy raz wy\u0142\u0105czyli by sie\u0107 bez informowania kogokolwiek o konserwacji. Jednak\u017ce inne portale dzia\u0142a\u0142y bez zarzut\u00f3w. Problemy te powtarzaj\u0105 si\u0119 od kilku dni. Albo nie mo\u017cna si\u0119 zalogowa\u0107, albo nie mo\u017cna wys\u0142a\u0107 wiadomo\u015bci, albo posty na wall&#8217;u si\u0119 nie wy\u015bwietlaj\u0105. Cz\u0119ste s\u0105 tak\u017ce komunikaty o b\u0142\u0119dach.<\/p>\n<p style=\"text-align: justify;\"><a href=\"https:\/\/www.speedtest.pl\/wiadomosci\/wp-content\/uploads\/2015\/09\/fb.jpg\"><img loading=\"lazy\" decoding=\"async\" class=\"aligncenter size-full wp-image-844\" src=\"https:\/\/www.speedtest.pl\/wiadomosci\/wp-content\/uploads\/2015\/09\/fb.jpg\" alt=\"fb\" width=\"1091\" height=\"840\" srcset=\"https:\/\/www.speedtest.pl\/wiadomosci\/wp-content\/uploads\/2015\/09\/fb.jpg 1091w, https:\/\/www.speedtest.pl\/wiadomosci\/wp-content\/uploads\/2015\/09\/fb-300x231.jpg 300w, https:\/\/www.speedtest.pl\/wiadomosci\/wp-content\/uploads\/2015\/09\/fb-1024x788.jpg 1024w, https:\/\/www.speedtest.pl\/wiadomosci\/wp-content\/uploads\/2015\/09\/fb-696x536.jpg 696w, https:\/\/www.speedtest.pl\/wiadomosci\/wp-content\/uploads\/2015\/09\/fb-1068x822.jpg 1068w, https:\/\/www.speedtest.pl\/wiadomosci\/wp-content\/uploads\/2015\/09\/fb-546x420.jpg 546w\" sizes=\"auto, (max-width: 1091px) 100vw, 1091px\" \/><\/a><\/p>\n<p style=\"text-align: justify;\">Ludzie od <strong>Facebooka<\/strong> podobno walcz\u0105 z problemami, jednak\u017ce jeszcze nie wydali \u017cadnego oficjalnego komunikatu dotycz\u0105cego problem\u00f3w, a szkoda, bo zapewne wiele os\u00f3b interesuje, dlaczego nie mog\u0105 wys\u0142a\u0107 swojego nowego &#8222;<em>selfi<\/em>&#8221; z wizyty w \u0142azience. Ach te czasy!<\/p>\n<p style=\"text-align: justify;\"><a href=\"https:\/\/www.speedtest.pl\/wiadomosci\/wp-content\/uploads\/2015\/09\/fb002.jpg\"><img loading=\"lazy\" decoding=\"async\" class=\"aligncenter size-full wp-image-845\" src=\"https:\/\/www.speedtest.pl\/wiadomosci\/wp-content\/uploads\/2015\/09\/fb002.jpg\" alt=\"fb002\" width=\"263\" height=\"158\" \/><\/a><\/p>\n","protected":false},"excerpt":{"rendered":"<p>Znam chyba tylko dwie osoby, kt\u00f3re nie maja konta na Facebook i nigdy go nie mia\u0142y. Wi\u0119kszo\u015b\u0107 os\u00f3b zaczyna sw\u00f3j dzie\u0144 od sprawdzenia wiadomo\u015bci na tym\u017ce portalu spo\u0142eczno\u015bciowym i staje si\u0119 to tak normalne, jak codzienna toaleta. Nic dziwnego, \u017ce to, co ostatnio dzieje si\u0119 z FB rodzi panik\u0119 w\u015br\u00f3d u\u017cytkownik\u00f3w. W pierwszej chwili, gdy [&hellip;]<\/p>\n","protected":false},"author":2,"featured_media":843,"comment_status":"open","ping_status":"open","sticky":false,"template":"","format":"standard","meta":{"jetpack_post_was_ever_published":false,"_jetpack_newsletter_access":"","_jetpack_dont_email_post_to_subs":true,"_jetpack_newsletter_tier_id":0,"_jetpack_memberships_contains_paywalled_content":false,"_jetpack_memberships_contains_paid_content":false,"footnotes":"","jetpack_publicize_message":"","jetpack_publicize_feature_enabled":true,"jetpack_social_post_already_shared":false,"jetpack_social_options":{"image_generator_settings":{"template":"highway","enabled":false},"version":2}},"categories":[6,253],"tags":[137,332,333],"table_tags":[],"class_list":["post-842","post","type-post","status-publish","format-standard","has-post-thumbnail","hentry","category-news","category-polecane","tag-facebook","tag-nie-dziala","tag-problem"],"jetpack_publicize_connections":[],"yoast_head":"<!-- This site is optimized with the Yoast SEO plugin v24.8.1 - https:\/\/yoast.com\/wordpress\/plugins\/seo\/ -->\n<title>Idzie apokalipsa? Nie! Facebook przestaje dzia\u0142a\u0107! - SpeedTest.pl Wiadomo\u015bci<\/title>\n<meta name=\"robots\" content=\"index, follow, max-snippet:-1, max-image-preview:large, max-video-preview:-1\" \/>\n<link rel=\"canonical\" href=\"https:\/\/www.speedtest.pl\/wiadomosci\/news\/idzie-apokalipsa-nie-facebook-przestaje-dzialac\/\" \/>\n<meta property=\"og:locale\" content=\"pl_PL\" \/>\n<meta property=\"og:type\" content=\"article\" \/>\n<meta property=\"og:title\" content=\"Idzie apokalipsa? Nie! Facebook przestaje dzia\u0142a\u0107! - SpeedTest.pl Wiadomo\u015bci\" \/>\n<meta property=\"og:description\" content=\"Znam chyba tylko dwie osoby, kt\u00f3re nie maja konta na Facebook i nigdy go nie mia\u0142y. Wi\u0119kszo\u015b\u0107 os\u00f3b zaczyna sw\u00f3j dzie\u0144 od sprawdzenia wiadomo\u015bci na tym\u017ce portalu spo\u0142eczno\u015bciowym i staje si\u0119 to tak normalne, jak codzienna toaleta. Nic dziwnego, \u017ce to, co ostatnio dzieje si\u0119 z FB rodzi panik\u0119 w\u015br\u00f3d u\u017cytkownik\u00f3w. W pierwszej chwili, gdy [&hellip;]\" \/>\n<meta property=\"og:url\" content=\"https:\/\/www.speedtest.pl\/wiadomosci\/news\/idzie-apokalipsa-nie-facebook-przestaje-dzialac\/\" \/>\n<meta property=\"og:site_name\" content=\"SpeedTest.pl Wiadomo\u015bci\" \/>\n<meta property=\"article:publisher\" content=\"https:\/\/www.facebook.com\/speedtestpl\/\" \/>\n<meta property=\"article:published_time\" content=\"2015-09-24T10:00:51+00:00\" \/>\n<meta property=\"article:modified_time\" content=\"2016-12-15T00:41:29+00:00\" \/>\n<meta property=\"og:image\" content=\"https:\/\/www.speedtest.pl\/wiadomosci\/wp-content\/uploads\/2015\/09\/facebook-lapka-w-dol-nie-lubie-chip_660x494.jpeg\" \/>\n\t<meta property=\"og:image:width\" content=\"660\" \/>\n\t<meta property=\"og:image:height\" content=\"494\" \/>\n\t<meta property=\"og:image:type\" content=\"image\/jpeg\" \/>\n<meta name=\"author\" content=\"ST\" \/>\n<meta name=\"twitter:card\" content=\"summary_large_image\" \/>\n<meta name=\"twitter:creator\" content=\"@speedtestpl\" \/>\n<meta name=\"twitter:site\" content=\"@speedtestpl\" \/>\n<meta name=\"twitter:label1\" content=\"Napisane przez\" \/>\n\t<meta name=\"twitter:data1\" content=\"ST\" \/>\n\t<meta name=\"twitter:label2\" content=\"Szacowany czas czytania\" \/>\n\t<meta name=\"twitter:data2\" content=\"1 minuta\" \/>\n<script type=\"application\/ld+json\" class=\"yoast-schema-graph\">{\"@context\":\"https:\/\/schema.org\",\"@graph\":[{\"@type\":\"WebPage\",\"@id\":\"https:\/\/www.speedtest.pl\/wiadomosci\/news\/idzie-apokalipsa-nie-facebook-przestaje-dzialac\/\",\"url\":\"https:\/\/www.speedtest.pl\/wiadomosci\/news\/idzie-apokalipsa-nie-facebook-przestaje-dzialac\/\",\"name\":\"Idzie apokalipsa? Nie! Facebook przestaje dzia\u0142a\u0107! - SpeedTest.pl Wiadomo\u015bci\",\"isPartOf\":{\"@id\":\"https:\/\/www.speedtest.pl\/wiadomosci\/#website\"},\"primaryImageOfPage\":{\"@id\":\"https:\/\/www.speedtest.pl\/wiadomosci\/news\/idzie-apokalipsa-nie-facebook-przestaje-dzialac\/#primaryimage\"},\"image\":{\"@id\":\"https:\/\/www.speedtest.pl\/wiadomosci\/news\/idzie-apokalipsa-nie-facebook-przestaje-dzialac\/#primaryimage\"},\"thumbnailUrl\":\"https:\/\/www.speedtest.pl\/wiadomosci\/wp-content\/uploads\/2015\/09\/facebook-lapka-w-dol-nie-lubie-chip_660x494.jpeg\",\"datePublished\":\"2015-09-24T10:00:51+00:00\",\"dateModified\":\"2016-12-15T00:41:29+00:00\",\"author\":{\"@id\":\"https:\/\/www.speedtest.pl\/wiadomosci\/#\/schema\/person\/077707329914ea755200f4702f9c2d5c\"},\"breadcrumb\":{\"@id\":\"https:\/\/www.speedtest.pl\/wiadomosci\/news\/idzie-apokalipsa-nie-facebook-przestaje-dzialac\/#breadcrumb\"},\"inLanguage\":\"pl-PL\",\"potentialAction\":[{\"@type\":\"ReadAction\",\"target\":[\"https:\/\/www.speedtest.pl\/wiadomosci\/news\/idzie-apokalipsa-nie-facebook-przestaje-dzialac\/\"]}]},{\"@type\":\"ImageObject\",\"inLanguage\":\"pl-PL\",\"@id\":\"https:\/\/www.speedtest.pl\/wiadomosci\/news\/idzie-apokalipsa-nie-facebook-przestaje-dzialac\/#primaryimage\",\"url\":\"https:\/\/www.speedtest.pl\/wiadomosci\/wp-content\/uploads\/2015\/09\/facebook-lapka-w-dol-nie-lubie-chip_660x494.jpeg\",\"contentUrl\":\"https:\/\/www.speedtest.pl\/wiadomosci\/wp-content\/uploads\/2015\/09\/facebook-lapka-w-dol-nie-lubie-chip_660x494.jpeg\",\"width\":660,\"height\":494},{\"@type\":\"BreadcrumbList\",\"@id\":\"https:\/\/www.speedtest.pl\/wiadomosci\/news\/idzie-apokalipsa-nie-facebook-przestaje-dzialac\/#breadcrumb\",\"itemListElement\":[{\"@type\":\"ListItem\",\"position\":1,\"name\":\"Strona g\u0142\u00f3wna\",\"item\":\"https:\/\/www.speedtest.pl\/wiadomosci\/\"},{\"@type\":\"ListItem\",\"position\":2,\"name\":\"Idzie apokalipsa? Nie! Facebook przestaje dzia\u0142a\u0107!\"}]},{\"@type\":\"WebSite\",\"@id\":\"https:\/\/www.speedtest.pl\/wiadomosci\/#website\",\"url\":\"https:\/\/www.speedtest.pl\/wiadomosci\/\",\"name\":\"SpeedTest.pl Wiadomo\u015bci\",\"description\":\"Rankingi ISP, newsy i opinie ze \u015bwiata IT, recenzje sprz\u0119tu, gry, motoryzacja\",\"potentialAction\":[{\"@type\":\"SearchAction\",\"target\":{\"@type\":\"EntryPoint\",\"urlTemplate\":\"https:\/\/www.speedtest.pl\/wiadomosci\/?s={search_term_string}\"},\"query-input\":{\"@type\":\"PropertyValueSpecification\",\"valueRequired\":true,\"valueName\":\"search_term_string\"}}],\"inLanguage\":\"pl-PL\"},{\"@type\":\"Person\",\"@id\":\"https:\/\/www.speedtest.pl\/wiadomosci\/#\/schema\/person\/077707329914ea755200f4702f9c2d5c\",\"name\":\"ST\",\"image\":{\"@type\":\"ImageObject\",\"inLanguage\":\"pl-PL\",\"@id\":\"https:\/\/www.speedtest.pl\/wiadomosci\/#\/schema\/person\/image\/\",\"url\":\"https:\/\/secure.gravatar.com\/avatar\/3270f185038992bff13a5721ae69c5f8?s=96&d=mm&r=g\",\"contentUrl\":\"https:\/\/secure.gravatar.com\/avatar\/3270f185038992bff13a5721ae69c5f8?s=96&d=mm&r=g\",\"caption\":\"ST\"},\"url\":\"https:\/\/www.speedtest.pl\/wiadomosci\/author\/speedtest\/\"}]}<\/script>\n<!-- \/ Yoast SEO plugin. -->","yoast_head_json":{"title":"Idzie apokalipsa? Nie! Facebook przestaje dzia\u0142a\u0107! - SpeedTest.pl Wiadomo\u015bci","robots":{"index":"index","follow":"follow","max-snippet":"max-snippet:-1","max-image-preview":"max-image-preview:large","max-video-preview":"max-video-preview:-1"},"canonical":"https:\/\/www.speedtest.pl\/wiadomosci\/news\/idzie-apokalipsa-nie-facebook-przestaje-dzialac\/","og_locale":"pl_PL","og_type":"article","og_title":"Idzie apokalipsa? Nie! Facebook przestaje dzia\u0142a\u0107! - SpeedTest.pl Wiadomo\u015bci","og_description":"Znam chyba tylko dwie osoby, kt\u00f3re nie maja konta na Facebook i nigdy go nie mia\u0142y. Wi\u0119kszo\u015b\u0107 os\u00f3b zaczyna sw\u00f3j dzie\u0144 od sprawdzenia wiadomo\u015bci na tym\u017ce portalu spo\u0142eczno\u015bciowym i staje si\u0119 to tak normalne, jak codzienna toaleta. Nic dziwnego, \u017ce to, co ostatnio dzieje si\u0119 z FB rodzi panik\u0119 w\u015br\u00f3d u\u017cytkownik\u00f3w. W pierwszej chwili, gdy [&hellip;]","og_url":"https:\/\/www.speedtest.pl\/wiadomosci\/news\/idzie-apokalipsa-nie-facebook-przestaje-dzialac\/","og_site_name":"SpeedTest.pl Wiadomo\u015bci","article_publisher":"https:\/\/www.facebook.com\/speedtestpl\/","article_published_time":"2015-09-24T10:00:51+00:00","article_modified_time":"2016-12-15T00:41:29+00:00","og_image":[{"width":660,"height":494,"url":"https:\/\/www.speedtest.pl\/wiadomosci\/wp-content\/uploads\/2015\/09\/facebook-lapka-w-dol-nie-lubie-chip_660x494.jpeg","type":"image\/jpeg"}],"author":"ST","twitter_card":"summary_large_image","twitter_creator":"@speedtestpl","twitter_site":"@speedtestpl","twitter_misc":{"Napisane przez":"ST","Szacowany czas czytania":"1 minuta"},"schema":{"@context":"https:\/\/schema.org","@graph":[{"@type":"WebPage","@id":"https:\/\/www.speedtest.pl\/wiadomosci\/news\/idzie-apokalipsa-nie-facebook-przestaje-dzialac\/","url":"https:\/\/www.speedtest.pl\/wiadomosci\/news\/idzie-apokalipsa-nie-facebook-przestaje-dzialac\/","name":"Idzie apokalipsa? Nie! Facebook przestaje dzia\u0142a\u0107! - SpeedTest.pl Wiadomo\u015bci","isPartOf":{"@id":"https:\/\/www.speedtest.pl\/wiadomosci\/#website"},"primaryImageOfPage":{"@id":"https:\/\/www.speedtest.pl\/wiadomosci\/news\/idzie-apokalipsa-nie-facebook-przestaje-dzialac\/#primaryimage"},"image":{"@id":"https:\/\/www.speedtest.pl\/wiadomosci\/news\/idzie-apokalipsa-nie-facebook-przestaje-dzialac\/#primaryimage"},"thumbnailUrl":"https:\/\/www.speedtest.pl\/wiadomosci\/wp-content\/uploads\/2015\/09\/facebook-lapka-w-dol-nie-lubie-chip_660x494.jpeg","datePublished":"2015-09-24T10:00:51+00:00","dateModified":"2016-12-15T00:41:29+00:00","author":{"@id":"https:\/\/www.speedtest.pl\/wiadomosci\/#\/schema\/person\/077707329914ea755200f4702f9c2d5c"},"breadcrumb":{"@id":"https:\/\/www.speedtest.pl\/wiadomosci\/news\/idzie-apokalipsa-nie-facebook-przestaje-dzialac\/#breadcrumb"},"inLanguage":"pl-PL","potentialAction":[{"@type":"ReadAction","target":["https:\/\/www.speedtest.pl\/wiadomosci\/news\/idzie-apokalipsa-nie-facebook-przestaje-dzialac\/"]}]},{"@type":"ImageObject","inLanguage":"pl-PL","@id":"https:\/\/www.speedtest.pl\/wiadomosci\/news\/idzie-apokalipsa-nie-facebook-przestaje-dzialac\/#primaryimage","url":"https:\/\/www.speedtest.pl\/wiadomosci\/wp-content\/uploads\/2015\/09\/facebook-lapka-w-dol-nie-lubie-chip_660x494.jpeg","contentUrl":"https:\/\/www.speedtest.pl\/wiadomosci\/wp-content\/uploads\/2015\/09\/facebook-lapka-w-dol-nie-lubie-chip_660x494.jpeg","width":660,"height":494},{"@type":"BreadcrumbList","@id":"https:\/\/www.speedtest.pl\/wiadomosci\/news\/idzie-apokalipsa-nie-facebook-przestaje-dzialac\/#breadcrumb","itemListElement":[{"@type":"ListItem","position":1,"name":"Strona g\u0142\u00f3wna","item":"https:\/\/www.speedtest.pl\/wiadomosci\/"},{"@type":"ListItem","position":2,"name":"Idzie apokalipsa? Nie! Facebook przestaje dzia\u0142a\u0107!"}]},{"@type":"WebSite","@id":"https:\/\/www.speedtest.pl\/wiadomosci\/#website","url":"https:\/\/www.speedtest.pl\/wiadomosci\/","name":"SpeedTest.pl Wiadomo\u015bci","description":"Rankingi ISP, newsy i opinie ze \u015bwiata IT, recenzje sprz\u0119tu, gry, motoryzacja","potentialAction":[{"@type":"SearchAction","target":{"@type":"EntryPoint","urlTemplate":"https:\/\/www.speedtest.pl\/wiadomosci\/?s={search_term_string}"},"query-input":{"@type":"PropertyValueSpecification","valueRequired":true,"valueName":"search_term_string"}}],"inLanguage":"pl-PL"},{"@type":"Person","@id":"https:\/\/www.speedtest.pl\/wiadomosci\/#\/schema\/person\/077707329914ea755200f4702f9c2d5c","name":"ST","image":{"@type":"ImageObject","inLanguage":"pl-PL","@id":"https:\/\/www.speedtest.pl\/wiadomosci\/#\/schema\/person\/image\/","url":"https:\/\/secure.gravatar.com\/avatar\/3270f185038992bff13a5721ae69c5f8?s=96&d=mm&r=g","contentUrl":"https:\/\/secure.gravatar.com\/avatar\/3270f185038992bff13a5721ae69c5f8?s=96&d=mm&r=g","caption":"ST"},"url":"https:\/\/www.speedtest.pl\/wiadomosci\/author\/speedtest\/"}]}},"jetpack_featured_media_url":"https:\/\/www.speedtest.pl\/wiadomosci\/wp-content\/uploads\/2015\/09\/facebook-lapka-w-dol-nie-lubie-chip_660x494.jpeg","jetpack_sharing_enabled":true,"jetpack_shortlink":"https:\/\/wp.me\/p85ce0-dA","_links":{"self":[{"href":"https:\/\/www.speedtest.pl\/wiadomosci\/wp-json\/wp\/v2\/posts\/842","targetHints":{"allow":["GET"]}}],"collection":[{"href":"https:\/\/www.speedtest.pl\/wiadomosci\/wp-json\/wp\/v2\/posts"}],"about":[{"href":"https:\/\/www.speedtest.pl\/wiadomosci\/wp-json\/wp\/v2\/types\/post"}],"author":[{"embeddable":true,"href":"https:\/\/www.speedtest.pl\/wiadomosci\/wp-json\/wp\/v2\/users\/2"}],"replies":[{"embeddable":true,"href":"https:\/\/www.speedtest.pl\/wiadomosci\/wp-json\/wp\/v2\/comments?post=842"}],"version-history":[{"count":1,"href":"https:\/\/www.speedtest.pl\/wiadomosci\/wp-json\/wp\/v2\/posts\/842\/revisions"}],"predecessor-version":[{"id":846,"href":"https:\/\/www.speedtest.pl\/wiadomosci\/wp-json\/wp\/v2\/posts\/842\/revisions\/846"}],"wp:featuredmedia":[{"embeddable":true,"href":"https:\/\/www.speedtest.pl\/wiadomosci\/wp-json\/wp\/v2\/media\/843"}],"wp:attachment":[{"href":"https:\/\/www.speedtest.pl\/wiadomosci\/wp-json\/wp\/v2\/media?parent=842"}],"wp:term":[{"taxonomy":"category","embeddable":true,"href":"https:\/\/www.speedtest.pl\/wiadomosci\/wp-json\/wp\/v2\/categories?post=842"},{"taxonomy":"post_tag","embeddable":true,"href":"https:\/\/www.speedtest.pl\/wiadomosci\/wp-json\/wp\/v2\/tags?post=842"},{"taxonomy":"table_tags","embeddable":true,"href":"https:\/\/www.speedtest.pl\/wiadomosci\/wp-json\/wp\/v2\/table_tags?post=842"}],"curies":[{"name":"wp","href":"https:\/\/api.w.org\/{rel}","templated":true}]}}