{"id":8320,"date":"2017-02-12T19:31:55","date_gmt":"2017-02-12T18:31:55","guid":{"rendered":"http:\/\/www.speedtest.pl\/wiadomosci\/?p=8320"},"modified":"2017-02-13T17:04:21","modified_gmt":"2017-02-13T16:04:21","slug":"amd-ryzen-niedlugo","status":"publish","type":"post","link":"https:\/\/www.speedtest.pl\/wiadomosci\/sprzet\/amd-ryzen-niedlugo\/","title":{"rendered":"AMD wraz z procesorami AMD Ryzen ponownie chce stawi\u0107 czo\u0142o Intelowi"},"content":{"rendered":"<p><em>Rynek komputer\u00f3w stacjonarnych zn\u00f3w b\u0119dzie m\u00f3g\u0142 dozna\u0107 post\u0119pu technologicznego. Wszystko za spraw\u0105 premiery nowej rodziny procesor\u00f3w AMD Ryzen. B\u0119d\u0105 one w stanie konkurowa\u0107 najwy\u017csz\u0105 p\u00f3\u0142k\u0105 Intela. Oczywi\u015bcie, jest jeden warunek \u2014 procesory nie b\u0119d\u0105 wspiera\u0107 systemu Windows 7.<\/em><\/p>\n<h2>Rodzina procesor\u00f3w AMD Ryzen pojawi si\u0119 ju\u017c na marzec<\/h2>\n<p>Z pocz\u0105tkiem marca, AMD Ryzen stanie now\u0105 rodzin\u0105 procesor\u00f3w zespo\u0142u \u201eczerwonych\u201d. Eksperci na jej temat wyra\u017caj\u0105 si\u0119 naprawd\u0119 pozytywnie i jak sami sugeruj\u0105, stworzone procesory b\u0119d\u0105 w stanie konkurowa\u0107 z Intelem. Od d\u0142u\u017cszego czasu AMD ponosi\u0142 pora\u017ck\u0119 przy walce o klienta z Intelem. Teraz ma si\u0119 to zmieni\u0107. Wszystko przez hegemoni\u0119 wydawanych procesor\u00f3w Intela, czyli niezapowiadaj\u0105ce nic spektakularnego przy kolejnych reprezentowanych procesorach w ci\u0105gu tych paru lat.<\/p>\n<h2>AMD Ryzen to nowy skok obliczeniowy<\/h2>\n<p>Producenci procesor\u00f3w AMD serii Ryzen zrobili tym razem kawa\u0142 dobrej roboty. Wykorzystali oni bowiem technologie AMD SenseMi. Pozwoli ona na nawet 40-procentowy wzrost przetwarzanych instrukcji. Zmodernizowano tak\u017ce sterowanie napi\u0119ciem, dzi\u0119ki czemu jest teraz ono bardzo skuteczne. Idealnie zobaczymy to przy dostosowywaniu napi\u0119cia zale\u017cnie od wykonywanego zadania. Ciekawym unowocze\u015bnieniem jest te\u017c zastosowanie sztucznej inteligencji w procesorze. Ten prze\u0142omowy pomys\u0142 pozwoli na zapami\u0119tywanie spos\u00f3b dzia\u0142ania pracy cz\u0119\u015bci aplikacji. W g\u0142\u00f3wnej mierze procesor nauczy si\u0119, jak ma sterowa\u0107 napi\u0119ciem przy s\u0142uchaniu muzyki, ogl\u0105daniu filmu, przegl\u0105dani internetu czy najwi\u0119kszym koniku wszystkich u\u017cytkownik\u00f3w \u2014 graniu.<\/p>\n<h2>Jedyny \u201eminus\u201d &#8211; brak wsparcia dla systemu Windows 7<\/h2>\n<p>Jedyne utrudnienie, z jakim b\u0119d\u0105 musieli upora\u0107 si\u0119 u\u017cytkownicy starych dobrych PC\u2019t\u00f3w jest upgrade swoich system\u00f3w \u2014 o ile ci posiadaj\u0105 stary ju\u017c system Windows 7. Jak informuje nas na stronie Microsoft, dobra \u201esi\u00f3demka\u201d straci pe\u0142ne wsparcie na pocz\u0105tku 2020 roku. Dla AMD jest to dobry krok \u2014 gdy\u017c doszed\u0142 do wniosku, \u017ce nie b\u0119dzie ogranicza\u0142 wydajno\u015bci swojego procesora dla i tak ju\u017c przestarza\u0142ego systemu. Alternatyw\u0105 w tym przypadku b\u0119dzie proste przepi\u0119cie si\u0119 na Windows 10, obs\u0142uguj\u0105cy pe\u0142ne wsparcie sterownik\u00f3w. Jest to te dobra sytuacja na samo przepi\u0119cie si\u0119 \u00a0na system kt\u00f3ry potrafi lepiej obs\u0142u\u017cy\u0107 (obni\u017cy\u0107 poprzez optymalizacj\u0119) wymagania gier.<\/p>\n<p>\u0179r\u00f3d\u0142o: <a href=\"http:\/\/www.forbes.com\/sites\/antonyleather\/2017\/02\/12\/amd-ryzen-biggest-leak-yet-amazing-benchmarks-and-prices-starting-at-just-129\/#7021ee2f4bb7\" rel=\"external nofollow\">Forbes.com<\/a><\/p>\n<p>[vlikebox]<\/p>\n","protected":false},"excerpt":{"rendered":"<p>Rynek komputer\u00f3w stacjonarnych zn\u00f3w b\u0119dzie m\u00f3g\u0142 dozna\u0107 post\u0119pu technologicznego. Wszystko za spraw\u0105 premiery nowej rodziny procesor\u00f3w AMD Ryzen. B\u0119d\u0105 one w stanie konkurowa\u0107 najwy\u017csz\u0105 p\u00f3\u0142k\u0105 Intela. Oczywi\u015bcie, jest jeden warunek \u2014 procesory nie b\u0119d\u0105 wspiera\u0107 systemu Windows 7. Rodzina procesor\u00f3w AMD Ryzen pojawi si\u0119 ju\u017c na marzec Z pocz\u0105tkiem marca, AMD Ryzen stanie now\u0105 rodzin\u0105 [&hellip;]<\/p>\n","protected":false},"author":12,"featured_media":8321,"comment_status":"open","ping_status":"open","sticky":false,"template":"","format":"standard","meta":{"jetpack_post_was_ever_published":false,"_jetpack_newsletter_access":"","_jetpack_dont_email_post_to_subs":true,"_jetpack_newsletter_tier_id":0,"_jetpack_memberships_contains_paywalled_content":false,"_jetpack_memberships_contains_paid_content":false,"footnotes":"","jetpack_publicize_message":"Czeka nas znowu komputerowy zawr\u00f3t g\u0142owy. AMD ponownie chce stawi\u0107 czo\u0142o Intelowi tworz\u0105c now\u0105 i siln\u0105 rodzin\u0119 procesor\u00f3w Ryzen.","jetpack_publicize_feature_enabled":true,"jetpack_social_post_already_shared":true,"jetpack_social_options":{"image_generator_settings":{"template":"highway","enabled":false},"version":2}},"categories":[37],"tags":[600,436,1973,1983],"table_tags":[],"class_list":["post-8320","post","type-post","status-publish","format-standard","has-post-thumbnail","hentry","category-sprzet","tag-amd","tag-premiera","tag-procesor","tag-ryzen"],"jetpack_publicize_connections":[],"yoast_head":"<!-- This site is optimized with the Yoast SEO plugin v24.8.1 - https:\/\/yoast.com\/wordpress\/plugins\/seo\/ -->\n<title>AMD wraz z procesorami AMD Ryzen ponownie chce stawi\u0107 czo\u0142o Intelowi - SpeedTest.pl Wiadomo\u015bci<\/title>\n<meta name=\"description\" content=\"Rynek komputer\u00f3w stacjonarnych zn\u00f3w b\u0119dzie m\u00f3g\u0142 dozna\u0107 post\u0119pu technologicznego. Wszystko za spraw\u0105 premiery nowej rodziny procesor\u00f3w ADM Ryzen.\" \/>\n<meta name=\"robots\" content=\"index, follow, max-snippet:-1, max-image-preview:large, max-video-preview:-1\" \/>\n<link rel=\"canonical\" href=\"https:\/\/www.speedtest.pl\/wiadomosci\/sprzet\/amd-ryzen-niedlugo\/\" \/>\n<meta property=\"og:locale\" content=\"pl_PL\" \/>\n<meta property=\"og:type\" content=\"article\" \/>\n<meta property=\"og:title\" content=\"AMD wraz z procesorami AMD Ryzen ponownie chce stawi\u0107 czo\u0142o Intelowi - SpeedTest.pl Wiadomo\u015bci\" \/>\n<meta property=\"og:description\" content=\"Rynek komputer\u00f3w stacjonarnych zn\u00f3w b\u0119dzie m\u00f3g\u0142 dozna\u0107 post\u0119pu technologicznego. Wszystko za spraw\u0105 premiery nowej rodziny procesor\u00f3w ADM Ryzen.\" \/>\n<meta property=\"og:url\" content=\"https:\/\/www.speedtest.pl\/wiadomosci\/sprzet\/amd-ryzen-niedlugo\/\" \/>\n<meta property=\"og:site_name\" content=\"SpeedTest.pl Wiadomo\u015bci\" \/>\n<meta property=\"article:publisher\" content=\"https:\/\/www.facebook.com\/speedtestpl\/\" \/>\n<meta property=\"article:published_time\" content=\"2017-02-12T18:31:55+00:00\" \/>\n<meta property=\"article:modified_time\" content=\"2017-02-13T16:04:21+00:00\" \/>\n<meta property=\"og:image\" content=\"https:\/\/www.speedtest.pl\/wiadomosci\/wp-content\/uploads\/2017\/02\/7enpnqb3nw4y-e1487001849537.jpg\" \/>\n\t<meta property=\"og:image:width\" content=\"1024\" \/>\n\t<meta property=\"og:image:height\" content=\"576\" \/>\n\t<meta property=\"og:image:type\" content=\"image\/jpeg\" \/>\n<meta name=\"author\" content=\"PJ\" \/>\n<meta name=\"twitter:card\" content=\"summary_large_image\" \/>\n<meta name=\"twitter:creator\" content=\"@speedtestpl\" \/>\n<meta name=\"twitter:site\" content=\"@speedtestpl\" \/>\n<meta name=\"twitter:label1\" content=\"Napisane przez\" \/>\n\t<meta name=\"twitter:data1\" content=\"PJ\" \/>\n\t<meta name=\"twitter:label2\" content=\"Szacowany czas czytania\" \/>\n\t<meta name=\"twitter:data2\" content=\"2 minuty\" \/>\n<script type=\"application\/ld+json\" class=\"yoast-schema-graph\">{\"@context\":\"https:\/\/schema.org\",\"@graph\":[{\"@type\":\"WebPage\",\"@id\":\"https:\/\/www.speedtest.pl\/wiadomosci\/sprzet\/amd-ryzen-niedlugo\/\",\"url\":\"https:\/\/www.speedtest.pl\/wiadomosci\/sprzet\/amd-ryzen-niedlugo\/\",\"name\":\"AMD wraz z procesorami AMD Ryzen ponownie chce stawi\u0107 czo\u0142o Intelowi - SpeedTest.pl Wiadomo\u015bci\",\"isPartOf\":{\"@id\":\"https:\/\/www.speedtest.pl\/wiadomosci\/#website\"},\"primaryImageOfPage\":{\"@id\":\"https:\/\/www.speedtest.pl\/wiadomosci\/sprzet\/amd-ryzen-niedlugo\/#primaryimage\"},\"image\":{\"@id\":\"https:\/\/www.speedtest.pl\/wiadomosci\/sprzet\/amd-ryzen-niedlugo\/#primaryimage\"},\"thumbnailUrl\":\"https:\/\/www.speedtest.pl\/wiadomosci\/wp-content\/uploads\/2017\/02\/7enpnqb3nw4y-e1487001849537.jpg\",\"datePublished\":\"2017-02-12T18:31:55+00:00\",\"dateModified\":\"2017-02-13T16:04:21+00:00\",\"author\":{\"@id\":\"https:\/\/www.speedtest.pl\/wiadomosci\/#\/schema\/person\/1e51a1178096c8851f7d3ab0575726e4\"},\"description\":\"Rynek komputer\u00f3w stacjonarnych zn\u00f3w b\u0119dzie m\u00f3g\u0142 dozna\u0107 post\u0119pu technologicznego. Wszystko za spraw\u0105 premiery nowej rodziny procesor\u00f3w ADM Ryzen.\",\"breadcrumb\":{\"@id\":\"https:\/\/www.speedtest.pl\/wiadomosci\/sprzet\/amd-ryzen-niedlugo\/#breadcrumb\"},\"inLanguage\":\"pl-PL\",\"potentialAction\":[{\"@type\":\"ReadAction\",\"target\":[\"https:\/\/www.speedtest.pl\/wiadomosci\/sprzet\/amd-ryzen-niedlugo\/\"]}]},{\"@type\":\"ImageObject\",\"inLanguage\":\"pl-PL\",\"@id\":\"https:\/\/www.speedtest.pl\/wiadomosci\/sprzet\/amd-ryzen-niedlugo\/#primaryimage\",\"url\":\"https:\/\/www.speedtest.pl\/wiadomosci\/wp-content\/uploads\/2017\/02\/7enpnqb3nw4y-e1487001849537.jpg\",\"contentUrl\":\"https:\/\/www.speedtest.pl\/wiadomosci\/wp-content\/uploads\/2017\/02\/7enpnqb3nw4y-e1487001849537.jpg\",\"width\":1024,\"height\":576,\"caption\":\"AMD Ryzen\"},{\"@type\":\"BreadcrumbList\",\"@id\":\"https:\/\/www.speedtest.pl\/wiadomosci\/sprzet\/amd-ryzen-niedlugo\/#breadcrumb\",\"itemListElement\":[{\"@type\":\"ListItem\",\"position\":1,\"name\":\"Strona g\u0142\u00f3wna\",\"item\":\"https:\/\/www.speedtest.pl\/wiadomosci\/\"},{\"@type\":\"ListItem\",\"position\":2,\"name\":\"AMD wraz z procesorami AMD Ryzen ponownie chce stawi\u0107 czo\u0142o Intelowi\"}]},{\"@type\":\"WebSite\",\"@id\":\"https:\/\/www.speedtest.pl\/wiadomosci\/#website\",\"url\":\"https:\/\/www.speedtest.pl\/wiadomosci\/\",\"name\":\"SpeedTest.pl Wiadomo\u015bci\",\"description\":\"Rankingi ISP, newsy i opinie ze \u015bwiata IT, recenzje sprz\u0119tu, gry, motoryzacja\",\"potentialAction\":[{\"@type\":\"SearchAction\",\"target\":{\"@type\":\"EntryPoint\",\"urlTemplate\":\"https:\/\/www.speedtest.pl\/wiadomosci\/?s={search_term_string}\"},\"query-input\":{\"@type\":\"PropertyValueSpecification\",\"valueRequired\":true,\"valueName\":\"search_term_string\"}}],\"inLanguage\":\"pl-PL\"},{\"@type\":\"Person\",\"@id\":\"https:\/\/www.speedtest.pl\/wiadomosci\/#\/schema\/person\/1e51a1178096c8851f7d3ab0575726e4\",\"name\":\"PJ\",\"image\":{\"@type\":\"ImageObject\",\"inLanguage\":\"pl-PL\",\"@id\":\"https:\/\/www.speedtest.pl\/wiadomosci\/#\/schema\/person\/image\/\",\"url\":\"https:\/\/www.speedtest.pl\/wiadomosci\/wp-content\/uploads\/2018\/01\/AAEAAQAAAAAAAAk2AAAAJDNhNWRlODdhLWY3MjYtNGFjNC04MzY1LTI1Zjc4NmI4YmE0OQ-150x150.jpg\",\"contentUrl\":\"https:\/\/www.speedtest.pl\/wiadomosci\/wp-content\/uploads\/2018\/01\/AAEAAQAAAAAAAAk2AAAAJDNhNWRlODdhLWY3MjYtNGFjNC04MzY1LTI1Zjc4NmI4YmE0OQ-150x150.jpg\",\"caption\":\"PJ\"},\"description\":\"Przemek jest m\u00f3zgiem operacyjnym SpeedTest.pl. Studiowa\u0142 na Politechnice Wroc\u0142awskiej elektronik\u0119 i telekomunikacj\u0119. Zarz\u0105dza projektami IT, relacjami z klientami oraz nadzoruje procesy rozwoju. Prywatnie zaanga\u017cowany w rodzin\u0119, wsparcie r\u00f3\u017cnych dzia\u0142alno\u015bci charytatywnych i projekty ekstremalne.\",\"url\":\"https:\/\/www.speedtest.pl\/wiadomosci\/author\/przemek\/\"}]}<\/script>\n<!-- \/ Yoast SEO plugin. -->","yoast_head_json":{"title":"AMD wraz z procesorami AMD Ryzen ponownie chce stawi\u0107 czo\u0142o Intelowi - SpeedTest.pl Wiadomo\u015bci","description":"Rynek komputer\u00f3w stacjonarnych zn\u00f3w b\u0119dzie m\u00f3g\u0142 dozna\u0107 post\u0119pu technologicznego. Wszystko za spraw\u0105 premiery nowej rodziny procesor\u00f3w ADM Ryzen.","robots":{"index":"index","follow":"follow","max-snippet":"max-snippet:-1","max-image-preview":"max-image-preview:large","max-video-preview":"max-video-preview:-1"},"canonical":"https:\/\/www.speedtest.pl\/wiadomosci\/sprzet\/amd-ryzen-niedlugo\/","og_locale":"pl_PL","og_type":"article","og_title":"AMD wraz z procesorami AMD Ryzen ponownie chce stawi\u0107 czo\u0142o Intelowi - SpeedTest.pl Wiadomo\u015bci","og_description":"Rynek komputer\u00f3w stacjonarnych zn\u00f3w b\u0119dzie m\u00f3g\u0142 dozna\u0107 post\u0119pu technologicznego. Wszystko za spraw\u0105 premiery nowej rodziny procesor\u00f3w ADM Ryzen.","og_url":"https:\/\/www.speedtest.pl\/wiadomosci\/sprzet\/amd-ryzen-niedlugo\/","og_site_name":"SpeedTest.pl Wiadomo\u015bci","article_publisher":"https:\/\/www.facebook.com\/speedtestpl\/","article_published_time":"2017-02-12T18:31:55+00:00","article_modified_time":"2017-02-13T16:04:21+00:00","og_image":[{"width":1024,"height":576,"url":"https:\/\/www.speedtest.pl\/wiadomosci\/wp-content\/uploads\/2017\/02\/7enpnqb3nw4y-e1487001849537.jpg","type":"image\/jpeg"}],"author":"PJ","twitter_card":"summary_large_image","twitter_creator":"@speedtestpl","twitter_site":"@speedtestpl","twitter_misc":{"Napisane przez":"PJ","Szacowany czas czytania":"2 minuty"},"schema":{"@context":"https:\/\/schema.org","@graph":[{"@type":"WebPage","@id":"https:\/\/www.speedtest.pl\/wiadomosci\/sprzet\/amd-ryzen-niedlugo\/","url":"https:\/\/www.speedtest.pl\/wiadomosci\/sprzet\/amd-ryzen-niedlugo\/","name":"AMD wraz z procesorami AMD Ryzen ponownie chce stawi\u0107 czo\u0142o Intelowi - SpeedTest.pl Wiadomo\u015bci","isPartOf":{"@id":"https:\/\/www.speedtest.pl\/wiadomosci\/#website"},"primaryImageOfPage":{"@id":"https:\/\/www.speedtest.pl\/wiadomosci\/sprzet\/amd-ryzen-niedlugo\/#primaryimage"},"image":{"@id":"https:\/\/www.speedtest.pl\/wiadomosci\/sprzet\/amd-ryzen-niedlugo\/#primaryimage"},"thumbnailUrl":"https:\/\/www.speedtest.pl\/wiadomosci\/wp-content\/uploads\/2017\/02\/7enpnqb3nw4y-e1487001849537.jpg","datePublished":"2017-02-12T18:31:55+00:00","dateModified":"2017-02-13T16:04:21+00:00","author":{"@id":"https:\/\/www.speedtest.pl\/wiadomosci\/#\/schema\/person\/1e51a1178096c8851f7d3ab0575726e4"},"description":"Rynek komputer\u00f3w stacjonarnych zn\u00f3w b\u0119dzie m\u00f3g\u0142 dozna\u0107 post\u0119pu technologicznego. Wszystko za spraw\u0105 premiery nowej rodziny procesor\u00f3w ADM Ryzen.","breadcrumb":{"@id":"https:\/\/www.speedtest.pl\/wiadomosci\/sprzet\/amd-ryzen-niedlugo\/#breadcrumb"},"inLanguage":"pl-PL","potentialAction":[{"@type":"ReadAction","target":["https:\/\/www.speedtest.pl\/wiadomosci\/sprzet\/amd-ryzen-niedlugo\/"]}]},{"@type":"ImageObject","inLanguage":"pl-PL","@id":"https:\/\/www.speedtest.pl\/wiadomosci\/sprzet\/amd-ryzen-niedlugo\/#primaryimage","url":"https:\/\/www.speedtest.pl\/wiadomosci\/wp-content\/uploads\/2017\/02\/7enpnqb3nw4y-e1487001849537.jpg","contentUrl":"https:\/\/www.speedtest.pl\/wiadomosci\/wp-content\/uploads\/2017\/02\/7enpnqb3nw4y-e1487001849537.jpg","width":1024,"height":576,"caption":"AMD Ryzen"},{"@type":"BreadcrumbList","@id":"https:\/\/www.speedtest.pl\/wiadomosci\/sprzet\/amd-ryzen-niedlugo\/#breadcrumb","itemListElement":[{"@type":"ListItem","position":1,"name":"Strona g\u0142\u00f3wna","item":"https:\/\/www.speedtest.pl\/wiadomosci\/"},{"@type":"ListItem","position":2,"name":"AMD wraz z procesorami AMD Ryzen ponownie chce stawi\u0107 czo\u0142o Intelowi"}]},{"@type":"WebSite","@id":"https:\/\/www.speedtest.pl\/wiadomosci\/#website","url":"https:\/\/www.speedtest.pl\/wiadomosci\/","name":"SpeedTest.pl Wiadomo\u015bci","description":"Rankingi ISP, newsy i opinie ze \u015bwiata IT, recenzje sprz\u0119tu, gry, motoryzacja","potentialAction":[{"@type":"SearchAction","target":{"@type":"EntryPoint","urlTemplate":"https:\/\/www.speedtest.pl\/wiadomosci\/?s={search_term_string}"},"query-input":{"@type":"PropertyValueSpecification","valueRequired":true,"valueName":"search_term_string"}}],"inLanguage":"pl-PL"},{"@type":"Person","@id":"https:\/\/www.speedtest.pl\/wiadomosci\/#\/schema\/person\/1e51a1178096c8851f7d3ab0575726e4","name":"PJ","image":{"@type":"ImageObject","inLanguage":"pl-PL","@id":"https:\/\/www.speedtest.pl\/wiadomosci\/#\/schema\/person\/image\/","url":"https:\/\/www.speedtest.pl\/wiadomosci\/wp-content\/uploads\/2018\/01\/AAEAAQAAAAAAAAk2AAAAJDNhNWRlODdhLWY3MjYtNGFjNC04MzY1LTI1Zjc4NmI4YmE0OQ-150x150.jpg","contentUrl":"https:\/\/www.speedtest.pl\/wiadomosci\/wp-content\/uploads\/2018\/01\/AAEAAQAAAAAAAAk2AAAAJDNhNWRlODdhLWY3MjYtNGFjNC04MzY1LTI1Zjc4NmI4YmE0OQ-150x150.jpg","caption":"PJ"},"description":"Przemek jest m\u00f3zgiem operacyjnym SpeedTest.pl. Studiowa\u0142 na Politechnice Wroc\u0142awskiej elektronik\u0119 i telekomunikacj\u0119. Zarz\u0105dza projektami IT, relacjami z klientami oraz nadzoruje procesy rozwoju. Prywatnie zaanga\u017cowany w rodzin\u0119, wsparcie r\u00f3\u017cnych dzia\u0142alno\u015bci charytatywnych i projekty ekstremalne.","url":"https:\/\/www.speedtest.pl\/wiadomosci\/author\/przemek\/"}]}},"jetpack_featured_media_url":"https:\/\/www.speedtest.pl\/wiadomosci\/wp-content\/uploads\/2017\/02\/7enpnqb3nw4y-e1487001849537.jpg","jetpack_sharing_enabled":true,"jetpack_shortlink":"https:\/\/wp.me\/p85ce0-2ac","_links":{"self":[{"href":"https:\/\/www.speedtest.pl\/wiadomosci\/wp-json\/wp\/v2\/posts\/8320","targetHints":{"allow":["GET"]}}],"collection":[{"href":"https:\/\/www.speedtest.pl\/wiadomosci\/wp-json\/wp\/v2\/posts"}],"about":[{"href":"https:\/\/www.speedtest.pl\/wiadomosci\/wp-json\/wp\/v2\/types\/post"}],"author":[{"embeddable":true,"href":"https:\/\/www.speedtest.pl\/wiadomosci\/wp-json\/wp\/v2\/users\/12"}],"replies":[{"embeddable":true,"href":"https:\/\/www.speedtest.pl\/wiadomosci\/wp-json\/wp\/v2\/comments?post=8320"}],"version-history":[{"count":3,"href":"https:\/\/www.speedtest.pl\/wiadomosci\/wp-json\/wp\/v2\/posts\/8320\/revisions"}],"predecessor-version":[{"id":8340,"href":"https:\/\/www.speedtest.pl\/wiadomosci\/wp-json\/wp\/v2\/posts\/8320\/revisions\/8340"}],"wp:featuredmedia":[{"embeddable":true,"href":"https:\/\/www.speedtest.pl\/wiadomosci\/wp-json\/wp\/v2\/media\/8321"}],"wp:attachment":[{"href":"https:\/\/www.speedtest.pl\/wiadomosci\/wp-json\/wp\/v2\/media?parent=8320"}],"wp:term":[{"taxonomy":"category","embeddable":true,"href":"https:\/\/www.speedtest.pl\/wiadomosci\/wp-json\/wp\/v2\/categories?post=8320"},{"taxonomy":"post_tag","embeddable":true,"href":"https:\/\/www.speedtest.pl\/wiadomosci\/wp-json\/wp\/v2\/tags?post=8320"},{"taxonomy":"table_tags","embeddable":true,"href":"https:\/\/www.speedtest.pl\/wiadomosci\/wp-json\/wp\/v2\/table_tags?post=8320"}],"curies":[{"name":"wp","href":"https:\/\/api.w.org\/{rel}","templated":true}]}}