{"id":7445,"date":"2016-12-18T21:03:57","date_gmt":"2016-12-18T20:03:57","guid":{"rendered":"http:\/\/www.speedtest.pl\/wiadomosci\/?p=7445"},"modified":"2017-07-09T13:19:17","modified_gmt":"2017-07-09T11:19:17","slug":"5g-ma-dzialac-w-europie-na-pasmie-700-mhz-juz-w-2020-roku","status":"publish","type":"post","link":"https:\/\/www.speedtest.pl\/wiadomosci\/internet-mobilny\/5g-ma-dzialac-w-europie-na-pasmie-700-mhz-juz-w-2020-roku\/","title":{"rendered":"Czy 5G b\u0119dzie dzia\u0142a\u0107 w Europie na pa\u015bmie 700 MHz ju\u017c w 2020 roku?"},"content":{"rendered":"<h4>Pasmo cz\u0119stotliwo\u015bci jest dobrem wsp\u00f3lnym o ograniczonych zasobach, dlatego te\u017c mamy organizacje, kt\u00f3re zajmuj\u0105 si\u0119 jego zagospodarowaniem.<\/h4>\n<p>Do zda\u0144 takich instytucji nale\u017cy mi\u0119dzy innymi planowanie, na kt\u00f3rych zakresach cz\u0119stotliwo\u015bci b\u0119d\u0105 pracowa\u0107 technologie jutra. Kilka dni temu Unia Europejska uzgodni\u0142a, \u017ce pasmo 700 MHz nie b\u0119dzie ju\u017c d\u0142u\u017cej u\u017cywane przez telewizj\u0119 naziemn\u0105 i zostanie ono przeznaczone na Internet mobilny. Pojawi\u0142y si\u0119 nawet g\u0142osy, \u017ce mia\u0142oby zosta\u0107 ono przeznaczone na system 5G.<\/p>\n<h2>Nie ma co si\u0119 oszukiwa\u0107, pasmo 700 MHz pozosta\u0142e po telewizji analogowej jest \u0142akomym k\u0105skiem dla operator\u00f3w telefonii kom\u00f3rkowej.<\/h2>\n<p>Pozwoli\u0142oby one na budowanie stacji bazowych, kt\u00f3re dostarcza\u0142yby Internet mobilny na bardzo du\u017cych obszarach. Zasada jest prosta, im mniejsza cz\u0119stotliwo\u015b\u0107 tym nadajnik ma wi\u0119kszy zasi\u0119g. Dlatego te\u017c wszystkich cieszy ostatnie porozumienie. 14 grudnia przedstawiciele s\u0142owackiej Prezydencji, Parlamentu Europejskiego oraz Komisji Europejskiej uzgodnili tekst decyzji harmonizuj\u0105cej przysz\u0142e wykorzystanie cz\u0119stotliwo\u015bci z pasma 700 MHz w Unii Europejskiej.<\/p>\n<h2>Po 30 czerwca 2020 roku pasmo 700 MHz b\u0119dzie przeznaczone dla Internetu mobilnego.<\/h2>\n<p>Na szcz\u0119\u015bcie nadawcy telewizji naziemnej dalej b\u0119d\u0105 mogli korzysta\u0107 z cz\u0119stotliwo\u015bci 470 &#8211; 694 MHz. Zatem spokojnie, nie b\u0119dziecie musieli kupowa\u0107 nowych anten. Unia Europejska uzna\u0142a (i s\u0142usznie), \u017ce nie potrzeba ju\u017c a\u017c tak szerokiego pasma przeznacza\u0107 na telewizj\u0119 naziemn\u0105. Telewizja cyfrowa du\u017co lepiej wykorzystuje dost\u0119pne cz\u0119stotliwo\u015bci ni\u017c telewizja analogowa. Dlatego te\u017c cz\u0119stotliwo\u015bci 694 &#8211; 790 MHz b\u0119d\u0105 przeznaczone dla us\u0142ug bezprzewodowej transmisji danych. W harmonogramie uwzgl\u0119dniono mo\u017cliwo\u015b\u0107 przesuni\u0119cia terminu o 2 lata, co jest bardzo korzystne dla Polski. Nasz regulator b\u0119dzie musia\u0142 w tej kwestii porozumie\u0107 si\u0119 z s\u0105siadami spoza Unii Europejskiej (Ukrain\u0105 oraz Rosj\u0105), \u017ce skoordynowa\u0107 u\u017cycie pasma 700 MHz w obszarach przygranicznych. Fale radiowe nie uznaj\u0105 granic terytorialnych, dlatego te\u017c rosyjskie oraz ukrai\u0144skie kana\u0142y telewizyjne mo\u017cna odbiera\u0107 na terenach przygranicznych.<\/p>\n<h2>M\u00f3wi si\u0119 o przeznaczeniu pasma 700 MHz dla system\u00f3w 5G.<\/h2>\n<p>Wiceprzewodnicz\u0105cy Komisji Europejskiej Andrus Ansip stwierdzi\u0142, \u017ce pasmo 700 MHz powinno by\u0107 u\u017cywane do us\u0142ug Internetowych o du\u017cych zasi\u0119gach oraz wysokich pr\u0119dko\u015bciach transmisji danych. Pozwoli to na rozpowszechnienie dost\u0119pu do Internetu w Europie, wliczaj\u0105c w to obszary wiejskie. Pan wiceprzewodnicz\u0105cy doda\u0142 jeszcze, \u017ce decyzja ta utoruje drog\u0119 rozwojowi systemom kom\u00f3rkowym nowej generacji, czyli 5G. Media jednak troch\u0119 nadinterpretowa\u0142y to stwierdzenie, poniewa\u017c pojawi\u0142y si\u0119 g\u0142osy, \u017ce 5G w Europie b\u0119dzie dzia\u0142a\u0107 w pa\u015bmie 700 MHz. Nic bardziej mylnego. Nowe systemy b\u0119d\u0105 oferowa\u0107 astronomiczne pr\u0119dko\u015bci (<a href=\"https:\/\/www.speedtest.pl\/wiadomosci\/predkosc\/t-mobile-ma-wizje-sieci-5g\/\">si\u0119gaj\u0105ce nawet\u00a012 Gbit\/s<\/a>), zatem b\u0119d\u0105 korzysta\u0142y z bardzo szerokich kana\u0142\u00f3w radiowych. Nieca\u0142e 100 MHz dost\u0119pne pomi\u0119dzy cz\u0119stotliwo\u015bciami od 697 MHz do 790 MHz to za ma\u0142o dla 5G. Dlatego te\u017c pierwsze urz\u0105dzenia nowej generacji b\u0119d\u0105 operowa\u0107 w pa\u015bmie 28 GHz. <a href=\"https:\/\/www.speedtest.pl\/wiadomosci\/internet-mobilny\/qualcomm-zapowiada-modem-snapdragon-x50-5g\/\">Qualcomm ju\u017c zapowiedzia\u0142 nowy modem<\/a> tego typu. Pasmo 700 MHz zostanie zapewne zagospodarowane przez sieci LTE oraz LTE-Advanced, kt\u00f3re w przysz\u0142o\u015bci b\u0119d\u0105 wsp\u00f3\u0142pracowa\u0107 z now\u0105 technologi\u0105 5G.<\/p>\n<p>\u0179r\u00f3d\u0142o: <a href=\"https:\/\/mc.gov.pl\/aktualnosci\/porozumienie-w-zakresie-przyszlego-wykorzystania-pasma-700-mhz-w-unii\" rel=\"external nofollow\">Ministerstwo Cyfryzacji<\/a>, <a href=\"http:\/\/biznes.pap.pl\/en\/news\/pap\/info\/1773848,uzgodniono-tekst-decyzji-harmonizujacej-przyszle-wykorzystanie-pasma-700-mhz-w-ue\" rel=\"external nofollow\">PAP<\/a>,\u00a0<a href=\"http:\/\/www.telecomtv.com\/articles\/5g\/european-commission-stakes-out-700-mhz-band-for-5g-13236\/\" rel=\"external nofollow\">Telecom TV<\/a><\/p>\n<p>[vlikebox]<\/p>\n","protected":false},"excerpt":{"rendered":"<p>Pasmo cz\u0119stotliwo\u015bci jest dobrem wsp\u00f3lnym o ograniczonych zasobach, dlatego te\u017c mamy organizacje, kt\u00f3re zajmuj\u0105 si\u0119 jego zagospodarowaniem. Do zda\u0144 takich instytucji nale\u017cy mi\u0119dzy innymi planowanie, na kt\u00f3rych zakresach cz\u0119stotliwo\u015bci b\u0119d\u0105 pracowa\u0107 technologie jutra. Kilka dni temu Unia Europejska uzgodni\u0142a, \u017ce pasmo 700 MHz nie b\u0119dzie ju\u017c d\u0142u\u017cej u\u017cywane przez telewizj\u0119 naziemn\u0105 i zostanie ono przeznaczone [&hellip;]<\/p>\n","protected":false},"author":12,"featured_media":7446,"comment_status":"open","ping_status":"open","sticky":false,"template":"","format":"standard","meta":{"jetpack_post_was_ever_published":false,"_jetpack_newsletter_access":"","_jetpack_dont_email_post_to_subs":true,"_jetpack_newsletter_tier_id":0,"_jetpack_memberships_contains_paywalled_content":false,"_jetpack_memberships_contains_paid_content":false,"footnotes":"","jetpack_publicize_message":"Po 30 czerwca 2020 roku pasmo 700 MHz b\u0119dzie przeznaczone dla Internetu mobilnego. M\u00f3wi si\u0119 o jego przeznaczeniu dla system\u00f3w #5G.","jetpack_publicize_feature_enabled":true,"jetpack_social_post_already_shared":true,"jetpack_social_options":{"image_generator_settings":{"template":"highway","enabled":false},"version":2}},"categories":[2344,57],"tags":[143,1862,1135],"table_tags":[],"class_list":["post-7445","post","type-post","status-publish","format-standard","has-post-thumbnail","hentry","category-5g","category-internet-mobilny","tag-5g","tag-700-mhz","tag-unia-europejska"],"jetpack_publicize_connections":[],"yoast_head":"<!-- This site is optimized with the Yoast SEO plugin v24.8.1 - https:\/\/yoast.com\/wordpress\/plugins\/seo\/ -->\n<title>Czy 5G b\u0119dzie dzia\u0142a\u0107 w Europie na pa\u015bmie 700 MHz ju\u017c w 2020 roku? - SpeedTest.pl Wiadomo\u015bci<\/title>\n<meta name=\"description\" content=\"Po 30 czerwca 2020 roku pasmo 700 MHz b\u0119dzie przeznaczone dla Internetu mobilnego. M\u00f3wi si\u0119 o jego przeznaczeniu dla system\u00f3w 5G.\" \/>\n<meta name=\"robots\" content=\"index, follow, max-snippet:-1, max-image-preview:large, max-video-preview:-1\" \/>\n<link rel=\"canonical\" href=\"https:\/\/www.speedtest.pl\/wiadomosci\/internet-mobilny\/5g-ma-dzialac-w-europie-na-pasmie-700-mhz-juz-w-2020-roku\/\" \/>\n<meta property=\"og:locale\" content=\"pl_PL\" \/>\n<meta property=\"og:type\" content=\"article\" \/>\n<meta property=\"og:title\" content=\"Czy 5G b\u0119dzie dzia\u0142a\u0107 w Europie na pa\u015bmie 700 MHz ju\u017c w 2020 roku? - SpeedTest.pl Wiadomo\u015bci\" \/>\n<meta property=\"og:description\" content=\"Po 30 czerwca 2020 roku pasmo 700 MHz b\u0119dzie przeznaczone dla Internetu mobilnego. M\u00f3wi si\u0119 o jego przeznaczeniu dla system\u00f3w 5G.\" \/>\n<meta property=\"og:url\" content=\"https:\/\/www.speedtest.pl\/wiadomosci\/internet-mobilny\/5g-ma-dzialac-w-europie-na-pasmie-700-mhz-juz-w-2020-roku\/\" \/>\n<meta property=\"og:site_name\" content=\"SpeedTest.pl Wiadomo\u015bci\" \/>\n<meta property=\"article:publisher\" content=\"https:\/\/www.facebook.com\/speedtestpl\/\" \/>\n<meta property=\"article:published_time\" content=\"2016-12-18T20:03:57+00:00\" \/>\n<meta property=\"article:modified_time\" content=\"2017-07-09T11:19:17+00:00\" \/>\n<meta property=\"og:image\" content=\"https:\/\/www.speedtest.pl\/wiadomosci\/wp-content\/uploads\/2016\/12\/Fotolia_117152012_Subscription_Monthly_M-e1482084355103.jpg\" \/>\n\t<meta property=\"og:image:width\" content=\"1024\" \/>\n\t<meta property=\"og:image:height\" content=\"682\" \/>\n\t<meta property=\"og:image:type\" content=\"image\/jpeg\" \/>\n<meta name=\"author\" content=\"PJ\" \/>\n<meta name=\"twitter:card\" content=\"summary_large_image\" \/>\n<meta name=\"twitter:creator\" content=\"@speedtestpl\" \/>\n<meta name=\"twitter:site\" content=\"@speedtestpl\" \/>\n<meta name=\"twitter:label1\" content=\"Napisane przez\" \/>\n\t<meta name=\"twitter:data1\" content=\"PJ\" \/>\n\t<meta name=\"twitter:label2\" content=\"Szacowany czas czytania\" \/>\n\t<meta name=\"twitter:data2\" content=\"3 minuty\" \/>\n<script type=\"application\/ld+json\" class=\"yoast-schema-graph\">{\"@context\":\"https:\/\/schema.org\",\"@graph\":[{\"@type\":\"WebPage\",\"@id\":\"https:\/\/www.speedtest.pl\/wiadomosci\/internet-mobilny\/5g-ma-dzialac-w-europie-na-pasmie-700-mhz-juz-w-2020-roku\/\",\"url\":\"https:\/\/www.speedtest.pl\/wiadomosci\/internet-mobilny\/5g-ma-dzialac-w-europie-na-pasmie-700-mhz-juz-w-2020-roku\/\",\"name\":\"Czy 5G b\u0119dzie dzia\u0142a\u0107 w Europie na pa\u015bmie 700 MHz ju\u017c w 2020 roku? - SpeedTest.pl Wiadomo\u015bci\",\"isPartOf\":{\"@id\":\"https:\/\/www.speedtest.pl\/wiadomosci\/#website\"},\"primaryImageOfPage\":{\"@id\":\"https:\/\/www.speedtest.pl\/wiadomosci\/internet-mobilny\/5g-ma-dzialac-w-europie-na-pasmie-700-mhz-juz-w-2020-roku\/#primaryimage\"},\"image\":{\"@id\":\"https:\/\/www.speedtest.pl\/wiadomosci\/internet-mobilny\/5g-ma-dzialac-w-europie-na-pasmie-700-mhz-juz-w-2020-roku\/#primaryimage\"},\"thumbnailUrl\":\"https:\/\/www.speedtest.pl\/wiadomosci\/wp-content\/uploads\/2016\/12\/Fotolia_117152012_Subscription_Monthly_M-e1482084355103.jpg\",\"datePublished\":\"2016-12-18T20:03:57+00:00\",\"dateModified\":\"2017-07-09T11:19:17+00:00\",\"author\":{\"@id\":\"https:\/\/www.speedtest.pl\/wiadomosci\/#\/schema\/person\/1e51a1178096c8851f7d3ab0575726e4\"},\"description\":\"Po 30 czerwca 2020 roku pasmo 700 MHz b\u0119dzie przeznaczone dla Internetu mobilnego. M\u00f3wi si\u0119 o jego przeznaczeniu dla system\u00f3w 5G.\",\"breadcrumb\":{\"@id\":\"https:\/\/www.speedtest.pl\/wiadomosci\/internet-mobilny\/5g-ma-dzialac-w-europie-na-pasmie-700-mhz-juz-w-2020-roku\/#breadcrumb\"},\"inLanguage\":\"pl-PL\",\"potentialAction\":[{\"@type\":\"ReadAction\",\"target\":[\"https:\/\/www.speedtest.pl\/wiadomosci\/internet-mobilny\/5g-ma-dzialac-w-europie-na-pasmie-700-mhz-juz-w-2020-roku\/\"]}]},{\"@type\":\"ImageObject\",\"inLanguage\":\"pl-PL\",\"@id\":\"https:\/\/www.speedtest.pl\/wiadomosci\/internet-mobilny\/5g-ma-dzialac-w-europie-na-pasmie-700-mhz-juz-w-2020-roku\/#primaryimage\",\"url\":\"https:\/\/www.speedtest.pl\/wiadomosci\/wp-content\/uploads\/2016\/12\/Fotolia_117152012_Subscription_Monthly_M-e1482084355103.jpg\",\"contentUrl\":\"https:\/\/www.speedtest.pl\/wiadomosci\/wp-content\/uploads\/2016\/12\/Fotolia_117152012_Subscription_Monthly_M-e1482084355103.jpg\",\"width\":1024,\"height\":682,\"caption\":\"5G Internet\"},{\"@type\":\"BreadcrumbList\",\"@id\":\"https:\/\/www.speedtest.pl\/wiadomosci\/internet-mobilny\/5g-ma-dzialac-w-europie-na-pasmie-700-mhz-juz-w-2020-roku\/#breadcrumb\",\"itemListElement\":[{\"@type\":\"ListItem\",\"position\":1,\"name\":\"Strona g\u0142\u00f3wna\",\"item\":\"https:\/\/www.speedtest.pl\/wiadomosci\/\"},{\"@type\":\"ListItem\",\"position\":2,\"name\":\"Czy 5G b\u0119dzie dzia\u0142a\u0107 w Europie na pa\u015bmie 700 MHz ju\u017c w 2020 roku?\"}]},{\"@type\":\"WebSite\",\"@id\":\"https:\/\/www.speedtest.pl\/wiadomosci\/#website\",\"url\":\"https:\/\/www.speedtest.pl\/wiadomosci\/\",\"name\":\"SpeedTest.pl Wiadomo\u015bci\",\"description\":\"Rankingi ISP, newsy i opinie ze \u015bwiata IT, recenzje sprz\u0119tu, gry, motoryzacja\",\"potentialAction\":[{\"@type\":\"SearchAction\",\"target\":{\"@type\":\"EntryPoint\",\"urlTemplate\":\"https:\/\/www.speedtest.pl\/wiadomosci\/?s={search_term_string}\"},\"query-input\":{\"@type\":\"PropertyValueSpecification\",\"valueRequired\":true,\"valueName\":\"search_term_string\"}}],\"inLanguage\":\"pl-PL\"},{\"@type\":\"Person\",\"@id\":\"https:\/\/www.speedtest.pl\/wiadomosci\/#\/schema\/person\/1e51a1178096c8851f7d3ab0575726e4\",\"name\":\"PJ\",\"image\":{\"@type\":\"ImageObject\",\"inLanguage\":\"pl-PL\",\"@id\":\"https:\/\/www.speedtest.pl\/wiadomosci\/#\/schema\/person\/image\/\",\"url\":\"https:\/\/www.speedtest.pl\/wiadomosci\/wp-content\/uploads\/2018\/01\/AAEAAQAAAAAAAAk2AAAAJDNhNWRlODdhLWY3MjYtNGFjNC04MzY1LTI1Zjc4NmI4YmE0OQ-150x150.jpg\",\"contentUrl\":\"https:\/\/www.speedtest.pl\/wiadomosci\/wp-content\/uploads\/2018\/01\/AAEAAQAAAAAAAAk2AAAAJDNhNWRlODdhLWY3MjYtNGFjNC04MzY1LTI1Zjc4NmI4YmE0OQ-150x150.jpg\",\"caption\":\"PJ\"},\"description\":\"Przemek jest m\u00f3zgiem operacyjnym SpeedTest.pl. Studiowa\u0142 na Politechnice Wroc\u0142awskiej elektronik\u0119 i telekomunikacj\u0119. Zarz\u0105dza projektami IT, relacjami z klientami oraz nadzoruje procesy rozwoju. Prywatnie zaanga\u017cowany w rodzin\u0119, wsparcie r\u00f3\u017cnych dzia\u0142alno\u015bci charytatywnych i projekty ekstremalne.\",\"url\":\"https:\/\/www.speedtest.pl\/wiadomosci\/author\/przemek\/\"}]}<\/script>\n<!-- \/ Yoast SEO plugin. -->","yoast_head_json":{"title":"Czy 5G b\u0119dzie dzia\u0142a\u0107 w Europie na pa\u015bmie 700 MHz ju\u017c w 2020 roku? - SpeedTest.pl Wiadomo\u015bci","description":"Po 30 czerwca 2020 roku pasmo 700 MHz b\u0119dzie przeznaczone dla Internetu mobilnego. M\u00f3wi si\u0119 o jego przeznaczeniu dla system\u00f3w 5G.","robots":{"index":"index","follow":"follow","max-snippet":"max-snippet:-1","max-image-preview":"max-image-preview:large","max-video-preview":"max-video-preview:-1"},"canonical":"https:\/\/www.speedtest.pl\/wiadomosci\/internet-mobilny\/5g-ma-dzialac-w-europie-na-pasmie-700-mhz-juz-w-2020-roku\/","og_locale":"pl_PL","og_type":"article","og_title":"Czy 5G b\u0119dzie dzia\u0142a\u0107 w Europie na pa\u015bmie 700 MHz ju\u017c w 2020 roku? - SpeedTest.pl Wiadomo\u015bci","og_description":"Po 30 czerwca 2020 roku pasmo 700 MHz b\u0119dzie przeznaczone dla Internetu mobilnego. M\u00f3wi si\u0119 o jego przeznaczeniu dla system\u00f3w 5G.","og_url":"https:\/\/www.speedtest.pl\/wiadomosci\/internet-mobilny\/5g-ma-dzialac-w-europie-na-pasmie-700-mhz-juz-w-2020-roku\/","og_site_name":"SpeedTest.pl Wiadomo\u015bci","article_publisher":"https:\/\/www.facebook.com\/speedtestpl\/","article_published_time":"2016-12-18T20:03:57+00:00","article_modified_time":"2017-07-09T11:19:17+00:00","og_image":[{"width":1024,"height":682,"url":"https:\/\/www.speedtest.pl\/wiadomosci\/wp-content\/uploads\/2016\/12\/Fotolia_117152012_Subscription_Monthly_M-e1482084355103.jpg","type":"image\/jpeg"}],"author":"PJ","twitter_card":"summary_large_image","twitter_creator":"@speedtestpl","twitter_site":"@speedtestpl","twitter_misc":{"Napisane przez":"PJ","Szacowany czas czytania":"3 minuty"},"schema":{"@context":"https:\/\/schema.org","@graph":[{"@type":"WebPage","@id":"https:\/\/www.speedtest.pl\/wiadomosci\/internet-mobilny\/5g-ma-dzialac-w-europie-na-pasmie-700-mhz-juz-w-2020-roku\/","url":"https:\/\/www.speedtest.pl\/wiadomosci\/internet-mobilny\/5g-ma-dzialac-w-europie-na-pasmie-700-mhz-juz-w-2020-roku\/","name":"Czy 5G b\u0119dzie dzia\u0142a\u0107 w Europie na pa\u015bmie 700 MHz ju\u017c w 2020 roku? - SpeedTest.pl Wiadomo\u015bci","isPartOf":{"@id":"https:\/\/www.speedtest.pl\/wiadomosci\/#website"},"primaryImageOfPage":{"@id":"https:\/\/www.speedtest.pl\/wiadomosci\/internet-mobilny\/5g-ma-dzialac-w-europie-na-pasmie-700-mhz-juz-w-2020-roku\/#primaryimage"},"image":{"@id":"https:\/\/www.speedtest.pl\/wiadomosci\/internet-mobilny\/5g-ma-dzialac-w-europie-na-pasmie-700-mhz-juz-w-2020-roku\/#primaryimage"},"thumbnailUrl":"https:\/\/www.speedtest.pl\/wiadomosci\/wp-content\/uploads\/2016\/12\/Fotolia_117152012_Subscription_Monthly_M-e1482084355103.jpg","datePublished":"2016-12-18T20:03:57+00:00","dateModified":"2017-07-09T11:19:17+00:00","author":{"@id":"https:\/\/www.speedtest.pl\/wiadomosci\/#\/schema\/person\/1e51a1178096c8851f7d3ab0575726e4"},"description":"Po 30 czerwca 2020 roku pasmo 700 MHz b\u0119dzie przeznaczone dla Internetu mobilnego. M\u00f3wi si\u0119 o jego przeznaczeniu dla system\u00f3w 5G.","breadcrumb":{"@id":"https:\/\/www.speedtest.pl\/wiadomosci\/internet-mobilny\/5g-ma-dzialac-w-europie-na-pasmie-700-mhz-juz-w-2020-roku\/#breadcrumb"},"inLanguage":"pl-PL","potentialAction":[{"@type":"ReadAction","target":["https:\/\/www.speedtest.pl\/wiadomosci\/internet-mobilny\/5g-ma-dzialac-w-europie-na-pasmie-700-mhz-juz-w-2020-roku\/"]}]},{"@type":"ImageObject","inLanguage":"pl-PL","@id":"https:\/\/www.speedtest.pl\/wiadomosci\/internet-mobilny\/5g-ma-dzialac-w-europie-na-pasmie-700-mhz-juz-w-2020-roku\/#primaryimage","url":"https:\/\/www.speedtest.pl\/wiadomosci\/wp-content\/uploads\/2016\/12\/Fotolia_117152012_Subscription_Monthly_M-e1482084355103.jpg","contentUrl":"https:\/\/www.speedtest.pl\/wiadomosci\/wp-content\/uploads\/2016\/12\/Fotolia_117152012_Subscription_Monthly_M-e1482084355103.jpg","width":1024,"height":682,"caption":"5G Internet"},{"@type":"BreadcrumbList","@id":"https:\/\/www.speedtest.pl\/wiadomosci\/internet-mobilny\/5g-ma-dzialac-w-europie-na-pasmie-700-mhz-juz-w-2020-roku\/#breadcrumb","itemListElement":[{"@type":"ListItem","position":1,"name":"Strona g\u0142\u00f3wna","item":"https:\/\/www.speedtest.pl\/wiadomosci\/"},{"@type":"ListItem","position":2,"name":"Czy 5G b\u0119dzie dzia\u0142a\u0107 w Europie na pa\u015bmie 700 MHz ju\u017c w 2020 roku?"}]},{"@type":"WebSite","@id":"https:\/\/www.speedtest.pl\/wiadomosci\/#website","url":"https:\/\/www.speedtest.pl\/wiadomosci\/","name":"SpeedTest.pl Wiadomo\u015bci","description":"Rankingi ISP, newsy i opinie ze \u015bwiata IT, recenzje sprz\u0119tu, gry, motoryzacja","potentialAction":[{"@type":"SearchAction","target":{"@type":"EntryPoint","urlTemplate":"https:\/\/www.speedtest.pl\/wiadomosci\/?s={search_term_string}"},"query-input":{"@type":"PropertyValueSpecification","valueRequired":true,"valueName":"search_term_string"}}],"inLanguage":"pl-PL"},{"@type":"Person","@id":"https:\/\/www.speedtest.pl\/wiadomosci\/#\/schema\/person\/1e51a1178096c8851f7d3ab0575726e4","name":"PJ","image":{"@type":"ImageObject","inLanguage":"pl-PL","@id":"https:\/\/www.speedtest.pl\/wiadomosci\/#\/schema\/person\/image\/","url":"https:\/\/www.speedtest.pl\/wiadomosci\/wp-content\/uploads\/2018\/01\/AAEAAQAAAAAAAAk2AAAAJDNhNWRlODdhLWY3MjYtNGFjNC04MzY1LTI1Zjc4NmI4YmE0OQ-150x150.jpg","contentUrl":"https:\/\/www.speedtest.pl\/wiadomosci\/wp-content\/uploads\/2018\/01\/AAEAAQAAAAAAAAk2AAAAJDNhNWRlODdhLWY3MjYtNGFjNC04MzY1LTI1Zjc4NmI4YmE0OQ-150x150.jpg","caption":"PJ"},"description":"Przemek jest m\u00f3zgiem operacyjnym SpeedTest.pl. Studiowa\u0142 na Politechnice Wroc\u0142awskiej elektronik\u0119 i telekomunikacj\u0119. Zarz\u0105dza projektami IT, relacjami z klientami oraz nadzoruje procesy rozwoju. Prywatnie zaanga\u017cowany w rodzin\u0119, wsparcie r\u00f3\u017cnych dzia\u0142alno\u015bci charytatywnych i projekty ekstremalne.","url":"https:\/\/www.speedtest.pl\/wiadomosci\/author\/przemek\/"}]}},"jetpack_featured_media_url":"https:\/\/www.speedtest.pl\/wiadomosci\/wp-content\/uploads\/2016\/12\/Fotolia_117152012_Subscription_Monthly_M-e1482084355103.jpg","jetpack_sharing_enabled":true,"jetpack_shortlink":"https:\/\/wp.me\/p85ce0-1W5","_links":{"self":[{"href":"https:\/\/www.speedtest.pl\/wiadomosci\/wp-json\/wp\/v2\/posts\/7445","targetHints":{"allow":["GET"]}}],"collection":[{"href":"https:\/\/www.speedtest.pl\/wiadomosci\/wp-json\/wp\/v2\/posts"}],"about":[{"href":"https:\/\/www.speedtest.pl\/wiadomosci\/wp-json\/wp\/v2\/types\/post"}],"author":[{"embeddable":true,"href":"https:\/\/www.speedtest.pl\/wiadomosci\/wp-json\/wp\/v2\/users\/12"}],"replies":[{"embeddable":true,"href":"https:\/\/www.speedtest.pl\/wiadomosci\/wp-json\/wp\/v2\/comments?post=7445"}],"version-history":[{"count":4,"href":"https:\/\/www.speedtest.pl\/wiadomosci\/wp-json\/wp\/v2\/posts\/7445\/revisions"}],"predecessor-version":[{"id":7576,"href":"https:\/\/www.speedtest.pl\/wiadomosci\/wp-json\/wp\/v2\/posts\/7445\/revisions\/7576"}],"wp:featuredmedia":[{"embeddable":true,"href":"https:\/\/www.speedtest.pl\/wiadomosci\/wp-json\/wp\/v2\/media\/7446"}],"wp:attachment":[{"href":"https:\/\/www.speedtest.pl\/wiadomosci\/wp-json\/wp\/v2\/media?parent=7445"}],"wp:term":[{"taxonomy":"category","embeddable":true,"href":"https:\/\/www.speedtest.pl\/wiadomosci\/wp-json\/wp\/v2\/categories?post=7445"},{"taxonomy":"post_tag","embeddable":true,"href":"https:\/\/www.speedtest.pl\/wiadomosci\/wp-json\/wp\/v2\/tags?post=7445"},{"taxonomy":"table_tags","embeddable":true,"href":"https:\/\/www.speedtest.pl\/wiadomosci\/wp-json\/wp\/v2\/table_tags?post=7445"}],"curies":[{"name":"wp","href":"https:\/\/api.w.org\/{rel}","templated":true}]}}