{"id":6460,"date":"2016-10-23T16:16:02","date_gmt":"2016-10-23T14:16:02","guid":{"rendered":"http:\/\/www.speedtest.pl\/wiadomosci\/?p=6460"},"modified":"2016-12-15T01:30:19","modified_gmt":"2016-12-15T00:30:19","slug":"nowe-macbook-od-apple-juz-27-pazdziernika","status":"publish","type":"post","link":"https:\/\/www.speedtest.pl\/wiadomosci\/apple\/nowe-macbook-od-apple-juz-27-pazdziernika\/","title":{"rendered":"Nowe MacBook od Apple ju\u017c 27 pa\u017adziernika"},"content":{"rendered":"<h4 style=\"text-align: justify;\">27 pa\u017adziernika 2016 roku to bardzo wa\u017cna data dla fan\u00f3w sprz\u0119tu z logiem jab\u0142uszka. Apple zaplanowa\u0142o bowiem na ten dzie\u0144 konferencj\u0119, na kt\u00f3rej prezentowa\u0107 ma swoje nowe laptopy.<\/h4>\n<p style=\"text-align: justify;\">Jak wiemy, kiedy\u015b Apple lubi\u0142 zaskakiwa\u0107 swoich fan\u00f3w, ale ostatnio ma gorsze dni i jego si\u0142a przebicia nie jest ju\u017c tak wielka. Niedawno, bo 7 wrze\u015bnia prezentowane by\u0142y nowe smartfony od Apple, czyli iPhone 7, ale ich promocja przynios\u0142a wi\u0119cej \u015bmiechu ni\u017c s\u0142awy. \u00a0Ma\u0142o os\u00f3b jednak pami\u0119ta o tym, \u017ce to w\u0142a\u015bnie komputery przynios\u0142y s\u0142aw\u0119 firmie Apple i dzi\u0119ki temu po\u0142o\u017cyli Microsoft swojego czasu na \u0142opatki.<\/p>\n<h2 style=\"text-align: justify;\">Okazuje si\u0119, \u017ce ostatnio Apple troch\u0119 traktowa\u0142 swoje komputery po macoszemu i fani MacBook\u00f3w nie mogli liczy\u0107 na wprowadzenie \u017cadnych udogodnie\u0144.<\/h2>\n<p style=\"text-align: justify;\">Ostatnia wi\u0119ksza zmiana mia\u0142a miejsce rok temu, kiedy to gigant z <span class=\"hiddenSpellError\">Cupertino<\/span> doda\u0142 do swoich 12-calowych \u015blicznotek szybszy procesor i wypu\u015bci\u0142 na rynek now\u0105 wersj\u0119 kolorystyczn\u0105. M\u00f3wi si\u0119, \u017ce &#8222;<em>ma\u0142\u0105 rzecz, a cieszy<\/em>&#8222;, ale te zmiany chyba nie cieszy\u0142y a\u017c tak mocno, jakby si\u0119 spodziewano. Has\u0142em konferencji planowanej na 27 pa\u017adziernika jest &#8222;<em>Hello again<\/em>&#8217;. Czy chcemy, czy nie od razu nasuwa si\u0119 skojarzenie z nawi\u0105zaniem do jakich\u015b produkt\u00f3w Apple, kt\u00f3re wysz\u0142y ju\u017c na rynek. Zastanawiam si\u0119, po ile jest to marketingowy ruch podyktowany niezadowoleniem rynku z braku innowacji w produktach z logiem jab\u0142ka. Apple zawsze cechowa\u0142o si\u0119 dyktowaniem bran\u017cy IT kierunku rozwoju, a od jakiego czasu mam wra\u017cenie, \u017ce rynek dyktuje Apple, co maj\u0105 robi\u0107. S\u0105 jednak pewne plotki dotycz\u0105cego nowego sprz\u0119tu Apple. Firma ostatnio s\u0142ynie z usuwania plug-in&#8217;\u00f3w, zatem u\u017cytkownicy boj\u0105 si\u0119, \u017ce Apple mo\u017ce pozby\u0107 si\u0119 z\u0142\u0105cza USB z urz\u0105dze\u0144 w wersji Pro. Przypuszczalnym rozwi\u0105zaniem jest port USB-C. Nie jest to jednak koniec. Plotkuje si\u0119 o dotykowym panelu dla klawiszy funkcyjnych. Jego ustawienia dostosowywa\u0142oby si\u0119 w zale\u017cno\u015bci od u\u017cywanej aplikacji. Takie rozwi\u0105zanie by\u0142oby bardzo ciekawe i z mi\u0142\u0105 ch\u0119ci\u0105 przyjrza\u0142bym si\u0119 mu bli\u017cej. Do MacBook\u00f3w dodane ma zosta\u0107 te\u017c znane od dawna ze smartfon\u00f3w Apple Touch ID. Jest to czytnik linii papilarnych. Szczerze powiedziawszy, to jestem bardzo zniesmaczony, \u017ce jeszcze nie pojawi\u0142 si\u0119 do tej pory w \u017cadnym z modeli, gdzie konkurencja ju\u017c je czytniki linii papilarnych na \u015bniadanie. Konferencja Cupertino to nie tylko MacBooki, ale tak\u017ce nowy model stacjonarnego Apple.<\/p>\n<h4 style=\"text-align: justify;\">Na t\u0119 chwil\u0119 nie wiadomo jeszcze, jak rynek zareaguje na nowy sprz\u0119t. Od jakiego\u015b czasu jednak Apple kojarzy si\u0119 bardziej z rynkiem telefon\u00f3w, ni\u017c komputer\u00f3w osobistych. Wyj\u0105tkiem s\u0105 anglosaskie kraje wysoko rozwini\u0119te, gdzie produkty Apple stanowi\u0105 90% rynku i s\u0105 dobrem narodowym. My\u015bl\u0119, \u017ce oni na pewno uciesz\u0105 si\u0119 premier\u0105 MacBook\u00f3w.<\/h4>\n<p style=\"text-align: justify;\">\n","protected":false},"excerpt":{"rendered":"<p>27 pa\u017adziernika 2016 roku to bardzo wa\u017cna data dla fan\u00f3w sprz\u0119tu z logiem jab\u0142uszka. Apple zaplanowa\u0142o bowiem na ten dzie\u0144 konferencj\u0119, na kt\u00f3rej prezentowa\u0107 ma swoje nowe laptopy. Jak wiemy, kiedy\u015b Apple lubi\u0142 zaskakiwa\u0107 swoich fan\u00f3w, ale ostatnio ma gorsze dni i jego si\u0142a przebicia nie jest ju\u017c tak wielka. Niedawno, bo 7 wrze\u015bnia prezentowane [&hellip;]<\/p>\n","protected":false},"author":12,"featured_media":6472,"comment_status":"open","ping_status":"open","sticky":false,"template":"","format":"standard","meta":{"jetpack_post_was_ever_published":false,"_jetpack_newsletter_access":"","_jetpack_dont_email_post_to_subs":true,"_jetpack_newsletter_tier_id":0,"_jetpack_memberships_contains_paywalled_content":false,"_jetpack_memberships_contains_paid_content":false,"footnotes":"","jetpack_publicize_message":"","jetpack_publicize_feature_enabled":true,"jetpack_social_post_already_shared":false,"jetpack_social_options":{"image_generator_settings":{"template":"highway","enabled":false},"version":2}},"categories":[569],"tags":[11,1515,8,185,1713],"table_tags":[],"class_list":["post-6460","post","type-post","status-publish","format-standard","has-post-thumbnail","hentry","category-apple","tag-apple","tag-cupertino","tag-iphone","tag-macbook","tag-touch-id"],"jetpack_publicize_connections":[],"yoast_head":"<!-- This site is optimized with the Yoast SEO plugin v24.8.1 - https:\/\/yoast.com\/wordpress\/plugins\/seo\/ -->\n<title>Nowe MacBook od Apple ju\u017c 27 pa\u017adziernika - SpeedTest.pl Wiadomo\u015bci<\/title>\n<meta name=\"robots\" content=\"index, follow, max-snippet:-1, max-image-preview:large, max-video-preview:-1\" \/>\n<link rel=\"canonical\" href=\"https:\/\/www.speedtest.pl\/wiadomosci\/apple\/nowe-macbook-od-apple-juz-27-pazdziernika\/\" \/>\n<meta property=\"og:locale\" content=\"pl_PL\" \/>\n<meta property=\"og:type\" content=\"article\" \/>\n<meta property=\"og:title\" content=\"Nowe MacBook od Apple ju\u017c 27 pa\u017adziernika - SpeedTest.pl Wiadomo\u015bci\" \/>\n<meta property=\"og:description\" content=\"27 pa\u017adziernika 2016 roku to bardzo wa\u017cna data dla fan\u00f3w sprz\u0119tu z logiem jab\u0142uszka. Apple zaplanowa\u0142o bowiem na ten dzie\u0144 konferencj\u0119, na kt\u00f3rej prezentowa\u0107 ma swoje nowe laptopy. Jak wiemy, kiedy\u015b Apple lubi\u0142 zaskakiwa\u0107 swoich fan\u00f3w, ale ostatnio ma gorsze dni i jego si\u0142a przebicia nie jest ju\u017c tak wielka. Niedawno, bo 7 wrze\u015bnia prezentowane [&hellip;]\" \/>\n<meta property=\"og:url\" content=\"https:\/\/www.speedtest.pl\/wiadomosci\/apple\/nowe-macbook-od-apple-juz-27-pazdziernika\/\" \/>\n<meta property=\"og:site_name\" content=\"SpeedTest.pl Wiadomo\u015bci\" \/>\n<meta property=\"article:publisher\" content=\"https:\/\/www.facebook.com\/speedtestpl\/\" \/>\n<meta property=\"article:published_time\" content=\"2016-10-23T14:16:02+00:00\" \/>\n<meta property=\"article:modified_time\" content=\"2016-12-15T00:30:19+00:00\" \/>\n<meta property=\"og:image\" content=\"https:\/\/www.speedtest.pl\/wiadomosci\/wp-content\/uploads\/2016\/10\/hello-again-apple-p.jpg\" \/>\n\t<meta property=\"og:image:width\" content=\"670\" \/>\n\t<meta property=\"og:image:height\" content=\"350\" \/>\n\t<meta property=\"og:image:type\" content=\"image\/jpeg\" \/>\n<meta name=\"author\" content=\"PJ\" \/>\n<meta name=\"twitter:card\" content=\"summary_large_image\" \/>\n<meta name=\"twitter:creator\" content=\"@speedtestpl\" \/>\n<meta name=\"twitter:site\" content=\"@speedtestpl\" \/>\n<meta name=\"twitter:label1\" content=\"Napisane przez\" \/>\n\t<meta name=\"twitter:data1\" content=\"PJ\" \/>\n\t<meta name=\"twitter:label2\" content=\"Szacowany czas czytania\" \/>\n\t<meta name=\"twitter:data2\" content=\"2 minuty\" \/>\n<script type=\"application\/ld+json\" class=\"yoast-schema-graph\">{\"@context\":\"https:\/\/schema.org\",\"@graph\":[{\"@type\":\"WebPage\",\"@id\":\"https:\/\/www.speedtest.pl\/wiadomosci\/apple\/nowe-macbook-od-apple-juz-27-pazdziernika\/\",\"url\":\"https:\/\/www.speedtest.pl\/wiadomosci\/apple\/nowe-macbook-od-apple-juz-27-pazdziernika\/\",\"name\":\"Nowe MacBook od Apple ju\u017c 27 pa\u017adziernika - SpeedTest.pl Wiadomo\u015bci\",\"isPartOf\":{\"@id\":\"https:\/\/www.speedtest.pl\/wiadomosci\/#website\"},\"primaryImageOfPage\":{\"@id\":\"https:\/\/www.speedtest.pl\/wiadomosci\/apple\/nowe-macbook-od-apple-juz-27-pazdziernika\/#primaryimage\"},\"image\":{\"@id\":\"https:\/\/www.speedtest.pl\/wiadomosci\/apple\/nowe-macbook-od-apple-juz-27-pazdziernika\/#primaryimage\"},\"thumbnailUrl\":\"https:\/\/www.speedtest.pl\/wiadomosci\/wp-content\/uploads\/2016\/10\/hello-again-apple-p.jpg\",\"datePublished\":\"2016-10-23T14:16:02+00:00\",\"dateModified\":\"2016-12-15T00:30:19+00:00\",\"author\":{\"@id\":\"https:\/\/www.speedtest.pl\/wiadomosci\/#\/schema\/person\/1e51a1178096c8851f7d3ab0575726e4\"},\"breadcrumb\":{\"@id\":\"https:\/\/www.speedtest.pl\/wiadomosci\/apple\/nowe-macbook-od-apple-juz-27-pazdziernika\/#breadcrumb\"},\"inLanguage\":\"pl-PL\",\"potentialAction\":[{\"@type\":\"ReadAction\",\"target\":[\"https:\/\/www.speedtest.pl\/wiadomosci\/apple\/nowe-macbook-od-apple-juz-27-pazdziernika\/\"]}]},{\"@type\":\"ImageObject\",\"inLanguage\":\"pl-PL\",\"@id\":\"https:\/\/www.speedtest.pl\/wiadomosci\/apple\/nowe-macbook-od-apple-juz-27-pazdziernika\/#primaryimage\",\"url\":\"https:\/\/www.speedtest.pl\/wiadomosci\/wp-content\/uploads\/2016\/10\/hello-again-apple-p.jpg\",\"contentUrl\":\"https:\/\/www.speedtest.pl\/wiadomosci\/wp-content\/uploads\/2016\/10\/hello-again-apple-p.jpg\",\"width\":670,\"height\":350,\"caption\":\"Nowe MacBook od Apple ju\u017c 27 pa\u017adziernika\"},{\"@type\":\"BreadcrumbList\",\"@id\":\"https:\/\/www.speedtest.pl\/wiadomosci\/apple\/nowe-macbook-od-apple-juz-27-pazdziernika\/#breadcrumb\",\"itemListElement\":[{\"@type\":\"ListItem\",\"position\":1,\"name\":\"Strona g\u0142\u00f3wna\",\"item\":\"https:\/\/www.speedtest.pl\/wiadomosci\/\"},{\"@type\":\"ListItem\",\"position\":2,\"name\":\"Nowe MacBook od Apple ju\u017c 27 pa\u017adziernika\"}]},{\"@type\":\"WebSite\",\"@id\":\"https:\/\/www.speedtest.pl\/wiadomosci\/#website\",\"url\":\"https:\/\/www.speedtest.pl\/wiadomosci\/\",\"name\":\"SpeedTest.pl Wiadomo\u015bci\",\"description\":\"Rankingi ISP, newsy i opinie ze \u015bwiata IT, recenzje sprz\u0119tu, gry, motoryzacja\",\"potentialAction\":[{\"@type\":\"SearchAction\",\"target\":{\"@type\":\"EntryPoint\",\"urlTemplate\":\"https:\/\/www.speedtest.pl\/wiadomosci\/?s={search_term_string}\"},\"query-input\":{\"@type\":\"PropertyValueSpecification\",\"valueRequired\":true,\"valueName\":\"search_term_string\"}}],\"inLanguage\":\"pl-PL\"},{\"@type\":\"Person\",\"@id\":\"https:\/\/www.speedtest.pl\/wiadomosci\/#\/schema\/person\/1e51a1178096c8851f7d3ab0575726e4\",\"name\":\"PJ\",\"image\":{\"@type\":\"ImageObject\",\"inLanguage\":\"pl-PL\",\"@id\":\"https:\/\/www.speedtest.pl\/wiadomosci\/#\/schema\/person\/image\/\",\"url\":\"https:\/\/www.speedtest.pl\/wiadomosci\/wp-content\/uploads\/2018\/01\/AAEAAQAAAAAAAAk2AAAAJDNhNWRlODdhLWY3MjYtNGFjNC04MzY1LTI1Zjc4NmI4YmE0OQ-150x150.jpg\",\"contentUrl\":\"https:\/\/www.speedtest.pl\/wiadomosci\/wp-content\/uploads\/2018\/01\/AAEAAQAAAAAAAAk2AAAAJDNhNWRlODdhLWY3MjYtNGFjNC04MzY1LTI1Zjc4NmI4YmE0OQ-150x150.jpg\",\"caption\":\"PJ\"},\"description\":\"Przemek jest m\u00f3zgiem operacyjnym SpeedTest.pl. Studiowa\u0142 na Politechnice Wroc\u0142awskiej elektronik\u0119 i telekomunikacj\u0119. Zarz\u0105dza projektami IT, relacjami z klientami oraz nadzoruje procesy rozwoju. Prywatnie zaanga\u017cowany w rodzin\u0119, wsparcie r\u00f3\u017cnych dzia\u0142alno\u015bci charytatywnych i projekty ekstremalne.\",\"url\":\"https:\/\/www.speedtest.pl\/wiadomosci\/author\/przemek\/\"}]}<\/script>\n<!-- \/ Yoast SEO plugin. -->","yoast_head_json":{"title":"Nowe MacBook od Apple ju\u017c 27 pa\u017adziernika - SpeedTest.pl Wiadomo\u015bci","robots":{"index":"index","follow":"follow","max-snippet":"max-snippet:-1","max-image-preview":"max-image-preview:large","max-video-preview":"max-video-preview:-1"},"canonical":"https:\/\/www.speedtest.pl\/wiadomosci\/apple\/nowe-macbook-od-apple-juz-27-pazdziernika\/","og_locale":"pl_PL","og_type":"article","og_title":"Nowe MacBook od Apple ju\u017c 27 pa\u017adziernika - SpeedTest.pl Wiadomo\u015bci","og_description":"27 pa\u017adziernika 2016 roku to bardzo wa\u017cna data dla fan\u00f3w sprz\u0119tu z logiem jab\u0142uszka. Apple zaplanowa\u0142o bowiem na ten dzie\u0144 konferencj\u0119, na kt\u00f3rej prezentowa\u0107 ma swoje nowe laptopy. Jak wiemy, kiedy\u015b Apple lubi\u0142 zaskakiwa\u0107 swoich fan\u00f3w, ale ostatnio ma gorsze dni i jego si\u0142a przebicia nie jest ju\u017c tak wielka. Niedawno, bo 7 wrze\u015bnia prezentowane [&hellip;]","og_url":"https:\/\/www.speedtest.pl\/wiadomosci\/apple\/nowe-macbook-od-apple-juz-27-pazdziernika\/","og_site_name":"SpeedTest.pl Wiadomo\u015bci","article_publisher":"https:\/\/www.facebook.com\/speedtestpl\/","article_published_time":"2016-10-23T14:16:02+00:00","article_modified_time":"2016-12-15T00:30:19+00:00","og_image":[{"width":670,"height":350,"url":"https:\/\/www.speedtest.pl\/wiadomosci\/wp-content\/uploads\/2016\/10\/hello-again-apple-p.jpg","type":"image\/jpeg"}],"author":"PJ","twitter_card":"summary_large_image","twitter_creator":"@speedtestpl","twitter_site":"@speedtestpl","twitter_misc":{"Napisane przez":"PJ","Szacowany czas czytania":"2 minuty"},"schema":{"@context":"https:\/\/schema.org","@graph":[{"@type":"WebPage","@id":"https:\/\/www.speedtest.pl\/wiadomosci\/apple\/nowe-macbook-od-apple-juz-27-pazdziernika\/","url":"https:\/\/www.speedtest.pl\/wiadomosci\/apple\/nowe-macbook-od-apple-juz-27-pazdziernika\/","name":"Nowe MacBook od Apple ju\u017c 27 pa\u017adziernika - SpeedTest.pl Wiadomo\u015bci","isPartOf":{"@id":"https:\/\/www.speedtest.pl\/wiadomosci\/#website"},"primaryImageOfPage":{"@id":"https:\/\/www.speedtest.pl\/wiadomosci\/apple\/nowe-macbook-od-apple-juz-27-pazdziernika\/#primaryimage"},"image":{"@id":"https:\/\/www.speedtest.pl\/wiadomosci\/apple\/nowe-macbook-od-apple-juz-27-pazdziernika\/#primaryimage"},"thumbnailUrl":"https:\/\/www.speedtest.pl\/wiadomosci\/wp-content\/uploads\/2016\/10\/hello-again-apple-p.jpg","datePublished":"2016-10-23T14:16:02+00:00","dateModified":"2016-12-15T00:30:19+00:00","author":{"@id":"https:\/\/www.speedtest.pl\/wiadomosci\/#\/schema\/person\/1e51a1178096c8851f7d3ab0575726e4"},"breadcrumb":{"@id":"https:\/\/www.speedtest.pl\/wiadomosci\/apple\/nowe-macbook-od-apple-juz-27-pazdziernika\/#breadcrumb"},"inLanguage":"pl-PL","potentialAction":[{"@type":"ReadAction","target":["https:\/\/www.speedtest.pl\/wiadomosci\/apple\/nowe-macbook-od-apple-juz-27-pazdziernika\/"]}]},{"@type":"ImageObject","inLanguage":"pl-PL","@id":"https:\/\/www.speedtest.pl\/wiadomosci\/apple\/nowe-macbook-od-apple-juz-27-pazdziernika\/#primaryimage","url":"https:\/\/www.speedtest.pl\/wiadomosci\/wp-content\/uploads\/2016\/10\/hello-again-apple-p.jpg","contentUrl":"https:\/\/www.speedtest.pl\/wiadomosci\/wp-content\/uploads\/2016\/10\/hello-again-apple-p.jpg","width":670,"height":350,"caption":"Nowe MacBook od Apple ju\u017c 27 pa\u017adziernika"},{"@type":"BreadcrumbList","@id":"https:\/\/www.speedtest.pl\/wiadomosci\/apple\/nowe-macbook-od-apple-juz-27-pazdziernika\/#breadcrumb","itemListElement":[{"@type":"ListItem","position":1,"name":"Strona g\u0142\u00f3wna","item":"https:\/\/www.speedtest.pl\/wiadomosci\/"},{"@type":"ListItem","position":2,"name":"Nowe MacBook od Apple ju\u017c 27 pa\u017adziernika"}]},{"@type":"WebSite","@id":"https:\/\/www.speedtest.pl\/wiadomosci\/#website","url":"https:\/\/www.speedtest.pl\/wiadomosci\/","name":"SpeedTest.pl Wiadomo\u015bci","description":"Rankingi ISP, newsy i opinie ze \u015bwiata IT, recenzje sprz\u0119tu, gry, motoryzacja","potentialAction":[{"@type":"SearchAction","target":{"@type":"EntryPoint","urlTemplate":"https:\/\/www.speedtest.pl\/wiadomosci\/?s={search_term_string}"},"query-input":{"@type":"PropertyValueSpecification","valueRequired":true,"valueName":"search_term_string"}}],"inLanguage":"pl-PL"},{"@type":"Person","@id":"https:\/\/www.speedtest.pl\/wiadomosci\/#\/schema\/person\/1e51a1178096c8851f7d3ab0575726e4","name":"PJ","image":{"@type":"ImageObject","inLanguage":"pl-PL","@id":"https:\/\/www.speedtest.pl\/wiadomosci\/#\/schema\/person\/image\/","url":"https:\/\/www.speedtest.pl\/wiadomosci\/wp-content\/uploads\/2018\/01\/AAEAAQAAAAAAAAk2AAAAJDNhNWRlODdhLWY3MjYtNGFjNC04MzY1LTI1Zjc4NmI4YmE0OQ-150x150.jpg","contentUrl":"https:\/\/www.speedtest.pl\/wiadomosci\/wp-content\/uploads\/2018\/01\/AAEAAQAAAAAAAAk2AAAAJDNhNWRlODdhLWY3MjYtNGFjNC04MzY1LTI1Zjc4NmI4YmE0OQ-150x150.jpg","caption":"PJ"},"description":"Przemek jest m\u00f3zgiem operacyjnym SpeedTest.pl. Studiowa\u0142 na Politechnice Wroc\u0142awskiej elektronik\u0119 i telekomunikacj\u0119. Zarz\u0105dza projektami IT, relacjami z klientami oraz nadzoruje procesy rozwoju. Prywatnie zaanga\u017cowany w rodzin\u0119, wsparcie r\u00f3\u017cnych dzia\u0142alno\u015bci charytatywnych i projekty ekstremalne.","url":"https:\/\/www.speedtest.pl\/wiadomosci\/author\/przemek\/"}]}},"jetpack_featured_media_url":"https:\/\/www.speedtest.pl\/wiadomosci\/wp-content\/uploads\/2016\/10\/hello-again-apple-p.jpg","jetpack_sharing_enabled":true,"jetpack_shortlink":"https:\/\/wp.me\/p85ce0-1Gc","_links":{"self":[{"href":"https:\/\/www.speedtest.pl\/wiadomosci\/wp-json\/wp\/v2\/posts\/6460","targetHints":{"allow":["GET"]}}],"collection":[{"href":"https:\/\/www.speedtest.pl\/wiadomosci\/wp-json\/wp\/v2\/posts"}],"about":[{"href":"https:\/\/www.speedtest.pl\/wiadomosci\/wp-json\/wp\/v2\/types\/post"}],"author":[{"embeddable":true,"href":"https:\/\/www.speedtest.pl\/wiadomosci\/wp-json\/wp\/v2\/users\/12"}],"replies":[{"embeddable":true,"href":"https:\/\/www.speedtest.pl\/wiadomosci\/wp-json\/wp\/v2\/comments?post=6460"}],"version-history":[{"count":2,"href":"https:\/\/www.speedtest.pl\/wiadomosci\/wp-json\/wp\/v2\/posts\/6460\/revisions"}],"predecessor-version":[{"id":6481,"href":"https:\/\/www.speedtest.pl\/wiadomosci\/wp-json\/wp\/v2\/posts\/6460\/revisions\/6481"}],"wp:featuredmedia":[{"embeddable":true,"href":"https:\/\/www.speedtest.pl\/wiadomosci\/wp-json\/wp\/v2\/media\/6472"}],"wp:attachment":[{"href":"https:\/\/www.speedtest.pl\/wiadomosci\/wp-json\/wp\/v2\/media?parent=6460"}],"wp:term":[{"taxonomy":"category","embeddable":true,"href":"https:\/\/www.speedtest.pl\/wiadomosci\/wp-json\/wp\/v2\/categories?post=6460"},{"taxonomy":"post_tag","embeddable":true,"href":"https:\/\/www.speedtest.pl\/wiadomosci\/wp-json\/wp\/v2\/tags?post=6460"},{"taxonomy":"table_tags","embeddable":true,"href":"https:\/\/www.speedtest.pl\/wiadomosci\/wp-json\/wp\/v2\/table_tags?post=6460"}],"curies":[{"name":"wp","href":"https:\/\/api.w.org\/{rel}","templated":true}]}}