{"id":6285,"date":"2016-10-04T12:40:04","date_gmt":"2016-10-04T10:40:04","guid":{"rendered":"http:\/\/www.speedtest.pl\/wiadomosci\/?p=6285"},"modified":"2016-12-15T01:30:21","modified_gmt":"2016-12-15T00:30:21","slug":"apple-mial-znow-racje-mini-jack-wyleci-z-telefonow-z-androidem","status":"publish","type":"post","link":"https:\/\/www.speedtest.pl\/wiadomosci\/ogolne\/apple-mial-znow-racje-mini-jack-wyleci-z-telefonow-z-androidem\/","title":{"rendered":"Apple mia\u0142 zn\u00f3w racj\u0119? Mini Jack wyleci z telefon\u00f3w z Androidem"},"content":{"rendered":"<h4 style=\"text-align: justify;\">Wielu u\u017cytkownik\u00f3w rzuca\u0142a mi\u0119sem w momencie, kiedy dowiedzia\u0142a si\u0119, \u017ce z nowego iPhone&#8217;a usuni\u0119to z\u0142\u0105cze s\u0142uchawkowe jack 3,5 mm.<\/h4>\n<p style=\"text-align: justify;\">Z jednej strony si\u0119 nie dziwie, bo przecie\u017c ludzie nie lubi\u0105 zmian, ale z drugiej strony, przecie\u017c chcieli innowacji, to j\u0105 maj\u0105. Nied\u0142ugo \u015bwiat b\u0119dzie funkcjonowa\u0142 ca\u0142kowicie bez kabli i jest nieuniknione.<\/p>\n<h2 style=\"text-align: justify;\">Mo\u017ce okaza\u0107 si\u0119, \u017ce ju\u017c nied\u0142ugo konkurencja tak\u017ce zrezygnuje z jacka 3,5 mm.<\/h2>\n<p style=\"text-align: justify;\">Klasyczne z\u0142\u0105cze s\u0142uchawkowe jest tak stare, \u017ce najstarsi g\u00f3rale pami\u0119taj\u0105 jego pocz\u0105tki. Czas mo\u017ce najwy\u017cszy, aby odesz\u0142o tam, gdzie odchodz\u0105 wszystkie stare sprz\u0119ty. Zmienia\u0142o si\u0119 ostatnio wiele standard\u00f3w, a s\u0142uchawki dalej wk\u0142adamy w ten sam spos\u00f3b, tak samo g\u0142o\u015bniki. Co\u015b chyba jest nie do ko\u0144ca tak, jak powinno. Wszyscy uwa\u017caj\u0105, \u017ce Apple odwali\u0142o z wymian\u0105 sposobu s\u0142uchania muzyki, ale ja mam wra\u017cenie, \u017ce Apple otworzy\u0142o now\u0105 drog\u0119.<\/p>\n<h2 style=\"text-align: justify;\">Wszyscy dobrze wiemy, \u017ce Apple jest jak kocica &#8211; zawsze chodzi w\u0142asnymi drogami i nijak ma si\u0119 do standard\u00f3w, jakie obowi\u0105zuj\u0105 na rynku.<\/h2>\n<p style=\"text-align: justify;\">Zawsze p\u00f3\u017aniej po takich ich akcjach okazywa\u0142o si\u0119, \u017ce tak naprawd\u0119 konkurencja z\u0142apa\u0142a smyka\u0142k\u0119 i ich pomys\u0142 sprzeda\u0142 si\u0119 na ca\u0142ym rynku. Ka\u017cdy chcia\u0142 mie\u0107 to, co Apple. Okazuje si\u0119, \u017ce podobnie mo\u017ce by\u0107 z jackiem 3,5 mm. Apple rozpocz\u0119\u0142o okres, kiedy minijack b\u0119dzie znika\u0142 ze smartfon\u00f3w. W sieci nawet pojawi\u0142a si\u0119 ciekawa specyfikacja nazwana\u00a0Audio Device Class 3.0. Daje ona tw\u00f3rcom sprz\u0119tu mo\u017cliwo\u015b\u0107 s\u0142uchania d\u017awi\u0119ku poprzez port USB-C. Takie rozwi\u0105zanie sprzeda\u0142oby si\u0119 i w przypadku urz\u0105dze\u0144 mobilnych, ale i w przypadku telefon\u00f3w.<\/p>\n","protected":false},"excerpt":{"rendered":"<p>Wielu u\u017cytkownik\u00f3w rzuca\u0142a mi\u0119sem w momencie, kiedy dowiedzia\u0142a si\u0119, \u017ce z nowego iPhone&#8217;a usuni\u0119to z\u0142\u0105cze s\u0142uchawkowe jack 3,5 mm. Z jednej strony si\u0119 nie dziwie, bo przecie\u017c ludzie nie lubi\u0105 zmian, ale z drugiej strony, przecie\u017c chcieli innowacji, to j\u0105 maj\u0105. Nied\u0142ugo \u015bwiat b\u0119dzie funkcjonowa\u0142 ca\u0142kowicie bez kabli i jest nieuniknione. Mo\u017ce okaza\u0107 si\u0119, \u017ce [&hellip;]<\/p>\n","protected":false},"author":13,"featured_media":6288,"comment_status":"open","ping_status":"open","sticky":false,"template":"","format":"standard","meta":{"jetpack_post_was_ever_published":false,"_jetpack_newsletter_access":"","_jetpack_dont_email_post_to_subs":true,"_jetpack_newsletter_tier_id":0,"_jetpack_memberships_contains_paywalled_content":false,"_jetpack_memberships_contains_paid_content":false,"footnotes":"","jetpack_publicize_message":"","jetpack_publicize_feature_enabled":true,"jetpack_social_post_already_shared":false,"jetpack_social_options":{"image_generator_settings":{"template":"highway","enabled":false},"version":2}},"categories":[331,569,1],"tags":[1673,11,1672,1670,1671,279],"table_tags":[],"class_list":["post-6285","post","type-post","status-publish","format-standard","has-post-thumbnail","hentry","category-android","category-apple","category-ogolne","tag-5-mm","tag-apple","tag-jack-3","tag-mini-jack","tag-sluchawki","tag-usb-c"],"jetpack_publicize_connections":[],"yoast_head":"<!-- This site is optimized with the Yoast SEO plugin v24.8.1 - https:\/\/yoast.com\/wordpress\/plugins\/seo\/ -->\n<title>Apple mia\u0142 zn\u00f3w racj\u0119? Mini Jack wyleci z telefon\u00f3w z Androidem - SpeedTest.pl Wiadomo\u015bci<\/title>\n<meta name=\"robots\" content=\"index, follow, max-snippet:-1, max-image-preview:large, max-video-preview:-1\" \/>\n<link rel=\"canonical\" href=\"https:\/\/www.speedtest.pl\/wiadomosci\/ogolne\/apple-mial-znow-racje-mini-jack-wyleci-z-telefonow-z-androidem\/\" \/>\n<meta property=\"og:locale\" content=\"pl_PL\" \/>\n<meta property=\"og:type\" content=\"article\" \/>\n<meta property=\"og:title\" content=\"Apple mia\u0142 zn\u00f3w racj\u0119? Mini Jack wyleci z telefon\u00f3w z Androidem - SpeedTest.pl Wiadomo\u015bci\" \/>\n<meta property=\"og:description\" content=\"Wielu u\u017cytkownik\u00f3w rzuca\u0142a mi\u0119sem w momencie, kiedy dowiedzia\u0142a si\u0119, \u017ce z nowego iPhone&#8217;a usuni\u0119to z\u0142\u0105cze s\u0142uchawkowe jack 3,5 mm. Z jednej strony si\u0119 nie dziwie, bo przecie\u017c ludzie nie lubi\u0105 zmian, ale z drugiej strony, przecie\u017c chcieli innowacji, to j\u0105 maj\u0105. Nied\u0142ugo \u015bwiat b\u0119dzie funkcjonowa\u0142 ca\u0142kowicie bez kabli i jest nieuniknione. Mo\u017ce okaza\u0107 si\u0119, \u017ce [&hellip;]\" \/>\n<meta property=\"og:url\" content=\"https:\/\/www.speedtest.pl\/wiadomosci\/ogolne\/apple-mial-znow-racje-mini-jack-wyleci-z-telefonow-z-androidem\/\" \/>\n<meta property=\"og:site_name\" content=\"SpeedTest.pl Wiadomo\u015bci\" \/>\n<meta property=\"article:publisher\" content=\"https:\/\/www.facebook.com\/speedtestpl\/\" \/>\n<meta property=\"article:published_time\" content=\"2016-10-04T10:40:04+00:00\" \/>\n<meta property=\"article:modified_time\" content=\"2016-12-15T00:30:21+00:00\" \/>\n<meta property=\"og:image\" content=\"https:\/\/www.speedtest.pl\/wiadomosci\/wp-content\/uploads\/2016\/10\/Fotolia_89856736_Subscription_Monthly_M.jpg\" \/>\n\t<meta property=\"og:image:width\" content=\"1688\" \/>\n\t<meta property=\"og:image:height\" content=\"1126\" \/>\n\t<meta property=\"og:image:type\" content=\"image\/jpeg\" \/>\n<meta name=\"author\" content=\"BS\" \/>\n<meta name=\"twitter:card\" content=\"summary_large_image\" \/>\n<meta name=\"twitter:creator\" content=\"@speedtestpl\" \/>\n<meta name=\"twitter:site\" content=\"@speedtestpl\" \/>\n<meta name=\"twitter:label1\" content=\"Napisane przez\" \/>\n\t<meta name=\"twitter:data1\" content=\"BS\" \/>\n\t<meta name=\"twitter:label2\" content=\"Szacowany czas czytania\" \/>\n\t<meta name=\"twitter:data2\" content=\"1 minuta\" \/>\n<script type=\"application\/ld+json\" class=\"yoast-schema-graph\">{\"@context\":\"https:\/\/schema.org\",\"@graph\":[{\"@type\":\"WebPage\",\"@id\":\"https:\/\/www.speedtest.pl\/wiadomosci\/ogolne\/apple-mial-znow-racje-mini-jack-wyleci-z-telefonow-z-androidem\/\",\"url\":\"https:\/\/www.speedtest.pl\/wiadomosci\/ogolne\/apple-mial-znow-racje-mini-jack-wyleci-z-telefonow-z-androidem\/\",\"name\":\"Apple mia\u0142 zn\u00f3w racj\u0119? Mini Jack wyleci z telefon\u00f3w z Androidem - SpeedTest.pl Wiadomo\u015bci\",\"isPartOf\":{\"@id\":\"https:\/\/www.speedtest.pl\/wiadomosci\/#website\"},\"primaryImageOfPage\":{\"@id\":\"https:\/\/www.speedtest.pl\/wiadomosci\/ogolne\/apple-mial-znow-racje-mini-jack-wyleci-z-telefonow-z-androidem\/#primaryimage\"},\"image\":{\"@id\":\"https:\/\/www.speedtest.pl\/wiadomosci\/ogolne\/apple-mial-znow-racje-mini-jack-wyleci-z-telefonow-z-androidem\/#primaryimage\"},\"thumbnailUrl\":\"https:\/\/www.speedtest.pl\/wiadomosci\/wp-content\/uploads\/2016\/10\/Fotolia_89856736_Subscription_Monthly_M.jpg\",\"datePublished\":\"2016-10-04T10:40:04+00:00\",\"dateModified\":\"2016-12-15T00:30:21+00:00\",\"author\":{\"@id\":\"https:\/\/www.speedtest.pl\/wiadomosci\/#\/schema\/person\/585facd68912bef34cadd731cd3edaf2\"},\"breadcrumb\":{\"@id\":\"https:\/\/www.speedtest.pl\/wiadomosci\/ogolne\/apple-mial-znow-racje-mini-jack-wyleci-z-telefonow-z-androidem\/#breadcrumb\"},\"inLanguage\":\"pl-PL\",\"potentialAction\":[{\"@type\":\"ReadAction\",\"target\":[\"https:\/\/www.speedtest.pl\/wiadomosci\/ogolne\/apple-mial-znow-racje-mini-jack-wyleci-z-telefonow-z-androidem\/\"]}]},{\"@type\":\"ImageObject\",\"inLanguage\":\"pl-PL\",\"@id\":\"https:\/\/www.speedtest.pl\/wiadomosci\/ogolne\/apple-mial-znow-racje-mini-jack-wyleci-z-telefonow-z-androidem\/#primaryimage\",\"url\":\"https:\/\/www.speedtest.pl\/wiadomosci\/wp-content\/uploads\/2016\/10\/Fotolia_89856736_Subscription_Monthly_M.jpg\",\"contentUrl\":\"https:\/\/www.speedtest.pl\/wiadomosci\/wp-content\/uploads\/2016\/10\/Fotolia_89856736_Subscription_Monthly_M.jpg\",\"width\":1688,\"height\":1126,\"caption\":\"Apple mia\u0142 zn\u00f3w racj\u0119? Mini Jack wyleci z telefon\u00f3w z Androidem\"},{\"@type\":\"BreadcrumbList\",\"@id\":\"https:\/\/www.speedtest.pl\/wiadomosci\/ogolne\/apple-mial-znow-racje-mini-jack-wyleci-z-telefonow-z-androidem\/#breadcrumb\",\"itemListElement\":[{\"@type\":\"ListItem\",\"position\":1,\"name\":\"Strona g\u0142\u00f3wna\",\"item\":\"https:\/\/www.speedtest.pl\/wiadomosci\/\"},{\"@type\":\"ListItem\",\"position\":2,\"name\":\"Apple mia\u0142 zn\u00f3w racj\u0119? Mini Jack wyleci z telefon\u00f3w z Androidem\"}]},{\"@type\":\"WebSite\",\"@id\":\"https:\/\/www.speedtest.pl\/wiadomosci\/#website\",\"url\":\"https:\/\/www.speedtest.pl\/wiadomosci\/\",\"name\":\"SpeedTest.pl Wiadomo\u015bci\",\"description\":\"Rankingi ISP, newsy i opinie ze \u015bwiata IT, recenzje sprz\u0119tu, gry, motoryzacja\",\"potentialAction\":[{\"@type\":\"SearchAction\",\"target\":{\"@type\":\"EntryPoint\",\"urlTemplate\":\"https:\/\/www.speedtest.pl\/wiadomosci\/?s={search_term_string}\"},\"query-input\":{\"@type\":\"PropertyValueSpecification\",\"valueRequired\":true,\"valueName\":\"search_term_string\"}}],\"inLanguage\":\"pl-PL\"},{\"@type\":\"Person\",\"@id\":\"https:\/\/www.speedtest.pl\/wiadomosci\/#\/schema\/person\/585facd68912bef34cadd731cd3edaf2\",\"name\":\"BS\",\"image\":{\"@type\":\"ImageObject\",\"inLanguage\":\"pl-PL\",\"@id\":\"https:\/\/www.speedtest.pl\/wiadomosci\/#\/schema\/person\/image\/\",\"url\":\"https:\/\/www.speedtest.pl\/wiadomosci\/wp-content\/uploads\/2018\/01\/bek.png\",\"contentUrl\":\"https:\/\/www.speedtest.pl\/wiadomosci\/wp-content\/uploads\/2018\/01\/bek.png\",\"caption\":\"BS\"},\"description\":\"Bernard to redaktor naczelny SpeedTest.pl. Jest analitykiem i pasjonatem gier. Studiowa\u0142 na Politechnice Wroc\u0142awskiej informatyk\u0119 i zarz\u0105dzanie. Lubi szybkie samochody, podr\u00f3\u017ce do egzotycznych kraj\u00f3w oraz dobre ksi\u0105\u017cki z kategorii fantastyka.\",\"url\":\"https:\/\/www.speedtest.pl\/wiadomosci\/author\/bernard\/\"}]}<\/script>\n<!-- \/ Yoast SEO plugin. -->","yoast_head_json":{"title":"Apple mia\u0142 zn\u00f3w racj\u0119? Mini Jack wyleci z telefon\u00f3w z Androidem - SpeedTest.pl Wiadomo\u015bci","robots":{"index":"index","follow":"follow","max-snippet":"max-snippet:-1","max-image-preview":"max-image-preview:large","max-video-preview":"max-video-preview:-1"},"canonical":"https:\/\/www.speedtest.pl\/wiadomosci\/ogolne\/apple-mial-znow-racje-mini-jack-wyleci-z-telefonow-z-androidem\/","og_locale":"pl_PL","og_type":"article","og_title":"Apple mia\u0142 zn\u00f3w racj\u0119? Mini Jack wyleci z telefon\u00f3w z Androidem - SpeedTest.pl Wiadomo\u015bci","og_description":"Wielu u\u017cytkownik\u00f3w rzuca\u0142a mi\u0119sem w momencie, kiedy dowiedzia\u0142a si\u0119, \u017ce z nowego iPhone&#8217;a usuni\u0119to z\u0142\u0105cze s\u0142uchawkowe jack 3,5 mm. Z jednej strony si\u0119 nie dziwie, bo przecie\u017c ludzie nie lubi\u0105 zmian, ale z drugiej strony, przecie\u017c chcieli innowacji, to j\u0105 maj\u0105. Nied\u0142ugo \u015bwiat b\u0119dzie funkcjonowa\u0142 ca\u0142kowicie bez kabli i jest nieuniknione. Mo\u017ce okaza\u0107 si\u0119, \u017ce [&hellip;]","og_url":"https:\/\/www.speedtest.pl\/wiadomosci\/ogolne\/apple-mial-znow-racje-mini-jack-wyleci-z-telefonow-z-androidem\/","og_site_name":"SpeedTest.pl Wiadomo\u015bci","article_publisher":"https:\/\/www.facebook.com\/speedtestpl\/","article_published_time":"2016-10-04T10:40:04+00:00","article_modified_time":"2016-12-15T00:30:21+00:00","og_image":[{"width":1688,"height":1126,"url":"https:\/\/www.speedtest.pl\/wiadomosci\/wp-content\/uploads\/2016\/10\/Fotolia_89856736_Subscription_Monthly_M.jpg","type":"image\/jpeg"}],"author":"BS","twitter_card":"summary_large_image","twitter_creator":"@speedtestpl","twitter_site":"@speedtestpl","twitter_misc":{"Napisane przez":"BS","Szacowany czas czytania":"1 minuta"},"schema":{"@context":"https:\/\/schema.org","@graph":[{"@type":"WebPage","@id":"https:\/\/www.speedtest.pl\/wiadomosci\/ogolne\/apple-mial-znow-racje-mini-jack-wyleci-z-telefonow-z-androidem\/","url":"https:\/\/www.speedtest.pl\/wiadomosci\/ogolne\/apple-mial-znow-racje-mini-jack-wyleci-z-telefonow-z-androidem\/","name":"Apple mia\u0142 zn\u00f3w racj\u0119? Mini Jack wyleci z telefon\u00f3w z Androidem - SpeedTest.pl Wiadomo\u015bci","isPartOf":{"@id":"https:\/\/www.speedtest.pl\/wiadomosci\/#website"},"primaryImageOfPage":{"@id":"https:\/\/www.speedtest.pl\/wiadomosci\/ogolne\/apple-mial-znow-racje-mini-jack-wyleci-z-telefonow-z-androidem\/#primaryimage"},"image":{"@id":"https:\/\/www.speedtest.pl\/wiadomosci\/ogolne\/apple-mial-znow-racje-mini-jack-wyleci-z-telefonow-z-androidem\/#primaryimage"},"thumbnailUrl":"https:\/\/www.speedtest.pl\/wiadomosci\/wp-content\/uploads\/2016\/10\/Fotolia_89856736_Subscription_Monthly_M.jpg","datePublished":"2016-10-04T10:40:04+00:00","dateModified":"2016-12-15T00:30:21+00:00","author":{"@id":"https:\/\/www.speedtest.pl\/wiadomosci\/#\/schema\/person\/585facd68912bef34cadd731cd3edaf2"},"breadcrumb":{"@id":"https:\/\/www.speedtest.pl\/wiadomosci\/ogolne\/apple-mial-znow-racje-mini-jack-wyleci-z-telefonow-z-androidem\/#breadcrumb"},"inLanguage":"pl-PL","potentialAction":[{"@type":"ReadAction","target":["https:\/\/www.speedtest.pl\/wiadomosci\/ogolne\/apple-mial-znow-racje-mini-jack-wyleci-z-telefonow-z-androidem\/"]}]},{"@type":"ImageObject","inLanguage":"pl-PL","@id":"https:\/\/www.speedtest.pl\/wiadomosci\/ogolne\/apple-mial-znow-racje-mini-jack-wyleci-z-telefonow-z-androidem\/#primaryimage","url":"https:\/\/www.speedtest.pl\/wiadomosci\/wp-content\/uploads\/2016\/10\/Fotolia_89856736_Subscription_Monthly_M.jpg","contentUrl":"https:\/\/www.speedtest.pl\/wiadomosci\/wp-content\/uploads\/2016\/10\/Fotolia_89856736_Subscription_Monthly_M.jpg","width":1688,"height":1126,"caption":"Apple mia\u0142 zn\u00f3w racj\u0119? Mini Jack wyleci z telefon\u00f3w z Androidem"},{"@type":"BreadcrumbList","@id":"https:\/\/www.speedtest.pl\/wiadomosci\/ogolne\/apple-mial-znow-racje-mini-jack-wyleci-z-telefonow-z-androidem\/#breadcrumb","itemListElement":[{"@type":"ListItem","position":1,"name":"Strona g\u0142\u00f3wna","item":"https:\/\/www.speedtest.pl\/wiadomosci\/"},{"@type":"ListItem","position":2,"name":"Apple mia\u0142 zn\u00f3w racj\u0119? Mini Jack wyleci z telefon\u00f3w z Androidem"}]},{"@type":"WebSite","@id":"https:\/\/www.speedtest.pl\/wiadomosci\/#website","url":"https:\/\/www.speedtest.pl\/wiadomosci\/","name":"SpeedTest.pl Wiadomo\u015bci","description":"Rankingi ISP, newsy i opinie ze \u015bwiata IT, recenzje sprz\u0119tu, gry, motoryzacja","potentialAction":[{"@type":"SearchAction","target":{"@type":"EntryPoint","urlTemplate":"https:\/\/www.speedtest.pl\/wiadomosci\/?s={search_term_string}"},"query-input":{"@type":"PropertyValueSpecification","valueRequired":true,"valueName":"search_term_string"}}],"inLanguage":"pl-PL"},{"@type":"Person","@id":"https:\/\/www.speedtest.pl\/wiadomosci\/#\/schema\/person\/585facd68912bef34cadd731cd3edaf2","name":"BS","image":{"@type":"ImageObject","inLanguage":"pl-PL","@id":"https:\/\/www.speedtest.pl\/wiadomosci\/#\/schema\/person\/image\/","url":"https:\/\/www.speedtest.pl\/wiadomosci\/wp-content\/uploads\/2018\/01\/bek.png","contentUrl":"https:\/\/www.speedtest.pl\/wiadomosci\/wp-content\/uploads\/2018\/01\/bek.png","caption":"BS"},"description":"Bernard to redaktor naczelny SpeedTest.pl. Jest analitykiem i pasjonatem gier. Studiowa\u0142 na Politechnice Wroc\u0142awskiej informatyk\u0119 i zarz\u0105dzanie. Lubi szybkie samochody, podr\u00f3\u017ce do egzotycznych kraj\u00f3w oraz dobre ksi\u0105\u017cki z kategorii fantastyka.","url":"https:\/\/www.speedtest.pl\/wiadomosci\/author\/bernard\/"}]}},"jetpack_featured_media_url":"https:\/\/www.speedtest.pl\/wiadomosci\/wp-content\/uploads\/2016\/10\/Fotolia_89856736_Subscription_Monthly_M.jpg","jetpack_sharing_enabled":true,"jetpack_shortlink":"https:\/\/wp.me\/p85ce0-1Dn","_links":{"self":[{"href":"https:\/\/www.speedtest.pl\/wiadomosci\/wp-json\/wp\/v2\/posts\/6285","targetHints":{"allow":["GET"]}}],"collection":[{"href":"https:\/\/www.speedtest.pl\/wiadomosci\/wp-json\/wp\/v2\/posts"}],"about":[{"href":"https:\/\/www.speedtest.pl\/wiadomosci\/wp-json\/wp\/v2\/types\/post"}],"author":[{"embeddable":true,"href":"https:\/\/www.speedtest.pl\/wiadomosci\/wp-json\/wp\/v2\/users\/13"}],"replies":[{"embeddable":true,"href":"https:\/\/www.speedtest.pl\/wiadomosci\/wp-json\/wp\/v2\/comments?post=6285"}],"version-history":[{"count":2,"href":"https:\/\/www.speedtest.pl\/wiadomosci\/wp-json\/wp\/v2\/posts\/6285\/revisions"}],"predecessor-version":[{"id":6289,"href":"https:\/\/www.speedtest.pl\/wiadomosci\/wp-json\/wp\/v2\/posts\/6285\/revisions\/6289"}],"wp:featuredmedia":[{"embeddable":true,"href":"https:\/\/www.speedtest.pl\/wiadomosci\/wp-json\/wp\/v2\/media\/6288"}],"wp:attachment":[{"href":"https:\/\/www.speedtest.pl\/wiadomosci\/wp-json\/wp\/v2\/media?parent=6285"}],"wp:term":[{"taxonomy":"category","embeddable":true,"href":"https:\/\/www.speedtest.pl\/wiadomosci\/wp-json\/wp\/v2\/categories?post=6285"},{"taxonomy":"post_tag","embeddable":true,"href":"https:\/\/www.speedtest.pl\/wiadomosci\/wp-json\/wp\/v2\/tags?post=6285"},{"taxonomy":"table_tags","embeddable":true,"href":"https:\/\/www.speedtest.pl\/wiadomosci\/wp-json\/wp\/v2\/table_tags?post=6285"}],"curies":[{"name":"wp","href":"https:\/\/api.w.org\/{rel}","templated":true}]}}