{"id":6206,"date":"2016-09-26T12:42:09","date_gmt":"2016-09-26T10:42:09","guid":{"rendered":"http:\/\/www.speedtest.pl\/wiadomosci\/?p=6206"},"modified":"2016-12-15T01:30:21","modified_gmt":"2016-12-15T00:30:21","slug":"intel-zakupil-altere-i-mikroprocesor-od-microsoft","status":"publish","type":"post","link":"https:\/\/www.speedtest.pl\/wiadomosci\/news\/intel-zakupil-altere-i-mikroprocesor-od-microsoft\/","title":{"rendered":"Intel zakupi\u0142 Alter\u0119 i mikroprocesor od Microsoft"},"content":{"rendered":"<h4 style=\"text-align: justify;\">Bardzo dobrze pami\u0119tam, jak dobre sze\u015b\u0107, a mo\u017ce siedem lat temu jeden z moich wyk\u0142adowc\u00f3w na uczelni niesamowicie zachwala\u0142 technologi\u0119 chmurowa. Wtedy wszyscy si\u0119 z tego \u015bmiali i tak naprawd\u0119 nikt z nas nie mia\u0142 poj\u0119cia, czym tak naprawd\u0119 jest ten cloud.<\/h4>\n<p style=\"text-align: justify;\">Du\u017co m\u00f3wi\u0142o si\u0119 w korporacjach o pracy na pla\u017cy, z drinkiem w r\u0119ku, o trzymaniu du\u017cych ilo\u015bci danych na serwerach, ale wszystko na tamte czasy by\u0142o tylko teori\u0105. Na dzi\u015b dzie\u0144 bez chmury nie jeste\u015bmy w stanie \u017cy\u0107. Pokusi\u0142em si\u0119 specjalnie o takie stwierdzenie, bo osobi\u015bcie nie wyobra\u017cam sobie pracy na co dzie\u0144 bez tej technologii i na pewno nie jedna osoba z was ma takie samo odczucie.<\/p>\n<h2 style=\"text-align: justify;\">Tak samo my\u015bla\u0142 jeden z In\u017cynier z Microsoft.<\/h2>\n<p style=\"text-align: justify;\">Przewidywa\u0142 on, \u017ce technologia chmurowa ogarnie rzeczywisto\u015b\u0107 w mgnieniu oka. Konsekwencj\u0105 tego jest oczywi\u015bcie zupe\u0142nie nowe i \u015bwie\u017ce podej\u015bcie do tworzenia oprogramowania, z kt\u00f3rym mamy do czynienia na co dzie\u0144. Kto siedzi w IT, ju\u017c od jakiego\u015b czasu wie, \u017ce nie zawsze tak by\u0142o. \u00d3w in\u017cynier, czyli Doug Burger proponowa\u0142 by\u0142emu <span class=\"hiddenSpellError\">CEO<\/span> Microsoft, Steve&#8217;owi <span class=\"hiddenSpellError\">Ballmerowi<\/span> zaprojektowanie specjalnego i zoptymalizowanego uk\u0142adu w\u0142a\u015bnie na potrzeby technologii <span class=\"hiddenSpellError\">cloud<\/span>&#8217;owej w\u0142a\u015bnie w firmie Microsoft. Sam <span class=\"hiddenSpellError\">Ballmer<\/span> zainteresowany propozycja nie by\u0142, a Burger znalaz\u0142 sobie sojusznika w kim\u015b innym. Tak w\u0142a\u015bnie rozpocz\u0119to prac\u0119 nad uk\u0142adem scalonym <span class=\"hiddenSpellError\">FPGA<\/span>. Jest to bezpo\u015brednio programowalna macierz bramek. Jaki\u015b czas p\u00f3\u017aniej okaza\u0142o si\u0119, \u017ce prace nad tego typu uk\u0142adami podj\u0119\u0142y jeszcze dwie firmy, a mianowicie Amazon i Google. Uk\u0142ad ten wykorzystuje teraz wiele funkcjonalno\u015bci firmy z Redmond jak cho\u0107by Bing, czy uwielbiany przeze mnie <span class=\"hiddenSpellError\">Azure<\/span>. W tej pierwszej us\u0142udze odpowiadaj\u0105 za przetwarzanie zapyta\u0144, natomiast w przypadku <span class=\"hiddenSpellError\">Azure<\/span> przyspieszaj\u0105 <span class=\"hiddenSpellError\">rutowanie<\/span> ruchu. Uk\u0142ady, kt\u00f3re gigant z Redmond zaprojektowa\u0142, tworzy firma Altera. Intel jaki\u015b czas temu zatopi\u0142 w niej swoje k\u0142y i kupi\u0142 j\u0105 za nieca\u0142e 16,7 miliard\u00f3w dolar\u00f3w.<\/p>\n","protected":false},"excerpt":{"rendered":"<p>Bardzo dobrze pami\u0119tam, jak dobre sze\u015b\u0107, a mo\u017ce siedem lat temu jeden z moich wyk\u0142adowc\u00f3w na uczelni niesamowicie zachwala\u0142 technologi\u0119 chmurowa. Wtedy wszyscy si\u0119 z tego \u015bmiali i tak naprawd\u0119 nikt z nas nie mia\u0142 poj\u0119cia, czym tak naprawd\u0119 jest ten cloud. Du\u017co m\u00f3wi\u0142o si\u0119 w korporacjach o pracy na pla\u017cy, z drinkiem w r\u0119ku, [&hellip;]<\/p>\n","protected":false},"author":12,"featured_media":6207,"comment_status":"open","ping_status":"open","sticky":false,"template":"","format":"standard","meta":{"jetpack_post_was_ever_published":false,"_jetpack_newsletter_access":"","_jetpack_dont_email_post_to_subs":true,"_jetpack_newsletter_tier_id":0,"_jetpack_memberships_contains_paywalled_content":false,"_jetpack_memberships_contains_paid_content":false,"footnotes":"","jetpack_publicize_message":"","jetpack_publicize_feature_enabled":true,"jetpack_social_post_already_shared":false,"jetpack_social_options":{"image_generator_settings":{"template":"highway","enabled":false},"version":2}},"categories":[6],"tags":[1651,54,1653,1652,854,25],"table_tags":[],"class_list":["post-6206","post","type-post","status-publish","format-standard","has-post-thumbnail","hentry","category-news","tag-altera","tag-azure","tag-fpga","tag-gpg","tag-intel","tag-microsoft"],"jetpack_publicize_connections":[],"yoast_head":"<!-- This site is optimized with the Yoast SEO plugin v24.8.1 - https:\/\/yoast.com\/wordpress\/plugins\/seo\/ -->\n<title>Intel zakupi\u0142 Alter\u0119 i mikroprocesor od Microsoft - SpeedTest.pl Wiadomo\u015bci<\/title>\n<meta name=\"robots\" content=\"index, follow, max-snippet:-1, max-image-preview:large, max-video-preview:-1\" \/>\n<link rel=\"canonical\" href=\"https:\/\/www.speedtest.pl\/wiadomosci\/news\/intel-zakupil-altere-i-mikroprocesor-od-microsoft\/\" \/>\n<meta property=\"og:locale\" content=\"pl_PL\" \/>\n<meta property=\"og:type\" content=\"article\" \/>\n<meta property=\"og:title\" content=\"Intel zakupi\u0142 Alter\u0119 i mikroprocesor od Microsoft - SpeedTest.pl Wiadomo\u015bci\" \/>\n<meta property=\"og:description\" content=\"Bardzo dobrze pami\u0119tam, jak dobre sze\u015b\u0107, a mo\u017ce siedem lat temu jeden z moich wyk\u0142adowc\u00f3w na uczelni niesamowicie zachwala\u0142 technologi\u0119 chmurowa. Wtedy wszyscy si\u0119 z tego \u015bmiali i tak naprawd\u0119 nikt z nas nie mia\u0142 poj\u0119cia, czym tak naprawd\u0119 jest ten cloud. Du\u017co m\u00f3wi\u0142o si\u0119 w korporacjach o pracy na pla\u017cy, z drinkiem w r\u0119ku, [&hellip;]\" \/>\n<meta property=\"og:url\" content=\"https:\/\/www.speedtest.pl\/wiadomosci\/news\/intel-zakupil-altere-i-mikroprocesor-od-microsoft\/\" \/>\n<meta property=\"og:site_name\" content=\"SpeedTest.pl Wiadomo\u015bci\" \/>\n<meta property=\"article:publisher\" content=\"https:\/\/www.facebook.com\/speedtestpl\/\" \/>\n<meta property=\"article:published_time\" content=\"2016-09-26T10:42:09+00:00\" \/>\n<meta property=\"article:modified_time\" content=\"2016-12-15T00:30:21+00:00\" \/>\n<meta property=\"og:image\" content=\"https:\/\/www.speedtest.pl\/wiadomosci\/wp-content\/uploads\/2016\/09\/cloud-computing-from-any-device.jpg\" \/>\n\t<meta property=\"og:image:width\" content=\"1458\" \/>\n\t<meta property=\"og:image:height\" content=\"1218\" \/>\n\t<meta property=\"og:image:type\" content=\"image\/jpeg\" \/>\n<meta name=\"author\" content=\"PJ\" \/>\n<meta name=\"twitter:card\" content=\"summary_large_image\" \/>\n<meta name=\"twitter:creator\" content=\"@speedtestpl\" \/>\n<meta name=\"twitter:site\" content=\"@speedtestpl\" \/>\n<meta name=\"twitter:label1\" content=\"Napisane przez\" \/>\n\t<meta name=\"twitter:data1\" content=\"PJ\" \/>\n\t<meta name=\"twitter:label2\" content=\"Szacowany czas czytania\" \/>\n\t<meta name=\"twitter:data2\" content=\"2 minuty\" \/>\n<script type=\"application\/ld+json\" class=\"yoast-schema-graph\">{\"@context\":\"https:\/\/schema.org\",\"@graph\":[{\"@type\":\"WebPage\",\"@id\":\"https:\/\/www.speedtest.pl\/wiadomosci\/news\/intel-zakupil-altere-i-mikroprocesor-od-microsoft\/\",\"url\":\"https:\/\/www.speedtest.pl\/wiadomosci\/news\/intel-zakupil-altere-i-mikroprocesor-od-microsoft\/\",\"name\":\"Intel zakupi\u0142 Alter\u0119 i mikroprocesor od Microsoft - SpeedTest.pl Wiadomo\u015bci\",\"isPartOf\":{\"@id\":\"https:\/\/www.speedtest.pl\/wiadomosci\/#website\"},\"primaryImageOfPage\":{\"@id\":\"https:\/\/www.speedtest.pl\/wiadomosci\/news\/intel-zakupil-altere-i-mikroprocesor-od-microsoft\/#primaryimage\"},\"image\":{\"@id\":\"https:\/\/www.speedtest.pl\/wiadomosci\/news\/intel-zakupil-altere-i-mikroprocesor-od-microsoft\/#primaryimage\"},\"thumbnailUrl\":\"https:\/\/www.speedtest.pl\/wiadomosci\/wp-content\/uploads\/2016\/09\/cloud-computing-from-any-device.jpg\",\"datePublished\":\"2016-09-26T10:42:09+00:00\",\"dateModified\":\"2016-12-15T00:30:21+00:00\",\"author\":{\"@id\":\"https:\/\/www.speedtest.pl\/wiadomosci\/#\/schema\/person\/1e51a1178096c8851f7d3ab0575726e4\"},\"breadcrumb\":{\"@id\":\"https:\/\/www.speedtest.pl\/wiadomosci\/news\/intel-zakupil-altere-i-mikroprocesor-od-microsoft\/#breadcrumb\"},\"inLanguage\":\"pl-PL\",\"potentialAction\":[{\"@type\":\"ReadAction\",\"target\":[\"https:\/\/www.speedtest.pl\/wiadomosci\/news\/intel-zakupil-altere-i-mikroprocesor-od-microsoft\/\"]}]},{\"@type\":\"ImageObject\",\"inLanguage\":\"pl-PL\",\"@id\":\"https:\/\/www.speedtest.pl\/wiadomosci\/news\/intel-zakupil-altere-i-mikroprocesor-od-microsoft\/#primaryimage\",\"url\":\"https:\/\/www.speedtest.pl\/wiadomosci\/wp-content\/uploads\/2016\/09\/cloud-computing-from-any-device.jpg\",\"contentUrl\":\"https:\/\/www.speedtest.pl\/wiadomosci\/wp-content\/uploads\/2016\/09\/cloud-computing-from-any-device.jpg\",\"width\":1458,\"height\":1218,\"caption\":\"Intel zakupi\u0142 Alter\u0119 i mikroprocesor od Microsoft\"},{\"@type\":\"BreadcrumbList\",\"@id\":\"https:\/\/www.speedtest.pl\/wiadomosci\/news\/intel-zakupil-altere-i-mikroprocesor-od-microsoft\/#breadcrumb\",\"itemListElement\":[{\"@type\":\"ListItem\",\"position\":1,\"name\":\"Strona g\u0142\u00f3wna\",\"item\":\"https:\/\/www.speedtest.pl\/wiadomosci\/\"},{\"@type\":\"ListItem\",\"position\":2,\"name\":\"Intel zakupi\u0142 Alter\u0119 i mikroprocesor od Microsoft\"}]},{\"@type\":\"WebSite\",\"@id\":\"https:\/\/www.speedtest.pl\/wiadomosci\/#website\",\"url\":\"https:\/\/www.speedtest.pl\/wiadomosci\/\",\"name\":\"SpeedTest.pl Wiadomo\u015bci\",\"description\":\"Rankingi ISP, newsy i opinie ze \u015bwiata IT, recenzje sprz\u0119tu, gry, motoryzacja\",\"potentialAction\":[{\"@type\":\"SearchAction\",\"target\":{\"@type\":\"EntryPoint\",\"urlTemplate\":\"https:\/\/www.speedtest.pl\/wiadomosci\/?s={search_term_string}\"},\"query-input\":{\"@type\":\"PropertyValueSpecification\",\"valueRequired\":true,\"valueName\":\"search_term_string\"}}],\"inLanguage\":\"pl-PL\"},{\"@type\":\"Person\",\"@id\":\"https:\/\/www.speedtest.pl\/wiadomosci\/#\/schema\/person\/1e51a1178096c8851f7d3ab0575726e4\",\"name\":\"PJ\",\"image\":{\"@type\":\"ImageObject\",\"inLanguage\":\"pl-PL\",\"@id\":\"https:\/\/www.speedtest.pl\/wiadomosci\/#\/schema\/person\/image\/\",\"url\":\"https:\/\/www.speedtest.pl\/wiadomosci\/wp-content\/uploads\/2018\/01\/AAEAAQAAAAAAAAk2AAAAJDNhNWRlODdhLWY3MjYtNGFjNC04MzY1LTI1Zjc4NmI4YmE0OQ-150x150.jpg\",\"contentUrl\":\"https:\/\/www.speedtest.pl\/wiadomosci\/wp-content\/uploads\/2018\/01\/AAEAAQAAAAAAAAk2AAAAJDNhNWRlODdhLWY3MjYtNGFjNC04MzY1LTI1Zjc4NmI4YmE0OQ-150x150.jpg\",\"caption\":\"PJ\"},\"description\":\"Przemek jest m\u00f3zgiem operacyjnym SpeedTest.pl. Studiowa\u0142 na Politechnice Wroc\u0142awskiej elektronik\u0119 i telekomunikacj\u0119. Zarz\u0105dza projektami IT, relacjami z klientami oraz nadzoruje procesy rozwoju. Prywatnie zaanga\u017cowany w rodzin\u0119, wsparcie r\u00f3\u017cnych dzia\u0142alno\u015bci charytatywnych i projekty ekstremalne.\",\"url\":\"https:\/\/www.speedtest.pl\/wiadomosci\/author\/przemek\/\"}]}<\/script>\n<!-- \/ Yoast SEO plugin. -->","yoast_head_json":{"title":"Intel zakupi\u0142 Alter\u0119 i mikroprocesor od Microsoft - SpeedTest.pl Wiadomo\u015bci","robots":{"index":"index","follow":"follow","max-snippet":"max-snippet:-1","max-image-preview":"max-image-preview:large","max-video-preview":"max-video-preview:-1"},"canonical":"https:\/\/www.speedtest.pl\/wiadomosci\/news\/intel-zakupil-altere-i-mikroprocesor-od-microsoft\/","og_locale":"pl_PL","og_type":"article","og_title":"Intel zakupi\u0142 Alter\u0119 i mikroprocesor od Microsoft - SpeedTest.pl Wiadomo\u015bci","og_description":"Bardzo dobrze pami\u0119tam, jak dobre sze\u015b\u0107, a mo\u017ce siedem lat temu jeden z moich wyk\u0142adowc\u00f3w na uczelni niesamowicie zachwala\u0142 technologi\u0119 chmurowa. Wtedy wszyscy si\u0119 z tego \u015bmiali i tak naprawd\u0119 nikt z nas nie mia\u0142 poj\u0119cia, czym tak naprawd\u0119 jest ten cloud. Du\u017co m\u00f3wi\u0142o si\u0119 w korporacjach o pracy na pla\u017cy, z drinkiem w r\u0119ku, [&hellip;]","og_url":"https:\/\/www.speedtest.pl\/wiadomosci\/news\/intel-zakupil-altere-i-mikroprocesor-od-microsoft\/","og_site_name":"SpeedTest.pl Wiadomo\u015bci","article_publisher":"https:\/\/www.facebook.com\/speedtestpl\/","article_published_time":"2016-09-26T10:42:09+00:00","article_modified_time":"2016-12-15T00:30:21+00:00","og_image":[{"width":1458,"height":1218,"url":"https:\/\/www.speedtest.pl\/wiadomosci\/wp-content\/uploads\/2016\/09\/cloud-computing-from-any-device.jpg","type":"image\/jpeg"}],"author":"PJ","twitter_card":"summary_large_image","twitter_creator":"@speedtestpl","twitter_site":"@speedtestpl","twitter_misc":{"Napisane przez":"PJ","Szacowany czas czytania":"2 minuty"},"schema":{"@context":"https:\/\/schema.org","@graph":[{"@type":"WebPage","@id":"https:\/\/www.speedtest.pl\/wiadomosci\/news\/intel-zakupil-altere-i-mikroprocesor-od-microsoft\/","url":"https:\/\/www.speedtest.pl\/wiadomosci\/news\/intel-zakupil-altere-i-mikroprocesor-od-microsoft\/","name":"Intel zakupi\u0142 Alter\u0119 i mikroprocesor od Microsoft - SpeedTest.pl Wiadomo\u015bci","isPartOf":{"@id":"https:\/\/www.speedtest.pl\/wiadomosci\/#website"},"primaryImageOfPage":{"@id":"https:\/\/www.speedtest.pl\/wiadomosci\/news\/intel-zakupil-altere-i-mikroprocesor-od-microsoft\/#primaryimage"},"image":{"@id":"https:\/\/www.speedtest.pl\/wiadomosci\/news\/intel-zakupil-altere-i-mikroprocesor-od-microsoft\/#primaryimage"},"thumbnailUrl":"https:\/\/www.speedtest.pl\/wiadomosci\/wp-content\/uploads\/2016\/09\/cloud-computing-from-any-device.jpg","datePublished":"2016-09-26T10:42:09+00:00","dateModified":"2016-12-15T00:30:21+00:00","author":{"@id":"https:\/\/www.speedtest.pl\/wiadomosci\/#\/schema\/person\/1e51a1178096c8851f7d3ab0575726e4"},"breadcrumb":{"@id":"https:\/\/www.speedtest.pl\/wiadomosci\/news\/intel-zakupil-altere-i-mikroprocesor-od-microsoft\/#breadcrumb"},"inLanguage":"pl-PL","potentialAction":[{"@type":"ReadAction","target":["https:\/\/www.speedtest.pl\/wiadomosci\/news\/intel-zakupil-altere-i-mikroprocesor-od-microsoft\/"]}]},{"@type":"ImageObject","inLanguage":"pl-PL","@id":"https:\/\/www.speedtest.pl\/wiadomosci\/news\/intel-zakupil-altere-i-mikroprocesor-od-microsoft\/#primaryimage","url":"https:\/\/www.speedtest.pl\/wiadomosci\/wp-content\/uploads\/2016\/09\/cloud-computing-from-any-device.jpg","contentUrl":"https:\/\/www.speedtest.pl\/wiadomosci\/wp-content\/uploads\/2016\/09\/cloud-computing-from-any-device.jpg","width":1458,"height":1218,"caption":"Intel zakupi\u0142 Alter\u0119 i mikroprocesor od Microsoft"},{"@type":"BreadcrumbList","@id":"https:\/\/www.speedtest.pl\/wiadomosci\/news\/intel-zakupil-altere-i-mikroprocesor-od-microsoft\/#breadcrumb","itemListElement":[{"@type":"ListItem","position":1,"name":"Strona g\u0142\u00f3wna","item":"https:\/\/www.speedtest.pl\/wiadomosci\/"},{"@type":"ListItem","position":2,"name":"Intel zakupi\u0142 Alter\u0119 i mikroprocesor od Microsoft"}]},{"@type":"WebSite","@id":"https:\/\/www.speedtest.pl\/wiadomosci\/#website","url":"https:\/\/www.speedtest.pl\/wiadomosci\/","name":"SpeedTest.pl Wiadomo\u015bci","description":"Rankingi ISP, newsy i opinie ze \u015bwiata IT, recenzje sprz\u0119tu, gry, motoryzacja","potentialAction":[{"@type":"SearchAction","target":{"@type":"EntryPoint","urlTemplate":"https:\/\/www.speedtest.pl\/wiadomosci\/?s={search_term_string}"},"query-input":{"@type":"PropertyValueSpecification","valueRequired":true,"valueName":"search_term_string"}}],"inLanguage":"pl-PL"},{"@type":"Person","@id":"https:\/\/www.speedtest.pl\/wiadomosci\/#\/schema\/person\/1e51a1178096c8851f7d3ab0575726e4","name":"PJ","image":{"@type":"ImageObject","inLanguage":"pl-PL","@id":"https:\/\/www.speedtest.pl\/wiadomosci\/#\/schema\/person\/image\/","url":"https:\/\/www.speedtest.pl\/wiadomosci\/wp-content\/uploads\/2018\/01\/AAEAAQAAAAAAAAk2AAAAJDNhNWRlODdhLWY3MjYtNGFjNC04MzY1LTI1Zjc4NmI4YmE0OQ-150x150.jpg","contentUrl":"https:\/\/www.speedtest.pl\/wiadomosci\/wp-content\/uploads\/2018\/01\/AAEAAQAAAAAAAAk2AAAAJDNhNWRlODdhLWY3MjYtNGFjNC04MzY1LTI1Zjc4NmI4YmE0OQ-150x150.jpg","caption":"PJ"},"description":"Przemek jest m\u00f3zgiem operacyjnym SpeedTest.pl. Studiowa\u0142 na Politechnice Wroc\u0142awskiej elektronik\u0119 i telekomunikacj\u0119. Zarz\u0105dza projektami IT, relacjami z klientami oraz nadzoruje procesy rozwoju. Prywatnie zaanga\u017cowany w rodzin\u0119, wsparcie r\u00f3\u017cnych dzia\u0142alno\u015bci charytatywnych i projekty ekstremalne.","url":"https:\/\/www.speedtest.pl\/wiadomosci\/author\/przemek\/"}]}},"jetpack_featured_media_url":"https:\/\/www.speedtest.pl\/wiadomosci\/wp-content\/uploads\/2016\/09\/cloud-computing-from-any-device.jpg","jetpack_sharing_enabled":true,"jetpack_shortlink":"https:\/\/wp.me\/p85ce0-1C6","_links":{"self":[{"href":"https:\/\/www.speedtest.pl\/wiadomosci\/wp-json\/wp\/v2\/posts\/6206","targetHints":{"allow":["GET"]}}],"collection":[{"href":"https:\/\/www.speedtest.pl\/wiadomosci\/wp-json\/wp\/v2\/posts"}],"about":[{"href":"https:\/\/www.speedtest.pl\/wiadomosci\/wp-json\/wp\/v2\/types\/post"}],"author":[{"embeddable":true,"href":"https:\/\/www.speedtest.pl\/wiadomosci\/wp-json\/wp\/v2\/users\/12"}],"replies":[{"embeddable":true,"href":"https:\/\/www.speedtest.pl\/wiadomosci\/wp-json\/wp\/v2\/comments?post=6206"}],"version-history":[{"count":1,"href":"https:\/\/www.speedtest.pl\/wiadomosci\/wp-json\/wp\/v2\/posts\/6206\/revisions"}],"predecessor-version":[{"id":6208,"href":"https:\/\/www.speedtest.pl\/wiadomosci\/wp-json\/wp\/v2\/posts\/6206\/revisions\/6208"}],"wp:featuredmedia":[{"embeddable":true,"href":"https:\/\/www.speedtest.pl\/wiadomosci\/wp-json\/wp\/v2\/media\/6207"}],"wp:attachment":[{"href":"https:\/\/www.speedtest.pl\/wiadomosci\/wp-json\/wp\/v2\/media?parent=6206"}],"wp:term":[{"taxonomy":"category","embeddable":true,"href":"https:\/\/www.speedtest.pl\/wiadomosci\/wp-json\/wp\/v2\/categories?post=6206"},{"taxonomy":"post_tag","embeddable":true,"href":"https:\/\/www.speedtest.pl\/wiadomosci\/wp-json\/wp\/v2\/tags?post=6206"},{"taxonomy":"table_tags","embeddable":true,"href":"https:\/\/www.speedtest.pl\/wiadomosci\/wp-json\/wp\/v2\/table_tags?post=6206"}],"curies":[{"name":"wp","href":"https:\/\/api.w.org\/{rel}","templated":true}]}}