{"id":32598,"date":"2021-04-29T22:53:39","date_gmt":"2021-04-29T20:53:39","guid":{"rendered":"https:\/\/www.speedtest.pl\/wiadomosci\/?p=32598"},"modified":"2021-04-29T22:53:40","modified_gmt":"2021-04-29T20:53:40","slug":"5g-w-pasmach-700-mhz-800-mhz-35-ghz-26-ghz-i-28-ghz-w-fazie-testow","status":"publish","type":"post","link":"https:\/\/www.speedtest.pl\/wiadomosci\/5g\/5g-w-pasmach-700-mhz-800-mhz-35-ghz-26-ghz-i-28-ghz-w-fazie-testow\/","title":{"rendered":"5G w pasmach 700 MHz, 800 MHz, 3,5 GHz, 26 GHz i 28 GHz w fazie test\u00f3w"},"content":{"rendered":"\n<p><strong>Technologia 5G od pocz\u0105tku pojawienia si\u0119 wzbudza wiele kontrowersji. Zdaje sobie spraw\u0119, \u017ce s\u0105 zar\u00f3wno jej zwolennicy, jak i przeciwnicy. Prawda jest jednak taka, \u017ce jej pojawienie si\u0119 na \u015bwiecie nie tylko zwi\u0119kszy pr\u0119dko\u015bci przesy\u0142ania danych<\/strong>. <strong>U\u0142atwi te\u017c dost\u0119p do sieci w miejscach, w kt\u00f3rych do tej pory by\u0142o to niemo\u017cliwe. Tym bardziej zadowalaj\u0105ce jest, \u017ce ruszaj\u0105 testy tej technologii na kolejnych pasmach.<\/strong><\/p>\n\n\n\n<p>Ci, co \u015bledz\u0105 wiernie wszystkie newsy na temat rozwoju technologicznego, na pewn\u0105 s\u0105 z nimi &#8222;za pan brat&#8221; i na czasie. Taka grupa ludzi b\u0119dzie zapewne zainteresowana wiadomo\u015bciami prosto ze \u017ar\u00f3d\u0142a. Jest to Sprawozdanie Prezesa UKE za rok 2020. Postaram si\u0119 przybli\u017cy\u0107 wam informacje, kt\u00f3re si\u0119 w tym dokumencie znalaz\u0142y i s\u0105 dla istotne. <\/p>\n\n\n\n<h2 class=\"wp-block-heading\">Najpewniej, najbardziej interesuj\u0105ce s\u0105 testy technologii 5G prowadzone przez operator\u00f3w. <\/h2>\n\n\n\n<p>Okazuje si\u0119 bowiem, \u017ce Urz\u0105d Komunikacji Elektronicznej poinformowa\u0142, \u017ce w 2020 r. wyda\u0142 a\u017c 329 decyzji.  S\u0105 one zezwalaj\u0105ce lub przed\u0142u\u017caj\u0105ce zezwolenia na prowadzenie test\u00f3w. W dokumencie na stronie rz\u0105dowej mo\u017cemy bowiem przeczyta\u0107 o testach, kt\u00f3re odbywaj\u0105 w pasmach 700 MHz, 800 MHz, 3,5 GHz, 26 GHz oraz 28 GHz. Najwi\u0119cej test\u00f3w by\u0142o prowadzonych w pa\u015bmie 3,5 GHz. Najbardziej aktywnymi operatorami okazali si\u0119 Play i Orange. Play prowadzi\u0142o testy w a\u017c dziesi\u0119ciu miastach Polski: Gda\u0144sku, Gdyni, Gr\u00f3jcu, Krakowie, Soko\u0142owie Podlaskim, Toruniu, Szczyrku, Warszawie, Wroc\u0142awiu, Zakopanem). Prawie wszystkie te testy odby\u0142y si\u0119 w\u0142a\u015bnie w pa\u015bmie 3,5 GHz.<\/p>\n\n\n\n<h2 class=\"wp-block-heading\">Bardzo ciekawa jest informacja, \u017ce Play\u00a0mia\u0142 uruchomione trzy stacje bazowe w pa\u015bmie 26 GHz do test\u00f3w 5G.<\/h2>\n\n\n\n<p>Play obstawi\u0142 testami a\u017c dziesi\u0119\u0107 miast (we wszystkich testowa\u0142 pasmo 3,5 GHz, a w jednym pasmo 26 GHz). \u0141\u0105cznie Play bada\u0142 na szesnastu stacjach bazowych. Testy pasma 3,5 GHz trwa\u0142y do 10 stycznia 2021, a pasma 26 GHz potrwaj\u0105 do 31.06.2021. Kolejnym bardzo pr\u0119\u017cnie dzia\u0142aj\u0105cym w tej kwestii podmiotem okaza\u0142o si\u0119 Orange. Ta sp\u00f3\u0142ka testowa\u0142a a\u017c w sze\u015bciu miastach: Chorz\u00f3w, Katowice, Lublin, Warszawa, \u0141\u00f3d\u017a i Zakopane. W pi\u0119ciu pierwszych testom podlega\u0142o pasmo 3,5 GHz, a w Zakopanem a\u017c 28 GHz. Testy 3,5 GHz odby\u0142y si\u0119 \u0142\u0105cznie na trzydziestu jeden stacjach bazowych, a 28 GHz na dw\u00f3ch stacjach. Pomiary by\u0142y robione od lutego 2020, do 10 stycznia 2021.<\/p>\n\n\n\n<h2 class=\"wp-block-heading\">Swoje testy 5G prowadzi\u0142a tak\u017ce firma T-Mobile .<\/h2>\n\n\n\n<p>Ten operator skupi\u0142 si\u0119 na eksperymentowaniu z pasmem 3,5 GHz. Badania prowadzone by\u0142y w Warszawie, gdzie wykorzystano pi\u0119tna\u015bcie stacji bazowych oraz w Katowicach, gdzie u\u017cyto pi\u0119ciu stacji. Pomiary robione by\u0142y od ko\u0144ca lutego 2020, do 10 stycznia 2021. Okazuje si\u0119, \u017ce nie tylko topowi operatorzy rynkowi prowadzili testy nowej technologii w naszym kraju. Aero2 testowa\u0142o w pa\u015bmie 3,5 GHz. Na miejsce swoich bada\u0144 wybrali Siedlce. Testy trwa\u0142y od 28 sierpnia 2020, a\u017c do ko\u0144ca listopada tego samego roku. Wykorzystano do tego trzy stacje bazowe.<\/p>\n\n\n\n<h2 class=\"wp-block-heading\">Z raportu wynika, \u017ce analogiczne testy 5G robione by\u0142y tak\u017ce przez Politechnik\u0119 \u0141\u00f3dzk\u0105 oraz przez IS-Wireless.<\/h2>\n\n\n\n<p>Politechnika \u0141\u00f3dzka prowadzi\u0142a swoje testy w pa\u015bmie 700 MHz oraz w pa\u015bmie 3,5 GHz. Dla test\u00f3w 700 MHz u\u017cy\u0142a pi\u0119ciu stacji bazowych, a testy prowadzi\u0142a od 22 stycznia 2020, do 28 lutego 2021. Ten sam operator robi\u0142 pomiary w pa\u015bmie 3,5 GHz, u\u017cywaj\u0105c do tego czterech stacji bazowych. Te testy odbywa\u0142y si\u0119 od marca 2020. Testy te jeszcze trwaj\u0105. Maj\u0105 si\u0119 zako\u0144czy\u0107 w maju tego roku. W pa\u015bmie 800 MHz testy przeprowadzali IS-Wireless. Jest to sp\u00f3\u0142ka z Piaseczna. Ta miejscowo\u015b\u0107 by\u0142a te\u017c miejscem ich bada\u0144, kt\u00f3re rozpocz\u0119\u0142y si\u0119 w pa\u017adzierniku 2020. Testy te tak\u017ce nadal trwaj\u0105. Maj\u0105 zako\u0144czy\u0107 si\u0119 we wrze\u015bniu tego roku. IS-Wireless wykorzystuje do pomiar\u00f3w jedn\u0105 stacj\u0119 bazow\u0105.<\/p>\n\n\n\n<h2 class=\"wp-block-heading\">Bardziej szczeg\u00f3\u0142owe wyniki mo\u017cecie zobaczy\u0107 w tabeli, albo doczyta\u0107 <a href=\"https:\/\/bip.uke.gov.pl\/download\/gfx\/bip\/pl\/defaultaktualnosci\/24\/19\/1\/sprawozdanie_prezesa_uke_za_2020.pdf\" rel=\"external nofollow\">w raporcie UKE<\/a>. <\/h2>\n\n\n\n<p>Oczywi\u015bcie, warto poczyta\u0107 tego typu informacje, nie tylko kiedy jest si\u0119 fanem technologii mobilnych. Warto jest pog\u0142\u0119bia\u0107 wiedz\u0119 z tego zakresu, poniewa\u017c s\u0105 to technologie, z kt\u00f3rymi pracujemy na co dzie\u0144. <a href=\"https:\/\/www.speedtest.pl\/wiadomosci\/news\/strefa-wolna-od-5g-w-krasniku-to-pomylka-z-ktorej-moze-wyniknac-cos-dobrego\/\">Niewiedza z tego tematu<\/a> sprawia, \u017ce p\u00f3\u017aniej pod stacj\u0105 bazow\u0105 stoi t\u0142um ludzi i pr\u00f3buje j\u0105 spali\u0107. Wiele os\u00f3b prowadzi te\u017c akcje maj\u0105ce na celu zniech\u0119ci\u0107 ludzi do u\u017cywania nowych technologii. Jest to oczywi\u015bcie bzdura.  Za czas\u00f3w \u015bredniowiecza palono czarownice na stosie, bo si\u0119 bano kobiet. Przykre jest to, \u017ce mimo post\u0119pu technologicznego, podobne zabiegi maj\u0105 miejsce w XXI wieku. <\/p>\n\n\n\n<figure class=\"wp-block-image size-large\"><img loading=\"lazy\" decoding=\"async\" width=\"1024\" height=\"552\" src=\"https:\/\/www.speedtest.pl\/wiadomosci\/wp-content\/uploads\/2021\/04\/image-12-1024x552.png\" alt=\"5G, testy, \" class=\"wp-image-32601\" srcset=\"https:\/\/www.speedtest.pl\/wiadomosci\/wp-content\/uploads\/2021\/04\/image-12-1024x552.png 1024w, https:\/\/www.speedtest.pl\/wiadomosci\/wp-content\/uploads\/2021\/04\/image-12-300x162.png 300w, https:\/\/www.speedtest.pl\/wiadomosci\/wp-content\/uploads\/2021\/04\/image-12-768x414.png 768w, https:\/\/www.speedtest.pl\/wiadomosci\/wp-content\/uploads\/2021\/04\/image-12-696x375.png 696w, https:\/\/www.speedtest.pl\/wiadomosci\/wp-content\/uploads\/2021\/04\/image-12-1068x575.png 1068w, https:\/\/www.speedtest.pl\/wiadomosci\/wp-content\/uploads\/2021\/04\/image-12-780x420.png 780w, https:\/\/www.speedtest.pl\/wiadomosci\/wp-content\/uploads\/2021\/04\/image-12.png 1121w\" sizes=\"auto, (max-width: 1024px) 100vw, 1024px\" \/><figcaption>Tabela: Testy 5G w Polsce w 202 roku wg. Urz\u0119du Komunikacji Elektronicznej<\/figcaption><\/figure>\n\n\n\n<p>\u0179r\u00f3d\u0142o: <a href=\"https:\/\/bip.uke.gov.pl\/sprawozdania\/sprawozdanie-prezesa-uke-za-2020-r-,19.html?fbclid=IwAR3RYslkUAINaqAqemUG3Es4HdbaZEu15nUkBRUTplFKDN8JF61wYJwWxAM\" rel=\"external nofollow\">Sprawozdanie Prezesa UKE za 2020 r. [data: 29\u00a0kwietnia\u00a02021]<\/a><\/p>\n","protected":false},"excerpt":{"rendered":"<p>Technologia 5G od pocz\u0105tku pojawienia si\u0119 wzbudza wiele kontrowersji. Zdaje sobie spraw\u0119, \u017ce s\u0105 zar\u00f3wno jej zwolennicy, jak i przeciwnicy. Prawda jest jednak taka, \u017ce jej pojawienie si\u0119 na \u015bwiecie nie tylko zwi\u0119kszy pr\u0119dko\u015bci przesy\u0142ania danych. U\u0142atwi te\u017c dost\u0119p do sieci w miejscach, w kt\u00f3rych do tej pory by\u0142o to niemo\u017cliwe. Tym bardziej zadowalaj\u0105ce jest, [&hellip;]<\/p>\n","protected":false},"author":12,"featured_media":29542,"comment_status":"closed","ping_status":"open","sticky":false,"template":"","format":"standard","meta":{"jetpack_post_was_ever_published":false,"_jetpack_newsletter_access":"","_jetpack_dont_email_post_to_subs":false,"_jetpack_newsletter_tier_id":0,"_jetpack_memberships_contains_paywalled_content":false,"_jetpack_memberships_contains_paid_content":false,"footnotes":"","jetpack_publicize_message":"Raport UKE dotycz\u0105cy test\u00f3w 5G w Polsce w pigu\u0142ce. ","jetpack_publicize_feature_enabled":true,"jetpack_social_post_already_shared":true,"jetpack_social_options":{"image_generator_settings":{"template":"highway","enabled":false},"version":2}},"categories":[2344,2016,57,253,5856],"tags":[143,627,438,630,818],"table_tags":[],"class_list":["post-32598","post","type-post","status-publish","format-standard","has-post-thumbnail","hentry","category-5g","category-esej","category-internet-mobilny","category-polecane","category-telekomunikacja","tag-5g","tag-raport","tag-testy","tag-testy-5g","tag-uke"],"jetpack_publicize_connections":[],"yoast_head":"<!-- This site is optimized with the Yoast SEO plugin v24.8.1 - https:\/\/yoast.com\/wordpress\/plugins\/seo\/ -->\n<title>5G w pasmach 700 MHz, 800 MHz... - SpeedTest.pl Wiadomo\u015bci<\/title>\n<meta name=\"description\" content=\"Technologia 5G od pocz\u0105tku pojawienia si\u0119 wzbudza wiele kontrowersji. Zdaje sobie spraw\u0119, \u017ce s\u0105 zar\u00f3wno jej zwolennicy, jak i przeciwnicy.\" \/>\n<meta name=\"robots\" content=\"index, follow, max-snippet:-1, max-image-preview:large, max-video-preview:-1\" \/>\n<link rel=\"canonical\" href=\"https:\/\/www.speedtest.pl\/wiadomosci\/5g\/5g-w-pasmach-700-mhz-800-mhz-35-ghz-26-ghz-i-28-ghz-w-fazie-testow\/\" \/>\n<meta property=\"og:locale\" content=\"pl_PL\" \/>\n<meta property=\"og:type\" content=\"article\" \/>\n<meta property=\"og:title\" content=\"5G w pasmach 700 MHz, 800 MHz... - SpeedTest.pl Wiadomo\u015bci\" \/>\n<meta property=\"og:description\" content=\"Technologia 5G od pocz\u0105tku pojawienia si\u0119 wzbudza wiele kontrowersji. Zdaje sobie spraw\u0119, \u017ce s\u0105 zar\u00f3wno jej zwolennicy, jak i przeciwnicy.\" \/>\n<meta property=\"og:url\" content=\"https:\/\/www.speedtest.pl\/wiadomosci\/5g\/5g-w-pasmach-700-mhz-800-mhz-35-ghz-26-ghz-i-28-ghz-w-fazie-testow\/\" \/>\n<meta property=\"og:site_name\" content=\"SpeedTest.pl Wiadomo\u015bci\" \/>\n<meta property=\"article:publisher\" content=\"https:\/\/www.facebook.com\/speedtestpl\/\" \/>\n<meta property=\"article:published_time\" content=\"2021-04-29T20:53:39+00:00\" \/>\n<meta property=\"article:modified_time\" content=\"2021-04-29T20:53:40+00:00\" \/>\n<meta property=\"og:image\" content=\"https:\/\/www.speedtest.pl\/wiadomosci\/wp-content\/uploads\/2020\/07\/5g.jpg\" \/>\n\t<meta property=\"og:image:width\" content=\"1024\" \/>\n\t<meta property=\"og:image:height\" content=\"576\" \/>\n\t<meta property=\"og:image:type\" content=\"image\/jpeg\" \/>\n<meta name=\"author\" content=\"PJ\" \/>\n<meta name=\"twitter:card\" content=\"summary_large_image\" \/>\n<meta name=\"twitter:creator\" content=\"@speedtestpl\" \/>\n<meta name=\"twitter:site\" content=\"@speedtestpl\" \/>\n<meta name=\"twitter:label1\" content=\"Napisane przez\" \/>\n\t<meta name=\"twitter:data1\" content=\"PJ\" \/>\n\t<meta name=\"twitter:label2\" content=\"Szacowany czas czytania\" \/>\n\t<meta name=\"twitter:data2\" content=\"4 minuty\" \/>\n<script type=\"application\/ld+json\" class=\"yoast-schema-graph\">{\"@context\":\"https:\/\/schema.org\",\"@graph\":[{\"@type\":\"WebPage\",\"@id\":\"https:\/\/www.speedtest.pl\/wiadomosci\/5g\/5g-w-pasmach-700-mhz-800-mhz-35-ghz-26-ghz-i-28-ghz-w-fazie-testow\/\",\"url\":\"https:\/\/www.speedtest.pl\/wiadomosci\/5g\/5g-w-pasmach-700-mhz-800-mhz-35-ghz-26-ghz-i-28-ghz-w-fazie-testow\/\",\"name\":\"5G w pasmach 700 MHz, 800 MHz... - SpeedTest.pl Wiadomo\u015bci\",\"isPartOf\":{\"@id\":\"https:\/\/www.speedtest.pl\/wiadomosci\/#website\"},\"primaryImageOfPage\":{\"@id\":\"https:\/\/www.speedtest.pl\/wiadomosci\/5g\/5g-w-pasmach-700-mhz-800-mhz-35-ghz-26-ghz-i-28-ghz-w-fazie-testow\/#primaryimage\"},\"image\":{\"@id\":\"https:\/\/www.speedtest.pl\/wiadomosci\/5g\/5g-w-pasmach-700-mhz-800-mhz-35-ghz-26-ghz-i-28-ghz-w-fazie-testow\/#primaryimage\"},\"thumbnailUrl\":\"https:\/\/www.speedtest.pl\/wiadomosci\/wp-content\/uploads\/2020\/07\/5g.jpg\",\"datePublished\":\"2021-04-29T20:53:39+00:00\",\"dateModified\":\"2021-04-29T20:53:40+00:00\",\"author\":{\"@id\":\"https:\/\/www.speedtest.pl\/wiadomosci\/#\/schema\/person\/1e51a1178096c8851f7d3ab0575726e4\"},\"description\":\"Technologia 5G od pocz\u0105tku pojawienia si\u0119 wzbudza wiele kontrowersji. Zdaje sobie spraw\u0119, \u017ce s\u0105 zar\u00f3wno jej zwolennicy, jak i przeciwnicy.\",\"breadcrumb\":{\"@id\":\"https:\/\/www.speedtest.pl\/wiadomosci\/5g\/5g-w-pasmach-700-mhz-800-mhz-35-ghz-26-ghz-i-28-ghz-w-fazie-testow\/#breadcrumb\"},\"inLanguage\":\"pl-PL\",\"potentialAction\":[{\"@type\":\"ReadAction\",\"target\":[\"https:\/\/www.speedtest.pl\/wiadomosci\/5g\/5g-w-pasmach-700-mhz-800-mhz-35-ghz-26-ghz-i-28-ghz-w-fazie-testow\/\"]}]},{\"@type\":\"ImageObject\",\"inLanguage\":\"pl-PL\",\"@id\":\"https:\/\/www.speedtest.pl\/wiadomosci\/5g\/5g-w-pasmach-700-mhz-800-mhz-35-ghz-26-ghz-i-28-ghz-w-fazie-testow\/#primaryimage\",\"url\":\"https:\/\/www.speedtest.pl\/wiadomosci\/wp-content\/uploads\/2020\/07\/5g.jpg\",\"contentUrl\":\"https:\/\/www.speedtest.pl\/wiadomosci\/wp-content\/uploads\/2020\/07\/5g.jpg\",\"width\":1024,\"height\":576,\"caption\":\"5G\"},{\"@type\":\"BreadcrumbList\",\"@id\":\"https:\/\/www.speedtest.pl\/wiadomosci\/5g\/5g-w-pasmach-700-mhz-800-mhz-35-ghz-26-ghz-i-28-ghz-w-fazie-testow\/#breadcrumb\",\"itemListElement\":[{\"@type\":\"ListItem\",\"position\":1,\"name\":\"Strona g\u0142\u00f3wna\",\"item\":\"https:\/\/www.speedtest.pl\/wiadomosci\/\"},{\"@type\":\"ListItem\",\"position\":2,\"name\":\"5G w pasmach 700 MHz, 800 MHz, 3,5 GHz, 26 GHz i 28 GHz w fazie test\u00f3w\"}]},{\"@type\":\"WebSite\",\"@id\":\"https:\/\/www.speedtest.pl\/wiadomosci\/#website\",\"url\":\"https:\/\/www.speedtest.pl\/wiadomosci\/\",\"name\":\"SpeedTest.pl Wiadomo\u015bci\",\"description\":\"Rankingi ISP, newsy i opinie ze \u015bwiata IT, recenzje sprz\u0119tu, gry, motoryzacja\",\"potentialAction\":[{\"@type\":\"SearchAction\",\"target\":{\"@type\":\"EntryPoint\",\"urlTemplate\":\"https:\/\/www.speedtest.pl\/wiadomosci\/?s={search_term_string}\"},\"query-input\":{\"@type\":\"PropertyValueSpecification\",\"valueRequired\":true,\"valueName\":\"search_term_string\"}}],\"inLanguage\":\"pl-PL\"},{\"@type\":\"Person\",\"@id\":\"https:\/\/www.speedtest.pl\/wiadomosci\/#\/schema\/person\/1e51a1178096c8851f7d3ab0575726e4\",\"name\":\"PJ\",\"image\":{\"@type\":\"ImageObject\",\"inLanguage\":\"pl-PL\",\"@id\":\"https:\/\/www.speedtest.pl\/wiadomosci\/#\/schema\/person\/image\/\",\"url\":\"https:\/\/www.speedtest.pl\/wiadomosci\/wp-content\/uploads\/2018\/01\/AAEAAQAAAAAAAAk2AAAAJDNhNWRlODdhLWY3MjYtNGFjNC04MzY1LTI1Zjc4NmI4YmE0OQ-150x150.jpg\",\"contentUrl\":\"https:\/\/www.speedtest.pl\/wiadomosci\/wp-content\/uploads\/2018\/01\/AAEAAQAAAAAAAAk2AAAAJDNhNWRlODdhLWY3MjYtNGFjNC04MzY1LTI1Zjc4NmI4YmE0OQ-150x150.jpg\",\"caption\":\"PJ\"},\"description\":\"Przemek jest m\u00f3zgiem operacyjnym SpeedTest.pl. Studiowa\u0142 na Politechnice Wroc\u0142awskiej elektronik\u0119 i telekomunikacj\u0119. Zarz\u0105dza projektami IT, relacjami z klientami oraz nadzoruje procesy rozwoju. Prywatnie zaanga\u017cowany w rodzin\u0119, wsparcie r\u00f3\u017cnych dzia\u0142alno\u015bci charytatywnych i projekty ekstremalne.\",\"url\":\"https:\/\/www.speedtest.pl\/wiadomosci\/author\/przemek\/\"}]}<\/script>\n<!-- \/ Yoast SEO plugin. -->","yoast_head_json":{"title":"5G w pasmach 700 MHz, 800 MHz... - SpeedTest.pl Wiadomo\u015bci","description":"Technologia 5G od pocz\u0105tku pojawienia si\u0119 wzbudza wiele kontrowersji. Zdaje sobie spraw\u0119, \u017ce s\u0105 zar\u00f3wno jej zwolennicy, jak i przeciwnicy.","robots":{"index":"index","follow":"follow","max-snippet":"max-snippet:-1","max-image-preview":"max-image-preview:large","max-video-preview":"max-video-preview:-1"},"canonical":"https:\/\/www.speedtest.pl\/wiadomosci\/5g\/5g-w-pasmach-700-mhz-800-mhz-35-ghz-26-ghz-i-28-ghz-w-fazie-testow\/","og_locale":"pl_PL","og_type":"article","og_title":"5G w pasmach 700 MHz, 800 MHz... - SpeedTest.pl Wiadomo\u015bci","og_description":"Technologia 5G od pocz\u0105tku pojawienia si\u0119 wzbudza wiele kontrowersji. Zdaje sobie spraw\u0119, \u017ce s\u0105 zar\u00f3wno jej zwolennicy, jak i przeciwnicy.","og_url":"https:\/\/www.speedtest.pl\/wiadomosci\/5g\/5g-w-pasmach-700-mhz-800-mhz-35-ghz-26-ghz-i-28-ghz-w-fazie-testow\/","og_site_name":"SpeedTest.pl Wiadomo\u015bci","article_publisher":"https:\/\/www.facebook.com\/speedtestpl\/","article_published_time":"2021-04-29T20:53:39+00:00","article_modified_time":"2021-04-29T20:53:40+00:00","og_image":[{"width":1024,"height":576,"url":"https:\/\/www.speedtest.pl\/wiadomosci\/wp-content\/uploads\/2020\/07\/5g.jpg","type":"image\/jpeg"}],"author":"PJ","twitter_card":"summary_large_image","twitter_creator":"@speedtestpl","twitter_site":"@speedtestpl","twitter_misc":{"Napisane przez":"PJ","Szacowany czas czytania":"4 minuty"},"schema":{"@context":"https:\/\/schema.org","@graph":[{"@type":"WebPage","@id":"https:\/\/www.speedtest.pl\/wiadomosci\/5g\/5g-w-pasmach-700-mhz-800-mhz-35-ghz-26-ghz-i-28-ghz-w-fazie-testow\/","url":"https:\/\/www.speedtest.pl\/wiadomosci\/5g\/5g-w-pasmach-700-mhz-800-mhz-35-ghz-26-ghz-i-28-ghz-w-fazie-testow\/","name":"5G w pasmach 700 MHz, 800 MHz... - SpeedTest.pl Wiadomo\u015bci","isPartOf":{"@id":"https:\/\/www.speedtest.pl\/wiadomosci\/#website"},"primaryImageOfPage":{"@id":"https:\/\/www.speedtest.pl\/wiadomosci\/5g\/5g-w-pasmach-700-mhz-800-mhz-35-ghz-26-ghz-i-28-ghz-w-fazie-testow\/#primaryimage"},"image":{"@id":"https:\/\/www.speedtest.pl\/wiadomosci\/5g\/5g-w-pasmach-700-mhz-800-mhz-35-ghz-26-ghz-i-28-ghz-w-fazie-testow\/#primaryimage"},"thumbnailUrl":"https:\/\/www.speedtest.pl\/wiadomosci\/wp-content\/uploads\/2020\/07\/5g.jpg","datePublished":"2021-04-29T20:53:39+00:00","dateModified":"2021-04-29T20:53:40+00:00","author":{"@id":"https:\/\/www.speedtest.pl\/wiadomosci\/#\/schema\/person\/1e51a1178096c8851f7d3ab0575726e4"},"description":"Technologia 5G od pocz\u0105tku pojawienia si\u0119 wzbudza wiele kontrowersji. Zdaje sobie spraw\u0119, \u017ce s\u0105 zar\u00f3wno jej zwolennicy, jak i przeciwnicy.","breadcrumb":{"@id":"https:\/\/www.speedtest.pl\/wiadomosci\/5g\/5g-w-pasmach-700-mhz-800-mhz-35-ghz-26-ghz-i-28-ghz-w-fazie-testow\/#breadcrumb"},"inLanguage":"pl-PL","potentialAction":[{"@type":"ReadAction","target":["https:\/\/www.speedtest.pl\/wiadomosci\/5g\/5g-w-pasmach-700-mhz-800-mhz-35-ghz-26-ghz-i-28-ghz-w-fazie-testow\/"]}]},{"@type":"ImageObject","inLanguage":"pl-PL","@id":"https:\/\/www.speedtest.pl\/wiadomosci\/5g\/5g-w-pasmach-700-mhz-800-mhz-35-ghz-26-ghz-i-28-ghz-w-fazie-testow\/#primaryimage","url":"https:\/\/www.speedtest.pl\/wiadomosci\/wp-content\/uploads\/2020\/07\/5g.jpg","contentUrl":"https:\/\/www.speedtest.pl\/wiadomosci\/wp-content\/uploads\/2020\/07\/5g.jpg","width":1024,"height":576,"caption":"5G"},{"@type":"BreadcrumbList","@id":"https:\/\/www.speedtest.pl\/wiadomosci\/5g\/5g-w-pasmach-700-mhz-800-mhz-35-ghz-26-ghz-i-28-ghz-w-fazie-testow\/#breadcrumb","itemListElement":[{"@type":"ListItem","position":1,"name":"Strona g\u0142\u00f3wna","item":"https:\/\/www.speedtest.pl\/wiadomosci\/"},{"@type":"ListItem","position":2,"name":"5G w pasmach 700 MHz, 800 MHz, 3,5 GHz, 26 GHz i 28 GHz w fazie test\u00f3w"}]},{"@type":"WebSite","@id":"https:\/\/www.speedtest.pl\/wiadomosci\/#website","url":"https:\/\/www.speedtest.pl\/wiadomosci\/","name":"SpeedTest.pl Wiadomo\u015bci","description":"Rankingi ISP, newsy i opinie ze \u015bwiata IT, recenzje sprz\u0119tu, gry, motoryzacja","potentialAction":[{"@type":"SearchAction","target":{"@type":"EntryPoint","urlTemplate":"https:\/\/www.speedtest.pl\/wiadomosci\/?s={search_term_string}"},"query-input":{"@type":"PropertyValueSpecification","valueRequired":true,"valueName":"search_term_string"}}],"inLanguage":"pl-PL"},{"@type":"Person","@id":"https:\/\/www.speedtest.pl\/wiadomosci\/#\/schema\/person\/1e51a1178096c8851f7d3ab0575726e4","name":"PJ","image":{"@type":"ImageObject","inLanguage":"pl-PL","@id":"https:\/\/www.speedtest.pl\/wiadomosci\/#\/schema\/person\/image\/","url":"https:\/\/www.speedtest.pl\/wiadomosci\/wp-content\/uploads\/2018\/01\/AAEAAQAAAAAAAAk2AAAAJDNhNWRlODdhLWY3MjYtNGFjNC04MzY1LTI1Zjc4NmI4YmE0OQ-150x150.jpg","contentUrl":"https:\/\/www.speedtest.pl\/wiadomosci\/wp-content\/uploads\/2018\/01\/AAEAAQAAAAAAAAk2AAAAJDNhNWRlODdhLWY3MjYtNGFjNC04MzY1LTI1Zjc4NmI4YmE0OQ-150x150.jpg","caption":"PJ"},"description":"Przemek jest m\u00f3zgiem operacyjnym SpeedTest.pl. Studiowa\u0142 na Politechnice Wroc\u0142awskiej elektronik\u0119 i telekomunikacj\u0119. Zarz\u0105dza projektami IT, relacjami z klientami oraz nadzoruje procesy rozwoju. Prywatnie zaanga\u017cowany w rodzin\u0119, wsparcie r\u00f3\u017cnych dzia\u0142alno\u015bci charytatywnych i projekty ekstremalne.","url":"https:\/\/www.speedtest.pl\/wiadomosci\/author\/przemek\/"}]}},"jetpack_featured_media_url":"https:\/\/www.speedtest.pl\/wiadomosci\/wp-content\/uploads\/2020\/07\/5g.jpg","jetpack_sharing_enabled":true,"jetpack_shortlink":"https:\/\/wp.me\/p85ce0-8tM","_links":{"self":[{"href":"https:\/\/www.speedtest.pl\/wiadomosci\/wp-json\/wp\/v2\/posts\/32598","targetHints":{"allow":["GET"]}}],"collection":[{"href":"https:\/\/www.speedtest.pl\/wiadomosci\/wp-json\/wp\/v2\/posts"}],"about":[{"href":"https:\/\/www.speedtest.pl\/wiadomosci\/wp-json\/wp\/v2\/types\/post"}],"author":[{"embeddable":true,"href":"https:\/\/www.speedtest.pl\/wiadomosci\/wp-json\/wp\/v2\/users\/12"}],"replies":[{"embeddable":true,"href":"https:\/\/www.speedtest.pl\/wiadomosci\/wp-json\/wp\/v2\/comments?post=32598"}],"version-history":[{"count":2,"href":"https:\/\/www.speedtest.pl\/wiadomosci\/wp-json\/wp\/v2\/posts\/32598\/revisions"}],"predecessor-version":[{"id":32602,"href":"https:\/\/www.speedtest.pl\/wiadomosci\/wp-json\/wp\/v2\/posts\/32598\/revisions\/32602"}],"wp:featuredmedia":[{"embeddable":true,"href":"https:\/\/www.speedtest.pl\/wiadomosci\/wp-json\/wp\/v2\/media\/29542"}],"wp:attachment":[{"href":"https:\/\/www.speedtest.pl\/wiadomosci\/wp-json\/wp\/v2\/media?parent=32598"}],"wp:term":[{"taxonomy":"category","embeddable":true,"href":"https:\/\/www.speedtest.pl\/wiadomosci\/wp-json\/wp\/v2\/categories?post=32598"},{"taxonomy":"post_tag","embeddable":true,"href":"https:\/\/www.speedtest.pl\/wiadomosci\/wp-json\/wp\/v2\/tags?post=32598"},{"taxonomy":"table_tags","embeddable":true,"href":"https:\/\/www.speedtest.pl\/wiadomosci\/wp-json\/wp\/v2\/table_tags?post=32598"}],"curies":[{"name":"wp","href":"https:\/\/api.w.org\/{rel}","templated":true}]}}