{"id":32536,"date":"2021-04-26T23:11:42","date_gmt":"2021-04-26T21:11:42","guid":{"rendered":"https:\/\/www.speedtest.pl\/wiadomosci\/?p=32536"},"modified":"2021-04-26T23:11:42","modified_gmt":"2021-04-26T21:11:42","slug":"moratorium-na-5g-w-szwajcarskich-kantonach-jest-nielegalne","status":"publish","type":"post","link":"https:\/\/www.speedtest.pl\/wiadomosci\/5g\/moratorium-na-5g-w-szwajcarskich-kantonach-jest-nielegalne\/","title":{"rendered":"Moratorium na 5G w szwajcarskich kantonach jest nielegalne"},"content":{"rendered":"\n<p><strong>\u015arodowiska antykom\u00f3rkowe od d\u0142u\u017cszego czasu za wz\u00f3r podej\u015bcia do sprawy budowy sieci 5G podaj\u0105 Szwajcari\u0119. To nic, \u017ce rozpropagowany przez nich sensacyjny news <a href=\"https:\/\/www.speedtest.pl\/wiadomosci\/news\/fakenews-dot-5g-w-szwajcarii-zyje-swoim-zyciem\/\">okaza\u0142 si\u0119 fake newsem<\/a>. Jeszcze do dzi\u015b mogli oni powtarza\u0107, \u017ce i tak 5G jest wstrzymywane na poziomie kanton\u00f3w. Wojuj\u0105cy z promieniowaniem elektromagnetycznym chcieliby, \u017ceby r\u00f3wnie\u017c w Polsce (na wz\u00f3r Szwajcarii) samorz\u0105dy mog\u0142y zakaza\u0107 instalacji stacji bazowych 5G. Okazuje si\u0119, \u017ce nawet w Szwajcarii takie lokalne ograniczanie dzia\u0142alno\u015bci operator\u00f3w jest po prostu bezprawne.<\/strong><\/p>\n\n\n\n<p>Genewa sta\u0142a si\u0119 w 2019 roku symbolem zwyci\u0119stwa spo\u0142eczno\u015bci antykom\u00f3rkowej nad &#8222;z\u0142ymi telekomami&#8221;. Tamtejsze w\u0142adze za pomoc\u0105 lokalnego moratorium zakaza\u0142y instalacji nowych stacji bazowych 5G oraz rozbudowy dotychczasowych nadajnik\u00f3w. Przepisy mia\u0142y zosta\u0107 cofni\u0119te. Jednak przygotowany na zlecenie w\u0142adz federalnych raport nie rozwia\u0142 w\u0105tpliwo\u015bci dotycz\u0105cych potencjalnego negatywnego wp\u0142ywu nowej technologii na zdrowie mieszka\u0144c\u00f3w.<\/p>\n\n\n\n<p>Z decyzj\u0105 lokalnych w\u0142adz nie zgodzili si\u0119 operatorzy. Swisscom, Sunrise i Salt (czyli wszyscy szwajcarscy infrastrukturalni operatorzy telefonii kom\u00f3rkowej) z\u0142o\u017cyli skarg\u0119 do Trybuna\u0142u Sprawiedliwo\u015bci w Genewie.<\/p>\n\n\n\n<h2 class=\"wp-block-heading\">Lokalne zakazy na budow\u0119 sieci 5G s\u0105 w Szwajcarii niezgodne z prawem<\/h2>\n\n\n\n<p>Trybuna\u0142, kt\u00f3ry rozpatrzy\u0142 skarg\u0119 operator\u00f3w, uzna\u0142, \u017ce ustawa wprowadzona przez genewski kanton <a href=\"https:\/\/www.letemps.ch\/suisse\/geneve-loi-anti5g-invalidee\" target=\"_blank\" rel=\"noreferrer noopener external nofollow\">jest sprzeczna z prawem federalnym<\/a>. Lokalni rz\u0105dz\u0105cy chcieli m.in. zakaza\u0107 operatorom jakiejkolwiek modyfikacj\u0119 istniej\u0105cej instalacji. Jednak to nie wszystko. Trybuna\u0142 Sprawiedliwo\u015bci dopatrzy\u0142 si\u0119, \u017ce lokalne w\u0142adze chcia\u0142y za pomoc\u0105 swojej ustawy zakwestionowa\u0107 przyj\u0119te w prawie federalnym przepisy dotycz\u0105ce dopuszczalne poziomy promieniowania elektromagnetycznego (czyli tzw. normy PEM). Warto tutaj doda\u0107, \u017ce w Szwajcarii obowi\u0105zuj\u0105 do\u015b\u0107 surowe limity, a przyj\u0119ta w przepisach metodyka zawy\u017ca promieniowanie pochodz\u0105ce od anten adaptacyjnych.<\/p>\n\n\n\n<p><strong>Przeczytaj r\u00f3wnie\u017c: <a href=\"https:\/\/www.speedtest.pl\/wiadomosci\/news\/szwajcaria-nie-chce-poluzowac-norm-pem\/\">Szwajcaria nie chce (jeszcze) poluzowa\u0107 norm PEM<\/a><\/strong><\/p>\n\n\n\n<p>Wspomniane genewskie moratorium na instalacje 5G przesta\u0142o obowi\u0105zywa\u0107 wraz z wydaniem orzeczenia Trybuna\u0142u Sprawiedliwo\u015bci. W\u0142adze kantonu nie zadeklarowa\u0142y czy b\u0119d\u0105 si\u0119 od niego odwo\u0142ywa\u0107. Dla \u015brodowisk antykom\u00f3rkowych oznacza to, \u017ce maj\u0105 jeden argument mniej i nie mog\u0105 ju\u017c pokazywa\u0107 Szwajcarii jako kraj godny na\u015bladowania. Tak samo jest z Francj\u0105, gdzie Agencja ds. \u017bywno\u015bci, \u015arodowiska i Bezpiecze\u0144stwa Higieny Pracy (ANSES) o\u015bwiadczy\u0142a, \u017ce nie ma \u017cadnych przeciwwskaza\u0144 do wdro\u017cenia sieci 5G na cz\u0119stotliwo\u015bciach z pasma 3,5 GHz.<\/p>\n\n\n\n<p>Na koniec warto zaznaczy\u0107, \u017ce r\u00f3wnie\u017c polskie \u015brodowiska anty-5G mia\u0142y ochot\u0119 na wprowadzenie lokalnych moratori\u00f3w. W tym celu rozes\u0142ali oni do samorz\u0105d\u00f3w petycj\u0119, o <a href=\"https:\/\/www.speedtest.pl\/wiadomosci\/news\/strefa-wolna-od-5g-w-krasniku-to-pomylka-z-ktorej-moze-wyniknac-cos-dobrego\/\">kt\u00f3rej us\u0142ysza\u0142a ca\u0142a Polska<\/a>. Na szcz\u0119\u015bcie po kr\u00f3tkiej interwencji &#8222;telekomunikacyjnych egzorcyst\u00f3w&#8221; <a href=\"https:\/\/www.speedtest.pl\/wiadomosci\/internet-mobilny\/krasnik-uchylil-ustawe-ws-5g-to-wielka-porazka-antykomorkowego-lobby\/\">radni z Kra\u015bnika uchylili<\/a> t\u0105 wadliw\u0105 (r\u00f3wnie\u017c pod k\u0105tem prawnym) petycj\u0119.<\/p>\n","protected":false},"excerpt":{"rendered":"<p>\u015arodowiska antykom\u00f3rkowe od d\u0142u\u017cszego czasu za wz\u00f3r podej\u015bcia do sprawy budowy sieci 5G podaj\u0105 Szwajcari\u0119. To nic, \u017ce rozpropagowany przez nich sensacyjny news okaza\u0142 si\u0119 fake newsem. Jeszcze do dzi\u015b mogli oni powtarza\u0107, \u017ce i tak 5G jest wstrzymywane na poziomie kanton\u00f3w. Wojuj\u0105cy z promieniowaniem elektromagnetycznym chcieliby, \u017ceby r\u00f3wnie\u017c w Polsce (na wz\u00f3r Szwajcarii) samorz\u0105dy [&hellip;]<\/p>\n","protected":false},"author":13,"featured_media":27010,"comment_status":"closed","ping_status":"open","sticky":false,"template":"","format":"standard","meta":{"jetpack_post_was_ever_published":false,"_jetpack_newsletter_access":"","_jetpack_dont_email_post_to_subs":false,"_jetpack_newsletter_tier_id":0,"_jetpack_memberships_contains_paywalled_content":false,"_jetpack_memberships_contains_paid_content":false,"footnotes":"","jetpack_publicize_message":"","jetpack_publicize_feature_enabled":true,"jetpack_social_post_already_shared":true,"jetpack_social_options":{"image_generator_settings":{"template":"highway","enabled":false},"version":2}},"categories":[2344],"tags":[143,4622,7087,7086,532,4934],"table_tags":[],"class_list":["post-32536","post","type-post","status-publish","format-standard","has-post-thumbnail","hentry","category-5g","tag-5g","tag-anty-5g","tag-genewa","tag-moratorium","tag-prawo","tag-szwajcaria"],"jetpack_publicize_connections":[],"yoast_head":"<!-- This site is optimized with the Yoast SEO plugin v24.8.1 - https:\/\/yoast.com\/wordpress\/plugins\/seo\/ -->\n<title>Moratorium na 5G w szwajcarskich kantonach jest nielegalne - SpeedTest<\/title>\n<meta name=\"description\" content=\"Lokalne zakazy na budow\u0119 sieci 5G s\u0105 w Szwajcarii niezgodne z prawem. Prawo lokalne nie mo\u017ce by\u0107 sprzeczne z prawem federalnym.\" \/>\n<meta name=\"robots\" content=\"index, follow, max-snippet:-1, max-image-preview:large, max-video-preview:-1\" \/>\n<link rel=\"canonical\" href=\"https:\/\/www.speedtest.pl\/wiadomosci\/5g\/moratorium-na-5g-w-szwajcarskich-kantonach-jest-nielegalne\/\" \/>\n<meta property=\"og:locale\" content=\"pl_PL\" \/>\n<meta property=\"og:type\" content=\"article\" \/>\n<meta property=\"og:title\" content=\"Moratorium na 5G w szwajcarskich kantonach jest nielegalne - SpeedTest\" \/>\n<meta property=\"og:description\" content=\"Lokalne zakazy na budow\u0119 sieci 5G s\u0105 w Szwajcarii niezgodne z prawem. Prawo lokalne nie mo\u017ce by\u0107 sprzeczne z prawem federalnym.\" \/>\n<meta property=\"og:url\" content=\"https:\/\/www.speedtest.pl\/wiadomosci\/5g\/moratorium-na-5g-w-szwajcarskich-kantonach-jest-nielegalne\/\" \/>\n<meta property=\"og:site_name\" content=\"SpeedTest.pl Wiadomo\u015bci\" \/>\n<meta property=\"article:publisher\" content=\"https:\/\/www.facebook.com\/speedtestpl\/\" \/>\n<meta property=\"article:published_time\" content=\"2021-04-26T21:11:42+00:00\" \/>\n<meta property=\"og:image\" content=\"https:\/\/www.speedtest.pl\/wiadomosci\/wp-content\/uploads\/2020\/02\/Szwajcaria-5G.jpg\" \/>\n\t<meta property=\"og:image:width\" content=\"1024\" \/>\n\t<meta property=\"og:image:height\" content=\"576\" \/>\n\t<meta property=\"og:image:type\" content=\"image\/jpeg\" \/>\n<meta name=\"author\" content=\"BS\" \/>\n<meta name=\"twitter:card\" content=\"summary_large_image\" \/>\n<meta name=\"twitter:creator\" content=\"@speedtestpl\" \/>\n<meta name=\"twitter:site\" content=\"@speedtestpl\" \/>\n<meta name=\"twitter:label1\" content=\"Napisane przez\" \/>\n\t<meta name=\"twitter:data1\" content=\"BS\" \/>\n\t<meta name=\"twitter:label2\" content=\"Szacowany czas czytania\" \/>\n\t<meta name=\"twitter:data2\" content=\"2 minuty\" \/>\n<script type=\"application\/ld+json\" class=\"yoast-schema-graph\">{\"@context\":\"https:\/\/schema.org\",\"@graph\":[{\"@type\":\"WebPage\",\"@id\":\"https:\/\/www.speedtest.pl\/wiadomosci\/5g\/moratorium-na-5g-w-szwajcarskich-kantonach-jest-nielegalne\/\",\"url\":\"https:\/\/www.speedtest.pl\/wiadomosci\/5g\/moratorium-na-5g-w-szwajcarskich-kantonach-jest-nielegalne\/\",\"name\":\"Moratorium na 5G w szwajcarskich kantonach jest nielegalne - SpeedTest\",\"isPartOf\":{\"@id\":\"https:\/\/www.speedtest.pl\/wiadomosci\/#website\"},\"primaryImageOfPage\":{\"@id\":\"https:\/\/www.speedtest.pl\/wiadomosci\/5g\/moratorium-na-5g-w-szwajcarskich-kantonach-jest-nielegalne\/#primaryimage\"},\"image\":{\"@id\":\"https:\/\/www.speedtest.pl\/wiadomosci\/5g\/moratorium-na-5g-w-szwajcarskich-kantonach-jest-nielegalne\/#primaryimage\"},\"thumbnailUrl\":\"https:\/\/www.speedtest.pl\/wiadomosci\/wp-content\/uploads\/2020\/02\/Szwajcaria-5G.jpg\",\"datePublished\":\"2021-04-26T21:11:42+00:00\",\"author\":{\"@id\":\"https:\/\/www.speedtest.pl\/wiadomosci\/#\/schema\/person\/585facd68912bef34cadd731cd3edaf2\"},\"description\":\"Lokalne zakazy na budow\u0119 sieci 5G s\u0105 w Szwajcarii niezgodne z prawem. Prawo lokalne nie mo\u017ce by\u0107 sprzeczne z prawem federalnym.\",\"breadcrumb\":{\"@id\":\"https:\/\/www.speedtest.pl\/wiadomosci\/5g\/moratorium-na-5g-w-szwajcarskich-kantonach-jest-nielegalne\/#breadcrumb\"},\"inLanguage\":\"pl-PL\",\"potentialAction\":[{\"@type\":\"ReadAction\",\"target\":[\"https:\/\/www.speedtest.pl\/wiadomosci\/5g\/moratorium-na-5g-w-szwajcarskich-kantonach-jest-nielegalne\/\"]}]},{\"@type\":\"ImageObject\",\"inLanguage\":\"pl-PL\",\"@id\":\"https:\/\/www.speedtest.pl\/wiadomosci\/5g\/moratorium-na-5g-w-szwajcarskich-kantonach-jest-nielegalne\/#primaryimage\",\"url\":\"https:\/\/www.speedtest.pl\/wiadomosci\/wp-content\/uploads\/2020\/02\/Szwajcaria-5G.jpg\",\"contentUrl\":\"https:\/\/www.speedtest.pl\/wiadomosci\/wp-content\/uploads\/2020\/02\/Szwajcaria-5G.jpg\",\"width\":1024,\"height\":576,\"caption\":\"Szwajcaria 5G\"},{\"@type\":\"BreadcrumbList\",\"@id\":\"https:\/\/www.speedtest.pl\/wiadomosci\/5g\/moratorium-na-5g-w-szwajcarskich-kantonach-jest-nielegalne\/#breadcrumb\",\"itemListElement\":[{\"@type\":\"ListItem\",\"position\":1,\"name\":\"Strona g\u0142\u00f3wna\",\"item\":\"https:\/\/www.speedtest.pl\/wiadomosci\/\"},{\"@type\":\"ListItem\",\"position\":2,\"name\":\"Moratorium na 5G w szwajcarskich kantonach jest nielegalne\"}]},{\"@type\":\"WebSite\",\"@id\":\"https:\/\/www.speedtest.pl\/wiadomosci\/#website\",\"url\":\"https:\/\/www.speedtest.pl\/wiadomosci\/\",\"name\":\"SpeedTest.pl Wiadomo\u015bci\",\"description\":\"Rankingi ISP, newsy i opinie ze \u015bwiata IT, recenzje sprz\u0119tu, gry, motoryzacja\",\"potentialAction\":[{\"@type\":\"SearchAction\",\"target\":{\"@type\":\"EntryPoint\",\"urlTemplate\":\"https:\/\/www.speedtest.pl\/wiadomosci\/?s={search_term_string}\"},\"query-input\":{\"@type\":\"PropertyValueSpecification\",\"valueRequired\":true,\"valueName\":\"search_term_string\"}}],\"inLanguage\":\"pl-PL\"},{\"@type\":\"Person\",\"@id\":\"https:\/\/www.speedtest.pl\/wiadomosci\/#\/schema\/person\/585facd68912bef34cadd731cd3edaf2\",\"name\":\"BS\",\"image\":{\"@type\":\"ImageObject\",\"inLanguage\":\"pl-PL\",\"@id\":\"https:\/\/www.speedtest.pl\/wiadomosci\/#\/schema\/person\/image\/\",\"url\":\"https:\/\/www.speedtest.pl\/wiadomosci\/wp-content\/uploads\/2018\/01\/bek.png\",\"contentUrl\":\"https:\/\/www.speedtest.pl\/wiadomosci\/wp-content\/uploads\/2018\/01\/bek.png\",\"caption\":\"BS\"},\"description\":\"Bernard to redaktor naczelny SpeedTest.pl. Jest analitykiem i pasjonatem gier. Studiowa\u0142 na Politechnice Wroc\u0142awskiej informatyk\u0119 i zarz\u0105dzanie. Lubi szybkie samochody, podr\u00f3\u017ce do egzotycznych kraj\u00f3w oraz dobre ksi\u0105\u017cki z kategorii fantastyka.\",\"url\":\"https:\/\/www.speedtest.pl\/wiadomosci\/author\/bernard\/\"}]}<\/script>\n<!-- \/ Yoast SEO plugin. -->","yoast_head_json":{"title":"Moratorium na 5G w szwajcarskich kantonach jest nielegalne - SpeedTest","description":"Lokalne zakazy na budow\u0119 sieci 5G s\u0105 w Szwajcarii niezgodne z prawem. Prawo lokalne nie mo\u017ce by\u0107 sprzeczne z prawem federalnym.","robots":{"index":"index","follow":"follow","max-snippet":"max-snippet:-1","max-image-preview":"max-image-preview:large","max-video-preview":"max-video-preview:-1"},"canonical":"https:\/\/www.speedtest.pl\/wiadomosci\/5g\/moratorium-na-5g-w-szwajcarskich-kantonach-jest-nielegalne\/","og_locale":"pl_PL","og_type":"article","og_title":"Moratorium na 5G w szwajcarskich kantonach jest nielegalne - SpeedTest","og_description":"Lokalne zakazy na budow\u0119 sieci 5G s\u0105 w Szwajcarii niezgodne z prawem. Prawo lokalne nie mo\u017ce by\u0107 sprzeczne z prawem federalnym.","og_url":"https:\/\/www.speedtest.pl\/wiadomosci\/5g\/moratorium-na-5g-w-szwajcarskich-kantonach-jest-nielegalne\/","og_site_name":"SpeedTest.pl Wiadomo\u015bci","article_publisher":"https:\/\/www.facebook.com\/speedtestpl\/","article_published_time":"2021-04-26T21:11:42+00:00","og_image":[{"width":1024,"height":576,"url":"https:\/\/www.speedtest.pl\/wiadomosci\/wp-content\/uploads\/2020\/02\/Szwajcaria-5G.jpg","type":"image\/jpeg"}],"author":"BS","twitter_card":"summary_large_image","twitter_creator":"@speedtestpl","twitter_site":"@speedtestpl","twitter_misc":{"Napisane przez":"BS","Szacowany czas czytania":"2 minuty"},"schema":{"@context":"https:\/\/schema.org","@graph":[{"@type":"WebPage","@id":"https:\/\/www.speedtest.pl\/wiadomosci\/5g\/moratorium-na-5g-w-szwajcarskich-kantonach-jest-nielegalne\/","url":"https:\/\/www.speedtest.pl\/wiadomosci\/5g\/moratorium-na-5g-w-szwajcarskich-kantonach-jest-nielegalne\/","name":"Moratorium na 5G w szwajcarskich kantonach jest nielegalne - SpeedTest","isPartOf":{"@id":"https:\/\/www.speedtest.pl\/wiadomosci\/#website"},"primaryImageOfPage":{"@id":"https:\/\/www.speedtest.pl\/wiadomosci\/5g\/moratorium-na-5g-w-szwajcarskich-kantonach-jest-nielegalne\/#primaryimage"},"image":{"@id":"https:\/\/www.speedtest.pl\/wiadomosci\/5g\/moratorium-na-5g-w-szwajcarskich-kantonach-jest-nielegalne\/#primaryimage"},"thumbnailUrl":"https:\/\/www.speedtest.pl\/wiadomosci\/wp-content\/uploads\/2020\/02\/Szwajcaria-5G.jpg","datePublished":"2021-04-26T21:11:42+00:00","author":{"@id":"https:\/\/www.speedtest.pl\/wiadomosci\/#\/schema\/person\/585facd68912bef34cadd731cd3edaf2"},"description":"Lokalne zakazy na budow\u0119 sieci 5G s\u0105 w Szwajcarii niezgodne z prawem. Prawo lokalne nie mo\u017ce by\u0107 sprzeczne z prawem federalnym.","breadcrumb":{"@id":"https:\/\/www.speedtest.pl\/wiadomosci\/5g\/moratorium-na-5g-w-szwajcarskich-kantonach-jest-nielegalne\/#breadcrumb"},"inLanguage":"pl-PL","potentialAction":[{"@type":"ReadAction","target":["https:\/\/www.speedtest.pl\/wiadomosci\/5g\/moratorium-na-5g-w-szwajcarskich-kantonach-jest-nielegalne\/"]}]},{"@type":"ImageObject","inLanguage":"pl-PL","@id":"https:\/\/www.speedtest.pl\/wiadomosci\/5g\/moratorium-na-5g-w-szwajcarskich-kantonach-jest-nielegalne\/#primaryimage","url":"https:\/\/www.speedtest.pl\/wiadomosci\/wp-content\/uploads\/2020\/02\/Szwajcaria-5G.jpg","contentUrl":"https:\/\/www.speedtest.pl\/wiadomosci\/wp-content\/uploads\/2020\/02\/Szwajcaria-5G.jpg","width":1024,"height":576,"caption":"Szwajcaria 5G"},{"@type":"BreadcrumbList","@id":"https:\/\/www.speedtest.pl\/wiadomosci\/5g\/moratorium-na-5g-w-szwajcarskich-kantonach-jest-nielegalne\/#breadcrumb","itemListElement":[{"@type":"ListItem","position":1,"name":"Strona g\u0142\u00f3wna","item":"https:\/\/www.speedtest.pl\/wiadomosci\/"},{"@type":"ListItem","position":2,"name":"Moratorium na 5G w szwajcarskich kantonach jest nielegalne"}]},{"@type":"WebSite","@id":"https:\/\/www.speedtest.pl\/wiadomosci\/#website","url":"https:\/\/www.speedtest.pl\/wiadomosci\/","name":"SpeedTest.pl Wiadomo\u015bci","description":"Rankingi ISP, newsy i opinie ze \u015bwiata IT, recenzje sprz\u0119tu, gry, motoryzacja","potentialAction":[{"@type":"SearchAction","target":{"@type":"EntryPoint","urlTemplate":"https:\/\/www.speedtest.pl\/wiadomosci\/?s={search_term_string}"},"query-input":{"@type":"PropertyValueSpecification","valueRequired":true,"valueName":"search_term_string"}}],"inLanguage":"pl-PL"},{"@type":"Person","@id":"https:\/\/www.speedtest.pl\/wiadomosci\/#\/schema\/person\/585facd68912bef34cadd731cd3edaf2","name":"BS","image":{"@type":"ImageObject","inLanguage":"pl-PL","@id":"https:\/\/www.speedtest.pl\/wiadomosci\/#\/schema\/person\/image\/","url":"https:\/\/www.speedtest.pl\/wiadomosci\/wp-content\/uploads\/2018\/01\/bek.png","contentUrl":"https:\/\/www.speedtest.pl\/wiadomosci\/wp-content\/uploads\/2018\/01\/bek.png","caption":"BS"},"description":"Bernard to redaktor naczelny SpeedTest.pl. Jest analitykiem i pasjonatem gier. Studiowa\u0142 na Politechnice Wroc\u0142awskiej informatyk\u0119 i zarz\u0105dzanie. Lubi szybkie samochody, podr\u00f3\u017ce do egzotycznych kraj\u00f3w oraz dobre ksi\u0105\u017cki z kategorii fantastyka.","url":"https:\/\/www.speedtest.pl\/wiadomosci\/author\/bernard\/"}]}},"jetpack_featured_media_url":"https:\/\/www.speedtest.pl\/wiadomosci\/wp-content\/uploads\/2020\/02\/Szwajcaria-5G.jpg","jetpack_sharing_enabled":true,"jetpack_shortlink":"https:\/\/wp.me\/p85ce0-8sM","_links":{"self":[{"href":"https:\/\/www.speedtest.pl\/wiadomosci\/wp-json\/wp\/v2\/posts\/32536","targetHints":{"allow":["GET"]}}],"collection":[{"href":"https:\/\/www.speedtest.pl\/wiadomosci\/wp-json\/wp\/v2\/posts"}],"about":[{"href":"https:\/\/www.speedtest.pl\/wiadomosci\/wp-json\/wp\/v2\/types\/post"}],"author":[{"embeddable":true,"href":"https:\/\/www.speedtest.pl\/wiadomosci\/wp-json\/wp\/v2\/users\/13"}],"replies":[{"embeddable":true,"href":"https:\/\/www.speedtest.pl\/wiadomosci\/wp-json\/wp\/v2\/comments?post=32536"}],"version-history":[{"count":2,"href":"https:\/\/www.speedtest.pl\/wiadomosci\/wp-json\/wp\/v2\/posts\/32536\/revisions"}],"predecessor-version":[{"id":32538,"href":"https:\/\/www.speedtest.pl\/wiadomosci\/wp-json\/wp\/v2\/posts\/32536\/revisions\/32538"}],"wp:featuredmedia":[{"embeddable":true,"href":"https:\/\/www.speedtest.pl\/wiadomosci\/wp-json\/wp\/v2\/media\/27010"}],"wp:attachment":[{"href":"https:\/\/www.speedtest.pl\/wiadomosci\/wp-json\/wp\/v2\/media?parent=32536"}],"wp:term":[{"taxonomy":"category","embeddable":true,"href":"https:\/\/www.speedtest.pl\/wiadomosci\/wp-json\/wp\/v2\/categories?post=32536"},{"taxonomy":"post_tag","embeddable":true,"href":"https:\/\/www.speedtest.pl\/wiadomosci\/wp-json\/wp\/v2\/tags?post=32536"},{"taxonomy":"table_tags","embeddable":true,"href":"https:\/\/www.speedtest.pl\/wiadomosci\/wp-json\/wp\/v2\/table_tags?post=32536"}],"curies":[{"name":"wp","href":"https:\/\/api.w.org\/{rel}","templated":true}]}}