{"id":32169,"date":"2021-03-10T22:34:02","date_gmt":"2021-03-10T21:34:02","guid":{"rendered":"https:\/\/www.speedtest.pl\/wiadomosci\/?p=32169"},"modified":"2021-03-10T22:34:02","modified_gmt":"2021-03-10T21:34:02","slug":"wszyscy-w-zasiegu-5g-do-2030-roku","status":"publish","type":"post","link":"https:\/\/www.speedtest.pl\/wiadomosci\/5g\/wszyscy-w-zasiegu-5g-do-2030-roku\/","title":{"rendered":"Wszyscy w zasi\u0119gu 5G do 2030 roku"},"content":{"rendered":"\n<p><strong>Komisja Europejska postawi\u0142a przed krajami cz\u0142onkowskimi kolejne wymagania dotycz\u0105ce tempa budowy sieci 5G. Najpierw zak\u0142ada\u0142y one, \u017ce do ko\u0144ca 2020 roku sie\u0107 pi\u0105tej generacji ma funkcjonowa\u0107 w przynajmniej jednym mie\u015bcie. Teraz z kolei pojawi\u0142 si\u0119 wym\u00f3g dotycz\u0105cy dost\u0119pno\u015bci nowej technologii na wszystkich obszarach zaludnionych. Operatorzy b\u0119d\u0105 musieli spe\u0142ni\u0107 go do ko\u0144ca 2030 roku. Czy taki wym\u00f3g ma jakikolwiek sens?<\/strong><\/p>\n\n\n\n<p>Nie od dzi\u015b wiadomo, \u017ce operatorzy telekomunikacyjni zaczynaj\u0105 od wdra\u017cania nowych technologii w tych miejscach, gdzie im to si\u0119 op\u0142aca. Dlatego te\u017c pasma pojemno\u015bciowe u\u017cywane s\u0105 tam, gdzie z sieci korzysta najwi\u0119cej os\u00f3b. Efekt tej strategii jest taki, \u017ce jak operatorzy uzyskaj\u0105 dost\u0119p do cz\u0119stotliwo\u015bci z pasma 3,4 GHz &#8211; 3,8 GHz, to korzystaj\u0105ce z nich stacje bazowe powstan\u0105 najpierw w najwi\u0119kszych polskich miastach. Oczywi\u015bcie nie m\u00f3wimy tutaj o budowie nowych maszt\u00f3w, a modernizacji dotychczas funkcjonuj\u0105cych lokalizacji. Osoby, kt\u00f3re wyposa\u017c\u0105 si\u0119 w odpowiednie smartfony czy te\u017c routery, b\u0119d\u0105 mog\u0142y cieszy\u0107 si\u0119 dost\u0119pem do ultraszybkiego bezprzewodowego Internetu. Wspomniane pasmo oferuje pr\u0119dko\u015bci pobierania danych <a href=\"https:\/\/www.speedtest.pl\/wiadomosci\/5g\/orange-agregacja-5g-4g-lublin\/\">przekraczaj\u0105ce 1 Gb\/s<\/a>.<\/p>\n\n\n\n<p>Dlatego te\u017c Komisja Europejska zacz\u0119\u0142a si\u0119 zastanawia\u0107 co zrobi\u0107, \u017ceby z tak szybkiej sieci mog\u0142y korzysta\u0107 wszyscy, a nie tylko mieszka\u0144cy du\u017cych miast. Zreszt\u0105 nad problemem tym <a href=\"https:\/\/www.speedtest.pl\/wiadomosci\/5g\/prezes-uke-o-opoznionej-aukcji-5g\/\">pochyli\u0142 si\u0119 r\u00f3wnie\u017c Prezes UKE<\/a>, kt\u00f3ry chce uwzgl\u0119dni\u0107 t\u0119 spo\u0142eczn\u0105 potrzeb\u0119 w decyzjach rezerwacyjnych nadchodz\u0105cej aukcji. Z kolei Komisja Europejska w ramach programu transformacji cyfrowej <a href=\"https:\/\/ec.europa.eu\/info\/strategy\/priorities-2019-2024\/europe-fit-digital-age\/europes-digital-decade-digital-targets-2030_pl\" target=\"_blank\" rel=\"noreferrer noopener external nofollow\">zdefiniowa\u0142a kompas<\/a>. Okre\u015bla on mi\u0119dzy innymi, \u017ce sieci 5G na terenie Unii Europejskiej powinny obj\u0105\u0107 swoim zasi\u0119giem wszystkie zaludnione obszary.<\/p>\n\n\n\n<h2 class=\"wp-block-heading\">5G dla ka\u017cdego do 2030 roku. Co z tego wynika?<\/h2>\n\n\n\n<p>Nowa generacja telefonii kom\u00f3rkowej pojawia si\u0119 mniej wi\u0119cej co 10 lat. Dlatego te\u017c ju\u017c dzisiaj wiadomo, \u017ce w 2030 roku operatorzy b\u0119d\u0105 uruchamia\u0107 sieci 6G, a sama technologia 5G b\u0119dzie dobrze rozwini\u0119ta i powszechnie dost\u0119pna. W do\u015b\u0107 du\u017cym przybli\u017ceniu 5G w 2030 roku b\u0119dzie tym, czym 4G LTE jest dzisiaj. Czyli b\u0119dzie to najcz\u0119\u015bciej stosowana technologia dost\u0119pu radiowego z do\u015b\u0107 dobrym zasi\u0119giem. Przy czym, jak sami dobrze wiecie, s\u0105 takie miejsca w naszym kraju (i nie tylko), w kt\u00f3rych sygna\u0142 sieci LTE nie jest dost\u0119pny. Dlatego te\u017c cel, kt\u00f3ry postawi\u0142a Komisja Europejska, nale\u017cy interpretowa\u0107 w troch\u0119 inny spos\u00f3b.<\/p>\n\n\n\n<p><strong>Przeczytaj r\u00f3wnie\u017c: <a href=\"https:\/\/www.speedtest.pl\/wiadomosci\/internet-mobilny\/korea-chce-w-2026-uruchomic-pilotazowa-siec-6g\/\">Korea chce w 2026 uruchomi\u0107 pilota\u017cow\u0105 sie\u0107 6G<\/a><\/strong><\/p>\n\n\n\n<p>Europejskim urz\u0119dnikom zale\u017cy przede wszystkim, \u017ceby w ca\u0142ej Unii Europejskiej nie by\u0142o tzw. bia\u0142ych plam. S\u0105 to miejsca bez zasi\u0119gu telefonii kom\u00f3rkowej. Oczywi\u015bcie zapis, w kt\u00f3rym wspomina si\u0119 o 5G, jest bardziej atrakcyjny ni\u017c taki, w kt\u00f3rym by\u0142aby mowa tylko o sieciach mobilnych. Przy czym nie gwarantuje on, \u017ce ka\u017cdy mieszkaniec naszego kraju b\u0119dzie mia\u0142 dost\u0119p do Internetu mobilnego o pr\u0119dko\u015bci 1 Gb\/s. Standard 3GPP przewiduje, \u017ce sieci 5G mog\u0105 korzysta\u0107 z szerokiego zakresu cz\u0119stotliwo\u015bci. Z kolei tzw. pasma zasi\u0119gowe (tj. 700 MHz i 800 MHz) nie oferuj\u0105 szerokich kana\u0142\u00f3w radiowych. A co za tym idzie, powszechny dost\u0119p do sieci 5G nie jest jednoznaczny z wszechobecn\u0105 ultraszybk\u0105 transmisj\u0105 danych.<\/p>\n\n\n\n<p><strong>Przeczytaj r\u00f3wnie\u017c: <a href=\"https:\/\/www.speedtest.pl\/wiadomosci\/5g\/5g-pasma-milimetrowe-zasieg\/\">5G na pasmach milimetrowych pokryje 25% globu do 2030 roku<\/a><\/strong><\/p>\n","protected":false},"excerpt":{"rendered":"<p>Komisja Europejska postawi\u0142a przed krajami cz\u0142onkowskimi kolejne wymagania dotycz\u0105ce tempa budowy sieci 5G. Najpierw zak\u0142ada\u0142y one, \u017ce do ko\u0144ca 2020 roku sie\u0107 pi\u0105tej generacji ma funkcjonowa\u0107 w przynajmniej jednym mie\u015bcie. Teraz z kolei pojawi\u0142 si\u0119 wym\u00f3g dotycz\u0105cy dost\u0119pno\u015bci nowej technologii na wszystkich obszarach zaludnionych. Operatorzy b\u0119d\u0105 musieli spe\u0142ni\u0107 go do ko\u0144ca 2030 roku. Czy taki [&hellip;]<\/p>\n","protected":false},"author":12,"featured_media":29542,"comment_status":"closed","ping_status":"open","sticky":false,"template":"","format":"standard","meta":{"jetpack_post_was_ever_published":false,"_jetpack_newsletter_access":"","_jetpack_dont_email_post_to_subs":false,"_jetpack_newsletter_tier_id":0,"_jetpack_memberships_contains_paywalled_content":false,"_jetpack_memberships_contains_paid_content":false,"footnotes":"","jetpack_publicize_message":"","jetpack_publicize_feature_enabled":true,"jetpack_social_post_already_shared":true,"jetpack_social_options":{"image_generator_settings":{"template":"highway","enabled":false},"version":2}},"categories":[2344,57],"tags":[5366,143,591,1118,770],"table_tags":[],"class_list":["post-32169","post","type-post","status-publish","format-standard","has-post-thumbnail","hentry","category-5g","category-internet-mobilny","tag-5366","tag-5g","tag-internet-mobilny","tag-komisja-europejska","tag-zasieg"],"jetpack_publicize_connections":[],"yoast_head":"<!-- This site is optimized with the Yoast SEO plugin v24.8.1 - https:\/\/yoast.com\/wordpress\/plugins\/seo\/ -->\n<title>Wszyscy w zasi\u0119gu 5G do 2030 roku - SpeedTest.pl Wiadomo\u015bci<\/title>\n<meta name=\"description\" content=\"KE: 5G dla ka\u017cdego do 2030 roku. Co z tego wynika?\" \/>\n<meta name=\"robots\" content=\"index, follow, max-snippet:-1, max-image-preview:large, max-video-preview:-1\" \/>\n<link rel=\"canonical\" href=\"https:\/\/www.speedtest.pl\/wiadomosci\/5g\/wszyscy-w-zasiegu-5g-do-2030-roku\/\" \/>\n<meta property=\"og:locale\" content=\"pl_PL\" \/>\n<meta property=\"og:type\" content=\"article\" \/>\n<meta property=\"og:title\" content=\"Wszyscy w zasi\u0119gu 5G do 2030 roku - SpeedTest.pl Wiadomo\u015bci\" \/>\n<meta property=\"og:description\" content=\"KE: 5G dla ka\u017cdego do 2030 roku. Co z tego wynika?\" \/>\n<meta property=\"og:url\" content=\"https:\/\/www.speedtest.pl\/wiadomosci\/5g\/wszyscy-w-zasiegu-5g-do-2030-roku\/\" \/>\n<meta property=\"og:site_name\" content=\"SpeedTest.pl Wiadomo\u015bci\" \/>\n<meta property=\"article:publisher\" content=\"https:\/\/www.facebook.com\/speedtestpl\/\" \/>\n<meta property=\"article:published_time\" content=\"2021-03-10T21:34:02+00:00\" \/>\n<meta property=\"og:image\" content=\"https:\/\/www.speedtest.pl\/wiadomosci\/wp-content\/uploads\/2020\/07\/5g.jpg\" \/>\n\t<meta property=\"og:image:width\" content=\"1024\" \/>\n\t<meta property=\"og:image:height\" content=\"576\" \/>\n\t<meta property=\"og:image:type\" content=\"image\/jpeg\" \/>\n<meta name=\"author\" content=\"PJ\" \/>\n<meta name=\"twitter:card\" content=\"summary_large_image\" \/>\n<meta name=\"twitter:creator\" content=\"@speedtestpl\" \/>\n<meta name=\"twitter:site\" content=\"@speedtestpl\" \/>\n<meta name=\"twitter:label1\" content=\"Napisane przez\" \/>\n\t<meta name=\"twitter:data1\" content=\"PJ\" \/>\n\t<meta name=\"twitter:label2\" content=\"Szacowany czas czytania\" \/>\n\t<meta name=\"twitter:data2\" content=\"3 minuty\" \/>\n<script type=\"application\/ld+json\" class=\"yoast-schema-graph\">{\"@context\":\"https:\/\/schema.org\",\"@graph\":[{\"@type\":\"WebPage\",\"@id\":\"https:\/\/www.speedtest.pl\/wiadomosci\/5g\/wszyscy-w-zasiegu-5g-do-2030-roku\/\",\"url\":\"https:\/\/www.speedtest.pl\/wiadomosci\/5g\/wszyscy-w-zasiegu-5g-do-2030-roku\/\",\"name\":\"Wszyscy w zasi\u0119gu 5G do 2030 roku - SpeedTest.pl Wiadomo\u015bci\",\"isPartOf\":{\"@id\":\"https:\/\/www.speedtest.pl\/wiadomosci\/#website\"},\"primaryImageOfPage\":{\"@id\":\"https:\/\/www.speedtest.pl\/wiadomosci\/5g\/wszyscy-w-zasiegu-5g-do-2030-roku\/#primaryimage\"},\"image\":{\"@id\":\"https:\/\/www.speedtest.pl\/wiadomosci\/5g\/wszyscy-w-zasiegu-5g-do-2030-roku\/#primaryimage\"},\"thumbnailUrl\":\"https:\/\/www.speedtest.pl\/wiadomosci\/wp-content\/uploads\/2020\/07\/5g.jpg\",\"datePublished\":\"2021-03-10T21:34:02+00:00\",\"author\":{\"@id\":\"https:\/\/www.speedtest.pl\/wiadomosci\/#\/schema\/person\/1e51a1178096c8851f7d3ab0575726e4\"},\"description\":\"KE: 5G dla ka\u017cdego do 2030 roku. Co z tego wynika?\",\"breadcrumb\":{\"@id\":\"https:\/\/www.speedtest.pl\/wiadomosci\/5g\/wszyscy-w-zasiegu-5g-do-2030-roku\/#breadcrumb\"},\"inLanguage\":\"pl-PL\",\"potentialAction\":[{\"@type\":\"ReadAction\",\"target\":[\"https:\/\/www.speedtest.pl\/wiadomosci\/5g\/wszyscy-w-zasiegu-5g-do-2030-roku\/\"]}]},{\"@type\":\"ImageObject\",\"inLanguage\":\"pl-PL\",\"@id\":\"https:\/\/www.speedtest.pl\/wiadomosci\/5g\/wszyscy-w-zasiegu-5g-do-2030-roku\/#primaryimage\",\"url\":\"https:\/\/www.speedtest.pl\/wiadomosci\/wp-content\/uploads\/2020\/07\/5g.jpg\",\"contentUrl\":\"https:\/\/www.speedtest.pl\/wiadomosci\/wp-content\/uploads\/2020\/07\/5g.jpg\",\"width\":1024,\"height\":576,\"caption\":\"5G\"},{\"@type\":\"BreadcrumbList\",\"@id\":\"https:\/\/www.speedtest.pl\/wiadomosci\/5g\/wszyscy-w-zasiegu-5g-do-2030-roku\/#breadcrumb\",\"itemListElement\":[{\"@type\":\"ListItem\",\"position\":1,\"name\":\"Strona g\u0142\u00f3wna\",\"item\":\"https:\/\/www.speedtest.pl\/wiadomosci\/\"},{\"@type\":\"ListItem\",\"position\":2,\"name\":\"Wszyscy w zasi\u0119gu 5G do 2030 roku\"}]},{\"@type\":\"WebSite\",\"@id\":\"https:\/\/www.speedtest.pl\/wiadomosci\/#website\",\"url\":\"https:\/\/www.speedtest.pl\/wiadomosci\/\",\"name\":\"SpeedTest.pl Wiadomo\u015bci\",\"description\":\"Rankingi ISP, newsy i opinie ze \u015bwiata IT, recenzje sprz\u0119tu, gry, motoryzacja\",\"potentialAction\":[{\"@type\":\"SearchAction\",\"target\":{\"@type\":\"EntryPoint\",\"urlTemplate\":\"https:\/\/www.speedtest.pl\/wiadomosci\/?s={search_term_string}\"},\"query-input\":{\"@type\":\"PropertyValueSpecification\",\"valueRequired\":true,\"valueName\":\"search_term_string\"}}],\"inLanguage\":\"pl-PL\"},{\"@type\":\"Person\",\"@id\":\"https:\/\/www.speedtest.pl\/wiadomosci\/#\/schema\/person\/1e51a1178096c8851f7d3ab0575726e4\",\"name\":\"PJ\",\"image\":{\"@type\":\"ImageObject\",\"inLanguage\":\"pl-PL\",\"@id\":\"https:\/\/www.speedtest.pl\/wiadomosci\/#\/schema\/person\/image\/\",\"url\":\"https:\/\/www.speedtest.pl\/wiadomosci\/wp-content\/uploads\/2018\/01\/AAEAAQAAAAAAAAk2AAAAJDNhNWRlODdhLWY3MjYtNGFjNC04MzY1LTI1Zjc4NmI4YmE0OQ-150x150.jpg\",\"contentUrl\":\"https:\/\/www.speedtest.pl\/wiadomosci\/wp-content\/uploads\/2018\/01\/AAEAAQAAAAAAAAk2AAAAJDNhNWRlODdhLWY3MjYtNGFjNC04MzY1LTI1Zjc4NmI4YmE0OQ-150x150.jpg\",\"caption\":\"PJ\"},\"description\":\"Przemek jest m\u00f3zgiem operacyjnym SpeedTest.pl. Studiowa\u0142 na Politechnice Wroc\u0142awskiej elektronik\u0119 i telekomunikacj\u0119. Zarz\u0105dza projektami IT, relacjami z klientami oraz nadzoruje procesy rozwoju. Prywatnie zaanga\u017cowany w rodzin\u0119, wsparcie r\u00f3\u017cnych dzia\u0142alno\u015bci charytatywnych i projekty ekstremalne.\",\"url\":\"https:\/\/www.speedtest.pl\/wiadomosci\/author\/przemek\/\"}]}<\/script>\n<!-- \/ Yoast SEO plugin. -->","yoast_head_json":{"title":"Wszyscy w zasi\u0119gu 5G do 2030 roku - SpeedTest.pl Wiadomo\u015bci","description":"KE: 5G dla ka\u017cdego do 2030 roku. Co z tego wynika?","robots":{"index":"index","follow":"follow","max-snippet":"max-snippet:-1","max-image-preview":"max-image-preview:large","max-video-preview":"max-video-preview:-1"},"canonical":"https:\/\/www.speedtest.pl\/wiadomosci\/5g\/wszyscy-w-zasiegu-5g-do-2030-roku\/","og_locale":"pl_PL","og_type":"article","og_title":"Wszyscy w zasi\u0119gu 5G do 2030 roku - SpeedTest.pl Wiadomo\u015bci","og_description":"KE: 5G dla ka\u017cdego do 2030 roku. Co z tego wynika?","og_url":"https:\/\/www.speedtest.pl\/wiadomosci\/5g\/wszyscy-w-zasiegu-5g-do-2030-roku\/","og_site_name":"SpeedTest.pl Wiadomo\u015bci","article_publisher":"https:\/\/www.facebook.com\/speedtestpl\/","article_published_time":"2021-03-10T21:34:02+00:00","og_image":[{"width":1024,"height":576,"url":"https:\/\/www.speedtest.pl\/wiadomosci\/wp-content\/uploads\/2020\/07\/5g.jpg","type":"image\/jpeg"}],"author":"PJ","twitter_card":"summary_large_image","twitter_creator":"@speedtestpl","twitter_site":"@speedtestpl","twitter_misc":{"Napisane przez":"PJ","Szacowany czas czytania":"3 minuty"},"schema":{"@context":"https:\/\/schema.org","@graph":[{"@type":"WebPage","@id":"https:\/\/www.speedtest.pl\/wiadomosci\/5g\/wszyscy-w-zasiegu-5g-do-2030-roku\/","url":"https:\/\/www.speedtest.pl\/wiadomosci\/5g\/wszyscy-w-zasiegu-5g-do-2030-roku\/","name":"Wszyscy w zasi\u0119gu 5G do 2030 roku - SpeedTest.pl Wiadomo\u015bci","isPartOf":{"@id":"https:\/\/www.speedtest.pl\/wiadomosci\/#website"},"primaryImageOfPage":{"@id":"https:\/\/www.speedtest.pl\/wiadomosci\/5g\/wszyscy-w-zasiegu-5g-do-2030-roku\/#primaryimage"},"image":{"@id":"https:\/\/www.speedtest.pl\/wiadomosci\/5g\/wszyscy-w-zasiegu-5g-do-2030-roku\/#primaryimage"},"thumbnailUrl":"https:\/\/www.speedtest.pl\/wiadomosci\/wp-content\/uploads\/2020\/07\/5g.jpg","datePublished":"2021-03-10T21:34:02+00:00","author":{"@id":"https:\/\/www.speedtest.pl\/wiadomosci\/#\/schema\/person\/1e51a1178096c8851f7d3ab0575726e4"},"description":"KE: 5G dla ka\u017cdego do 2030 roku. Co z tego wynika?","breadcrumb":{"@id":"https:\/\/www.speedtest.pl\/wiadomosci\/5g\/wszyscy-w-zasiegu-5g-do-2030-roku\/#breadcrumb"},"inLanguage":"pl-PL","potentialAction":[{"@type":"ReadAction","target":["https:\/\/www.speedtest.pl\/wiadomosci\/5g\/wszyscy-w-zasiegu-5g-do-2030-roku\/"]}]},{"@type":"ImageObject","inLanguage":"pl-PL","@id":"https:\/\/www.speedtest.pl\/wiadomosci\/5g\/wszyscy-w-zasiegu-5g-do-2030-roku\/#primaryimage","url":"https:\/\/www.speedtest.pl\/wiadomosci\/wp-content\/uploads\/2020\/07\/5g.jpg","contentUrl":"https:\/\/www.speedtest.pl\/wiadomosci\/wp-content\/uploads\/2020\/07\/5g.jpg","width":1024,"height":576,"caption":"5G"},{"@type":"BreadcrumbList","@id":"https:\/\/www.speedtest.pl\/wiadomosci\/5g\/wszyscy-w-zasiegu-5g-do-2030-roku\/#breadcrumb","itemListElement":[{"@type":"ListItem","position":1,"name":"Strona g\u0142\u00f3wna","item":"https:\/\/www.speedtest.pl\/wiadomosci\/"},{"@type":"ListItem","position":2,"name":"Wszyscy w zasi\u0119gu 5G do 2030 roku"}]},{"@type":"WebSite","@id":"https:\/\/www.speedtest.pl\/wiadomosci\/#website","url":"https:\/\/www.speedtest.pl\/wiadomosci\/","name":"SpeedTest.pl Wiadomo\u015bci","description":"Rankingi ISP, newsy i opinie ze \u015bwiata IT, recenzje sprz\u0119tu, gry, motoryzacja","potentialAction":[{"@type":"SearchAction","target":{"@type":"EntryPoint","urlTemplate":"https:\/\/www.speedtest.pl\/wiadomosci\/?s={search_term_string}"},"query-input":{"@type":"PropertyValueSpecification","valueRequired":true,"valueName":"search_term_string"}}],"inLanguage":"pl-PL"},{"@type":"Person","@id":"https:\/\/www.speedtest.pl\/wiadomosci\/#\/schema\/person\/1e51a1178096c8851f7d3ab0575726e4","name":"PJ","image":{"@type":"ImageObject","inLanguage":"pl-PL","@id":"https:\/\/www.speedtest.pl\/wiadomosci\/#\/schema\/person\/image\/","url":"https:\/\/www.speedtest.pl\/wiadomosci\/wp-content\/uploads\/2018\/01\/AAEAAQAAAAAAAAk2AAAAJDNhNWRlODdhLWY3MjYtNGFjNC04MzY1LTI1Zjc4NmI4YmE0OQ-150x150.jpg","contentUrl":"https:\/\/www.speedtest.pl\/wiadomosci\/wp-content\/uploads\/2018\/01\/AAEAAQAAAAAAAAk2AAAAJDNhNWRlODdhLWY3MjYtNGFjNC04MzY1LTI1Zjc4NmI4YmE0OQ-150x150.jpg","caption":"PJ"},"description":"Przemek jest m\u00f3zgiem operacyjnym SpeedTest.pl. Studiowa\u0142 na Politechnice Wroc\u0142awskiej elektronik\u0119 i telekomunikacj\u0119. Zarz\u0105dza projektami IT, relacjami z klientami oraz nadzoruje procesy rozwoju. Prywatnie zaanga\u017cowany w rodzin\u0119, wsparcie r\u00f3\u017cnych dzia\u0142alno\u015bci charytatywnych i projekty ekstremalne.","url":"https:\/\/www.speedtest.pl\/wiadomosci\/author\/przemek\/"}]}},"jetpack_featured_media_url":"https:\/\/www.speedtest.pl\/wiadomosci\/wp-content\/uploads\/2020\/07\/5g.jpg","jetpack_sharing_enabled":true,"jetpack_shortlink":"https:\/\/wp.me\/p85ce0-8mR","_links":{"self":[{"href":"https:\/\/www.speedtest.pl\/wiadomosci\/wp-json\/wp\/v2\/posts\/32169","targetHints":{"allow":["GET"]}}],"collection":[{"href":"https:\/\/www.speedtest.pl\/wiadomosci\/wp-json\/wp\/v2\/posts"}],"about":[{"href":"https:\/\/www.speedtest.pl\/wiadomosci\/wp-json\/wp\/v2\/types\/post"}],"author":[{"embeddable":true,"href":"https:\/\/www.speedtest.pl\/wiadomosci\/wp-json\/wp\/v2\/users\/12"}],"replies":[{"embeddable":true,"href":"https:\/\/www.speedtest.pl\/wiadomosci\/wp-json\/wp\/v2\/comments?post=32169"}],"version-history":[{"count":3,"href":"https:\/\/www.speedtest.pl\/wiadomosci\/wp-json\/wp\/v2\/posts\/32169\/revisions"}],"predecessor-version":[{"id":32172,"href":"https:\/\/www.speedtest.pl\/wiadomosci\/wp-json\/wp\/v2\/posts\/32169\/revisions\/32172"}],"wp:featuredmedia":[{"embeddable":true,"href":"https:\/\/www.speedtest.pl\/wiadomosci\/wp-json\/wp\/v2\/media\/29542"}],"wp:attachment":[{"href":"https:\/\/www.speedtest.pl\/wiadomosci\/wp-json\/wp\/v2\/media?parent=32169"}],"wp:term":[{"taxonomy":"category","embeddable":true,"href":"https:\/\/www.speedtest.pl\/wiadomosci\/wp-json\/wp\/v2\/categories?post=32169"},{"taxonomy":"post_tag","embeddable":true,"href":"https:\/\/www.speedtest.pl\/wiadomosci\/wp-json\/wp\/v2\/tags?post=32169"},{"taxonomy":"table_tags","embeddable":true,"href":"https:\/\/www.speedtest.pl\/wiadomosci\/wp-json\/wp\/v2\/table_tags?post=32169"}],"curies":[{"name":"wp","href":"https:\/\/api.w.org\/{rel}","templated":true}]}}