{"id":31987,"date":"2021-02-20T23:29:24","date_gmt":"2021-02-20T22:29:24","guid":{"rendered":"https:\/\/www.speedtest.pl\/wiadomosci\/?p=31987"},"modified":"2021-02-20T23:29:24","modified_gmt":"2021-02-20T22:29:24","slug":"konsultacje-ws-wznowionej-aukcji-5g-w-marcu","status":"publish","type":"post","link":"https:\/\/www.speedtest.pl\/wiadomosci\/5g\/konsultacje-ws-wznowionej-aukcji-5g-w-marcu\/","title":{"rendered":"Konsultacje ws. wznowionej aukcji 5G mog\u0105 wystartowa\u0107 w marcu"},"content":{"rendered":"\n<p><strong>Ca\u0142y rynek telekomunikacyjny czeka na start pierwszych procedur zwi\u0105zanych z dystrybucj\u0105 cz\u0119stotliwo\u015bci dedykowanych dla sieci 5G. UKE podchodzi do sprawy ostro\u017cnie i cierpliwie czeka na przyj\u0119cie ustawy o Krajowym Systemie Cyberbezpiecze\u0144stwa. Tymczasem Kolegium ds. Cyberbezpiecze\u0144stwa zaopiniowa\u0142o zapisy dotycz\u0105ce warunk\u00f3w bezpiecze\u0144stwa, kt\u00f3re pojawi\u0105 si\u0119 w decyzjach rezerwacyjnych. Oznacza to, \u017ce wszystko zmierza do szcz\u0119\u015bliwego rozpocz\u0119cia wyczekiwanego post\u0119powania.<\/strong><\/p>\n\n\n\n<p>Tzw. aukcja 5G jest niezb\u0119dna do dalszego rozwoju sieci kom\u00f3rkowych w Polsce. Ju\u017c od ponad roku wiemy, \u017ce Urz\u0105d Komunikacji Elektronicznej wyznaczy\u0142 dla telekom\u00f3w cztery nowe bloki radiowe. Ka\u017cdy z nich ma szeroko\u015b\u0107 80 MHz. Testy, kt\u00f3re przeprowadzili ju\u017c operatorzy, pokazuj\u0105, \u017ce po agregacji takiego bloku z cz\u0119stotliwo\u015bciami LTE, mo\u017cliwe jest osi\u0105gni\u0119cie pr\u0119dko\u015bci pobierania danych <a href=\"https:\/\/www.speedtest.pl\/wiadomosci\/5g\/orange-agregacja-5g-4g-lublin\/\">na poziomie 1,5 Gb\/s<\/a>. Ostatni komentarz Prezesa UKE sugerowa\u0142, \u017ce Urz\u0105d nie zmieni\u0142 decyzji ws. szeroko\u015bci oferowanych blok\u00f3w. Co prawda telekomy wola\u0142yby licytowa\u0107 kana\u0142y o szeroko\u015bci 100 MHz. Jednak wtedy zabrak\u0142oby cz\u0119stotliwo\u015bci, kt\u00f3rych mo\u017cna u\u017cy\u0107 do budowy sieci na u\u017cytek lokalny. Dobrym przyk\u0142adem jest tutaj miejska sie\u0107 LTE, kt\u00f3ra od 2013 roku <a href=\"https:\/\/www.speedtest.pl\/wiadomosci\/internet-mobilny\/radom-miejska-siec-lte-ma-sie-dobrze\/\">dzia\u0142a w Radomiu<\/a>. Tamtejsi urz\u0119dnicy dalej s\u0105 kontynuowa\u0107 projekt, kt\u00f3ry zapewnia dost\u0119p do Internetu 1,5 tys. gospodarstw domowych. Aktualnie oficjalnym powodem op\u00f3\u017anienia wznowienia aukcji 5G jest planowana zmiana w polskim ustawodawstwie przepis\u00f3w dotycz\u0105cych cyberbezpiecze\u0144stwa. By\u0142 to jeden z powod\u00f3w anulowania post\u0119powania, kt\u00f3re wystartowa\u0142o w marcu 2020 roku.<\/p>\n\n\n\n<h2 class=\"wp-block-heading\">&#8222;Prawdziwe&#8221; 5G w Polsce op\u00f3\u017anione o&#8230; nawet 15 miesi\u0119cy<\/h2>\n\n\n\n<p>Pocz\u0105tkowo przedstawiciele \u00f3wczesnego Ministerstwa Cyfryzacji sugerowali, \u017ce post\u0119powanie dystrybucyjne na cz\u0119stotliwo\u015bci z pasma C mo\u017ce wystartowa\u0107 jeszcze w&#8230; 2020 roku. Jednak wyb\u00f3r nowego Prezesa UKE i prace nad <a href=\"https:\/\/www.speedtest.pl\/wiadomosci\/telekomunikacja\/jesli-rzad-zbanuje-huawei-operatorzy-dostana-5-lat-na-wymiane-sprzetu\/\">nowelizacj\u0105 KSC<\/a> (Krajowy System Cyberbezpiecze\u0144stwa) op\u00f3\u017ania\u0142y si\u0119. Przy czym sama aukcja 5G jest procesem na tyle skomplikowanym, \u017ce jakiekolwiek pr\u00f3by jej przyspieszenia mog\u0142yby przynie\u015b\u0107 wi\u0119cej szk\u00f3d ni\u017c po\u017cytku. Gdyby Prezes UKE wyda\u0142 decyzje rezerwacyjne, kt\u00f3re okaza\u0142yby si\u0119 p\u00f3\u017aniej niezgodne z obowi\u0105zuj\u0105cym prawem, to ca\u0142a sprawa sko\u0144czy\u0142aby si\u0119 w s\u0105dzie. To z kolei wstrzyma\u0142oby plany inwestycyjne telekom\u00f3w. Efekt ca\u0142ego zamieszania by\u0142by taki, \u017ce korzystaj\u0105ce z nowych cz\u0119stotliwo\u015bci stacje bazowe powsta\u0142yby jeszcze p\u00f3\u017aniej.<\/p>\n\n\n\n<p>Marek Zag\u00f3rski (sekretarz stanu w Kancelarii Prezesa Rady Ministr\u00f3w) w <a href=\"https:\/\/edgp.gazetaprawna.pl\/e-wydanie\/57863,17-lutego-2021\/72414,Dziennik-Gazeta-Prawna\/748069,Nie-bedziemy-wylaczac-ludziom-routerow.html\" target=\"_blank\" rel=\"noreferrer noopener external nofollow\">ostatnim wywiadzie dla DGP<\/a> powiedzia\u0142:<\/p>\n\n\n\n<blockquote class=\"td_quote_box td_box_center\"><p>&#8222;Konsultacje aukcji zaczn\u0105 si\u0119 \u2013 tak deklaruje prezes UKE \u2013 gdy ustawa KSC zostanie przyj\u0119ta przez rz\u0105d. Chcia\u0142bym, \u017ceby sta\u0142o si\u0119 to jeszcze w lutym. Najp\u00f3\u017aniej na pocz\u0105tku marca&#8221;.<\/p><\/blockquote>\n\n\n\n<p>Z kolei z <a href=\"https:\/\/www.rp.pl\/Telekomunikacja-i-IT\/302169896-Szef-UKE-teraz-chucha-i-dmucha-na-aukcje-5G.html\" target=\"_blank\" rel=\"noreferrer noopener external nofollow\">publikacji w Rzeczpospolitej<\/a> dowiadujemy si\u0119, \u017ce UKE otrzyma\u0142o ju\u017c opini\u0119 o warunkach bezpiecze\u0144stwa. Zaproponowa\u0142 je Prezes UKE, a opiniowa\u0142o Kolegium ds. Cyberbezpiecze\u0144stwa. Niestety sama tre\u015b\u0107 owych warunk\u00f3w nie jest znana. Wiadomo jednak, \u017ce zosta\u0142y one zaopiniowane pozytywnie. Oznacza to, \u017ce s\u0105 one zgodne z procedowan\u0105 nowelizacj\u0105 ustawy o KSC.<\/p>\n\n\n\n<p>Dla przypomnienia, przepisy te przewiduj\u0105 mo\u017cliwo\u015b\u0107 wycofania z rynku urz\u0105dze\u0144 i oprogramowania pochodz\u0105cego od dostawcy sprz\u0119tu telekomunikacyjnego, kt\u00f3ry zastanie uznany za dostawc\u0119 wysokiego ryzyka.<\/p>\n\n\n\n<h2 class=\"wp-block-heading\">Kiedy ruszy w Polsce &#8222;prawdziwe&#8221; 5G?<\/h2>\n\n\n\n<p>Pocz\u0105tkowo Urz\u0105d Komunikacji Elektronicznej mia\u0142 zako\u0144czy\u0107 proces dystrybucji cz\u0119stotliwo\u015bci z pasma C do ko\u0144ca czerwca 2020 roku. \u017beby dotrzyma\u0107 tego terminu, post\u0119powanie konsultacyjne w tej sprawie ruszy\u0142o na pocz\u0105tku grudnia 2019 roku. Z kolei sama aukcja wystartowa\u0142a na pocz\u0105tku marca 2020 roku. Taki harmonogram zak\u0142ada\u0142, \u017ce w drugiej po\u0142owie 2020 roku wystartuj\u0105 komercyjne sieci 5G, kt\u00f3re korzystaj\u0105 z dedykowanego do tego celu cz\u0119stotliwo\u015bci. <a href=\"https:\/\/www.speedtest.pl\/wiadomosci\/5g\/operatorzy-nie-beda-zaskarzac-decyzji-o-anulowaniu-aukcji-5g\/\">Tak si\u0119 jednak nie sta\u0142o<\/a>.<\/p>\n\n\n\n<p>Bran\u017ca telekomunikacyjna nie przej\u0119\u0142a si\u0119 przekroczeniem terminu dystrybucji cz\u0119stotliwo\u015bci z pasma C. Jeszcze p\u00f3\u0142 roku temu wszyscy liczyli na to, \u017ce nowe post\u0119powanie ruszy &#8222;lada dzie\u0144&#8221;. W mi\u0119dzyczasie przedstawiciele rz\u0105du zaproponowali nowy termin na wydanie decyzji rezerwacyjnych. W pod koniec listopada zesz\u0142ego roku pojawi\u0142 si\u0119 <a href=\"https:\/\/www.speedtest.pl\/wiadomosci\/5g\/deadline-na-prawdziwe-5g-w-polsce\/\">projekt rozporz\u0105dzenia<\/a>, kt\u00f3ry zmienia wcze\u015bniejszy termin 30 czerwca 2020 roku na 27 sierpnia 2021 roku. Oznacza to op\u00f3\u017anienie wzgl\u0119dem pierwotnych plan\u00f3w o 14 miesi\u0119cy. Jednak w por\u00f3wnaniu z poprzedni\u0105 aukcj\u0105, obecna jest bardziej skomplikowana i jeszcze formalnie nawet nie by\u0142a konsultowana z rynkiem.<\/p>\n\n\n\n<p>Dla por\u00f3wnania post\u0119powanie konsultacyjne ws. poprzedniej aukcji 5G rozpocz\u0119\u0142o si\u0119 prawie 7 miesi\u0119cy przed planowanym wydaniem decyzji rezerwacyjnych. W przypadku nowego post\u0119powania Prezes UKE ma mniej czasu. Termin, kt\u00f3ry przyj\u0105\u0142 rz\u0105d, mija za 6 miesi\u0119cy. Z kolei samo post\u0119powanie konsultacyjne mo\u017ce rozpocz\u0105\u0107 si\u0119 na pocz\u0105tku marca. Przy bardzo napi\u0119tym harmonogramie prac i braku wi\u0119kszych uwag ze strony operator\u00f3w, mo\u017cemy liczy\u0107 na start samej aukcji na prze\u0142omie kwietnia i maja. Ca\u0142kiem mo\u017cliwe, \u017ce termin 27 sierpnia tego roku zostanie dotrzymany. To z kolei oznacza, \u017ce czysto teoretycznie rollout &#8222;prawdziwego&#8221; 5G mo\u017ce rozpocz\u0105\u0107 si\u0119 jesieni\u0105 tego roku.<\/p>\n","protected":false},"excerpt":{"rendered":"<p>Ca\u0142y rynek telekomunikacyjny czeka na start pierwszych procedur zwi\u0105zanych z dystrybucj\u0105 cz\u0119stotliwo\u015bci dedykowanych dla sieci 5G. UKE podchodzi do sprawy ostro\u017cnie i cierpliwie czeka na przyj\u0119cie ustawy o Krajowym Systemie Cyberbezpiecze\u0144stwa. Tymczasem Kolegium ds. Cyberbezpiecze\u0144stwa zaopiniowa\u0142o zapisy dotycz\u0105ce warunk\u00f3w bezpiecze\u0144stwa, kt\u00f3re pojawi\u0105 si\u0119 w decyzjach rezerwacyjnych. Oznacza to, \u017ce wszystko zmierza do szcz\u0119\u015bliwego rozpocz\u0119cia wyczekiwanego [&hellip;]<\/p>\n","protected":false},"author":12,"featured_media":24768,"comment_status":"closed","ping_status":"open","sticky":false,"template":"","format":"standard","meta":{"jetpack_post_was_ever_published":false,"_jetpack_newsletter_access":"","_jetpack_dont_email_post_to_subs":false,"_jetpack_newsletter_tier_id":0,"_jetpack_memberships_contains_paywalled_content":false,"_jetpack_memberships_contains_paid_content":false,"footnotes":"","jetpack_publicize_message":"","jetpack_publicize_feature_enabled":true,"jetpack_social_post_already_shared":true,"jetpack_social_options":{"image_generator_settings":{"template":"highway","enabled":false},"version":2}},"categories":[2344,2016,57],"tags":[143,4529,591,5297,5773,2720,818],"table_tags":[],"class_list":["post-31987","post","type-post","status-publish","format-standard","has-post-thumbnail","hentry","category-5g","category-esej","category-internet-mobilny","tag-5g","tag-aukcja","tag-internet-mobilny","tag-marek-zagorski","tag-prezes-uke","tag-rezerwacja-czestotliwosci","tag-uke"],"jetpack_publicize_connections":[],"yoast_head":"<!-- This site is optimized with the Yoast SEO plugin v24.8.1 - https:\/\/yoast.com\/wordpress\/plugins\/seo\/ -->\n<title>Konsultacje ws. wznowionej aukcji 5G mog\u0105 wystartowa\u0107 w marcu<\/title>\n<meta name=\"description\" content=\"Wprowadzenie &#039;prawdziwego&quot; 5G w Polsce jest op\u00f3\u017anione nawet o... 15 miesi\u0119cy\" \/>\n<meta name=\"robots\" content=\"index, follow, max-snippet:-1, max-image-preview:large, max-video-preview:-1\" \/>\n<link rel=\"canonical\" href=\"https:\/\/www.speedtest.pl\/wiadomosci\/5g\/konsultacje-ws-wznowionej-aukcji-5g-w-marcu\/\" \/>\n<meta property=\"og:locale\" content=\"pl_PL\" \/>\n<meta property=\"og:type\" content=\"article\" \/>\n<meta property=\"og:title\" content=\"Konsultacje ws. wznowionej aukcji 5G mog\u0105 wystartowa\u0107 w marcu\" \/>\n<meta property=\"og:description\" content=\"Wprowadzenie &#039;prawdziwego&quot; 5G w Polsce jest op\u00f3\u017anione nawet o... 15 miesi\u0119cy\" \/>\n<meta property=\"og:url\" content=\"https:\/\/www.speedtest.pl\/wiadomosci\/5g\/konsultacje-ws-wznowionej-aukcji-5g-w-marcu\/\" \/>\n<meta property=\"og:site_name\" content=\"SpeedTest.pl Wiadomo\u015bci\" \/>\n<meta property=\"article:publisher\" content=\"https:\/\/www.facebook.com\/speedtestpl\/\" \/>\n<meta property=\"article:published_time\" content=\"2021-02-20T22:29:24+00:00\" \/>\n<meta property=\"og:image\" content=\"https:\/\/www.speedtest.pl\/wiadomosci\/wp-content\/uploads\/2019\/08\/aukcja-5G.jpg\" \/>\n\t<meta property=\"og:image:width\" content=\"1024\" \/>\n\t<meta property=\"og:image:height\" content=\"576\" \/>\n\t<meta property=\"og:image:type\" content=\"image\/jpeg\" \/>\n<meta name=\"author\" content=\"PJ\" \/>\n<meta name=\"twitter:card\" content=\"summary_large_image\" \/>\n<meta name=\"twitter:creator\" content=\"@speedtestpl\" \/>\n<meta name=\"twitter:site\" content=\"@speedtestpl\" \/>\n<meta name=\"twitter:label1\" content=\"Napisane przez\" \/>\n\t<meta name=\"twitter:data1\" content=\"PJ\" \/>\n\t<meta name=\"twitter:label2\" content=\"Szacowany czas czytania\" \/>\n\t<meta name=\"twitter:data2\" content=\"4 minuty\" \/>\n<script type=\"application\/ld+json\" class=\"yoast-schema-graph\">{\"@context\":\"https:\/\/schema.org\",\"@graph\":[{\"@type\":\"WebPage\",\"@id\":\"https:\/\/www.speedtest.pl\/wiadomosci\/5g\/konsultacje-ws-wznowionej-aukcji-5g-w-marcu\/\",\"url\":\"https:\/\/www.speedtest.pl\/wiadomosci\/5g\/konsultacje-ws-wznowionej-aukcji-5g-w-marcu\/\",\"name\":\"Konsultacje ws. wznowionej aukcji 5G mog\u0105 wystartowa\u0107 w marcu\",\"isPartOf\":{\"@id\":\"https:\/\/www.speedtest.pl\/wiadomosci\/#website\"},\"primaryImageOfPage\":{\"@id\":\"https:\/\/www.speedtest.pl\/wiadomosci\/5g\/konsultacje-ws-wznowionej-aukcji-5g-w-marcu\/#primaryimage\"},\"image\":{\"@id\":\"https:\/\/www.speedtest.pl\/wiadomosci\/5g\/konsultacje-ws-wznowionej-aukcji-5g-w-marcu\/#primaryimage\"},\"thumbnailUrl\":\"https:\/\/www.speedtest.pl\/wiadomosci\/wp-content\/uploads\/2019\/08\/aukcja-5G.jpg\",\"datePublished\":\"2021-02-20T22:29:24+00:00\",\"author\":{\"@id\":\"https:\/\/www.speedtest.pl\/wiadomosci\/#\/schema\/person\/1e51a1178096c8851f7d3ab0575726e4\"},\"description\":\"Wprowadzenie 'prawdziwego\\\" 5G w Polsce jest op\u00f3\u017anione nawet o... 15 miesi\u0119cy\",\"breadcrumb\":{\"@id\":\"https:\/\/www.speedtest.pl\/wiadomosci\/5g\/konsultacje-ws-wznowionej-aukcji-5g-w-marcu\/#breadcrumb\"},\"inLanguage\":\"pl-PL\",\"potentialAction\":[{\"@type\":\"ReadAction\",\"target\":[\"https:\/\/www.speedtest.pl\/wiadomosci\/5g\/konsultacje-ws-wznowionej-aukcji-5g-w-marcu\/\"]}]},{\"@type\":\"ImageObject\",\"inLanguage\":\"pl-PL\",\"@id\":\"https:\/\/www.speedtest.pl\/wiadomosci\/5g\/konsultacje-ws-wznowionej-aukcji-5g-w-marcu\/#primaryimage\",\"url\":\"https:\/\/www.speedtest.pl\/wiadomosci\/wp-content\/uploads\/2019\/08\/aukcja-5G.jpg\",\"contentUrl\":\"https:\/\/www.speedtest.pl\/wiadomosci\/wp-content\/uploads\/2019\/08\/aukcja-5G.jpg\",\"width\":1024,\"height\":576,\"caption\":\"aukcja 5G UKE\"},{\"@type\":\"BreadcrumbList\",\"@id\":\"https:\/\/www.speedtest.pl\/wiadomosci\/5g\/konsultacje-ws-wznowionej-aukcji-5g-w-marcu\/#breadcrumb\",\"itemListElement\":[{\"@type\":\"ListItem\",\"position\":1,\"name\":\"Strona g\u0142\u00f3wna\",\"item\":\"https:\/\/www.speedtest.pl\/wiadomosci\/\"},{\"@type\":\"ListItem\",\"position\":2,\"name\":\"Konsultacje ws. wznowionej aukcji 5G mog\u0105 wystartowa\u0107 w marcu\"}]},{\"@type\":\"WebSite\",\"@id\":\"https:\/\/www.speedtest.pl\/wiadomosci\/#website\",\"url\":\"https:\/\/www.speedtest.pl\/wiadomosci\/\",\"name\":\"SpeedTest.pl Wiadomo\u015bci\",\"description\":\"Rankingi ISP, newsy i opinie ze \u015bwiata IT, recenzje sprz\u0119tu, gry, motoryzacja\",\"potentialAction\":[{\"@type\":\"SearchAction\",\"target\":{\"@type\":\"EntryPoint\",\"urlTemplate\":\"https:\/\/www.speedtest.pl\/wiadomosci\/?s={search_term_string}\"},\"query-input\":{\"@type\":\"PropertyValueSpecification\",\"valueRequired\":true,\"valueName\":\"search_term_string\"}}],\"inLanguage\":\"pl-PL\"},{\"@type\":\"Person\",\"@id\":\"https:\/\/www.speedtest.pl\/wiadomosci\/#\/schema\/person\/1e51a1178096c8851f7d3ab0575726e4\",\"name\":\"PJ\",\"image\":{\"@type\":\"ImageObject\",\"inLanguage\":\"pl-PL\",\"@id\":\"https:\/\/www.speedtest.pl\/wiadomosci\/#\/schema\/person\/image\/\",\"url\":\"https:\/\/www.speedtest.pl\/wiadomosci\/wp-content\/uploads\/2018\/01\/AAEAAQAAAAAAAAk2AAAAJDNhNWRlODdhLWY3MjYtNGFjNC04MzY1LTI1Zjc4NmI4YmE0OQ-150x150.jpg\",\"contentUrl\":\"https:\/\/www.speedtest.pl\/wiadomosci\/wp-content\/uploads\/2018\/01\/AAEAAQAAAAAAAAk2AAAAJDNhNWRlODdhLWY3MjYtNGFjNC04MzY1LTI1Zjc4NmI4YmE0OQ-150x150.jpg\",\"caption\":\"PJ\"},\"description\":\"Przemek jest m\u00f3zgiem operacyjnym SpeedTest.pl. Studiowa\u0142 na Politechnice Wroc\u0142awskiej elektronik\u0119 i telekomunikacj\u0119. Zarz\u0105dza projektami IT, relacjami z klientami oraz nadzoruje procesy rozwoju. Prywatnie zaanga\u017cowany w rodzin\u0119, wsparcie r\u00f3\u017cnych dzia\u0142alno\u015bci charytatywnych i projekty ekstremalne.\",\"url\":\"https:\/\/www.speedtest.pl\/wiadomosci\/author\/przemek\/\"}]}<\/script>\n<!-- \/ Yoast SEO plugin. -->","yoast_head_json":{"title":"Konsultacje ws. wznowionej aukcji 5G mog\u0105 wystartowa\u0107 w marcu","description":"Wprowadzenie 'prawdziwego\" 5G w Polsce jest op\u00f3\u017anione nawet o... 15 miesi\u0119cy","robots":{"index":"index","follow":"follow","max-snippet":"max-snippet:-1","max-image-preview":"max-image-preview:large","max-video-preview":"max-video-preview:-1"},"canonical":"https:\/\/www.speedtest.pl\/wiadomosci\/5g\/konsultacje-ws-wznowionej-aukcji-5g-w-marcu\/","og_locale":"pl_PL","og_type":"article","og_title":"Konsultacje ws. wznowionej aukcji 5G mog\u0105 wystartowa\u0107 w marcu","og_description":"Wprowadzenie 'prawdziwego\" 5G w Polsce jest op\u00f3\u017anione nawet o... 15 miesi\u0119cy","og_url":"https:\/\/www.speedtest.pl\/wiadomosci\/5g\/konsultacje-ws-wznowionej-aukcji-5g-w-marcu\/","og_site_name":"SpeedTest.pl Wiadomo\u015bci","article_publisher":"https:\/\/www.facebook.com\/speedtestpl\/","article_published_time":"2021-02-20T22:29:24+00:00","og_image":[{"width":1024,"height":576,"url":"https:\/\/www.speedtest.pl\/wiadomosci\/wp-content\/uploads\/2019\/08\/aukcja-5G.jpg","type":"image\/jpeg"}],"author":"PJ","twitter_card":"summary_large_image","twitter_creator":"@speedtestpl","twitter_site":"@speedtestpl","twitter_misc":{"Napisane przez":"PJ","Szacowany czas czytania":"4 minuty"},"schema":{"@context":"https:\/\/schema.org","@graph":[{"@type":"WebPage","@id":"https:\/\/www.speedtest.pl\/wiadomosci\/5g\/konsultacje-ws-wznowionej-aukcji-5g-w-marcu\/","url":"https:\/\/www.speedtest.pl\/wiadomosci\/5g\/konsultacje-ws-wznowionej-aukcji-5g-w-marcu\/","name":"Konsultacje ws. wznowionej aukcji 5G mog\u0105 wystartowa\u0107 w marcu","isPartOf":{"@id":"https:\/\/www.speedtest.pl\/wiadomosci\/#website"},"primaryImageOfPage":{"@id":"https:\/\/www.speedtest.pl\/wiadomosci\/5g\/konsultacje-ws-wznowionej-aukcji-5g-w-marcu\/#primaryimage"},"image":{"@id":"https:\/\/www.speedtest.pl\/wiadomosci\/5g\/konsultacje-ws-wznowionej-aukcji-5g-w-marcu\/#primaryimage"},"thumbnailUrl":"https:\/\/www.speedtest.pl\/wiadomosci\/wp-content\/uploads\/2019\/08\/aukcja-5G.jpg","datePublished":"2021-02-20T22:29:24+00:00","author":{"@id":"https:\/\/www.speedtest.pl\/wiadomosci\/#\/schema\/person\/1e51a1178096c8851f7d3ab0575726e4"},"description":"Wprowadzenie 'prawdziwego\" 5G w Polsce jest op\u00f3\u017anione nawet o... 15 miesi\u0119cy","breadcrumb":{"@id":"https:\/\/www.speedtest.pl\/wiadomosci\/5g\/konsultacje-ws-wznowionej-aukcji-5g-w-marcu\/#breadcrumb"},"inLanguage":"pl-PL","potentialAction":[{"@type":"ReadAction","target":["https:\/\/www.speedtest.pl\/wiadomosci\/5g\/konsultacje-ws-wznowionej-aukcji-5g-w-marcu\/"]}]},{"@type":"ImageObject","inLanguage":"pl-PL","@id":"https:\/\/www.speedtest.pl\/wiadomosci\/5g\/konsultacje-ws-wznowionej-aukcji-5g-w-marcu\/#primaryimage","url":"https:\/\/www.speedtest.pl\/wiadomosci\/wp-content\/uploads\/2019\/08\/aukcja-5G.jpg","contentUrl":"https:\/\/www.speedtest.pl\/wiadomosci\/wp-content\/uploads\/2019\/08\/aukcja-5G.jpg","width":1024,"height":576,"caption":"aukcja 5G UKE"},{"@type":"BreadcrumbList","@id":"https:\/\/www.speedtest.pl\/wiadomosci\/5g\/konsultacje-ws-wznowionej-aukcji-5g-w-marcu\/#breadcrumb","itemListElement":[{"@type":"ListItem","position":1,"name":"Strona g\u0142\u00f3wna","item":"https:\/\/www.speedtest.pl\/wiadomosci\/"},{"@type":"ListItem","position":2,"name":"Konsultacje ws. wznowionej aukcji 5G mog\u0105 wystartowa\u0107 w marcu"}]},{"@type":"WebSite","@id":"https:\/\/www.speedtest.pl\/wiadomosci\/#website","url":"https:\/\/www.speedtest.pl\/wiadomosci\/","name":"SpeedTest.pl Wiadomo\u015bci","description":"Rankingi ISP, newsy i opinie ze \u015bwiata IT, recenzje sprz\u0119tu, gry, motoryzacja","potentialAction":[{"@type":"SearchAction","target":{"@type":"EntryPoint","urlTemplate":"https:\/\/www.speedtest.pl\/wiadomosci\/?s={search_term_string}"},"query-input":{"@type":"PropertyValueSpecification","valueRequired":true,"valueName":"search_term_string"}}],"inLanguage":"pl-PL"},{"@type":"Person","@id":"https:\/\/www.speedtest.pl\/wiadomosci\/#\/schema\/person\/1e51a1178096c8851f7d3ab0575726e4","name":"PJ","image":{"@type":"ImageObject","inLanguage":"pl-PL","@id":"https:\/\/www.speedtest.pl\/wiadomosci\/#\/schema\/person\/image\/","url":"https:\/\/www.speedtest.pl\/wiadomosci\/wp-content\/uploads\/2018\/01\/AAEAAQAAAAAAAAk2AAAAJDNhNWRlODdhLWY3MjYtNGFjNC04MzY1LTI1Zjc4NmI4YmE0OQ-150x150.jpg","contentUrl":"https:\/\/www.speedtest.pl\/wiadomosci\/wp-content\/uploads\/2018\/01\/AAEAAQAAAAAAAAk2AAAAJDNhNWRlODdhLWY3MjYtNGFjNC04MzY1LTI1Zjc4NmI4YmE0OQ-150x150.jpg","caption":"PJ"},"description":"Przemek jest m\u00f3zgiem operacyjnym SpeedTest.pl. Studiowa\u0142 na Politechnice Wroc\u0142awskiej elektronik\u0119 i telekomunikacj\u0119. Zarz\u0105dza projektami IT, relacjami z klientami oraz nadzoruje procesy rozwoju. Prywatnie zaanga\u017cowany w rodzin\u0119, wsparcie r\u00f3\u017cnych dzia\u0142alno\u015bci charytatywnych i projekty ekstremalne.","url":"https:\/\/www.speedtest.pl\/wiadomosci\/author\/przemek\/"}]}},"jetpack_featured_media_url":"https:\/\/www.speedtest.pl\/wiadomosci\/wp-content\/uploads\/2019\/08\/aukcja-5G.jpg","jetpack_sharing_enabled":true,"jetpack_shortlink":"https:\/\/wp.me\/p85ce0-8jV","_links":{"self":[{"href":"https:\/\/www.speedtest.pl\/wiadomosci\/wp-json\/wp\/v2\/posts\/31987","targetHints":{"allow":["GET"]}}],"collection":[{"href":"https:\/\/www.speedtest.pl\/wiadomosci\/wp-json\/wp\/v2\/posts"}],"about":[{"href":"https:\/\/www.speedtest.pl\/wiadomosci\/wp-json\/wp\/v2\/types\/post"}],"author":[{"embeddable":true,"href":"https:\/\/www.speedtest.pl\/wiadomosci\/wp-json\/wp\/v2\/users\/12"}],"replies":[{"embeddable":true,"href":"https:\/\/www.speedtest.pl\/wiadomosci\/wp-json\/wp\/v2\/comments?post=31987"}],"version-history":[{"count":2,"href":"https:\/\/www.speedtest.pl\/wiadomosci\/wp-json\/wp\/v2\/posts\/31987\/revisions"}],"predecessor-version":[{"id":31989,"href":"https:\/\/www.speedtest.pl\/wiadomosci\/wp-json\/wp\/v2\/posts\/31987\/revisions\/31989"}],"wp:featuredmedia":[{"embeddable":true,"href":"https:\/\/www.speedtest.pl\/wiadomosci\/wp-json\/wp\/v2\/media\/24768"}],"wp:attachment":[{"href":"https:\/\/www.speedtest.pl\/wiadomosci\/wp-json\/wp\/v2\/media?parent=31987"}],"wp:term":[{"taxonomy":"category","embeddable":true,"href":"https:\/\/www.speedtest.pl\/wiadomosci\/wp-json\/wp\/v2\/categories?post=31987"},{"taxonomy":"post_tag","embeddable":true,"href":"https:\/\/www.speedtest.pl\/wiadomosci\/wp-json\/wp\/v2\/tags?post=31987"},{"taxonomy":"table_tags","embeddable":true,"href":"https:\/\/www.speedtest.pl\/wiadomosci\/wp-json\/wp\/v2\/table_tags?post=31987"}],"curies":[{"name":"wp","href":"https:\/\/api.w.org\/{rel}","templated":true}]}}