{"id":31244,"date":"2020-12-13T19:04:05","date_gmt":"2020-12-13T18:04:05","guid":{"rendered":"https:\/\/www.speedtest.pl\/wiadomosci\/?p=31244"},"modified":"2020-12-13T19:04:06","modified_gmt":"2020-12-13T18:04:06","slug":"mieszkancy-chcieli-protestowac-bo-opozniala-sie-budowa-stacji-bazowej","status":"publish","type":"post","link":"https:\/\/www.speedtest.pl\/wiadomosci\/internet-mobilny\/mieszkancy-chcieli-protestowac-bo-opozniala-sie-budowa-stacji-bazowej\/","title":{"rendered":"Mieszka\u0144cy chcieli protestowa\u0107, bo op\u00f3\u017ania\u0142a si\u0119 budowa stacji bazowej"},"content":{"rendered":"\n<p><strong>Wbrew powszechnej opinii wi\u0119kszo\u015b\u0107 os\u00f3b nie jest przeciwko budowie stacji bazowej. Fakt ten obrazuje przyk\u0142ad mieszka\u0144c\u00f3w Ko\u017alic, Juszowic i Rynarcic (gmina Rudna). Zagrozili oni protestami, je\u015bli operator nie uruchomi na ich terenie nowej stacji bazowej. W spraw\u0119 zamieszany jest r\u00f3wnie\u017c zarz\u0105d KGHM, kt\u00f3ry obieca\u0142 lokalnej spo\u0142eczno\u015bci tak\u0105 inwestycj\u0119.<\/strong><\/p>\n\n\n\n<p>Ostatnio dziennikarze z lokalnych gazet donosili o kolejnych protestach mieszka\u0144c\u00f3w, kt\u00f3rych zaskoczy\u0142a budowa nowych maszt\u00f3w GSM-R. Bli\u017aniacza sytuacja mia\u0142a miejsce w <a href=\"https:\/\/www.speedtest.pl\/wiadomosci\/news\/buduja-maszt-protestujemy-nawet-jak-jest-to-gsm-r\/\">Lasocicach<\/a> oraz <a href=\"https:\/\/www.telko.in\/w-lodygowicach-bunt-przeciwko-masztowi-gsm-r\" target=\"_blank\" rel=\"noreferrer noopener external nofollow\">\u0141odygowicach<\/a>. W obu przypadkach spraw\u0119 powinny rozja\u015bni\u0107 zapewnienia o braku mo\u017cliwo\u015bci instalacji na tych masztach anten konwencjonalnych operator\u00f3w telefonii kom\u00f3rkowej. Pojawi\u0142y si\u0119 r\u00f3wnie\u017c obawy dotycz\u0105ce oddzia\u0142ywania na zdrowie i \u015brodowisko. Jednak adresuje je informacja o rodzaju stosowanych anten GSM-R, kt\u00f3rych wi\u0105zki skierowane s\u0105 wzd\u0142u\u017c tor\u00f3w. W kontek\u015bcie tych wydarze\u0144 zaskakiwa\u0107 mo\u017ce niekt\u00f3rych determinacja mieszka\u0144c\u00f3w kilku miejscowo\u015bci z gminy Rudna. Jak <a href=\"https:\/\/e-legnickie.pl\/wiadomosci-z-regionu\/lubin\/31423-rozgoryczeni-mieszkancy-kozlic-juszowic-i-rynarcic-apeluja-do-kghm-potem-wyjda-na-drogi\" target=\"_blank\" rel=\"noreferrer noopener external nofollow\">relacjonuje portal e-legnickie.pl<\/a>, zagrozili oni protestem, je\u015bli KGHM nie zrealizuje obietnicy w sprawie instalacji stacji bazowej na szybie R-VI.<\/p>\n\n\n\n<blockquote class=\"td_quote_box td_box_center\"><p>&#8222;Czekamy na realizacj\u0119 obietnicy do ko\u0144ca grudnia br, a potem jak 700 zdesperowanych mieszka\u0144c\u00f3w wyjdzie na drog\u0119 to zrobimy taki protest, \u017ce strajk kobiet przy naszym prote\u015bcie oka\u017ce si\u0119 piku\u015b&#8221;. &#8211; powiedzia\u0142 portalowi e-legnickie.pl Aleksandra Kurek, so\u0142tys Ko\u017alic<\/p><\/blockquote>\n\n\n\n<h2 class=\"wp-block-heading\">Polkomtel uruchomi stacj\u0119 bazow\u0105 na szybie KGHM do ko\u0144ca tego roku<\/h2>\n\n\n\n<p>Gdyby do takiego protestu dosz\u0142o, to by\u0142by to ewenement na skal\u0119 kraju. Wydarzenie to mog\u0142oby przebi\u0107 swoimi zasi\u0119gami s\u0142ynn\u0105 decyzj\u0119 radnych z Kra\u015bnika. Pokaza\u0142oby to r\u00f3wnie\u017c spo\u0142ecze\u0144stwu, jak bardzo wa\u017cne s\u0105 w naszym \u017cyciu sieci telekomunikacyjne. W ko\u0144cu w przypadku wielu os\u00f3b zdalna nauka i praca s\u0105 mo\u017cliwe jedynie dzi\u0119ki mobilnemu dost\u0119powi do Internetu. Na szcz\u0119\u015bcie sprawa znalaz\u0142a szcz\u0119\u015bliwy fina\u0142. Sylwia Jurgiel, rzecznik prasowy KGHM &#8222;Polska Mied\u017a&#8221; S.A., <a href=\"https:\/\/e-legnickie.pl\/wiadomosci-z-regionu\/lubin\/31471-final-montazu-masztu-w-rynarcicach-coraz-realniejszy-mamy-odp-kghm\" target=\"_blank\" rel=\"noreferrer noopener external nofollow\">przes\u0142a\u0142a redakcji e-legnickie.pl komunikat<\/a>, w kt\u00f3rym czytamy:<\/p>\n\n\n\n<blockquote class=\"td_quote_box td_box_center\"><p>&#8222;Zgodnie z informacjami przekazywanymi na bie\u017c\u0105co do Urz\u0119du Gminy Rudna podtrzymujemy deklaracj\u0119 uzyskan\u0105 od firmy Polkomtel, \u017ce zako\u0144czenie prac maj\u0105cych na celu popraw\u0119 zasi\u0119gu i jako\u015bci sygna\u0142u telefonii kom\u00f3rkowej w Rynarcicach, Juszowicach i Ko\u017alicach zaplanowane jest na koniec grudnia tego roku. W najbli\u017cszych dniach przeszkoleni pracownicy firmy zewn\u0119trznej maj\u0105 rozpocz\u0105\u0107 monta\u017c niezb\u0119dnych instalacji. Informujemy te\u017c, \u017ce Polkomtel uzyska\u0142 ju\u017c wszystkie wymagane zgody, co w trakcie pandemii mia\u0142o wp\u0142yw na op\u00f3\u017anienie prac. KGHM nie jest wykonawc\u0105 tej inwestycji, natomiast w poczuciu odpowiedzialno\u015bci i maj\u0105c na uwadze dobros\u0105siedzkie relacje zapewniamy o naszym szczeg\u00f3lnym zaanga\u017cowaniu w t\u0119 spraw\u0119&#8221;.<\/p><\/blockquote>\n\n\n\n<p>W ca\u0142ej sprawie interesuj\u0105ce jest r\u00f3wnie\u017c to, kto i dlaczego by\u0142 adresatem gr\u00f3\u017ab mieszka\u0144c\u00f3w. Za budow\u0119 stacji bazowej odpowiada z regu\u0142y operator (w tym przypadku Polkomtel). Jednak to w\u0142a\u015bciciel obiektu (tj. KGHM) obieca\u0142 lokalnej spo\u0142eczno\u015bci jej uruchomienie. Jak przypomnieli so\u0142tysi Ko\u017alic, Juszowic i Rynarcic, &#8222;by\u0142 to jeden z warunk\u00f3w wyra\u017cenia zgody na rozbudow\u0119 kwatery po\u0142udniowej&#8221;.<\/p>\n","protected":false},"excerpt":{"rendered":"<p>Wbrew powszechnej opinii wi\u0119kszo\u015b\u0107 os\u00f3b nie jest przeciwko budowie stacji bazowej. Fakt ten obrazuje przyk\u0142ad mieszka\u0144c\u00f3w Ko\u017alic, Juszowic i Rynarcic (gmina Rudna). Zagrozili oni protestami, je\u015bli operator nie uruchomi na ich terenie nowej stacji bazowej. W spraw\u0119 zamieszany jest r\u00f3wnie\u017c zarz\u0105d KGHM, kt\u00f3ry obieca\u0142 lokalnej spo\u0142eczno\u015bci tak\u0105 inwestycj\u0119. Ostatnio dziennikarze z lokalnych gazet donosili o [&hellip;]<\/p>\n","protected":false},"author":12,"featured_media":31246,"comment_status":"closed","ping_status":"open","sticky":false,"template":"","format":"standard","meta":{"jetpack_post_was_ever_published":false,"_jetpack_newsletter_access":"","_jetpack_dont_email_post_to_subs":false,"_jetpack_newsletter_tier_id":0,"_jetpack_memberships_contains_paywalled_content":false,"_jetpack_memberships_contains_paid_content":false,"footnotes":"","jetpack_publicize_message":"","jetpack_publicize_feature_enabled":true,"jetpack_social_post_already_shared":true,"jetpack_social_options":{"image_generator_settings":{"template":"highway","enabled":false},"version":2}},"categories":[57],"tags":[6769,407,4096,6770,2866],"table_tags":[],"class_list":["post-31244","post","type-post","status-publish","format-standard","has-post-thumbnail","hentry","category-internet-mobilny","tag-kghm","tag-polkomtel","tag-protest","tag-rudna","tag-stacja-bazowa"],"jetpack_publicize_connections":[],"yoast_head":"<!-- This site is optimized with the Yoast SEO plugin v24.8.1 - https:\/\/yoast.com\/wordpress\/plugins\/seo\/ -->\n<title>Mieszka\u0144cy chcieli protestowa\u0107, bo op\u00f3\u017ania\u0142a si\u0119 budowa stacji bazowej<\/title>\n<meta name=\"description\" content=\"Mieszka\u0144cy gminy Rudna zagrozili protestami, je\u015bli operator nie uruchomi nowej stacji bazowej, kt\u00f3ra poprawi zasi\u0119g w kilku miej\u015bcowo\u015bciach.\" \/>\n<meta name=\"robots\" content=\"index, follow, max-snippet:-1, max-image-preview:large, max-video-preview:-1\" \/>\n<link rel=\"canonical\" href=\"https:\/\/www.speedtest.pl\/wiadomosci\/internet-mobilny\/mieszkancy-chcieli-protestowac-bo-opozniala-sie-budowa-stacji-bazowej\/\" \/>\n<meta property=\"og:locale\" content=\"pl_PL\" \/>\n<meta property=\"og:type\" content=\"article\" \/>\n<meta property=\"og:title\" content=\"Mieszka\u0144cy chcieli protestowa\u0107, bo op\u00f3\u017ania\u0142a si\u0119 budowa stacji bazowej\" \/>\n<meta property=\"og:description\" content=\"Mieszka\u0144cy gminy Rudna zagrozili protestami, je\u015bli operator nie uruchomi nowej stacji bazowej, kt\u00f3ra poprawi zasi\u0119g w kilku miej\u015bcowo\u015bciach.\" \/>\n<meta property=\"og:url\" content=\"https:\/\/www.speedtest.pl\/wiadomosci\/internet-mobilny\/mieszkancy-chcieli-protestowac-bo-opozniala-sie-budowa-stacji-bazowej\/\" \/>\n<meta property=\"og:site_name\" content=\"SpeedTest.pl Wiadomo\u015bci\" \/>\n<meta property=\"article:publisher\" content=\"https:\/\/www.facebook.com\/speedtestpl\/\" \/>\n<meta property=\"article:published_time\" content=\"2020-12-13T18:04:05+00:00\" \/>\n<meta property=\"article:modified_time\" content=\"2020-12-13T18:04:06+00:00\" \/>\n<meta property=\"og:image\" content=\"https:\/\/www.speedtest.pl\/wiadomosci\/wp-content\/uploads\/2020\/12\/protest.jpg\" \/>\n\t<meta property=\"og:image:width\" content=\"1024\" \/>\n\t<meta property=\"og:image:height\" content=\"576\" \/>\n\t<meta property=\"og:image:type\" content=\"image\/jpeg\" \/>\n<meta name=\"author\" content=\"PJ\" \/>\n<meta name=\"twitter:card\" content=\"summary_large_image\" \/>\n<meta name=\"twitter:creator\" content=\"@speedtestpl\" \/>\n<meta name=\"twitter:site\" content=\"@speedtestpl\" \/>\n<meta name=\"twitter:label1\" content=\"Napisane przez\" \/>\n\t<meta name=\"twitter:data1\" content=\"PJ\" \/>\n\t<meta name=\"twitter:label2\" content=\"Szacowany czas czytania\" \/>\n\t<meta name=\"twitter:data2\" content=\"3 minuty\" \/>\n<script type=\"application\/ld+json\" class=\"yoast-schema-graph\">{\"@context\":\"https:\/\/schema.org\",\"@graph\":[{\"@type\":\"WebPage\",\"@id\":\"https:\/\/www.speedtest.pl\/wiadomosci\/internet-mobilny\/mieszkancy-chcieli-protestowac-bo-opozniala-sie-budowa-stacji-bazowej\/\",\"url\":\"https:\/\/www.speedtest.pl\/wiadomosci\/internet-mobilny\/mieszkancy-chcieli-protestowac-bo-opozniala-sie-budowa-stacji-bazowej\/\",\"name\":\"Mieszka\u0144cy chcieli protestowa\u0107, bo op\u00f3\u017ania\u0142a si\u0119 budowa stacji bazowej\",\"isPartOf\":{\"@id\":\"https:\/\/www.speedtest.pl\/wiadomosci\/#website\"},\"primaryImageOfPage\":{\"@id\":\"https:\/\/www.speedtest.pl\/wiadomosci\/internet-mobilny\/mieszkancy-chcieli-protestowac-bo-opozniala-sie-budowa-stacji-bazowej\/#primaryimage\"},\"image\":{\"@id\":\"https:\/\/www.speedtest.pl\/wiadomosci\/internet-mobilny\/mieszkancy-chcieli-protestowac-bo-opozniala-sie-budowa-stacji-bazowej\/#primaryimage\"},\"thumbnailUrl\":\"https:\/\/www.speedtest.pl\/wiadomosci\/wp-content\/uploads\/2020\/12\/protest.jpg\",\"datePublished\":\"2020-12-13T18:04:05+00:00\",\"dateModified\":\"2020-12-13T18:04:06+00:00\",\"author\":{\"@id\":\"https:\/\/www.speedtest.pl\/wiadomosci\/#\/schema\/person\/1e51a1178096c8851f7d3ab0575726e4\"},\"description\":\"Mieszka\u0144cy gminy Rudna zagrozili protestami, je\u015bli operator nie uruchomi nowej stacji bazowej, kt\u00f3ra poprawi zasi\u0119g w kilku miej\u015bcowo\u015bciach.\",\"breadcrumb\":{\"@id\":\"https:\/\/www.speedtest.pl\/wiadomosci\/internet-mobilny\/mieszkancy-chcieli-protestowac-bo-opozniala-sie-budowa-stacji-bazowej\/#breadcrumb\"},\"inLanguage\":\"pl-PL\",\"potentialAction\":[{\"@type\":\"ReadAction\",\"target\":[\"https:\/\/www.speedtest.pl\/wiadomosci\/internet-mobilny\/mieszkancy-chcieli-protestowac-bo-opozniala-sie-budowa-stacji-bazowej\/\"]}]},{\"@type\":\"ImageObject\",\"inLanguage\":\"pl-PL\",\"@id\":\"https:\/\/www.speedtest.pl\/wiadomosci\/internet-mobilny\/mieszkancy-chcieli-protestowac-bo-opozniala-sie-budowa-stacji-bazowej\/#primaryimage\",\"url\":\"https:\/\/www.speedtest.pl\/wiadomosci\/wp-content\/uploads\/2020\/12\/protest.jpg\",\"contentUrl\":\"https:\/\/www.speedtest.pl\/wiadomosci\/wp-content\/uploads\/2020\/12\/protest.jpg\",\"width\":1024,\"height\":576,\"caption\":\"protest\"},{\"@type\":\"BreadcrumbList\",\"@id\":\"https:\/\/www.speedtest.pl\/wiadomosci\/internet-mobilny\/mieszkancy-chcieli-protestowac-bo-opozniala-sie-budowa-stacji-bazowej\/#breadcrumb\",\"itemListElement\":[{\"@type\":\"ListItem\",\"position\":1,\"name\":\"Strona g\u0142\u00f3wna\",\"item\":\"https:\/\/www.speedtest.pl\/wiadomosci\/\"},{\"@type\":\"ListItem\",\"position\":2,\"name\":\"Mieszka\u0144cy chcieli protestowa\u0107, bo op\u00f3\u017ania\u0142a si\u0119 budowa stacji bazowej\"}]},{\"@type\":\"WebSite\",\"@id\":\"https:\/\/www.speedtest.pl\/wiadomosci\/#website\",\"url\":\"https:\/\/www.speedtest.pl\/wiadomosci\/\",\"name\":\"SpeedTest.pl Wiadomo\u015bci\",\"description\":\"Rankingi ISP, newsy i opinie ze \u015bwiata IT, recenzje sprz\u0119tu, gry, motoryzacja\",\"potentialAction\":[{\"@type\":\"SearchAction\",\"target\":{\"@type\":\"EntryPoint\",\"urlTemplate\":\"https:\/\/www.speedtest.pl\/wiadomosci\/?s={search_term_string}\"},\"query-input\":{\"@type\":\"PropertyValueSpecification\",\"valueRequired\":true,\"valueName\":\"search_term_string\"}}],\"inLanguage\":\"pl-PL\"},{\"@type\":\"Person\",\"@id\":\"https:\/\/www.speedtest.pl\/wiadomosci\/#\/schema\/person\/1e51a1178096c8851f7d3ab0575726e4\",\"name\":\"PJ\",\"image\":{\"@type\":\"ImageObject\",\"inLanguage\":\"pl-PL\",\"@id\":\"https:\/\/www.speedtest.pl\/wiadomosci\/#\/schema\/person\/image\/\",\"url\":\"https:\/\/www.speedtest.pl\/wiadomosci\/wp-content\/uploads\/2018\/01\/AAEAAQAAAAAAAAk2AAAAJDNhNWRlODdhLWY3MjYtNGFjNC04MzY1LTI1Zjc4NmI4YmE0OQ-150x150.jpg\",\"contentUrl\":\"https:\/\/www.speedtest.pl\/wiadomosci\/wp-content\/uploads\/2018\/01\/AAEAAQAAAAAAAAk2AAAAJDNhNWRlODdhLWY3MjYtNGFjNC04MzY1LTI1Zjc4NmI4YmE0OQ-150x150.jpg\",\"caption\":\"PJ\"},\"description\":\"Przemek jest m\u00f3zgiem operacyjnym SpeedTest.pl. Studiowa\u0142 na Politechnice Wroc\u0142awskiej elektronik\u0119 i telekomunikacj\u0119. Zarz\u0105dza projektami IT, relacjami z klientami oraz nadzoruje procesy rozwoju. Prywatnie zaanga\u017cowany w rodzin\u0119, wsparcie r\u00f3\u017cnych dzia\u0142alno\u015bci charytatywnych i projekty ekstremalne.\",\"url\":\"https:\/\/www.speedtest.pl\/wiadomosci\/author\/przemek\/\"}]}<\/script>\n<!-- \/ Yoast SEO plugin. -->","yoast_head_json":{"title":"Mieszka\u0144cy chcieli protestowa\u0107, bo op\u00f3\u017ania\u0142a si\u0119 budowa stacji bazowej","description":"Mieszka\u0144cy gminy Rudna zagrozili protestami, je\u015bli operator nie uruchomi nowej stacji bazowej, kt\u00f3ra poprawi zasi\u0119g w kilku miej\u015bcowo\u015bciach.","robots":{"index":"index","follow":"follow","max-snippet":"max-snippet:-1","max-image-preview":"max-image-preview:large","max-video-preview":"max-video-preview:-1"},"canonical":"https:\/\/www.speedtest.pl\/wiadomosci\/internet-mobilny\/mieszkancy-chcieli-protestowac-bo-opozniala-sie-budowa-stacji-bazowej\/","og_locale":"pl_PL","og_type":"article","og_title":"Mieszka\u0144cy chcieli protestowa\u0107, bo op\u00f3\u017ania\u0142a si\u0119 budowa stacji bazowej","og_description":"Mieszka\u0144cy gminy Rudna zagrozili protestami, je\u015bli operator nie uruchomi nowej stacji bazowej, kt\u00f3ra poprawi zasi\u0119g w kilku miej\u015bcowo\u015bciach.","og_url":"https:\/\/www.speedtest.pl\/wiadomosci\/internet-mobilny\/mieszkancy-chcieli-protestowac-bo-opozniala-sie-budowa-stacji-bazowej\/","og_site_name":"SpeedTest.pl Wiadomo\u015bci","article_publisher":"https:\/\/www.facebook.com\/speedtestpl\/","article_published_time":"2020-12-13T18:04:05+00:00","article_modified_time":"2020-12-13T18:04:06+00:00","og_image":[{"width":1024,"height":576,"url":"https:\/\/www.speedtest.pl\/wiadomosci\/wp-content\/uploads\/2020\/12\/protest.jpg","type":"image\/jpeg"}],"author":"PJ","twitter_card":"summary_large_image","twitter_creator":"@speedtestpl","twitter_site":"@speedtestpl","twitter_misc":{"Napisane przez":"PJ","Szacowany czas czytania":"3 minuty"},"schema":{"@context":"https:\/\/schema.org","@graph":[{"@type":"WebPage","@id":"https:\/\/www.speedtest.pl\/wiadomosci\/internet-mobilny\/mieszkancy-chcieli-protestowac-bo-opozniala-sie-budowa-stacji-bazowej\/","url":"https:\/\/www.speedtest.pl\/wiadomosci\/internet-mobilny\/mieszkancy-chcieli-protestowac-bo-opozniala-sie-budowa-stacji-bazowej\/","name":"Mieszka\u0144cy chcieli protestowa\u0107, bo op\u00f3\u017ania\u0142a si\u0119 budowa stacji bazowej","isPartOf":{"@id":"https:\/\/www.speedtest.pl\/wiadomosci\/#website"},"primaryImageOfPage":{"@id":"https:\/\/www.speedtest.pl\/wiadomosci\/internet-mobilny\/mieszkancy-chcieli-protestowac-bo-opozniala-sie-budowa-stacji-bazowej\/#primaryimage"},"image":{"@id":"https:\/\/www.speedtest.pl\/wiadomosci\/internet-mobilny\/mieszkancy-chcieli-protestowac-bo-opozniala-sie-budowa-stacji-bazowej\/#primaryimage"},"thumbnailUrl":"https:\/\/www.speedtest.pl\/wiadomosci\/wp-content\/uploads\/2020\/12\/protest.jpg","datePublished":"2020-12-13T18:04:05+00:00","dateModified":"2020-12-13T18:04:06+00:00","author":{"@id":"https:\/\/www.speedtest.pl\/wiadomosci\/#\/schema\/person\/1e51a1178096c8851f7d3ab0575726e4"},"description":"Mieszka\u0144cy gminy Rudna zagrozili protestami, je\u015bli operator nie uruchomi nowej stacji bazowej, kt\u00f3ra poprawi zasi\u0119g w kilku miej\u015bcowo\u015bciach.","breadcrumb":{"@id":"https:\/\/www.speedtest.pl\/wiadomosci\/internet-mobilny\/mieszkancy-chcieli-protestowac-bo-opozniala-sie-budowa-stacji-bazowej\/#breadcrumb"},"inLanguage":"pl-PL","potentialAction":[{"@type":"ReadAction","target":["https:\/\/www.speedtest.pl\/wiadomosci\/internet-mobilny\/mieszkancy-chcieli-protestowac-bo-opozniala-sie-budowa-stacji-bazowej\/"]}]},{"@type":"ImageObject","inLanguage":"pl-PL","@id":"https:\/\/www.speedtest.pl\/wiadomosci\/internet-mobilny\/mieszkancy-chcieli-protestowac-bo-opozniala-sie-budowa-stacji-bazowej\/#primaryimage","url":"https:\/\/www.speedtest.pl\/wiadomosci\/wp-content\/uploads\/2020\/12\/protest.jpg","contentUrl":"https:\/\/www.speedtest.pl\/wiadomosci\/wp-content\/uploads\/2020\/12\/protest.jpg","width":1024,"height":576,"caption":"protest"},{"@type":"BreadcrumbList","@id":"https:\/\/www.speedtest.pl\/wiadomosci\/internet-mobilny\/mieszkancy-chcieli-protestowac-bo-opozniala-sie-budowa-stacji-bazowej\/#breadcrumb","itemListElement":[{"@type":"ListItem","position":1,"name":"Strona g\u0142\u00f3wna","item":"https:\/\/www.speedtest.pl\/wiadomosci\/"},{"@type":"ListItem","position":2,"name":"Mieszka\u0144cy chcieli protestowa\u0107, bo op\u00f3\u017ania\u0142a si\u0119 budowa stacji bazowej"}]},{"@type":"WebSite","@id":"https:\/\/www.speedtest.pl\/wiadomosci\/#website","url":"https:\/\/www.speedtest.pl\/wiadomosci\/","name":"SpeedTest.pl Wiadomo\u015bci","description":"Rankingi ISP, newsy i opinie ze \u015bwiata IT, recenzje sprz\u0119tu, gry, motoryzacja","potentialAction":[{"@type":"SearchAction","target":{"@type":"EntryPoint","urlTemplate":"https:\/\/www.speedtest.pl\/wiadomosci\/?s={search_term_string}"},"query-input":{"@type":"PropertyValueSpecification","valueRequired":true,"valueName":"search_term_string"}}],"inLanguage":"pl-PL"},{"@type":"Person","@id":"https:\/\/www.speedtest.pl\/wiadomosci\/#\/schema\/person\/1e51a1178096c8851f7d3ab0575726e4","name":"PJ","image":{"@type":"ImageObject","inLanguage":"pl-PL","@id":"https:\/\/www.speedtest.pl\/wiadomosci\/#\/schema\/person\/image\/","url":"https:\/\/www.speedtest.pl\/wiadomosci\/wp-content\/uploads\/2018\/01\/AAEAAQAAAAAAAAk2AAAAJDNhNWRlODdhLWY3MjYtNGFjNC04MzY1LTI1Zjc4NmI4YmE0OQ-150x150.jpg","contentUrl":"https:\/\/www.speedtest.pl\/wiadomosci\/wp-content\/uploads\/2018\/01\/AAEAAQAAAAAAAAk2AAAAJDNhNWRlODdhLWY3MjYtNGFjNC04MzY1LTI1Zjc4NmI4YmE0OQ-150x150.jpg","caption":"PJ"},"description":"Przemek jest m\u00f3zgiem operacyjnym SpeedTest.pl. Studiowa\u0142 na Politechnice Wroc\u0142awskiej elektronik\u0119 i telekomunikacj\u0119. Zarz\u0105dza projektami IT, relacjami z klientami oraz nadzoruje procesy rozwoju. Prywatnie zaanga\u017cowany w rodzin\u0119, wsparcie r\u00f3\u017cnych dzia\u0142alno\u015bci charytatywnych i projekty ekstremalne.","url":"https:\/\/www.speedtest.pl\/wiadomosci\/author\/przemek\/"}]}},"jetpack_featured_media_url":"https:\/\/www.speedtest.pl\/wiadomosci\/wp-content\/uploads\/2020\/12\/protest.jpg","jetpack_sharing_enabled":true,"jetpack_shortlink":"https:\/\/wp.me\/p85ce0-87W","_links":{"self":[{"href":"https:\/\/www.speedtest.pl\/wiadomosci\/wp-json\/wp\/v2\/posts\/31244","targetHints":{"allow":["GET"]}}],"collection":[{"href":"https:\/\/www.speedtest.pl\/wiadomosci\/wp-json\/wp\/v2\/posts"}],"about":[{"href":"https:\/\/www.speedtest.pl\/wiadomosci\/wp-json\/wp\/v2\/types\/post"}],"author":[{"embeddable":true,"href":"https:\/\/www.speedtest.pl\/wiadomosci\/wp-json\/wp\/v2\/users\/12"}],"replies":[{"embeddable":true,"href":"https:\/\/www.speedtest.pl\/wiadomosci\/wp-json\/wp\/v2\/comments?post=31244"}],"version-history":[{"count":2,"href":"https:\/\/www.speedtest.pl\/wiadomosci\/wp-json\/wp\/v2\/posts\/31244\/revisions"}],"predecessor-version":[{"id":31247,"href":"https:\/\/www.speedtest.pl\/wiadomosci\/wp-json\/wp\/v2\/posts\/31244\/revisions\/31247"}],"wp:featuredmedia":[{"embeddable":true,"href":"https:\/\/www.speedtest.pl\/wiadomosci\/wp-json\/wp\/v2\/media\/31246"}],"wp:attachment":[{"href":"https:\/\/www.speedtest.pl\/wiadomosci\/wp-json\/wp\/v2\/media?parent=31244"}],"wp:term":[{"taxonomy":"category","embeddable":true,"href":"https:\/\/www.speedtest.pl\/wiadomosci\/wp-json\/wp\/v2\/categories?post=31244"},{"taxonomy":"post_tag","embeddable":true,"href":"https:\/\/www.speedtest.pl\/wiadomosci\/wp-json\/wp\/v2\/tags?post=31244"},{"taxonomy":"table_tags","embeddable":true,"href":"https:\/\/www.speedtest.pl\/wiadomosci\/wp-json\/wp\/v2\/table_tags?post=31244"}],"curies":[{"name":"wp","href":"https:\/\/api.w.org\/{rel}","templated":true}]}}