{"id":30627,"date":"2020-10-13T16:29:48","date_gmt":"2020-10-13T14:29:48","guid":{"rendered":"https:\/\/www.speedtest.pl\/wiadomosci\/?p=30627"},"modified":"2020-10-13T16:29:48","modified_gmt":"2020-10-13T14:29:48","slug":"5g-mmwave-w-2023-roku-znamy-plany-orange-play-plusa-i-t-mobile","status":"publish","type":"post","link":"https:\/\/www.speedtest.pl\/wiadomosci\/5g\/5g-mmwave-w-2023-roku-znamy-plany-orange-play-plusa-i-t-mobile\/","title":{"rendered":"5G mmWave w 2023 roku &#8211; znamy plany Orange, Play, Plusa i T-Mobile"},"content":{"rendered":"\n<p><strong>Orange, Play, Plus i T-Mobile przekazali Urz\u0119dowi Komunikacji Elektronicznej <a href=\"https:\/\/bip.uke.gov.pl\/konsultacje-i-wyniki-konsultacji\/wyniki-konsultacji-w-sprawie-wykorzystania-pasma-26-ghz-oraz-innych-pasm-milimetrowych,1367.html\" target=\"_blank\" rel=\"noreferrer noopener external nofollow\">swoje stanowiska<\/a> w sprawie rozdysponowania cz\u0119stotliwo\u015bci z pasma milimetrowego 26 GHz. Na podstawie tych informacji mo\u017cemy spodziewa\u0107 si\u0119, \u017ce pierwsze sieci 5G mmWave, kt\u00f3re w niedalekiej przysz\u0142o\u015bci zaoferuj\u0105 pr\u0119dko\u015bci bliskie 8 Gb\/s, pojawi\u0105 si\u0119 w Polsce w okolicach 2023 roku.<\/strong><\/p>\n\n\n\n<p>Sieci 5G mog\u0105 dzia\u0142a\u0107 na bardzo r\u00f3\u017cnych zakresach cz\u0119stotliwo\u015bci. Jednak najbardziej interesuj\u0105cy jest przedzia\u0142 FR2 (Frequency Range 2), kt\u00f3ry dotyczy fal milimetrowych (w skr\u00f3cie mmWave). Obejmuje on m.in. pasmo 26 GHz, czyli zakres od 24,25 GHz do 27,50 GHz. M\u00f3wimy tutaj o zasobie o szeroko\u015bci 3,25 GHz. Gdyby\u015bmy podzielili go pomi\u0119dzy 4 operator\u00f3w, to ka\u017cdy z polskich telekom\u00f3w m\u00f3g\u0142by liczy\u0107 na blok o szeroko\u015bci 800 MHz. To bardzo du\u017co. Aktualnie producenci stacji bazowej uzyskuj\u0105 w tych warunkach <a href=\"https:\/\/www.speedtest.pl\/wiadomosci\/5g\/nokia-rekord-predkosci-5g\/\">pr\u0119dko\u015bci pobierania danych si\u0119gaj\u0105ce 4,5 Gb\/s<\/a>. Przy czym teoretyczna pr\u0119dko\u015b\u0107, kt\u00f3r\u0105 maj\u0105 osi\u0105ga\u0107 dost\u0119pne modemy, wynosi 7,5 Gb\/s. Pokazuje to, \u017ce technologia 5G mmWave musi jeszcze dojrze\u0107. Dlatego te\u017c polscy operatorzy oraz UKE (Urz\u0105d Komunikacji Elektronicznej) do\u015b\u0107 ostro\u017cnie podchodz\u0105 do jej wdra\u017cania. <\/p>\n\n\n\n<div class=\"wp-block-image\"><figure class=\"aligncenter size-large\"><img loading=\"lazy\" decoding=\"async\" width=\"900\" height=\"327\" src=\"https:\/\/www.speedtest.pl\/wiadomosci\/wp-content\/uploads\/2020\/02\/5G-mmWave.jpg\" alt=\"5G mmWave\" class=\"wp-image-26985\" srcset=\"https:\/\/www.speedtest.pl\/wiadomosci\/wp-content\/uploads\/2020\/02\/5G-mmWave.jpg 900w, https:\/\/www.speedtest.pl\/wiadomosci\/wp-content\/uploads\/2020\/02\/5G-mmWave-300x109.jpg 300w, https:\/\/www.speedtest.pl\/wiadomosci\/wp-content\/uploads\/2020\/02\/5G-mmWave-768x279.jpg 768w, https:\/\/www.speedtest.pl\/wiadomosci\/wp-content\/uploads\/2020\/02\/5G-mmWave-696x253.jpg 696w\" sizes=\"auto, (max-width: 900px) 100vw, 900px\" \/><\/figure><\/div>\n\n\n\n<h2 class=\"wp-block-heading\">Polscy operatorzy s\u0105 zgodni co do czasu wdro\u017cenia sieci 5G mmWave w Polsce<\/h2>\n\n\n\n<p>Play zaproponowa\u0142, \u017ceby proces rozdysponowania cz\u0119stotliwo\u015bci z pasma 26 GHz odby\u0142 si\u0119 w latach 2022-2023 lub p\u00f3\u017aniej. Operator t\u0142umaczy to tym, \u017ce najpierw chce si\u0119 skupi\u0107 na budowie sieci opartej o pasmo C (tj. 3,4 &#8211; 3,8 GHz), kt\u00f3ra zweryfikuje popyt na us\u0142ugi 5G. Dodatkowo operator zaznacza, \u017ce aktualnie pasmo C wystarczy do zaspokojenia potrzeb u\u017cytkownik\u00f3w. Tym samym potrzebny jest czas do rozwoju us\u0142ug eMBB, smart city oraz rozwi\u0105za\u0144 stosowanych w przemy\u015ble, kt\u00f3re potrzebowa\u0142yby nowego pasma pojemno\u015bciowego 26 GHz. Operator szacuje, \u017ce rozw\u00f3j zapotrzebowania na tego typu us\u0142ugi potrzebuje jeszcze 2-3 lat.<\/p>\n\n\n\n<p>T-Mobile r\u00f3wnie\u017c stwierdzi\u0142o, \u017ce przeprowadzenie post\u0119powania w latach wcze\u015bniejszych ni\u017c 2022-2023 mija si\u0119 z celem. Operator wskaza\u0142 tutaj potrzeb\u0119 rozwoju sprz\u0119tu i oprogramowania u\u017cywanego do \u015bwiadczenia komercyjnych us\u0142ug. Doda\u0142 r\u00f3wnie\u017c, \u017ce aktualnie nie ma popytu na tego typu rozwi\u0105zania. Jednocze\u015bnie T-Mobile szacuje, \u017ce szersza dost\u0119pno\u015b\u0107 urz\u0105dze\u0144 i us\u0142ug w pa\u015bmie 26 GHz nast\u0105pi w latach 2023-2024.<\/p>\n\n\n\n<p>Orange ma podobne zdanie nt. potrzeby dost\u0119pno\u015bci pasma 26 GHz. Przy czym operator zaznaczy\u0142, \u017ce zgodnie z Narodowym Planem Szerokopasmowym udost\u0119pnienie cz\u0119stotliwo\u015bci z zakresu 26 GHz planowane jest na koniec 2022 roku. Z kolei obs\u0142uguj\u0105ce je pierwsze urz\u0105dzenia operatorskie pojawi\u0105 si\u0119 jeszcze w tym roku lub w pierwszej po\u0142owie przysz\u0142ego. Jednak nie b\u0119d\u0105 one oferowa\u0107 zaawansowanych konfiguracji agregacji. Dlatego te\u017c Orange spodziewa si\u0119 rozwoju tego typu rozwi\u0105za\u0144 w latach 2022\/23, kiedy to te\u017c maj\u0105 pojawi\u0107 si\u0119 ta\u0144sze urz\u0105dzenia klienckie.<\/p>\n\n\n\n<p>Netia (cz\u0119\u015b\u0107 Grupy Cyfrowego Polsatu, do kt\u00f3rej nale\u017cy te\u017c Polkomtel, operatora sieci Plus) szacuje, \u017ce komercyjna i powszechna dost\u0119pno\u015b\u0107 urz\u0105dze\u0144 pracuj\u0105cych w pa\u015bmie 26 GHz nast\u0105pi w 2023 roku. Dlatego te\u017c termin post\u0119powania dystrybucyjnego powinien uwzgl\u0119dnia\u0107 popyt rynkowy, dost\u0119pno\u015b\u0107 urz\u0105dze\u0144 i termin wyga\u015bni\u0119cia obecnych rezerwacji posiadanych przez u\u017cytkownik\u00f3w tych cz\u0119stotliwo\u015bci.<\/p>\n\n\n\n<h2 class=\"wp-block-heading\">Zasi\u0119g sieci 26 GHz b\u0119dzie punktowy, ale rozproszony po ca\u0142ym kraju<\/h2>\n\n\n\n<p>Ca\u0142a &#8222;wielka czw\u00f3rka&#8221; zgodnie twierdzi, \u017ce pasmo 26 GHz znajdzie zastosowanie na terenie ca\u0142ego kraju. Przy czym nikt tutaj nie my\u015bli o zapewnianiu ci\u0105g\u0142ego pokrycia. Budowa sieci 5G mmWave, kt\u00f3rej zasi\u0119g obejmowa\u0142by ca\u0142\u0105 gmin\u0119, czy te\u017c miasto, by\u0142aby nieop\u0142acalna. Dlatego te\u017c operatorzy planuj\u0105 uruchomienie pojedynczych stacji bazowych oraz niewielkich klastr\u00f3w. Dzi\u0119ki temu sie\u0107 w pa\u015bmie 26 GHz powstanie tam, gdzie wyst\u0119puje zapotrzebowanie na specyficzne parametry transmisyjne. Chodzi tutaj g\u0142\u00f3wnie o g\u0119sto zaludnione obszary, miasta wprowadzaj\u0105ce inteligentne rozwi\u0105zania oraz zak\u0142ady pracy wprowadzaj\u0105cych automatyzacj\u0119 poszczeg\u00f3lnych proces\u00f3w. Opr\u00f3cz tego operatorzy my\u015bl\u0105 o zapewnieniu zasi\u0119gu na stadionach, lotniskach czy te\u017c dworcach.<\/p>\n\n\n\n<p>Tego typu zastosowania wi\u0105\u017c\u0105 si\u0119 z uruchomieniem ma\u0142ych stacji radiowych typu small cells. Z za\u0142o\u017cenia spe\u0142niaj\u0105 one norm\u0119 EN 62232:2017. Dlatego te\u017c wszyscy czterej operatorzy postuluj\u0105, \u017ceby ich uruchomienie by\u0142o zwolnione z obowi\u0105zku posiadania pozwole\u0144 radiowych. Przy czym nie ma tutaj mowy o \u017cadnej samowolce, poniewa\u017c pasmo 26 GHz ma by\u0107 pasmem licencjonowanym. Ponadto Play wychodzi z za\u0142o\u017cenia, \u017ce stacje typu small cells spe\u0142niaj\u0105 <a href=\"https:\/\/www.speedtest.pl\/wiadomosci\/5g\/nowe-normy-pem-2\/\">obowi\u0105zuj\u0105ce w Polsce limity PEM<\/a>.<\/p>\n\n\n\n<p>Pasmo 26 GHz mo\u017ce by\u0107 u\u017cywane r\u00f3wnie\u017c przez typowe stacje bazowe typu makro. Dlatego te\u017c pojedyncze instalacje tego typu sprawdz\u0105 si\u0119 w zapewnieniu stacjonarnego dost\u0119pu do Internetu w tzw. modelu FWA (<em>Fixed Wireless Access<\/em>). Rozwi\u0105zanie to mo\u017ce by\u0107 substytutem \u015bwiat\u0142owodu. Dlatego te\u017c trudno dzisiaj okre\u015bli\u0107, gdzie za kilka lat b\u0119dzie istnia\u0142o zapotrzebowanie na tego typu us\u0142ugi. Z tego te\u017c powodu operatorzy nie chc\u0105 ogranicza\u0107 si\u0119 z budow\u0105 sieci 5G mmWave do wybranych region\u00f3w kraju.<\/p>\n\n\n\n<h2 class=\"wp-block-heading\">Ma by\u0107 szeroko i szybko, operatorzy chc\u0105 minimum 400 MHz ci\u0105g\u0142ego pasma<\/h2>\n\n\n\n<p>Pasmo 26 GHz oznaczone jest w standardach 3GPP jako n258. Dokumenty te przewiduj\u0105 mo\u017cliwo\u015b\u0107 tworzenia kana\u0142\u00f3w o szeroko\u015bciach 50 MHz, 100 MHz, 200 MHz oraz 400 MHz. Przy czym szersze blogi b\u0119d\u0105 w praktyce zagospodarowywane poprzez agregacj\u0119 kilku no\u015bnych o szeroko\u015bci 100 MHz. Na to przynajmniej wskazuj\u0105 obecne testy, w kt\u00f3rych u\u017cywane s\u0105 urz\u0105dzenia z modemem Snapdragon X60, kt\u00f3ry potrafi zagregowa\u0107 do 8 no\u015bnych o szeroko\u015bci 100 MHz ka\u017cda.<\/p>\n\n\n\n<p>Pomimo tego, \u017ce urz\u0105dzenia pracuj\u0105ce w pa\u015bmie 26 GHz pozwol\u0105 teoretycznie na agregacj\u0119 &#8222;posiatkowanych&#8221; zasob\u00f3w, to wszyscy operatorzy wnioskuj\u0105 o przydzielanie przez UKE ci\u0105g\u0142ych blok\u00f3w. Powodem do tego jest chocia\u017cby wydajniejsza agregacja w przypadku, w kt\u00f3rym operator posiada ci\u0105g\u0142\u0105 rezerwacj\u0119. Wynika to m.in. z niestosowania w tym przypadku z pasm ochronnych. Opr\u00f3cz tego operatorzy mog\u0105 mie\u0107 problem z nabyciem sprz\u0119tu radiowego, kt\u00f3ry pozwoli na agregacj\u0119 porozrzucanych po ca\u0142ym pa\u015bmie blok\u00f3w.<\/p>\n\n\n\n<p>Play wychodzi z za\u0142o\u017cenia, \u017ce do dzia\u0142ania sieci 5G w pa\u015bmie 26 GHz potrzebuje minimum 200 MHz ci\u0105g\u0142ego bloku. Przy czym operator wskaza\u0142 r\u00f3wnie\u017c mo\u017cliwo\u015b\u0107 wykorzystania ci\u0105g\u0142ych blok\u00f3w o szeroko\u015bci do 400 MHz. Z kolei Orange i T-Mobile woleliby, \u017ceby UKE zapewni\u0142o operatorom ci\u0105g\u0142e bloki o 400 MHz. Natomiast ka\u017cdy z operator\u00f3w powinien mie\u0107 mo\u017cliwo\u015b\u0107 uzyskania dw\u00f3ch takich kana\u0142\u00f3w, co da\u0142oby \u0142\u0105cznie 800 MHz. Przedstawiciel Netii (w domy\u015ble r\u00f3wnie\u017c Plusa) nie by\u0142 zbyt precyzyjny i poda\u0142, \u017ce po\u017c\u0105dana wielko\u015b\u0107 blok\u00f3w b\u0119dzie wynosi\u0107 pomi\u0119dzy 400 a 800 MHz.<\/p>\n\n\n\n<h2 class=\"wp-block-heading\">Operatorzy maj\u0105 r\u00f3\u017cn\u0105 wizj\u0119 co do sposobu p\u0142acenia za pasmo 26 GHz<\/h2>\n\n\n\n<p>Wycena pasma 26 GHz b\u0119dzie bardzo trudna. Ju\u017c wiemy, \u017ce ka\u017cdy z operator\u00f3w chce go u\u017cywa\u0107 &#8222;wyspowo&#8221;. Dlatego te\u017c trudno jest oszacowa\u0107 liczb\u0119 potencjalnych u\u017cytkownik\u00f3w, czy te\u017c okre\u015bli\u0107 wymagania pokryciowe. Dlatego te\u017c w ramach konsultacji pojawi\u0142o si\u0119 pytanie dotycz\u0105ce modelu rozdysponowania i wykorzystywania nowych cz\u0119stotliwo\u015bci.<\/p>\n\n\n\n<p>Orange i Play preferuj\u0105 model oparty o rezerwacje, poniewa\u017c gwarantuje on d\u0142ugoterminow\u0105 stabilno\u015b\u0107 inwestycyjn\u0105. Model ten sprawdzi\u0142 si\u0119 w dotychczasowych post\u0119powaniach. Dodatkowo Play obawia si\u0119, \u017ce model oparty na pozwoleniach radiowych m\u00f3g\u0142by prowadzi\u0107 do fragmentacji widma.<\/p>\n\n\n\n<p>Grupa Cyfrowego Polsatu nie chcia\u0142by i\u015b\u0107 w stron\u0119 wielkoobszarowych rezerwacji, poniewa\u017c by\u0142oby to nieop\u0142acalne. Dlatego te\u017c operator zasugerowa\u0142 wzorowanie si\u0119 na krajach, kt\u00f3re prowadz\u0105 ten zakres cz\u0119stotliwo\u015bci wcze\u015bniej. Problem tylko w tym, \u017ce takie podej\u015bcie mog\u0142oby do\u015b\u0107 znacznie op\u00f3\u017ani\u0107 wdro\u017cenie sieci 5G mmWave w Polsce.<\/p>\n\n\n\n<p>T-Mobile r\u00f3wnie\u017c nie chce, \u017ceby pasmo 26 GHz by\u0142o rozdysponowane na zasadzie aukcji lub przetargu. Operator preferowa\u0142by lokalny przydzia\u0142 zasob\u00f3w, kt\u00f3ry uwzgl\u0119dnia\u0142by wszelkie aspekty dotycz\u0105ce konkurencyjno\u015bci. Chodzi o to, \u017ceby \u017caden z operator\u00f3w nie mia\u0142 mo\u017cliwo\u015bci wykupienia wszystkich blok\u00f3w na danym obszarze geograficznym.<\/p>\n\n\n\n<h2 class=\"wp-block-heading\">Exatel z zupe\u0142nie odmienn\u0105 wizj\u0105 budowy sieci 5G mmWave w Polsce<\/h2>\n\n\n\n<p>Interesuj\u0105ce, cho\u0107 te\u017c niezbyt zaskakuj\u0105ce, stanowisko w sprawie rozdysponowania pasma 26 GHz przys\u0142a\u0142 operator Exatel. Nie zawiera\u0142o ono odpowiedzi na postawione przez UKE pytania. Zamiast tego pojawi\u0142a si\u0119 w nim wizja budowy wsp\u00f3lnej infrastruktury, kt\u00f3ra by\u0142aby ulokowana w obiektach publicznych o wysokim zag\u0119szczeniu ludno\u015bci. Chodzi tutaj m.in. o centra handlowe, dworce kolejowe, lotniska i stadiony. Wspomniana infrastruktura nale\u017ca\u0142aby do operatora hurtowego (w domy\u015ble Exatela), kt\u00f3ry u\u017cycza\u0142by j\u0105 operatorom og\u00f3lnopolskim. W du\u017cym uproszczeniu mieliby\u015bmy tutaj do czynienia z powieleniem modelu zaproponowanego dla pasma 700 MHz, czyli <a href=\"https:\/\/www.speedtest.pl\/wiadomosci\/5g\/raport-modelu-biznesowego-polskie5g-trafil-do-premiera\/\">sp\u00f3\u0142ki #Polskie5G<\/a>.<\/p>\n\n\n\n<p>Exatel uwa\u017ca r\u00f3wnie\u017c, \u017ce w pozosta\u0142ych miejscach (np. w mieszkaniach i biurowcach) z pasma 26 GHz powinni korzysta\u0107 operatorzy, kt\u00f3rzy dzia\u0142aj\u0105 na terenie tylko jednego wojew\u00f3dztwa. Mia\u0142oby to wzmocni\u0107 segment lokalnego rynku telekomunikacyjnego. Wed\u0142ug Exatela mali i \u015bredni przedsi\u0119biorcy oraz samorz\u0105dy maj\u0105 lepsze rozpoznanie potrzeb lokalnych klient\u00f3w i efektywniej dotr\u0105 do nich z us\u0142ugami 5G.<\/p>\n\n\n\n<p>O ile wsp\u00f3\u0142dzielenie stacji bazowych jest kusz\u0105ce i z definicji niemal\u017ce zawsze op\u0142acalne, to w przypadku pasma 26 GHz mog\u0105 pojawi\u0107 si\u0119 ku temu problemy techniczne. Dzisiaj trudno wyobrazi\u0107 sobie mikronadajniki, kt\u00f3re obs\u0142u\u017cy\u0142yby ponad od 1,6 GHz do 3,2 GHz pasma. W ko\u0144cu to w\u0142a\u015bnie tak szeroki przedzia\u0142 cz\u0119stotliwo\u015bci mia\u0142aby obs\u0142u\u017cy\u0107 wsp\u00f3\u0142dzielona przez 4 operator\u00f3w stacja bazowa. <\/p>\n\n\n\n<h2 class=\"wp-block-heading\">5G mmWave w Polsce b\u0119dzie wyzwaniem<\/h2>\n\n\n\n<p>Podsumowuj\u0105c mo\u017cemy stwierdzi\u0107, \u017ce polscy operatorzy s\u0105 zgodni co do terminu uruchomienia sieci 5G mmWave w Polsce oraz sposobu ich u\u017cytkowania. Ka\u017cdy z &#8222;wielkiej czw\u00f3rki&#8221; preferuje r\u00f3wnie\u017c posiadanie ci\u0105g\u0142ych blok\u00f3w cz\u0119stotliwo\u015bci z pasma 26 GHz. Przy czym ostatecznie stanowisko to mo\u017ce ulec zmianie. W ko\u0144cu bazuje ono na obecnym rozwoju urz\u0105dze\u0144 5G i ma na uwadze jak najefektywniejsze zagospodarowanie dost\u0119pnych cz\u0119stotliwo\u015bci. Dla UKE najwi\u0119kszym wyzwaniem b\u0119dzie zaplanowanie zupe\u0142nie nowego sposobu dystrybucji i opracowanie zasad korzystania z pasma 26 GHz, kt\u00f3ra cechuje si\u0119 unikalnymi w\u0142a\u015bciwo\u015bciami. Nie zmienia to jednak faktu, \u017ce w Polsce sieci 5G mmWave b\u0119d\u0105 dost\u0119pne jedynie punktowo. Operatorzy uruchomi\u0105 korzystaj\u0105ce z nich mikronadajniki oraz stacje bazowe typu makro jedynie w tych lokalizacjach, w kt\u00f3rych pojawi si\u0119 na to zapotrzebowanie.<\/p>\n\n\n\n<p> <\/p>\n","protected":false},"excerpt":{"rendered":"<p>Orange, Play, Plus i T-Mobile przekazali Urz\u0119dowi Komunikacji Elektronicznej swoje stanowiska w sprawie rozdysponowania cz\u0119stotliwo\u015bci z pasma milimetrowego 26 GHz. Na podstawie tych informacji mo\u017cemy spodziewa\u0107 si\u0119, \u017ce pierwsze sieci 5G mmWave, kt\u00f3re w niedalekiej przysz\u0142o\u015bci zaoferuj\u0105 pr\u0119dko\u015bci bliskie 8 Gb\/s, pojawi\u0105 si\u0119 w Polsce w okolicach 2023 roku. Sieci 5G mog\u0105 dzia\u0142a\u0107 na bardzo [&hellip;]<\/p>\n","protected":false},"author":12,"featured_media":16344,"comment_status":"closed","ping_status":"open","sticky":false,"template":"","format":"standard","meta":{"jetpack_post_was_ever_published":false,"_jetpack_newsletter_access":"","_jetpack_dont_email_post_to_subs":false,"_jetpack_newsletter_tier_id":0,"_jetpack_memberships_contains_paywalled_content":false,"_jetpack_memberships_contains_paid_content":false,"footnotes":"","jetpack_publicize_message":"","jetpack_publicize_feature_enabled":true,"jetpack_social_post_already_shared":true,"jetpack_social_options":{"image_generator_settings":{"template":"highway","enabled":false},"version":2}},"categories":[2344,2016,57,253],"tags":[5023,3019,359,342,366,303,818],"table_tags":[],"class_list":["post-30627","post","type-post","status-publish","format-standard","has-post-thumbnail","hentry","category-5g","category-esej","category-internet-mobilny","category-polecane","tag-26-ghz","tag-mmwave","tag-orange","tag-play","tag-plus","tag-t-mobile","tag-uke"],"jetpack_publicize_connections":[],"yoast_head":"<!-- This site is optimized with the Yoast SEO plugin v24.8.1 - https:\/\/yoast.com\/wordpress\/plugins\/seo\/ -->\n<title>5G mmWave w 2023 roku - znamy plany Orange, Play, Plusa i T-Mobile<\/title>\n<meta name=\"description\" content=\"Orange, Play, Plus i T-Mobile chc\u0105 budowa\u0107 sie\u0107 5G mmWave w Polsce. Operatorzy maj\u0105 apetyt na cz\u0119stotliwo\u015bci z pasma 26 GHz.\" \/>\n<meta name=\"robots\" content=\"index, follow, max-snippet:-1, max-image-preview:large, max-video-preview:-1\" \/>\n<link rel=\"canonical\" href=\"https:\/\/www.speedtest.pl\/wiadomosci\/5g\/5g-mmwave-w-2023-roku-znamy-plany-orange-play-plusa-i-t-mobile\/\" \/>\n<meta property=\"og:locale\" content=\"pl_PL\" \/>\n<meta property=\"og:type\" content=\"article\" \/>\n<meta property=\"og:title\" content=\"5G mmWave w 2023 roku - znamy plany Orange, Play, Plusa i T-Mobile\" \/>\n<meta property=\"og:description\" content=\"Orange, Play, Plus i T-Mobile chc\u0105 budowa\u0107 sie\u0107 5G mmWave w Polsce. Operatorzy maj\u0105 apetyt na cz\u0119stotliwo\u015bci z pasma 26 GHz.\" \/>\n<meta property=\"og:url\" content=\"https:\/\/www.speedtest.pl\/wiadomosci\/5g\/5g-mmwave-w-2023-roku-znamy-plany-orange-play-plusa-i-t-mobile\/\" \/>\n<meta property=\"og:site_name\" content=\"SpeedTest.pl Wiadomo\u015bci\" \/>\n<meta property=\"article:publisher\" content=\"https:\/\/www.facebook.com\/speedtestpl\/\" \/>\n<meta property=\"article:published_time\" content=\"2020-10-13T14:29:48+00:00\" \/>\n<meta property=\"og:image\" content=\"https:\/\/www.speedtest.pl\/wiadomosci\/wp-content\/uploads\/2018\/06\/5G-Polska.jpg\" \/>\n\t<meta property=\"og:image:width\" content=\"1024\" \/>\n\t<meta property=\"og:image:height\" content=\"576\" \/>\n\t<meta property=\"og:image:type\" content=\"image\/jpeg\" \/>\n<meta name=\"author\" content=\"PJ\" \/>\n<meta name=\"twitter:card\" content=\"summary_large_image\" \/>\n<meta name=\"twitter:creator\" content=\"@speedtestpl\" \/>\n<meta name=\"twitter:site\" content=\"@speedtestpl\" \/>\n<meta name=\"twitter:label1\" content=\"Napisane przez\" \/>\n\t<meta name=\"twitter:data1\" content=\"PJ\" \/>\n\t<meta name=\"twitter:label2\" content=\"Szacowany czas czytania\" \/>\n\t<meta name=\"twitter:data2\" content=\"9 minut\" \/>\n<script type=\"application\/ld+json\" class=\"yoast-schema-graph\">{\"@context\":\"https:\/\/schema.org\",\"@graph\":[{\"@type\":\"WebPage\",\"@id\":\"https:\/\/www.speedtest.pl\/wiadomosci\/5g\/5g-mmwave-w-2023-roku-znamy-plany-orange-play-plusa-i-t-mobile\/\",\"url\":\"https:\/\/www.speedtest.pl\/wiadomosci\/5g\/5g-mmwave-w-2023-roku-znamy-plany-orange-play-plusa-i-t-mobile\/\",\"name\":\"5G mmWave w 2023 roku - znamy plany Orange, Play, Plusa i T-Mobile\",\"isPartOf\":{\"@id\":\"https:\/\/www.speedtest.pl\/wiadomosci\/#website\"},\"primaryImageOfPage\":{\"@id\":\"https:\/\/www.speedtest.pl\/wiadomosci\/5g\/5g-mmwave-w-2023-roku-znamy-plany-orange-play-plusa-i-t-mobile\/#primaryimage\"},\"image\":{\"@id\":\"https:\/\/www.speedtest.pl\/wiadomosci\/5g\/5g-mmwave-w-2023-roku-znamy-plany-orange-play-plusa-i-t-mobile\/#primaryimage\"},\"thumbnailUrl\":\"https:\/\/www.speedtest.pl\/wiadomosci\/wp-content\/uploads\/2018\/06\/5G-Polska.jpg\",\"datePublished\":\"2020-10-13T14:29:48+00:00\",\"author\":{\"@id\":\"https:\/\/www.speedtest.pl\/wiadomosci\/#\/schema\/person\/1e51a1178096c8851f7d3ab0575726e4\"},\"description\":\"Orange, Play, Plus i T-Mobile chc\u0105 budowa\u0107 sie\u0107 5G mmWave w Polsce. Operatorzy maj\u0105 apetyt na cz\u0119stotliwo\u015bci z pasma 26 GHz.\",\"breadcrumb\":{\"@id\":\"https:\/\/www.speedtest.pl\/wiadomosci\/5g\/5g-mmwave-w-2023-roku-znamy-plany-orange-play-plusa-i-t-mobile\/#breadcrumb\"},\"inLanguage\":\"pl-PL\",\"potentialAction\":[{\"@type\":\"ReadAction\",\"target\":[\"https:\/\/www.speedtest.pl\/wiadomosci\/5g\/5g-mmwave-w-2023-roku-znamy-plany-orange-play-plusa-i-t-mobile\/\"]}]},{\"@type\":\"ImageObject\",\"inLanguage\":\"pl-PL\",\"@id\":\"https:\/\/www.speedtest.pl\/wiadomosci\/5g\/5g-mmwave-w-2023-roku-znamy-plany-orange-play-plusa-i-t-mobile\/#primaryimage\",\"url\":\"https:\/\/www.speedtest.pl\/wiadomosci\/wp-content\/uploads\/2018\/06\/5G-Polska.jpg\",\"contentUrl\":\"https:\/\/www.speedtest.pl\/wiadomosci\/wp-content\/uploads\/2018\/06\/5G-Polska.jpg\",\"width\":1024,\"height\":576,\"caption\":\"5G Polska\"},{\"@type\":\"BreadcrumbList\",\"@id\":\"https:\/\/www.speedtest.pl\/wiadomosci\/5g\/5g-mmwave-w-2023-roku-znamy-plany-orange-play-plusa-i-t-mobile\/#breadcrumb\",\"itemListElement\":[{\"@type\":\"ListItem\",\"position\":1,\"name\":\"Strona g\u0142\u00f3wna\",\"item\":\"https:\/\/www.speedtest.pl\/wiadomosci\/\"},{\"@type\":\"ListItem\",\"position\":2,\"name\":\"5G mmWave w 2023 roku &#8211; znamy plany Orange, Play, Plusa i T-Mobile\"}]},{\"@type\":\"WebSite\",\"@id\":\"https:\/\/www.speedtest.pl\/wiadomosci\/#website\",\"url\":\"https:\/\/www.speedtest.pl\/wiadomosci\/\",\"name\":\"SpeedTest.pl Wiadomo\u015bci\",\"description\":\"Rankingi ISP, newsy i opinie ze \u015bwiata IT, recenzje sprz\u0119tu, gry, motoryzacja\",\"potentialAction\":[{\"@type\":\"SearchAction\",\"target\":{\"@type\":\"EntryPoint\",\"urlTemplate\":\"https:\/\/www.speedtest.pl\/wiadomosci\/?s={search_term_string}\"},\"query-input\":{\"@type\":\"PropertyValueSpecification\",\"valueRequired\":true,\"valueName\":\"search_term_string\"}}],\"inLanguage\":\"pl-PL\"},{\"@type\":\"Person\",\"@id\":\"https:\/\/www.speedtest.pl\/wiadomosci\/#\/schema\/person\/1e51a1178096c8851f7d3ab0575726e4\",\"name\":\"PJ\",\"image\":{\"@type\":\"ImageObject\",\"inLanguage\":\"pl-PL\",\"@id\":\"https:\/\/www.speedtest.pl\/wiadomosci\/#\/schema\/person\/image\/\",\"url\":\"https:\/\/www.speedtest.pl\/wiadomosci\/wp-content\/uploads\/2018\/01\/AAEAAQAAAAAAAAk2AAAAJDNhNWRlODdhLWY3MjYtNGFjNC04MzY1LTI1Zjc4NmI4YmE0OQ-150x150.jpg\",\"contentUrl\":\"https:\/\/www.speedtest.pl\/wiadomosci\/wp-content\/uploads\/2018\/01\/AAEAAQAAAAAAAAk2AAAAJDNhNWRlODdhLWY3MjYtNGFjNC04MzY1LTI1Zjc4NmI4YmE0OQ-150x150.jpg\",\"caption\":\"PJ\"},\"description\":\"Przemek jest m\u00f3zgiem operacyjnym SpeedTest.pl. Studiowa\u0142 na Politechnice Wroc\u0142awskiej elektronik\u0119 i telekomunikacj\u0119. Zarz\u0105dza projektami IT, relacjami z klientami oraz nadzoruje procesy rozwoju. Prywatnie zaanga\u017cowany w rodzin\u0119, wsparcie r\u00f3\u017cnych dzia\u0142alno\u015bci charytatywnych i projekty ekstremalne.\",\"url\":\"https:\/\/www.speedtest.pl\/wiadomosci\/author\/przemek\/\"}]}<\/script>\n<!-- \/ Yoast SEO plugin. -->","yoast_head_json":{"title":"5G mmWave w 2023 roku - znamy plany Orange, Play, Plusa i T-Mobile","description":"Orange, Play, Plus i T-Mobile chc\u0105 budowa\u0107 sie\u0107 5G mmWave w Polsce. Operatorzy maj\u0105 apetyt na cz\u0119stotliwo\u015bci z pasma 26 GHz.","robots":{"index":"index","follow":"follow","max-snippet":"max-snippet:-1","max-image-preview":"max-image-preview:large","max-video-preview":"max-video-preview:-1"},"canonical":"https:\/\/www.speedtest.pl\/wiadomosci\/5g\/5g-mmwave-w-2023-roku-znamy-plany-orange-play-plusa-i-t-mobile\/","og_locale":"pl_PL","og_type":"article","og_title":"5G mmWave w 2023 roku - znamy plany Orange, Play, Plusa i T-Mobile","og_description":"Orange, Play, Plus i T-Mobile chc\u0105 budowa\u0107 sie\u0107 5G mmWave w Polsce. Operatorzy maj\u0105 apetyt na cz\u0119stotliwo\u015bci z pasma 26 GHz.","og_url":"https:\/\/www.speedtest.pl\/wiadomosci\/5g\/5g-mmwave-w-2023-roku-znamy-plany-orange-play-plusa-i-t-mobile\/","og_site_name":"SpeedTest.pl Wiadomo\u015bci","article_publisher":"https:\/\/www.facebook.com\/speedtestpl\/","article_published_time":"2020-10-13T14:29:48+00:00","og_image":[{"width":1024,"height":576,"url":"https:\/\/www.speedtest.pl\/wiadomosci\/wp-content\/uploads\/2018\/06\/5G-Polska.jpg","type":"image\/jpeg"}],"author":"PJ","twitter_card":"summary_large_image","twitter_creator":"@speedtestpl","twitter_site":"@speedtestpl","twitter_misc":{"Napisane przez":"PJ","Szacowany czas czytania":"9 minut"},"schema":{"@context":"https:\/\/schema.org","@graph":[{"@type":"WebPage","@id":"https:\/\/www.speedtest.pl\/wiadomosci\/5g\/5g-mmwave-w-2023-roku-znamy-plany-orange-play-plusa-i-t-mobile\/","url":"https:\/\/www.speedtest.pl\/wiadomosci\/5g\/5g-mmwave-w-2023-roku-znamy-plany-orange-play-plusa-i-t-mobile\/","name":"5G mmWave w 2023 roku - znamy plany Orange, Play, Plusa i T-Mobile","isPartOf":{"@id":"https:\/\/www.speedtest.pl\/wiadomosci\/#website"},"primaryImageOfPage":{"@id":"https:\/\/www.speedtest.pl\/wiadomosci\/5g\/5g-mmwave-w-2023-roku-znamy-plany-orange-play-plusa-i-t-mobile\/#primaryimage"},"image":{"@id":"https:\/\/www.speedtest.pl\/wiadomosci\/5g\/5g-mmwave-w-2023-roku-znamy-plany-orange-play-plusa-i-t-mobile\/#primaryimage"},"thumbnailUrl":"https:\/\/www.speedtest.pl\/wiadomosci\/wp-content\/uploads\/2018\/06\/5G-Polska.jpg","datePublished":"2020-10-13T14:29:48+00:00","author":{"@id":"https:\/\/www.speedtest.pl\/wiadomosci\/#\/schema\/person\/1e51a1178096c8851f7d3ab0575726e4"},"description":"Orange, Play, Plus i T-Mobile chc\u0105 budowa\u0107 sie\u0107 5G mmWave w Polsce. Operatorzy maj\u0105 apetyt na cz\u0119stotliwo\u015bci z pasma 26 GHz.","breadcrumb":{"@id":"https:\/\/www.speedtest.pl\/wiadomosci\/5g\/5g-mmwave-w-2023-roku-znamy-plany-orange-play-plusa-i-t-mobile\/#breadcrumb"},"inLanguage":"pl-PL","potentialAction":[{"@type":"ReadAction","target":["https:\/\/www.speedtest.pl\/wiadomosci\/5g\/5g-mmwave-w-2023-roku-znamy-plany-orange-play-plusa-i-t-mobile\/"]}]},{"@type":"ImageObject","inLanguage":"pl-PL","@id":"https:\/\/www.speedtest.pl\/wiadomosci\/5g\/5g-mmwave-w-2023-roku-znamy-plany-orange-play-plusa-i-t-mobile\/#primaryimage","url":"https:\/\/www.speedtest.pl\/wiadomosci\/wp-content\/uploads\/2018\/06\/5G-Polska.jpg","contentUrl":"https:\/\/www.speedtest.pl\/wiadomosci\/wp-content\/uploads\/2018\/06\/5G-Polska.jpg","width":1024,"height":576,"caption":"5G Polska"},{"@type":"BreadcrumbList","@id":"https:\/\/www.speedtest.pl\/wiadomosci\/5g\/5g-mmwave-w-2023-roku-znamy-plany-orange-play-plusa-i-t-mobile\/#breadcrumb","itemListElement":[{"@type":"ListItem","position":1,"name":"Strona g\u0142\u00f3wna","item":"https:\/\/www.speedtest.pl\/wiadomosci\/"},{"@type":"ListItem","position":2,"name":"5G mmWave w 2023 roku &#8211; znamy plany Orange, Play, Plusa i T-Mobile"}]},{"@type":"WebSite","@id":"https:\/\/www.speedtest.pl\/wiadomosci\/#website","url":"https:\/\/www.speedtest.pl\/wiadomosci\/","name":"SpeedTest.pl Wiadomo\u015bci","description":"Rankingi ISP, newsy i opinie ze \u015bwiata IT, recenzje sprz\u0119tu, gry, motoryzacja","potentialAction":[{"@type":"SearchAction","target":{"@type":"EntryPoint","urlTemplate":"https:\/\/www.speedtest.pl\/wiadomosci\/?s={search_term_string}"},"query-input":{"@type":"PropertyValueSpecification","valueRequired":true,"valueName":"search_term_string"}}],"inLanguage":"pl-PL"},{"@type":"Person","@id":"https:\/\/www.speedtest.pl\/wiadomosci\/#\/schema\/person\/1e51a1178096c8851f7d3ab0575726e4","name":"PJ","image":{"@type":"ImageObject","inLanguage":"pl-PL","@id":"https:\/\/www.speedtest.pl\/wiadomosci\/#\/schema\/person\/image\/","url":"https:\/\/www.speedtest.pl\/wiadomosci\/wp-content\/uploads\/2018\/01\/AAEAAQAAAAAAAAk2AAAAJDNhNWRlODdhLWY3MjYtNGFjNC04MzY1LTI1Zjc4NmI4YmE0OQ-150x150.jpg","contentUrl":"https:\/\/www.speedtest.pl\/wiadomosci\/wp-content\/uploads\/2018\/01\/AAEAAQAAAAAAAAk2AAAAJDNhNWRlODdhLWY3MjYtNGFjNC04MzY1LTI1Zjc4NmI4YmE0OQ-150x150.jpg","caption":"PJ"},"description":"Przemek jest m\u00f3zgiem operacyjnym SpeedTest.pl. Studiowa\u0142 na Politechnice Wroc\u0142awskiej elektronik\u0119 i telekomunikacj\u0119. Zarz\u0105dza projektami IT, relacjami z klientami oraz nadzoruje procesy rozwoju. Prywatnie zaanga\u017cowany w rodzin\u0119, wsparcie r\u00f3\u017cnych dzia\u0142alno\u015bci charytatywnych i projekty ekstremalne.","url":"https:\/\/www.speedtest.pl\/wiadomosci\/author\/przemek\/"}]}},"jetpack_featured_media_url":"https:\/\/www.speedtest.pl\/wiadomosci\/wp-content\/uploads\/2018\/06\/5G-Polska.jpg","jetpack_sharing_enabled":true,"jetpack_shortlink":"https:\/\/wp.me\/p85ce0-7XZ","_links":{"self":[{"href":"https:\/\/www.speedtest.pl\/wiadomosci\/wp-json\/wp\/v2\/posts\/30627","targetHints":{"allow":["GET"]}}],"collection":[{"href":"https:\/\/www.speedtest.pl\/wiadomosci\/wp-json\/wp\/v2\/posts"}],"about":[{"href":"https:\/\/www.speedtest.pl\/wiadomosci\/wp-json\/wp\/v2\/types\/post"}],"author":[{"embeddable":true,"href":"https:\/\/www.speedtest.pl\/wiadomosci\/wp-json\/wp\/v2\/users\/12"}],"replies":[{"embeddable":true,"href":"https:\/\/www.speedtest.pl\/wiadomosci\/wp-json\/wp\/v2\/comments?post=30627"}],"version-history":[{"count":5,"href":"https:\/\/www.speedtest.pl\/wiadomosci\/wp-json\/wp\/v2\/posts\/30627\/revisions"}],"predecessor-version":[{"id":30637,"href":"https:\/\/www.speedtest.pl\/wiadomosci\/wp-json\/wp\/v2\/posts\/30627\/revisions\/30637"}],"wp:featuredmedia":[{"embeddable":true,"href":"https:\/\/www.speedtest.pl\/wiadomosci\/wp-json\/wp\/v2\/media\/16344"}],"wp:attachment":[{"href":"https:\/\/www.speedtest.pl\/wiadomosci\/wp-json\/wp\/v2\/media?parent=30627"}],"wp:term":[{"taxonomy":"category","embeddable":true,"href":"https:\/\/www.speedtest.pl\/wiadomosci\/wp-json\/wp\/v2\/categories?post=30627"},{"taxonomy":"post_tag","embeddable":true,"href":"https:\/\/www.speedtest.pl\/wiadomosci\/wp-json\/wp\/v2\/tags?post=30627"},{"taxonomy":"table_tags","embeddable":true,"href":"https:\/\/www.speedtest.pl\/wiadomosci\/wp-json\/wp\/v2\/table_tags?post=30627"}],"curies":[{"name":"wp","href":"https:\/\/api.w.org\/{rel}","templated":true}]}}