{"id":30613,"date":"2020-10-10T10:33:55","date_gmt":"2020-10-10T08:33:55","guid":{"rendered":"https:\/\/www.speedtest.pl\/wiadomosci\/?p=30613"},"modified":"2020-10-10T10:33:56","modified_gmt":"2020-10-10T08:33:56","slug":"apple-iphone-12-kolory-obudow","status":"publish","type":"post","link":"https:\/\/www.speedtest.pl\/wiadomosci\/apple\/apple-iphone-12-kolory-obudow\/","title":{"rendered":"Apple iPhone 12 &#8211; kolory obud\u00f3w"},"content":{"rendered":"\n<p><strong>Zaraz po promocji telefon\u00f3w <a href=\"https:\/\/www.speedtest.pl\/wiadomosci\/apple\/apple-iphone-12-mini-dolacza-do-rodziny\/\">Apple iPhone 12<\/a> i pokazaniu w sieci bebech\u00f3w tego sprz\u0119tu, jednym z najwa\u017cniejszych wydarze\u0144, jest prezentacja kolor\u00f3w obud\u00f3w smartfon\u00f3w. Oczywi\u015bcie, i tak wiele os\u00f3b kupuje sobie p\u00f3\u017aniej r\u00f3\u017cnego rodzaju covery, ale wbrew pozorom wyb\u00f3r koloru smartfonu to nie jest taki lapidarny krok. Dla wielu os\u00f3b kolor urz\u0105dze\u0144, z kt\u00f3rych korzystaj\u0105, jest niesamowicie wa\u017cny. I nie mam tu na my\u015bli, tylko p\u0142ci pi\u0119knej. Panom tak\u017ce na tym bardzo zale\u017cy, tylko nie zawsze si\u0119 przyznaj\u0105.<\/strong><\/p>\n\n\n\n<p>Firma Apple nigdy nie gustowa\u0142a w r\u00f3\u017cnorodnych kolorach obud\u00f3w. Od czas\u00f3w \u015bp. Steve&#8217;a Jobsa, firma Apple zawsze gustowa\u0142a w minimalizmie z klas\u0105. Pami\u0119tajmy, \u017ce premiera nowych telefon\u00f3w Apple jest ju\u017c bardzo blisko. Jeszcze chwila i kilka linii pojawi si\u0119 w sprzeda\u017cy \u2014 a dok\u0142adnie cztery \u2014 zwyk\u0142a, Pro, Pro Max i Mini. Od jakiego\u015b czasu, nowe smartfony Apple s\u0105 numerami jeden na blogach technologicznych. Ilo\u015b\u0107 przeciek\u00f3w jest niesamowita.<\/p>\n\n\n\n<h2 class=\"wp-block-heading\">Dla wielu u\u017cytkownik\u00f3w wa\u017cne s\u0105 tak\u017ce kolory obud\u00f3w nowych Apple iPhone 12.<\/h2>\n\n\n\n<p>Skoro takie ilo\u015bci przeciek\u00f3w kr\u0105\u017c\u0105 po sieci, to nic dziwnego, \u017ce w ko\u0144cu pojawi\u0142y si\u0119 newsy o kolorach w iPhone&#8217;ach. iPhone 12 Pro b\u0119dzie mo\u017cna kupi\u0107 w odcieniach srebrnym, z\u0142otym, grafitowym i niebieskim. Nie jest to, mo\u017ce jakie\u015b odst\u0119pstwo od tego, co znamy z historii. Ci u\u017cytkownicy, kt\u00f3rzy zdecyduj\u0105 si\u0119 na zakup ta\u0144szych telefon\u00f3w, b\u0119d\u0105 mieli wi\u0119kszy wyb\u00f3r. Mo\u017cna to \u0142atwo wyt\u0142umaczy\u0107. Ci\u0119\u017cko, aby linia profesjonalna pojawia\u0142a si\u0119 w ma\u0142o biznesowych kolorach. Ta\u0144sze modele b\u0119d\u0105 mia\u0142y a\u017c pi\u0119\u0107 wersji kolorystycznych: bia\u0142y, czarny, czerwony, niebieski i zielony. B\u0119d\u0105 to zapewne inne odcienie ni\u017c w przypadku linii Pro. Te w ta\u0144szych telefonach b\u0119d\u0105 bardziej \u017cywe i nasycone, jak mia\u0142o to miejsce w przypadku modeli numer 11.<\/p>\n\n\n\n<h2 class=\"wp-block-heading\">Jak zapewne pami\u0119tamy, Apple iPhone 12 Pro b\u0119dzie dost\u0119pny w dw\u00f3ch wariantach.\u00a0<\/h2>\n\n\n\n<p>Mam tu na my\u015bli mniejsz\u0105 wersj\u0119 Pro i wi\u0119ksz\u0105 Pro Max. \u00a0Najdro\u017cszym telefonem b\u0119dzie model wersja Max z 6,7-calowym wy\u015bwietlaczem. Niestety, ten model pojawi si\u0119 na rynku dopiero w listopadzie. Okazuje si\u0119 bowiem, \u017ce linie Apple w tym roku nie wyjd\u0105 na rynek w tym samym czasie. Nie s\u0105 to jednak wszystkie newsy na najbli\u017cszy czas. Znany leaker Ice Universe w\u0142a\u015bnie opublikowa\u0142 na swoim profilu informacje o zbli\u017caj\u0105cym si\u0119 Apple Event, pochodz\u0105ce od wiarygodnego \u017ar\u00f3d\u0142a z Weibo. Dowiadujemy si\u0119 z niego, jaki b\u0119dzie przebieg nadchodz\u0105cej konferencji i co konkretnie na niej zobaczymy. <\/p>\n\n\n\n<figure class=\"wp-block-embed-twitter wp-block-embed is-type-rich is-provider-twitter\"><div class=\"wp-block-embed__wrapper\">\n<div class=\"twitter-tweet\"><blockquote class=\"twitter-tweet\" data-lang=\"pl\"><p lang=\"en\" dir=\"ltr\">Breaking! Probably the most comprehensive and accurate product information for the iPhone 12 conference so far, from Weibo @ kang <a href=\"https:\/\/t.co\/pn37QOTJyk\" rel=\"external nofollow\">pic.twitter.com\/pn37QOTJyk<\/a><\/p>&mdash; Ice universe (@UniverseIce) <a href=\"https:\/\/twitter.com\/UniverseIce\/status\/1314448632112836609?ref_src=twsrc%5Etfw\" rel=\"external nofollow\">9 pa\u017adziernika 2020<\/a><\/blockquote><\/div>\n<\/div><\/figure>\n\n\n\n<h2 class=\"wp-block-heading\">Co ciekawe, do sieci wyciek\u0142y te\u017c ju\u017c ceny nowych modeli Apple iPhone 12.<\/h2>\n\n\n\n<p>To tak\u017ce bardzo wa\u017cna informacja. Wiele os\u00f3b czeka, aby zobaczy\u0107, o ile uszczupli si\u0119 ich portfel w tym roku. Znam wiele os\u00f3b, kt\u00f3re czekaj\u0105 na model &#8222;12&#8221; z niecierpliwo\u015bci\u0105. Tak jak wiemy od dawna, uka\u017c\u0105 si\u0119 cztery modele. Teraz poznali\u015bmy ich ceny i warianty kolorystyczne oraz kilka nowych informacji. Prawda jest taka, \u017ce ceny niewiele r\u00f3\u017cni\u0105 si\u0119 od tych, z jakimi pojawi\u0142y si\u0119 iPhone 11 rok temu. Nie ma tutaj jakiego\u015b wielkiego zdziwienia.<\/p>\n\n\n\n<ul class=\"wp-block-list\"><li><em>iPhone 12 Mini 64\/128\/256 GB &#8211; ceny od 699 dol. (ok. 3200 z\u0142), kolory: czarny, bia\u0142y, czerwony, niebieski i zielony.<\/em><\/li><li><em>iPhone 12 64\/128\/256 GB &#8211; ceny od 799 dol. (ok. 3600 z\u0142), kolory: czarny, bia\u0142y, czerwony, niebieski i zielony.<\/em><\/li><li><em>iPhone 12 Pro 128\/256\/512 GB &#8211; ceny od 999 dol. (ok. 4500 z\u0142), kolory: z\u0142oty, srebrny, grafitowy i niebieski.<\/em><\/li><li><em>iPhone 12 Pro Max 128\/256\/512 GB &#8211; ceny od 1099 dol. (ok. 5000 z\u0142), kolory: z\u0142oty, srebrny, grafitowy i niebieski.<\/em><\/li><\/ul>\n\n\n\n<figure class=\"wp-block-image size-large is-style-default\"><img loading=\"lazy\" decoding=\"async\" width=\"1024\" height=\"577\" src=\"https:\/\/www.speedtest.pl\/wiadomosci\/wp-content\/uploads\/2020\/10\/iphone-12-1-1-1024x577.jpg\" alt=\"Apple iPhone 12, colors, Apple, Pro, Max, Mini, \" class=\"wp-image-30615\" srcset=\"https:\/\/www.speedtest.pl\/wiadomosci\/wp-content\/uploads\/2020\/10\/iphone-12-1-1-1024x577.jpg 1024w, https:\/\/www.speedtest.pl\/wiadomosci\/wp-content\/uploads\/2020\/10\/iphone-12-1-1-300x169.jpg 300w, https:\/\/www.speedtest.pl\/wiadomosci\/wp-content\/uploads\/2020\/10\/iphone-12-1-1-768x432.jpg 768w, https:\/\/www.speedtest.pl\/wiadomosci\/wp-content\/uploads\/2020\/10\/iphone-12-1-1-1536x865.jpg 1536w, https:\/\/www.speedtest.pl\/wiadomosci\/wp-content\/uploads\/2020\/10\/iphone-12-1-1-696x392.jpg 696w, https:\/\/www.speedtest.pl\/wiadomosci\/wp-content\/uploads\/2020\/10\/iphone-12-1-1-1068x601.jpg 1068w, https:\/\/www.speedtest.pl\/wiadomosci\/wp-content\/uploads\/2020\/10\/iphone-12-1-1-746x420.jpg 746w, https:\/\/www.speedtest.pl\/wiadomosci\/wp-content\/uploads\/2020\/10\/iphone-12-1-1.jpg 1920w\" sizes=\"auto, (max-width: 1024px) 100vw, 1024px\" \/><\/figure>\n\n\n\n<h2 class=\"wp-block-heading\">Pami\u0119tajmy te\u017c, \u017ce obecne ceny Apple iPhone 12 to tylko przecieki.<\/h2>\n\n\n\n<p>S\u0105 to ceny bardzo pogl\u0105dowe i mog\u0105 na czas premiery jeszcze ulec zmianie. Podejrzewam, \u017ce b\u0119d\u0105 nieco wy\u017csze, ni\u017c tutaj przewidujemy, je\u015bli chodzi o z\u0142ot\u00f3wki. Wszystko przez r\u00f3\u017cnego rodzaju kursy, mar\u017ce i innego rodzaju narzuty. Prawdopodobnie, w przypadku ceny w dolarach \u2014 nic si\u0119 nie zmieni. Pami\u0119tajmy te\u017c, \u017ce s\u0105 to ceny za zestaw BEZ S\u0141UCHAWEK i BEZ \u0141ADOWARKI. Je\u017celi nie posiadacie tych akcesori\u00f3w od Apple, musicie je zakupi\u0107 osobno! Wa\u017cne jest te\u017c, aby pami\u0119ta\u0107, \u017ce wszystkie modele trafi\u0105 na rynek z obs\u0142ug\u0105 \u0142\u0105czno\u015bci 5G. My\u015bl\u0119, \u017ce nowe iPhone&#8217;y nie b\u0119d\u0105 si\u0119 zatem cieszy\u0107 popularno\u015bci\u0105 u <a href=\"https:\/\/www.speedtest.pl\/wiadomosci\/internet-mobilny\/krasnik-uchylil-ustawe-ws-5g-to-wielka-porazka-antykomorkowego-lobby\/\">Foliarzy <\/a>i im podobnych. Nie znaczy to, \u017ce b\u0119d\u0105 si\u0119 \u017ale sprzedawa\u0107. Wiele os\u00f3b bardzo czeka\u0142o na t\u0119 premier\u0119.<\/p>\n\n\n\n<h2 class=\"wp-block-heading\">Nie ka\u017cdy Apple iPhone 12 pojawi si\u0119 w sprzeda\u017cy w tym miesi\u0105cu.<\/h2>\n\n\n\n<p>Premiery poszczeg\u00f3lnych modeli b\u0119d\u0105 odbywa\u0107 si\u0119 osobno, w wyznaczonych ju\u017c terminach. Zapewne, wszystko mo\u017ce by\u0107 zwi\u0105zane z pandemi\u0105. Je\u017celi na sklepy rzuciliby si\u0119 wszyscy fani, to weso\u0142o by nie by\u0142o. <\/p>\n\n\n\n<ul class=\"wp-block-list\"><li>iPhone 12 mini: przedsprzeda\u017c 6\/7 listopada. Sprzeda\u017c: 13\/14 listopada.<\/li><li>iPhone 12: przedsprzeda\u017c 16\/17 pa\u017adziernika. Sprzeda\u017c: 23\/24 pa\u017adziernika.<\/li><li>iPhone 12 Pro: : przedsprzeda\u017c 16\/17 pa\u017adziernika. Sprzeda\u017c: 23\/24 pa\u017adziernika.<\/li><li>iPhone 12 Pro Max: : przedsprzeda\u017c 13\/14 listopada. Sprzeda\u017c: 20\/21 listopada.<\/li><\/ul>\n\n\n\n<p>A wy, jaki model macie na oku? Kt\u00f3ry podoba wam si\u0119 najbardziej, a mo\u017ce&#8230; kt\u00f3ry chcecie zakupi\u0107?<\/p>\n","protected":false},"excerpt":{"rendered":"<p>Zaraz po promocji telefon\u00f3w Apple iPhone 12 i pokazaniu w sieci bebech\u00f3w tego sprz\u0119tu, jednym z najwa\u017cniejszych wydarze\u0144, jest prezentacja kolor\u00f3w obud\u00f3w smartfon\u00f3w. Oczywi\u015bcie, i tak wiele os\u00f3b kupuje sobie p\u00f3\u017aniej r\u00f3\u017cnego rodzaju covery, ale wbrew pozorom wyb\u00f3r koloru smartfonu to nie jest taki lapidarny krok. Dla wielu os\u00f3b kolor urz\u0105dze\u0144, z kt\u00f3rych korzystaj\u0105, jest [&hellip;]<\/p>\n","protected":false},"author":12,"featured_media":30614,"comment_status":"closed","ping_status":"open","sticky":false,"template":"","format":"standard","meta":{"jetpack_post_was_ever_published":false,"_jetpack_newsletter_access":"","_jetpack_dont_email_post_to_subs":false,"_jetpack_newsletter_tier_id":0,"_jetpack_memberships_contains_paywalled_content":false,"_jetpack_memberships_contains_paid_content":false,"footnotes":"","jetpack_publicize_message":"A Wam, kt\u00f3ry model podoba si\u0119 najbardziej?","jetpack_publicize_feature_enabled":true,"jetpack_social_post_already_shared":true,"jetpack_social_options":{"image_generator_settings":{"template":"highway","enabled":false},"version":2}},"categories":[569,2016],"tags":[11,6518,6520,6519,239,572],"table_tags":[],"class_list":["post-30613","post","type-post","status-publish","format-standard","has-post-thumbnail","hentry","category-apple","category-esej","tag-apple","tag-apple-iphone-12","tag-colors","tag-max","tag-mini","tag-pro"],"jetpack_publicize_connections":[],"yoast_head":"<!-- This site is optimized with the Yoast SEO plugin v24.8.1 - https:\/\/yoast.com\/wordpress\/plugins\/seo\/ -->\n<title>Apple iPhone 12 - kolory obud\u00f3w - SpeedTest.pl Wiadomo\u015bci<\/title>\n<meta name=\"description\" content=\"Zaraz po promocji telefon\u00f3w Apple iPhone 12 i pokazaniu w sieci bebech\u00f3w tego sprz\u0119tu, jednym z najwa\u017cniejszych wydarze\u0144\" \/>\n<meta name=\"robots\" content=\"index, follow, max-snippet:-1, max-image-preview:large, max-video-preview:-1\" \/>\n<link rel=\"canonical\" href=\"https:\/\/www.speedtest.pl\/wiadomosci\/apple\/apple-iphone-12-kolory-obudow\/\" \/>\n<meta property=\"og:locale\" content=\"pl_PL\" \/>\n<meta property=\"og:type\" content=\"article\" \/>\n<meta property=\"og:title\" content=\"Apple iPhone 12 - kolory obud\u00f3w - SpeedTest.pl Wiadomo\u015bci\" \/>\n<meta property=\"og:description\" content=\"Zaraz po promocji telefon\u00f3w Apple iPhone 12 i pokazaniu w sieci bebech\u00f3w tego sprz\u0119tu, jednym z najwa\u017cniejszych wydarze\u0144\" \/>\n<meta property=\"og:url\" content=\"https:\/\/www.speedtest.pl\/wiadomosci\/apple\/apple-iphone-12-kolory-obudow\/\" \/>\n<meta property=\"og:site_name\" content=\"SpeedTest.pl Wiadomo\u015bci\" \/>\n<meta property=\"article:publisher\" content=\"https:\/\/www.facebook.com\/speedtestpl\/\" \/>\n<meta property=\"article:published_time\" content=\"2020-10-10T08:33:55+00:00\" \/>\n<meta property=\"article:modified_time\" content=\"2020-10-10T08:33:56+00:00\" \/>\n<meta property=\"og:image\" content=\"https:\/\/www.speedtest.pl\/wiadomosci\/wp-content\/uploads\/2020\/10\/iphone_12-1-1.jpg\" \/>\n\t<meta property=\"og:image:width\" content=\"1252\" \/>\n\t<meta property=\"og:image:height\" content=\"767\" \/>\n\t<meta property=\"og:image:type\" content=\"image\/jpeg\" \/>\n<meta name=\"author\" content=\"PJ\" \/>\n<meta name=\"twitter:card\" content=\"summary_large_image\" \/>\n<meta name=\"twitter:creator\" content=\"@speedtestpl\" \/>\n<meta name=\"twitter:site\" content=\"@speedtestpl\" \/>\n<meta name=\"twitter:label1\" content=\"Napisane przez\" \/>\n\t<meta name=\"twitter:data1\" content=\"PJ\" \/>\n\t<meta name=\"twitter:label2\" content=\"Szacowany czas czytania\" \/>\n\t<meta name=\"twitter:data2\" content=\"4 minuty\" \/>\n<script type=\"application\/ld+json\" class=\"yoast-schema-graph\">{\"@context\":\"https:\/\/schema.org\",\"@graph\":[{\"@type\":\"WebPage\",\"@id\":\"https:\/\/www.speedtest.pl\/wiadomosci\/apple\/apple-iphone-12-kolory-obudow\/\",\"url\":\"https:\/\/www.speedtest.pl\/wiadomosci\/apple\/apple-iphone-12-kolory-obudow\/\",\"name\":\"Apple iPhone 12 - kolory obud\u00f3w - SpeedTest.pl Wiadomo\u015bci\",\"isPartOf\":{\"@id\":\"https:\/\/www.speedtest.pl\/wiadomosci\/#website\"},\"primaryImageOfPage\":{\"@id\":\"https:\/\/www.speedtest.pl\/wiadomosci\/apple\/apple-iphone-12-kolory-obudow\/#primaryimage\"},\"image\":{\"@id\":\"https:\/\/www.speedtest.pl\/wiadomosci\/apple\/apple-iphone-12-kolory-obudow\/#primaryimage\"},\"thumbnailUrl\":\"https:\/\/www.speedtest.pl\/wiadomosci\/wp-content\/uploads\/2020\/10\/iphone_12-1-1.jpg\",\"datePublished\":\"2020-10-10T08:33:55+00:00\",\"dateModified\":\"2020-10-10T08:33:56+00:00\",\"author\":{\"@id\":\"https:\/\/www.speedtest.pl\/wiadomosci\/#\/schema\/person\/1e51a1178096c8851f7d3ab0575726e4\"},\"description\":\"Zaraz po promocji telefon\u00f3w Apple iPhone 12 i pokazaniu w sieci bebech\u00f3w tego sprz\u0119tu, jednym z najwa\u017cniejszych wydarze\u0144\",\"breadcrumb\":{\"@id\":\"https:\/\/www.speedtest.pl\/wiadomosci\/apple\/apple-iphone-12-kolory-obudow\/#breadcrumb\"},\"inLanguage\":\"pl-PL\",\"potentialAction\":[{\"@type\":\"ReadAction\",\"target\":[\"https:\/\/www.speedtest.pl\/wiadomosci\/apple\/apple-iphone-12-kolory-obudow\/\"]}]},{\"@type\":\"ImageObject\",\"inLanguage\":\"pl-PL\",\"@id\":\"https:\/\/www.speedtest.pl\/wiadomosci\/apple\/apple-iphone-12-kolory-obudow\/#primaryimage\",\"url\":\"https:\/\/www.speedtest.pl\/wiadomosci\/wp-content\/uploads\/2020\/10\/iphone_12-1-1.jpg\",\"contentUrl\":\"https:\/\/www.speedtest.pl\/wiadomosci\/wp-content\/uploads\/2020\/10\/iphone_12-1-1.jpg\",\"width\":1252,\"height\":767,\"caption\":\"Apple iPhone 13, premiera, orzmyte t\u0142o, bezprzewodowe \u0142adowanie, Quick Charge,\"},{\"@type\":\"BreadcrumbList\",\"@id\":\"https:\/\/www.speedtest.pl\/wiadomosci\/apple\/apple-iphone-12-kolory-obudow\/#breadcrumb\",\"itemListElement\":[{\"@type\":\"ListItem\",\"position\":1,\"name\":\"Strona g\u0142\u00f3wna\",\"item\":\"https:\/\/www.speedtest.pl\/wiadomosci\/\"},{\"@type\":\"ListItem\",\"position\":2,\"name\":\"Apple iPhone 12 &#8211; kolory obud\u00f3w\"}]},{\"@type\":\"WebSite\",\"@id\":\"https:\/\/www.speedtest.pl\/wiadomosci\/#website\",\"url\":\"https:\/\/www.speedtest.pl\/wiadomosci\/\",\"name\":\"SpeedTest.pl Wiadomo\u015bci\",\"description\":\"Rankingi ISP, newsy i opinie ze \u015bwiata IT, recenzje sprz\u0119tu, gry, motoryzacja\",\"potentialAction\":[{\"@type\":\"SearchAction\",\"target\":{\"@type\":\"EntryPoint\",\"urlTemplate\":\"https:\/\/www.speedtest.pl\/wiadomosci\/?s={search_term_string}\"},\"query-input\":{\"@type\":\"PropertyValueSpecification\",\"valueRequired\":true,\"valueName\":\"search_term_string\"}}],\"inLanguage\":\"pl-PL\"},{\"@type\":\"Person\",\"@id\":\"https:\/\/www.speedtest.pl\/wiadomosci\/#\/schema\/person\/1e51a1178096c8851f7d3ab0575726e4\",\"name\":\"PJ\",\"image\":{\"@type\":\"ImageObject\",\"inLanguage\":\"pl-PL\",\"@id\":\"https:\/\/www.speedtest.pl\/wiadomosci\/#\/schema\/person\/image\/\",\"url\":\"https:\/\/www.speedtest.pl\/wiadomosci\/wp-content\/uploads\/2018\/01\/AAEAAQAAAAAAAAk2AAAAJDNhNWRlODdhLWY3MjYtNGFjNC04MzY1LTI1Zjc4NmI4YmE0OQ-150x150.jpg\",\"contentUrl\":\"https:\/\/www.speedtest.pl\/wiadomosci\/wp-content\/uploads\/2018\/01\/AAEAAQAAAAAAAAk2AAAAJDNhNWRlODdhLWY3MjYtNGFjNC04MzY1LTI1Zjc4NmI4YmE0OQ-150x150.jpg\",\"caption\":\"PJ\"},\"description\":\"Przemek jest m\u00f3zgiem operacyjnym SpeedTest.pl. Studiowa\u0142 na Politechnice Wroc\u0142awskiej elektronik\u0119 i telekomunikacj\u0119. Zarz\u0105dza projektami IT, relacjami z klientami oraz nadzoruje procesy rozwoju. Prywatnie zaanga\u017cowany w rodzin\u0119, wsparcie r\u00f3\u017cnych dzia\u0142alno\u015bci charytatywnych i projekty ekstremalne.\",\"url\":\"https:\/\/www.speedtest.pl\/wiadomosci\/author\/przemek\/\"}]}<\/script>\n<!-- \/ Yoast SEO plugin. -->","yoast_head_json":{"title":"Apple iPhone 12 - kolory obud\u00f3w - SpeedTest.pl Wiadomo\u015bci","description":"Zaraz po promocji telefon\u00f3w Apple iPhone 12 i pokazaniu w sieci bebech\u00f3w tego sprz\u0119tu, jednym z najwa\u017cniejszych wydarze\u0144","robots":{"index":"index","follow":"follow","max-snippet":"max-snippet:-1","max-image-preview":"max-image-preview:large","max-video-preview":"max-video-preview:-1"},"canonical":"https:\/\/www.speedtest.pl\/wiadomosci\/apple\/apple-iphone-12-kolory-obudow\/","og_locale":"pl_PL","og_type":"article","og_title":"Apple iPhone 12 - kolory obud\u00f3w - SpeedTest.pl Wiadomo\u015bci","og_description":"Zaraz po promocji telefon\u00f3w Apple iPhone 12 i pokazaniu w sieci bebech\u00f3w tego sprz\u0119tu, jednym z najwa\u017cniejszych wydarze\u0144","og_url":"https:\/\/www.speedtest.pl\/wiadomosci\/apple\/apple-iphone-12-kolory-obudow\/","og_site_name":"SpeedTest.pl Wiadomo\u015bci","article_publisher":"https:\/\/www.facebook.com\/speedtestpl\/","article_published_time":"2020-10-10T08:33:55+00:00","article_modified_time":"2020-10-10T08:33:56+00:00","og_image":[{"width":1252,"height":767,"url":"https:\/\/www.speedtest.pl\/wiadomosci\/wp-content\/uploads\/2020\/10\/iphone_12-1-1.jpg","type":"image\/jpeg"}],"author":"PJ","twitter_card":"summary_large_image","twitter_creator":"@speedtestpl","twitter_site":"@speedtestpl","twitter_misc":{"Napisane przez":"PJ","Szacowany czas czytania":"4 minuty"},"schema":{"@context":"https:\/\/schema.org","@graph":[{"@type":"WebPage","@id":"https:\/\/www.speedtest.pl\/wiadomosci\/apple\/apple-iphone-12-kolory-obudow\/","url":"https:\/\/www.speedtest.pl\/wiadomosci\/apple\/apple-iphone-12-kolory-obudow\/","name":"Apple iPhone 12 - kolory obud\u00f3w - SpeedTest.pl Wiadomo\u015bci","isPartOf":{"@id":"https:\/\/www.speedtest.pl\/wiadomosci\/#website"},"primaryImageOfPage":{"@id":"https:\/\/www.speedtest.pl\/wiadomosci\/apple\/apple-iphone-12-kolory-obudow\/#primaryimage"},"image":{"@id":"https:\/\/www.speedtest.pl\/wiadomosci\/apple\/apple-iphone-12-kolory-obudow\/#primaryimage"},"thumbnailUrl":"https:\/\/www.speedtest.pl\/wiadomosci\/wp-content\/uploads\/2020\/10\/iphone_12-1-1.jpg","datePublished":"2020-10-10T08:33:55+00:00","dateModified":"2020-10-10T08:33:56+00:00","author":{"@id":"https:\/\/www.speedtest.pl\/wiadomosci\/#\/schema\/person\/1e51a1178096c8851f7d3ab0575726e4"},"description":"Zaraz po promocji telefon\u00f3w Apple iPhone 12 i pokazaniu w sieci bebech\u00f3w tego sprz\u0119tu, jednym z najwa\u017cniejszych wydarze\u0144","breadcrumb":{"@id":"https:\/\/www.speedtest.pl\/wiadomosci\/apple\/apple-iphone-12-kolory-obudow\/#breadcrumb"},"inLanguage":"pl-PL","potentialAction":[{"@type":"ReadAction","target":["https:\/\/www.speedtest.pl\/wiadomosci\/apple\/apple-iphone-12-kolory-obudow\/"]}]},{"@type":"ImageObject","inLanguage":"pl-PL","@id":"https:\/\/www.speedtest.pl\/wiadomosci\/apple\/apple-iphone-12-kolory-obudow\/#primaryimage","url":"https:\/\/www.speedtest.pl\/wiadomosci\/wp-content\/uploads\/2020\/10\/iphone_12-1-1.jpg","contentUrl":"https:\/\/www.speedtest.pl\/wiadomosci\/wp-content\/uploads\/2020\/10\/iphone_12-1-1.jpg","width":1252,"height":767,"caption":"Apple iPhone 13, premiera, orzmyte t\u0142o, bezprzewodowe \u0142adowanie, Quick Charge,"},{"@type":"BreadcrumbList","@id":"https:\/\/www.speedtest.pl\/wiadomosci\/apple\/apple-iphone-12-kolory-obudow\/#breadcrumb","itemListElement":[{"@type":"ListItem","position":1,"name":"Strona g\u0142\u00f3wna","item":"https:\/\/www.speedtest.pl\/wiadomosci\/"},{"@type":"ListItem","position":2,"name":"Apple iPhone 12 &#8211; kolory obud\u00f3w"}]},{"@type":"WebSite","@id":"https:\/\/www.speedtest.pl\/wiadomosci\/#website","url":"https:\/\/www.speedtest.pl\/wiadomosci\/","name":"SpeedTest.pl Wiadomo\u015bci","description":"Rankingi ISP, newsy i opinie ze \u015bwiata IT, recenzje sprz\u0119tu, gry, motoryzacja","potentialAction":[{"@type":"SearchAction","target":{"@type":"EntryPoint","urlTemplate":"https:\/\/www.speedtest.pl\/wiadomosci\/?s={search_term_string}"},"query-input":{"@type":"PropertyValueSpecification","valueRequired":true,"valueName":"search_term_string"}}],"inLanguage":"pl-PL"},{"@type":"Person","@id":"https:\/\/www.speedtest.pl\/wiadomosci\/#\/schema\/person\/1e51a1178096c8851f7d3ab0575726e4","name":"PJ","image":{"@type":"ImageObject","inLanguage":"pl-PL","@id":"https:\/\/www.speedtest.pl\/wiadomosci\/#\/schema\/person\/image\/","url":"https:\/\/www.speedtest.pl\/wiadomosci\/wp-content\/uploads\/2018\/01\/AAEAAQAAAAAAAAk2AAAAJDNhNWRlODdhLWY3MjYtNGFjNC04MzY1LTI1Zjc4NmI4YmE0OQ-150x150.jpg","contentUrl":"https:\/\/www.speedtest.pl\/wiadomosci\/wp-content\/uploads\/2018\/01\/AAEAAQAAAAAAAAk2AAAAJDNhNWRlODdhLWY3MjYtNGFjNC04MzY1LTI1Zjc4NmI4YmE0OQ-150x150.jpg","caption":"PJ"},"description":"Przemek jest m\u00f3zgiem operacyjnym SpeedTest.pl. Studiowa\u0142 na Politechnice Wroc\u0142awskiej elektronik\u0119 i telekomunikacj\u0119. Zarz\u0105dza projektami IT, relacjami z klientami oraz nadzoruje procesy rozwoju. Prywatnie zaanga\u017cowany w rodzin\u0119, wsparcie r\u00f3\u017cnych dzia\u0142alno\u015bci charytatywnych i projekty ekstremalne.","url":"https:\/\/www.speedtest.pl\/wiadomosci\/author\/przemek\/"}]}},"jetpack_featured_media_url":"https:\/\/www.speedtest.pl\/wiadomosci\/wp-content\/uploads\/2020\/10\/iphone_12-1-1.jpg","jetpack_sharing_enabled":true,"jetpack_shortlink":"https:\/\/wp.me\/p85ce0-7XL","_links":{"self":[{"href":"https:\/\/www.speedtest.pl\/wiadomosci\/wp-json\/wp\/v2\/posts\/30613","targetHints":{"allow":["GET"]}}],"collection":[{"href":"https:\/\/www.speedtest.pl\/wiadomosci\/wp-json\/wp\/v2\/posts"}],"about":[{"href":"https:\/\/www.speedtest.pl\/wiadomosci\/wp-json\/wp\/v2\/types\/post"}],"author":[{"embeddable":true,"href":"https:\/\/www.speedtest.pl\/wiadomosci\/wp-json\/wp\/v2\/users\/12"}],"replies":[{"embeddable":true,"href":"https:\/\/www.speedtest.pl\/wiadomosci\/wp-json\/wp\/v2\/comments?post=30613"}],"version-history":[{"count":3,"href":"https:\/\/www.speedtest.pl\/wiadomosci\/wp-json\/wp\/v2\/posts\/30613\/revisions"}],"predecessor-version":[{"id":31488,"href":"https:\/\/www.speedtest.pl\/wiadomosci\/wp-json\/wp\/v2\/posts\/30613\/revisions\/31488"}],"wp:featuredmedia":[{"embeddable":true,"href":"https:\/\/www.speedtest.pl\/wiadomosci\/wp-json\/wp\/v2\/media\/30614"}],"wp:attachment":[{"href":"https:\/\/www.speedtest.pl\/wiadomosci\/wp-json\/wp\/v2\/media?parent=30613"}],"wp:term":[{"taxonomy":"category","embeddable":true,"href":"https:\/\/www.speedtest.pl\/wiadomosci\/wp-json\/wp\/v2\/categories?post=30613"},{"taxonomy":"post_tag","embeddable":true,"href":"https:\/\/www.speedtest.pl\/wiadomosci\/wp-json\/wp\/v2\/tags?post=30613"},{"taxonomy":"table_tags","embeddable":true,"href":"https:\/\/www.speedtest.pl\/wiadomosci\/wp-json\/wp\/v2\/table_tags?post=30613"}],"curies":[{"name":"wp","href":"https:\/\/api.w.org\/{rel}","templated":true}]}}