{"id":30569,"date":"2020-10-04T18:59:05","date_gmt":"2020-10-04T16:59:05","guid":{"rendered":"https:\/\/www.speedtest.pl\/wiadomosci\/?p=30569"},"modified":"2020-10-04T19:06:05","modified_gmt":"2020-10-04T17:06:05","slug":"krasnik-uchylil-ustawe-ws-5g-to-wielka-porazka-antykomorkowego-lobby","status":"publish","type":"post","link":"https:\/\/www.speedtest.pl\/wiadomosci\/internet-mobilny\/krasnik-uchylil-ustawe-ws-5g-to-wielka-porazka-antykomorkowego-lobby\/","title":{"rendered":"Kra\u015bnik uchyli\u0142 ustaw\u0119 ws. 5G, to wielka pora\u017cka antykom\u00f3rkowego lobby"},"content":{"rendered":"\n<p><strong>Radni z Kra\u015bnika zmienili zdanie w sprawie petycji skierowanej przez &#8222;Koalicj\u0119 Polska Wolna od 5G&#8221;. Na miejscu pojawili si\u0119 r\u00f3wnie\u017c osoby, kt\u00f3re na co dzie\u0144 zajmuj\u0105 si\u0119 walk\u0105 z sieciami kom\u00f3rkowymi. Jednak ich argumenty nie trafi\u0142y do radnych. Jakby by\u0142o ma\u0142o, to stwierdzili oni, \u017ce padli oni ofiar\u0105 antykom\u00f3rkowego lobby.<\/strong><\/p>\n\n\n\n<p>Kra\u015bnik sta\u0142 si\u0119 w ostatnim tygodniu <a href=\"https:\/\/www.speedtest.pl\/wiadomosci\/news\/strefa-wolna-od-5g-w-krasniku-to-pomylka-z-ktorej-moze-wyniknac-cos-dobrego\/\">symbolem &#8222;walki z sieciami 5G&#8221;<\/a>. Pomimo tego, \u017ce jego radni nie byli pierwszymi urz\u0119dnikami, kt\u00f3rzy poparli petycj\u0119 &#8222;Koalicji Polska Wolna od 5G&#8221;, to przyczynili si\u0119 oni do du\u017cego rozg\u0142osu tej sprawy. Stworzy\u0142o to r\u00f3wnie\u017c dobr\u0105 okazj\u0119 do wyja\u015bnienia fake news\u00f3w oraz k\u0142amstw, kt\u00f3rymi pos\u0142uguje si\u0119 tzw. \u015brodowisko anty 5G. Jednak osoby, kt\u00f3re wcze\u015bniej sprzeciwia\u0142y si\u0119 nowelizacji Prawa Telekomunikacyjnego (czyli tzw. Megaustawy), a teraz kontynuuj\u0105 walk\u0119 z rozwojem telefonii kom\u00f3rkowej w Polsce, nie chcia\u0142y &#8222;odda\u0107 Kra\u015bnika bez walki&#8221;. Dlatego te\u017c na posiedzeniu nadzwyczajnej sesji Rady Miasta Kra\u015bnik pojawili si\u0119 praktycznie wszyscy najpopularniejsi liderzy polskiej sceny antykom\u00f3rkowc\u00f3w. Jeden z radnych nazwa\u0142 ich wprost lobbystami. Przeciwnicy sieci 5G zar\u00f3wno przed posiedzeniem rady, jak i podczas niej, wywierali du\u017cy nacisk na utrzymanie poparcia dla petycji.<\/p>\n\n\n\n<figure class=\"wp-block-embed-youtube wp-block-embed is-type-video is-provider-youtube wp-embed-aspect-16-9 wp-has-aspect-ratio\"><div class=\"wp-block-embed__wrapper\">\n<iframe loading=\"lazy\" title=\"SESJA NADZWYCZAJNA RADY MIASTA KRA\u015aNIK. RADNI POD PRESJ\u0104 RZ\u0104DU WYCOFUJ\u0104 SI\u0118 Z UCHWA\u0141Y INTENCYJNEJ.\" width=\"696\" height=\"392\" src=\"https:\/\/www.youtube.com\/embed\/adXcpM9urwY?feature=oembed\" frameborder=\"0\" allow=\"accelerometer; autoplay; clipboard-write; encrypted-media; gyroscope; picture-in-picture; web-share\" referrerpolicy=\"strict-origin-when-cross-origin\" allowfullscreen><\/iframe>\n<\/div><\/figure>\n\n\n\n<h2 class=\"wp-block-heading\">Antykom\u00f3rkowcy byli w Polsce ignorowani przez lata, teraz us\u0142ysza\u0142 o nich ca\u0142y kraj<\/h2>\n\n\n\n<p>W sieci mo\u017cna znale\u017a\u0107 wiele k\u0142amstw na temat sieci 5G oraz przepis\u00f3w odnosz\u0105cych si\u0119 do budowy i uruchomienia stacji bazowych. Jednak Ministerstwo Cyfryzacji rzadko kiedy je komentowa\u0142o. Dzisiaj trudno ocenia\u0107 czy takie dzia\u0142anie by\u0142o dobre, czy z\u0142e. Fakt jest taki, \u017ce walka z liderami antykom\u00f3rkowc\u00f3w przypomina przys\u0142owiow\u0105 walk\u0119 z wiatrakami. Nie trafiaj\u0105 do nich \u017cadne konkretne argumenty, poniewa\u017c zawsze znajd\u0105 oni wyci\u0105gni\u0119te z kontekstu zdania, kt\u00f3re sprzyjaj\u0105 postawionej wcze\u015bniej tezie. Do dzisiaj przytaczaj\u0105 oni raport NIK, kt\u00f3ry odnosi si\u0119 do stanu kontroli poziom\u00f3w PEM na rok 2017. Pochodz\u0105ce z niego wnioski s\u0105 istotne, ale zd\u0105\u017cy\u0142y straci\u0107 ju\u017c na aktualno\u015bci. Z kolei ze s\u0142ynnego raportu Instytutu Medycyny Pracy w \u0141odzi cytowane s\u0105 tylko fragmenty, kt\u00f3re zalecaj\u0105 pow\u015bci\u0105gliwo\u015b\u0107 przy zmianie dopuszczalnych poziom\u00f3w PEM oraz stosowanie zasady ALARA. Pomijaj\u0105 jednak fragment, kt\u00f3ry przywo\u0142uje \u015brednie poziomy PEM zmierzone w krajach, w kt\u00f3rych obowi\u0105zuje &#8222;norma 61 V\/m&#8221;. Tak samo przeciwnicy sieci 5G nie potrafi\u0105 rozr\u00f3\u017cni\u0107 oddzia\u0142ywania pola elektromagnetycznego pochodz\u0105cego od stacji bazowych od tego, kt\u00f3re wytwarzaj\u0105 telefony kom\u00f3rkowe.<\/p>\n\n\n\n<p>Tak si\u0119 sk\u0142ada, \u017ce w miejscach, w kt\u00f3rych przebywamy, to w\u0142a\u015bnie smartfony wytwarzaj\u0105 silniejsze PEM ni\u017c umieszczone na wysokich masztach anteny stacji bazowych. Tego typu zagadnienia wyja\u015bnia m.in. przygotowana przez Ministerstwo Cyfryzacji i Instytut \u0141\u0105czno\u015bci publikacja <a href=\"https:\/\/www.gov.pl\/web\/5g\/biala-ksiega1\" target=\"_blank\" rel=\"noreferrer noopener external nofollow\">&#8222;<em>Bia\u0142a Ksi\u0119ga &#8211; Pole elektromagnetyczne a cz\u0142owiek<\/em>&#8222;<\/a>. <\/p>\n\n\n\n<p>Jednak tzw. antykom\u00f3rkowcy robi\u0105 dalej swoje. Ostatnie ich dzia\u0142ania polegaj\u0105 na zasypywaniu radnych mailami i dokumentami dotycz\u0105cych negatywnego wp\u0142yw pola elektromagnetycznego i sieci 5G na zdrowie cz\u0142owieka. Dzia\u0142ania te zosta\u0142y nasilone w przypadku Kra\u015bnika. Przer\u00f3\u017cne osoby, kt\u00f3re z definicji sprzeciwiaj\u0105 si\u0119 wszystkiemu, co robi Ministerstwo Cyfryzacji, chcia\u0142y nie tylko przekona\u0107 radnych, ale r\u00f3wnie\u017c skorzysta\u0107 z okazji i trafi\u0107 ze swoim przekazem do szerszej publiczno\u015bci. Tematem zainteresowa\u0142y si\u0119 r\u00f3wnie\u017c og\u00f3lnopolskie stacje telewizyjne.<\/p>\n\n\n\n<h2 class=\"wp-block-heading\">Eksperci, kt\u00f3rzy pojawili si\u0119 w Kra\u015bniku, przekonali radnych<\/h2>\n\n\n\n<p>Radni z Kra\u015bnika po\u017ca\u0142owali tego, \u017ce kilka dni wcze\u015bniej poparli petycj\u0119 &#8222;koalicji Polska Wolna od 5G&#8221;. Jednak, jak sami podkre\u015blili, zrobili to na podstawie informacji przedstawiaj\u0105cych ten skomplikowany problem tylko z jednej perspektywy. Z kolei zestawienie tych &#8222;fakt\u00f3w&#8221; ze stanowiskiem Ministerstwa Cyfryzacji sprawi\u0142o, \u017ce tzw. antykom\u00f3rkowcy nie mogli liczy\u0107 na g\u0142osy wi\u0119kszo\u015bci radnych. Podczas posiedzenia pojawi\u0142 si\u0119 r\u00f3wnie\u017c wniosek formalny, \u017ceby pozostawi\u0107 wspomnian\u0105 petycj\u0119 za nierozpatrzon\u0105. Jednak radni nie chcieli zamiata\u0107 problemu pod dywan. Dlatego te\u017c wniosek zosta\u0142 odrzucony, a po zg\u0142oszonych wcze\u015bniej wyst\u0105pieniach radni przeszli do g\u0142osowania. Ostatecznie za odrzuceniem petycji zag\u0142osowa\u0142o 13 radnych, 5 by\u0142o przeciw a 1 si\u0119 wstrzyma\u0142. Tym samym Kra\u015bnik, jak to okre\u015bli\u0142y niekt\u00f3re media, wycofa\u0142 si\u0119 z pomys\u0142u &#8222;strefy wolnej od 5G&#8221;.<\/p>\n\n\n\n<p>W Kra\u015bniku pojawi\u0142a si\u0119 delegacja z Ministerstwa Cyfryzacji, Instytutu \u0141\u0105czno\u015bci, Urz\u0119du Komunikacji Elektronicznej oraz Collegium Medicum Uniwersytetu Jagiello\u0144skiego. Na posiedzeniu Rady Miasta przem\u00f3wi\u0142a tylko Agnieszka Krauzowicz, Dyrektor Departamentu Telekomunikacji Ministerstwa Cyfryzacji. Jednak pozostali udzielali wywiadu dziennikarzom oraz YouTuberom zrzeszaj\u0105cych przeciwnik\u00f3w sieci 5G. Przy czym nie wiadomo, w jakim stopniu Ci ostatni wierz\u0105 szkodliwo\u015b\u0107 PEM, skoro sami transmitowali ca\u0142e wydarzenie na \u017cywo za po\u015brednictwem sieci LTE.<\/p>\n\n\n\n<p>Na koniec warto podkre\u015bli\u0107, \u017ce radni z Kra\u015bnika od samego pocz\u0105tku zdawali sobie spraw\u0119 z tego, \u017ce nie zablokuj\u0105 budowy sieci 5G oraz nie zdemontuj\u0105 sieci Wi-Fi w szko\u0142ach. Ich intencje by\u0142y dobre. Jednak dali si\u0119 zmanipulowa\u0107 antykom\u00f3rkowym lobbystom, kt\u00f3rzy na ka\u017cdym kroku staraj\u0105 si\u0119 utrudnia\u0107 rozbudow\u0119 sieci kom\u00f3rkowych w Polsce. W ten spos\u00f3b Kra\u015bnik sta\u0142 si\u0119 po\u015bmiewiskiem ca\u0142ego kraju. By\u0107 mo\u017ce dzi\u0119ki temu podobne inicjatywy b\u0119d\u0105 ko\u0144czy\u0107 si\u0119 tam, gdzie powinny, czyli na posiedzeniach komisji skarg, wniosk\u00f3w i petycji. Z kolei radni pozosta\u0142ych miast wyczul\u0105 si\u0119 na przysz\u0142e inicjatywy \u015brodowisk antykom\u00f3rkowych. Na koniec warto pami\u0119ta\u0107 o tym, \u017ce ca\u0142y problem nie sprowadza si\u0119 do pola elektromagnetycznego, a do rozs\u0105dnego korzystania z telefonu kom\u00f3rkowego. O tym przypomina r\u00f3wnie\u017c Ministerstwo Cyfryzacji, kt\u00f3re prowadzi akcje informacyjne na temat tzw. uzale\u017cnienia technologicznego.<\/p>\n","protected":false},"excerpt":{"rendered":"<p>Radni z Kra\u015bnika zmienili zdanie w sprawie petycji skierowanej przez &#8222;Koalicj\u0119 Polska Wolna od 5G&#8221;. Na miejscu pojawili si\u0119 r\u00f3wnie\u017c osoby, kt\u00f3re na co dzie\u0144 zajmuj\u0105 si\u0119 walk\u0105 z sieciami kom\u00f3rkowymi. Jednak ich argumenty nie trafi\u0142y do radnych. Jakby by\u0142o ma\u0142o, to stwierdzili oni, \u017ce padli oni ofiar\u0105 antykom\u00f3rkowego lobby. Kra\u015bnik sta\u0142 si\u0119 w ostatnim [&hellip;]<\/p>\n","protected":false},"author":12,"featured_media":30321,"comment_status":"closed","ping_status":"open","sticky":false,"template":"","format":"standard","meta":{"jetpack_post_was_ever_published":false,"_jetpack_newsletter_access":"","_jetpack_dont_email_post_to_subs":false,"_jetpack_newsletter_tier_id":0,"_jetpack_memberships_contains_paywalled_content":false,"_jetpack_memberships_contains_paid_content":false,"footnotes":"","jetpack_publicize_message":"Kra\u015bnik sta\u0142 si\u0119 w ostatnim tygodniu symbolem \"walki z sieciami 5G\". Antykom\u00f3rkowi lobby\u015bci pojawili si\u0119 na miejscu, ale nic nie wsk\u00f3rali.","jetpack_publicize_feature_enabled":true,"jetpack_social_post_already_shared":true,"jetpack_social_options":{"image_generator_settings":{"template":"highway","enabled":false},"version":2}},"categories":[2344,2016,57,253],"tags":[143,4622,6506,6494,6505,6495],"table_tags":[],"class_list":["post-30569","post","type-post","status-publish","format-standard","has-post-thumbnail","hentry","category-5g","category-esej","category-internet-mobilny","category-polecane","tag-5g","tag-anty-5g","tag-antykomorkowcy","tag-krasnik","tag-lobbing","tag-strefa-wolna-od-5g"],"jetpack_publicize_connections":[],"yoast_head":"<!-- This site is optimized with the Yoast SEO plugin v24.8.1 - https:\/\/yoast.com\/wordpress\/plugins\/seo\/ -->\n<title>Kra\u015bnik uchyli\u0142 ustaw\u0119 ws. 5G, to wielka pora\u017cka antykom\u00f3rkowego lobby<\/title>\n<meta name=\"description\" content=\"Kra\u015bnik sta\u0142 si\u0119 w ostatnim tygodniu symbolem &quot;walki z sieciami 5G&quot;. Antykom\u00f3rkowi lobby\u015bci pojawili si\u0119 na miejscu, ale nic nie wsk\u00f3rali.\" \/>\n<meta name=\"robots\" content=\"index, follow, max-snippet:-1, max-image-preview:large, max-video-preview:-1\" \/>\n<link rel=\"canonical\" href=\"https:\/\/www.speedtest.pl\/wiadomosci\/internet-mobilny\/krasnik-uchylil-ustawe-ws-5g-to-wielka-porazka-antykomorkowego-lobby\/\" \/>\n<meta property=\"og:locale\" content=\"pl_PL\" \/>\n<meta property=\"og:type\" content=\"article\" \/>\n<meta property=\"og:title\" content=\"Kra\u015bnik uchyli\u0142 ustaw\u0119 ws. 5G, to wielka pora\u017cka antykom\u00f3rkowego lobby\" \/>\n<meta property=\"og:description\" content=\"Kra\u015bnik sta\u0142 si\u0119 w ostatnim tygodniu symbolem &quot;walki z sieciami 5G&quot;. Antykom\u00f3rkowi lobby\u015bci pojawili si\u0119 na miejscu, ale nic nie wsk\u00f3rali.\" \/>\n<meta property=\"og:url\" content=\"https:\/\/www.speedtest.pl\/wiadomosci\/internet-mobilny\/krasnik-uchylil-ustawe-ws-5g-to-wielka-porazka-antykomorkowego-lobby\/\" \/>\n<meta property=\"og:site_name\" content=\"SpeedTest.pl Wiadomo\u015bci\" \/>\n<meta property=\"article:publisher\" content=\"https:\/\/www.facebook.com\/speedtestpl\/\" \/>\n<meta property=\"article:published_time\" content=\"2020-10-04T16:59:05+00:00\" \/>\n<meta property=\"article:modified_time\" content=\"2020-10-04T17:06:05+00:00\" \/>\n<meta property=\"og:image\" content=\"https:\/\/www.speedtest.pl\/wiadomosci\/wp-content\/uploads\/2020\/09\/3G-4G-5G.jpg\" \/>\n\t<meta property=\"og:image:width\" content=\"1024\" \/>\n\t<meta property=\"og:image:height\" content=\"576\" \/>\n\t<meta property=\"og:image:type\" content=\"image\/jpeg\" \/>\n<meta name=\"author\" content=\"PJ\" \/>\n<meta name=\"twitter:card\" content=\"summary_large_image\" \/>\n<meta name=\"twitter:creator\" content=\"@speedtestpl\" \/>\n<meta name=\"twitter:site\" content=\"@speedtestpl\" \/>\n<meta name=\"twitter:label1\" content=\"Napisane przez\" \/>\n\t<meta name=\"twitter:data1\" content=\"PJ\" \/>\n\t<meta name=\"twitter:label2\" content=\"Szacowany czas czytania\" \/>\n\t<meta name=\"twitter:data2\" content=\"5 minut\" \/>\n<script type=\"application\/ld+json\" class=\"yoast-schema-graph\">{\"@context\":\"https:\/\/schema.org\",\"@graph\":[{\"@type\":\"WebPage\",\"@id\":\"https:\/\/www.speedtest.pl\/wiadomosci\/internet-mobilny\/krasnik-uchylil-ustawe-ws-5g-to-wielka-porazka-antykomorkowego-lobby\/\",\"url\":\"https:\/\/www.speedtest.pl\/wiadomosci\/internet-mobilny\/krasnik-uchylil-ustawe-ws-5g-to-wielka-porazka-antykomorkowego-lobby\/\",\"name\":\"Kra\u015bnik uchyli\u0142 ustaw\u0119 ws. 5G, to wielka pora\u017cka antykom\u00f3rkowego lobby\",\"isPartOf\":{\"@id\":\"https:\/\/www.speedtest.pl\/wiadomosci\/#website\"},\"primaryImageOfPage\":{\"@id\":\"https:\/\/www.speedtest.pl\/wiadomosci\/internet-mobilny\/krasnik-uchylil-ustawe-ws-5g-to-wielka-porazka-antykomorkowego-lobby\/#primaryimage\"},\"image\":{\"@id\":\"https:\/\/www.speedtest.pl\/wiadomosci\/internet-mobilny\/krasnik-uchylil-ustawe-ws-5g-to-wielka-porazka-antykomorkowego-lobby\/#primaryimage\"},\"thumbnailUrl\":\"https:\/\/www.speedtest.pl\/wiadomosci\/wp-content\/uploads\/2020\/09\/3G-4G-5G.jpg\",\"datePublished\":\"2020-10-04T16:59:05+00:00\",\"dateModified\":\"2020-10-04T17:06:05+00:00\",\"author\":{\"@id\":\"https:\/\/www.speedtest.pl\/wiadomosci\/#\/schema\/person\/1e51a1178096c8851f7d3ab0575726e4\"},\"description\":\"Kra\u015bnik sta\u0142 si\u0119 w ostatnim tygodniu symbolem \\\"walki z sieciami 5G\\\". Antykom\u00f3rkowi lobby\u015bci pojawili si\u0119 na miejscu, ale nic nie wsk\u00f3rali.\",\"breadcrumb\":{\"@id\":\"https:\/\/www.speedtest.pl\/wiadomosci\/internet-mobilny\/krasnik-uchylil-ustawe-ws-5g-to-wielka-porazka-antykomorkowego-lobby\/#breadcrumb\"},\"inLanguage\":\"pl-PL\",\"potentialAction\":[{\"@type\":\"ReadAction\",\"target\":[\"https:\/\/www.speedtest.pl\/wiadomosci\/internet-mobilny\/krasnik-uchylil-ustawe-ws-5g-to-wielka-porazka-antykomorkowego-lobby\/\"]}]},{\"@type\":\"ImageObject\",\"inLanguage\":\"pl-PL\",\"@id\":\"https:\/\/www.speedtest.pl\/wiadomosci\/internet-mobilny\/krasnik-uchylil-ustawe-ws-5g-to-wielka-porazka-antykomorkowego-lobby\/#primaryimage\",\"url\":\"https:\/\/www.speedtest.pl\/wiadomosci\/wp-content\/uploads\/2020\/09\/3G-4G-5G.jpg\",\"contentUrl\":\"https:\/\/www.speedtest.pl\/wiadomosci\/wp-content\/uploads\/2020\/09\/3G-4G-5G.jpg\",\"width\":1024,\"height\":576,\"caption\":\"3G 4G 5G\"},{\"@type\":\"BreadcrumbList\",\"@id\":\"https:\/\/www.speedtest.pl\/wiadomosci\/internet-mobilny\/krasnik-uchylil-ustawe-ws-5g-to-wielka-porazka-antykomorkowego-lobby\/#breadcrumb\",\"itemListElement\":[{\"@type\":\"ListItem\",\"position\":1,\"name\":\"Strona g\u0142\u00f3wna\",\"item\":\"https:\/\/www.speedtest.pl\/wiadomosci\/\"},{\"@type\":\"ListItem\",\"position\":2,\"name\":\"Kra\u015bnik uchyli\u0142 ustaw\u0119 ws. 5G, to wielka pora\u017cka antykom\u00f3rkowego lobby\"}]},{\"@type\":\"WebSite\",\"@id\":\"https:\/\/www.speedtest.pl\/wiadomosci\/#website\",\"url\":\"https:\/\/www.speedtest.pl\/wiadomosci\/\",\"name\":\"SpeedTest.pl Wiadomo\u015bci\",\"description\":\"Rankingi ISP, newsy i opinie ze \u015bwiata IT, recenzje sprz\u0119tu, gry, motoryzacja\",\"potentialAction\":[{\"@type\":\"SearchAction\",\"target\":{\"@type\":\"EntryPoint\",\"urlTemplate\":\"https:\/\/www.speedtest.pl\/wiadomosci\/?s={search_term_string}\"},\"query-input\":{\"@type\":\"PropertyValueSpecification\",\"valueRequired\":true,\"valueName\":\"search_term_string\"}}],\"inLanguage\":\"pl-PL\"},{\"@type\":\"Person\",\"@id\":\"https:\/\/www.speedtest.pl\/wiadomosci\/#\/schema\/person\/1e51a1178096c8851f7d3ab0575726e4\",\"name\":\"PJ\",\"image\":{\"@type\":\"ImageObject\",\"inLanguage\":\"pl-PL\",\"@id\":\"https:\/\/www.speedtest.pl\/wiadomosci\/#\/schema\/person\/image\/\",\"url\":\"https:\/\/www.speedtest.pl\/wiadomosci\/wp-content\/uploads\/2018\/01\/AAEAAQAAAAAAAAk2AAAAJDNhNWRlODdhLWY3MjYtNGFjNC04MzY1LTI1Zjc4NmI4YmE0OQ-150x150.jpg\",\"contentUrl\":\"https:\/\/www.speedtest.pl\/wiadomosci\/wp-content\/uploads\/2018\/01\/AAEAAQAAAAAAAAk2AAAAJDNhNWRlODdhLWY3MjYtNGFjNC04MzY1LTI1Zjc4NmI4YmE0OQ-150x150.jpg\",\"caption\":\"PJ\"},\"description\":\"Przemek jest m\u00f3zgiem operacyjnym SpeedTest.pl. Studiowa\u0142 na Politechnice Wroc\u0142awskiej elektronik\u0119 i telekomunikacj\u0119. Zarz\u0105dza projektami IT, relacjami z klientami oraz nadzoruje procesy rozwoju. Prywatnie zaanga\u017cowany w rodzin\u0119, wsparcie r\u00f3\u017cnych dzia\u0142alno\u015bci charytatywnych i projekty ekstremalne.\",\"url\":\"https:\/\/www.speedtest.pl\/wiadomosci\/author\/przemek\/\"}]}<\/script>\n<!-- \/ Yoast SEO plugin. -->","yoast_head_json":{"title":"Kra\u015bnik uchyli\u0142 ustaw\u0119 ws. 5G, to wielka pora\u017cka antykom\u00f3rkowego lobby","description":"Kra\u015bnik sta\u0142 si\u0119 w ostatnim tygodniu symbolem \"walki z sieciami 5G\". Antykom\u00f3rkowi lobby\u015bci pojawili si\u0119 na miejscu, ale nic nie wsk\u00f3rali.","robots":{"index":"index","follow":"follow","max-snippet":"max-snippet:-1","max-image-preview":"max-image-preview:large","max-video-preview":"max-video-preview:-1"},"canonical":"https:\/\/www.speedtest.pl\/wiadomosci\/internet-mobilny\/krasnik-uchylil-ustawe-ws-5g-to-wielka-porazka-antykomorkowego-lobby\/","og_locale":"pl_PL","og_type":"article","og_title":"Kra\u015bnik uchyli\u0142 ustaw\u0119 ws. 5G, to wielka pora\u017cka antykom\u00f3rkowego lobby","og_description":"Kra\u015bnik sta\u0142 si\u0119 w ostatnim tygodniu symbolem \"walki z sieciami 5G\". Antykom\u00f3rkowi lobby\u015bci pojawili si\u0119 na miejscu, ale nic nie wsk\u00f3rali.","og_url":"https:\/\/www.speedtest.pl\/wiadomosci\/internet-mobilny\/krasnik-uchylil-ustawe-ws-5g-to-wielka-porazka-antykomorkowego-lobby\/","og_site_name":"SpeedTest.pl Wiadomo\u015bci","article_publisher":"https:\/\/www.facebook.com\/speedtestpl\/","article_published_time":"2020-10-04T16:59:05+00:00","article_modified_time":"2020-10-04T17:06:05+00:00","og_image":[{"width":1024,"height":576,"url":"https:\/\/www.speedtest.pl\/wiadomosci\/wp-content\/uploads\/2020\/09\/3G-4G-5G.jpg","type":"image\/jpeg"}],"author":"PJ","twitter_card":"summary_large_image","twitter_creator":"@speedtestpl","twitter_site":"@speedtestpl","twitter_misc":{"Napisane przez":"PJ","Szacowany czas czytania":"5 minut"},"schema":{"@context":"https:\/\/schema.org","@graph":[{"@type":"WebPage","@id":"https:\/\/www.speedtest.pl\/wiadomosci\/internet-mobilny\/krasnik-uchylil-ustawe-ws-5g-to-wielka-porazka-antykomorkowego-lobby\/","url":"https:\/\/www.speedtest.pl\/wiadomosci\/internet-mobilny\/krasnik-uchylil-ustawe-ws-5g-to-wielka-porazka-antykomorkowego-lobby\/","name":"Kra\u015bnik uchyli\u0142 ustaw\u0119 ws. 5G, to wielka pora\u017cka antykom\u00f3rkowego lobby","isPartOf":{"@id":"https:\/\/www.speedtest.pl\/wiadomosci\/#website"},"primaryImageOfPage":{"@id":"https:\/\/www.speedtest.pl\/wiadomosci\/internet-mobilny\/krasnik-uchylil-ustawe-ws-5g-to-wielka-porazka-antykomorkowego-lobby\/#primaryimage"},"image":{"@id":"https:\/\/www.speedtest.pl\/wiadomosci\/internet-mobilny\/krasnik-uchylil-ustawe-ws-5g-to-wielka-porazka-antykomorkowego-lobby\/#primaryimage"},"thumbnailUrl":"https:\/\/www.speedtest.pl\/wiadomosci\/wp-content\/uploads\/2020\/09\/3G-4G-5G.jpg","datePublished":"2020-10-04T16:59:05+00:00","dateModified":"2020-10-04T17:06:05+00:00","author":{"@id":"https:\/\/www.speedtest.pl\/wiadomosci\/#\/schema\/person\/1e51a1178096c8851f7d3ab0575726e4"},"description":"Kra\u015bnik sta\u0142 si\u0119 w ostatnim tygodniu symbolem \"walki z sieciami 5G\". Antykom\u00f3rkowi lobby\u015bci pojawili si\u0119 na miejscu, ale nic nie wsk\u00f3rali.","breadcrumb":{"@id":"https:\/\/www.speedtest.pl\/wiadomosci\/internet-mobilny\/krasnik-uchylil-ustawe-ws-5g-to-wielka-porazka-antykomorkowego-lobby\/#breadcrumb"},"inLanguage":"pl-PL","potentialAction":[{"@type":"ReadAction","target":["https:\/\/www.speedtest.pl\/wiadomosci\/internet-mobilny\/krasnik-uchylil-ustawe-ws-5g-to-wielka-porazka-antykomorkowego-lobby\/"]}]},{"@type":"ImageObject","inLanguage":"pl-PL","@id":"https:\/\/www.speedtest.pl\/wiadomosci\/internet-mobilny\/krasnik-uchylil-ustawe-ws-5g-to-wielka-porazka-antykomorkowego-lobby\/#primaryimage","url":"https:\/\/www.speedtest.pl\/wiadomosci\/wp-content\/uploads\/2020\/09\/3G-4G-5G.jpg","contentUrl":"https:\/\/www.speedtest.pl\/wiadomosci\/wp-content\/uploads\/2020\/09\/3G-4G-5G.jpg","width":1024,"height":576,"caption":"3G 4G 5G"},{"@type":"BreadcrumbList","@id":"https:\/\/www.speedtest.pl\/wiadomosci\/internet-mobilny\/krasnik-uchylil-ustawe-ws-5g-to-wielka-porazka-antykomorkowego-lobby\/#breadcrumb","itemListElement":[{"@type":"ListItem","position":1,"name":"Strona g\u0142\u00f3wna","item":"https:\/\/www.speedtest.pl\/wiadomosci\/"},{"@type":"ListItem","position":2,"name":"Kra\u015bnik uchyli\u0142 ustaw\u0119 ws. 5G, to wielka pora\u017cka antykom\u00f3rkowego lobby"}]},{"@type":"WebSite","@id":"https:\/\/www.speedtest.pl\/wiadomosci\/#website","url":"https:\/\/www.speedtest.pl\/wiadomosci\/","name":"SpeedTest.pl Wiadomo\u015bci","description":"Rankingi ISP, newsy i opinie ze \u015bwiata IT, recenzje sprz\u0119tu, gry, motoryzacja","potentialAction":[{"@type":"SearchAction","target":{"@type":"EntryPoint","urlTemplate":"https:\/\/www.speedtest.pl\/wiadomosci\/?s={search_term_string}"},"query-input":{"@type":"PropertyValueSpecification","valueRequired":true,"valueName":"search_term_string"}}],"inLanguage":"pl-PL"},{"@type":"Person","@id":"https:\/\/www.speedtest.pl\/wiadomosci\/#\/schema\/person\/1e51a1178096c8851f7d3ab0575726e4","name":"PJ","image":{"@type":"ImageObject","inLanguage":"pl-PL","@id":"https:\/\/www.speedtest.pl\/wiadomosci\/#\/schema\/person\/image\/","url":"https:\/\/www.speedtest.pl\/wiadomosci\/wp-content\/uploads\/2018\/01\/AAEAAQAAAAAAAAk2AAAAJDNhNWRlODdhLWY3MjYtNGFjNC04MzY1LTI1Zjc4NmI4YmE0OQ-150x150.jpg","contentUrl":"https:\/\/www.speedtest.pl\/wiadomosci\/wp-content\/uploads\/2018\/01\/AAEAAQAAAAAAAAk2AAAAJDNhNWRlODdhLWY3MjYtNGFjNC04MzY1LTI1Zjc4NmI4YmE0OQ-150x150.jpg","caption":"PJ"},"description":"Przemek jest m\u00f3zgiem operacyjnym SpeedTest.pl. Studiowa\u0142 na Politechnice Wroc\u0142awskiej elektronik\u0119 i telekomunikacj\u0119. Zarz\u0105dza projektami IT, relacjami z klientami oraz nadzoruje procesy rozwoju. Prywatnie zaanga\u017cowany w rodzin\u0119, wsparcie r\u00f3\u017cnych dzia\u0142alno\u015bci charytatywnych i projekty ekstremalne.","url":"https:\/\/www.speedtest.pl\/wiadomosci\/author\/przemek\/"}]}},"jetpack_featured_media_url":"https:\/\/www.speedtest.pl\/wiadomosci\/wp-content\/uploads\/2020\/09\/3G-4G-5G.jpg","jetpack_sharing_enabled":true,"jetpack_shortlink":"https:\/\/wp.me\/p85ce0-7X3","_links":{"self":[{"href":"https:\/\/www.speedtest.pl\/wiadomosci\/wp-json\/wp\/v2\/posts\/30569","targetHints":{"allow":["GET"]}}],"collection":[{"href":"https:\/\/www.speedtest.pl\/wiadomosci\/wp-json\/wp\/v2\/posts"}],"about":[{"href":"https:\/\/www.speedtest.pl\/wiadomosci\/wp-json\/wp\/v2\/types\/post"}],"author":[{"embeddable":true,"href":"https:\/\/www.speedtest.pl\/wiadomosci\/wp-json\/wp\/v2\/users\/12"}],"replies":[{"embeddable":true,"href":"https:\/\/www.speedtest.pl\/wiadomosci\/wp-json\/wp\/v2\/comments?post=30569"}],"version-history":[{"count":3,"href":"https:\/\/www.speedtest.pl\/wiadomosci\/wp-json\/wp\/v2\/posts\/30569\/revisions"}],"predecessor-version":[{"id":30572,"href":"https:\/\/www.speedtest.pl\/wiadomosci\/wp-json\/wp\/v2\/posts\/30569\/revisions\/30572"}],"wp:featuredmedia":[{"embeddable":true,"href":"https:\/\/www.speedtest.pl\/wiadomosci\/wp-json\/wp\/v2\/media\/30321"}],"wp:attachment":[{"href":"https:\/\/www.speedtest.pl\/wiadomosci\/wp-json\/wp\/v2\/media?parent=30569"}],"wp:term":[{"taxonomy":"category","embeddable":true,"href":"https:\/\/www.speedtest.pl\/wiadomosci\/wp-json\/wp\/v2\/categories?post=30569"},{"taxonomy":"post_tag","embeddable":true,"href":"https:\/\/www.speedtest.pl\/wiadomosci\/wp-json\/wp\/v2\/tags?post=30569"},{"taxonomy":"table_tags","embeddable":true,"href":"https:\/\/www.speedtest.pl\/wiadomosci\/wp-json\/wp\/v2\/table_tags?post=30569"}],"curies":[{"name":"wp","href":"https:\/\/api.w.org\/{rel}","templated":true}]}}