{"id":30036,"date":"2020-09-14T13:04:04","date_gmt":"2020-09-14T11:04:04","guid":{"rendered":"https:\/\/www.speedtest.pl\/wiadomosci\/?p=30036"},"modified":"2021-01-08T09:30:05","modified_gmt":"2021-01-08T08:30:05","slug":"agregacja-czestotliwosci-w-sieciach-5g-sa-poprawi-zasieg-szybkich-pasm","status":"publish","type":"post","link":"https:\/\/www.speedtest.pl\/wiadomosci\/5g\/agregacja-czestotliwosci-w-sieciach-5g-sa-poprawi-zasieg-szybkich-pasm\/","title":{"rendered":"Agregacja cz\u0119stotliwo\u015bci w sieciach 5G SA poprawi zasi\u0119g szybkich pasm"},"content":{"rendered":"\n<p><strong>Sieci pi\u0105tej generacji pracuj\u0105ce w samodzielnej architekturze 5G SA (Standalone) przynios\u0105 nie tylko redukcj\u0119 op\u00f3\u017anie\u0144, ale r\u00f3wnie\u017c zapewni\u0105 szybsze pobieranie i zwi\u0119kszony zasi\u0119g pasm pojemno\u015bciowych. Mo\u017cliwe b\u0119dzie to dzi\u0119ki agregacji kilku pasm 5G. Ericsson i Qualcomm przetestowali ju\u017c takie rozwi\u0105zanie. Jednocze\u015bnie Ericsson zapowiedzia\u0142, \u017ce operatorzy b\u0119d\u0105 mogli wdro\u017cy\u0107 je w swoich sieciach ju\u017c na pocz\u0105tku przysz\u0142ego roku.<\/strong><\/p>\n\n\n\n<p>Agregacja r\u00f3\u017cnych pasm cz\u0119stotliwo\u015bci kojarzy nam si\u0119 przede wszystkim ze zwi\u0119kszeniem pr\u0119dko\u015bci pobierania danych. W ko\u0144cu funkcjonalno\u015b\u0107 ta pozwala stacji bazowej na przypisanie pojedynczemu urz\u0105dzeniu wi\u0119kszej ilo\u015bci zasob\u00f3w radiowych, ni\u017c wynika\u0142oby to z mo\u017cliwo\u015bci bloku z pojedynczego pasma. Jednak okazuje si\u0119, \u017ce nie jest to jedyna zaleta rozwi\u0105zania. Opr\u00f3cz tego agregacja cz\u0119stotliwo\u015bci pozwala na zwi\u0119kszenie zasi\u0119gu warstw radiowych, z kt\u00f3rych korzystaj\u0105 pasma pojemno\u015bciowe. Zale\u017cno\u015b\u0107 ta nie jest intuicyjna, poniewa\u017c wynika ona z do\u015b\u0107 specyficznego ograniczenia system\u00f3w radiokomunikacyjnych, kt\u00f3re korzystaj\u0105 z wysokich cz\u0119stotliwo\u015bci. Okazuje si\u0119, \u017ce w tym przypadku zasi\u0119g stacji bazowej nie wynika z ogranicze\u0144 mocowych jej nadajnika, a silnego t\u0142umienia sygna\u0142u pochodz\u0105cego z terminala u\u017cytkownika.<\/p>\n\n\n\n<h2 class=\"wp-block-heading\">Zwi\u0119kszenie zasi\u0119gu stacji bazowej za pomoc\u0105 agregacji pasm, to &#8222;prosty trik&#8221;<\/h2>\n\n\n\n<p>Od strony technicznej zasi\u0119g stacji bazowej definiuje si\u0119 na podstawie analizy bud\u017cetu mocy \u0142\u0105cza dla dw\u00f3ch kierunk\u00f3w transmisji: downlink (od stacji bazowej do terminala) oraz uplink (od terminala do stacji bazowej). Ze wzgl\u0119du na to, \u017ce urz\u0105dzenia abonenckie (tj. smartfony) pracuj\u0105 z nisk\u0105 moc\u0105 nadawania (oko\u0142o 0,1 W lub 0,5 W), przy wy\u017cszych cz\u0119stotliwo\u015bciach zasi\u0119g stacji bazowej definiuje warto\u015b\u0107 t\u0142umienia sygna\u0142u radiowego w uplinku. Jednak po w\u0142\u0105czeniu agregacji pasm mo\u017cliwe jest do\u015b\u0107 proste omini\u0119cie tej niedogodno\u015bci.<\/p>\n\n\n\n<p>Operatorzy mog\u0105 agregowa\u0107 pasma pojemno\u015bciowe z cz\u0119stotliwo\u015bciami zasi\u0119gowymi, dzi\u0119ki czemu komunikacja w \u0142\u0105czu w g\u00f3r\u0119 (czyli w uplinku) odbywa si\u0119 na ni\u017cszej cz\u0119stotliwo\u015bci. W ten spos\u00f3b zasi\u0119g warstw radiowych pracuj\u0105cych na wy\u017cszych cz\u0119stotliwo\u015bciach ograniczony jest jedynie t\u0142umieniem sygna\u0142u w \u0142\u0105czu w d\u00f3\u0142 (czyli downlinku). <a href=\"https:\/\/www.ericsson.com\/en\/networks\/offerings\/5g\/carrier-aggregation\" target=\"_blank\" rel=\"noreferrer noopener external nofollow\">Ericsson zapewnia<\/a>, \u017ce zagregowanie pasma pojemno\u015bciowego TDD 2,5 GHz (n41) z pasmem zasi\u0119gowym FDD 700 MHz (n71) potrafi ponad dwukrotnie zwi\u0119kszy\u0107 zasi\u0119g tego pierwszego. Opr\u00f3cz tego operator powinien zyska\u0107 oko\u0142o 27% na pojemno\u015bci stacji bazowej.<\/p>\n\n\n\n<div class=\"wp-block-image\"><figure class=\"aligncenter size-large\"><img loading=\"lazy\" decoding=\"async\" width=\"1024\" height=\"396\" src=\"https:\/\/www.speedtest.pl\/wiadomosci\/wp-content\/uploads\/2020\/09\/Ericsson-agregacja-5G-FDDTDD-1024x396.jpg\" alt=\"Ericsson agregacja 5G FDD+TDD\" class=\"wp-image-30219\" srcset=\"https:\/\/www.speedtest.pl\/wiadomosci\/wp-content\/uploads\/2020\/09\/Ericsson-agregacja-5G-FDDTDD-1024x396.jpg 1024w, https:\/\/www.speedtest.pl\/wiadomosci\/wp-content\/uploads\/2020\/09\/Ericsson-agregacja-5G-FDDTDD-300x116.jpg 300w, https:\/\/www.speedtest.pl\/wiadomosci\/wp-content\/uploads\/2020\/09\/Ericsson-agregacja-5G-FDDTDD-768x297.jpg 768w, https:\/\/www.speedtest.pl\/wiadomosci\/wp-content\/uploads\/2020\/09\/Ericsson-agregacja-5G-FDDTDD-1536x594.jpg 1536w, https:\/\/www.speedtest.pl\/wiadomosci\/wp-content\/uploads\/2020\/09\/Ericsson-agregacja-5G-FDDTDD-696x269.jpg 696w, https:\/\/www.speedtest.pl\/wiadomosci\/wp-content\/uploads\/2020\/09\/Ericsson-agregacja-5G-FDDTDD-1068x413.jpg 1068w, https:\/\/www.speedtest.pl\/wiadomosci\/wp-content\/uploads\/2020\/09\/Ericsson-agregacja-5G-FDDTDD-1086x420.jpg 1086w, https:\/\/www.speedtest.pl\/wiadomosci\/wp-content\/uploads\/2020\/09\/Ericsson-agregacja-5G-FDDTDD.jpg 1673w\" sizes=\"auto, (max-width: 1024px) 100vw, 1024px\" \/><\/figure><\/div>\n\n\n\n<p>To jednak nie wszystko. Okazuje si\u0119, \u017ce im wy\u017csza cz\u0119stotliwo\u015b\u0107, tym agregacja pasm daje wi\u0119cej korzy\u015bci. Dobrym przyk\u0142adem s\u0105 tutaj cz\u0119stotliwo\u015bci mmWave, kt\u00f3re charakteryzuj\u0105 si\u0119 niedu\u017cymi zasi\u0119gami. Jednak agregacja pasma z zakresu od 24 GHz do 40 GHz z dowolnym pasmem pojemno\u015bciowym mo\u017ce czterokrotnie zwi\u0119kszy\u0107 zasi\u0119g takiego rozwi\u0105zania.<\/p>\n\n\n\n<div class=\"wp-block-image\"><figure class=\"aligncenter size-large\"><img loading=\"lazy\" decoding=\"async\" width=\"1024\" height=\"396\" src=\"https:\/\/www.speedtest.pl\/wiadomosci\/wp-content\/uploads\/2020\/09\/Ericsson-agregacja-5G-mmWave-1024x396.jpg\" alt=\"Ericsson agregacja 5G mmWave\" class=\"wp-image-30220\" srcset=\"https:\/\/www.speedtest.pl\/wiadomosci\/wp-content\/uploads\/2020\/09\/Ericsson-agregacja-5G-mmWave-1024x396.jpg 1024w, https:\/\/www.speedtest.pl\/wiadomosci\/wp-content\/uploads\/2020\/09\/Ericsson-agregacja-5G-mmWave-300x116.jpg 300w, https:\/\/www.speedtest.pl\/wiadomosci\/wp-content\/uploads\/2020\/09\/Ericsson-agregacja-5G-mmWave-768x297.jpg 768w, https:\/\/www.speedtest.pl\/wiadomosci\/wp-content\/uploads\/2020\/09\/Ericsson-agregacja-5G-mmWave-1536x594.jpg 1536w, https:\/\/www.speedtest.pl\/wiadomosci\/wp-content\/uploads\/2020\/09\/Ericsson-agregacja-5G-mmWave-696x269.jpg 696w, https:\/\/www.speedtest.pl\/wiadomosci\/wp-content\/uploads\/2020\/09\/Ericsson-agregacja-5G-mmWave-1068x413.jpg 1068w, https:\/\/www.speedtest.pl\/wiadomosci\/wp-content\/uploads\/2020\/09\/Ericsson-agregacja-5G-mmWave-1086x420.jpg 1086w, https:\/\/www.speedtest.pl\/wiadomosci\/wp-content\/uploads\/2020\/09\/Ericsson-agregacja-5G-mmWave.jpg 1673w\" sizes=\"auto, (max-width: 1024px) 100vw, 1024px\" \/><\/figure><\/div>\n\n\n\n<h2 class=\"wp-block-heading\">Agregacja pasm w praktyce<\/h2>\n\n\n\n<p>Teoria stoj\u0105ca za agregacj\u0105 pasm cz\u0119stotliwo\u015bci jest do\u015b\u0107 prosta. Jest to po prostu technika, kt\u00f3ra pozwala pojedynczemu u\u017cytkownikowi na korzystaniu z kilku pasm cz\u0119stotliwo\u015bci jednocze\u015bnie. Dzi\u0119ki temu mo\u017ce on dysponowa\u0107 wi\u0119kszych porcji zasob\u00f3w radiowych oraz, jak si\u0119 teraz okazuje, lepszego zasi\u0119gu us\u0142ug szerokopasmowych. Jednak, \u017ceby by\u0142o to mo\u017cliwe, nie wystarczy, \u017ce operator poczyni inwestycje ze strony sieci. U\u017cytkownicy musz\u0105 r\u00f3wnie\u017c zacz\u0105\u0107 korzysta\u0107 z odpowiednich smartfon\u00f3w. Urz\u0105dzenia, kt\u00f3re s\u0105 dzi\u015b dost\u0119pne na rynku, nie oferuj\u0105 agregacji kilku pasm 5G. Sytuacj\u0119 zmieni\u0105 modele wyposa\u017cone w <a href=\"https:\/\/www.speedtest.pl\/wiadomosci\/sprzet\/qualcomm-snapdragon-x60-trzecia-generacja-modemow-5g-w-5-nm\/\">nowy modem Qualcomm Snapdragon X60<\/a>. Jednak b\u0119d\u0105 one dost\u0119pne dopiero na pocz\u0105tku przysz\u0142ego roku.<\/p>\n\n\n\n<p>Przy czym producenci stacji bazowych ju\u017c dzi\u015b testuj\u0105 nowe modemy i sprawdzaj\u0105 mo\u017cliwo\u015bci przysz\u0142ych rozwi\u0105za\u0144. <a href=\"https:\/\/www.qualcomm.com\/news\/releases\/2020\/08\/27\/qualcomm-and-ericsson-complete-world-first-interoperability-milestone-drive\" target=\"_blank\" rel=\"noreferrer noopener external nofollow\">Ericsson we wsp\u00f3\u0142pracy z Qualcommem<\/a> zagregowa\u0142 dwa bloki z pasma 2,5 GHz (TDD) w konfiguracji 100 MHz + 60 MHz. Przy konfiguracji przeznaczaj\u0105cej 70% ramek na downlink uzyskano pr\u0119dko\u015b\u0107 pobierania danych na poziomie 2,5 Gbit\/s. Opr\u00f3cz tego uda\u0142o si\u0119 zagregowa\u0107 blok o szeroko\u015bci 20 MHz z pasma 600 MHz (FDD) z blokiem 100 MHz z pasma 2,5 GHz (TDD). Jednak firmy nie poda\u0142y do informacji publicznej wynik\u00f3w test\u00f3w pr\u0119dko\u015bci takiego \u0142\u0105cza.<\/p>\n\n\n\n<p>Tego typu testy zapowiadaj\u0105 do\u015b\u0107 dobry scenariusz rozwoju sieci 5G. W Polsce zastosowanie znajdzie agregacja pasma C (od 3,4 GHz do 3,8 GHz) z dowolnym pasmem FDD (mo\u017ce by\u0107 to 800 MHz, czy nawet 2100 MHz). Opr\u00f3cz tego Polkomtel mo\u017ce by\u0107 zainteresowany agregacj\u0105 dw\u00f3ch pasm TDD (obecnego 2600 MHz z nowym blokiem z pasma C). Przy czym nie wiadomo, jak operatorzy podejd\u0105 do tego typu nowo\u015bci. Problem polega na tym, \u017ce jakakolwiek wymierna korzy\u015b\u0107 z takiej inwestycji zale\u017cy od naturalnego procesu wymiany smartfon\u00f3w na nowsze modele.<\/p>\n","protected":false},"excerpt":{"rendered":"<p>Sieci pi\u0105tej generacji pracuj\u0105ce w samodzielnej architekturze 5G SA (Standalone) przynios\u0105 nie tylko redukcj\u0119 op\u00f3\u017anie\u0144, ale r\u00f3wnie\u017c zapewni\u0105 szybsze pobieranie i zwi\u0119kszony zasi\u0119g pasm pojemno\u015bciowych. Mo\u017cliwe b\u0119dzie to dzi\u0119ki agregacji kilku pasm 5G. Ericsson i Qualcomm przetestowali ju\u017c takie rozwi\u0105zanie. Jednocze\u015bnie Ericsson zapowiedzia\u0142, \u017ce operatorzy b\u0119d\u0105 mogli wdro\u017cy\u0107 je w swoich sieciach ju\u017c na pocz\u0105tku [&hellip;]<\/p>\n","protected":false},"author":12,"featured_media":30221,"comment_status":"closed","ping_status":"open","sticky":false,"template":"","format":"standard","meta":{"jetpack_post_was_ever_published":false,"_jetpack_newsletter_access":"","_jetpack_dont_email_post_to_subs":false,"_jetpack_newsletter_tier_id":0,"_jetpack_memberships_contains_paywalled_content":false,"_jetpack_memberships_contains_paid_content":false,"footnotes":"","jetpack_publicize_message":"Agregacja pasm w sieciach 5G SA zwi\u0119kszy nie tylko pr\u0119dko\u015bci, ale poprawi r\u00f3wnie\u017c zasi\u0119g. Qualcomm i Ericsson sprawdzili to w praktyce.","jetpack_publicize_feature_enabled":true,"jetpack_social_post_already_shared":true,"jetpack_social_options":{"image_generator_settings":{"template":"highway","enabled":false},"version":2}},"categories":[2344,2016,57,253,5856],"tags":[143,2466,2572,1572,5632],"table_tags":[],"class_list":["post-30036","post","type-post","status-publish","format-standard","has-post-thumbnail","hentry","category-5g","category-esej","category-internet-mobilny","category-polecane","category-telekomunikacja","tag-5g","tag-agregacja-pasm","tag-ericsson","tag-qualcomm","tag-snapdragon-x60"],"jetpack_publicize_connections":[],"yoast_head":"<!-- This site is optimized with the Yoast SEO plugin v24.8.1 - https:\/\/yoast.com\/wordpress\/plugins\/seo\/ -->\n<title>Agregacja cz\u0119stotliwo\u015bci w sieciach 5G SA poprawi zasi\u0119g szybkich pasm<\/title>\n<meta name=\"description\" content=\"Agregacja pasm w sieciach 5G SA zwi\u0119kszy nie tylko pr\u0119dko\u015bci, ale poprawi r\u00f3wnie\u017c zasi\u0119g. Qualcomm i Ericsson sprawdzili to w praktyce.\" \/>\n<meta name=\"robots\" content=\"index, follow, max-snippet:-1, max-image-preview:large, max-video-preview:-1\" \/>\n<link rel=\"canonical\" href=\"https:\/\/www.speedtest.pl\/wiadomosci\/5g\/agregacja-czestotliwosci-w-sieciach-5g-sa-poprawi-zasieg-szybkich-pasm\/\" \/>\n<meta property=\"og:locale\" content=\"pl_PL\" \/>\n<meta property=\"og:type\" content=\"article\" \/>\n<meta property=\"og:title\" content=\"Agregacja cz\u0119stotliwo\u015bci w sieciach 5G SA poprawi zasi\u0119g szybkich pasm\" \/>\n<meta property=\"og:description\" content=\"Agregacja pasm w sieciach 5G SA zwi\u0119kszy nie tylko pr\u0119dko\u015bci, ale poprawi r\u00f3wnie\u017c zasi\u0119g. Qualcomm i Ericsson sprawdzili to w praktyce.\" \/>\n<meta property=\"og:url\" content=\"https:\/\/www.speedtest.pl\/wiadomosci\/5g\/agregacja-czestotliwosci-w-sieciach-5g-sa-poprawi-zasieg-szybkich-pasm\/\" \/>\n<meta property=\"og:site_name\" content=\"SpeedTest.pl Wiadomo\u015bci\" \/>\n<meta property=\"article:publisher\" content=\"https:\/\/www.facebook.com\/speedtestpl\/\" \/>\n<meta property=\"article:published_time\" content=\"2020-09-14T11:04:04+00:00\" \/>\n<meta property=\"article:modified_time\" content=\"2021-01-08T08:30:05+00:00\" \/>\n<meta property=\"og:image\" content=\"https:\/\/www.speedtest.pl\/wiadomosci\/wp-content\/uploads\/2020\/09\/Qualcomm-5G.jpg\" \/>\n\t<meta property=\"og:image:width\" content=\"1024\" \/>\n\t<meta property=\"og:image:height\" content=\"576\" \/>\n\t<meta property=\"og:image:type\" content=\"image\/jpeg\" \/>\n<meta name=\"author\" content=\"PJ\" \/>\n<meta name=\"twitter:card\" content=\"summary_large_image\" \/>\n<meta name=\"twitter:creator\" content=\"@speedtestpl\" \/>\n<meta name=\"twitter:site\" content=\"@speedtestpl\" \/>\n<meta name=\"twitter:label1\" content=\"Napisane przez\" \/>\n\t<meta name=\"twitter:data1\" content=\"PJ\" \/>\n\t<meta name=\"twitter:label2\" content=\"Szacowany czas czytania\" \/>\n\t<meta name=\"twitter:data2\" content=\"4 minuty\" \/>\n<script type=\"application\/ld+json\" class=\"yoast-schema-graph\">{\"@context\":\"https:\/\/schema.org\",\"@graph\":[{\"@type\":\"WebPage\",\"@id\":\"https:\/\/www.speedtest.pl\/wiadomosci\/5g\/agregacja-czestotliwosci-w-sieciach-5g-sa-poprawi-zasieg-szybkich-pasm\/\",\"url\":\"https:\/\/www.speedtest.pl\/wiadomosci\/5g\/agregacja-czestotliwosci-w-sieciach-5g-sa-poprawi-zasieg-szybkich-pasm\/\",\"name\":\"Agregacja cz\u0119stotliwo\u015bci w sieciach 5G SA poprawi zasi\u0119g szybkich pasm\",\"isPartOf\":{\"@id\":\"https:\/\/www.speedtest.pl\/wiadomosci\/#website\"},\"primaryImageOfPage\":{\"@id\":\"https:\/\/www.speedtest.pl\/wiadomosci\/5g\/agregacja-czestotliwosci-w-sieciach-5g-sa-poprawi-zasieg-szybkich-pasm\/#primaryimage\"},\"image\":{\"@id\":\"https:\/\/www.speedtest.pl\/wiadomosci\/5g\/agregacja-czestotliwosci-w-sieciach-5g-sa-poprawi-zasieg-szybkich-pasm\/#primaryimage\"},\"thumbnailUrl\":\"https:\/\/www.speedtest.pl\/wiadomosci\/wp-content\/uploads\/2020\/09\/Qualcomm-5G.jpg\",\"datePublished\":\"2020-09-14T11:04:04+00:00\",\"dateModified\":\"2021-01-08T08:30:05+00:00\",\"author\":{\"@id\":\"https:\/\/www.speedtest.pl\/wiadomosci\/#\/schema\/person\/1e51a1178096c8851f7d3ab0575726e4\"},\"description\":\"Agregacja pasm w sieciach 5G SA zwi\u0119kszy nie tylko pr\u0119dko\u015bci, ale poprawi r\u00f3wnie\u017c zasi\u0119g. Qualcomm i Ericsson sprawdzili to w praktyce.\",\"breadcrumb\":{\"@id\":\"https:\/\/www.speedtest.pl\/wiadomosci\/5g\/agregacja-czestotliwosci-w-sieciach-5g-sa-poprawi-zasieg-szybkich-pasm\/#breadcrumb\"},\"inLanguage\":\"pl-PL\",\"potentialAction\":[{\"@type\":\"ReadAction\",\"target\":[\"https:\/\/www.speedtest.pl\/wiadomosci\/5g\/agregacja-czestotliwosci-w-sieciach-5g-sa-poprawi-zasieg-szybkich-pasm\/\"]}]},{\"@type\":\"ImageObject\",\"inLanguage\":\"pl-PL\",\"@id\":\"https:\/\/www.speedtest.pl\/wiadomosci\/5g\/agregacja-czestotliwosci-w-sieciach-5g-sa-poprawi-zasieg-szybkich-pasm\/#primaryimage\",\"url\":\"https:\/\/www.speedtest.pl\/wiadomosci\/wp-content\/uploads\/2020\/09\/Qualcomm-5G.jpg\",\"contentUrl\":\"https:\/\/www.speedtest.pl\/wiadomosci\/wp-content\/uploads\/2020\/09\/Qualcomm-5G.jpg\",\"width\":1024,\"height\":576,\"caption\":\"Qualcomm 5G\"},{\"@type\":\"BreadcrumbList\",\"@id\":\"https:\/\/www.speedtest.pl\/wiadomosci\/5g\/agregacja-czestotliwosci-w-sieciach-5g-sa-poprawi-zasieg-szybkich-pasm\/#breadcrumb\",\"itemListElement\":[{\"@type\":\"ListItem\",\"position\":1,\"name\":\"Strona g\u0142\u00f3wna\",\"item\":\"https:\/\/www.speedtest.pl\/wiadomosci\/\"},{\"@type\":\"ListItem\",\"position\":2,\"name\":\"Agregacja cz\u0119stotliwo\u015bci w sieciach 5G SA poprawi zasi\u0119g szybkich pasm\"}]},{\"@type\":\"WebSite\",\"@id\":\"https:\/\/www.speedtest.pl\/wiadomosci\/#website\",\"url\":\"https:\/\/www.speedtest.pl\/wiadomosci\/\",\"name\":\"SpeedTest.pl Wiadomo\u015bci\",\"description\":\"Rankingi ISP, newsy i opinie ze \u015bwiata IT, recenzje sprz\u0119tu, gry, motoryzacja\",\"potentialAction\":[{\"@type\":\"SearchAction\",\"target\":{\"@type\":\"EntryPoint\",\"urlTemplate\":\"https:\/\/www.speedtest.pl\/wiadomosci\/?s={search_term_string}\"},\"query-input\":{\"@type\":\"PropertyValueSpecification\",\"valueRequired\":true,\"valueName\":\"search_term_string\"}}],\"inLanguage\":\"pl-PL\"},{\"@type\":\"Person\",\"@id\":\"https:\/\/www.speedtest.pl\/wiadomosci\/#\/schema\/person\/1e51a1178096c8851f7d3ab0575726e4\",\"name\":\"PJ\",\"image\":{\"@type\":\"ImageObject\",\"inLanguage\":\"pl-PL\",\"@id\":\"https:\/\/www.speedtest.pl\/wiadomosci\/#\/schema\/person\/image\/\",\"url\":\"https:\/\/www.speedtest.pl\/wiadomosci\/wp-content\/uploads\/2018\/01\/AAEAAQAAAAAAAAk2AAAAJDNhNWRlODdhLWY3MjYtNGFjNC04MzY1LTI1Zjc4NmI4YmE0OQ-150x150.jpg\",\"contentUrl\":\"https:\/\/www.speedtest.pl\/wiadomosci\/wp-content\/uploads\/2018\/01\/AAEAAQAAAAAAAAk2AAAAJDNhNWRlODdhLWY3MjYtNGFjNC04MzY1LTI1Zjc4NmI4YmE0OQ-150x150.jpg\",\"caption\":\"PJ\"},\"description\":\"Przemek jest m\u00f3zgiem operacyjnym SpeedTest.pl. Studiowa\u0142 na Politechnice Wroc\u0142awskiej elektronik\u0119 i telekomunikacj\u0119. Zarz\u0105dza projektami IT, relacjami z klientami oraz nadzoruje procesy rozwoju. Prywatnie zaanga\u017cowany w rodzin\u0119, wsparcie r\u00f3\u017cnych dzia\u0142alno\u015bci charytatywnych i projekty ekstremalne.\",\"url\":\"https:\/\/www.speedtest.pl\/wiadomosci\/author\/przemek\/\"}]}<\/script>\n<!-- \/ Yoast SEO plugin. -->","yoast_head_json":{"title":"Agregacja cz\u0119stotliwo\u015bci w sieciach 5G SA poprawi zasi\u0119g szybkich pasm","description":"Agregacja pasm w sieciach 5G SA zwi\u0119kszy nie tylko pr\u0119dko\u015bci, ale poprawi r\u00f3wnie\u017c zasi\u0119g. Qualcomm i Ericsson sprawdzili to w praktyce.","robots":{"index":"index","follow":"follow","max-snippet":"max-snippet:-1","max-image-preview":"max-image-preview:large","max-video-preview":"max-video-preview:-1"},"canonical":"https:\/\/www.speedtest.pl\/wiadomosci\/5g\/agregacja-czestotliwosci-w-sieciach-5g-sa-poprawi-zasieg-szybkich-pasm\/","og_locale":"pl_PL","og_type":"article","og_title":"Agregacja cz\u0119stotliwo\u015bci w sieciach 5G SA poprawi zasi\u0119g szybkich pasm","og_description":"Agregacja pasm w sieciach 5G SA zwi\u0119kszy nie tylko pr\u0119dko\u015bci, ale poprawi r\u00f3wnie\u017c zasi\u0119g. Qualcomm i Ericsson sprawdzili to w praktyce.","og_url":"https:\/\/www.speedtest.pl\/wiadomosci\/5g\/agregacja-czestotliwosci-w-sieciach-5g-sa-poprawi-zasieg-szybkich-pasm\/","og_site_name":"SpeedTest.pl Wiadomo\u015bci","article_publisher":"https:\/\/www.facebook.com\/speedtestpl\/","article_published_time":"2020-09-14T11:04:04+00:00","article_modified_time":"2021-01-08T08:30:05+00:00","og_image":[{"width":1024,"height":576,"url":"https:\/\/www.speedtest.pl\/wiadomosci\/wp-content\/uploads\/2020\/09\/Qualcomm-5G.jpg","type":"image\/jpeg"}],"author":"PJ","twitter_card":"summary_large_image","twitter_creator":"@speedtestpl","twitter_site":"@speedtestpl","twitter_misc":{"Napisane przez":"PJ","Szacowany czas czytania":"4 minuty"},"schema":{"@context":"https:\/\/schema.org","@graph":[{"@type":"WebPage","@id":"https:\/\/www.speedtest.pl\/wiadomosci\/5g\/agregacja-czestotliwosci-w-sieciach-5g-sa-poprawi-zasieg-szybkich-pasm\/","url":"https:\/\/www.speedtest.pl\/wiadomosci\/5g\/agregacja-czestotliwosci-w-sieciach-5g-sa-poprawi-zasieg-szybkich-pasm\/","name":"Agregacja cz\u0119stotliwo\u015bci w sieciach 5G SA poprawi zasi\u0119g szybkich pasm","isPartOf":{"@id":"https:\/\/www.speedtest.pl\/wiadomosci\/#website"},"primaryImageOfPage":{"@id":"https:\/\/www.speedtest.pl\/wiadomosci\/5g\/agregacja-czestotliwosci-w-sieciach-5g-sa-poprawi-zasieg-szybkich-pasm\/#primaryimage"},"image":{"@id":"https:\/\/www.speedtest.pl\/wiadomosci\/5g\/agregacja-czestotliwosci-w-sieciach-5g-sa-poprawi-zasieg-szybkich-pasm\/#primaryimage"},"thumbnailUrl":"https:\/\/www.speedtest.pl\/wiadomosci\/wp-content\/uploads\/2020\/09\/Qualcomm-5G.jpg","datePublished":"2020-09-14T11:04:04+00:00","dateModified":"2021-01-08T08:30:05+00:00","author":{"@id":"https:\/\/www.speedtest.pl\/wiadomosci\/#\/schema\/person\/1e51a1178096c8851f7d3ab0575726e4"},"description":"Agregacja pasm w sieciach 5G SA zwi\u0119kszy nie tylko pr\u0119dko\u015bci, ale poprawi r\u00f3wnie\u017c zasi\u0119g. Qualcomm i Ericsson sprawdzili to w praktyce.","breadcrumb":{"@id":"https:\/\/www.speedtest.pl\/wiadomosci\/5g\/agregacja-czestotliwosci-w-sieciach-5g-sa-poprawi-zasieg-szybkich-pasm\/#breadcrumb"},"inLanguage":"pl-PL","potentialAction":[{"@type":"ReadAction","target":["https:\/\/www.speedtest.pl\/wiadomosci\/5g\/agregacja-czestotliwosci-w-sieciach-5g-sa-poprawi-zasieg-szybkich-pasm\/"]}]},{"@type":"ImageObject","inLanguage":"pl-PL","@id":"https:\/\/www.speedtest.pl\/wiadomosci\/5g\/agregacja-czestotliwosci-w-sieciach-5g-sa-poprawi-zasieg-szybkich-pasm\/#primaryimage","url":"https:\/\/www.speedtest.pl\/wiadomosci\/wp-content\/uploads\/2020\/09\/Qualcomm-5G.jpg","contentUrl":"https:\/\/www.speedtest.pl\/wiadomosci\/wp-content\/uploads\/2020\/09\/Qualcomm-5G.jpg","width":1024,"height":576,"caption":"Qualcomm 5G"},{"@type":"BreadcrumbList","@id":"https:\/\/www.speedtest.pl\/wiadomosci\/5g\/agregacja-czestotliwosci-w-sieciach-5g-sa-poprawi-zasieg-szybkich-pasm\/#breadcrumb","itemListElement":[{"@type":"ListItem","position":1,"name":"Strona g\u0142\u00f3wna","item":"https:\/\/www.speedtest.pl\/wiadomosci\/"},{"@type":"ListItem","position":2,"name":"Agregacja cz\u0119stotliwo\u015bci w sieciach 5G SA poprawi zasi\u0119g szybkich pasm"}]},{"@type":"WebSite","@id":"https:\/\/www.speedtest.pl\/wiadomosci\/#website","url":"https:\/\/www.speedtest.pl\/wiadomosci\/","name":"SpeedTest.pl Wiadomo\u015bci","description":"Rankingi ISP, newsy i opinie ze \u015bwiata IT, recenzje sprz\u0119tu, gry, motoryzacja","potentialAction":[{"@type":"SearchAction","target":{"@type":"EntryPoint","urlTemplate":"https:\/\/www.speedtest.pl\/wiadomosci\/?s={search_term_string}"},"query-input":{"@type":"PropertyValueSpecification","valueRequired":true,"valueName":"search_term_string"}}],"inLanguage":"pl-PL"},{"@type":"Person","@id":"https:\/\/www.speedtest.pl\/wiadomosci\/#\/schema\/person\/1e51a1178096c8851f7d3ab0575726e4","name":"PJ","image":{"@type":"ImageObject","inLanguage":"pl-PL","@id":"https:\/\/www.speedtest.pl\/wiadomosci\/#\/schema\/person\/image\/","url":"https:\/\/www.speedtest.pl\/wiadomosci\/wp-content\/uploads\/2018\/01\/AAEAAQAAAAAAAAk2AAAAJDNhNWRlODdhLWY3MjYtNGFjNC04MzY1LTI1Zjc4NmI4YmE0OQ-150x150.jpg","contentUrl":"https:\/\/www.speedtest.pl\/wiadomosci\/wp-content\/uploads\/2018\/01\/AAEAAQAAAAAAAAk2AAAAJDNhNWRlODdhLWY3MjYtNGFjNC04MzY1LTI1Zjc4NmI4YmE0OQ-150x150.jpg","caption":"PJ"},"description":"Przemek jest m\u00f3zgiem operacyjnym SpeedTest.pl. Studiowa\u0142 na Politechnice Wroc\u0142awskiej elektronik\u0119 i telekomunikacj\u0119. Zarz\u0105dza projektami IT, relacjami z klientami oraz nadzoruje procesy rozwoju. Prywatnie zaanga\u017cowany w rodzin\u0119, wsparcie r\u00f3\u017cnych dzia\u0142alno\u015bci charytatywnych i projekty ekstremalne.","url":"https:\/\/www.speedtest.pl\/wiadomosci\/author\/przemek\/"}]}},"jetpack_featured_media_url":"https:\/\/www.speedtest.pl\/wiadomosci\/wp-content\/uploads\/2020\/09\/Qualcomm-5G.jpg","jetpack_sharing_enabled":true,"jetpack_shortlink":"https:\/\/wp.me\/p85ce0-7Os","_links":{"self":[{"href":"https:\/\/www.speedtest.pl\/wiadomosci\/wp-json\/wp\/v2\/posts\/30036","targetHints":{"allow":["GET"]}}],"collection":[{"href":"https:\/\/www.speedtest.pl\/wiadomosci\/wp-json\/wp\/v2\/posts"}],"about":[{"href":"https:\/\/www.speedtest.pl\/wiadomosci\/wp-json\/wp\/v2\/types\/post"}],"author":[{"embeddable":true,"href":"https:\/\/www.speedtest.pl\/wiadomosci\/wp-json\/wp\/v2\/users\/12"}],"replies":[{"embeddable":true,"href":"https:\/\/www.speedtest.pl\/wiadomosci\/wp-json\/wp\/v2\/comments?post=30036"}],"version-history":[{"count":3,"href":"https:\/\/www.speedtest.pl\/wiadomosci\/wp-json\/wp\/v2\/posts\/30036\/revisions"}],"predecessor-version":[{"id":30222,"href":"https:\/\/www.speedtest.pl\/wiadomosci\/wp-json\/wp\/v2\/posts\/30036\/revisions\/30222"}],"wp:featuredmedia":[{"embeddable":true,"href":"https:\/\/www.speedtest.pl\/wiadomosci\/wp-json\/wp\/v2\/media\/30221"}],"wp:attachment":[{"href":"https:\/\/www.speedtest.pl\/wiadomosci\/wp-json\/wp\/v2\/media?parent=30036"}],"wp:term":[{"taxonomy":"category","embeddable":true,"href":"https:\/\/www.speedtest.pl\/wiadomosci\/wp-json\/wp\/v2\/categories?post=30036"},{"taxonomy":"post_tag","embeddable":true,"href":"https:\/\/www.speedtest.pl\/wiadomosci\/wp-json\/wp\/v2\/tags?post=30036"},{"taxonomy":"table_tags","embeddable":true,"href":"https:\/\/www.speedtest.pl\/wiadomosci\/wp-json\/wp\/v2\/table_tags?post=30036"}],"curies":[{"name":"wp","href":"https:\/\/api.w.org\/{rel}","templated":true}]}}