{"id":29382,"date":"2020-07-20T20:11:28","date_gmt":"2020-07-20T18:11:28","guid":{"rendered":"https:\/\/www.speedtest.pl\/wiadomosci\/?p=29382"},"modified":"2020-07-20T20:11:29","modified_gmt":"2020-07-20T18:11:29","slug":"uke-konsultacje-pasmo-26-ghz-dla-sieci-5g-mmwave","status":"publish","type":"post","link":"https:\/\/www.speedtest.pl\/wiadomosci\/5g\/uke-konsultacje-pasmo-26-ghz-dla-sieci-5g-mmwave\/","title":{"rendered":"UKE rozpocz\u0119\u0142o konsultacje ws. pasma 26 GHz dla sieci 5G mmWave"},"content":{"rendered":"\n<p><strong>Urz\u0105d Komunikacji Elektronicznej rozpocz\u0105\u0142 konsultacje, kt\u00f3re s\u0105 skierowane do operator\u00f3w, w sprawie wykorzystania pasma 26 GHz dla sieci 5G mmWave. Tak, chodzi tutaj o te cz\u0119stotliwo\u015bci, kt\u00f3re zapewni\u0105 gigantyczny wzrost pr\u0119dko\u015bci pobierania danych, a jednocze\u015bnie utrudniaj\u0105 budow\u0119 sieci z powodu ograniczonego zasi\u0119gu. Dlatego UKE chce si\u0119 dowiedzie\u0107, jak operatorzy wyobra\u017caj\u0105 sobie korzystanie z tego zasobu.<\/strong><\/p>\n\n\n\n<p>Sukces we wdra\u017caniu nowych rozwi\u0105za\u0144 telekomunikacyjnych zale\u017cy w du\u017cej mierze od dialogu pomi\u0119dzy operatorami i regulatorem, czyli Urz\u0119dem Komunikacji Elektronicznej. Przy dotychczasowych przetargach na cz\u0119stotliwo\u015bci by\u0142o wiadomo, jak b\u0119d\u0105 one wykorzystywane przez operator\u00f3w. R\u00f3\u017cnice zda\u0144 sprowadza\u0142y si\u0119 jedynie co do szeroko\u015bci kana\u0142\u00f3w, czy te\u017c sposobu dystrybucji poszczeg\u00f3lnych pasm. Jednak w przypadku <a href=\"https:\/\/www.speedtest.pl\/wiadomosci\/5g\/polska-5g-26-ghz\/\">pasma 26 GHz<\/a> pojawia si\u0119 pytanie dotycz\u0105ce tego, jak operatorzy chc\u0105 z niego korzysta\u0107. Prawda jest taka, \u017ce bez zrozumienia zapotrzebowania i scenariuszy biznesowych Prezes UKE nie jest w stanie zaplanowa\u0107 post\u0119powania dystrybucyjnego, kt\u00f3re spotka si\u0119 z zainteresowaniem operator\u00f3w. Organizacja takiego przedsi\u0119wzi\u0119cia nie mia\u0142aby najmniejszego sensu. Dlatego te\u017c najpierw potrzebne s\u0105 konsultacje.<\/p>\n\n\n\n<h2 class=\"wp-block-heading\">UKE pyta operator\u00f3w, jak i kiedy chc\u0105 zacz\u0105\u0107 korzysta\u0107 z pasm dla sieci 5G mmWave<\/h2>\n\n\n\n<p>Pasma milimetrowe, czyli m.in. 26 GHz, charakteryzuj\u0105 si\u0119 szerokimi kana\u0142ami radiowymi, co daje du\u017c\u0105 pojemno\u015b\u0107 i ultraszybkie transfery danych, oraz kr\u00f3tkimi zasi\u0119gami. Na \u015bwiecie mo\u017cna zaobserwowa\u0107 kilka trend\u00f3w zwi\u0105zanych z korzystaj\u0105cych z nich sieci 5G mmWave. Mo\u017cna z nich skorzysta\u0107 m.in. do zwi\u0119kszenia pojemno\u015bci sieci w miejscach, gdzie wyst\u0119puje najwi\u0119ksze zapotrzebowanie na ruch mobilny, czy te\u017c do \u015bwiadczenia stacjonarnego bezprzewodowego dost\u0119pu do Internetu (tzw. FWA, czyli Fixed Wireless Access).<\/p>\n\n\n\n<p>Dlatego te\u017c UKE <a href=\"https:\/\/uke.gov.pl\/akt\/konsultacje-w-sprawie-wykorzystania-pasma-26-ghz-oraz-innych-pasm-milimetrowych,341.html\" target=\"_blank\" aria-label=\"undefined (opens in a new tab)\" rel=\"noreferrer noopener external nofollow\">przygotowa\u0142o 20 pyta\u0144<\/a>, kt\u00f3re poruszaj\u0105 nast\u0119puj\u0105ce kwestie:<\/p>\n\n\n\n<ul class=\"wp-block-list\"><li>termin rozdysponowania pasma 26 GHz i startu komercyjnych us\u0142ug,<\/li><li>rodzaj planowanych us\u0142ug (np. dost\u0119p mobilny lub stacjonarny),<\/li><li>miejsca, w kt\u00f3rym by\u0142yby wykorzystywane pasma milimetrowe,<\/li><li>spos\u00f3b rozmieszczania stacji bazowych, tj. czy by\u0142yby to pojedyncze nadajniki, klastry, z mo\u017ce siatki pokrywaj\u0105ce zasi\u0119giem okre\u015blony obszar (np. ca\u0142\u0105 gmin\u0119),<\/li><li>po\u017c\u0105dana wielko\u015b\u0107 zasobu radiowego przypisanego dla pojedynczego operatora,<\/li><li>gospodarka widmowa oraz wsp\u00f3\u0142dzielenie pasm milimetrowych z innymi s\u0142u\u017cbami,<\/li><li>potencjalne zastosowanie pasma 28 GHz i innych cz\u0119stotliwo\u015bci milimetrowych.<\/li><\/ul>\n\n\n\n<p>Ponadto pojawi\u0142o si\u0119 pytanie podnosz\u0105ce kwesti\u0119 wymagania wydawania pozwole\u0144 radiowych dla stacji bazowych ma\u0142ej mocy typu small cells. Najprawdopodobniej wynika ono z ostatniego rozporz\u0105dzenia Komisji Europejskiej, kt\u00f3rego zamiarem jest ograniczenia wymog\u00f3w formalnych potrzebnych do uruchomienia tego typu nadajnik\u00f3w.<\/p>\n\n\n\n<p>Odpowiedzi na opublikowane na stronie UKE pytania nale\u017cy przesy\u0142a\u0107 w wersji elektronicznej do dnia 31 lipca 2020 r., na adres:\u00a0<a href=\"mailto:dc.konsultacje@uke.gov.pl\">dc.konsultacje@uke.gov.pl<\/a>.<\/p>\n","protected":false},"excerpt":{"rendered":"<p>Urz\u0105d Komunikacji Elektronicznej rozpocz\u0105\u0142 konsultacje, kt\u00f3re s\u0105 skierowane do operator\u00f3w, w sprawie wykorzystania pasma 26 GHz dla sieci 5G mmWave. Tak, chodzi tutaj o te cz\u0119stotliwo\u015bci, kt\u00f3re zapewni\u0105 gigantyczny wzrost pr\u0119dko\u015bci pobierania danych, a jednocze\u015bnie utrudniaj\u0105 budow\u0119 sieci z powodu ograniczonego zasi\u0119gu. Dlatego UKE chce si\u0119 dowiedzie\u0107, jak operatorzy wyobra\u017caj\u0105 sobie korzystanie z tego zasobu. [&hellip;]<\/p>\n","protected":false},"author":12,"featured_media":25012,"comment_status":"closed","ping_status":"open","sticky":false,"template":"","format":"standard","meta":{"jetpack_post_was_ever_published":false,"_jetpack_newsletter_access":"","_jetpack_dont_email_post_to_subs":false,"_jetpack_newsletter_tier_id":0,"_jetpack_memberships_contains_paywalled_content":false,"_jetpack_memberships_contains_paid_content":false,"footnotes":"","jetpack_publicize_message":"","jetpack_publicize_feature_enabled":true,"jetpack_social_post_already_shared":true,"jetpack_social_options":{"image_generator_settings":{"template":"highway","enabled":false},"version":2}},"categories":[2344,57,5856],"tags":[5023,143,2425,6083,3019,19,387,818],"table_tags":[],"class_list":["post-29382","post","type-post","status-publish","format-standard","has-post-thumbnail","hentry","category-5g","category-internet-mobilny","category-telekomunikacja","tag-26-ghz","tag-5g","tag-czestotliwosc","tag-konsultacje","tag-mmwave","tag-pasmo","tag-polska","tag-uke"],"jetpack_publicize_connections":[],"yoast_head":"<!-- This site is optimized with the Yoast SEO plugin v24.8.1 - https:\/\/yoast.com\/wordpress\/plugins\/seo\/ -->\n<title>UKE rozpocz\u0119\u0142o konsultacje ws. pasma 26 GHz dla sieci 5G mmWave<\/title>\n<meta name=\"description\" content=\"Urz\u0105d Komunikacji Elektronicznej rozpocz\u0105\u0142 konsultacje, kt\u00f3re s\u0105 skierowane do operator\u00f3w, w sprawie wykorzystania pasma 26 GHz dla sieci 5G mmWave.\" \/>\n<meta name=\"robots\" content=\"index, follow, max-snippet:-1, max-image-preview:large, max-video-preview:-1\" \/>\n<link rel=\"canonical\" href=\"https:\/\/www.speedtest.pl\/wiadomosci\/5g\/uke-konsultacje-pasmo-26-ghz-dla-sieci-5g-mmwave\/\" \/>\n<meta property=\"og:locale\" content=\"pl_PL\" \/>\n<meta property=\"og:type\" content=\"article\" \/>\n<meta property=\"og:title\" content=\"UKE rozpocz\u0119\u0142o konsultacje ws. pasma 26 GHz dla sieci 5G mmWave\" \/>\n<meta property=\"og:description\" content=\"Urz\u0105d Komunikacji Elektronicznej rozpocz\u0105\u0142 konsultacje, kt\u00f3re s\u0105 skierowane do operator\u00f3w, w sprawie wykorzystania pasma 26 GHz dla sieci 5G mmWave.\" \/>\n<meta property=\"og:url\" content=\"https:\/\/www.speedtest.pl\/wiadomosci\/5g\/uke-konsultacje-pasmo-26-ghz-dla-sieci-5g-mmwave\/\" \/>\n<meta property=\"og:site_name\" content=\"SpeedTest.pl Wiadomo\u015bci\" \/>\n<meta property=\"article:publisher\" content=\"https:\/\/www.facebook.com\/speedtestpl\/\" \/>\n<meta property=\"article:published_time\" content=\"2020-07-20T18:11:28+00:00\" \/>\n<meta property=\"article:modified_time\" content=\"2020-07-20T18:11:29+00:00\" \/>\n<meta property=\"og:image\" content=\"https:\/\/www.speedtest.pl\/wiadomosci\/wp-content\/uploads\/2019\/09\/UKE.jpg\" \/>\n\t<meta property=\"og:image:width\" content=\"1024\" \/>\n\t<meta property=\"og:image:height\" content=\"576\" \/>\n\t<meta property=\"og:image:type\" content=\"image\/jpeg\" \/>\n<meta name=\"author\" content=\"PJ\" \/>\n<meta name=\"twitter:card\" content=\"summary_large_image\" \/>\n<meta name=\"twitter:creator\" content=\"@speedtestpl\" \/>\n<meta name=\"twitter:site\" content=\"@speedtestpl\" \/>\n<meta name=\"twitter:label1\" content=\"Napisane przez\" \/>\n\t<meta name=\"twitter:data1\" content=\"PJ\" \/>\n\t<meta name=\"twitter:label2\" content=\"Szacowany czas czytania\" \/>\n\t<meta name=\"twitter:data2\" content=\"2 minuty\" \/>\n<script type=\"application\/ld+json\" class=\"yoast-schema-graph\">{\"@context\":\"https:\/\/schema.org\",\"@graph\":[{\"@type\":\"WebPage\",\"@id\":\"https:\/\/www.speedtest.pl\/wiadomosci\/5g\/uke-konsultacje-pasmo-26-ghz-dla-sieci-5g-mmwave\/\",\"url\":\"https:\/\/www.speedtest.pl\/wiadomosci\/5g\/uke-konsultacje-pasmo-26-ghz-dla-sieci-5g-mmwave\/\",\"name\":\"UKE rozpocz\u0119\u0142o konsultacje ws. pasma 26 GHz dla sieci 5G mmWave\",\"isPartOf\":{\"@id\":\"https:\/\/www.speedtest.pl\/wiadomosci\/#website\"},\"primaryImageOfPage\":{\"@id\":\"https:\/\/www.speedtest.pl\/wiadomosci\/5g\/uke-konsultacje-pasmo-26-ghz-dla-sieci-5g-mmwave\/#primaryimage\"},\"image\":{\"@id\":\"https:\/\/www.speedtest.pl\/wiadomosci\/5g\/uke-konsultacje-pasmo-26-ghz-dla-sieci-5g-mmwave\/#primaryimage\"},\"thumbnailUrl\":\"https:\/\/www.speedtest.pl\/wiadomosci\/wp-content\/uploads\/2019\/09\/UKE.jpg\",\"datePublished\":\"2020-07-20T18:11:28+00:00\",\"dateModified\":\"2020-07-20T18:11:29+00:00\",\"author\":{\"@id\":\"https:\/\/www.speedtest.pl\/wiadomosci\/#\/schema\/person\/1e51a1178096c8851f7d3ab0575726e4\"},\"description\":\"Urz\u0105d Komunikacji Elektronicznej rozpocz\u0105\u0142 konsultacje, kt\u00f3re s\u0105 skierowane do operator\u00f3w, w sprawie wykorzystania pasma 26 GHz dla sieci 5G mmWave.\",\"breadcrumb\":{\"@id\":\"https:\/\/www.speedtest.pl\/wiadomosci\/5g\/uke-konsultacje-pasmo-26-ghz-dla-sieci-5g-mmwave\/#breadcrumb\"},\"inLanguage\":\"pl-PL\",\"potentialAction\":[{\"@type\":\"ReadAction\",\"target\":[\"https:\/\/www.speedtest.pl\/wiadomosci\/5g\/uke-konsultacje-pasmo-26-ghz-dla-sieci-5g-mmwave\/\"]}]},{\"@type\":\"ImageObject\",\"inLanguage\":\"pl-PL\",\"@id\":\"https:\/\/www.speedtest.pl\/wiadomosci\/5g\/uke-konsultacje-pasmo-26-ghz-dla-sieci-5g-mmwave\/#primaryimage\",\"url\":\"https:\/\/www.speedtest.pl\/wiadomosci\/wp-content\/uploads\/2019\/09\/UKE.jpg\",\"contentUrl\":\"https:\/\/www.speedtest.pl\/wiadomosci\/wp-content\/uploads\/2019\/09\/UKE.jpg\",\"width\":1024,\"height\":576,\"caption\":\"UKE\"},{\"@type\":\"BreadcrumbList\",\"@id\":\"https:\/\/www.speedtest.pl\/wiadomosci\/5g\/uke-konsultacje-pasmo-26-ghz-dla-sieci-5g-mmwave\/#breadcrumb\",\"itemListElement\":[{\"@type\":\"ListItem\",\"position\":1,\"name\":\"Strona g\u0142\u00f3wna\",\"item\":\"https:\/\/www.speedtest.pl\/wiadomosci\/\"},{\"@type\":\"ListItem\",\"position\":2,\"name\":\"UKE rozpocz\u0119\u0142o konsultacje ws. pasma 26 GHz dla sieci 5G mmWave\"}]},{\"@type\":\"WebSite\",\"@id\":\"https:\/\/www.speedtest.pl\/wiadomosci\/#website\",\"url\":\"https:\/\/www.speedtest.pl\/wiadomosci\/\",\"name\":\"SpeedTest.pl Wiadomo\u015bci\",\"description\":\"Rankingi ISP, newsy i opinie ze \u015bwiata IT, recenzje sprz\u0119tu, gry, motoryzacja\",\"potentialAction\":[{\"@type\":\"SearchAction\",\"target\":{\"@type\":\"EntryPoint\",\"urlTemplate\":\"https:\/\/www.speedtest.pl\/wiadomosci\/?s={search_term_string}\"},\"query-input\":{\"@type\":\"PropertyValueSpecification\",\"valueRequired\":true,\"valueName\":\"search_term_string\"}}],\"inLanguage\":\"pl-PL\"},{\"@type\":\"Person\",\"@id\":\"https:\/\/www.speedtest.pl\/wiadomosci\/#\/schema\/person\/1e51a1178096c8851f7d3ab0575726e4\",\"name\":\"PJ\",\"image\":{\"@type\":\"ImageObject\",\"inLanguage\":\"pl-PL\",\"@id\":\"https:\/\/www.speedtest.pl\/wiadomosci\/#\/schema\/person\/image\/\",\"url\":\"https:\/\/www.speedtest.pl\/wiadomosci\/wp-content\/uploads\/2018\/01\/AAEAAQAAAAAAAAk2AAAAJDNhNWRlODdhLWY3MjYtNGFjNC04MzY1LTI1Zjc4NmI4YmE0OQ-150x150.jpg\",\"contentUrl\":\"https:\/\/www.speedtest.pl\/wiadomosci\/wp-content\/uploads\/2018\/01\/AAEAAQAAAAAAAAk2AAAAJDNhNWRlODdhLWY3MjYtNGFjNC04MzY1LTI1Zjc4NmI4YmE0OQ-150x150.jpg\",\"caption\":\"PJ\"},\"description\":\"Przemek jest m\u00f3zgiem operacyjnym SpeedTest.pl. Studiowa\u0142 na Politechnice Wroc\u0142awskiej elektronik\u0119 i telekomunikacj\u0119. Zarz\u0105dza projektami IT, relacjami z klientami oraz nadzoruje procesy rozwoju. Prywatnie zaanga\u017cowany w rodzin\u0119, wsparcie r\u00f3\u017cnych dzia\u0142alno\u015bci charytatywnych i projekty ekstremalne.\",\"url\":\"https:\/\/www.speedtest.pl\/wiadomosci\/author\/przemek\/\"}]}<\/script>\n<!-- \/ Yoast SEO plugin. -->","yoast_head_json":{"title":"UKE rozpocz\u0119\u0142o konsultacje ws. pasma 26 GHz dla sieci 5G mmWave","description":"Urz\u0105d Komunikacji Elektronicznej rozpocz\u0105\u0142 konsultacje, kt\u00f3re s\u0105 skierowane do operator\u00f3w, w sprawie wykorzystania pasma 26 GHz dla sieci 5G mmWave.","robots":{"index":"index","follow":"follow","max-snippet":"max-snippet:-1","max-image-preview":"max-image-preview:large","max-video-preview":"max-video-preview:-1"},"canonical":"https:\/\/www.speedtest.pl\/wiadomosci\/5g\/uke-konsultacje-pasmo-26-ghz-dla-sieci-5g-mmwave\/","og_locale":"pl_PL","og_type":"article","og_title":"UKE rozpocz\u0119\u0142o konsultacje ws. pasma 26 GHz dla sieci 5G mmWave","og_description":"Urz\u0105d Komunikacji Elektronicznej rozpocz\u0105\u0142 konsultacje, kt\u00f3re s\u0105 skierowane do operator\u00f3w, w sprawie wykorzystania pasma 26 GHz dla sieci 5G mmWave.","og_url":"https:\/\/www.speedtest.pl\/wiadomosci\/5g\/uke-konsultacje-pasmo-26-ghz-dla-sieci-5g-mmwave\/","og_site_name":"SpeedTest.pl Wiadomo\u015bci","article_publisher":"https:\/\/www.facebook.com\/speedtestpl\/","article_published_time":"2020-07-20T18:11:28+00:00","article_modified_time":"2020-07-20T18:11:29+00:00","og_image":[{"width":1024,"height":576,"url":"https:\/\/www.speedtest.pl\/wiadomosci\/wp-content\/uploads\/2019\/09\/UKE.jpg","type":"image\/jpeg"}],"author":"PJ","twitter_card":"summary_large_image","twitter_creator":"@speedtestpl","twitter_site":"@speedtestpl","twitter_misc":{"Napisane przez":"PJ","Szacowany czas czytania":"2 minuty"},"schema":{"@context":"https:\/\/schema.org","@graph":[{"@type":"WebPage","@id":"https:\/\/www.speedtest.pl\/wiadomosci\/5g\/uke-konsultacje-pasmo-26-ghz-dla-sieci-5g-mmwave\/","url":"https:\/\/www.speedtest.pl\/wiadomosci\/5g\/uke-konsultacje-pasmo-26-ghz-dla-sieci-5g-mmwave\/","name":"UKE rozpocz\u0119\u0142o konsultacje ws. pasma 26 GHz dla sieci 5G mmWave","isPartOf":{"@id":"https:\/\/www.speedtest.pl\/wiadomosci\/#website"},"primaryImageOfPage":{"@id":"https:\/\/www.speedtest.pl\/wiadomosci\/5g\/uke-konsultacje-pasmo-26-ghz-dla-sieci-5g-mmwave\/#primaryimage"},"image":{"@id":"https:\/\/www.speedtest.pl\/wiadomosci\/5g\/uke-konsultacje-pasmo-26-ghz-dla-sieci-5g-mmwave\/#primaryimage"},"thumbnailUrl":"https:\/\/www.speedtest.pl\/wiadomosci\/wp-content\/uploads\/2019\/09\/UKE.jpg","datePublished":"2020-07-20T18:11:28+00:00","dateModified":"2020-07-20T18:11:29+00:00","author":{"@id":"https:\/\/www.speedtest.pl\/wiadomosci\/#\/schema\/person\/1e51a1178096c8851f7d3ab0575726e4"},"description":"Urz\u0105d Komunikacji Elektronicznej rozpocz\u0105\u0142 konsultacje, kt\u00f3re s\u0105 skierowane do operator\u00f3w, w sprawie wykorzystania pasma 26 GHz dla sieci 5G mmWave.","breadcrumb":{"@id":"https:\/\/www.speedtest.pl\/wiadomosci\/5g\/uke-konsultacje-pasmo-26-ghz-dla-sieci-5g-mmwave\/#breadcrumb"},"inLanguage":"pl-PL","potentialAction":[{"@type":"ReadAction","target":["https:\/\/www.speedtest.pl\/wiadomosci\/5g\/uke-konsultacje-pasmo-26-ghz-dla-sieci-5g-mmwave\/"]}]},{"@type":"ImageObject","inLanguage":"pl-PL","@id":"https:\/\/www.speedtest.pl\/wiadomosci\/5g\/uke-konsultacje-pasmo-26-ghz-dla-sieci-5g-mmwave\/#primaryimage","url":"https:\/\/www.speedtest.pl\/wiadomosci\/wp-content\/uploads\/2019\/09\/UKE.jpg","contentUrl":"https:\/\/www.speedtest.pl\/wiadomosci\/wp-content\/uploads\/2019\/09\/UKE.jpg","width":1024,"height":576,"caption":"UKE"},{"@type":"BreadcrumbList","@id":"https:\/\/www.speedtest.pl\/wiadomosci\/5g\/uke-konsultacje-pasmo-26-ghz-dla-sieci-5g-mmwave\/#breadcrumb","itemListElement":[{"@type":"ListItem","position":1,"name":"Strona g\u0142\u00f3wna","item":"https:\/\/www.speedtest.pl\/wiadomosci\/"},{"@type":"ListItem","position":2,"name":"UKE rozpocz\u0119\u0142o konsultacje ws. pasma 26 GHz dla sieci 5G mmWave"}]},{"@type":"WebSite","@id":"https:\/\/www.speedtest.pl\/wiadomosci\/#website","url":"https:\/\/www.speedtest.pl\/wiadomosci\/","name":"SpeedTest.pl Wiadomo\u015bci","description":"Rankingi ISP, newsy i opinie ze \u015bwiata IT, recenzje sprz\u0119tu, gry, motoryzacja","potentialAction":[{"@type":"SearchAction","target":{"@type":"EntryPoint","urlTemplate":"https:\/\/www.speedtest.pl\/wiadomosci\/?s={search_term_string}"},"query-input":{"@type":"PropertyValueSpecification","valueRequired":true,"valueName":"search_term_string"}}],"inLanguage":"pl-PL"},{"@type":"Person","@id":"https:\/\/www.speedtest.pl\/wiadomosci\/#\/schema\/person\/1e51a1178096c8851f7d3ab0575726e4","name":"PJ","image":{"@type":"ImageObject","inLanguage":"pl-PL","@id":"https:\/\/www.speedtest.pl\/wiadomosci\/#\/schema\/person\/image\/","url":"https:\/\/www.speedtest.pl\/wiadomosci\/wp-content\/uploads\/2018\/01\/AAEAAQAAAAAAAAk2AAAAJDNhNWRlODdhLWY3MjYtNGFjNC04MzY1LTI1Zjc4NmI4YmE0OQ-150x150.jpg","contentUrl":"https:\/\/www.speedtest.pl\/wiadomosci\/wp-content\/uploads\/2018\/01\/AAEAAQAAAAAAAAk2AAAAJDNhNWRlODdhLWY3MjYtNGFjNC04MzY1LTI1Zjc4NmI4YmE0OQ-150x150.jpg","caption":"PJ"},"description":"Przemek jest m\u00f3zgiem operacyjnym SpeedTest.pl. Studiowa\u0142 na Politechnice Wroc\u0142awskiej elektronik\u0119 i telekomunikacj\u0119. Zarz\u0105dza projektami IT, relacjami z klientami oraz nadzoruje procesy rozwoju. Prywatnie zaanga\u017cowany w rodzin\u0119, wsparcie r\u00f3\u017cnych dzia\u0142alno\u015bci charytatywnych i projekty ekstremalne.","url":"https:\/\/www.speedtest.pl\/wiadomosci\/author\/przemek\/"}]}},"jetpack_featured_media_url":"https:\/\/www.speedtest.pl\/wiadomosci\/wp-content\/uploads\/2019\/09\/UKE.jpg","jetpack_sharing_enabled":true,"jetpack_shortlink":"https:\/\/wp.me\/p85ce0-7DU","_links":{"self":[{"href":"https:\/\/www.speedtest.pl\/wiadomosci\/wp-json\/wp\/v2\/posts\/29382","targetHints":{"allow":["GET"]}}],"collection":[{"href":"https:\/\/www.speedtest.pl\/wiadomosci\/wp-json\/wp\/v2\/posts"}],"about":[{"href":"https:\/\/www.speedtest.pl\/wiadomosci\/wp-json\/wp\/v2\/types\/post"}],"author":[{"embeddable":true,"href":"https:\/\/www.speedtest.pl\/wiadomosci\/wp-json\/wp\/v2\/users\/12"}],"replies":[{"embeddable":true,"href":"https:\/\/www.speedtest.pl\/wiadomosci\/wp-json\/wp\/v2\/comments?post=29382"}],"version-history":[{"count":1,"href":"https:\/\/www.speedtest.pl\/wiadomosci\/wp-json\/wp\/v2\/posts\/29382\/revisions"}],"predecessor-version":[{"id":29383,"href":"https:\/\/www.speedtest.pl\/wiadomosci\/wp-json\/wp\/v2\/posts\/29382\/revisions\/29383"}],"wp:featuredmedia":[{"embeddable":true,"href":"https:\/\/www.speedtest.pl\/wiadomosci\/wp-json\/wp\/v2\/media\/25012"}],"wp:attachment":[{"href":"https:\/\/www.speedtest.pl\/wiadomosci\/wp-json\/wp\/v2\/media?parent=29382"}],"wp:term":[{"taxonomy":"category","embeddable":true,"href":"https:\/\/www.speedtest.pl\/wiadomosci\/wp-json\/wp\/v2\/categories?post=29382"},{"taxonomy":"post_tag","embeddable":true,"href":"https:\/\/www.speedtest.pl\/wiadomosci\/wp-json\/wp\/v2\/tags?post=29382"},{"taxonomy":"table_tags","embeddable":true,"href":"https:\/\/www.speedtest.pl\/wiadomosci\/wp-json\/wp\/v2\/table_tags?post=29382"}],"curies":[{"name":"wp","href":"https:\/\/api.w.org\/{rel}","templated":true}]}}