{"id":29039,"date":"2020-06-30T18:15:59","date_gmt":"2020-06-30T16:15:59","guid":{"rendered":"https:\/\/www.speedtest.pl\/wiadomosci\/?p=29039"},"modified":"2020-06-30T18:23:41","modified_gmt":"2020-06-30T16:23:41","slug":"uke-analiza-rynku-przed-nowa-aukcja-5g","status":"publish","type":"post","link":"https:\/\/www.speedtest.pl\/wiadomosci\/news\/uke-analiza-rynku-przed-nowa-aukcja-5g\/","title":{"rendered":"UKE analizuje rynek przed now\u0105 aukcj\u0105 5G"},"content":{"rendered":"\n<p><strong>Urz\u0105d Komunikacji Elektronicznej pracuje nad nowym procesem dystrybucji cz\u0119stotliwo\u015bci z pasma 3,6 GHz. Jest to g\u0142\u00f3wny zas\u00f3b, z kt\u00f3rego skorzystaj\u0105 polscy operatorzy do budowy szybkich sieci 5G. Jednak jeszcze nie wiadomo czy b\u0119dzie to druga aukcja, czy mo\u017ce licytacja. Zanim poznamy szczeg\u00f3\u0142y, UKE chce jeszcze raz przeanalizowa\u0107 rynek telekomunikacyjny.<\/strong><\/p>\n\n\n\n<p>Krzysztof Dyl, p.o. Prezesa UKE, udzieli\u0142 Polskiej Agencji Prasowej wywiadu, w kt\u00f3rym podzieli\u0142 si\u0119 informacjami dotycz\u0105cymi obecnego stanu prac nad nowym post\u0119powaniem dystrybucyjnym cz\u0119stotliwo\u015bci z pasma 3,6 GHz. <a href=\"https:\/\/www.speedtest.pl\/wiadomosci\/5g\/uke-startuje-aukcja-czestotliwosci-5g\/\">Wcze\u015bniej UKE ustali\u0142o<\/a>, \u017ce podzia\u0142 b\u0119dzie dotyczy\u0142 4 blok\u00f3w o szeroko\u015bci 80 MHz. Cena wywo\u0142awcza pojedynczego bloku zosta\u0142a ustalona na 450 mln z\u0142. Z kolei wymagania dotycz\u0105ce uczestnik\u00f3w aukcji zosta\u0142y dobrane tak, \u017ceby mogli uczestniczy\u0107 w niej tylko operatorzy, kt\u00f3rzy faktycznie mog\u0105 zbudowa\u0107 sie\u0107 5G. Dodatkowo ka\u017cdy operator m\u00f3g\u0142 naby\u0107 tylko jeden blok. W skr\u00f3cie wszystko wskazywa\u0142o na to, \u017ce ka\u017cdy &#8222;z wielkiej czw\u00f3rki&#8221; zap\u0142aci cen\u0119 minimaln\u0105, a samo post\u0119powanie zako\u0144czy si\u0119 bardzo szybko. Jednak sytuacj\u0105 zwi\u0105zana z pandemi\u0105 koronawirusa zmieni\u0142a wszystko. Opr\u00f3cz kwestii zwi\u0105zanych ze <a href=\"https:\/\/www.speedtest.pl\/wiadomosci\/5g\/uke-uniewaznienie-aukcji-5g\/\">zmianami w Prawie Telekomunikacyjnym<\/a> okaza\u0142o si\u0119, \u017ce sieci mobilne odgrywaj\u0105 istotn\u0105 rol\u0119 w funkcjonowaniu naszego spo\u0142ecze\u0144stwa.<\/p>\n\n\n\n<h2 class=\"wp-block-heading\">Spos\u00f3b dystrybucji cz\u0119stotliwo\u015bci dla sieci 5G mo\u017ce ulec zmianie<\/h2>\n\n\n\n<p>Jeszcze miesi\u0105c temu Marek Zag\u00f3rski, minister cyfryzacji, deklarowa\u0142, \u017ce <a href=\"https:\/\/www.speedtest.pl\/wiadomosci\/5g\/aukcja-5g-nowy-termin\/\">nowe post\u0119powanie selekcyjne b\u0119dzie og\u0142oszone do ko\u0144ca wakacji<\/a>. Wi\u0119kszo\u015b\u0107 os\u00f3b spekulowa\u0142a, \u017ce zmiany, kt\u00f3re musi wprowadzi\u0107 UKE, ogranicz\u0105 si\u0119 do nowych zasad dot. bezpiecze\u0144stwa. Jednak to nie wszystko.<\/p>\n\n\n\n<blockquote class=\"td_quote_box td_box_center\"><p>&#8222;Trzeba powt\u00f3rzy\u0107 analiz\u0119 sytuacji na rynku przed og\u0142oszeniem nowego post\u0119powania dot. pasma 3,6 GHz pod 5G, dlatego \u017ce pandemia wywr\u00f3ci\u0142a sytuacj\u0119 gospodarcz\u0105, co nie pozostaje bez wp\u0142ywu na rynek telekomunikacyjny&#8221;. &#8211; Krzysztof Dyl, p.o. Prezesa Urz\u0119du Komunikacji Elektronicznej.<\/p><\/blockquote>\n\n\n\n<p>Na pewno czeka nas zmiana wymaga\u0144 pokryciowych, poniewa\u017c UKE musi tutaj uwzgl\u0119dni\u0107 obecne zamiary inwestycyjne operator\u00f3w zwi\u0105zane z sieciami 5G. Opr\u00f3cz tego pojawi\u0105 si\u0119 wymagania adresuj\u0105ce problemy zwi\u0105zane z bezpiecze\u0144stwem i integralno\u015bci sieci telekomunikacyjnych. Jednak nie wiadomo jak UKE podejdzie do tego zagadnienia. Krzysztof Dyl zaznaczy\u0142, \u017ce samo post\u0119powanie nie ma nic wsp\u00f3lnego z potencjalnym wykluczaniem dostawc\u00f3w sprz\u0119tu, poniewa\u017c jest ona adresowana do operator\u00f3w.<\/p>\n\n\n\n<p>Podczas wywiadu nie pad\u0142a konkretna deklaracja w sprawie formy nowego post\u0119powania. Krzysztof Dyl wskaza\u0142, \u017ce <em>&#8222;prawo przewiduje r\u00f3\u017cne formy rozdysponowania cz\u0119stotliwo\u015bci&#8221;<\/em>. Oznacza to, \u017ce mo\u017cemy mie\u0107 do czynienia zar\u00f3wno z now\u0105 aukcj\u0105, jak i licytacj\u0105.<\/p>\n\n\n\n<p>\u0179r\u00f3d\u0142o: <a href=\"https:\/\/www.portalsamorzadowy.pl\/spoleczenstwo-informacyjne\/nowa-aukcja-5g-nie-tak-predko,195123.html\" rel=\"external nofollow\">Portal Samorz\u0105dowy<\/a><\/p>\n","protected":false},"excerpt":{"rendered":"<p>Urz\u0105d Komunikacji Elektronicznej pracuje nad nowym procesem dystrybucji cz\u0119stotliwo\u015bci z pasma 3,6 GHz. Jest to g\u0142\u00f3wny zas\u00f3b, z kt\u00f3rego skorzystaj\u0105 polscy operatorzy do budowy szybkich sieci 5G. Jednak jeszcze nie wiadomo czy b\u0119dzie to druga aukcja, czy mo\u017ce licytacja. Zanim poznamy szczeg\u00f3\u0142y, UKE chce jeszcze raz przeanalizowa\u0107 rynek telekomunikacyjny. Krzysztof Dyl, p.o. Prezesa UKE, udzieli\u0142 [&hellip;]<\/p>\n","protected":false},"author":12,"featured_media":24768,"comment_status":"closed","ping_status":"open","sticky":false,"template":"","format":"standard","meta":{"jetpack_post_was_ever_published":false,"_jetpack_newsletter_access":"","_jetpack_dont_email_post_to_subs":false,"_jetpack_newsletter_tier_id":0,"_jetpack_memberships_contains_paywalled_content":false,"_jetpack_memberships_contains_paid_content":false,"footnotes":"","jetpack_publicize_message":"","jetpack_publicize_feature_enabled":true,"jetpack_social_post_already_shared":true,"jetpack_social_options":{"image_generator_settings":{"template":"highway","enabled":false},"version":2}},"categories":[6],"tags":[143,4529,168,5300,403,2720,818],"table_tags":[],"class_list":["post-29039","post","type-post","status-publish","format-standard","has-post-thumbnail","hentry","category-news","tag-5g","tag-aukcja","tag-bezpieczenstwo","tag-dystrybucja","tag-licytacja","tag-rezerwacja-czestotliwosci","tag-uke"],"jetpack_publicize_connections":[],"yoast_head":"<!-- This site is optimized with the Yoast SEO plugin v24.8.1 - https:\/\/yoast.com\/wordpress\/plugins\/seo\/ -->\n<title>UKE analizuje rynek przed now\u0105 aukcj\u0105 5G - SpeedTest.pl<\/title>\n<meta name=\"description\" content=\"UKE pracuje nad nowym procesem dystrybucji cz\u0119stotliwo\u015bci z pasma 3,6 GHz. Jednak jeszcze nie wiadomo czy b\u0119dzie to druga aukcja, czy mo\u017ce licytacja.\" \/>\n<meta name=\"robots\" content=\"index, follow, max-snippet:-1, max-image-preview:large, max-video-preview:-1\" \/>\n<link rel=\"canonical\" href=\"https:\/\/www.speedtest.pl\/wiadomosci\/news\/uke-analiza-rynku-przed-nowa-aukcja-5g\/\" \/>\n<meta property=\"og:locale\" content=\"pl_PL\" \/>\n<meta property=\"og:type\" content=\"article\" \/>\n<meta property=\"og:title\" content=\"UKE analizuje rynek przed now\u0105 aukcj\u0105 5G - SpeedTest.pl\" \/>\n<meta property=\"og:description\" content=\"UKE pracuje nad nowym procesem dystrybucji cz\u0119stotliwo\u015bci z pasma 3,6 GHz. Jednak jeszcze nie wiadomo czy b\u0119dzie to druga aukcja, czy mo\u017ce licytacja.\" \/>\n<meta property=\"og:url\" content=\"https:\/\/www.speedtest.pl\/wiadomosci\/news\/uke-analiza-rynku-przed-nowa-aukcja-5g\/\" \/>\n<meta property=\"og:site_name\" content=\"SpeedTest.pl Wiadomo\u015bci\" \/>\n<meta property=\"article:publisher\" content=\"https:\/\/www.facebook.com\/speedtestpl\/\" \/>\n<meta property=\"article:published_time\" content=\"2020-06-30T16:15:59+00:00\" \/>\n<meta property=\"article:modified_time\" content=\"2020-06-30T16:23:41+00:00\" \/>\n<meta property=\"og:image\" content=\"https:\/\/www.speedtest.pl\/wiadomosci\/wp-content\/uploads\/2019\/08\/aukcja-5G.jpg\" \/>\n\t<meta property=\"og:image:width\" content=\"1024\" \/>\n\t<meta property=\"og:image:height\" content=\"576\" \/>\n\t<meta property=\"og:image:type\" content=\"image\/jpeg\" \/>\n<meta name=\"author\" content=\"PJ\" \/>\n<meta name=\"twitter:card\" content=\"summary_large_image\" \/>\n<meta name=\"twitter:creator\" content=\"@speedtestpl\" \/>\n<meta name=\"twitter:site\" content=\"@speedtestpl\" \/>\n<meta name=\"twitter:label1\" content=\"Napisane przez\" \/>\n\t<meta name=\"twitter:data1\" content=\"PJ\" \/>\n\t<meta name=\"twitter:label2\" content=\"Szacowany czas czytania\" \/>\n\t<meta name=\"twitter:data2\" content=\"2 minuty\" \/>\n<script type=\"application\/ld+json\" class=\"yoast-schema-graph\">{\"@context\":\"https:\/\/schema.org\",\"@graph\":[{\"@type\":\"WebPage\",\"@id\":\"https:\/\/www.speedtest.pl\/wiadomosci\/news\/uke-analiza-rynku-przed-nowa-aukcja-5g\/\",\"url\":\"https:\/\/www.speedtest.pl\/wiadomosci\/news\/uke-analiza-rynku-przed-nowa-aukcja-5g\/\",\"name\":\"UKE analizuje rynek przed now\u0105 aukcj\u0105 5G - SpeedTest.pl\",\"isPartOf\":{\"@id\":\"https:\/\/www.speedtest.pl\/wiadomosci\/#website\"},\"primaryImageOfPage\":{\"@id\":\"https:\/\/www.speedtest.pl\/wiadomosci\/news\/uke-analiza-rynku-przed-nowa-aukcja-5g\/#primaryimage\"},\"image\":{\"@id\":\"https:\/\/www.speedtest.pl\/wiadomosci\/news\/uke-analiza-rynku-przed-nowa-aukcja-5g\/#primaryimage\"},\"thumbnailUrl\":\"https:\/\/www.speedtest.pl\/wiadomosci\/wp-content\/uploads\/2019\/08\/aukcja-5G.jpg\",\"datePublished\":\"2020-06-30T16:15:59+00:00\",\"dateModified\":\"2020-06-30T16:23:41+00:00\",\"author\":{\"@id\":\"https:\/\/www.speedtest.pl\/wiadomosci\/#\/schema\/person\/1e51a1178096c8851f7d3ab0575726e4\"},\"description\":\"UKE pracuje nad nowym procesem dystrybucji cz\u0119stotliwo\u015bci z pasma 3,6 GHz. Jednak jeszcze nie wiadomo czy b\u0119dzie to druga aukcja, czy mo\u017ce licytacja.\",\"breadcrumb\":{\"@id\":\"https:\/\/www.speedtest.pl\/wiadomosci\/news\/uke-analiza-rynku-przed-nowa-aukcja-5g\/#breadcrumb\"},\"inLanguage\":\"pl-PL\",\"potentialAction\":[{\"@type\":\"ReadAction\",\"target\":[\"https:\/\/www.speedtest.pl\/wiadomosci\/news\/uke-analiza-rynku-przed-nowa-aukcja-5g\/\"]}]},{\"@type\":\"ImageObject\",\"inLanguage\":\"pl-PL\",\"@id\":\"https:\/\/www.speedtest.pl\/wiadomosci\/news\/uke-analiza-rynku-przed-nowa-aukcja-5g\/#primaryimage\",\"url\":\"https:\/\/www.speedtest.pl\/wiadomosci\/wp-content\/uploads\/2019\/08\/aukcja-5G.jpg\",\"contentUrl\":\"https:\/\/www.speedtest.pl\/wiadomosci\/wp-content\/uploads\/2019\/08\/aukcja-5G.jpg\",\"width\":1024,\"height\":576,\"caption\":\"aukcja 5G UKE\"},{\"@type\":\"BreadcrumbList\",\"@id\":\"https:\/\/www.speedtest.pl\/wiadomosci\/news\/uke-analiza-rynku-przed-nowa-aukcja-5g\/#breadcrumb\",\"itemListElement\":[{\"@type\":\"ListItem\",\"position\":1,\"name\":\"Strona g\u0142\u00f3wna\",\"item\":\"https:\/\/www.speedtest.pl\/wiadomosci\/\"},{\"@type\":\"ListItem\",\"position\":2,\"name\":\"UKE analizuje rynek przed now\u0105 aukcj\u0105 5G\"}]},{\"@type\":\"WebSite\",\"@id\":\"https:\/\/www.speedtest.pl\/wiadomosci\/#website\",\"url\":\"https:\/\/www.speedtest.pl\/wiadomosci\/\",\"name\":\"SpeedTest.pl Wiadomo\u015bci\",\"description\":\"Rankingi ISP, newsy i opinie ze \u015bwiata IT, recenzje sprz\u0119tu, gry, motoryzacja\",\"potentialAction\":[{\"@type\":\"SearchAction\",\"target\":{\"@type\":\"EntryPoint\",\"urlTemplate\":\"https:\/\/www.speedtest.pl\/wiadomosci\/?s={search_term_string}\"},\"query-input\":{\"@type\":\"PropertyValueSpecification\",\"valueRequired\":true,\"valueName\":\"search_term_string\"}}],\"inLanguage\":\"pl-PL\"},{\"@type\":\"Person\",\"@id\":\"https:\/\/www.speedtest.pl\/wiadomosci\/#\/schema\/person\/1e51a1178096c8851f7d3ab0575726e4\",\"name\":\"PJ\",\"image\":{\"@type\":\"ImageObject\",\"inLanguage\":\"pl-PL\",\"@id\":\"https:\/\/www.speedtest.pl\/wiadomosci\/#\/schema\/person\/image\/\",\"url\":\"https:\/\/www.speedtest.pl\/wiadomosci\/wp-content\/uploads\/2018\/01\/AAEAAQAAAAAAAAk2AAAAJDNhNWRlODdhLWY3MjYtNGFjNC04MzY1LTI1Zjc4NmI4YmE0OQ-150x150.jpg\",\"contentUrl\":\"https:\/\/www.speedtest.pl\/wiadomosci\/wp-content\/uploads\/2018\/01\/AAEAAQAAAAAAAAk2AAAAJDNhNWRlODdhLWY3MjYtNGFjNC04MzY1LTI1Zjc4NmI4YmE0OQ-150x150.jpg\",\"caption\":\"PJ\"},\"description\":\"Przemek jest m\u00f3zgiem operacyjnym SpeedTest.pl. Studiowa\u0142 na Politechnice Wroc\u0142awskiej elektronik\u0119 i telekomunikacj\u0119. Zarz\u0105dza projektami IT, relacjami z klientami oraz nadzoruje procesy rozwoju. Prywatnie zaanga\u017cowany w rodzin\u0119, wsparcie r\u00f3\u017cnych dzia\u0142alno\u015bci charytatywnych i projekty ekstremalne.\",\"url\":\"https:\/\/www.speedtest.pl\/wiadomosci\/author\/przemek\/\"}]}<\/script>\n<!-- \/ Yoast SEO plugin. -->","yoast_head_json":{"title":"UKE analizuje rynek przed now\u0105 aukcj\u0105 5G - SpeedTest.pl","description":"UKE pracuje nad nowym procesem dystrybucji cz\u0119stotliwo\u015bci z pasma 3,6 GHz. Jednak jeszcze nie wiadomo czy b\u0119dzie to druga aukcja, czy mo\u017ce licytacja.","robots":{"index":"index","follow":"follow","max-snippet":"max-snippet:-1","max-image-preview":"max-image-preview:large","max-video-preview":"max-video-preview:-1"},"canonical":"https:\/\/www.speedtest.pl\/wiadomosci\/news\/uke-analiza-rynku-przed-nowa-aukcja-5g\/","og_locale":"pl_PL","og_type":"article","og_title":"UKE analizuje rynek przed now\u0105 aukcj\u0105 5G - SpeedTest.pl","og_description":"UKE pracuje nad nowym procesem dystrybucji cz\u0119stotliwo\u015bci z pasma 3,6 GHz. Jednak jeszcze nie wiadomo czy b\u0119dzie to druga aukcja, czy mo\u017ce licytacja.","og_url":"https:\/\/www.speedtest.pl\/wiadomosci\/news\/uke-analiza-rynku-przed-nowa-aukcja-5g\/","og_site_name":"SpeedTest.pl Wiadomo\u015bci","article_publisher":"https:\/\/www.facebook.com\/speedtestpl\/","article_published_time":"2020-06-30T16:15:59+00:00","article_modified_time":"2020-06-30T16:23:41+00:00","og_image":[{"width":1024,"height":576,"url":"https:\/\/www.speedtest.pl\/wiadomosci\/wp-content\/uploads\/2019\/08\/aukcja-5G.jpg","type":"image\/jpeg"}],"author":"PJ","twitter_card":"summary_large_image","twitter_creator":"@speedtestpl","twitter_site":"@speedtestpl","twitter_misc":{"Napisane przez":"PJ","Szacowany czas czytania":"2 minuty"},"schema":{"@context":"https:\/\/schema.org","@graph":[{"@type":"WebPage","@id":"https:\/\/www.speedtest.pl\/wiadomosci\/news\/uke-analiza-rynku-przed-nowa-aukcja-5g\/","url":"https:\/\/www.speedtest.pl\/wiadomosci\/news\/uke-analiza-rynku-przed-nowa-aukcja-5g\/","name":"UKE analizuje rynek przed now\u0105 aukcj\u0105 5G - SpeedTest.pl","isPartOf":{"@id":"https:\/\/www.speedtest.pl\/wiadomosci\/#website"},"primaryImageOfPage":{"@id":"https:\/\/www.speedtest.pl\/wiadomosci\/news\/uke-analiza-rynku-przed-nowa-aukcja-5g\/#primaryimage"},"image":{"@id":"https:\/\/www.speedtest.pl\/wiadomosci\/news\/uke-analiza-rynku-przed-nowa-aukcja-5g\/#primaryimage"},"thumbnailUrl":"https:\/\/www.speedtest.pl\/wiadomosci\/wp-content\/uploads\/2019\/08\/aukcja-5G.jpg","datePublished":"2020-06-30T16:15:59+00:00","dateModified":"2020-06-30T16:23:41+00:00","author":{"@id":"https:\/\/www.speedtest.pl\/wiadomosci\/#\/schema\/person\/1e51a1178096c8851f7d3ab0575726e4"},"description":"UKE pracuje nad nowym procesem dystrybucji cz\u0119stotliwo\u015bci z pasma 3,6 GHz. Jednak jeszcze nie wiadomo czy b\u0119dzie to druga aukcja, czy mo\u017ce licytacja.","breadcrumb":{"@id":"https:\/\/www.speedtest.pl\/wiadomosci\/news\/uke-analiza-rynku-przed-nowa-aukcja-5g\/#breadcrumb"},"inLanguage":"pl-PL","potentialAction":[{"@type":"ReadAction","target":["https:\/\/www.speedtest.pl\/wiadomosci\/news\/uke-analiza-rynku-przed-nowa-aukcja-5g\/"]}]},{"@type":"ImageObject","inLanguage":"pl-PL","@id":"https:\/\/www.speedtest.pl\/wiadomosci\/news\/uke-analiza-rynku-przed-nowa-aukcja-5g\/#primaryimage","url":"https:\/\/www.speedtest.pl\/wiadomosci\/wp-content\/uploads\/2019\/08\/aukcja-5G.jpg","contentUrl":"https:\/\/www.speedtest.pl\/wiadomosci\/wp-content\/uploads\/2019\/08\/aukcja-5G.jpg","width":1024,"height":576,"caption":"aukcja 5G UKE"},{"@type":"BreadcrumbList","@id":"https:\/\/www.speedtest.pl\/wiadomosci\/news\/uke-analiza-rynku-przed-nowa-aukcja-5g\/#breadcrumb","itemListElement":[{"@type":"ListItem","position":1,"name":"Strona g\u0142\u00f3wna","item":"https:\/\/www.speedtest.pl\/wiadomosci\/"},{"@type":"ListItem","position":2,"name":"UKE analizuje rynek przed now\u0105 aukcj\u0105 5G"}]},{"@type":"WebSite","@id":"https:\/\/www.speedtest.pl\/wiadomosci\/#website","url":"https:\/\/www.speedtest.pl\/wiadomosci\/","name":"SpeedTest.pl Wiadomo\u015bci","description":"Rankingi ISP, newsy i opinie ze \u015bwiata IT, recenzje sprz\u0119tu, gry, motoryzacja","potentialAction":[{"@type":"SearchAction","target":{"@type":"EntryPoint","urlTemplate":"https:\/\/www.speedtest.pl\/wiadomosci\/?s={search_term_string}"},"query-input":{"@type":"PropertyValueSpecification","valueRequired":true,"valueName":"search_term_string"}}],"inLanguage":"pl-PL"},{"@type":"Person","@id":"https:\/\/www.speedtest.pl\/wiadomosci\/#\/schema\/person\/1e51a1178096c8851f7d3ab0575726e4","name":"PJ","image":{"@type":"ImageObject","inLanguage":"pl-PL","@id":"https:\/\/www.speedtest.pl\/wiadomosci\/#\/schema\/person\/image\/","url":"https:\/\/www.speedtest.pl\/wiadomosci\/wp-content\/uploads\/2018\/01\/AAEAAQAAAAAAAAk2AAAAJDNhNWRlODdhLWY3MjYtNGFjNC04MzY1LTI1Zjc4NmI4YmE0OQ-150x150.jpg","contentUrl":"https:\/\/www.speedtest.pl\/wiadomosci\/wp-content\/uploads\/2018\/01\/AAEAAQAAAAAAAAk2AAAAJDNhNWRlODdhLWY3MjYtNGFjNC04MzY1LTI1Zjc4NmI4YmE0OQ-150x150.jpg","caption":"PJ"},"description":"Przemek jest m\u00f3zgiem operacyjnym SpeedTest.pl. Studiowa\u0142 na Politechnice Wroc\u0142awskiej elektronik\u0119 i telekomunikacj\u0119. Zarz\u0105dza projektami IT, relacjami z klientami oraz nadzoruje procesy rozwoju. Prywatnie zaanga\u017cowany w rodzin\u0119, wsparcie r\u00f3\u017cnych dzia\u0142alno\u015bci charytatywnych i projekty ekstremalne.","url":"https:\/\/www.speedtest.pl\/wiadomosci\/author\/przemek\/"}]}},"jetpack_featured_media_url":"https:\/\/www.speedtest.pl\/wiadomosci\/wp-content\/uploads\/2019\/08\/aukcja-5G.jpg","jetpack_sharing_enabled":true,"jetpack_shortlink":"https:\/\/wp.me\/p85ce0-7yn","_links":{"self":[{"href":"https:\/\/www.speedtest.pl\/wiadomosci\/wp-json\/wp\/v2\/posts\/29039","targetHints":{"allow":["GET"]}}],"collection":[{"href":"https:\/\/www.speedtest.pl\/wiadomosci\/wp-json\/wp\/v2\/posts"}],"about":[{"href":"https:\/\/www.speedtest.pl\/wiadomosci\/wp-json\/wp\/v2\/types\/post"}],"author":[{"embeddable":true,"href":"https:\/\/www.speedtest.pl\/wiadomosci\/wp-json\/wp\/v2\/users\/12"}],"replies":[{"embeddable":true,"href":"https:\/\/www.speedtest.pl\/wiadomosci\/wp-json\/wp\/v2\/comments?post=29039"}],"version-history":[{"count":3,"href":"https:\/\/www.speedtest.pl\/wiadomosci\/wp-json\/wp\/v2\/posts\/29039\/revisions"}],"predecessor-version":[{"id":29043,"href":"https:\/\/www.speedtest.pl\/wiadomosci\/wp-json\/wp\/v2\/posts\/29039\/revisions\/29043"}],"wp:featuredmedia":[{"embeddable":true,"href":"https:\/\/www.speedtest.pl\/wiadomosci\/wp-json\/wp\/v2\/media\/24768"}],"wp:attachment":[{"href":"https:\/\/www.speedtest.pl\/wiadomosci\/wp-json\/wp\/v2\/media?parent=29039"}],"wp:term":[{"taxonomy":"category","embeddable":true,"href":"https:\/\/www.speedtest.pl\/wiadomosci\/wp-json\/wp\/v2\/categories?post=29039"},{"taxonomy":"post_tag","embeddable":true,"href":"https:\/\/www.speedtest.pl\/wiadomosci\/wp-json\/wp\/v2\/tags?post=29039"},{"taxonomy":"table_tags","embeddable":true,"href":"https:\/\/www.speedtest.pl\/wiadomosci\/wp-json\/wp\/v2\/table_tags?post=29039"}],"curies":[{"name":"wp","href":"https:\/\/api.w.org\/{rel}","templated":true}]}}