{"id":28670,"date":"2020-06-12T19:43:20","date_gmt":"2020-06-12T17:43:20","guid":{"rendered":"https:\/\/www.speedtest.pl\/wiadomosci\/?p=28670"},"modified":"2020-06-12T19:43:21","modified_gmt":"2020-06-12T17:43:21","slug":"federacja-konsumentow-podatek-od-smartfonow","status":"publish","type":"post","link":"https:\/\/www.speedtest.pl\/wiadomosci\/news\/federacja-konsumentow-podatek-od-smartfonow\/","title":{"rendered":"Federacja Konsument\u00f3w sprzeciwia si\u0119 &#8222;podatkowi od smartfon\u00f3w&#8221;"},"content":{"rendered":"\n<p><strong>Temat op\u0142aty reprograficznej od urz\u0105dze\u0144 smart, czyli tzw. podatek od smartfon\u00f3w, wraca jak bumerang. Ostatnio ZAiKS postulowa\u0142 uwzgl\u0119dnienie wspomnian\u0105 op\u0142at\u0105 smartfon\u00f3w, tablet\u00f3w oraz telewizor\u00f3w z funkcj\u0105 smart. Mowa tutaj o 6% od warto\u015bci urz\u0105dzenia. Federacja Konsument\u00f3w zaapelowa\u0142a w tej kwestii do ministra kultury i m\u00f3wi stanowcze NIE!<\/strong><\/p>\n\n\n\n<p>Op\u0142ata reprograficzna nazywana jest przez niekt\u00f3rych &#8222;podatkiem od piractwa&#8221;. Jej celem jest rekompensata tw\u00f3rcom strat spowodowanych kopiowaniem utwor\u00f3w rozpowszechnianych w ramach dozwolonego u\u017cytku. Naliczana jest ona do ceny produkt\u00f3w, kt\u00f3re umo\u017cliwiaj\u0105 wykonanie kopii fragmentu lub te\u017c ca\u0142o\u015bci utworu, s\u0105 to m.in. czyste p\u0142yty DVD, nagrywarki, dyski twarde, skanery, drukarki, papier do ksero itp. Maksymalna wysoko\u015b\u0107 op\u0142aty w Polsce wynosi 3% ceny detalicznej danego urz\u0105dzenia. Pozyskane w ten spos\u00f3b \u015brodki trafiaj\u0105 docelowo do tw\u00f3rc\u00f3w, jednak odbywa si\u0119 do za po\u015brednictwem organizacji zbiorowego zarz\u0105dzania prawami autorskimi (m.in. ZAiKS). Dlatego to w\u0142a\u015bnie ZAiKS od wielu lat zabiega o rozszerzenie listy urz\u0105dze\u0144 obj\u0119tych op\u0142at\u0105 reprograficzn\u0105 o m.in. smartfony. W my\u015bl Zwi\u0105zku s\u0105 to urz\u0105dzenia powszechnie u\u017cywane do konsumowania tre\u015bci kulturalnych, w tym tych skopiowanych na w\u0142asny u\u017cytek. Jest tylko z tym jeden problem.<\/p>\n\n\n\n<h2 class=\"wp-block-heading\">Federacja Konsument\u00f3w: propozycja ZAiKS-u jest &#8222;podw\u00f3jnym opodatkowaniem&#8221;<\/h2>\n\n\n\n<p>Formalnie op\u0142ata reprograficzna nie jest podatkiem, jednak takie sformu\u0142owanie przemawia do wyobra\u017ani przeci\u0119tnego konsumenta. Jednak standardowo jest ona w Polsce uzale\u017cniona od warto\u015bci urz\u0105dzenia, kt\u00f3re jest wykorzystywanie do rozpowszechniania utwor\u00f3w skopiowanych w ramach dozwolonego u\u017cytku. Teraz pozostaje pytanie. Czy smartfony i inne &#8222;inteligentne&#8221; urz\u0105dzenia s\u0105 w ten spos\u00f3b u\u017cywane? W dobie serwis\u00f3w strumieniuj\u0105cych utwory audio i wideo ma\u0142o kto bawi si\u0119 w kopiowanie plik\u00f3w mp3 i film\u00f3w skompresowanych w DivX-ie. Dodatkowo ostatnio coraz cz\u0119\u015bciej m\u00f3wi si\u0119 o wprowadzeniu w Polsce podatku cyfrowego. Zreszt\u0105 ostatnio nasz rz\u0105d obci\u0105\u017cy\u0142 niedawno podobnym podatkiem platformy VoD.<\/p>\n\n\n\n<p>W <a href=\"http:\/\/www.federacja-konsumentow.org.pl\/n,6,1448,1,1,mowimy-nie-nowej-oplacie-reprograficznej.html\" rel=\"external nofollow\">opublikowanym o\u015bwiadczeniu Federacja Konsument\u00f3w<\/a> nie sprzeciwia si\u0119 generalnemu pomys\u0142owi, jakim jest op\u0142ata reprograficzna. Jednak zaznacza, \u017ce naniesienie jej na wiele drogich urz\u0105dze\u0144 powszechnego pomys\u0142u odbije si\u0119 ostatecznie na cenach, kt\u00f3re p\u0142ac\u0105 konsumenci.<\/p>\n\n\n\n<blockquote class=\"td_quote_box td_box_center\"><p>&#8222;Federacja Konsument\u00f3w z du\u017cym niepokojem przyj\u0119\u0142a zapowied\u017a wprowadzenia nowego podatku od urz\u0105dze\u0144 elektronicznych: <b>smartfon\u00f3w, tablet\u00f3w, laptop\u00f3w czy telewizor\u00f3w z funkcj\u0105 smart<\/b>.<\/p><p>Nowa op\u0142ata na\u0142o\u017cona na smartfony, tablety, komputery i telewizory smart uderzy w konsument\u00f3w i zwi\u0119kszy skal\u0119 wykluczenia cyfrowego Polak\u00f3w \u2013 wskazali\u015bmy w stanowisku skierowanym do wicepremiera i ministra kultury Piotra Gli\u0144skiego. W naszym pi\u015bmie zwracamy uwag\u0119 na fakt, \u017ce obecna sytuacja zwi\u0105zana z pandemi\u0105 pokaza\u0142a, \u017ce nie do ko\u0144ca jako spo\u0142ecze\u0144stwo jeste\u015bmy technicznie przygotowani na w\u0142\u0105czenie si\u0119 w system pracy, nauki czy po prostu codziennego funkcjonowania w trybie on-line. <b>St\u0105d apelujemy o ca\u0142o\u015bciowe przemy\u015blenie systemu tzw. op\u0142at reprograficznych.<\/b>&#8222;<\/p><\/blockquote>\n\n\n\n<p>W mediach spekuluje si\u0119, \u017ce op\u0142ata reprograficzna od wymienionych urz\u0105dze\u0144 ma wynie\u015b\u0107 nawet 6%. W takim przypadku przy urz\u0105dzeniach kosztuj\u0105cych 5 000 z\u0142 m\u00f3wimy o potencjalnym wzro\u015bcie cen o 300 z\u0142. <\/p>\n\n\n\n<h2 class=\"wp-block-heading\">Op\u0142ata reprograficznej od ceny smartfona, czy laptopa pozbawiona jest sensu<\/h2>\n\n\n\n<p>Federacja Konsument\u00f3w zwraca uwag\u0119, \u017ce poziom piractwa dot. film\u00f3w i muzyki nie musi by\u0107 tak wysoki, jak sugeruje to ZAiKS. Problem z op\u0142at\u0105 reprograficzn\u0105 nie polega na tym, \u017ce u\u017cytkownicy przestali korzysta\u0107 z no\u015bnik\u00f3w, kt\u00f3re s\u0105 j\u0105 obj\u0119te. Dzisiaj wi\u0119kszo\u015b\u0107 u\u017cytkownik\u00f3w smartfon\u00f3w nie wie, jak skopiowa\u0107 plik z muzyk\u0105 z komputera na telefon. Przy czym brak tej wiedzy nie wynika z &#8222;g\u0142upoty&#8221;, tylko z braku takiej potrzeby. Obecnie konsumpcja tre\u015bci kulturalnych odbywa si\u0119 online. Z kolei wygodny dost\u0119p do legalnych tre\u015bci sprawia, \u017ce coraz wi\u0119cej os\u00f3b rezygnuje z torrent\u00f3w i tym podobnych rozwi\u0105za\u0144.<\/p>\n\n\n\n<blockquote class=\"td_quote_box td_box_center\"><p>&#8222;Proponowana op\u0142ata b\u0119dzie w rzeczywisto\u015bci oznacza\u0107 kolejne opodatkowanie tego, za co ju\u017c p\u0142ac\u0105 konsumenci. Poza podatkami, z kt\u00f3rych arty\u015bci otrzymuj\u0105 dotacje, odbiorcy samodzielnie wybieraj\u0105 i op\u0142acaj\u0105 przecie\u017c platformy streamingowe (np. Tidal, Spotify, Apple Music). Wyp\u0142acaj\u0105 one cz\u0119\u015b\u0107 zysku artystom, a ponadto polski rz\u0105d obci\u0105\u017cy\u0142 niedawno platformy VoD (np. Netflix, Ipla, Player) nowym podatkiem w wysoko\u015bci 1,5 procenta. W niedalekiej przysz\u0142o\u015bci czeka nas r\u00f3wnie\u017c implementacja przepis\u00f3w dotycz\u0105cych podatku cyfrowego, nad kt\u00f3rymi pracuje Komisja Europejska i kt\u00f3ry b\u0119dzie regulowa\u0142 kwestie dotycz\u0105ce pozosta\u0142ych platform.<\/p><p>To zreszt\u0105 \u015bwiatowy kierunek. Sektor cyfrowy generuje coraz wi\u0119ksze wynagrodzenia dla tw\u00f3rc\u00f3w, a honoraria autorskie w 232 organizacjach zrzeszonych w CISAC-u (Mi\u0119dzynarodowa Konfederacja Zwi\u0105zk\u00f3w Autor\u00f3w i Kompozytor\u00f3w) osi\u0105gn\u0119\u0142y rekordow\u0105 warto\u015b\u0107 9,7 miliarda euro. Jean-Michel Jarre, prezes CISAC-u, podkre\u015bli\u0142 z optymizmem w raporcie z listopada 2019 roku, \u017ce \u201eCyfrowa jest nasza przysz\u0142o\u015b\u0107\u201d.&#8221;<\/p><\/blockquote>\n\n\n\n<p>Osobi\u015bcie nie rozumiem jednego. Dlaczego op\u0142ata reprograficzna mia\u0142aby by\u0107 uzale\u017cniona od warto\u015bci ca\u0142ego urz\u0105dzenia? Przecie\u017c filmy DivX mo\u017cna ogl\u0105da\u0107 nie tylko telewizorze z funkcj\u0105 smart, a na ka\u017cdym odbiorniku wyposa\u017conym w port USB i odpowiednie oprogramowanie. Z kolei cena smartfona uzale\u017cniona jest r\u00f3wnie\u017c od parametr\u00f3w wy\u015bwietlacza, wydajno\u015bci procesora, szybko\u015bci modemu, a nawet poziomu wodoodporno\u015bci. Czy parametry te maj\u0105 jakikolwiek zwi\u0105zek z potencjalnymi stratami tw\u00f3rc\u00f3w? Skoro op\u0142ata reprograficzna zawarta jest w cenie czystych no\u015bnik\u00f3w (w tym dysk\u00f3w twardych), to mo\u017ce powinna by\u0107 ona uzale\u017cniona od wielko\u015bci modu\u0142u pami\u0119ci w smartfonie? Bo, je\u017celi p\u00f3jdziemy dalej dokiem my\u015blowym zwolennik\u00f3w tego pomys\u0142u, to dojdziemy do wniosku, \u017ce op\u0142ata reprograficzna powinna by\u0107 doliczona do ceny ka\u017cdego urz\u0105dzenia, kt\u00f3re pozwala na kopiowanie i przechowywania danych. Dorzu\u0107my do listy jeszcze dyski sieciowe i routery.<\/p>\n\n\n\n<p>Temat doliczenia op\u0142aty reprograficznej do ceny smartfon\u00f3w pojawi\u0142 si\u0119 ju\u017c w 2014 roku. Jednak pomys\u0142 ten nie zosta\u0142 zrealizowany. Teraz on powraca po tym, jak popar\u0142 go Piotr Gli\u0144ski, minister kultury. Przeciwko wprowadzeniu tego rozwi\u0105zania wypowiedzia\u0142 si\u0119 Marek Zag\u00f3rski, minister cyfryzacji, kt\u00f3ry chce najpierw wypracowania unijnego konsensusu w sprawie podatku cyfrowego. Federacja Konsument\u00f3w r\u00f3wnie\u017c zaznaczy\u0142a, \u017ce wspomniana op\u0142ata mo\u017ce prowadzi\u0107 do wzrostu wykluczenia cyfrowego.<\/p>\n","protected":false},"excerpt":{"rendered":"<p>Temat op\u0142aty reprograficznej od urz\u0105dze\u0144 smart, czyli tzw. podatek od smartfon\u00f3w, wraca jak bumerang. Ostatnio ZAiKS postulowa\u0142 uwzgl\u0119dnienie wspomnian\u0105 op\u0142at\u0105 smartfon\u00f3w, tablet\u00f3w oraz telewizor\u00f3w z funkcj\u0105 smart. Mowa tutaj o 6% od warto\u015bci urz\u0105dzenia. Federacja Konsument\u00f3w zaapelowa\u0142a w tej kwestii do ministra kultury i m\u00f3wi stanowcze NIE! Op\u0142ata reprograficzna nazywana jest przez niekt\u00f3rych &#8222;podatkiem od [&hellip;]<\/p>\n","protected":false},"author":13,"featured_media":28672,"comment_status":"closed","ping_status":"open","sticky":false,"template":"","format":"standard","meta":{"jetpack_post_was_ever_published":false,"_jetpack_newsletter_access":"","_jetpack_dont_email_post_to_subs":false,"_jetpack_newsletter_tier_id":0,"_jetpack_memberships_contains_paywalled_content":false,"_jetpack_memberships_contains_paid_content":false,"footnotes":"","jetpack_publicize_message":"","jetpack_publicize_feature_enabled":true,"jetpack_social_post_already_shared":true,"jetpack_social_options":{"image_generator_settings":{"template":"highway","enabled":false},"version":2}},"categories":[2016,6,3183,37],"tags":[5950,5952,5949,5505,500,173,5951],"table_tags":[],"class_list":["post-28670","post","type-post","status-publish","format-standard","has-post-thumbnail","hentry","category-esej","category-news","category-prawo","category-sprzet","tag-federacja-konsumentow","tag-oplata","tag-oplata-reprograficzna","tag-podatek","tag-smart","tag-smartfon","tag-zaiks"],"jetpack_publicize_connections":[],"yoast_head":"<!-- This site is optimized with the Yoast SEO plugin v24.8.1 - https:\/\/yoast.com\/wordpress\/plugins\/seo\/ -->\n<title>Federacja Konsument\u00f3w sprzeciwia si\u0119 &quot;podatkowi od smartfon\u00f3w&quot;<\/title>\n<meta name=\"description\" content=\"Ostatnio ZAiKS postulowa\u0142 uwzgl\u0119dnienie op\u0142at\u0105 reprograficzn\u0105 smartfon\u00f3w, tablet\u00f3w oraz telewizor\u00f3w z funkcj\u0105 smart. Mowa tutaj o 6% od warto\u015bci urz\u0105dzenia. Federacja Konsument\u00f3w zaapelowa\u0142a w tej kwestii do ministra kultury i m\u00f3wi stanowcze NIE!\" \/>\n<meta name=\"robots\" content=\"index, follow, max-snippet:-1, max-image-preview:large, max-video-preview:-1\" \/>\n<link rel=\"canonical\" href=\"https:\/\/www.speedtest.pl\/wiadomosci\/news\/federacja-konsumentow-podatek-od-smartfonow\/\" \/>\n<meta property=\"og:locale\" content=\"pl_PL\" \/>\n<meta property=\"og:type\" content=\"article\" \/>\n<meta property=\"og:title\" content=\"Federacja Konsument\u00f3w sprzeciwia si\u0119 &quot;podatkowi od smartfon\u00f3w&quot;\" \/>\n<meta property=\"og:description\" content=\"Ostatnio ZAiKS postulowa\u0142 uwzgl\u0119dnienie op\u0142at\u0105 reprograficzn\u0105 smartfon\u00f3w, tablet\u00f3w oraz telewizor\u00f3w z funkcj\u0105 smart. Mowa tutaj o 6% od warto\u015bci urz\u0105dzenia. Federacja Konsument\u00f3w zaapelowa\u0142a w tej kwestii do ministra kultury i m\u00f3wi stanowcze NIE!\" \/>\n<meta property=\"og:url\" content=\"https:\/\/www.speedtest.pl\/wiadomosci\/news\/federacja-konsumentow-podatek-od-smartfonow\/\" \/>\n<meta property=\"og:site_name\" content=\"SpeedTest.pl Wiadomo\u015bci\" \/>\n<meta property=\"article:publisher\" content=\"https:\/\/www.facebook.com\/speedtestpl\/\" \/>\n<meta property=\"article:published_time\" content=\"2020-06-12T17:43:20+00:00\" \/>\n<meta property=\"article:modified_time\" content=\"2020-06-12T17:43:21+00:00\" \/>\n<meta property=\"og:image\" content=\"https:\/\/www.speedtest.pl\/wiadomosci\/wp-content\/uploads\/2020\/06\/smartfon.jpg\" \/>\n\t<meta property=\"og:image:width\" content=\"1024\" \/>\n\t<meta property=\"og:image:height\" content=\"577\" \/>\n\t<meta property=\"og:image:type\" content=\"image\/jpeg\" \/>\n<meta name=\"author\" content=\"BS\" \/>\n<meta name=\"twitter:card\" content=\"summary_large_image\" \/>\n<meta name=\"twitter:creator\" content=\"@speedtestpl\" \/>\n<meta name=\"twitter:site\" content=\"@speedtestpl\" \/>\n<meta name=\"twitter:label1\" content=\"Napisane przez\" \/>\n\t<meta name=\"twitter:data1\" content=\"BS\" \/>\n\t<meta name=\"twitter:label2\" content=\"Szacowany czas czytania\" \/>\n\t<meta name=\"twitter:data2\" content=\"5 minut\" \/>\n<script type=\"application\/ld+json\" class=\"yoast-schema-graph\">{\"@context\":\"https:\/\/schema.org\",\"@graph\":[{\"@type\":\"WebPage\",\"@id\":\"https:\/\/www.speedtest.pl\/wiadomosci\/news\/federacja-konsumentow-podatek-od-smartfonow\/\",\"url\":\"https:\/\/www.speedtest.pl\/wiadomosci\/news\/federacja-konsumentow-podatek-od-smartfonow\/\",\"name\":\"Federacja Konsument\u00f3w sprzeciwia si\u0119 \\\"podatkowi od smartfon\u00f3w\\\"\",\"isPartOf\":{\"@id\":\"https:\/\/www.speedtest.pl\/wiadomosci\/#website\"},\"primaryImageOfPage\":{\"@id\":\"https:\/\/www.speedtest.pl\/wiadomosci\/news\/federacja-konsumentow-podatek-od-smartfonow\/#primaryimage\"},\"image\":{\"@id\":\"https:\/\/www.speedtest.pl\/wiadomosci\/news\/federacja-konsumentow-podatek-od-smartfonow\/#primaryimage\"},\"thumbnailUrl\":\"https:\/\/www.speedtest.pl\/wiadomosci\/wp-content\/uploads\/2020\/06\/smartfon.jpg\",\"datePublished\":\"2020-06-12T17:43:20+00:00\",\"dateModified\":\"2020-06-12T17:43:21+00:00\",\"author\":{\"@id\":\"https:\/\/www.speedtest.pl\/wiadomosci\/#\/schema\/person\/585facd68912bef34cadd731cd3edaf2\"},\"description\":\"Ostatnio ZAiKS postulowa\u0142 uwzgl\u0119dnienie op\u0142at\u0105 reprograficzn\u0105 smartfon\u00f3w, tablet\u00f3w oraz telewizor\u00f3w z funkcj\u0105 smart. Mowa tutaj o 6% od warto\u015bci urz\u0105dzenia. Federacja Konsument\u00f3w zaapelowa\u0142a w tej kwestii do ministra kultury i m\u00f3wi stanowcze NIE!\",\"breadcrumb\":{\"@id\":\"https:\/\/www.speedtest.pl\/wiadomosci\/news\/federacja-konsumentow-podatek-od-smartfonow\/#breadcrumb\"},\"inLanguage\":\"pl-PL\",\"potentialAction\":[{\"@type\":\"ReadAction\",\"target\":[\"https:\/\/www.speedtest.pl\/wiadomosci\/news\/federacja-konsumentow-podatek-od-smartfonow\/\"]}]},{\"@type\":\"ImageObject\",\"inLanguage\":\"pl-PL\",\"@id\":\"https:\/\/www.speedtest.pl\/wiadomosci\/news\/federacja-konsumentow-podatek-od-smartfonow\/#primaryimage\",\"url\":\"https:\/\/www.speedtest.pl\/wiadomosci\/wp-content\/uploads\/2020\/06\/smartfon.jpg\",\"contentUrl\":\"https:\/\/www.speedtest.pl\/wiadomosci\/wp-content\/uploads\/2020\/06\/smartfon.jpg\",\"width\":1024,\"height\":577,\"caption\":\"smartfon\"},{\"@type\":\"BreadcrumbList\",\"@id\":\"https:\/\/www.speedtest.pl\/wiadomosci\/news\/federacja-konsumentow-podatek-od-smartfonow\/#breadcrumb\",\"itemListElement\":[{\"@type\":\"ListItem\",\"position\":1,\"name\":\"Strona g\u0142\u00f3wna\",\"item\":\"https:\/\/www.speedtest.pl\/wiadomosci\/\"},{\"@type\":\"ListItem\",\"position\":2,\"name\":\"Federacja Konsument\u00f3w sprzeciwia si\u0119 &#8220;podatkowi od smartfon\u00f3w&#8221;\"}]},{\"@type\":\"WebSite\",\"@id\":\"https:\/\/www.speedtest.pl\/wiadomosci\/#website\",\"url\":\"https:\/\/www.speedtest.pl\/wiadomosci\/\",\"name\":\"SpeedTest.pl Wiadomo\u015bci\",\"description\":\"Rankingi ISP, newsy i opinie ze \u015bwiata IT, recenzje sprz\u0119tu, gry, motoryzacja\",\"potentialAction\":[{\"@type\":\"SearchAction\",\"target\":{\"@type\":\"EntryPoint\",\"urlTemplate\":\"https:\/\/www.speedtest.pl\/wiadomosci\/?s={search_term_string}\"},\"query-input\":{\"@type\":\"PropertyValueSpecification\",\"valueRequired\":true,\"valueName\":\"search_term_string\"}}],\"inLanguage\":\"pl-PL\"},{\"@type\":\"Person\",\"@id\":\"https:\/\/www.speedtest.pl\/wiadomosci\/#\/schema\/person\/585facd68912bef34cadd731cd3edaf2\",\"name\":\"BS\",\"image\":{\"@type\":\"ImageObject\",\"inLanguage\":\"pl-PL\",\"@id\":\"https:\/\/www.speedtest.pl\/wiadomosci\/#\/schema\/person\/image\/\",\"url\":\"https:\/\/www.speedtest.pl\/wiadomosci\/wp-content\/uploads\/2018\/01\/bek.png\",\"contentUrl\":\"https:\/\/www.speedtest.pl\/wiadomosci\/wp-content\/uploads\/2018\/01\/bek.png\",\"caption\":\"BS\"},\"description\":\"Bernard to redaktor naczelny SpeedTest.pl. Jest analitykiem i pasjonatem gier. Studiowa\u0142 na Politechnice Wroc\u0142awskiej informatyk\u0119 i zarz\u0105dzanie. Lubi szybkie samochody, podr\u00f3\u017ce do egzotycznych kraj\u00f3w oraz dobre ksi\u0105\u017cki z kategorii fantastyka.\",\"url\":\"https:\/\/www.speedtest.pl\/wiadomosci\/author\/bernard\/\"}]}<\/script>\n<!-- \/ Yoast SEO plugin. -->","yoast_head_json":{"title":"Federacja Konsument\u00f3w sprzeciwia si\u0119 \"podatkowi od smartfon\u00f3w\"","description":"Ostatnio ZAiKS postulowa\u0142 uwzgl\u0119dnienie op\u0142at\u0105 reprograficzn\u0105 smartfon\u00f3w, tablet\u00f3w oraz telewizor\u00f3w z funkcj\u0105 smart. Mowa tutaj o 6% od warto\u015bci urz\u0105dzenia. Federacja Konsument\u00f3w zaapelowa\u0142a w tej kwestii do ministra kultury i m\u00f3wi stanowcze NIE!","robots":{"index":"index","follow":"follow","max-snippet":"max-snippet:-1","max-image-preview":"max-image-preview:large","max-video-preview":"max-video-preview:-1"},"canonical":"https:\/\/www.speedtest.pl\/wiadomosci\/news\/federacja-konsumentow-podatek-od-smartfonow\/","og_locale":"pl_PL","og_type":"article","og_title":"Federacja Konsument\u00f3w sprzeciwia si\u0119 \"podatkowi od smartfon\u00f3w\"","og_description":"Ostatnio ZAiKS postulowa\u0142 uwzgl\u0119dnienie op\u0142at\u0105 reprograficzn\u0105 smartfon\u00f3w, tablet\u00f3w oraz telewizor\u00f3w z funkcj\u0105 smart. Mowa tutaj o 6% od warto\u015bci urz\u0105dzenia. Federacja Konsument\u00f3w zaapelowa\u0142a w tej kwestii do ministra kultury i m\u00f3wi stanowcze NIE!","og_url":"https:\/\/www.speedtest.pl\/wiadomosci\/news\/federacja-konsumentow-podatek-od-smartfonow\/","og_site_name":"SpeedTest.pl Wiadomo\u015bci","article_publisher":"https:\/\/www.facebook.com\/speedtestpl\/","article_published_time":"2020-06-12T17:43:20+00:00","article_modified_time":"2020-06-12T17:43:21+00:00","og_image":[{"width":1024,"height":577,"url":"https:\/\/www.speedtest.pl\/wiadomosci\/wp-content\/uploads\/2020\/06\/smartfon.jpg","type":"image\/jpeg"}],"author":"BS","twitter_card":"summary_large_image","twitter_creator":"@speedtestpl","twitter_site":"@speedtestpl","twitter_misc":{"Napisane przez":"BS","Szacowany czas czytania":"5 minut"},"schema":{"@context":"https:\/\/schema.org","@graph":[{"@type":"WebPage","@id":"https:\/\/www.speedtest.pl\/wiadomosci\/news\/federacja-konsumentow-podatek-od-smartfonow\/","url":"https:\/\/www.speedtest.pl\/wiadomosci\/news\/federacja-konsumentow-podatek-od-smartfonow\/","name":"Federacja Konsument\u00f3w sprzeciwia si\u0119 \"podatkowi od smartfon\u00f3w\"","isPartOf":{"@id":"https:\/\/www.speedtest.pl\/wiadomosci\/#website"},"primaryImageOfPage":{"@id":"https:\/\/www.speedtest.pl\/wiadomosci\/news\/federacja-konsumentow-podatek-od-smartfonow\/#primaryimage"},"image":{"@id":"https:\/\/www.speedtest.pl\/wiadomosci\/news\/federacja-konsumentow-podatek-od-smartfonow\/#primaryimage"},"thumbnailUrl":"https:\/\/www.speedtest.pl\/wiadomosci\/wp-content\/uploads\/2020\/06\/smartfon.jpg","datePublished":"2020-06-12T17:43:20+00:00","dateModified":"2020-06-12T17:43:21+00:00","author":{"@id":"https:\/\/www.speedtest.pl\/wiadomosci\/#\/schema\/person\/585facd68912bef34cadd731cd3edaf2"},"description":"Ostatnio ZAiKS postulowa\u0142 uwzgl\u0119dnienie op\u0142at\u0105 reprograficzn\u0105 smartfon\u00f3w, tablet\u00f3w oraz telewizor\u00f3w z funkcj\u0105 smart. Mowa tutaj o 6% od warto\u015bci urz\u0105dzenia. Federacja Konsument\u00f3w zaapelowa\u0142a w tej kwestii do ministra kultury i m\u00f3wi stanowcze NIE!","breadcrumb":{"@id":"https:\/\/www.speedtest.pl\/wiadomosci\/news\/federacja-konsumentow-podatek-od-smartfonow\/#breadcrumb"},"inLanguage":"pl-PL","potentialAction":[{"@type":"ReadAction","target":["https:\/\/www.speedtest.pl\/wiadomosci\/news\/federacja-konsumentow-podatek-od-smartfonow\/"]}]},{"@type":"ImageObject","inLanguage":"pl-PL","@id":"https:\/\/www.speedtest.pl\/wiadomosci\/news\/federacja-konsumentow-podatek-od-smartfonow\/#primaryimage","url":"https:\/\/www.speedtest.pl\/wiadomosci\/wp-content\/uploads\/2020\/06\/smartfon.jpg","contentUrl":"https:\/\/www.speedtest.pl\/wiadomosci\/wp-content\/uploads\/2020\/06\/smartfon.jpg","width":1024,"height":577,"caption":"smartfon"},{"@type":"BreadcrumbList","@id":"https:\/\/www.speedtest.pl\/wiadomosci\/news\/federacja-konsumentow-podatek-od-smartfonow\/#breadcrumb","itemListElement":[{"@type":"ListItem","position":1,"name":"Strona g\u0142\u00f3wna","item":"https:\/\/www.speedtest.pl\/wiadomosci\/"},{"@type":"ListItem","position":2,"name":"Federacja Konsument\u00f3w sprzeciwia si\u0119 &#8220;podatkowi od smartfon\u00f3w&#8221;"}]},{"@type":"WebSite","@id":"https:\/\/www.speedtest.pl\/wiadomosci\/#website","url":"https:\/\/www.speedtest.pl\/wiadomosci\/","name":"SpeedTest.pl Wiadomo\u015bci","description":"Rankingi ISP, newsy i opinie ze \u015bwiata IT, recenzje sprz\u0119tu, gry, motoryzacja","potentialAction":[{"@type":"SearchAction","target":{"@type":"EntryPoint","urlTemplate":"https:\/\/www.speedtest.pl\/wiadomosci\/?s={search_term_string}"},"query-input":{"@type":"PropertyValueSpecification","valueRequired":true,"valueName":"search_term_string"}}],"inLanguage":"pl-PL"},{"@type":"Person","@id":"https:\/\/www.speedtest.pl\/wiadomosci\/#\/schema\/person\/585facd68912bef34cadd731cd3edaf2","name":"BS","image":{"@type":"ImageObject","inLanguage":"pl-PL","@id":"https:\/\/www.speedtest.pl\/wiadomosci\/#\/schema\/person\/image\/","url":"https:\/\/www.speedtest.pl\/wiadomosci\/wp-content\/uploads\/2018\/01\/bek.png","contentUrl":"https:\/\/www.speedtest.pl\/wiadomosci\/wp-content\/uploads\/2018\/01\/bek.png","caption":"BS"},"description":"Bernard to redaktor naczelny SpeedTest.pl. Jest analitykiem i pasjonatem gier. Studiowa\u0142 na Politechnice Wroc\u0142awskiej informatyk\u0119 i zarz\u0105dzanie. Lubi szybkie samochody, podr\u00f3\u017ce do egzotycznych kraj\u00f3w oraz dobre ksi\u0105\u017cki z kategorii fantastyka.","url":"https:\/\/www.speedtest.pl\/wiadomosci\/author\/bernard\/"}]}},"jetpack_featured_media_url":"https:\/\/www.speedtest.pl\/wiadomosci\/wp-content\/uploads\/2020\/06\/smartfon.jpg","jetpack_sharing_enabled":true,"jetpack_shortlink":"https:\/\/wp.me\/p85ce0-7sq","_links":{"self":[{"href":"https:\/\/www.speedtest.pl\/wiadomosci\/wp-json\/wp\/v2\/posts\/28670","targetHints":{"allow":["GET"]}}],"collection":[{"href":"https:\/\/www.speedtest.pl\/wiadomosci\/wp-json\/wp\/v2\/posts"}],"about":[{"href":"https:\/\/www.speedtest.pl\/wiadomosci\/wp-json\/wp\/v2\/types\/post"}],"author":[{"embeddable":true,"href":"https:\/\/www.speedtest.pl\/wiadomosci\/wp-json\/wp\/v2\/users\/13"}],"replies":[{"embeddable":true,"href":"https:\/\/www.speedtest.pl\/wiadomosci\/wp-json\/wp\/v2\/comments?post=28670"}],"version-history":[{"count":2,"href":"https:\/\/www.speedtest.pl\/wiadomosci\/wp-json\/wp\/v2\/posts\/28670\/revisions"}],"predecessor-version":[{"id":28673,"href":"https:\/\/www.speedtest.pl\/wiadomosci\/wp-json\/wp\/v2\/posts\/28670\/revisions\/28673"}],"wp:featuredmedia":[{"embeddable":true,"href":"https:\/\/www.speedtest.pl\/wiadomosci\/wp-json\/wp\/v2\/media\/28672"}],"wp:attachment":[{"href":"https:\/\/www.speedtest.pl\/wiadomosci\/wp-json\/wp\/v2\/media?parent=28670"}],"wp:term":[{"taxonomy":"category","embeddable":true,"href":"https:\/\/www.speedtest.pl\/wiadomosci\/wp-json\/wp\/v2\/categories?post=28670"},{"taxonomy":"post_tag","embeddable":true,"href":"https:\/\/www.speedtest.pl\/wiadomosci\/wp-json\/wp\/v2\/tags?post=28670"},{"taxonomy":"table_tags","embeddable":true,"href":"https:\/\/www.speedtest.pl\/wiadomosci\/wp-json\/wp\/v2\/table_tags?post=28670"}],"curies":[{"name":"wp","href":"https:\/\/api.w.org\/{rel}","templated":true}]}}