{"id":28638,"date":"2020-06-08T11:39:34","date_gmt":"2020-06-08T09:39:34","guid":{"rendered":"https:\/\/www.speedtest.pl\/wiadomosci\/?p=28638"},"modified":"2020-06-08T11:39:35","modified_gmt":"2020-06-08T09:39:35","slug":"t-mobile-komercyjny-start-5g-2100-mhz","status":"publish","type":"post","link":"https:\/\/www.speedtest.pl\/wiadomosci\/5g\/t-mobile-komercyjny-start-5g-2100-mhz\/","title":{"rendered":"T-Mobile ju\u017c jutro startuje z komercyjnym 5G w pa\u015bmie 2100 MHz"},"content":{"rendered":"\n<p><strong>Zgodnie z wcze\u015bniejszymi zapowiedziami T-Mobile og\u0142osi\u0142o start komercyjnych us\u0142ug 5G w pa\u015bmie 2100 MHz. Ich uruchomienie mo\u017cliwe jest dzi\u0119ki technologii dynamicznego wsp\u00f3\u0142dzielenia cz\u0119stotliwo\u015bci DSS. Najwi\u0119ksz\u0105 zalet\u0105 tego rozwi\u0105zania jest dobry zasi\u0119g, kt\u00f3ry na pocz\u0105tek zapewni 1600 stacji bazowych pracuj\u0105cych w 12 miastach i ich okolicach.<\/strong><\/p>\n\n\n\n<p>Jeszcze do niedawna tylko dw\u00f3ch z czterech polskich operator\u00f3w chcia\u0142o uruchamia\u0107 sie\u0107 pi\u0105tej generacji na obecnie posiadanych cz\u0119stotliwo\u015bciach. Jednak sytuacja, jaka wywi\u0105za\u0142a si\u0119 przy niedosz\u0142ej aukcji 5G, sprawi\u0142a, \u017ce wszystkie telekomy w do\u015b\u0107 kr\u00f3tkim czasie zmieni\u0142y swoj\u0105 strategi\u0119. Na uruchomienie 5G w Polsce na cz\u0119stotliwo\u015bciach z dedykowanego do tego celu pasma C nie ma ju\u017c praktycznie szans. Dlatego te\u017c T-Mobile <a href=\"https:\/\/www.speedtest.pl\/wiadomosci\/5g\/t-mobile-5g-2100-mhz\/\">przyspieszy\u0142o w ostatnich miesi\u0105cach inwestycje<\/a> w zakresie modernizacji obecnych stacji bazowych LTE. Operator umo\u017cliwi\u0142 na nich uruchomienie sieci 5G w pa\u015bmie 2100 MHz. Oczywi\u015bcie osoby, kt\u00f3re nie nab\u0119d\u0105 smartfon\u00f3w 5G, dalej b\u0119d\u0105 mog\u0142y korzysta\u0107 z tego zasobu, poniewa\u017c b\u0119dzie on dynamicznie wsp\u00f3\u0142dzielony.<\/p>\n\n\n\n<blockquote class=\"td_quote_box td_box_center\"><p>&#8222;Dzi\u015b z dum\u0105 og\u0142aszam komercyjne uruchomienie sieci 5G w T-Mobile. Nie chcemy czeka\u0107 na to, co przyniesie przysz\u0142o\u015b\u0107, tylko j\u0105 tworzy\u0107. Dlatego ju\u017c teraz dajemy naszym klientom mo\u017cliwo\u015b\u0107 stania si\u0119 cz\u0119\u015bci\u0105 pierwszego etapu tej rewolucji technologicznej i przy\u0142\u0105czenia si\u0119 do 5G. Nie ograniczamy si\u0119 do jednego, niewielkiego obszaru, a uruchamiamy us\u0142ug\u0119 w szerokiej skali&#8221; \u2013 powiedzia\u0142 Andreas Maierhofer, Prezes Zarz\u0105du T-Mobile Polska.<\/p><\/blockquote>\n\n\n\n<h2 class=\"wp-block-heading\">Komercyjne 5G od T-Mobile startuje 9 czerwca<\/h2>\n\n\n\n<p> T-Mobile zapowiada, \u017ce do ko\u0144ca czerwca w sieci 5G b\u0119dzie dzia\u0142a\u0107 1600 stacji bazowych zlokalizowanych na terenie ca\u0142ego kraju. Liczba ta przek\u0142ada si\u0119 na zasi\u0119g, kt\u00f3ry obejmie 6 milion\u00f3w os\u00f3b. Ciekawe jest r\u00f3wnie\u017c to, \u017ce dok\u0142adnie takie same dane dot. zasi\u0119gu <a href=\"https:\/\/www.speedtest.pl\/wiadomosci\/5g\/orange-start-5g-pasmo-2100-mhz\/\">poda\u0142o w swoim komunikacie Orange<\/a>. Ca\u0142kiem mo\u017cliwe, \u017ce obaj operatorzy b\u0119d\u0105 wsp\u00f3\u0142dzieli\u0107 wi\u0119kszo\u015b\u0107 lokalizacji, na kt\u00f3rych b\u0119dzie dzia\u0142a\u0107 5G. Jednak na razie nie mamy co do tego pewno\u015bci i finalnie mo\u017ce okaza\u0107 si\u0119, \u017ce zasi\u0119g sieci pi\u0105tej generacji obu operator\u00f3w b\u0119dzie r\u00f3\u017cny.<\/p>\n\n\n\n<p>Na obecn\u0105 chwil\u0119 wiemy, \u017ce komercyjne us\u0142ugi 5G w sieci T-Mobile wystartuj\u0105 ju\u017c jutro, czyli 9 czerwca. Pocz\u0105tkowo b\u0119d\u0105 one dost\u0119pne m.in. w Warszawie i okolicach, \u0141odzi, Krakowie, Poznaniu, Wroc\u0142awiu, P\u0142ocku, Opolu, Cz\u0119stochowie, Rzeszowie, Bielsko-Bia\u0142ej, Kielcach oraz G\u00f3rno\u015bl\u0105skim Okr\u0119gu Przemys\u0142owym. Na stronie operatora znajdziecie ju\u017c mapy zasi\u0119gowe, kt\u00f3re wygl\u0105daj\u0105 naprawd\u0119 interesuj\u0105co. Poni\u017cej zamieszczamy przyk\u0142adowe dla Warszawy, Wroc\u0142awia oraz \u0141odzi.<\/p>\n\n\n<div id=\"envira-gallery-wrap-28644\" class=\"envira-gallery-wrap envira-gallery-theme-base envira-lightbox-theme-base\" itemscope itemtype=\"https:\/\/schema.org\/ImageGallery\"><div data-row-height=\"\" data-gallery-theme=\"\" id=\"envira-gallery-28644\" class=\"envira-gallery-public  envira-gallery-3-columns envira-clear enviratope envira-gallery-css-animations\" data-envira-columns=\"3\"><div id=\"envira-gallery-item-28643\" class=\"envira-gallery-item enviratope-item envira-gallery-item-1\" style=\"padding-left: 5px; padding-bottom: 10px; padding-right: 5px;\"  itemscope itemtype=\"https:\/\/schema.org\/ImageObject\"><div class=\"envira-gallery-item-inner\"><div class=\"envira-gallery-position-overlay  envira-gallery-top-left\"><\/div><div class=\"envira-gallery-position-overlay  envira-gallery-top-right\"><\/div><div class=\"envira-gallery-position-overlay  envira-gallery-bottom-left\"><\/div><div class=\"envira-gallery-position-overlay  envira-gallery-bottom-right\"><\/div><a href=\"https:\/\/www.speedtest.pl\/wiadomosci\/wp-content\/uploads\/2020\/06\/T-Mobile-5G-Warszawa.png\" class=\"envira-gallery-28644 envira-gallery-link\" rel=\"enviragallery28644\" title=\"T-Mobile 5G Warszawa\" data-envira-caption=\"T-Mobile 5G Warszawa\" data-envira-retina=\"\" data-thumbnail=\"\"  itemprop=\"contentUrl\"><img decoding=\"async\" id=\"envira-gallery-image-28643\" class=\"envira-gallery-image envira-gallery-image-1\" data-envira-index=\"1\" src=\"https:\/\/www.speedtest.pl\/wiadomosci\/wp-content\/uploads\/2020\/06\/T-Mobile-5G-Warszawa-741x486-640x480.png\" data-envira-src=\"https:\/\/www.speedtest.pl\/wiadomosci\/wp-content\/uploads\/2020\/06\/T-Mobile-5G-Warszawa-741x486-640x480.png\" data-envira-gallery-id=\"28644\" data-envira-item-id=\"28643\" data-envira-caption=\"T-Mobile 5G Warszawa\" alt=\"T-Mobile 5G Warszawa\" title=\"T-Mobile 5G Warszawa\"  itemprop=\"thumbnailUrl\" data-envira-srcset=\"https:\/\/www.speedtest.pl\/wiadomosci\/wp-content\/uploads\/2020\/06\/T-Mobile-5G-Warszawa-741x486-640x480.png 400w,https:\/\/www.speedtest.pl\/wiadomosci\/wp-content\/uploads\/2020\/06\/T-Mobile-5G-Warszawa-741x486-640x480.png 2x\" srcset=\"https:\/\/www.speedtest.pl\/wiadomosci\/wp-content\/uploads\/2020\/06\/T-Mobile-5G-Warszawa-1280x960.png 2x\" \/><\/a><\/div><\/div><div id=\"envira-gallery-item-28641\" class=\"envira-gallery-item enviratope-item envira-gallery-item-2\" style=\"padding-left: 5px; padding-bottom: 10px; padding-right: 5px;\"  itemscope itemtype=\"https:\/\/schema.org\/ImageObject\"><div class=\"envira-gallery-item-inner\"><div class=\"envira-gallery-position-overlay  envira-gallery-top-left\"><\/div><div class=\"envira-gallery-position-overlay  envira-gallery-top-right\"><\/div><div class=\"envira-gallery-position-overlay  envira-gallery-bottom-left\"><\/div><div class=\"envira-gallery-position-overlay  envira-gallery-bottom-right\"><\/div><a href=\"https:\/\/www.speedtest.pl\/wiadomosci\/wp-content\/uploads\/2020\/06\/T-Mobile-5G-Wroclaw.png\" class=\"envira-gallery-28644 envira-gallery-link\" rel=\"enviragallery28644\" title=\"T-Mobile 5G Wroc\u0142aw\" data-envira-caption=\"T-Mobile 5G Wroc\u0142aw\" data-envira-retina=\"\" data-thumbnail=\"\"  itemprop=\"contentUrl\"><img decoding=\"async\" id=\"envira-gallery-image-28641\" class=\"envira-gallery-image envira-gallery-image-2\" data-envira-index=\"2\" src=\"https:\/\/www.speedtest.pl\/wiadomosci\/wp-content\/uploads\/2020\/06\/T-Mobile-5G-Wroclaw-741x486-640x480.png\" data-envira-src=\"https:\/\/www.speedtest.pl\/wiadomosci\/wp-content\/uploads\/2020\/06\/T-Mobile-5G-Wroclaw-741x486-640x480.png\" data-envira-gallery-id=\"28644\" data-envira-item-id=\"28641\" data-envira-caption=\"T-Mobile 5G Wroc\u0142aw\" alt=\"T-Mobile 5G Wroc\u0142aw\" title=\"T-Mobile 5G Wroc\u0142aw\"  itemprop=\"thumbnailUrl\" data-envira-srcset=\"https:\/\/www.speedtest.pl\/wiadomosci\/wp-content\/uploads\/2020\/06\/T-Mobile-5G-Wroclaw-741x486-640x480.png 400w,https:\/\/www.speedtest.pl\/wiadomosci\/wp-content\/uploads\/2020\/06\/T-Mobile-5G-Wroclaw-741x486-640x480.png 2x\" srcset=\"https:\/\/www.speedtest.pl\/wiadomosci\/wp-content\/uploads\/2020\/06\/T-Mobile-5G-Wroclaw-1280x960.png 2x\" \/><\/a><\/div><\/div><div id=\"envira-gallery-item-28642\" class=\"envira-gallery-item enviratope-item envira-gallery-item-3\" style=\"padding-left: 5px; padding-bottom: 10px; padding-right: 5px;\"  itemscope itemtype=\"https:\/\/schema.org\/ImageObject\"><div class=\"envira-gallery-item-inner\"><div class=\"envira-gallery-position-overlay  envira-gallery-top-left\"><\/div><div class=\"envira-gallery-position-overlay  envira-gallery-top-right\"><\/div><div class=\"envira-gallery-position-overlay  envira-gallery-bottom-left\"><\/div><div class=\"envira-gallery-position-overlay  envira-gallery-bottom-right\"><\/div><a href=\"https:\/\/www.speedtest.pl\/wiadomosci\/wp-content\/uploads\/2020\/06\/T-Mobile-5G-Lodz.png\" class=\"envira-gallery-28644 envira-gallery-link\" rel=\"enviragallery28644\" title=\"T-Mobile 5G \u0141&oacute;d\u017a\" data-envira-caption=\"T-Mobile 5G \u0141&oacute;d\u017a\" data-envira-retina=\"\" data-thumbnail=\"\"  itemprop=\"contentUrl\"><img decoding=\"async\" id=\"envira-gallery-image-28642\" class=\"envira-gallery-image envira-gallery-image-3\" data-envira-index=\"3\" src=\"https:\/\/www.speedtest.pl\/wiadomosci\/wp-content\/uploads\/2020\/06\/T-Mobile-5G-Lodz-741x486-640x480.png\" data-envira-src=\"https:\/\/www.speedtest.pl\/wiadomosci\/wp-content\/uploads\/2020\/06\/T-Mobile-5G-Lodz-741x486-640x480.png\" data-envira-gallery-id=\"28644\" data-envira-item-id=\"28642\" data-envira-caption=\"T-Mobile 5G \u0141&oacute;d\u017a\" alt=\"T-Mobile 5G \u0141\u00f3d\u017a\" title=\"T-Mobile 5G \u0141&amp;oacute;d\u017a\"  itemprop=\"thumbnailUrl\" data-envira-srcset=\"https:\/\/www.speedtest.pl\/wiadomosci\/wp-content\/uploads\/2020\/06\/T-Mobile-5G-Lodz-741x486-640x480.png 400w,https:\/\/www.speedtest.pl\/wiadomosci\/wp-content\/uploads\/2020\/06\/T-Mobile-5G-Lodz-741x486-640x480.png 2x\" srcset=\"https:\/\/www.speedtest.pl\/wiadomosci\/wp-content\/uploads\/2020\/06\/T-Mobile-5G-Lodz-1280x960.png 2x\" \/><\/a><\/div><\/div><\/div><\/div><noscript><img decoding=\"async\" src=\"https:\/\/www.speedtest.pl\/wiadomosci\/wp-content\/uploads\/2020\/06\/T-Mobile-5G-Warszawa.png\" alt=\"T-Mobile 5G Warszawa\" \/><img decoding=\"async\" src=\"https:\/\/www.speedtest.pl\/wiadomosci\/wp-content\/uploads\/2020\/06\/T-Mobile-5G-Wroclaw.png\" alt=\"T-Mobile 5G Wroc\u0142aw\" \/><img decoding=\"async\" src=\"https:\/\/www.speedtest.pl\/wiadomosci\/wp-content\/uploads\/2020\/06\/T-Mobile-5G-Lodz.png\" alt=\"T-Mobile 5G \u0141\u00f3d\u017a\" \/><\/noscript>\n\n\n\n<p>Na obecn\u0105 chwil\u0119 uda\u0142o nam si\u0119 wychwyci\u0107 jedn\u0105 r\u00f3\u017cnic\u0119 dot. miejscowo\u015bci zadeklarowanych przez T-Mobile i Orange. W przypadku &#8222;pomara\u0144czowych&#8221; pad\u0142a informacja dotycz\u0105ca Katowic, gdzie w pierwszej fazie T-Mobile nie b\u0119dzie \u015bwiadczy\u0107 us\u0142ug 5G. Jednak bardziej szczeg\u00f3\u0142owe informacje na ten temat powinni\u015bmy pozna\u0107 pod koniec czerwca, poniewa\u017c Orange z pierwsz\u0105 swoj\u0105 komercyjn\u0105 us\u0142ug\u0105 5G wystartuje od 1 lipca.<\/p>\n\n\n\n<h2 class=\"wp-block-heading\">Jak skorzysta\u0107 z us\u0142ug 5G w T-Mobile?<\/h2>\n\n\n\n<p>Oczywi\u015bcie, \u017ceby mo\u017cna by\u0142o skorzysta\u0107 z nowych us\u0142ug, najpierw trzeba mie\u0107 odpowiednie urz\u0105dzenie. Specyfikacja techniczna sieci wymaga, \u017ceby obs\u0142ugiwa\u0142o ono 5G w pa\u015bmie 2100 MHz i dynamiczne wsp\u00f3\u0142dzielenie pasma (DSS). Aktualnie lista kompatybilnych urz\u0105dze\u0144 jest do\u015b\u0107 kr\u00f3tka. Sprowadza si\u0119 ona do 2 smartfon\u00f3w i 2 router\u00f3w:<\/p>\n\n\n\n<ul class=\"wp-block-list\"><li>LG V60 ThinQ wersja oprogramowania: V10e-EEA-XX,<\/li><li>Xiaomi Mi 10 5G wersja oprogramowania: MIUI Global SW: 11.0.11 | 11.0.11.0(QJBEUXM),<\/li><li>ZTE MC801A wersja oprogramowania: TMOPLMC801AV1.0.0B07,<\/li><li>Huawei\u00a05G CPE Pro 2 wersja oprogramowania: 10.0.5.1(H612SP1C983).<\/li><\/ul>\n\n\n\n<p>Aktualnie na li\u015bcie nie ma Samsunga Galaxy S20 Ultra. Ca\u0142kiem mo\u017cliwe, \u017ce jego brak wynika z braku odpowiedniego oprogramowania. Na razie wiemy, wersja europejska tego urz\u0105dzenia wspiera DSS. Przy czym obecnie funkcja ta jest wykorzystywana w <a href=\"https:\/\/www.speedtest.pl\/wiadomosci\/5g\/vodafone-5g-w-calej-holandii\/\">holenderskiej sieci Vodafone<\/a>, gdzie 5G dzia\u0142a w pa\u015bmie 1800 MHz.<\/p>\n\n\n\n<p>Opr\u00f3cz samego urz\u0105dzenia potrzebny jest r\u00f3wnie\u017c odpowiedni plan taryfowy. Na razie us\u0142ugi 5G b\u0119d\u0105 dost\u0119pne we wszystkich taryfach oferowanych od wrze\u015bnia 2019 roku dla klient\u00f3w indywidualnych oraz w taryfie MagentaBIZNES. Przy czym w tej ostatniej operator zniesie limity pr\u0119dko\u015bci transmisji danych. W przysz\u0142o\u015bci T-Mobile zamierza wprowadzi\u0107 dedykowane oferty, kt\u00f3re wykorzystaj\u0105 zwi\u0119kszaj\u0105cy si\u0119 potencja\u0142 nowej technologii.<\/p>\n\n\n\n<p>\u0179r\u00f3d\u0142o: <a href=\"https:\/\/firma.t-mobile.pl\/dla-mediow\/aktualnosci\/informacja-prasowa\/2020\/06\/przylacz-sie-do-5g--t-mobile-uruchamia-komercyjna-siec-nowej-generacji.html\" rel=\"external nofollow\">T-Mobile (1)<\/a>, <a href=\"http:\/\/www.t-mobile.pl\/pl\/oferta_specjalna\/5g-lab\/\" rel=\"external nofollow\">(2)<\/a><\/p>\n","protected":false},"excerpt":{"rendered":"<p>Zgodnie z wcze\u015bniejszymi zapowiedziami T-Mobile og\u0142osi\u0142o start komercyjnych us\u0142ug 5G w pa\u015bmie 2100 MHz. Ich uruchomienie mo\u017cliwe jest dzi\u0119ki technologii dynamicznego wsp\u00f3\u0142dzielenia cz\u0119stotliwo\u015bci DSS. Najwi\u0119ksz\u0105 zalet\u0105 tego rozwi\u0105zania jest dobry zasi\u0119g, kt\u00f3ry na pocz\u0105tek zapewni 1600 stacji bazowych pracuj\u0105cych w 12 miastach i ich okolicach. Jeszcze do niedawna tylko dw\u00f3ch z czterech polskich operator\u00f3w chcia\u0142o [&hellip;]<\/p>\n","protected":false},"author":12,"featured_media":16385,"comment_status":"closed","ping_status":"open","sticky":false,"template":"","format":"standard","meta":{"jetpack_post_was_ever_published":false,"_jetpack_newsletter_access":"","_jetpack_dont_email_post_to_subs":false,"_jetpack_newsletter_tier_id":0,"_jetpack_memberships_contains_paywalled_content":false,"_jetpack_memberships_contains_paid_content":false,"footnotes":"","jetpack_publicize_message":"","jetpack_publicize_feature_enabled":true,"jetpack_social_post_already_shared":true,"jetpack_social_options":{"image_generator_settings":{"template":"highway","enabled":false},"version":2}},"categories":[2344,2016,57,253],"tags":[4946,143,5417,591,5944,303,770],"table_tags":[],"class_list":["post-28638","post","type-post","status-publish","format-standard","has-post-thumbnail","hentry","category-5g","category-esej","category-internet-mobilny","category-polecane","tag-2100-mhz","tag-5g","tag-dss","tag-internet-mobilny","tag-komercyjny-start","tag-t-mobile","tag-zasieg"],"jetpack_publicize_connections":[],"yoast_head":"<!-- This site is optimized with the Yoast SEO plugin v24.8.1 - https:\/\/yoast.com\/wordpress\/plugins\/seo\/ -->\n<title>T-Mobile ju\u017c jutro startuje z komercyjnym 5G w pa\u015bmie 2100 MHz<\/title>\n<meta name=\"description\" content=\"T-Mobile og\u0142osi\u0142o start komercyjnych us\u0142ug 5G w pa\u015bmie 2100 MHz. Ich uruchomienie mo\u017cliwe jest dzi\u0119ki technologii dynamicznego wsp\u00f3\u0142dzielenia cz\u0119stotliwo\u015bci DSS.\" \/>\n<meta name=\"robots\" content=\"index, follow, max-snippet:-1, max-image-preview:large, max-video-preview:-1\" \/>\n<link rel=\"canonical\" href=\"https:\/\/www.speedtest.pl\/wiadomosci\/5g\/t-mobile-komercyjny-start-5g-2100-mhz\/\" \/>\n<meta property=\"og:locale\" content=\"pl_PL\" \/>\n<meta property=\"og:type\" content=\"article\" \/>\n<meta property=\"og:title\" content=\"T-Mobile ju\u017c jutro startuje z komercyjnym 5G w pa\u015bmie 2100 MHz\" \/>\n<meta property=\"og:description\" content=\"T-Mobile og\u0142osi\u0142o start komercyjnych us\u0142ug 5G w pa\u015bmie 2100 MHz. Ich uruchomienie mo\u017cliwe jest dzi\u0119ki technologii dynamicznego wsp\u00f3\u0142dzielenia cz\u0119stotliwo\u015bci DSS.\" \/>\n<meta property=\"og:url\" content=\"https:\/\/www.speedtest.pl\/wiadomosci\/5g\/t-mobile-komercyjny-start-5g-2100-mhz\/\" \/>\n<meta property=\"og:site_name\" content=\"SpeedTest.pl Wiadomo\u015bci\" \/>\n<meta property=\"article:publisher\" content=\"https:\/\/www.facebook.com\/speedtestpl\/\" \/>\n<meta property=\"article:published_time\" content=\"2020-06-08T09:39:34+00:00\" \/>\n<meta property=\"article:modified_time\" content=\"2020-06-08T09:39:35+00:00\" \/>\n<meta property=\"og:image\" content=\"https:\/\/www.speedtest.pl\/wiadomosci\/wp-content\/uploads\/2018\/06\/T-Mobile-5G.jpg\" \/>\n\t<meta property=\"og:image:width\" content=\"1024\" \/>\n\t<meta property=\"og:image:height\" content=\"576\" \/>\n\t<meta property=\"og:image:type\" content=\"image\/jpeg\" \/>\n<meta name=\"author\" content=\"PJ\" \/>\n<meta name=\"twitter:card\" content=\"summary_large_image\" \/>\n<meta name=\"twitter:creator\" content=\"@speedtestpl\" \/>\n<meta name=\"twitter:site\" content=\"@speedtestpl\" \/>\n<meta name=\"twitter:label1\" content=\"Napisane przez\" \/>\n\t<meta name=\"twitter:data1\" content=\"PJ\" \/>\n\t<meta name=\"twitter:label2\" content=\"Szacowany czas czytania\" \/>\n\t<meta name=\"twitter:data2\" content=\"4 minuty\" \/>\n<script type=\"application\/ld+json\" class=\"yoast-schema-graph\">{\"@context\":\"https:\/\/schema.org\",\"@graph\":[{\"@type\":\"WebPage\",\"@id\":\"https:\/\/www.speedtest.pl\/wiadomosci\/5g\/t-mobile-komercyjny-start-5g-2100-mhz\/\",\"url\":\"https:\/\/www.speedtest.pl\/wiadomosci\/5g\/t-mobile-komercyjny-start-5g-2100-mhz\/\",\"name\":\"T-Mobile ju\u017c jutro startuje z komercyjnym 5G w pa\u015bmie 2100 MHz\",\"isPartOf\":{\"@id\":\"https:\/\/www.speedtest.pl\/wiadomosci\/#website\"},\"primaryImageOfPage\":{\"@id\":\"https:\/\/www.speedtest.pl\/wiadomosci\/5g\/t-mobile-komercyjny-start-5g-2100-mhz\/#primaryimage\"},\"image\":{\"@id\":\"https:\/\/www.speedtest.pl\/wiadomosci\/5g\/t-mobile-komercyjny-start-5g-2100-mhz\/#primaryimage\"},\"thumbnailUrl\":\"https:\/\/www.speedtest.pl\/wiadomosci\/wp-content\/uploads\/2018\/06\/T-Mobile-5G.jpg\",\"datePublished\":\"2020-06-08T09:39:34+00:00\",\"dateModified\":\"2020-06-08T09:39:35+00:00\",\"author\":{\"@id\":\"https:\/\/www.speedtest.pl\/wiadomosci\/#\/schema\/person\/1e51a1178096c8851f7d3ab0575726e4\"},\"description\":\"T-Mobile og\u0142osi\u0142o start komercyjnych us\u0142ug 5G w pa\u015bmie 2100 MHz. Ich uruchomienie mo\u017cliwe jest dzi\u0119ki technologii dynamicznego wsp\u00f3\u0142dzielenia cz\u0119stotliwo\u015bci DSS.\",\"breadcrumb\":{\"@id\":\"https:\/\/www.speedtest.pl\/wiadomosci\/5g\/t-mobile-komercyjny-start-5g-2100-mhz\/#breadcrumb\"},\"inLanguage\":\"pl-PL\",\"potentialAction\":[{\"@type\":\"ReadAction\",\"target\":[\"https:\/\/www.speedtest.pl\/wiadomosci\/5g\/t-mobile-komercyjny-start-5g-2100-mhz\/\"]}]},{\"@type\":\"ImageObject\",\"inLanguage\":\"pl-PL\",\"@id\":\"https:\/\/www.speedtest.pl\/wiadomosci\/5g\/t-mobile-komercyjny-start-5g-2100-mhz\/#primaryimage\",\"url\":\"https:\/\/www.speedtest.pl\/wiadomosci\/wp-content\/uploads\/2018\/06\/T-Mobile-5G.jpg\",\"contentUrl\":\"https:\/\/www.speedtest.pl\/wiadomosci\/wp-content\/uploads\/2018\/06\/T-Mobile-5G.jpg\",\"width\":1024,\"height\":576,\"caption\":\"T-Mobile 5G\"},{\"@type\":\"BreadcrumbList\",\"@id\":\"https:\/\/www.speedtest.pl\/wiadomosci\/5g\/t-mobile-komercyjny-start-5g-2100-mhz\/#breadcrumb\",\"itemListElement\":[{\"@type\":\"ListItem\",\"position\":1,\"name\":\"Strona g\u0142\u00f3wna\",\"item\":\"https:\/\/www.speedtest.pl\/wiadomosci\/\"},{\"@type\":\"ListItem\",\"position\":2,\"name\":\"T-Mobile ju\u017c jutro startuje z komercyjnym 5G w pa\u015bmie 2100 MHz\"}]},{\"@type\":\"WebSite\",\"@id\":\"https:\/\/www.speedtest.pl\/wiadomosci\/#website\",\"url\":\"https:\/\/www.speedtest.pl\/wiadomosci\/\",\"name\":\"SpeedTest.pl Wiadomo\u015bci\",\"description\":\"Rankingi ISP, newsy i opinie ze \u015bwiata IT, recenzje sprz\u0119tu, gry, motoryzacja\",\"potentialAction\":[{\"@type\":\"SearchAction\",\"target\":{\"@type\":\"EntryPoint\",\"urlTemplate\":\"https:\/\/www.speedtest.pl\/wiadomosci\/?s={search_term_string}\"},\"query-input\":{\"@type\":\"PropertyValueSpecification\",\"valueRequired\":true,\"valueName\":\"search_term_string\"}}],\"inLanguage\":\"pl-PL\"},{\"@type\":\"Person\",\"@id\":\"https:\/\/www.speedtest.pl\/wiadomosci\/#\/schema\/person\/1e51a1178096c8851f7d3ab0575726e4\",\"name\":\"PJ\",\"image\":{\"@type\":\"ImageObject\",\"inLanguage\":\"pl-PL\",\"@id\":\"https:\/\/www.speedtest.pl\/wiadomosci\/#\/schema\/person\/image\/\",\"url\":\"https:\/\/www.speedtest.pl\/wiadomosci\/wp-content\/uploads\/2018\/01\/AAEAAQAAAAAAAAk2AAAAJDNhNWRlODdhLWY3MjYtNGFjNC04MzY1LTI1Zjc4NmI4YmE0OQ-150x150.jpg\",\"contentUrl\":\"https:\/\/www.speedtest.pl\/wiadomosci\/wp-content\/uploads\/2018\/01\/AAEAAQAAAAAAAAk2AAAAJDNhNWRlODdhLWY3MjYtNGFjNC04MzY1LTI1Zjc4NmI4YmE0OQ-150x150.jpg\",\"caption\":\"PJ\"},\"description\":\"Przemek jest m\u00f3zgiem operacyjnym SpeedTest.pl. Studiowa\u0142 na Politechnice Wroc\u0142awskiej elektronik\u0119 i telekomunikacj\u0119. Zarz\u0105dza projektami IT, relacjami z klientami oraz nadzoruje procesy rozwoju. Prywatnie zaanga\u017cowany w rodzin\u0119, wsparcie r\u00f3\u017cnych dzia\u0142alno\u015bci charytatywnych i projekty ekstremalne.\",\"url\":\"https:\/\/www.speedtest.pl\/wiadomosci\/author\/przemek\/\"}]}<\/script>\n<!-- \/ Yoast SEO plugin. -->","yoast_head_json":{"title":"T-Mobile ju\u017c jutro startuje z komercyjnym 5G w pa\u015bmie 2100 MHz","description":"T-Mobile og\u0142osi\u0142o start komercyjnych us\u0142ug 5G w pa\u015bmie 2100 MHz. Ich uruchomienie mo\u017cliwe jest dzi\u0119ki technologii dynamicznego wsp\u00f3\u0142dzielenia cz\u0119stotliwo\u015bci DSS.","robots":{"index":"index","follow":"follow","max-snippet":"max-snippet:-1","max-image-preview":"max-image-preview:large","max-video-preview":"max-video-preview:-1"},"canonical":"https:\/\/www.speedtest.pl\/wiadomosci\/5g\/t-mobile-komercyjny-start-5g-2100-mhz\/","og_locale":"pl_PL","og_type":"article","og_title":"T-Mobile ju\u017c jutro startuje z komercyjnym 5G w pa\u015bmie 2100 MHz","og_description":"T-Mobile og\u0142osi\u0142o start komercyjnych us\u0142ug 5G w pa\u015bmie 2100 MHz. Ich uruchomienie mo\u017cliwe jest dzi\u0119ki technologii dynamicznego wsp\u00f3\u0142dzielenia cz\u0119stotliwo\u015bci DSS.","og_url":"https:\/\/www.speedtest.pl\/wiadomosci\/5g\/t-mobile-komercyjny-start-5g-2100-mhz\/","og_site_name":"SpeedTest.pl Wiadomo\u015bci","article_publisher":"https:\/\/www.facebook.com\/speedtestpl\/","article_published_time":"2020-06-08T09:39:34+00:00","article_modified_time":"2020-06-08T09:39:35+00:00","og_image":[{"width":1024,"height":576,"url":"https:\/\/www.speedtest.pl\/wiadomosci\/wp-content\/uploads\/2018\/06\/T-Mobile-5G.jpg","type":"image\/jpeg"}],"author":"PJ","twitter_card":"summary_large_image","twitter_creator":"@speedtestpl","twitter_site":"@speedtestpl","twitter_misc":{"Napisane przez":"PJ","Szacowany czas czytania":"4 minuty"},"schema":{"@context":"https:\/\/schema.org","@graph":[{"@type":"WebPage","@id":"https:\/\/www.speedtest.pl\/wiadomosci\/5g\/t-mobile-komercyjny-start-5g-2100-mhz\/","url":"https:\/\/www.speedtest.pl\/wiadomosci\/5g\/t-mobile-komercyjny-start-5g-2100-mhz\/","name":"T-Mobile ju\u017c jutro startuje z komercyjnym 5G w pa\u015bmie 2100 MHz","isPartOf":{"@id":"https:\/\/www.speedtest.pl\/wiadomosci\/#website"},"primaryImageOfPage":{"@id":"https:\/\/www.speedtest.pl\/wiadomosci\/5g\/t-mobile-komercyjny-start-5g-2100-mhz\/#primaryimage"},"image":{"@id":"https:\/\/www.speedtest.pl\/wiadomosci\/5g\/t-mobile-komercyjny-start-5g-2100-mhz\/#primaryimage"},"thumbnailUrl":"https:\/\/www.speedtest.pl\/wiadomosci\/wp-content\/uploads\/2018\/06\/T-Mobile-5G.jpg","datePublished":"2020-06-08T09:39:34+00:00","dateModified":"2020-06-08T09:39:35+00:00","author":{"@id":"https:\/\/www.speedtest.pl\/wiadomosci\/#\/schema\/person\/1e51a1178096c8851f7d3ab0575726e4"},"description":"T-Mobile og\u0142osi\u0142o start komercyjnych us\u0142ug 5G w pa\u015bmie 2100 MHz. Ich uruchomienie mo\u017cliwe jest dzi\u0119ki technologii dynamicznego wsp\u00f3\u0142dzielenia cz\u0119stotliwo\u015bci DSS.","breadcrumb":{"@id":"https:\/\/www.speedtest.pl\/wiadomosci\/5g\/t-mobile-komercyjny-start-5g-2100-mhz\/#breadcrumb"},"inLanguage":"pl-PL","potentialAction":[{"@type":"ReadAction","target":["https:\/\/www.speedtest.pl\/wiadomosci\/5g\/t-mobile-komercyjny-start-5g-2100-mhz\/"]}]},{"@type":"ImageObject","inLanguage":"pl-PL","@id":"https:\/\/www.speedtest.pl\/wiadomosci\/5g\/t-mobile-komercyjny-start-5g-2100-mhz\/#primaryimage","url":"https:\/\/www.speedtest.pl\/wiadomosci\/wp-content\/uploads\/2018\/06\/T-Mobile-5G.jpg","contentUrl":"https:\/\/www.speedtest.pl\/wiadomosci\/wp-content\/uploads\/2018\/06\/T-Mobile-5G.jpg","width":1024,"height":576,"caption":"T-Mobile 5G"},{"@type":"BreadcrumbList","@id":"https:\/\/www.speedtest.pl\/wiadomosci\/5g\/t-mobile-komercyjny-start-5g-2100-mhz\/#breadcrumb","itemListElement":[{"@type":"ListItem","position":1,"name":"Strona g\u0142\u00f3wna","item":"https:\/\/www.speedtest.pl\/wiadomosci\/"},{"@type":"ListItem","position":2,"name":"T-Mobile ju\u017c jutro startuje z komercyjnym 5G w pa\u015bmie 2100 MHz"}]},{"@type":"WebSite","@id":"https:\/\/www.speedtest.pl\/wiadomosci\/#website","url":"https:\/\/www.speedtest.pl\/wiadomosci\/","name":"SpeedTest.pl Wiadomo\u015bci","description":"Rankingi ISP, newsy i opinie ze \u015bwiata IT, recenzje sprz\u0119tu, gry, motoryzacja","potentialAction":[{"@type":"SearchAction","target":{"@type":"EntryPoint","urlTemplate":"https:\/\/www.speedtest.pl\/wiadomosci\/?s={search_term_string}"},"query-input":{"@type":"PropertyValueSpecification","valueRequired":true,"valueName":"search_term_string"}}],"inLanguage":"pl-PL"},{"@type":"Person","@id":"https:\/\/www.speedtest.pl\/wiadomosci\/#\/schema\/person\/1e51a1178096c8851f7d3ab0575726e4","name":"PJ","image":{"@type":"ImageObject","inLanguage":"pl-PL","@id":"https:\/\/www.speedtest.pl\/wiadomosci\/#\/schema\/person\/image\/","url":"https:\/\/www.speedtest.pl\/wiadomosci\/wp-content\/uploads\/2018\/01\/AAEAAQAAAAAAAAk2AAAAJDNhNWRlODdhLWY3MjYtNGFjNC04MzY1LTI1Zjc4NmI4YmE0OQ-150x150.jpg","contentUrl":"https:\/\/www.speedtest.pl\/wiadomosci\/wp-content\/uploads\/2018\/01\/AAEAAQAAAAAAAAk2AAAAJDNhNWRlODdhLWY3MjYtNGFjNC04MzY1LTI1Zjc4NmI4YmE0OQ-150x150.jpg","caption":"PJ"},"description":"Przemek jest m\u00f3zgiem operacyjnym SpeedTest.pl. Studiowa\u0142 na Politechnice Wroc\u0142awskiej elektronik\u0119 i telekomunikacj\u0119. Zarz\u0105dza projektami IT, relacjami z klientami oraz nadzoruje procesy rozwoju. Prywatnie zaanga\u017cowany w rodzin\u0119, wsparcie r\u00f3\u017cnych dzia\u0142alno\u015bci charytatywnych i projekty ekstremalne.","url":"https:\/\/www.speedtest.pl\/wiadomosci\/author\/przemek\/"}]}},"jetpack_featured_media_url":"https:\/\/www.speedtest.pl\/wiadomosci\/wp-content\/uploads\/2018\/06\/T-Mobile-5G.jpg","jetpack_sharing_enabled":true,"jetpack_shortlink":"https:\/\/wp.me\/p85ce0-7rU","_links":{"self":[{"href":"https:\/\/www.speedtest.pl\/wiadomosci\/wp-json\/wp\/v2\/posts\/28638","targetHints":{"allow":["GET"]}}],"collection":[{"href":"https:\/\/www.speedtest.pl\/wiadomosci\/wp-json\/wp\/v2\/posts"}],"about":[{"href":"https:\/\/www.speedtest.pl\/wiadomosci\/wp-json\/wp\/v2\/types\/post"}],"author":[{"embeddable":true,"href":"https:\/\/www.speedtest.pl\/wiadomosci\/wp-json\/wp\/v2\/users\/12"}],"replies":[{"embeddable":true,"href":"https:\/\/www.speedtest.pl\/wiadomosci\/wp-json\/wp\/v2\/comments?post=28638"}],"version-history":[{"count":2,"href":"https:\/\/www.speedtest.pl\/wiadomosci\/wp-json\/wp\/v2\/posts\/28638\/revisions"}],"predecessor-version":[{"id":28645,"href":"https:\/\/www.speedtest.pl\/wiadomosci\/wp-json\/wp\/v2\/posts\/28638\/revisions\/28645"}],"wp:featuredmedia":[{"embeddable":true,"href":"https:\/\/www.speedtest.pl\/wiadomosci\/wp-json\/wp\/v2\/media\/16385"}],"wp:attachment":[{"href":"https:\/\/www.speedtest.pl\/wiadomosci\/wp-json\/wp\/v2\/media?parent=28638"}],"wp:term":[{"taxonomy":"category","embeddable":true,"href":"https:\/\/www.speedtest.pl\/wiadomosci\/wp-json\/wp\/v2\/categories?post=28638"},{"taxonomy":"post_tag","embeddable":true,"href":"https:\/\/www.speedtest.pl\/wiadomosci\/wp-json\/wp\/v2\/tags?post=28638"},{"taxonomy":"table_tags","embeddable":true,"href":"https:\/\/www.speedtest.pl\/wiadomosci\/wp-json\/wp\/v2\/table_tags?post=28638"}],"curies":[{"name":"wp","href":"https:\/\/api.w.org\/{rel}","templated":true}]}}