{"id":28384,"date":"2020-05-30T22:49:20","date_gmt":"2020-05-30T20:49:20","guid":{"rendered":"https:\/\/www.speedtest.pl\/wiadomosci\/?p=28384"},"modified":"2020-05-30T22:49:55","modified_gmt":"2020-05-30T20:49:55","slug":"szwecja-wprowadza-5g","status":"publish","type":"post","link":"https:\/\/www.speedtest.pl\/wiadomosci\/5g\/szwecja-wprowadza-5g\/","title":{"rendered":"Szwecja wprowadza 5G, tam koronawirus nie spowolni\u0142 rozwoju technologii"},"content":{"rendered":"\n<p><strong>Szwedzcy operatorzy w do\u015b\u0107 oryginalny spos\u00f3b uporali si\u0119 z problemem przeniesionej aukcji na cz\u0119stotliwo\u015bci z pasma 3,6 GHz. Presja wywo\u0142ana przez konkurent\u00f3w sprawi\u0142a, \u017ce ka\u017cdy telekom zdecydowa\u0142 si\u0119 na uruchomienie komercyjnych us\u0142ug na obecnie posiadanych zasobach. Co ciekawe, ka\u017cdy z nich zrobi\u0142 to w inny spos\u00f3b.<\/strong><\/p>\n\n\n\n<p>Osi\u0105gni\u0119cie pe\u0142nego potencja\u0142u sieci 5G wymaga u\u017cycia &#8222;nowych&#8221; zakres\u00f3w cz\u0119stotliwo\u015bci radiowych. Przy czym nie jest to r\u00f3wnoznaczne z potrzeb\u0105 zagospodarowania cz\u0119stotliwo\u015bci, kt\u00f3re nie by\u0142y do tej pory stosowane w telekomunikacji. W Europie tymi &#8222;nowymi&#8221; cz\u0119stotliwo\u015bciami s\u0105 przede wszystkim 3,6 GHz oraz 700 MHz. Z pierwszej z nich korzysta\u0142y ju\u017c sieci WiMAX. Z kolei w pasmie 700 MHz <a href=\"https:\/\/www.speedtest.pl\/wiadomosci\/5g\/polska-przydzial-pasma-700-mhz\/\">wci\u0105\u017c dzia\u0142a telewizja naziemna<\/a>. Jednak w poszczeg\u00f3lnych krajach wygl\u0105da to troch\u0119 inaczej. Przyk\u0142adowo Szwedzi ju\u017c w 2018 roku przeznaczyli pasmo 700 MHz na potrzeby sieci kom\u00f3rkowych. Niekt\u00f3rzy operatorzy odpalili na nim LTE, a teraz jeden z nich u\u017cy\u0142 tego zakresu dla sieci 5G. Tak samo, pomimo prze\u0142o\u017cenia zaplanowanej aukcji, jeden z operator\u00f3w m\u00f3g\u0142 uruchomi\u0107 5G w pa\u015bmie 3,6 GHz.<\/p>\n\n\n\n<h2 class=\"wp-block-heading\">Szwecja: ilu operator\u00f3w, tyle pomys\u0142\u00f3w na 5G<\/h2>\n\n\n\n<p>Pandemia koronawirusa zmusi\u0142a szwedzkiego regulatora rynku telekomunikacyjnego do prze\u0142o\u017cenia zaplanowanej wcze\u015bniej aukcji na cz\u0119stotliwo\u015bci dla sieci 5G. Pocz\u0105tkowo mia\u0142a si\u0119 ona odby\u0107 w marcu tego roku. Teraz jest ona zaplanowana na pocz\u0105tek pa\u017adziernika, a operatorzy maj\u0105 z\u0142o\u017cy\u0107 oferty wst\u0119pne do ko\u0144ca czerwca. Na szali stoi 15 og\u00f3lnokrajowych licencji z zakresu od 3400 MHz do 3720 MHz. Z kolei pozosta\u0142e 80 MHz b\u0119dzie u\u017cywane jedynie lokalnie. W tej samej aukcji szwedzcy operatorzy zawalcz\u0105 o 80 MHz z pasma 2,3 GHz. Przejd\u017amy jednak do konkret\u00f3w.<\/p>\n\n\n\n<p>Tele2 postanowi\u0142o zainwestowa\u0107 w pasmo C (tj. 3,6 GHz) jeszcze przed rozpocz\u0119ciem aukcji. Operator posiada aktualnie licencj\u0119 na korzystanie z kana\u0142u o szeroko\u015bci 80 MHz, co pozwala uzyska\u0107 pr\u0119dko\u015b\u0107 pobierania danych na poziomie 1 Gbit\/s. Na razie us\u0142ugi 5G w sieci Tele2 dost\u0119pne s\u0105 w 3 miastach.<\/p>\n\n\n\n<p>Operator szwedzkiej sieci Three planuje uruchomienie sieci 5G w pa\u015bmie 2600 MHz. Czyli mamy tutaj do czynienia z wdro\u017ceniem analogicznym do tego, co w Polsce zrobi\u0142 Plus.<\/p>\n\n\n\n<p>Z kolei Telia, kt\u00f3ra uruchomi\u0142a na razie stacje bazowe 5G tylko w Sztokholmie, korzysta z pasma 700 MHz. Docelowo operator chce uruchomi\u0107 sie\u0107 pi\u0105tej generacji jeszcze w 12 miastach do ko\u0144ca tego roku.<\/p>\n\n\n\n<p>Jak widzicie, standard sieci 5G daje operatorom bardzo du\u017c\u0105 swobod\u0119. Dzi\u0119ki temu mog\u0105 oni uruchomi\u0107 nowe us\u0142ugi na obecnie posiadanych cz\u0119stotliwo\u015bciach, a p\u00f3\u017aniej do\u0142o\u017cy\u0107 obs\u0142ug\u0119 nowych. Ca\u0142kiem mo\u017cliwe, \u017ce tak w\u0142a\u015bnie b\u0119dzie wygl\u0105da\u0142o wdra\u017canie 5G w Polsce.<\/p>\n\n\n\n<p>\u0179r\u00f3d\u0142o: <a href=\"https:\/\/www.lightreading.com\/5g\/telia-tele2-and-three-trumpet-swedish-5g-launches\/d\/d-id\/759904\" rel=\"external nofollow\">LightReading<\/a><\/p>\n","protected":false},"excerpt":{"rendered":"<p>Szwedzcy operatorzy w do\u015b\u0107 oryginalny spos\u00f3b uporali si\u0119 z problemem przeniesionej aukcji na cz\u0119stotliwo\u015bci z pasma 3,6 GHz. Presja wywo\u0142ana przez konkurent\u00f3w sprawi\u0142a, \u017ce ka\u017cdy telekom zdecydowa\u0142 si\u0119 na uruchomienie komercyjnych us\u0142ug na obecnie posiadanych zasobach. Co ciekawe, ka\u017cdy z nich zrobi\u0142 to w inny spos\u00f3b. Osi\u0105gni\u0119cie pe\u0142nego potencja\u0142u sieci 5G wymaga u\u017cycia &#8222;nowych&#8221; zakres\u00f3w [&hellip;]<\/p>\n","protected":false},"author":12,"featured_media":28416,"comment_status":"closed","ping_status":"open","sticky":false,"template":"","format":"standard","meta":{"jetpack_post_was_ever_published":false,"_jetpack_newsletter_access":"","_jetpack_dont_email_post_to_subs":false,"_jetpack_newsletter_tier_id":0,"_jetpack_memberships_contains_paywalled_content":false,"_jetpack_memberships_contains_paid_content":false,"footnotes":"","jetpack_publicize_message":"","jetpack_publicize_feature_enabled":true,"jetpack_social_post_already_shared":true,"jetpack_social_options":{"image_generator_settings":{"template":"highway","enabled":false},"version":2}},"categories":[2344,57],"tags":[143,4790,591,5915,4968],"table_tags":[],"class_list":["post-28384","post","type-post","status-publish","format-standard","has-post-thumbnail","hentry","category-5g","category-internet-mobilny","tag-5g","tag-budowa-5g","tag-internet-mobilny","tag-szwecja","tag-wdrozenie"],"jetpack_publicize_connections":[],"yoast_head":"<!-- This site is optimized with the Yoast SEO plugin v24.8.1 - https:\/\/yoast.com\/wordpress\/plugins\/seo\/ -->\n<title>Szwecja wprowadza 5G, tam koronawirus nie spowolni\u0142 rozwoju technologii<\/title>\n<meta name=\"description\" content=\"Szwedzcy operatorzy w do\u015b\u0107 oryginalny spos\u00f3b uporali si\u0119 z problemem przeniesionej aukcji na cz\u0119stotliwo\u015bci z pasma 3,6 GHz. Ka\u017cdy z nich zrobi\u0142 to na sw\u00f3j spos\u00f3b.\" \/>\n<meta name=\"robots\" content=\"index, follow, max-snippet:-1, max-image-preview:large, max-video-preview:-1\" \/>\n<link rel=\"canonical\" href=\"https:\/\/www.speedtest.pl\/wiadomosci\/5g\/szwecja-wprowadza-5g\/\" \/>\n<meta property=\"og:locale\" content=\"pl_PL\" \/>\n<meta property=\"og:type\" content=\"article\" \/>\n<meta property=\"og:title\" content=\"Szwecja wprowadza 5G, tam koronawirus nie spowolni\u0142 rozwoju technologii\" \/>\n<meta property=\"og:description\" content=\"Szwedzcy operatorzy w do\u015b\u0107 oryginalny spos\u00f3b uporali si\u0119 z problemem przeniesionej aukcji na cz\u0119stotliwo\u015bci z pasma 3,6 GHz. Ka\u017cdy z nich zrobi\u0142 to na sw\u00f3j spos\u00f3b.\" \/>\n<meta property=\"og:url\" content=\"https:\/\/www.speedtest.pl\/wiadomosci\/5g\/szwecja-wprowadza-5g\/\" \/>\n<meta property=\"og:site_name\" content=\"SpeedTest.pl Wiadomo\u015bci\" \/>\n<meta property=\"article:publisher\" content=\"https:\/\/www.facebook.com\/speedtestpl\/\" \/>\n<meta property=\"article:published_time\" content=\"2020-05-30T20:49:20+00:00\" \/>\n<meta property=\"article:modified_time\" content=\"2020-05-30T20:49:55+00:00\" \/>\n<meta property=\"og:image\" content=\"https:\/\/www.speedtest.pl\/wiadomosci\/wp-content\/uploads\/2020\/05\/Szwecja-5G.jpg\" \/>\n\t<meta property=\"og:image:width\" content=\"1024\" \/>\n\t<meta property=\"og:image:height\" content=\"576\" \/>\n\t<meta property=\"og:image:type\" content=\"image\/jpeg\" \/>\n<meta name=\"author\" content=\"PJ\" \/>\n<meta name=\"twitter:card\" content=\"summary_large_image\" \/>\n<meta name=\"twitter:creator\" content=\"@speedtestpl\" \/>\n<meta name=\"twitter:site\" content=\"@speedtestpl\" \/>\n<meta name=\"twitter:label1\" content=\"Napisane przez\" \/>\n\t<meta name=\"twitter:data1\" content=\"PJ\" \/>\n\t<meta name=\"twitter:label2\" content=\"Szacowany czas czytania\" \/>\n\t<meta name=\"twitter:data2\" content=\"2 minuty\" \/>\n<script type=\"application\/ld+json\" class=\"yoast-schema-graph\">{\"@context\":\"https:\/\/schema.org\",\"@graph\":[{\"@type\":\"WebPage\",\"@id\":\"https:\/\/www.speedtest.pl\/wiadomosci\/5g\/szwecja-wprowadza-5g\/\",\"url\":\"https:\/\/www.speedtest.pl\/wiadomosci\/5g\/szwecja-wprowadza-5g\/\",\"name\":\"Szwecja wprowadza 5G, tam koronawirus nie spowolni\u0142 rozwoju technologii\",\"isPartOf\":{\"@id\":\"https:\/\/www.speedtest.pl\/wiadomosci\/#website\"},\"primaryImageOfPage\":{\"@id\":\"https:\/\/www.speedtest.pl\/wiadomosci\/5g\/szwecja-wprowadza-5g\/#primaryimage\"},\"image\":{\"@id\":\"https:\/\/www.speedtest.pl\/wiadomosci\/5g\/szwecja-wprowadza-5g\/#primaryimage\"},\"thumbnailUrl\":\"https:\/\/www.speedtest.pl\/wiadomosci\/wp-content\/uploads\/2020\/05\/Szwecja-5G.jpg\",\"datePublished\":\"2020-05-30T20:49:20+00:00\",\"dateModified\":\"2020-05-30T20:49:55+00:00\",\"author\":{\"@id\":\"https:\/\/www.speedtest.pl\/wiadomosci\/#\/schema\/person\/1e51a1178096c8851f7d3ab0575726e4\"},\"description\":\"Szwedzcy operatorzy w do\u015b\u0107 oryginalny spos\u00f3b uporali si\u0119 z problemem przeniesionej aukcji na cz\u0119stotliwo\u015bci z pasma 3,6 GHz. Ka\u017cdy z nich zrobi\u0142 to na sw\u00f3j spos\u00f3b.\",\"breadcrumb\":{\"@id\":\"https:\/\/www.speedtest.pl\/wiadomosci\/5g\/szwecja-wprowadza-5g\/#breadcrumb\"},\"inLanguage\":\"pl-PL\",\"potentialAction\":[{\"@type\":\"ReadAction\",\"target\":[\"https:\/\/www.speedtest.pl\/wiadomosci\/5g\/szwecja-wprowadza-5g\/\"]}]},{\"@type\":\"ImageObject\",\"inLanguage\":\"pl-PL\",\"@id\":\"https:\/\/www.speedtest.pl\/wiadomosci\/5g\/szwecja-wprowadza-5g\/#primaryimage\",\"url\":\"https:\/\/www.speedtest.pl\/wiadomosci\/wp-content\/uploads\/2020\/05\/Szwecja-5G.jpg\",\"contentUrl\":\"https:\/\/www.speedtest.pl\/wiadomosci\/wp-content\/uploads\/2020\/05\/Szwecja-5G.jpg\",\"width\":1024,\"height\":576,\"caption\":\"Szwecja 5G\"},{\"@type\":\"BreadcrumbList\",\"@id\":\"https:\/\/www.speedtest.pl\/wiadomosci\/5g\/szwecja-wprowadza-5g\/#breadcrumb\",\"itemListElement\":[{\"@type\":\"ListItem\",\"position\":1,\"name\":\"Strona g\u0142\u00f3wna\",\"item\":\"https:\/\/www.speedtest.pl\/wiadomosci\/\"},{\"@type\":\"ListItem\",\"position\":2,\"name\":\"Szwecja wprowadza 5G, tam koronawirus nie spowolni\u0142 rozwoju technologii\"}]},{\"@type\":\"WebSite\",\"@id\":\"https:\/\/www.speedtest.pl\/wiadomosci\/#website\",\"url\":\"https:\/\/www.speedtest.pl\/wiadomosci\/\",\"name\":\"SpeedTest.pl Wiadomo\u015bci\",\"description\":\"Rankingi ISP, newsy i opinie ze \u015bwiata IT, recenzje sprz\u0119tu, gry, motoryzacja\",\"potentialAction\":[{\"@type\":\"SearchAction\",\"target\":{\"@type\":\"EntryPoint\",\"urlTemplate\":\"https:\/\/www.speedtest.pl\/wiadomosci\/?s={search_term_string}\"},\"query-input\":{\"@type\":\"PropertyValueSpecification\",\"valueRequired\":true,\"valueName\":\"search_term_string\"}}],\"inLanguage\":\"pl-PL\"},{\"@type\":\"Person\",\"@id\":\"https:\/\/www.speedtest.pl\/wiadomosci\/#\/schema\/person\/1e51a1178096c8851f7d3ab0575726e4\",\"name\":\"PJ\",\"image\":{\"@type\":\"ImageObject\",\"inLanguage\":\"pl-PL\",\"@id\":\"https:\/\/www.speedtest.pl\/wiadomosci\/#\/schema\/person\/image\/\",\"url\":\"https:\/\/www.speedtest.pl\/wiadomosci\/wp-content\/uploads\/2018\/01\/AAEAAQAAAAAAAAk2AAAAJDNhNWRlODdhLWY3MjYtNGFjNC04MzY1LTI1Zjc4NmI4YmE0OQ-150x150.jpg\",\"contentUrl\":\"https:\/\/www.speedtest.pl\/wiadomosci\/wp-content\/uploads\/2018\/01\/AAEAAQAAAAAAAAk2AAAAJDNhNWRlODdhLWY3MjYtNGFjNC04MzY1LTI1Zjc4NmI4YmE0OQ-150x150.jpg\",\"caption\":\"PJ\"},\"description\":\"Przemek jest m\u00f3zgiem operacyjnym SpeedTest.pl. Studiowa\u0142 na Politechnice Wroc\u0142awskiej elektronik\u0119 i telekomunikacj\u0119. Zarz\u0105dza projektami IT, relacjami z klientami oraz nadzoruje procesy rozwoju. Prywatnie zaanga\u017cowany w rodzin\u0119, wsparcie r\u00f3\u017cnych dzia\u0142alno\u015bci charytatywnych i projekty ekstremalne.\",\"url\":\"https:\/\/www.speedtest.pl\/wiadomosci\/author\/przemek\/\"}]}<\/script>\n<!-- \/ Yoast SEO plugin. -->","yoast_head_json":{"title":"Szwecja wprowadza 5G, tam koronawirus nie spowolni\u0142 rozwoju technologii","description":"Szwedzcy operatorzy w do\u015b\u0107 oryginalny spos\u00f3b uporali si\u0119 z problemem przeniesionej aukcji na cz\u0119stotliwo\u015bci z pasma 3,6 GHz. Ka\u017cdy z nich zrobi\u0142 to na sw\u00f3j spos\u00f3b.","robots":{"index":"index","follow":"follow","max-snippet":"max-snippet:-1","max-image-preview":"max-image-preview:large","max-video-preview":"max-video-preview:-1"},"canonical":"https:\/\/www.speedtest.pl\/wiadomosci\/5g\/szwecja-wprowadza-5g\/","og_locale":"pl_PL","og_type":"article","og_title":"Szwecja wprowadza 5G, tam koronawirus nie spowolni\u0142 rozwoju technologii","og_description":"Szwedzcy operatorzy w do\u015b\u0107 oryginalny spos\u00f3b uporali si\u0119 z problemem przeniesionej aukcji na cz\u0119stotliwo\u015bci z pasma 3,6 GHz. Ka\u017cdy z nich zrobi\u0142 to na sw\u00f3j spos\u00f3b.","og_url":"https:\/\/www.speedtest.pl\/wiadomosci\/5g\/szwecja-wprowadza-5g\/","og_site_name":"SpeedTest.pl Wiadomo\u015bci","article_publisher":"https:\/\/www.facebook.com\/speedtestpl\/","article_published_time":"2020-05-30T20:49:20+00:00","article_modified_time":"2020-05-30T20:49:55+00:00","og_image":[{"width":1024,"height":576,"url":"https:\/\/www.speedtest.pl\/wiadomosci\/wp-content\/uploads\/2020\/05\/Szwecja-5G.jpg","type":"image\/jpeg"}],"author":"PJ","twitter_card":"summary_large_image","twitter_creator":"@speedtestpl","twitter_site":"@speedtestpl","twitter_misc":{"Napisane przez":"PJ","Szacowany czas czytania":"2 minuty"},"schema":{"@context":"https:\/\/schema.org","@graph":[{"@type":"WebPage","@id":"https:\/\/www.speedtest.pl\/wiadomosci\/5g\/szwecja-wprowadza-5g\/","url":"https:\/\/www.speedtest.pl\/wiadomosci\/5g\/szwecja-wprowadza-5g\/","name":"Szwecja wprowadza 5G, tam koronawirus nie spowolni\u0142 rozwoju technologii","isPartOf":{"@id":"https:\/\/www.speedtest.pl\/wiadomosci\/#website"},"primaryImageOfPage":{"@id":"https:\/\/www.speedtest.pl\/wiadomosci\/5g\/szwecja-wprowadza-5g\/#primaryimage"},"image":{"@id":"https:\/\/www.speedtest.pl\/wiadomosci\/5g\/szwecja-wprowadza-5g\/#primaryimage"},"thumbnailUrl":"https:\/\/www.speedtest.pl\/wiadomosci\/wp-content\/uploads\/2020\/05\/Szwecja-5G.jpg","datePublished":"2020-05-30T20:49:20+00:00","dateModified":"2020-05-30T20:49:55+00:00","author":{"@id":"https:\/\/www.speedtest.pl\/wiadomosci\/#\/schema\/person\/1e51a1178096c8851f7d3ab0575726e4"},"description":"Szwedzcy operatorzy w do\u015b\u0107 oryginalny spos\u00f3b uporali si\u0119 z problemem przeniesionej aukcji na cz\u0119stotliwo\u015bci z pasma 3,6 GHz. Ka\u017cdy z nich zrobi\u0142 to na sw\u00f3j spos\u00f3b.","breadcrumb":{"@id":"https:\/\/www.speedtest.pl\/wiadomosci\/5g\/szwecja-wprowadza-5g\/#breadcrumb"},"inLanguage":"pl-PL","potentialAction":[{"@type":"ReadAction","target":["https:\/\/www.speedtest.pl\/wiadomosci\/5g\/szwecja-wprowadza-5g\/"]}]},{"@type":"ImageObject","inLanguage":"pl-PL","@id":"https:\/\/www.speedtest.pl\/wiadomosci\/5g\/szwecja-wprowadza-5g\/#primaryimage","url":"https:\/\/www.speedtest.pl\/wiadomosci\/wp-content\/uploads\/2020\/05\/Szwecja-5G.jpg","contentUrl":"https:\/\/www.speedtest.pl\/wiadomosci\/wp-content\/uploads\/2020\/05\/Szwecja-5G.jpg","width":1024,"height":576,"caption":"Szwecja 5G"},{"@type":"BreadcrumbList","@id":"https:\/\/www.speedtest.pl\/wiadomosci\/5g\/szwecja-wprowadza-5g\/#breadcrumb","itemListElement":[{"@type":"ListItem","position":1,"name":"Strona g\u0142\u00f3wna","item":"https:\/\/www.speedtest.pl\/wiadomosci\/"},{"@type":"ListItem","position":2,"name":"Szwecja wprowadza 5G, tam koronawirus nie spowolni\u0142 rozwoju technologii"}]},{"@type":"WebSite","@id":"https:\/\/www.speedtest.pl\/wiadomosci\/#website","url":"https:\/\/www.speedtest.pl\/wiadomosci\/","name":"SpeedTest.pl Wiadomo\u015bci","description":"Rankingi ISP, newsy i opinie ze \u015bwiata IT, recenzje sprz\u0119tu, gry, motoryzacja","potentialAction":[{"@type":"SearchAction","target":{"@type":"EntryPoint","urlTemplate":"https:\/\/www.speedtest.pl\/wiadomosci\/?s={search_term_string}"},"query-input":{"@type":"PropertyValueSpecification","valueRequired":true,"valueName":"search_term_string"}}],"inLanguage":"pl-PL"},{"@type":"Person","@id":"https:\/\/www.speedtest.pl\/wiadomosci\/#\/schema\/person\/1e51a1178096c8851f7d3ab0575726e4","name":"PJ","image":{"@type":"ImageObject","inLanguage":"pl-PL","@id":"https:\/\/www.speedtest.pl\/wiadomosci\/#\/schema\/person\/image\/","url":"https:\/\/www.speedtest.pl\/wiadomosci\/wp-content\/uploads\/2018\/01\/AAEAAQAAAAAAAAk2AAAAJDNhNWRlODdhLWY3MjYtNGFjNC04MzY1LTI1Zjc4NmI4YmE0OQ-150x150.jpg","contentUrl":"https:\/\/www.speedtest.pl\/wiadomosci\/wp-content\/uploads\/2018\/01\/AAEAAQAAAAAAAAk2AAAAJDNhNWRlODdhLWY3MjYtNGFjNC04MzY1LTI1Zjc4NmI4YmE0OQ-150x150.jpg","caption":"PJ"},"description":"Przemek jest m\u00f3zgiem operacyjnym SpeedTest.pl. Studiowa\u0142 na Politechnice Wroc\u0142awskiej elektronik\u0119 i telekomunikacj\u0119. Zarz\u0105dza projektami IT, relacjami z klientami oraz nadzoruje procesy rozwoju. Prywatnie zaanga\u017cowany w rodzin\u0119, wsparcie r\u00f3\u017cnych dzia\u0142alno\u015bci charytatywnych i projekty ekstremalne.","url":"https:\/\/www.speedtest.pl\/wiadomosci\/author\/przemek\/"}]}},"jetpack_featured_media_url":"https:\/\/www.speedtest.pl\/wiadomosci\/wp-content\/uploads\/2020\/05\/Szwecja-5G.jpg","jetpack_sharing_enabled":true,"jetpack_shortlink":"https:\/\/wp.me\/p85ce0-7nO","_links":{"self":[{"href":"https:\/\/www.speedtest.pl\/wiadomosci\/wp-json\/wp\/v2\/posts\/28384","targetHints":{"allow":["GET"]}}],"collection":[{"href":"https:\/\/www.speedtest.pl\/wiadomosci\/wp-json\/wp\/v2\/posts"}],"about":[{"href":"https:\/\/www.speedtest.pl\/wiadomosci\/wp-json\/wp\/v2\/types\/post"}],"author":[{"embeddable":true,"href":"https:\/\/www.speedtest.pl\/wiadomosci\/wp-json\/wp\/v2\/users\/12"}],"replies":[{"embeddable":true,"href":"https:\/\/www.speedtest.pl\/wiadomosci\/wp-json\/wp\/v2\/comments?post=28384"}],"version-history":[{"count":2,"href":"https:\/\/www.speedtest.pl\/wiadomosci\/wp-json\/wp\/v2\/posts\/28384\/revisions"}],"predecessor-version":[{"id":28417,"href":"https:\/\/www.speedtest.pl\/wiadomosci\/wp-json\/wp\/v2\/posts\/28384\/revisions\/28417"}],"wp:featuredmedia":[{"embeddable":true,"href":"https:\/\/www.speedtest.pl\/wiadomosci\/wp-json\/wp\/v2\/media\/28416"}],"wp:attachment":[{"href":"https:\/\/www.speedtest.pl\/wiadomosci\/wp-json\/wp\/v2\/media?parent=28384"}],"wp:term":[{"taxonomy":"category","embeddable":true,"href":"https:\/\/www.speedtest.pl\/wiadomosci\/wp-json\/wp\/v2\/categories?post=28384"},{"taxonomy":"post_tag","embeddable":true,"href":"https:\/\/www.speedtest.pl\/wiadomosci\/wp-json\/wp\/v2\/tags?post=28384"},{"taxonomy":"table_tags","embeddable":true,"href":"https:\/\/www.speedtest.pl\/wiadomosci\/wp-json\/wp\/v2\/table_tags?post=28384"}],"curies":[{"name":"wp","href":"https:\/\/api.w.org\/{rel}","templated":true}]}}