{"id":28368,"date":"2020-05-28T21:46:48","date_gmt":"2020-05-28T19:46:48","guid":{"rendered":"https:\/\/www.speedtest.pl\/wiadomosci\/?p=28368"},"modified":"2020-05-30T16:13:05","modified_gmt":"2020-05-30T14:13:05","slug":"kolejny-uszkodzony-maszt-telekomunikacyjny","status":"publish","type":"post","link":"https:\/\/www.speedtest.pl\/wiadomosci\/news\/kolejny-uszkodzony-maszt-telekomunikacyjny\/","title":{"rendered":"Kolejny uszkodzony maszt telekomunikacyjny, tym razem za pomoc\u0105 pi\u0142y"},"content":{"rendered":"\n<p><strong>Obecnie w Polsce mamy do czynienia z nasileniem si\u0119 atak\u00f3w na stacje telefonii kom\u00f3rkowej. W zesz\u0142ym roku w ruch posz\u0142a szlifierka. Z kolei w tym wiemy o dw\u00f3ch podpaleniach w \u0141odzi oraz jednym uszkodzeniu masztu w gminie Le\u015bniowice. Policja zatrzyma\u0142a ju\u017c za ten czyn mieszka\u0144ca Che\u0142ma, kt\u00f3ry podczas ataku pos\u0142u\u017cy\u0142 si\u0119 pi\u0142k\u0105 do ci\u0119cia metalu.<\/strong><\/p>\n\n\n\n<p>Przeciwnicy telefonii kom\u00f3rkowej zajmowali si\u0119 do tej pory wymian\u0105 swoich pogl\u0105d\u00f3w za pomoc\u0105 Facebooka, <a href=\"https:\/\/www.speedtest.pl\/wiadomosci\/5g\/gliwice-protestuja-przeciw-testom-5g\/\">organizacj\u0105 protest\u00f3w<\/a> oraz spamowaniem skrzynek pocztowych senator\u00f3w, pos\u0142\u00f3w i samorz\u0105dowc\u00f3w. Teraz mamy do czynienia z nasileniem si\u0119 atak\u00f3w na infrastruktur\u0119 telekomunikacyjn\u0105. Dok\u0142adniej chodzi tutaj o maszty telefonii kom\u00f3rkowej, kt\u00f3re swoj\u0105 postur\u0105 budz\u0105 strach i obawy niekt\u00f3rych mieszka\u0144c\u00f3w. Akty wandalizmu zacz\u0119\u0142y si\u0119 od <a href=\"https:\/\/www.speedtest.pl\/wiadomosci\/news\/przeciwnicy-5g-wycinka-masztow-policja\/\">zesz\u0142orocznego incydentu w Krakowie<\/a>, gdzie grupa przeciwnik\u00f3w technologii bezprzewodowych przyst\u0105pi\u0142a do pr\u00f3by rozbi\u00f3rki stacji bazowej T-Mobile. Jednak sko\u0144czy\u0142o si\u0119 na interwencji policji, kt\u00f3ra wkroczy\u0142a na dach budynku, podczas gdy jeden z fanatyk\u00f3w pr\u00f3bowa\u0142 za pomoc\u0105 szlifierki dosta\u0107 si\u0119 do pomieszczenia technicznego. Z kolei teraz problem ten nar\u00f3s\u0142. Ostatnio w \u0141odzi dosz\u0142o do <a href=\"https:\/\/www.speedtest.pl\/wiadomosci\/internet-mobilny\/podpalenia-stacji-bazowych-w-polsce\/\">dw\u00f3ch podpale\u0144 maszt\u00f3w telefonii kom\u00f3rkowej<\/a>. Jednak na tym nie koniec.<\/p>\n\n\n\n<h2 class=\"wp-block-heading\">Mieszkaniec Che\u0142ma uszkodzi\u0142 maszt, grozi mu kara do 5 lat pozbawienia wolno\u015bci<\/h2>\n\n\n\n<p>Nie wszyscy mieszka\u0144cy polskich miejscowo\u015bci s\u0105 przeciwni stacjom bazowym. Raczej sk\u0142oni\u0142bym si\u0119 ku stwierdzeniu, \u017ce wi\u0119kszo\u015b\u0107 jest za rozwojem telefonii mobilnej lub te\u017c jest im to oboj\u0119tne. W ko\u0144cu w miar\u0119 bliskie s\u0105siedztwo rozbudowanego masztu telekomunikacyjnego przek\u0142ada si\u0119 na szybciej dzia\u0142aj\u0105cy Internet. Niestety dla mieszka\u0144c\u00f3w niedu\u017cych miejscowo\u015bci LTE jest niekiedy jedynym sposobem na korzystanie z zasob\u00f3w globalnej sieci. O tym, \u017ce kto\u015b uszkodzi\u0142 maszt telefonii kom\u00f3rkowej w gminie Le\u015bniowice, policja dowiedzia\u0142a si\u0119 w ostatni wtorek.<\/p>\n\n\n\n<p>Wed\u0142ug ustale\u0144 policji 35-letni mieszkaniec Che\u0142ma ponacina\u0142 metalowe elementy konstrukcji wie\u017cy przeka\u017anika telekomunikacyjnego. Chodzi tutaj o stacj\u0119 bazow\u0105 znajduj\u0105c\u0105 si\u0119 na terenie miejscowo\u015bci Sielec (gmina Le\u015bniowice). W\u0142a\u015bciciel mienia oszacowa\u0142 straty na 45 tysi\u0119cy z\u0142. Do zdarzenia dosz\u0142o na prze\u0142omie kwietnia i maja, czyli oko\u0142o 3 tygodnie przed podpaleniami w \u0141odzi. Policja zatrzyma\u0142a podejrzanego nast\u0119pnego dnia po otrzymaniu zg\u0142oszenia o przest\u0119pstwie. Us\u0142ysza\u0142 on ju\u017c zarzuty, a prokurator zastosowa\u0142 \u015brodek zapobiegawczy w postaci dozoru Policji. Zgodnie z przepisami kodeksu karnego uszkodzenie mienia zagro\u017cone jest kar\u0105 pozbawienia wolno\u015bci do lat 5.<\/p>\n\n\n\n<p>\u0179r\u00f3d\u0142o: <a href=\"http:\/\/chelm.lubelska.policja.gov.pl\/lch\/informacje\/aktualnosci\/104108,USZKODZIL-MASZT-TELEFONII-KOMORKOWEJ.html\" rel=\"external nofollow\">Policja Che\u0142m<\/a><\/p>\n","protected":false},"excerpt":{"rendered":"<p>Obecnie w Polsce mamy do czynienia z nasileniem si\u0119 atak\u00f3w na stacje telefonii kom\u00f3rkowej. W zesz\u0142ym roku w ruch posz\u0142a szlifierka. Z kolei w tym wiemy o dw\u00f3ch podpaleniach w \u0141odzi oraz jednym uszkodzeniu masztu w gminie Le\u015bniowice. Policja zatrzyma\u0142a ju\u017c za ten czyn mieszka\u0144ca Che\u0142ma, kt\u00f3ry podczas ataku pos\u0142u\u017cy\u0142 si\u0119 pi\u0142k\u0105 do ci\u0119cia metalu. [&hellip;]<\/p>\n","protected":false},"author":12,"featured_media":28369,"comment_status":"closed","ping_status":"open","sticky":false,"template":"","format":"standard","meta":{"jetpack_post_was_ever_published":false,"_jetpack_newsletter_access":"","_jetpack_dont_email_post_to_subs":false,"_jetpack_newsletter_tier_id":0,"_jetpack_memberships_contains_paywalled_content":false,"_jetpack_memberships_contains_paid_content":false,"footnotes":"","jetpack_publicize_message":"","jetpack_publicize_feature_enabled":true,"jetpack_social_post_already_shared":true,"jetpack_social_options":{"image_generator_settings":{"template":"highway","enabled":false},"version":2}},"categories":[6,5856],"tags":[171,5895,2867,5896,2866],"table_tags":[],"class_list":["post-28368","post","type-post","status-publish","format-standard","has-post-thumbnail","hentry","category-news","category-telekomunikacja","tag-atak","tag-chelm","tag-maszt","tag-pilka-metalowa","tag-stacja-bazowa"],"jetpack_publicize_connections":[],"yoast_head":"<!-- This site is optimized with the Yoast SEO plugin v24.8.1 - https:\/\/yoast.com\/wordpress\/plugins\/seo\/ -->\n<title>Kolejny uszkodzony maszt telekomunikacyjny, tym razem za pomoc\u0105 pi\u0142y<\/title>\n<meta name=\"description\" content=\"Kolejny atak na maszt telefonii kom\u00f3rkowej. Tym razem 35-letni mieszkaniec Che\u0142ma ponacina\u0142 metalowe elementy masztu. Grozi mu za to kara 5 lat wi\u0119zienia.\" \/>\n<meta name=\"robots\" content=\"index, follow, max-snippet:-1, max-image-preview:large, max-video-preview:-1\" \/>\n<link rel=\"canonical\" href=\"https:\/\/www.speedtest.pl\/wiadomosci\/news\/kolejny-uszkodzony-maszt-telekomunikacyjny\/\" \/>\n<meta property=\"og:locale\" content=\"pl_PL\" \/>\n<meta property=\"og:type\" content=\"article\" \/>\n<meta property=\"og:title\" content=\"Kolejny uszkodzony maszt telekomunikacyjny, tym razem za pomoc\u0105 pi\u0142y\" \/>\n<meta property=\"og:description\" content=\"Kolejny atak na maszt telefonii kom\u00f3rkowej. Tym razem 35-letni mieszkaniec Che\u0142ma ponacina\u0142 metalowe elementy masztu. Grozi mu za to kara 5 lat wi\u0119zienia.\" \/>\n<meta property=\"og:url\" content=\"https:\/\/www.speedtest.pl\/wiadomosci\/news\/kolejny-uszkodzony-maszt-telekomunikacyjny\/\" \/>\n<meta property=\"og:site_name\" content=\"SpeedTest.pl Wiadomo\u015bci\" \/>\n<meta property=\"article:publisher\" content=\"https:\/\/www.facebook.com\/speedtestpl\/\" \/>\n<meta property=\"article:published_time\" content=\"2020-05-28T19:46:48+00:00\" \/>\n<meta property=\"article:modified_time\" content=\"2020-05-30T14:13:05+00:00\" \/>\n<meta property=\"og:image\" content=\"https:\/\/www.speedtest.pl\/wiadomosci\/wp-content\/uploads\/2020\/05\/uszkodzony-maszt-Lesniowice.jpg\" \/>\n\t<meta property=\"og:image:width\" content=\"1024\" \/>\n\t<meta property=\"og:image:height\" content=\"576\" \/>\n\t<meta property=\"og:image:type\" content=\"image\/jpeg\" \/>\n<meta name=\"author\" content=\"PJ\" \/>\n<meta name=\"twitter:card\" content=\"summary_large_image\" \/>\n<meta name=\"twitter:creator\" content=\"@speedtestpl\" \/>\n<meta name=\"twitter:site\" content=\"@speedtestpl\" \/>\n<meta name=\"twitter:label1\" content=\"Napisane przez\" \/>\n\t<meta name=\"twitter:data1\" content=\"PJ\" \/>\n\t<meta name=\"twitter:label2\" content=\"Szacowany czas czytania\" \/>\n\t<meta name=\"twitter:data2\" content=\"2 minuty\" \/>\n<script type=\"application\/ld+json\" class=\"yoast-schema-graph\">{\"@context\":\"https:\/\/schema.org\",\"@graph\":[{\"@type\":\"WebPage\",\"@id\":\"https:\/\/www.speedtest.pl\/wiadomosci\/news\/kolejny-uszkodzony-maszt-telekomunikacyjny\/\",\"url\":\"https:\/\/www.speedtest.pl\/wiadomosci\/news\/kolejny-uszkodzony-maszt-telekomunikacyjny\/\",\"name\":\"Kolejny uszkodzony maszt telekomunikacyjny, tym razem za pomoc\u0105 pi\u0142y\",\"isPartOf\":{\"@id\":\"https:\/\/www.speedtest.pl\/wiadomosci\/#website\"},\"primaryImageOfPage\":{\"@id\":\"https:\/\/www.speedtest.pl\/wiadomosci\/news\/kolejny-uszkodzony-maszt-telekomunikacyjny\/#primaryimage\"},\"image\":{\"@id\":\"https:\/\/www.speedtest.pl\/wiadomosci\/news\/kolejny-uszkodzony-maszt-telekomunikacyjny\/#primaryimage\"},\"thumbnailUrl\":\"https:\/\/www.speedtest.pl\/wiadomosci\/wp-content\/uploads\/2020\/05\/uszkodzony-maszt-Lesniowice.jpg\",\"datePublished\":\"2020-05-28T19:46:48+00:00\",\"dateModified\":\"2020-05-30T14:13:05+00:00\",\"author\":{\"@id\":\"https:\/\/www.speedtest.pl\/wiadomosci\/#\/schema\/person\/1e51a1178096c8851f7d3ab0575726e4\"},\"description\":\"Kolejny atak na maszt telefonii kom\u00f3rkowej. Tym razem 35-letni mieszkaniec Che\u0142ma ponacina\u0142 metalowe elementy masztu. Grozi mu za to kara 5 lat wi\u0119zienia.\",\"breadcrumb\":{\"@id\":\"https:\/\/www.speedtest.pl\/wiadomosci\/news\/kolejny-uszkodzony-maszt-telekomunikacyjny\/#breadcrumb\"},\"inLanguage\":\"pl-PL\",\"potentialAction\":[{\"@type\":\"ReadAction\",\"target\":[\"https:\/\/www.speedtest.pl\/wiadomosci\/news\/kolejny-uszkodzony-maszt-telekomunikacyjny\/\"]}]},{\"@type\":\"ImageObject\",\"inLanguage\":\"pl-PL\",\"@id\":\"https:\/\/www.speedtest.pl\/wiadomosci\/news\/kolejny-uszkodzony-maszt-telekomunikacyjny\/#primaryimage\",\"url\":\"https:\/\/www.speedtest.pl\/wiadomosci\/wp-content\/uploads\/2020\/05\/uszkodzony-maszt-Lesniowice.jpg\",\"contentUrl\":\"https:\/\/www.speedtest.pl\/wiadomosci\/wp-content\/uploads\/2020\/05\/uszkodzony-maszt-Lesniowice.jpg\",\"width\":1024,\"height\":576,\"caption\":\"uszkodzony maszt Le\u015bniowice\"},{\"@type\":\"BreadcrumbList\",\"@id\":\"https:\/\/www.speedtest.pl\/wiadomosci\/news\/kolejny-uszkodzony-maszt-telekomunikacyjny\/#breadcrumb\",\"itemListElement\":[{\"@type\":\"ListItem\",\"position\":1,\"name\":\"Strona g\u0142\u00f3wna\",\"item\":\"https:\/\/www.speedtest.pl\/wiadomosci\/\"},{\"@type\":\"ListItem\",\"position\":2,\"name\":\"Kolejny uszkodzony maszt telekomunikacyjny, tym razem za pomoc\u0105 pi\u0142y\"}]},{\"@type\":\"WebSite\",\"@id\":\"https:\/\/www.speedtest.pl\/wiadomosci\/#website\",\"url\":\"https:\/\/www.speedtest.pl\/wiadomosci\/\",\"name\":\"SpeedTest.pl Wiadomo\u015bci\",\"description\":\"Rankingi ISP, newsy i opinie ze \u015bwiata IT, recenzje sprz\u0119tu, gry, motoryzacja\",\"potentialAction\":[{\"@type\":\"SearchAction\",\"target\":{\"@type\":\"EntryPoint\",\"urlTemplate\":\"https:\/\/www.speedtest.pl\/wiadomosci\/?s={search_term_string}\"},\"query-input\":{\"@type\":\"PropertyValueSpecification\",\"valueRequired\":true,\"valueName\":\"search_term_string\"}}],\"inLanguage\":\"pl-PL\"},{\"@type\":\"Person\",\"@id\":\"https:\/\/www.speedtest.pl\/wiadomosci\/#\/schema\/person\/1e51a1178096c8851f7d3ab0575726e4\",\"name\":\"PJ\",\"image\":{\"@type\":\"ImageObject\",\"inLanguage\":\"pl-PL\",\"@id\":\"https:\/\/www.speedtest.pl\/wiadomosci\/#\/schema\/person\/image\/\",\"url\":\"https:\/\/www.speedtest.pl\/wiadomosci\/wp-content\/uploads\/2018\/01\/AAEAAQAAAAAAAAk2AAAAJDNhNWRlODdhLWY3MjYtNGFjNC04MzY1LTI1Zjc4NmI4YmE0OQ-150x150.jpg\",\"contentUrl\":\"https:\/\/www.speedtest.pl\/wiadomosci\/wp-content\/uploads\/2018\/01\/AAEAAQAAAAAAAAk2AAAAJDNhNWRlODdhLWY3MjYtNGFjNC04MzY1LTI1Zjc4NmI4YmE0OQ-150x150.jpg\",\"caption\":\"PJ\"},\"description\":\"Przemek jest m\u00f3zgiem operacyjnym SpeedTest.pl. Studiowa\u0142 na Politechnice Wroc\u0142awskiej elektronik\u0119 i telekomunikacj\u0119. Zarz\u0105dza projektami IT, relacjami z klientami oraz nadzoruje procesy rozwoju. Prywatnie zaanga\u017cowany w rodzin\u0119, wsparcie r\u00f3\u017cnych dzia\u0142alno\u015bci charytatywnych i projekty ekstremalne.\",\"url\":\"https:\/\/www.speedtest.pl\/wiadomosci\/author\/przemek\/\"}]}<\/script>\n<!-- \/ Yoast SEO plugin. -->","yoast_head_json":{"title":"Kolejny uszkodzony maszt telekomunikacyjny, tym razem za pomoc\u0105 pi\u0142y","description":"Kolejny atak na maszt telefonii kom\u00f3rkowej. Tym razem 35-letni mieszkaniec Che\u0142ma ponacina\u0142 metalowe elementy masztu. Grozi mu za to kara 5 lat wi\u0119zienia.","robots":{"index":"index","follow":"follow","max-snippet":"max-snippet:-1","max-image-preview":"max-image-preview:large","max-video-preview":"max-video-preview:-1"},"canonical":"https:\/\/www.speedtest.pl\/wiadomosci\/news\/kolejny-uszkodzony-maszt-telekomunikacyjny\/","og_locale":"pl_PL","og_type":"article","og_title":"Kolejny uszkodzony maszt telekomunikacyjny, tym razem za pomoc\u0105 pi\u0142y","og_description":"Kolejny atak na maszt telefonii kom\u00f3rkowej. Tym razem 35-letni mieszkaniec Che\u0142ma ponacina\u0142 metalowe elementy masztu. Grozi mu za to kara 5 lat wi\u0119zienia.","og_url":"https:\/\/www.speedtest.pl\/wiadomosci\/news\/kolejny-uszkodzony-maszt-telekomunikacyjny\/","og_site_name":"SpeedTest.pl Wiadomo\u015bci","article_publisher":"https:\/\/www.facebook.com\/speedtestpl\/","article_published_time":"2020-05-28T19:46:48+00:00","article_modified_time":"2020-05-30T14:13:05+00:00","og_image":[{"width":1024,"height":576,"url":"https:\/\/www.speedtest.pl\/wiadomosci\/wp-content\/uploads\/2020\/05\/uszkodzony-maszt-Lesniowice.jpg","type":"image\/jpeg"}],"author":"PJ","twitter_card":"summary_large_image","twitter_creator":"@speedtestpl","twitter_site":"@speedtestpl","twitter_misc":{"Napisane przez":"PJ","Szacowany czas czytania":"2 minuty"},"schema":{"@context":"https:\/\/schema.org","@graph":[{"@type":"WebPage","@id":"https:\/\/www.speedtest.pl\/wiadomosci\/news\/kolejny-uszkodzony-maszt-telekomunikacyjny\/","url":"https:\/\/www.speedtest.pl\/wiadomosci\/news\/kolejny-uszkodzony-maszt-telekomunikacyjny\/","name":"Kolejny uszkodzony maszt telekomunikacyjny, tym razem za pomoc\u0105 pi\u0142y","isPartOf":{"@id":"https:\/\/www.speedtest.pl\/wiadomosci\/#website"},"primaryImageOfPage":{"@id":"https:\/\/www.speedtest.pl\/wiadomosci\/news\/kolejny-uszkodzony-maszt-telekomunikacyjny\/#primaryimage"},"image":{"@id":"https:\/\/www.speedtest.pl\/wiadomosci\/news\/kolejny-uszkodzony-maszt-telekomunikacyjny\/#primaryimage"},"thumbnailUrl":"https:\/\/www.speedtest.pl\/wiadomosci\/wp-content\/uploads\/2020\/05\/uszkodzony-maszt-Lesniowice.jpg","datePublished":"2020-05-28T19:46:48+00:00","dateModified":"2020-05-30T14:13:05+00:00","author":{"@id":"https:\/\/www.speedtest.pl\/wiadomosci\/#\/schema\/person\/1e51a1178096c8851f7d3ab0575726e4"},"description":"Kolejny atak na maszt telefonii kom\u00f3rkowej. Tym razem 35-letni mieszkaniec Che\u0142ma ponacina\u0142 metalowe elementy masztu. Grozi mu za to kara 5 lat wi\u0119zienia.","breadcrumb":{"@id":"https:\/\/www.speedtest.pl\/wiadomosci\/news\/kolejny-uszkodzony-maszt-telekomunikacyjny\/#breadcrumb"},"inLanguage":"pl-PL","potentialAction":[{"@type":"ReadAction","target":["https:\/\/www.speedtest.pl\/wiadomosci\/news\/kolejny-uszkodzony-maszt-telekomunikacyjny\/"]}]},{"@type":"ImageObject","inLanguage":"pl-PL","@id":"https:\/\/www.speedtest.pl\/wiadomosci\/news\/kolejny-uszkodzony-maszt-telekomunikacyjny\/#primaryimage","url":"https:\/\/www.speedtest.pl\/wiadomosci\/wp-content\/uploads\/2020\/05\/uszkodzony-maszt-Lesniowice.jpg","contentUrl":"https:\/\/www.speedtest.pl\/wiadomosci\/wp-content\/uploads\/2020\/05\/uszkodzony-maszt-Lesniowice.jpg","width":1024,"height":576,"caption":"uszkodzony maszt Le\u015bniowice"},{"@type":"BreadcrumbList","@id":"https:\/\/www.speedtest.pl\/wiadomosci\/news\/kolejny-uszkodzony-maszt-telekomunikacyjny\/#breadcrumb","itemListElement":[{"@type":"ListItem","position":1,"name":"Strona g\u0142\u00f3wna","item":"https:\/\/www.speedtest.pl\/wiadomosci\/"},{"@type":"ListItem","position":2,"name":"Kolejny uszkodzony maszt telekomunikacyjny, tym razem za pomoc\u0105 pi\u0142y"}]},{"@type":"WebSite","@id":"https:\/\/www.speedtest.pl\/wiadomosci\/#website","url":"https:\/\/www.speedtest.pl\/wiadomosci\/","name":"SpeedTest.pl Wiadomo\u015bci","description":"Rankingi ISP, newsy i opinie ze \u015bwiata IT, recenzje sprz\u0119tu, gry, motoryzacja","potentialAction":[{"@type":"SearchAction","target":{"@type":"EntryPoint","urlTemplate":"https:\/\/www.speedtest.pl\/wiadomosci\/?s={search_term_string}"},"query-input":{"@type":"PropertyValueSpecification","valueRequired":true,"valueName":"search_term_string"}}],"inLanguage":"pl-PL"},{"@type":"Person","@id":"https:\/\/www.speedtest.pl\/wiadomosci\/#\/schema\/person\/1e51a1178096c8851f7d3ab0575726e4","name":"PJ","image":{"@type":"ImageObject","inLanguage":"pl-PL","@id":"https:\/\/www.speedtest.pl\/wiadomosci\/#\/schema\/person\/image\/","url":"https:\/\/www.speedtest.pl\/wiadomosci\/wp-content\/uploads\/2018\/01\/AAEAAQAAAAAAAAk2AAAAJDNhNWRlODdhLWY3MjYtNGFjNC04MzY1LTI1Zjc4NmI4YmE0OQ-150x150.jpg","contentUrl":"https:\/\/www.speedtest.pl\/wiadomosci\/wp-content\/uploads\/2018\/01\/AAEAAQAAAAAAAAk2AAAAJDNhNWRlODdhLWY3MjYtNGFjNC04MzY1LTI1Zjc4NmI4YmE0OQ-150x150.jpg","caption":"PJ"},"description":"Przemek jest m\u00f3zgiem operacyjnym SpeedTest.pl. Studiowa\u0142 na Politechnice Wroc\u0142awskiej elektronik\u0119 i telekomunikacj\u0119. Zarz\u0105dza projektami IT, relacjami z klientami oraz nadzoruje procesy rozwoju. Prywatnie zaanga\u017cowany w rodzin\u0119, wsparcie r\u00f3\u017cnych dzia\u0142alno\u015bci charytatywnych i projekty ekstremalne.","url":"https:\/\/www.speedtest.pl\/wiadomosci\/author\/przemek\/"}]}},"jetpack_featured_media_url":"https:\/\/www.speedtest.pl\/wiadomosci\/wp-content\/uploads\/2020\/05\/uszkodzony-maszt-Lesniowice.jpg","jetpack_sharing_enabled":true,"jetpack_shortlink":"https:\/\/wp.me\/p85ce0-7ny","_links":{"self":[{"href":"https:\/\/www.speedtest.pl\/wiadomosci\/wp-json\/wp\/v2\/posts\/28368","targetHints":{"allow":["GET"]}}],"collection":[{"href":"https:\/\/www.speedtest.pl\/wiadomosci\/wp-json\/wp\/v2\/posts"}],"about":[{"href":"https:\/\/www.speedtest.pl\/wiadomosci\/wp-json\/wp\/v2\/types\/post"}],"author":[{"embeddable":true,"href":"https:\/\/www.speedtest.pl\/wiadomosci\/wp-json\/wp\/v2\/users\/12"}],"replies":[{"embeddable":true,"href":"https:\/\/www.speedtest.pl\/wiadomosci\/wp-json\/wp\/v2\/comments?post=28368"}],"version-history":[{"count":2,"href":"https:\/\/www.speedtest.pl\/wiadomosci\/wp-json\/wp\/v2\/posts\/28368\/revisions"}],"predecessor-version":[{"id":28396,"href":"https:\/\/www.speedtest.pl\/wiadomosci\/wp-json\/wp\/v2\/posts\/28368\/revisions\/28396"}],"wp:featuredmedia":[{"embeddable":true,"href":"https:\/\/www.speedtest.pl\/wiadomosci\/wp-json\/wp\/v2\/media\/28369"}],"wp:attachment":[{"href":"https:\/\/www.speedtest.pl\/wiadomosci\/wp-json\/wp\/v2\/media?parent=28368"}],"wp:term":[{"taxonomy":"category","embeddable":true,"href":"https:\/\/www.speedtest.pl\/wiadomosci\/wp-json\/wp\/v2\/categories?post=28368"},{"taxonomy":"post_tag","embeddable":true,"href":"https:\/\/www.speedtest.pl\/wiadomosci\/wp-json\/wp\/v2\/tags?post=28368"},{"taxonomy":"table_tags","embeddable":true,"href":"https:\/\/www.speedtest.pl\/wiadomosci\/wp-json\/wp\/v2\/table_tags?post=28368"}],"curies":[{"name":"wp","href":"https:\/\/api.w.org\/{rel}","templated":true}]}}