{"id":28349,"date":"2020-05-27T23:59:09","date_gmt":"2020-05-27T21:59:09","guid":{"rendered":"https:\/\/www.speedtest.pl\/wiadomosci\/?p=28349"},"modified":"2020-05-28T00:08:56","modified_gmt":"2020-05-27T22:08:56","slug":"francuski-operator-chce-opoznienia-aukcji-5g","status":"publish","type":"post","link":"https:\/\/www.speedtest.pl\/wiadomosci\/5g\/francuski-operator-chce-opoznienia-aukcji-5g\/","title":{"rendered":"Francuski operator chce op\u00f3\u017anienia aukcji 5G, znamy przyczyny"},"content":{"rendered":"\n<p><strong>Sytuacja zwi\u0105zana z koronawirusem mo\u017ce op\u00f3\u017ani\u0107 wdra\u017canie sieci 5G w wielu krajach. Dobrym przyk\u0142adem jest tutaj Francja, gdzie tamtejszy regulator zawiesi\u0142 aukcj\u0119 na cz\u0119stotliwo\u015bci z pasma 3,6 GHz. Dyrektor jednego z francuskich operator\u00f3w stwierdzi\u0142, \u017ce szybkie wznawianie post\u0119powania nie jest dobrym pomys\u0142em. Jego zdaniem aukcja powinna odby\u0107 si\u0119 najwcze\u015bniej pod koniec tego roku.<\/strong><\/p>\n\n\n\n<p>Rok 2020 mia\u0142 by\u0107 rewolucyjny dla rynku telekomunikacyjnego. Praktycznie ka\u017cdy kraj cz\u0142onkowski Unii Europejskiej szykowa\u0142 si\u0119 do uruchomienia sieci 5G na dedykowanych do tego celu cz\u0119stotliwo\u015bciach. Chodzi tutaj o tzw. pasmo C, czyli zakresu od 3400 MHz do 3800 MHz. Pozwala ono na przydzia\u0142 operatorom blok\u00f3w o szeroko\u015bci od 50 MHz do 100 MHz. Dotychczasowe testy pokazuj\u0105, \u017ce ju\u017c 80 MHz z takiego pasma <a href=\"https:\/\/www.speedtest.pl\/wiadomosci\/predkosc\/orange-testy-5g-1-gbit-s\/\">pozwala na osi\u0105gni\u0119cie pr\u0119dko\u015bci pobierania danych na poziomie 1 Gbit\/s<\/a>. Dlatego pasmo to jest kluczowe z perspektywy dalszego rozwoju sieci kom\u00f3rkowych w Europie. Niestety sytuacja zwi\u0105zana z pandemi\u0105 koronawirusa sprawi\u0142a, \u017ce wiele pa\u0144stw zdecydowa\u0142o si\u0119 na wstrzymanie lub te\u017c odwo\u0142anie zapowiedzianych i rozpocz\u0119tych post\u0119powa\u0144 aukcyjnych. Do tego dochodz\u0105 zmiany ekonomiczne, kt\u00f3re mog\u0105 mie\u0107 negatywny wp\u0142yw na mo\u017cliwo\u015bci inwestycyjne niekt\u00f3rych operator\u00f3w. Dlatego Martin Bouygues, dyrektor generalny francuskiego Bouygues Telecom, chce, \u017ceby aukcja na cz\u0119stotliwo\u015bci dla sieci 5G odby\u0142a si\u0119 pod koniec tego lub na pocz\u0105tku przysz\u0142ego roku.<\/p>\n\n\n\n<h2 class=\"wp-block-heading\">Francuski telekom chce spowolnienia wy\u015bcigu 5G<\/h2>\n\n\n\n<p>ARCEP, francuski odpowiednik naszego UKE, chce przeprowadzi\u0107 aukcj\u0119 na cz\u0119stotliwo\u015bci z pasma C w okolicach wrze\u015bnia. Pocz\u0105tkowo mia\u0142a ona odby\u0107 si\u0119 w kwietniu, jednak regulator ze wzgl\u0119du na sytuacj\u0119 epidemiologiczn\u0105 zdecydowa\u0142 si\u0119 na prze\u0142o\u017cenie terminu. Jednak nie wszyscy francuscy operatorzy chc\u0105 szybkiego rozstrzygni\u0119cia post\u0119powania. Dyrektor sieci Bouygues w <a href=\"https:\/\/www.lefigaro.fr\/vox\/economie\/la-5g-n-est-pas-une-urgence-pour-la-france-repoussons-l-attribution-des-frequences-20200522\" rel=\"external nofollow\">wywiadzie dla Le Figaro<\/a> stwierdzi\u0142, \u017ce 5G nie jest obecnie priorytetem dla sieci kom\u00f3rkowych we Francji. Jego zdaniem aukcja powinna odby\u0107 si\u0119 najwcze\u015bniej pod koniec tego roku, a poszczeg\u00f3lni operatorzy powinni skupi\u0107 si\u0119 na wzmocnieniu obecnej infrastruktury LTE.<\/p>\n\n\n\n<p>Na pierwszy rzut oka decyzja ta jest do\u015b\u0107 zaskakuj\u0105ca. W ko\u0144cu dost\u0119p do nowych cz\u0119stotliwo\u015bci prze\u0142o\u017cy\u0142by si\u0119 na zwi\u0119kszenie pojemno\u015bci sieci. Jednak Martin Bouygues przytoczy\u0142 dwa dobre argumenty. Pierwszy z nich sprowadza si\u0119 do kryzysu ekonomicznego. Chodzi tutaj o to, \u017ce ceny wywo\u0142awcze dla aukcji 5G zosta\u0142y ustalone na pocz\u0105tku 2020 roku, kt\u00f3ry mia\u0142 przynie\u015b\u0107 we Francji 8% wzrost gospodarczy. Dodatkowo szef telekomu zwraca uwag\u0119 na to, \u017ce technologia 5G dopiero raczkuje, a obs\u0142uguj\u0105ce j\u0105 urz\u0105dzenia pojawiaj\u0105 si\u0119 na rynku powoli. Wypowied\u017a t\u0105 mo\u017cna podsumowa\u0107 w bardzo konkretny spos\u00f3b.<\/p>\n\n\n\n<p>Martin Bouygues uwa\u017ca, \u017ce szybka aukcja na cz\u0119stotliwo\u015bci dla sieci 5G b\u0119dzie drog\u0105 dla jego firmy inwestycj\u0105, kt\u00f3ra nie zwr\u00f3ci si\u0119 w kr\u00f3tkim czasie. Dlatego te\u017c wola\u0142by on, \u017ceby dystrybucja nowych zasob\u00f3w odby\u0142a si\u0119 p\u00f3\u017aniej, a regulator ponownie wyceni\u0142 oferowany zas\u00f3b.<\/p>\n\n\n\n<h2 class=\"wp-block-heading\">Aukcja 5G a obawy zwi\u0105zane ze zdrowiem<\/h2>\n\n\n\n<p>Ostatnie wydarzenia z <a href=\"https:\/\/www.speedtest.pl\/wiadomosci\/5g\/przeciwnicy-5g-zaczeli-podpalac-stacje-bazowe\/\">Wielkiej Brytanii<\/a>, <a href=\"https:\/\/www.speedtest.pl\/wiadomosci\/5g\/podpalenia-stacji-bazowych-5g-holandia\/\">Holandii<\/a> oraz <a href=\"https:\/\/www.speedtest.pl\/wiadomosci\/internet-mobilny\/podpalenia-stacji-bazowych-w-polsce\/\">Polski<\/a> pokazuj\u0105, \u017ce nie mo\u017cna ju\u017c d\u0142u\u017cej m\u00f3wi\u0107 o wprowadzaniu sieci 5G bez poruszania kwestii z obawami natury zdrowotnej. Niestety opinia publiczna nie rozumie, \u017ce <a href=\"https:\/\/www.speedtest.pl\/wiadomosci\/5g\/prof-zmyslony-nie-widzi-podstaw-zeby-mowic-o-szkodliwosci-sieci-5g\/\">cz\u0119stotliwo\u015bci z pasma C niczym nie r\u00f3\u017cni\u0105 si\u0119 od tych, kt\u00f3re s\u0105 u\u017cywane przez sieci LTE<\/a>. Z kolei same post\u0119powania aukcyjne nie maj\u0105 nic wsp\u00f3lnego z domniemanym wzrostem ekspozycji na promieniowanie elektromagnetyczne. Obowi\u0105zuj\u0105ce w poszczeg\u00f3lnych krajach limity PEM odnosz\u0105 si\u0119 do warto\u015bci sumarycznych, wi\u0119c uruchomienie w niekt\u00f3rych miejscach nowych nadajnik\u00f3w 5G wi\u0105\u017ce si\u0119 ze zmniejszeniem mocy modu\u0142\u00f3w obs\u0142uguj\u0105cych LTE.<\/p>\n\n\n\n<p>Jednak pomimo tego Martin Bouygues uwa\u017ca, \u017ce poruszanie w tej chwili kwestii zwi\u0105zanych z sieciami 5G nie jest najlepszym pomys\u0142em. Przywo\u0142a\u0142 tutaj nienajlepsze nastroje spo\u0142eczne oraz kr\u0105\u017c\u0105ce po sieci fake newsy. To, \u017ce sytuacja jest powa\u017cna i nie mo\u017cna jej lekcewa\u017cy\u0107, pokazuj\u0105 podpalenia stacji bazowych oraz ataki na pracownik\u00f3w firm telekomunikacyjnych. Niestety wywiad opublikowany w Le Figaro zosta\u0142 przez niekt\u00f3re portale przek\u0142amany. Osoby maj\u0105ce sk\u0142onno\u015b\u0107 do efektu potwierdzenia stwierdzi\u0142y, \u017ce francuski telekom chce prze\u0142o\u017cenia ze wzgl\u0119du obawy spo\u0142ecze\u0144stwa dotycz\u0105ce wp\u0142ywu sieci 5G na zdrowie cz\u0142owieka. Tymczasem g\u0142\u00f3wna motywacja Martina Bouyguesa ma pod\u0142o\u017ce czysto ekonomiczne. Dodatkowo nie chce on toczy\u0107 trudnej i ma\u0142o efektywnej batalii z przeciwnikami sieci 5G. Zw\u0142aszcza \u017ce stres wywo\u0142any epidemi\u0105 koronawirusa nie sprzyja takim dzia\u0142aniom.<\/p>\n\n\n\n<p>Niekt\u00f3re francuskie media podaj\u0105, \u017ce tamtejszy regulator jest zaskoczony wypowiedzi\u0105 Martina Bouyguesa. Oficjalnie telekom nie z\u0142o\u017cy\u0142 do ARCEP \u017cadnego pisma w tej sprawie. Nie pojawi\u0142y si\u0119 r\u00f3wnie\u017c \u017cadne analizy sugeruj\u0105ce potrzeb\u0119 ponownego oszacowania warto\u015bci cz\u0119stotliwo\u015bci z pasma C. Nie wiadomo r\u00f3wnie\u017c czy inni operatorzy podzielaj\u0105 obawy swojego konkurenta.<\/p>\n","protected":false},"excerpt":{"rendered":"<p>Sytuacja zwi\u0105zana z koronawirusem mo\u017ce op\u00f3\u017ani\u0107 wdra\u017canie sieci 5G w wielu krajach. Dobrym przyk\u0142adem jest tutaj Francja, gdzie tamtejszy regulator zawiesi\u0142 aukcj\u0119 na cz\u0119stotliwo\u015bci z pasma 3,6 GHz. Dyrektor jednego z francuskich operator\u00f3w stwierdzi\u0142, \u017ce szybkie wznawianie post\u0119powania nie jest dobrym pomys\u0142em. Jego zdaniem aukcja powinna odby\u0107 si\u0119 najwcze\u015bniej pod koniec tego roku. Rok 2020 [&hellip;]<\/p>\n","protected":false},"author":12,"featured_media":28351,"comment_status":"closed","ping_status":"open","sticky":false,"template":"","format":"standard","meta":{"jetpack_post_was_ever_published":false,"_jetpack_newsletter_access":"","_jetpack_dont_email_post_to_subs":false,"_jetpack_newsletter_tier_id":0,"_jetpack_memberships_contains_paywalled_content":false,"_jetpack_memberships_contains_paid_content":false,"footnotes":"","jetpack_publicize_message":"","jetpack_publicize_feature_enabled":true,"jetpack_social_post_already_shared":true,"jetpack_social_options":{"image_generator_settings":{"template":"highway","enabled":false},"version":2}},"categories":[2344,2016,57],"tags":[143,4529,2425,636],"table_tags":[],"class_list":["post-28349","post","type-post","status-publish","format-standard","has-post-thumbnail","hentry","category-5g","category-esej","category-internet-mobilny","tag-5g","tag-aukcja","tag-czestotliwosc","tag-francja"],"jetpack_publicize_connections":[],"yoast_head":"<!-- This site is optimized with the Yoast SEO plugin v24.8.1 - https:\/\/yoast.com\/wordpress\/plugins\/seo\/ -->\n<title>Francuski operator chce op\u00f3\u017anienia aukcji 5G, znamy przyczyny - SpeedTest<\/title>\n<meta name=\"description\" content=\"Dyrektor jednego z francuskich operator\u00f3w stwierdzi\u0142, \u017ce szybkie wznawianie aukcji 5G nie jest dobrym pomys\u0142em. Jego zdaniem post\u0119powanie powinno odby\u0107 si\u0119 najwcze\u015bniej pod koniec tego roku.\" \/>\n<meta name=\"robots\" content=\"index, follow, max-snippet:-1, max-image-preview:large, max-video-preview:-1\" \/>\n<link rel=\"canonical\" href=\"https:\/\/www.speedtest.pl\/wiadomosci\/5g\/francuski-operator-chce-opoznienia-aukcji-5g\/\" \/>\n<meta property=\"og:locale\" content=\"pl_PL\" \/>\n<meta property=\"og:type\" content=\"article\" \/>\n<meta property=\"og:title\" content=\"Francuski operator chce op\u00f3\u017anienia aukcji 5G, znamy przyczyny - SpeedTest\" \/>\n<meta property=\"og:description\" content=\"Dyrektor jednego z francuskich operator\u00f3w stwierdzi\u0142, \u017ce szybkie wznawianie aukcji 5G nie jest dobrym pomys\u0142em. Jego zdaniem post\u0119powanie powinno odby\u0107 si\u0119 najwcze\u015bniej pod koniec tego roku.\" \/>\n<meta property=\"og:url\" content=\"https:\/\/www.speedtest.pl\/wiadomosci\/5g\/francuski-operator-chce-opoznienia-aukcji-5g\/\" \/>\n<meta property=\"og:site_name\" content=\"SpeedTest.pl Wiadomo\u015bci\" \/>\n<meta property=\"article:publisher\" content=\"https:\/\/www.facebook.com\/speedtestpl\/\" \/>\n<meta property=\"article:published_time\" content=\"2020-05-27T21:59:09+00:00\" \/>\n<meta property=\"article:modified_time\" content=\"2020-05-27T22:08:56+00:00\" \/>\n<meta property=\"og:image\" content=\"https:\/\/www.speedtest.pl\/wiadomosci\/wp-content\/uploads\/2020\/05\/Francja-5G.jpg\" \/>\n\t<meta property=\"og:image:width\" content=\"1024\" \/>\n\t<meta property=\"og:image:height\" content=\"576\" \/>\n\t<meta property=\"og:image:type\" content=\"image\/jpeg\" \/>\n<meta name=\"author\" content=\"PJ\" \/>\n<meta name=\"twitter:card\" content=\"summary_large_image\" \/>\n<meta name=\"twitter:creator\" content=\"@speedtestpl\" \/>\n<meta name=\"twitter:site\" content=\"@speedtestpl\" \/>\n<meta name=\"twitter:label1\" content=\"Napisane przez\" \/>\n\t<meta name=\"twitter:data1\" content=\"PJ\" \/>\n\t<meta name=\"twitter:label2\" content=\"Szacowany czas czytania\" \/>\n\t<meta name=\"twitter:data2\" content=\"4 minuty\" \/>\n<script type=\"application\/ld+json\" class=\"yoast-schema-graph\">{\"@context\":\"https:\/\/schema.org\",\"@graph\":[{\"@type\":\"WebPage\",\"@id\":\"https:\/\/www.speedtest.pl\/wiadomosci\/5g\/francuski-operator-chce-opoznienia-aukcji-5g\/\",\"url\":\"https:\/\/www.speedtest.pl\/wiadomosci\/5g\/francuski-operator-chce-opoznienia-aukcji-5g\/\",\"name\":\"Francuski operator chce op\u00f3\u017anienia aukcji 5G, znamy przyczyny - SpeedTest\",\"isPartOf\":{\"@id\":\"https:\/\/www.speedtest.pl\/wiadomosci\/#website\"},\"primaryImageOfPage\":{\"@id\":\"https:\/\/www.speedtest.pl\/wiadomosci\/5g\/francuski-operator-chce-opoznienia-aukcji-5g\/#primaryimage\"},\"image\":{\"@id\":\"https:\/\/www.speedtest.pl\/wiadomosci\/5g\/francuski-operator-chce-opoznienia-aukcji-5g\/#primaryimage\"},\"thumbnailUrl\":\"https:\/\/www.speedtest.pl\/wiadomosci\/wp-content\/uploads\/2020\/05\/Francja-5G.jpg\",\"datePublished\":\"2020-05-27T21:59:09+00:00\",\"dateModified\":\"2020-05-27T22:08:56+00:00\",\"author\":{\"@id\":\"https:\/\/www.speedtest.pl\/wiadomosci\/#\/schema\/person\/1e51a1178096c8851f7d3ab0575726e4\"},\"description\":\"Dyrektor jednego z francuskich operator\u00f3w stwierdzi\u0142, \u017ce szybkie wznawianie aukcji 5G nie jest dobrym pomys\u0142em. Jego zdaniem post\u0119powanie powinno odby\u0107 si\u0119 najwcze\u015bniej pod koniec tego roku.\",\"breadcrumb\":{\"@id\":\"https:\/\/www.speedtest.pl\/wiadomosci\/5g\/francuski-operator-chce-opoznienia-aukcji-5g\/#breadcrumb\"},\"inLanguage\":\"pl-PL\",\"potentialAction\":[{\"@type\":\"ReadAction\",\"target\":[\"https:\/\/www.speedtest.pl\/wiadomosci\/5g\/francuski-operator-chce-opoznienia-aukcji-5g\/\"]}]},{\"@type\":\"ImageObject\",\"inLanguage\":\"pl-PL\",\"@id\":\"https:\/\/www.speedtest.pl\/wiadomosci\/5g\/francuski-operator-chce-opoznienia-aukcji-5g\/#primaryimage\",\"url\":\"https:\/\/www.speedtest.pl\/wiadomosci\/wp-content\/uploads\/2020\/05\/Francja-5G.jpg\",\"contentUrl\":\"https:\/\/www.speedtest.pl\/wiadomosci\/wp-content\/uploads\/2020\/05\/Francja-5G.jpg\",\"width\":1024,\"height\":576,\"caption\":\"Francja 5G\"},{\"@type\":\"BreadcrumbList\",\"@id\":\"https:\/\/www.speedtest.pl\/wiadomosci\/5g\/francuski-operator-chce-opoznienia-aukcji-5g\/#breadcrumb\",\"itemListElement\":[{\"@type\":\"ListItem\",\"position\":1,\"name\":\"Strona g\u0142\u00f3wna\",\"item\":\"https:\/\/www.speedtest.pl\/wiadomosci\/\"},{\"@type\":\"ListItem\",\"position\":2,\"name\":\"Francuski operator chce op\u00f3\u017anienia aukcji 5G, znamy przyczyny\"}]},{\"@type\":\"WebSite\",\"@id\":\"https:\/\/www.speedtest.pl\/wiadomosci\/#website\",\"url\":\"https:\/\/www.speedtest.pl\/wiadomosci\/\",\"name\":\"SpeedTest.pl Wiadomo\u015bci\",\"description\":\"Rankingi ISP, newsy i opinie ze \u015bwiata IT, recenzje sprz\u0119tu, gry, motoryzacja\",\"potentialAction\":[{\"@type\":\"SearchAction\",\"target\":{\"@type\":\"EntryPoint\",\"urlTemplate\":\"https:\/\/www.speedtest.pl\/wiadomosci\/?s={search_term_string}\"},\"query-input\":{\"@type\":\"PropertyValueSpecification\",\"valueRequired\":true,\"valueName\":\"search_term_string\"}}],\"inLanguage\":\"pl-PL\"},{\"@type\":\"Person\",\"@id\":\"https:\/\/www.speedtest.pl\/wiadomosci\/#\/schema\/person\/1e51a1178096c8851f7d3ab0575726e4\",\"name\":\"PJ\",\"image\":{\"@type\":\"ImageObject\",\"inLanguage\":\"pl-PL\",\"@id\":\"https:\/\/www.speedtest.pl\/wiadomosci\/#\/schema\/person\/image\/\",\"url\":\"https:\/\/www.speedtest.pl\/wiadomosci\/wp-content\/uploads\/2018\/01\/AAEAAQAAAAAAAAk2AAAAJDNhNWRlODdhLWY3MjYtNGFjNC04MzY1LTI1Zjc4NmI4YmE0OQ-150x150.jpg\",\"contentUrl\":\"https:\/\/www.speedtest.pl\/wiadomosci\/wp-content\/uploads\/2018\/01\/AAEAAQAAAAAAAAk2AAAAJDNhNWRlODdhLWY3MjYtNGFjNC04MzY1LTI1Zjc4NmI4YmE0OQ-150x150.jpg\",\"caption\":\"PJ\"},\"description\":\"Przemek jest m\u00f3zgiem operacyjnym SpeedTest.pl. Studiowa\u0142 na Politechnice Wroc\u0142awskiej elektronik\u0119 i telekomunikacj\u0119. Zarz\u0105dza projektami IT, relacjami z klientami oraz nadzoruje procesy rozwoju. Prywatnie zaanga\u017cowany w rodzin\u0119, wsparcie r\u00f3\u017cnych dzia\u0142alno\u015bci charytatywnych i projekty ekstremalne.\",\"url\":\"https:\/\/www.speedtest.pl\/wiadomosci\/author\/przemek\/\"}]}<\/script>\n<!-- \/ Yoast SEO plugin. -->","yoast_head_json":{"title":"Francuski operator chce op\u00f3\u017anienia aukcji 5G, znamy przyczyny - SpeedTest","description":"Dyrektor jednego z francuskich operator\u00f3w stwierdzi\u0142, \u017ce szybkie wznawianie aukcji 5G nie jest dobrym pomys\u0142em. Jego zdaniem post\u0119powanie powinno odby\u0107 si\u0119 najwcze\u015bniej pod koniec tego roku.","robots":{"index":"index","follow":"follow","max-snippet":"max-snippet:-1","max-image-preview":"max-image-preview:large","max-video-preview":"max-video-preview:-1"},"canonical":"https:\/\/www.speedtest.pl\/wiadomosci\/5g\/francuski-operator-chce-opoznienia-aukcji-5g\/","og_locale":"pl_PL","og_type":"article","og_title":"Francuski operator chce op\u00f3\u017anienia aukcji 5G, znamy przyczyny - SpeedTest","og_description":"Dyrektor jednego z francuskich operator\u00f3w stwierdzi\u0142, \u017ce szybkie wznawianie aukcji 5G nie jest dobrym pomys\u0142em. Jego zdaniem post\u0119powanie powinno odby\u0107 si\u0119 najwcze\u015bniej pod koniec tego roku.","og_url":"https:\/\/www.speedtest.pl\/wiadomosci\/5g\/francuski-operator-chce-opoznienia-aukcji-5g\/","og_site_name":"SpeedTest.pl Wiadomo\u015bci","article_publisher":"https:\/\/www.facebook.com\/speedtestpl\/","article_published_time":"2020-05-27T21:59:09+00:00","article_modified_time":"2020-05-27T22:08:56+00:00","og_image":[{"width":1024,"height":576,"url":"https:\/\/www.speedtest.pl\/wiadomosci\/wp-content\/uploads\/2020\/05\/Francja-5G.jpg","type":"image\/jpeg"}],"author":"PJ","twitter_card":"summary_large_image","twitter_creator":"@speedtestpl","twitter_site":"@speedtestpl","twitter_misc":{"Napisane przez":"PJ","Szacowany czas czytania":"4 minuty"},"schema":{"@context":"https:\/\/schema.org","@graph":[{"@type":"WebPage","@id":"https:\/\/www.speedtest.pl\/wiadomosci\/5g\/francuski-operator-chce-opoznienia-aukcji-5g\/","url":"https:\/\/www.speedtest.pl\/wiadomosci\/5g\/francuski-operator-chce-opoznienia-aukcji-5g\/","name":"Francuski operator chce op\u00f3\u017anienia aukcji 5G, znamy przyczyny - SpeedTest","isPartOf":{"@id":"https:\/\/www.speedtest.pl\/wiadomosci\/#website"},"primaryImageOfPage":{"@id":"https:\/\/www.speedtest.pl\/wiadomosci\/5g\/francuski-operator-chce-opoznienia-aukcji-5g\/#primaryimage"},"image":{"@id":"https:\/\/www.speedtest.pl\/wiadomosci\/5g\/francuski-operator-chce-opoznienia-aukcji-5g\/#primaryimage"},"thumbnailUrl":"https:\/\/www.speedtest.pl\/wiadomosci\/wp-content\/uploads\/2020\/05\/Francja-5G.jpg","datePublished":"2020-05-27T21:59:09+00:00","dateModified":"2020-05-27T22:08:56+00:00","author":{"@id":"https:\/\/www.speedtest.pl\/wiadomosci\/#\/schema\/person\/1e51a1178096c8851f7d3ab0575726e4"},"description":"Dyrektor jednego z francuskich operator\u00f3w stwierdzi\u0142, \u017ce szybkie wznawianie aukcji 5G nie jest dobrym pomys\u0142em. Jego zdaniem post\u0119powanie powinno odby\u0107 si\u0119 najwcze\u015bniej pod koniec tego roku.","breadcrumb":{"@id":"https:\/\/www.speedtest.pl\/wiadomosci\/5g\/francuski-operator-chce-opoznienia-aukcji-5g\/#breadcrumb"},"inLanguage":"pl-PL","potentialAction":[{"@type":"ReadAction","target":["https:\/\/www.speedtest.pl\/wiadomosci\/5g\/francuski-operator-chce-opoznienia-aukcji-5g\/"]}]},{"@type":"ImageObject","inLanguage":"pl-PL","@id":"https:\/\/www.speedtest.pl\/wiadomosci\/5g\/francuski-operator-chce-opoznienia-aukcji-5g\/#primaryimage","url":"https:\/\/www.speedtest.pl\/wiadomosci\/wp-content\/uploads\/2020\/05\/Francja-5G.jpg","contentUrl":"https:\/\/www.speedtest.pl\/wiadomosci\/wp-content\/uploads\/2020\/05\/Francja-5G.jpg","width":1024,"height":576,"caption":"Francja 5G"},{"@type":"BreadcrumbList","@id":"https:\/\/www.speedtest.pl\/wiadomosci\/5g\/francuski-operator-chce-opoznienia-aukcji-5g\/#breadcrumb","itemListElement":[{"@type":"ListItem","position":1,"name":"Strona g\u0142\u00f3wna","item":"https:\/\/www.speedtest.pl\/wiadomosci\/"},{"@type":"ListItem","position":2,"name":"Francuski operator chce op\u00f3\u017anienia aukcji 5G, znamy przyczyny"}]},{"@type":"WebSite","@id":"https:\/\/www.speedtest.pl\/wiadomosci\/#website","url":"https:\/\/www.speedtest.pl\/wiadomosci\/","name":"SpeedTest.pl Wiadomo\u015bci","description":"Rankingi ISP, newsy i opinie ze \u015bwiata IT, recenzje sprz\u0119tu, gry, motoryzacja","potentialAction":[{"@type":"SearchAction","target":{"@type":"EntryPoint","urlTemplate":"https:\/\/www.speedtest.pl\/wiadomosci\/?s={search_term_string}"},"query-input":{"@type":"PropertyValueSpecification","valueRequired":true,"valueName":"search_term_string"}}],"inLanguage":"pl-PL"},{"@type":"Person","@id":"https:\/\/www.speedtest.pl\/wiadomosci\/#\/schema\/person\/1e51a1178096c8851f7d3ab0575726e4","name":"PJ","image":{"@type":"ImageObject","inLanguage":"pl-PL","@id":"https:\/\/www.speedtest.pl\/wiadomosci\/#\/schema\/person\/image\/","url":"https:\/\/www.speedtest.pl\/wiadomosci\/wp-content\/uploads\/2018\/01\/AAEAAQAAAAAAAAk2AAAAJDNhNWRlODdhLWY3MjYtNGFjNC04MzY1LTI1Zjc4NmI4YmE0OQ-150x150.jpg","contentUrl":"https:\/\/www.speedtest.pl\/wiadomosci\/wp-content\/uploads\/2018\/01\/AAEAAQAAAAAAAAk2AAAAJDNhNWRlODdhLWY3MjYtNGFjNC04MzY1LTI1Zjc4NmI4YmE0OQ-150x150.jpg","caption":"PJ"},"description":"Przemek jest m\u00f3zgiem operacyjnym SpeedTest.pl. Studiowa\u0142 na Politechnice Wroc\u0142awskiej elektronik\u0119 i telekomunikacj\u0119. Zarz\u0105dza projektami IT, relacjami z klientami oraz nadzoruje procesy rozwoju. Prywatnie zaanga\u017cowany w rodzin\u0119, wsparcie r\u00f3\u017cnych dzia\u0142alno\u015bci charytatywnych i projekty ekstremalne.","url":"https:\/\/www.speedtest.pl\/wiadomosci\/author\/przemek\/"}]}},"jetpack_featured_media_url":"https:\/\/www.speedtest.pl\/wiadomosci\/wp-content\/uploads\/2020\/05\/Francja-5G.jpg","jetpack_sharing_enabled":true,"jetpack_shortlink":"https:\/\/wp.me\/p85ce0-7nf","_links":{"self":[{"href":"https:\/\/www.speedtest.pl\/wiadomosci\/wp-json\/wp\/v2\/posts\/28349","targetHints":{"allow":["GET"]}}],"collection":[{"href":"https:\/\/www.speedtest.pl\/wiadomosci\/wp-json\/wp\/v2\/posts"}],"about":[{"href":"https:\/\/www.speedtest.pl\/wiadomosci\/wp-json\/wp\/v2\/types\/post"}],"author":[{"embeddable":true,"href":"https:\/\/www.speedtest.pl\/wiadomosci\/wp-json\/wp\/v2\/users\/12"}],"replies":[{"embeddable":true,"href":"https:\/\/www.speedtest.pl\/wiadomosci\/wp-json\/wp\/v2\/comments?post=28349"}],"version-history":[{"count":3,"href":"https:\/\/www.speedtest.pl\/wiadomosci\/wp-json\/wp\/v2\/posts\/28349\/revisions"}],"predecessor-version":[{"id":28354,"href":"https:\/\/www.speedtest.pl\/wiadomosci\/wp-json\/wp\/v2\/posts\/28349\/revisions\/28354"}],"wp:featuredmedia":[{"embeddable":true,"href":"https:\/\/www.speedtest.pl\/wiadomosci\/wp-json\/wp\/v2\/media\/28351"}],"wp:attachment":[{"href":"https:\/\/www.speedtest.pl\/wiadomosci\/wp-json\/wp\/v2\/media?parent=28349"}],"wp:term":[{"taxonomy":"category","embeddable":true,"href":"https:\/\/www.speedtest.pl\/wiadomosci\/wp-json\/wp\/v2\/categories?post=28349"},{"taxonomy":"post_tag","embeddable":true,"href":"https:\/\/www.speedtest.pl\/wiadomosci\/wp-json\/wp\/v2\/tags?post=28349"},{"taxonomy":"table_tags","embeddable":true,"href":"https:\/\/www.speedtest.pl\/wiadomosci\/wp-json\/wp\/v2\/table_tags?post=28349"}],"curies":[{"name":"wp","href":"https:\/\/api.w.org\/{rel}","templated":true}]}}