{"id":28234,"date":"2020-05-17T19:34:33","date_gmt":"2020-05-17T17:34:33","guid":{"rendered":"https:\/\/www.speedtest.pl\/wiadomosci\/?p=28234"},"modified":"2020-05-18T08:00:44","modified_gmt":"2020-05-18T06:00:44","slug":"lodz-parafia-anteny-5g","status":"publish","type":"post","link":"https:\/\/www.speedtest.pl\/wiadomosci\/news\/lodz-parafia-anteny-5g\/","title":{"rendered":"W \u0141odzi parafianie oburzyli si\u0119 na anteny &#8222;5G&#8221; na wie\u017cy ko\u015bcielnej"},"content":{"rendered":"\n<p><strong>Parafianie z parafii \u015bw. Alberta Chmielowskiego w \u0141odzi oburzyli si\u0119 na &#8222;anteny 5G&#8221;, kt\u00f3re pojawi\u0142y si\u0119 na krzy\u017cu ko\u015bcio\u0142a oraz dzwonnicy ko\u015bcielnej. Mowa jest o profanowaniu symboli religijnych i obrazie uczu\u0107 wiernych. Problem tylko w tym, \u017ce nie s\u0105 to anteny 5G. Jakby tego by\u0142o ma\u0142o, to wisz\u0105 one tam od kilku lat.<\/strong><\/p>\n\n\n\n<p>Przeciwnicy technologii 5G wyci\u0105gali ju\u017c &#8222;z r\u0119kawa&#8221; r\u00f3\u017cne argumenty. Do standardowych obaw zwi\u0105zanych z usytuowaniem nowej stacji bazowej nale\u017c\u0105 te dotycz\u0105ce wp\u0142ywu na zdrowie oraz warto\u015b\u0107 okolicznych nieruchomo\u015bci. Niekt\u00f3rzy uwa\u017caj\u0105 nawet, \u017ce <a href=\"https:\/\/www.speedtest.pl\/wiadomosci\/internet-mobilny\/stacja-bazowa-play-pioruny\/\">maszty telekomunikacyjne przyci\u0105gaj\u0105 pioruny<\/a>, co stwarza ryzyko dla pobliskich zabudowa\u0144. Z kolei mieszka\u0144cy \u0141odzi pokusili si\u0119 o stwierdzenie, \u017ce anteny 5G obra\u017caj\u0105 ich uczucia religijne. Mowa tutaj o instalacji antenowej ulokowanej na terenie parafii \u015bw. Alberta Chmielowskiego. Przy czym nie do\u015b\u0107, \u017ce nie s\u0105 to anteny 5G, to jeszcze wisz\u0105 one tam przynajmniej od po\u0142owy 2016 roku, a kuria wyrazi\u0142a na to zgod\u0119.<\/p>\n\n\n\n<div class=\"wp-block-image\"><figure class=\"aligncenter size-full\"><img loading=\"lazy\" decoding=\"async\" width=\"780\" height=\"585\" src=\"https:\/\/www.speedtest.pl\/wiadomosci\/wp-content\/uploads\/2020\/05\/Lodz-parafianie-5G.jpg\" alt=\"\u0141\u00f3d\u017a parafianie 5G\" class=\"wp-image-28237\" srcset=\"https:\/\/www.speedtest.pl\/wiadomosci\/wp-content\/uploads\/2020\/05\/Lodz-parafianie-5G.jpg 780w, https:\/\/www.speedtest.pl\/wiadomosci\/wp-content\/uploads\/2020\/05\/Lodz-parafianie-5G-300x225.jpg 300w, https:\/\/www.speedtest.pl\/wiadomosci\/wp-content\/uploads\/2020\/05\/Lodz-parafianie-5G-768x576.jpg 768w, https:\/\/www.speedtest.pl\/wiadomosci\/wp-content\/uploads\/2020\/05\/Lodz-parafianie-5G-80x60.jpg 80w, https:\/\/www.speedtest.pl\/wiadomosci\/wp-content\/uploads\/2020\/05\/Lodz-parafianie-5G-265x198.jpg 265w, https:\/\/www.speedtest.pl\/wiadomosci\/wp-content\/uploads\/2020\/05\/Lodz-parafianie-5G-696x522.jpg 696w, https:\/\/www.speedtest.pl\/wiadomosci\/wp-content\/uploads\/2020\/05\/Lodz-parafianie-5G-560x420.jpg 560w\" sizes=\"auto, (max-width: 780px) 100vw, 780px\" \/><\/figure><\/div>\n\n\n\n<h2 class=\"wp-block-heading\">Anteny na ko\u015bciele parafii \u015bw. Alberta w \u0141odzi nie maj\u0105 nic wsp\u00f3lnego z 5G<\/h2>\n\n\n\n<p>Temat 5G trafi\u0142 pod strzechy polskich dom\u00f3w. Niestety odpowiada za to fala fake news&#8217;\u00f3w propagowana przez \u015brodowisko specjalizuj\u0105ce si\u0119 w zwalczaniu wyimaginowanego wroga, kt\u00f3rym jest z\u0142owieszczy &#8222;elektrosmog&#8221;. Do tego w mediach pojawi\u0142y si\u0119 ostatnio informacje o uruchomieniu pierwszej sieci 5G w Polsce, kt\u00f3ra dzia\u0142a r\u00f3wnie\u017c w \u0141odzi. Wygl\u0105da na to, \u017ce wyznawcy wszelkich teorii spiskowych zacz\u0119li ju\u017c wypatrywa\u0107 na dachach anten 5G. Przy czym nie do\u015b\u0107, \u017ce jest ich ma\u0142o, to wi\u0119kszo\u015b\u0107 z nich niczym nie r\u00f3\u017cni si\u0119 od tych, kt\u00f3re s\u0105 u\u017cywane w sieciach LTE. W ko\u0144cu polscy operatorzy s\u0105 zmuszeni do uruchomienia sieci 5G na obecnie posiadanych cz\u0119stotliwo\u015bciach, co oznacza korzystanie z obecnej infrastruktury antenowej.<\/p>\n\n\n\n<p>Spraw\u0105 obra\u017cenia uczu\u0107 religijnych zainteresowa\u0142 si\u0119 Dziennik \u0141\u00f3dzki. Proboszcz parafii wyja\u015bni\u0142 dziennikarzom, \u017ce anteny zamontowane nie wierzy ko\u015bcielnej, nie maj\u0105 nic wsp\u00f3lnego z 5G i znajduj\u0105 si\u0119 tam od wielu lat. Parafia posiada r\u00f3wnie\u017c zgod\u0119 kurii. Z kolei ks. Pawe\u0142 K\u0142us, rzecznik prasowy \u0142\u00f3dzkiej kurii, zapewnia\u0142, \u017ce tego typu nadajniki nie obra\u017caj\u0105 uczu\u0107 religijnych.<\/p>\n\n\n\n<blockquote class=\"td_quote_box td_box_center\"><p>&#8222;Nadajniki wieszane s\u0105 cz\u0119sto na najwy\u017cszych budynkach w okolicy. Mog\u0105 to by\u0107 osobne maszty lub w\u0142a\u015bnie ko\u015bcielne wie\u017ce. Zamieszczenie takiego nadajnika wymaga za ka\u017cdym razem zgody kurii&#8221;. &#8211; ks. Pawe\u0142 K\u0142us, rzecznik prasowy \u0142\u00f3dzkiej kurii<\/p><\/blockquote>\n\n\n\n<p>Je\u017celi chodzi o anteny zamontowane na terenie parafii \u015bw. Alberta w \u0141odzi, to bez najmniejszego wysi\u0142ku da\u0142o si\u0119 ustali\u0107, \u017ce wisz\u0105 one tam od przynajmniej 2016 roku. Wystarczy\u0142o przyjrze\u0107 si\u0119 fotografi\u0105 ko\u015bcio\u0142a, kt\u00f3re widniej\u0105 na Mapach Google.<\/p>\n\n\n\n<div class=\"wp-block-image\"><figure class=\"aligncenter size-full\"><img loading=\"lazy\" decoding=\"async\" width=\"1293\" height=\"641\" src=\"https:\/\/www.speedtest.pl\/wiadomosci\/wp-content\/uploads\/2020\/05\/\u0141odz-kosciol-anteny.jpg\" alt=\"\u0141\u00f3d\u017a ko\u015bci\u00f3\u0142 anteny\" class=\"wp-image-28238\" srcset=\"https:\/\/www.speedtest.pl\/wiadomosci\/wp-content\/uploads\/2020\/05\/\u0141odz-kosciol-anteny.jpg 1293w, https:\/\/www.speedtest.pl\/wiadomosci\/wp-content\/uploads\/2020\/05\/\u0141odz-kosciol-anteny-300x149.jpg 300w, https:\/\/www.speedtest.pl\/wiadomosci\/wp-content\/uploads\/2020\/05\/\u0141odz-kosciol-anteny-1024x508.jpg 1024w, https:\/\/www.speedtest.pl\/wiadomosci\/wp-content\/uploads\/2020\/05\/\u0141odz-kosciol-anteny-768x381.jpg 768w, https:\/\/www.speedtest.pl\/wiadomosci\/wp-content\/uploads\/2020\/05\/\u0141odz-kosciol-anteny-324x160.jpg 324w, https:\/\/www.speedtest.pl\/wiadomosci\/wp-content\/uploads\/2020\/05\/\u0141odz-kosciol-anteny-696x345.jpg 696w, https:\/\/www.speedtest.pl\/wiadomosci\/wp-content\/uploads\/2020\/05\/\u0141odz-kosciol-anteny-1068x529.jpg 1068w, https:\/\/www.speedtest.pl\/wiadomosci\/wp-content\/uploads\/2020\/05\/\u0141odz-kosciol-anteny-847x420.jpg 847w\" sizes=\"auto, (max-width: 1293px) 100vw, 1293px\" \/><\/figure><\/div>\n\n\n\n<p>Z kolei analiza wydanych przez UKE pozwole\u0144 radiowych pokazuje, \u017ce mamy tutaj do czynienia z instalacj\u0105 antenow\u0105 wsp\u00f3\u0142dzielon\u0105 przez wszystkich 4 polskich operator\u00f3w infrastrukturalnych. Widoczne na powy\u017cszym zdj\u0119ciu anteny pracuj\u0105 we wszystkich pasmach u\u017cywanych w Polsce przez sieci LTE, tj. 800 MHz, 900 MHz, 1800 MHz, 2100 MHz oraz 2600 MHz.<\/p>\n\n\n\n<p>\u0179r\u00f3d\u0142o: <a href=\"https:\/\/dzienniklodzki.pl\/nadajnik-5g-obraza-uczucia-religijne-i-profanuje-krzyz-protest-wiernych-z-parafii-sw-alberta-chmielowskiego-w-lodzi\/ar\/c1-14971808\" rel=\"external nofollow\">Dziennik \u0141\u00f3dzki<\/a><\/p>\n","protected":false},"excerpt":{"rendered":"<p>Parafianie z parafii \u015bw. Alberta Chmielowskiego w \u0141odzi oburzyli si\u0119 na &#8222;anteny 5G&#8221;, kt\u00f3re pojawi\u0142y si\u0119 na krzy\u017cu ko\u015bcio\u0142a oraz dzwonnicy ko\u015bcielnej. Mowa jest o profanowaniu symboli religijnych i obrazie uczu\u0107 wiernych. Problem tylko w tym, \u017ce nie s\u0105 to anteny 5G. Jakby tego by\u0142o ma\u0142o, to wisz\u0105 one tam od kilku lat. Przeciwnicy technologii [&hellip;]<\/p>\n","protected":false},"author":12,"featured_media":28236,"comment_status":"closed","ping_status":"open","sticky":false,"template":"","format":"standard","meta":{"jetpack_post_was_ever_published":false,"_jetpack_newsletter_access":"","_jetpack_dont_email_post_to_subs":false,"_jetpack_newsletter_tier_id":0,"_jetpack_memberships_contains_paywalled_content":false,"_jetpack_memberships_contains_paid_content":false,"footnotes":"","jetpack_publicize_message":"","jetpack_publicize_feature_enabled":true,"jetpack_social_post_already_shared":true,"jetpack_social_options":{"image_generator_settings":{"template":"highway","enabled":false},"version":2}},"categories":[2344,57,6],"tags":[143,920,4622,5866,2866,3729],"table_tags":[],"class_list":["post-28234","post","type-post","status-publish","format-standard","has-post-thumbnail","hentry","category-5g","category-internet-mobilny","category-news","tag-5g","tag-anteny","tag-anty-5g","tag-parafia","tag-stacja-bazowa","tag-lodz"],"jetpack_publicize_connections":[],"yoast_head":"<!-- This site is optimized with the Yoast SEO plugin v24.8.1 - https:\/\/yoast.com\/wordpress\/plugins\/seo\/ -->\n<title>W \u0141odzi parafianie oburzyli si\u0119 na anteny &quot;5G&quot; na wie\u017cy ko\u015bcielnej<\/title>\n<meta name=\"description\" content=\"Parafianie z parafii \u015bw. Alberta Chmielowskiego w \u0141odzi oburzyli si\u0119 na &quot;anteny 5G&quot;, kt\u00f3re si\u0119 na krzy\u017cu ko\u015bcio\u0142a oraz dzwonnicy ko\u015bcielnej wisz\u0105 od kilku lat.\" \/>\n<meta name=\"robots\" content=\"index, follow, max-snippet:-1, max-image-preview:large, max-video-preview:-1\" \/>\n<link rel=\"canonical\" href=\"https:\/\/www.speedtest.pl\/wiadomosci\/news\/lodz-parafia-anteny-5g\/\" \/>\n<meta property=\"og:locale\" content=\"pl_PL\" \/>\n<meta property=\"og:type\" content=\"article\" \/>\n<meta property=\"og:title\" content=\"W \u0141odzi parafianie oburzyli si\u0119 na anteny &quot;5G&quot; na wie\u017cy ko\u015bcielnej\" \/>\n<meta property=\"og:description\" content=\"Parafianie z parafii \u015bw. Alberta Chmielowskiego w \u0141odzi oburzyli si\u0119 na &quot;anteny 5G&quot;, kt\u00f3re si\u0119 na krzy\u017cu ko\u015bcio\u0142a oraz dzwonnicy ko\u015bcielnej wisz\u0105 od kilku lat.\" \/>\n<meta property=\"og:url\" content=\"https:\/\/www.speedtest.pl\/wiadomosci\/news\/lodz-parafia-anteny-5g\/\" \/>\n<meta property=\"og:site_name\" content=\"SpeedTest.pl Wiadomo\u015bci\" \/>\n<meta property=\"article:publisher\" content=\"https:\/\/www.facebook.com\/speedtestpl\/\" \/>\n<meta property=\"article:published_time\" content=\"2020-05-17T17:34:33+00:00\" \/>\n<meta property=\"article:modified_time\" content=\"2020-05-18T06:00:44+00:00\" \/>\n<meta property=\"og:image\" content=\"https:\/\/www.speedtest.pl\/wiadomosci\/wp-content\/uploads\/2020\/05\/parafia-sw-Alberta-w-\u0142odzi.jpg\" \/>\n\t<meta property=\"og:image:width\" content=\"1024\" \/>\n\t<meta property=\"og:image:height\" content=\"576\" \/>\n\t<meta property=\"og:image:type\" content=\"image\/jpeg\" \/>\n<meta name=\"author\" content=\"PJ\" \/>\n<meta name=\"twitter:card\" content=\"summary_large_image\" \/>\n<meta name=\"twitter:creator\" content=\"@speedtestpl\" \/>\n<meta name=\"twitter:site\" content=\"@speedtestpl\" \/>\n<meta name=\"twitter:label1\" content=\"Napisane przez\" \/>\n\t<meta name=\"twitter:data1\" content=\"PJ\" \/>\n\t<meta name=\"twitter:label2\" content=\"Szacowany czas czytania\" \/>\n\t<meta name=\"twitter:data2\" content=\"3 minuty\" \/>\n<script type=\"application\/ld+json\" class=\"yoast-schema-graph\">{\"@context\":\"https:\/\/schema.org\",\"@graph\":[{\"@type\":\"WebPage\",\"@id\":\"https:\/\/www.speedtest.pl\/wiadomosci\/news\/lodz-parafia-anteny-5g\/\",\"url\":\"https:\/\/www.speedtest.pl\/wiadomosci\/news\/lodz-parafia-anteny-5g\/\",\"name\":\"W \u0141odzi parafianie oburzyli si\u0119 na anteny \\\"5G\\\" na wie\u017cy ko\u015bcielnej\",\"isPartOf\":{\"@id\":\"https:\/\/www.speedtest.pl\/wiadomosci\/#website\"},\"primaryImageOfPage\":{\"@id\":\"https:\/\/www.speedtest.pl\/wiadomosci\/news\/lodz-parafia-anteny-5g\/#primaryimage\"},\"image\":{\"@id\":\"https:\/\/www.speedtest.pl\/wiadomosci\/news\/lodz-parafia-anteny-5g\/#primaryimage\"},\"thumbnailUrl\":\"https:\/\/www.speedtest.pl\/wiadomosci\/wp-content\/uploads\/2020\/05\/parafia-sw-Alberta-w-\u0142odzi.jpg\",\"datePublished\":\"2020-05-17T17:34:33+00:00\",\"dateModified\":\"2020-05-18T06:00:44+00:00\",\"author\":{\"@id\":\"https:\/\/www.speedtest.pl\/wiadomosci\/#\/schema\/person\/1e51a1178096c8851f7d3ab0575726e4\"},\"description\":\"Parafianie z parafii \u015bw. Alberta Chmielowskiego w \u0141odzi oburzyli si\u0119 na \\\"anteny 5G\\\", kt\u00f3re si\u0119 na krzy\u017cu ko\u015bcio\u0142a oraz dzwonnicy ko\u015bcielnej wisz\u0105 od kilku lat.\",\"breadcrumb\":{\"@id\":\"https:\/\/www.speedtest.pl\/wiadomosci\/news\/lodz-parafia-anteny-5g\/#breadcrumb\"},\"inLanguage\":\"pl-PL\",\"potentialAction\":[{\"@type\":\"ReadAction\",\"target\":[\"https:\/\/www.speedtest.pl\/wiadomosci\/news\/lodz-parafia-anteny-5g\/\"]}]},{\"@type\":\"ImageObject\",\"inLanguage\":\"pl-PL\",\"@id\":\"https:\/\/www.speedtest.pl\/wiadomosci\/news\/lodz-parafia-anteny-5g\/#primaryimage\",\"url\":\"https:\/\/www.speedtest.pl\/wiadomosci\/wp-content\/uploads\/2020\/05\/parafia-sw-Alberta-w-\u0142odzi.jpg\",\"contentUrl\":\"https:\/\/www.speedtest.pl\/wiadomosci\/wp-content\/uploads\/2020\/05\/parafia-sw-Alberta-w-\u0142odzi.jpg\",\"width\":1024,\"height\":576,\"caption\":\"parafia \u015bw. Alberta w \u0141odzi\"},{\"@type\":\"BreadcrumbList\",\"@id\":\"https:\/\/www.speedtest.pl\/wiadomosci\/news\/lodz-parafia-anteny-5g\/#breadcrumb\",\"itemListElement\":[{\"@type\":\"ListItem\",\"position\":1,\"name\":\"Strona g\u0142\u00f3wna\",\"item\":\"https:\/\/www.speedtest.pl\/wiadomosci\/\"},{\"@type\":\"ListItem\",\"position\":2,\"name\":\"W \u0141odzi parafianie oburzyli si\u0119 na anteny &#8220;5G&#8221; na wie\u017cy ko\u015bcielnej\"}]},{\"@type\":\"WebSite\",\"@id\":\"https:\/\/www.speedtest.pl\/wiadomosci\/#website\",\"url\":\"https:\/\/www.speedtest.pl\/wiadomosci\/\",\"name\":\"SpeedTest.pl Wiadomo\u015bci\",\"description\":\"Rankingi ISP, newsy i opinie ze \u015bwiata IT, recenzje sprz\u0119tu, gry, motoryzacja\",\"potentialAction\":[{\"@type\":\"SearchAction\",\"target\":{\"@type\":\"EntryPoint\",\"urlTemplate\":\"https:\/\/www.speedtest.pl\/wiadomosci\/?s={search_term_string}\"},\"query-input\":{\"@type\":\"PropertyValueSpecification\",\"valueRequired\":true,\"valueName\":\"search_term_string\"}}],\"inLanguage\":\"pl-PL\"},{\"@type\":\"Person\",\"@id\":\"https:\/\/www.speedtest.pl\/wiadomosci\/#\/schema\/person\/1e51a1178096c8851f7d3ab0575726e4\",\"name\":\"PJ\",\"image\":{\"@type\":\"ImageObject\",\"inLanguage\":\"pl-PL\",\"@id\":\"https:\/\/www.speedtest.pl\/wiadomosci\/#\/schema\/person\/image\/\",\"url\":\"https:\/\/www.speedtest.pl\/wiadomosci\/wp-content\/uploads\/2018\/01\/AAEAAQAAAAAAAAk2AAAAJDNhNWRlODdhLWY3MjYtNGFjNC04MzY1LTI1Zjc4NmI4YmE0OQ-150x150.jpg\",\"contentUrl\":\"https:\/\/www.speedtest.pl\/wiadomosci\/wp-content\/uploads\/2018\/01\/AAEAAQAAAAAAAAk2AAAAJDNhNWRlODdhLWY3MjYtNGFjNC04MzY1LTI1Zjc4NmI4YmE0OQ-150x150.jpg\",\"caption\":\"PJ\"},\"description\":\"Przemek jest m\u00f3zgiem operacyjnym SpeedTest.pl. Studiowa\u0142 na Politechnice Wroc\u0142awskiej elektronik\u0119 i telekomunikacj\u0119. Zarz\u0105dza projektami IT, relacjami z klientami oraz nadzoruje procesy rozwoju. Prywatnie zaanga\u017cowany w rodzin\u0119, wsparcie r\u00f3\u017cnych dzia\u0142alno\u015bci charytatywnych i projekty ekstremalne.\",\"url\":\"https:\/\/www.speedtest.pl\/wiadomosci\/author\/przemek\/\"}]}<\/script>\n<!-- \/ Yoast SEO plugin. -->","yoast_head_json":{"title":"W \u0141odzi parafianie oburzyli si\u0119 na anteny \"5G\" na wie\u017cy ko\u015bcielnej","description":"Parafianie z parafii \u015bw. Alberta Chmielowskiego w \u0141odzi oburzyli si\u0119 na \"anteny 5G\", kt\u00f3re si\u0119 na krzy\u017cu ko\u015bcio\u0142a oraz dzwonnicy ko\u015bcielnej wisz\u0105 od kilku lat.","robots":{"index":"index","follow":"follow","max-snippet":"max-snippet:-1","max-image-preview":"max-image-preview:large","max-video-preview":"max-video-preview:-1"},"canonical":"https:\/\/www.speedtest.pl\/wiadomosci\/news\/lodz-parafia-anteny-5g\/","og_locale":"pl_PL","og_type":"article","og_title":"W \u0141odzi parafianie oburzyli si\u0119 na anteny \"5G\" na wie\u017cy ko\u015bcielnej","og_description":"Parafianie z parafii \u015bw. Alberta Chmielowskiego w \u0141odzi oburzyli si\u0119 na \"anteny 5G\", kt\u00f3re si\u0119 na krzy\u017cu ko\u015bcio\u0142a oraz dzwonnicy ko\u015bcielnej wisz\u0105 od kilku lat.","og_url":"https:\/\/www.speedtest.pl\/wiadomosci\/news\/lodz-parafia-anteny-5g\/","og_site_name":"SpeedTest.pl Wiadomo\u015bci","article_publisher":"https:\/\/www.facebook.com\/speedtestpl\/","article_published_time":"2020-05-17T17:34:33+00:00","article_modified_time":"2020-05-18T06:00:44+00:00","og_image":[{"width":1024,"height":576,"url":"https:\/\/www.speedtest.pl\/wiadomosci\/wp-content\/uploads\/2020\/05\/parafia-sw-Alberta-w-\u0142odzi.jpg","type":"image\/jpeg"}],"author":"PJ","twitter_card":"summary_large_image","twitter_creator":"@speedtestpl","twitter_site":"@speedtestpl","twitter_misc":{"Napisane przez":"PJ","Szacowany czas czytania":"3 minuty"},"schema":{"@context":"https:\/\/schema.org","@graph":[{"@type":"WebPage","@id":"https:\/\/www.speedtest.pl\/wiadomosci\/news\/lodz-parafia-anteny-5g\/","url":"https:\/\/www.speedtest.pl\/wiadomosci\/news\/lodz-parafia-anteny-5g\/","name":"W \u0141odzi parafianie oburzyli si\u0119 na anteny \"5G\" na wie\u017cy ko\u015bcielnej","isPartOf":{"@id":"https:\/\/www.speedtest.pl\/wiadomosci\/#website"},"primaryImageOfPage":{"@id":"https:\/\/www.speedtest.pl\/wiadomosci\/news\/lodz-parafia-anteny-5g\/#primaryimage"},"image":{"@id":"https:\/\/www.speedtest.pl\/wiadomosci\/news\/lodz-parafia-anteny-5g\/#primaryimage"},"thumbnailUrl":"https:\/\/www.speedtest.pl\/wiadomosci\/wp-content\/uploads\/2020\/05\/parafia-sw-Alberta-w-\u0142odzi.jpg","datePublished":"2020-05-17T17:34:33+00:00","dateModified":"2020-05-18T06:00:44+00:00","author":{"@id":"https:\/\/www.speedtest.pl\/wiadomosci\/#\/schema\/person\/1e51a1178096c8851f7d3ab0575726e4"},"description":"Parafianie z parafii \u015bw. Alberta Chmielowskiego w \u0141odzi oburzyli si\u0119 na \"anteny 5G\", kt\u00f3re si\u0119 na krzy\u017cu ko\u015bcio\u0142a oraz dzwonnicy ko\u015bcielnej wisz\u0105 od kilku lat.","breadcrumb":{"@id":"https:\/\/www.speedtest.pl\/wiadomosci\/news\/lodz-parafia-anteny-5g\/#breadcrumb"},"inLanguage":"pl-PL","potentialAction":[{"@type":"ReadAction","target":["https:\/\/www.speedtest.pl\/wiadomosci\/news\/lodz-parafia-anteny-5g\/"]}]},{"@type":"ImageObject","inLanguage":"pl-PL","@id":"https:\/\/www.speedtest.pl\/wiadomosci\/news\/lodz-parafia-anteny-5g\/#primaryimage","url":"https:\/\/www.speedtest.pl\/wiadomosci\/wp-content\/uploads\/2020\/05\/parafia-sw-Alberta-w-\u0142odzi.jpg","contentUrl":"https:\/\/www.speedtest.pl\/wiadomosci\/wp-content\/uploads\/2020\/05\/parafia-sw-Alberta-w-\u0142odzi.jpg","width":1024,"height":576,"caption":"parafia \u015bw. Alberta w \u0141odzi"},{"@type":"BreadcrumbList","@id":"https:\/\/www.speedtest.pl\/wiadomosci\/news\/lodz-parafia-anteny-5g\/#breadcrumb","itemListElement":[{"@type":"ListItem","position":1,"name":"Strona g\u0142\u00f3wna","item":"https:\/\/www.speedtest.pl\/wiadomosci\/"},{"@type":"ListItem","position":2,"name":"W \u0141odzi parafianie oburzyli si\u0119 na anteny &#8220;5G&#8221; na wie\u017cy ko\u015bcielnej"}]},{"@type":"WebSite","@id":"https:\/\/www.speedtest.pl\/wiadomosci\/#website","url":"https:\/\/www.speedtest.pl\/wiadomosci\/","name":"SpeedTest.pl Wiadomo\u015bci","description":"Rankingi ISP, newsy i opinie ze \u015bwiata IT, recenzje sprz\u0119tu, gry, motoryzacja","potentialAction":[{"@type":"SearchAction","target":{"@type":"EntryPoint","urlTemplate":"https:\/\/www.speedtest.pl\/wiadomosci\/?s={search_term_string}"},"query-input":{"@type":"PropertyValueSpecification","valueRequired":true,"valueName":"search_term_string"}}],"inLanguage":"pl-PL"},{"@type":"Person","@id":"https:\/\/www.speedtest.pl\/wiadomosci\/#\/schema\/person\/1e51a1178096c8851f7d3ab0575726e4","name":"PJ","image":{"@type":"ImageObject","inLanguage":"pl-PL","@id":"https:\/\/www.speedtest.pl\/wiadomosci\/#\/schema\/person\/image\/","url":"https:\/\/www.speedtest.pl\/wiadomosci\/wp-content\/uploads\/2018\/01\/AAEAAQAAAAAAAAk2AAAAJDNhNWRlODdhLWY3MjYtNGFjNC04MzY1LTI1Zjc4NmI4YmE0OQ-150x150.jpg","contentUrl":"https:\/\/www.speedtest.pl\/wiadomosci\/wp-content\/uploads\/2018\/01\/AAEAAQAAAAAAAAk2AAAAJDNhNWRlODdhLWY3MjYtNGFjNC04MzY1LTI1Zjc4NmI4YmE0OQ-150x150.jpg","caption":"PJ"},"description":"Przemek jest m\u00f3zgiem operacyjnym SpeedTest.pl. Studiowa\u0142 na Politechnice Wroc\u0142awskiej elektronik\u0119 i telekomunikacj\u0119. Zarz\u0105dza projektami IT, relacjami z klientami oraz nadzoruje procesy rozwoju. Prywatnie zaanga\u017cowany w rodzin\u0119, wsparcie r\u00f3\u017cnych dzia\u0142alno\u015bci charytatywnych i projekty ekstremalne.","url":"https:\/\/www.speedtest.pl\/wiadomosci\/author\/przemek\/"}]}},"jetpack_featured_media_url":"https:\/\/www.speedtest.pl\/wiadomosci\/wp-content\/uploads\/2020\/05\/parafia-sw-Alberta-w-\u0142odzi.jpg","jetpack_sharing_enabled":true,"jetpack_shortlink":"https:\/\/wp.me\/p85ce0-7lo","_links":{"self":[{"href":"https:\/\/www.speedtest.pl\/wiadomosci\/wp-json\/wp\/v2\/posts\/28234","targetHints":{"allow":["GET"]}}],"collection":[{"href":"https:\/\/www.speedtest.pl\/wiadomosci\/wp-json\/wp\/v2\/posts"}],"about":[{"href":"https:\/\/www.speedtest.pl\/wiadomosci\/wp-json\/wp\/v2\/types\/post"}],"author":[{"embeddable":true,"href":"https:\/\/www.speedtest.pl\/wiadomosci\/wp-json\/wp\/v2\/users\/12"}],"replies":[{"embeddable":true,"href":"https:\/\/www.speedtest.pl\/wiadomosci\/wp-json\/wp\/v2\/comments?post=28234"}],"version-history":[{"count":2,"href":"https:\/\/www.speedtest.pl\/wiadomosci\/wp-json\/wp\/v2\/posts\/28234\/revisions"}],"predecessor-version":[{"id":28241,"href":"https:\/\/www.speedtest.pl\/wiadomosci\/wp-json\/wp\/v2\/posts\/28234\/revisions\/28241"}],"wp:featuredmedia":[{"embeddable":true,"href":"https:\/\/www.speedtest.pl\/wiadomosci\/wp-json\/wp\/v2\/media\/28236"}],"wp:attachment":[{"href":"https:\/\/www.speedtest.pl\/wiadomosci\/wp-json\/wp\/v2\/media?parent=28234"}],"wp:term":[{"taxonomy":"category","embeddable":true,"href":"https:\/\/www.speedtest.pl\/wiadomosci\/wp-json\/wp\/v2\/categories?post=28234"},{"taxonomy":"post_tag","embeddable":true,"href":"https:\/\/www.speedtest.pl\/wiadomosci\/wp-json\/wp\/v2\/tags?post=28234"},{"taxonomy":"table_tags","embeddable":true,"href":"https:\/\/www.speedtest.pl\/wiadomosci\/wp-json\/wp\/v2\/table_tags?post=28234"}],"curies":[{"name":"wp","href":"https:\/\/api.w.org\/{rel}","templated":true}]}}