{"id":28134,"date":"2020-05-10T22:06:30","date_gmt":"2020-05-10T20:06:30","guid":{"rendered":"https:\/\/www.speedtest.pl\/wiadomosci\/?p=28134"},"modified":"2020-05-11T18:28:49","modified_gmt":"2020-05-11T16:28:49","slug":"szwajcaria-nie-chce-poluzowac-norm-pem","status":"publish","type":"post","link":"https:\/\/www.speedtest.pl\/wiadomosci\/news\/szwajcaria-nie-chce-poluzowac-norm-pem\/","title":{"rendered":"Szwajcaria nie chce (jeszcze) poluzowa\u0107 norm PEM"},"content":{"rendered":"\n<p><strong>W wielu krajach przy okazji wdra\u017cania sieci 5G dyskutuje si\u0119 o zmianach obowi\u0105zuj\u0105cych norm PEM. Szwajcarska Rada Federalna nie chce na razie niczego zmienia\u0107, co oznacza utrzymanie norm bardziej restrykcyjnych od tych, kt\u00f3re mieli\u015bmy w Polsce. Z kolei operatorzy zwracaj\u0105 uwag\u0119 na wysokie koszty budowy sieci, a ich klienci p\u0142ac\u0105 za to wysokie rachunki.<\/strong><\/p>\n\n\n\n<p>Szwajcaria jest krajem, kt\u00f3ry przez wielu przeciwnik\u00f3w sieci 5G jest podawany za wz\u00f3r godny na\u015bladowania. Wynika to m.in. z tego, \u017ce w kraju tym obowi\u0105zuj\u0105 bardzo restrykcyjne normy PEM. Przy czym przed ocen\u0105 tej restrykcyjno\u015bci trzeba najpierw zrozumie\u0107 stoj\u0105ce za ni\u0105 zawi\u0142o\u015bci procesowe. Szwajcaria przyj\u0119\u0142a tzw. &#8222;warto\u015bci graniczne instalacji&#8221;, kt\u00f3re s\u0105 10 razy ni\u017csze od <a href=\"https:\/\/www.speedtest.pl\/wiadomosci\/news\/ministerstwo-zdrowia-nowa-norma-pem\/\">normy ICNIRP<\/a>. Przy czym dotycz\u0105 one jedynie miejsc szczeg\u00f3lnie wra\u017cliwych, w kt\u00f3rych przebywaj\u0105 ludzie (np. szko\u0142y, biura, galerie handlowe itd.). Z kolei w miejscach rzadko ucz\u0119szczanych (np. na polu rolniczym, czy te\u017c w lesie) obowi\u0105zuj\u0105 limity ICNIRP. Jednak to nie wszystko. Najwi\u0119kszym problemem jest to, \u017ce Szwajcarzy preferuj\u0105 obliczenia zamiast pomiar\u00f3w. Przy czym przyj\u0119ta metoda oblicze\u0144 zawy\u017ca ko\u0144cowy wynik, poniewa\u017c nie uwzgl\u0119dnia ona t\u0142umienia wprowadzanego przez \u015bciany budynk\u00f3w i inne przeszkody.<\/p>\n\n\n\n<h2 class=\"wp-block-heading\">Szwajcarzy pracuj\u0105 nad now\u0105 metod\u0105 pomiarow\u0105 PEM<\/h2>\n\n\n\n<p>Rada Federalna Szwajcarii odrzuci\u0142a propozycj\u0119 podniesienia obowi\u0105zuj\u0105cych norm PEM, poniewa\u017c powo\u0142ana grupa robocza nie uzgodni\u0142a jeszcze w tej sprawie wsp\u00f3lnego stanowiska. Aktualny problem sprowadza si\u0119 do okre\u015blenia nowej metody pomiarowej, kt\u00f3r\u0105 mo\u017cna by stosowa\u0107 w przypadku instalacji wyposa\u017conych w nowe anteny adaptacyjne. Aktualne przepisy do\u015b\u0107 znacznie zawy\u017caj\u0105 warto\u015b\u0107 nat\u0119\u017cenia pola pochodz\u0105cego od takiej anteny w odniesieniu do rzeczywistego oddzia\u0142ywania na \u015brodowisko. Operatorzy czekaj\u0105 na wprowadzenie nowych regulacji, ale nie wiadomo, kiedy to nast\u0105pi.<\/p>\n\n\n\n<p>Przy dyskusji na temat norm PEM bardzo cz\u0119sto powo\u0142ywana jest zasada ALARA. W skr\u00f3cie m\u00f3wi ona o tym, \u017ceby ogranicza\u0107 oddzia\u0142ywanie jakiego\u015b czynnika do niezb\u0119dnego minimum przy zachowaniu wzgl\u0119d\u00f3w technicznych oraz ekonomicznych. Jest ona ju\u017c uwzgl\u0119dniona w warto\u015bciach proponowanych przez ICNIRP, kt\u00f3re odnosz\u0105 si\u0119 do termicznego wp\u0142ywu p\u00f3l elektromagnetycznych na organizm cz\u0142owieka. Szwajcaria postanowi\u0142a obni\u017cy\u0107 te warto\u015bci 10-krotnie, ale kosztem podniesienia us\u0142ug telekomunikacyjnych. Aktualnie \u015bredni koszt transferu 1 GB w Polsce kosztuje 0,70 dolara (2,94 z\u0142). Z kolei w Szwajcarii wynosi on 8,38 dolara (35,24 z\u0142). W skr\u00f3cie mo\u017cna przyj\u0105\u0107, \u017ce Internet mobilny w Szwajcarii jest 10-krotnie dro\u017cszy ni\u017c w Polsce. Wynika to m.in. z restrykcyjnych norm PEM (tj. operatorzy musz\u0105 budowa\u0107 g\u0119stsz\u0105 siatk\u0119 stacji bazowych) oraz og\u00f3lnych uwarunkowa\u0144 ekonomicznych.<\/p>\n\n\n\n<p>\u0179r\u00f3d\u0142o: <a href=\"https:\/\/www.nzz.ch\/wirtschaft\/netflix-coronavirus-beschert-netflix-deutlich-mehr-kunden-ld.1552595\" rel=\"external nofollow\">Neue Z\u00fcrcher Zeitung<\/a><\/p>\n","protected":false},"excerpt":{"rendered":"<p>W wielu krajach przy okazji wdra\u017cania sieci 5G dyskutuje si\u0119 o zmianach obowi\u0105zuj\u0105cych norm PEM. Szwajcarska Rada Federalna nie chce na razie niczego zmienia\u0107, co oznacza utrzymanie norm bardziej restrykcyjnych od tych, kt\u00f3re mieli\u015bmy w Polsce. Z kolei operatorzy zwracaj\u0105 uwag\u0119 na wysokie koszty budowy sieci, a ich klienci p\u0142ac\u0105 za to wysokie rachunki. Szwajcaria [&hellip;]<\/p>\n","protected":false},"author":12,"featured_media":19714,"comment_status":"closed","ping_status":"open","sticky":false,"template":"","format":"standard","meta":{"jetpack_post_was_ever_published":false,"_jetpack_newsletter_access":"","_jetpack_dont_email_post_to_subs":false,"_jetpack_newsletter_tier_id":0,"_jetpack_memberships_contains_paywalled_content":false,"_jetpack_memberships_contains_paid_content":false,"footnotes":"","jetpack_publicize_message":"","jetpack_publicize_feature_enabled":true,"jetpack_social_post_already_shared":true,"jetpack_social_options":{"image_generator_settings":{"template":"highway","enabled":false},"version":2}},"categories":[6],"tags":[5119,3382,532,2921,3276,4934],"table_tags":[],"class_list":["post-28134","post","type-post","status-publish","format-standard","has-post-thumbnail","hentry","category-news","tag-normy","tag-pem","tag-prawo","tag-promieniowanie","tag-przepisy","tag-szwajcaria"],"jetpack_publicize_connections":[],"yoast_head":"<!-- This site is optimized with the Yoast SEO plugin v24.8.1 - https:\/\/yoast.com\/wordpress\/plugins\/seo\/ -->\n<title>Szwajcaria nie chce (jeszcze) poluzowa\u0107 norm PEM - SpeedTest.pl<\/title>\n<meta name=\"description\" content=\"Szwajcarska Rada Federalna nie chce na razie niczego zmienia\u0107 w zakresie PEM, co oznacza utrzymanie norm bardziej restrykcyjnych od tych, kt\u00f3re mieli\u015bmy w Polsce.\" \/>\n<meta name=\"robots\" content=\"index, follow, max-snippet:-1, max-image-preview:large, max-video-preview:-1\" \/>\n<link rel=\"canonical\" href=\"https:\/\/www.speedtest.pl\/wiadomosci\/news\/szwajcaria-nie-chce-poluzowac-norm-pem\/\" \/>\n<meta property=\"og:locale\" content=\"pl_PL\" \/>\n<meta property=\"og:type\" content=\"article\" \/>\n<meta property=\"og:title\" content=\"Szwajcaria nie chce (jeszcze) poluzowa\u0107 norm PEM - SpeedTest.pl\" \/>\n<meta property=\"og:description\" content=\"Szwajcarska Rada Federalna nie chce na razie niczego zmienia\u0107 w zakresie PEM, co oznacza utrzymanie norm bardziej restrykcyjnych od tych, kt\u00f3re mieli\u015bmy w Polsce.\" \/>\n<meta property=\"og:url\" content=\"https:\/\/www.speedtest.pl\/wiadomosci\/news\/szwajcaria-nie-chce-poluzowac-norm-pem\/\" \/>\n<meta property=\"og:site_name\" content=\"SpeedTest.pl Wiadomo\u015bci\" \/>\n<meta property=\"article:publisher\" content=\"https:\/\/www.facebook.com\/speedtestpl\/\" \/>\n<meta property=\"article:published_time\" content=\"2020-05-10T20:06:30+00:00\" \/>\n<meta property=\"article:modified_time\" content=\"2020-05-11T16:28:49+00:00\" \/>\n<meta property=\"og:image\" content=\"https:\/\/www.speedtest.pl\/wiadomosci\/wp-content\/uploads\/2018\/12\/Polska-PEM.jpg\" \/>\n\t<meta property=\"og:image:width\" content=\"1024\" \/>\n\t<meta property=\"og:image:height\" content=\"576\" \/>\n\t<meta property=\"og:image:type\" content=\"image\/jpeg\" \/>\n<meta name=\"author\" content=\"PJ\" \/>\n<meta name=\"twitter:card\" content=\"summary_large_image\" \/>\n<meta name=\"twitter:creator\" content=\"@speedtestpl\" \/>\n<meta name=\"twitter:site\" content=\"@speedtestpl\" \/>\n<meta name=\"twitter:label1\" content=\"Napisane przez\" \/>\n\t<meta name=\"twitter:data1\" content=\"PJ\" \/>\n\t<meta name=\"twitter:label2\" content=\"Szacowany czas czytania\" \/>\n\t<meta name=\"twitter:data2\" content=\"2 minuty\" \/>\n<script type=\"application\/ld+json\" class=\"yoast-schema-graph\">{\"@context\":\"https:\/\/schema.org\",\"@graph\":[{\"@type\":\"WebPage\",\"@id\":\"https:\/\/www.speedtest.pl\/wiadomosci\/news\/szwajcaria-nie-chce-poluzowac-norm-pem\/\",\"url\":\"https:\/\/www.speedtest.pl\/wiadomosci\/news\/szwajcaria-nie-chce-poluzowac-norm-pem\/\",\"name\":\"Szwajcaria nie chce (jeszcze) poluzowa\u0107 norm PEM - SpeedTest.pl\",\"isPartOf\":{\"@id\":\"https:\/\/www.speedtest.pl\/wiadomosci\/#website\"},\"primaryImageOfPage\":{\"@id\":\"https:\/\/www.speedtest.pl\/wiadomosci\/news\/szwajcaria-nie-chce-poluzowac-norm-pem\/#primaryimage\"},\"image\":{\"@id\":\"https:\/\/www.speedtest.pl\/wiadomosci\/news\/szwajcaria-nie-chce-poluzowac-norm-pem\/#primaryimage\"},\"thumbnailUrl\":\"https:\/\/www.speedtest.pl\/wiadomosci\/wp-content\/uploads\/2018\/12\/Polska-PEM.jpg\",\"datePublished\":\"2020-05-10T20:06:30+00:00\",\"dateModified\":\"2020-05-11T16:28:49+00:00\",\"author\":{\"@id\":\"https:\/\/www.speedtest.pl\/wiadomosci\/#\/schema\/person\/1e51a1178096c8851f7d3ab0575726e4\"},\"description\":\"Szwajcarska Rada Federalna nie chce na razie niczego zmienia\u0107 w zakresie PEM, co oznacza utrzymanie norm bardziej restrykcyjnych od tych, kt\u00f3re mieli\u015bmy w Polsce.\",\"breadcrumb\":{\"@id\":\"https:\/\/www.speedtest.pl\/wiadomosci\/news\/szwajcaria-nie-chce-poluzowac-norm-pem\/#breadcrumb\"},\"inLanguage\":\"pl-PL\",\"potentialAction\":[{\"@type\":\"ReadAction\",\"target\":[\"https:\/\/www.speedtest.pl\/wiadomosci\/news\/szwajcaria-nie-chce-poluzowac-norm-pem\/\"]}]},{\"@type\":\"ImageObject\",\"inLanguage\":\"pl-PL\",\"@id\":\"https:\/\/www.speedtest.pl\/wiadomosci\/news\/szwajcaria-nie-chce-poluzowac-norm-pem\/#primaryimage\",\"url\":\"https:\/\/www.speedtest.pl\/wiadomosci\/wp-content\/uploads\/2018\/12\/Polska-PEM.jpg\",\"contentUrl\":\"https:\/\/www.speedtest.pl\/wiadomosci\/wp-content\/uploads\/2018\/12\/Polska-PEM.jpg\",\"width\":1024,\"height\":576,\"caption\":\"Polska PEM\"},{\"@type\":\"BreadcrumbList\",\"@id\":\"https:\/\/www.speedtest.pl\/wiadomosci\/news\/szwajcaria-nie-chce-poluzowac-norm-pem\/#breadcrumb\",\"itemListElement\":[{\"@type\":\"ListItem\",\"position\":1,\"name\":\"Strona g\u0142\u00f3wna\",\"item\":\"https:\/\/www.speedtest.pl\/wiadomosci\/\"},{\"@type\":\"ListItem\",\"position\":2,\"name\":\"Szwajcaria nie chce (jeszcze) poluzowa\u0107 norm PEM\"}]},{\"@type\":\"WebSite\",\"@id\":\"https:\/\/www.speedtest.pl\/wiadomosci\/#website\",\"url\":\"https:\/\/www.speedtest.pl\/wiadomosci\/\",\"name\":\"SpeedTest.pl Wiadomo\u015bci\",\"description\":\"Rankingi ISP, newsy i opinie ze \u015bwiata IT, recenzje sprz\u0119tu, gry, motoryzacja\",\"potentialAction\":[{\"@type\":\"SearchAction\",\"target\":{\"@type\":\"EntryPoint\",\"urlTemplate\":\"https:\/\/www.speedtest.pl\/wiadomosci\/?s={search_term_string}\"},\"query-input\":{\"@type\":\"PropertyValueSpecification\",\"valueRequired\":true,\"valueName\":\"search_term_string\"}}],\"inLanguage\":\"pl-PL\"},{\"@type\":\"Person\",\"@id\":\"https:\/\/www.speedtest.pl\/wiadomosci\/#\/schema\/person\/1e51a1178096c8851f7d3ab0575726e4\",\"name\":\"PJ\",\"image\":{\"@type\":\"ImageObject\",\"inLanguage\":\"pl-PL\",\"@id\":\"https:\/\/www.speedtest.pl\/wiadomosci\/#\/schema\/person\/image\/\",\"url\":\"https:\/\/www.speedtest.pl\/wiadomosci\/wp-content\/uploads\/2018\/01\/AAEAAQAAAAAAAAk2AAAAJDNhNWRlODdhLWY3MjYtNGFjNC04MzY1LTI1Zjc4NmI4YmE0OQ-150x150.jpg\",\"contentUrl\":\"https:\/\/www.speedtest.pl\/wiadomosci\/wp-content\/uploads\/2018\/01\/AAEAAQAAAAAAAAk2AAAAJDNhNWRlODdhLWY3MjYtNGFjNC04MzY1LTI1Zjc4NmI4YmE0OQ-150x150.jpg\",\"caption\":\"PJ\"},\"description\":\"Przemek jest m\u00f3zgiem operacyjnym SpeedTest.pl. Studiowa\u0142 na Politechnice Wroc\u0142awskiej elektronik\u0119 i telekomunikacj\u0119. Zarz\u0105dza projektami IT, relacjami z klientami oraz nadzoruje procesy rozwoju. Prywatnie zaanga\u017cowany w rodzin\u0119, wsparcie r\u00f3\u017cnych dzia\u0142alno\u015bci charytatywnych i projekty ekstremalne.\",\"url\":\"https:\/\/www.speedtest.pl\/wiadomosci\/author\/przemek\/\"}]}<\/script>\n<!-- \/ Yoast SEO plugin. -->","yoast_head_json":{"title":"Szwajcaria nie chce (jeszcze) poluzowa\u0107 norm PEM - SpeedTest.pl","description":"Szwajcarska Rada Federalna nie chce na razie niczego zmienia\u0107 w zakresie PEM, co oznacza utrzymanie norm bardziej restrykcyjnych od tych, kt\u00f3re mieli\u015bmy w Polsce.","robots":{"index":"index","follow":"follow","max-snippet":"max-snippet:-1","max-image-preview":"max-image-preview:large","max-video-preview":"max-video-preview:-1"},"canonical":"https:\/\/www.speedtest.pl\/wiadomosci\/news\/szwajcaria-nie-chce-poluzowac-norm-pem\/","og_locale":"pl_PL","og_type":"article","og_title":"Szwajcaria nie chce (jeszcze) poluzowa\u0107 norm PEM - SpeedTest.pl","og_description":"Szwajcarska Rada Federalna nie chce na razie niczego zmienia\u0107 w zakresie PEM, co oznacza utrzymanie norm bardziej restrykcyjnych od tych, kt\u00f3re mieli\u015bmy w Polsce.","og_url":"https:\/\/www.speedtest.pl\/wiadomosci\/news\/szwajcaria-nie-chce-poluzowac-norm-pem\/","og_site_name":"SpeedTest.pl Wiadomo\u015bci","article_publisher":"https:\/\/www.facebook.com\/speedtestpl\/","article_published_time":"2020-05-10T20:06:30+00:00","article_modified_time":"2020-05-11T16:28:49+00:00","og_image":[{"width":1024,"height":576,"url":"https:\/\/www.speedtest.pl\/wiadomosci\/wp-content\/uploads\/2018\/12\/Polska-PEM.jpg","type":"image\/jpeg"}],"author":"PJ","twitter_card":"summary_large_image","twitter_creator":"@speedtestpl","twitter_site":"@speedtestpl","twitter_misc":{"Napisane przez":"PJ","Szacowany czas czytania":"2 minuty"},"schema":{"@context":"https:\/\/schema.org","@graph":[{"@type":"WebPage","@id":"https:\/\/www.speedtest.pl\/wiadomosci\/news\/szwajcaria-nie-chce-poluzowac-norm-pem\/","url":"https:\/\/www.speedtest.pl\/wiadomosci\/news\/szwajcaria-nie-chce-poluzowac-norm-pem\/","name":"Szwajcaria nie chce (jeszcze) poluzowa\u0107 norm PEM - SpeedTest.pl","isPartOf":{"@id":"https:\/\/www.speedtest.pl\/wiadomosci\/#website"},"primaryImageOfPage":{"@id":"https:\/\/www.speedtest.pl\/wiadomosci\/news\/szwajcaria-nie-chce-poluzowac-norm-pem\/#primaryimage"},"image":{"@id":"https:\/\/www.speedtest.pl\/wiadomosci\/news\/szwajcaria-nie-chce-poluzowac-norm-pem\/#primaryimage"},"thumbnailUrl":"https:\/\/www.speedtest.pl\/wiadomosci\/wp-content\/uploads\/2018\/12\/Polska-PEM.jpg","datePublished":"2020-05-10T20:06:30+00:00","dateModified":"2020-05-11T16:28:49+00:00","author":{"@id":"https:\/\/www.speedtest.pl\/wiadomosci\/#\/schema\/person\/1e51a1178096c8851f7d3ab0575726e4"},"description":"Szwajcarska Rada Federalna nie chce na razie niczego zmienia\u0107 w zakresie PEM, co oznacza utrzymanie norm bardziej restrykcyjnych od tych, kt\u00f3re mieli\u015bmy w Polsce.","breadcrumb":{"@id":"https:\/\/www.speedtest.pl\/wiadomosci\/news\/szwajcaria-nie-chce-poluzowac-norm-pem\/#breadcrumb"},"inLanguage":"pl-PL","potentialAction":[{"@type":"ReadAction","target":["https:\/\/www.speedtest.pl\/wiadomosci\/news\/szwajcaria-nie-chce-poluzowac-norm-pem\/"]}]},{"@type":"ImageObject","inLanguage":"pl-PL","@id":"https:\/\/www.speedtest.pl\/wiadomosci\/news\/szwajcaria-nie-chce-poluzowac-norm-pem\/#primaryimage","url":"https:\/\/www.speedtest.pl\/wiadomosci\/wp-content\/uploads\/2018\/12\/Polska-PEM.jpg","contentUrl":"https:\/\/www.speedtest.pl\/wiadomosci\/wp-content\/uploads\/2018\/12\/Polska-PEM.jpg","width":1024,"height":576,"caption":"Polska PEM"},{"@type":"BreadcrumbList","@id":"https:\/\/www.speedtest.pl\/wiadomosci\/news\/szwajcaria-nie-chce-poluzowac-norm-pem\/#breadcrumb","itemListElement":[{"@type":"ListItem","position":1,"name":"Strona g\u0142\u00f3wna","item":"https:\/\/www.speedtest.pl\/wiadomosci\/"},{"@type":"ListItem","position":2,"name":"Szwajcaria nie chce (jeszcze) poluzowa\u0107 norm PEM"}]},{"@type":"WebSite","@id":"https:\/\/www.speedtest.pl\/wiadomosci\/#website","url":"https:\/\/www.speedtest.pl\/wiadomosci\/","name":"SpeedTest.pl Wiadomo\u015bci","description":"Rankingi ISP, newsy i opinie ze \u015bwiata IT, recenzje sprz\u0119tu, gry, motoryzacja","potentialAction":[{"@type":"SearchAction","target":{"@type":"EntryPoint","urlTemplate":"https:\/\/www.speedtest.pl\/wiadomosci\/?s={search_term_string}"},"query-input":{"@type":"PropertyValueSpecification","valueRequired":true,"valueName":"search_term_string"}}],"inLanguage":"pl-PL"},{"@type":"Person","@id":"https:\/\/www.speedtest.pl\/wiadomosci\/#\/schema\/person\/1e51a1178096c8851f7d3ab0575726e4","name":"PJ","image":{"@type":"ImageObject","inLanguage":"pl-PL","@id":"https:\/\/www.speedtest.pl\/wiadomosci\/#\/schema\/person\/image\/","url":"https:\/\/www.speedtest.pl\/wiadomosci\/wp-content\/uploads\/2018\/01\/AAEAAQAAAAAAAAk2AAAAJDNhNWRlODdhLWY3MjYtNGFjNC04MzY1LTI1Zjc4NmI4YmE0OQ-150x150.jpg","contentUrl":"https:\/\/www.speedtest.pl\/wiadomosci\/wp-content\/uploads\/2018\/01\/AAEAAQAAAAAAAAk2AAAAJDNhNWRlODdhLWY3MjYtNGFjNC04MzY1LTI1Zjc4NmI4YmE0OQ-150x150.jpg","caption":"PJ"},"description":"Przemek jest m\u00f3zgiem operacyjnym SpeedTest.pl. Studiowa\u0142 na Politechnice Wroc\u0142awskiej elektronik\u0119 i telekomunikacj\u0119. Zarz\u0105dza projektami IT, relacjami z klientami oraz nadzoruje procesy rozwoju. Prywatnie zaanga\u017cowany w rodzin\u0119, wsparcie r\u00f3\u017cnych dzia\u0142alno\u015bci charytatywnych i projekty ekstremalne.","url":"https:\/\/www.speedtest.pl\/wiadomosci\/author\/przemek\/"}]}},"jetpack_featured_media_url":"https:\/\/www.speedtest.pl\/wiadomosci\/wp-content\/uploads\/2018\/12\/Polska-PEM.jpg","jetpack_sharing_enabled":true,"jetpack_shortlink":"https:\/\/wp.me\/p85ce0-7jM","_links":{"self":[{"href":"https:\/\/www.speedtest.pl\/wiadomosci\/wp-json\/wp\/v2\/posts\/28134","targetHints":{"allow":["GET"]}}],"collection":[{"href":"https:\/\/www.speedtest.pl\/wiadomosci\/wp-json\/wp\/v2\/posts"}],"about":[{"href":"https:\/\/www.speedtest.pl\/wiadomosci\/wp-json\/wp\/v2\/types\/post"}],"author":[{"embeddable":true,"href":"https:\/\/www.speedtest.pl\/wiadomosci\/wp-json\/wp\/v2\/users\/12"}],"replies":[{"embeddable":true,"href":"https:\/\/www.speedtest.pl\/wiadomosci\/wp-json\/wp\/v2\/comments?post=28134"}],"version-history":[{"count":2,"href":"https:\/\/www.speedtest.pl\/wiadomosci\/wp-json\/wp\/v2\/posts\/28134\/revisions"}],"predecessor-version":[{"id":28147,"href":"https:\/\/www.speedtest.pl\/wiadomosci\/wp-json\/wp\/v2\/posts\/28134\/revisions\/28147"}],"wp:featuredmedia":[{"embeddable":true,"href":"https:\/\/www.speedtest.pl\/wiadomosci\/wp-json\/wp\/v2\/media\/19714"}],"wp:attachment":[{"href":"https:\/\/www.speedtest.pl\/wiadomosci\/wp-json\/wp\/v2\/media?parent=28134"}],"wp:term":[{"taxonomy":"category","embeddable":true,"href":"https:\/\/www.speedtest.pl\/wiadomosci\/wp-json\/wp\/v2\/categories?post=28134"},{"taxonomy":"post_tag","embeddable":true,"href":"https:\/\/www.speedtest.pl\/wiadomosci\/wp-json\/wp\/v2\/tags?post=28134"},{"taxonomy":"table_tags","embeddable":true,"href":"https:\/\/www.speedtest.pl\/wiadomosci\/wp-json\/wp\/v2\/table_tags?post=28134"}],"curies":[{"name":"wp","href":"https:\/\/api.w.org\/{rel}","templated":true}]}}