{"id":27746,"date":"2020-04-20T18:39:38","date_gmt":"2020-04-20T16:39:38","guid":{"rendered":"https:\/\/www.speedtest.pl\/wiadomosci\/?p=27746"},"modified":"2020-04-22T12:01:52","modified_gmt":"2020-04-22T10:01:52","slug":"apple-mac-pro-zabija-cena-dodatkow","status":"publish","type":"post","link":"https:\/\/www.speedtest.pl\/wiadomosci\/apple\/apple-mac-pro-zabija-cena-dodatkow\/","title":{"rendered":"Apple Mac Pro zabija cen\u0105 dodatk\u00f3w"},"content":{"rendered":"\n<p><strong>Zawsze uwa\u017ca\u0142em, \u017ce na IT zjad\u0142em nie jedne z\u0119by i nic mnie nie zdziwi, ale premiera ostatniego Apple Mac Pro rozwia\u0142a moje w\u0105tpliwo\u015bci. S\u0105 jednak produkty, kt\u00f3re potrafi\u0105 sprawi\u0107, \u017ce wyjd\u0105 mi oczy z orbit i to wcale nie w tym pozytywnym tego s\u0142owa znaczeniu. Szokuje bowiem nie tyle technologia zastosowana w danym produkcie, a ceny, jakie s\u0105 za ni\u0105 wystawione.<\/strong><\/p>\n\n\n\n<p>Jaki\u015b czas temu, na naszym portalu pojawi\u0142 si\u0119 artyku\u0142 o cenie, jak\u0105 trzeba zap\u0142aci\u0107 za <a href=\"https:\/\/www.apple.com\/pl\/mac-pro\/\" rel=\"external nofollow\">Maca Pro<\/a>, z dodatkami. Jest ona wr\u0119cz przera\u017caj\u0105ca. Sam komputer to kwota minimum 27 999,00 z\u0142, a w konfiguracji maksymalnej to 270 067,98 z\u0142. Przy takiej kwocie, cena, jak\u0105 firma z Cupertino \u017cyczy sobie za dodatki do tej maszyny, to piku\u015b, ale jednak dla zwyk\u0142ego wyjadacza chleba to niesamowita abstrakcja. \u017be firma ta liczy sobie za wszystko i to sporo \u2014 wiemy nie od dzi\u015b. Czy nie jest to jednak przesada?<\/p>\n\n\n\n<h2 class=\"wp-block-heading\">W trakcie premiery Apple Mac Pro m\u00f3wi\u0142o si\u0119 o cenie dodatk\u00f3w do tego sprz\u0119tu, mi\u0119dzy innymi o k\u00f3\u0142kach do stacji.<\/h2>\n\n\n\n<p>Ju\u017c wtedy, kiedy zobaczyli\u015bmy ten sprz\u0119t po raz pierwszy, kr\u0105\u017cy\u0142y plotki, \u017ce inne cz\u0119\u015bci do niego b\u0119d\u0105 bardzo drogie. Nie specjalnie mnie to zdziwi\u0142o. W ko\u0144cu Apple s\u0142ynie z dro\u017cyzny. <a href=\"https:\/\/www.speedtest.pl\/wiadomosci\/apple\/apple-ujawnilo-modele-czterech-nowych-ipad-pro\/\">Ceny nowego iPada <\/a>sprawi\u0142y, \u017ce by\u0142em mocno przera\u017cony i zszokowany, ale powiedzmy, \u017ce za wysok\u0105 kwot\u0105 sz\u0142a jeszcze jako\u015b\u0107 wypuszczonego gad\u017cetu. Jednak, kiedy za metolowe k\u00f3\u0142ka do serwera trzeba zap\u0142aci\u0107 kwot\u0119 z trzema zerami \u2014 robi si\u0119 dziwnie. W trakcie zakupu firma Apple pozwala\u0142a wybra\u0107, czy wolimy wersj\u0119 ze szkieletem opartym na n\u00f3\u017ckach, czy na k\u00f3\u0142kach ze stali nierdzewnej. Wtedy, kwota serwera zwi\u0119ksza\u0142a si\u0119 o 1920 z\u0142. Okaza\u0142o si\u0119, \u017ce k\u00f3\u0142ka te mo\u017cna kupi\u0107 osobno i koszt, jest jeszcze wi\u0119kszy.<\/p>\n\n\n\n<figure class=\"wp-block-image is-resized\"><img loading=\"lazy\" decoding=\"async\" src=\"https:\/\/ithardware.pl\/artykuly\/max\/apple_przebija_wszelkie_granice_kolka_do_macka_pro_kosztuja_3500_zl-11979_1.jpg\" alt=\"Apple Mac Pro, k\u00f3\u0142ka, tarka, icena, \" width=\"580\" height=\"326\"\/><\/figure>\n\n\n\n<h2 class=\"wp-block-heading\">Pakiet k\u00f3\u0142ek do Apple Mac Pro nazywa si\u0119 Apple Mac Pro Wheels Kit.<\/h2>\n\n\n\n<p>Czy\u017c nie wygl\u0105da to lekko komicznie? W Apple nawet zwyk\u0142e k\u00f3\u0142ka do stela\u017ca od serwera maj\u0105 nazw\u0119 i\u2026 oczywi\u015bcie odpowiedni\u0105 iCen\u0119. Zestaw ten kosztuje bowiem\u2026 uwaga\u2026 a\u017c 3499 z\u0142otych. Co wi\u0119cej, je\u015bli u\u017cytkownikowi Maca Pro zale\u017cy, by jego komputer mia\u0142 w pe\u0142ni stabiln\u0105 pozycj\u0119 i nie przemieszcza\u0142 si\u0119 przy przypadkowym pchni\u0119ciu obudowy, mo\u017ce dokupi\u0107 zestaw n\u00f3\u017cek Apple Mac Pro Feet Kit (te kosztuj\u0105 &#8222;tylko&#8221; 1499 z\u0142otych). Niby Apple przyzwyczai\u0142o nas do wysokich cen, ale\u2026 \u017ceby sprzedawa\u0107 dodatek w cenie nowego iPhone&#8217;a? Poczu\u0142em si\u0119 tak, jakby firma \u015bwiadoma tego, co robi, robi\u0142a mnie w niez\u0142ego wa\u0142a. Okazuje si\u0119, \u017ce nawet najwi\u0119ksi fani marki nie bardzo \u0142api\u0105, o co w tej ofercie chodzi i czuj\u0105 si\u0119 dziwnie.<\/p>\n\n\n\n<h2 class=\"wp-block-heading\">Dodatki do Apple Mac Pro pokaza\u0142y, \u017ce coraz trudniej jest broni\u0107 polityki finansowej Apple.<\/h2>\n\n\n\n<p>Nawet jakbym chcia\u0142, nie jestem w stanie wyt\u0142umaczy\u0107 tego kroku. K\u00f3\u0142ka niby s\u0105 ze stali nierdzewnej, ale za przeproszeniem \u2014 za t\u0119 cen\u0119 to winny na zawo\u0142anie &#8222;<em>Hey Siri<\/em>&#8221; transportowa\u0107 Maca pod moje nogi (i poda\u0107 przy tym kaw\u0119). Mam jednak wra\u017cenie, \u017ce w ekosystemie Cupertino nie dzieje si\u0119 dobrze. Apple nigdy nie by\u0142o tanie, ale do kupienia. Teraz ceny robi\u0105 si\u0119 kosmiczne. Co wi\u0119cej, wcale nie idzie to w parze z innowacyjno\u015bci\u0105, kt\u00f3rej oczekujemy od tej firmy. Czy taka jest polityka Tima Cooka? Mo\u017cliwe. Czy si\u0119 sprawdzi? Boje si\u0119 w czasach \u015bwiata ogarni\u0119tego pandemi\u0105, gdzie ludzie licz\u0105 grosz do grosza \u2014 niekoniecznie.<\/p>\n","protected":false},"excerpt":{"rendered":"<p>Zawsze uwa\u017ca\u0142em, \u017ce na IT zjad\u0142em nie jedne z\u0119by i nic mnie nie zdziwi, ale premiera ostatniego Apple Mac Pro rozwia\u0142a moje w\u0105tpliwo\u015bci. S\u0105 jednak produkty, kt\u00f3re potrafi\u0105 sprawi\u0107, \u017ce wyjd\u0105 mi oczy z orbit i to wcale nie w tym pozytywnym tego s\u0142owa znaczeniu. Szokuje bowiem nie tyle technologia zastosowana w danym produkcie, a [&hellip;]<\/p>\n","protected":false},"author":13,"featured_media":27747,"comment_status":"closed","ping_status":"open","sticky":false,"template":"","format":"standard","meta":{"jetpack_post_was_ever_published":false,"_jetpack_newsletter_access":"","_jetpack_dont_email_post_to_subs":false,"_jetpack_newsletter_tier_id":0,"_jetpack_memberships_contains_paywalled_content":false,"_jetpack_memberships_contains_paid_content":false,"footnotes":"","jetpack_publicize_message":"To si\u0119 nazywa \u015bmier\u0107 w bia\u0142y dzie\u0144. Ceny gad\u017cet\u00f3w Apple sprawiaj\u0105, \u017ce trac\u0119 grunt pod nogami. ","jetpack_publicize_feature_enabled":true,"jetpack_social_post_already_shared":true,"jetpack_social_options":{"image_generator_settings":{"template":"highway","enabled":false},"version":2}},"categories":[569],"tags":[5738,5739,5741,5740],"table_tags":[],"class_list":["post-27746","post","type-post","status-publish","format-standard","has-post-thumbnail","hentry","category-apple","tag-apple-mac-pro","tag-icena","tag-kolka","tag-tarka"],"jetpack_publicize_connections":[],"yoast_head":"<!-- This site is optimized with the Yoast SEO plugin v24.8.1 - https:\/\/yoast.com\/wordpress\/plugins\/seo\/ -->\n<title>Apple Mac Pro zabija cen\u0105 dodatk\u00f3w - SpeedTest.pl Wiadomo\u015bci<\/title>\n<meta name=\"description\" content=\"Zawsze uwa\u017ca\u0142em, \u017ce na IT zjad\u0142em nie jedne z\u0119by i nic mnie nie zdziwi, ale premiera ostatniego Apple Mac Pro rozwia\u0142a moje w\u0105tpliwo\u015bci.\" \/>\n<meta name=\"robots\" content=\"index, follow, max-snippet:-1, max-image-preview:large, max-video-preview:-1\" \/>\n<link rel=\"canonical\" href=\"https:\/\/www.speedtest.pl\/wiadomosci\/apple\/apple-mac-pro-zabija-cena-dodatkow\/\" \/>\n<meta property=\"og:locale\" content=\"pl_PL\" \/>\n<meta property=\"og:type\" content=\"article\" \/>\n<meta property=\"og:title\" content=\"Apple Mac Pro zabija cen\u0105 dodatk\u00f3w - SpeedTest.pl Wiadomo\u015bci\" \/>\n<meta property=\"og:description\" content=\"Zawsze uwa\u017ca\u0142em, \u017ce na IT zjad\u0142em nie jedne z\u0119by i nic mnie nie zdziwi, ale premiera ostatniego Apple Mac Pro rozwia\u0142a moje w\u0105tpliwo\u015bci.\" \/>\n<meta property=\"og:url\" content=\"https:\/\/www.speedtest.pl\/wiadomosci\/apple\/apple-mac-pro-zabija-cena-dodatkow\/\" \/>\n<meta property=\"og:site_name\" content=\"SpeedTest.pl Wiadomo\u015bci\" \/>\n<meta property=\"article:publisher\" content=\"https:\/\/www.facebook.com\/speedtestpl\/\" \/>\n<meta property=\"article:published_time\" content=\"2020-04-20T16:39:38+00:00\" \/>\n<meta property=\"article:modified_time\" content=\"2020-04-22T10:01:52+00:00\" \/>\n<meta property=\"og:image\" content=\"https:\/\/www.speedtest.pl\/wiadomosci\/wp-content\/uploads\/2020\/04\/apple-kolka.jpg\" \/>\n\t<meta property=\"og:image:width\" content=\"1200\" \/>\n\t<meta property=\"og:image:height\" content=\"675\" \/>\n\t<meta property=\"og:image:type\" content=\"image\/jpeg\" \/>\n<meta name=\"author\" content=\"BS\" \/>\n<meta name=\"twitter:card\" content=\"summary_large_image\" \/>\n<meta name=\"twitter:creator\" content=\"@speedtestpl\" \/>\n<meta name=\"twitter:site\" content=\"@speedtestpl\" \/>\n<meta name=\"twitter:label1\" content=\"Napisane przez\" \/>\n\t<meta name=\"twitter:data1\" content=\"BS\" \/>\n\t<meta name=\"twitter:label2\" content=\"Szacowany czas czytania\" \/>\n\t<meta name=\"twitter:data2\" content=\"3 minuty\" \/>\n<script type=\"application\/ld+json\" class=\"yoast-schema-graph\">{\"@context\":\"https:\/\/schema.org\",\"@graph\":[{\"@type\":\"WebPage\",\"@id\":\"https:\/\/www.speedtest.pl\/wiadomosci\/apple\/apple-mac-pro-zabija-cena-dodatkow\/\",\"url\":\"https:\/\/www.speedtest.pl\/wiadomosci\/apple\/apple-mac-pro-zabija-cena-dodatkow\/\",\"name\":\"Apple Mac Pro zabija cen\u0105 dodatk\u00f3w - SpeedTest.pl Wiadomo\u015bci\",\"isPartOf\":{\"@id\":\"https:\/\/www.speedtest.pl\/wiadomosci\/#website\"},\"primaryImageOfPage\":{\"@id\":\"https:\/\/www.speedtest.pl\/wiadomosci\/apple\/apple-mac-pro-zabija-cena-dodatkow\/#primaryimage\"},\"image\":{\"@id\":\"https:\/\/www.speedtest.pl\/wiadomosci\/apple\/apple-mac-pro-zabija-cena-dodatkow\/#primaryimage\"},\"thumbnailUrl\":\"https:\/\/www.speedtest.pl\/wiadomosci\/wp-content\/uploads\/2020\/04\/apple-kolka.jpg\",\"datePublished\":\"2020-04-20T16:39:38+00:00\",\"dateModified\":\"2020-04-22T10:01:52+00:00\",\"author\":{\"@id\":\"https:\/\/www.speedtest.pl\/wiadomosci\/#\/schema\/person\/585facd68912bef34cadd731cd3edaf2\"},\"description\":\"Zawsze uwa\u017ca\u0142em, \u017ce na IT zjad\u0142em nie jedne z\u0119by i nic mnie nie zdziwi, ale premiera ostatniego Apple Mac Pro rozwia\u0142a moje w\u0105tpliwo\u015bci.\",\"breadcrumb\":{\"@id\":\"https:\/\/www.speedtest.pl\/wiadomosci\/apple\/apple-mac-pro-zabija-cena-dodatkow\/#breadcrumb\"},\"inLanguage\":\"pl-PL\",\"potentialAction\":[{\"@type\":\"ReadAction\",\"target\":[\"https:\/\/www.speedtest.pl\/wiadomosci\/apple\/apple-mac-pro-zabija-cena-dodatkow\/\"]}]},{\"@type\":\"ImageObject\",\"inLanguage\":\"pl-PL\",\"@id\":\"https:\/\/www.speedtest.pl\/wiadomosci\/apple\/apple-mac-pro-zabija-cena-dodatkow\/#primaryimage\",\"url\":\"https:\/\/www.speedtest.pl\/wiadomosci\/wp-content\/uploads\/2020\/04\/apple-kolka.jpg\",\"contentUrl\":\"https:\/\/www.speedtest.pl\/wiadomosci\/wp-content\/uploads\/2020\/04\/apple-kolka.jpg\",\"width\":1200,\"height\":675,\"caption\":\"Apple Mac Pro, k\u00f3\u0142ka, tarka, icena,\"},{\"@type\":\"BreadcrumbList\",\"@id\":\"https:\/\/www.speedtest.pl\/wiadomosci\/apple\/apple-mac-pro-zabija-cena-dodatkow\/#breadcrumb\",\"itemListElement\":[{\"@type\":\"ListItem\",\"position\":1,\"name\":\"Strona g\u0142\u00f3wna\",\"item\":\"https:\/\/www.speedtest.pl\/wiadomosci\/\"},{\"@type\":\"ListItem\",\"position\":2,\"name\":\"Apple Mac Pro zabija cen\u0105 dodatk\u00f3w\"}]},{\"@type\":\"WebSite\",\"@id\":\"https:\/\/www.speedtest.pl\/wiadomosci\/#website\",\"url\":\"https:\/\/www.speedtest.pl\/wiadomosci\/\",\"name\":\"SpeedTest.pl Wiadomo\u015bci\",\"description\":\"Rankingi ISP, newsy i opinie ze \u015bwiata IT, recenzje sprz\u0119tu, gry, motoryzacja\",\"potentialAction\":[{\"@type\":\"SearchAction\",\"target\":{\"@type\":\"EntryPoint\",\"urlTemplate\":\"https:\/\/www.speedtest.pl\/wiadomosci\/?s={search_term_string}\"},\"query-input\":{\"@type\":\"PropertyValueSpecification\",\"valueRequired\":true,\"valueName\":\"search_term_string\"}}],\"inLanguage\":\"pl-PL\"},{\"@type\":\"Person\",\"@id\":\"https:\/\/www.speedtest.pl\/wiadomosci\/#\/schema\/person\/585facd68912bef34cadd731cd3edaf2\",\"name\":\"BS\",\"image\":{\"@type\":\"ImageObject\",\"inLanguage\":\"pl-PL\",\"@id\":\"https:\/\/www.speedtest.pl\/wiadomosci\/#\/schema\/person\/image\/\",\"url\":\"https:\/\/www.speedtest.pl\/wiadomosci\/wp-content\/uploads\/2018\/01\/bek.png\",\"contentUrl\":\"https:\/\/www.speedtest.pl\/wiadomosci\/wp-content\/uploads\/2018\/01\/bek.png\",\"caption\":\"BS\"},\"description\":\"Bernard to redaktor naczelny SpeedTest.pl. Jest analitykiem i pasjonatem gier. Studiowa\u0142 na Politechnice Wroc\u0142awskiej informatyk\u0119 i zarz\u0105dzanie. Lubi szybkie samochody, podr\u00f3\u017ce do egzotycznych kraj\u00f3w oraz dobre ksi\u0105\u017cki z kategorii fantastyka.\",\"url\":\"https:\/\/www.speedtest.pl\/wiadomosci\/author\/bernard\/\"}]}<\/script>\n<!-- \/ Yoast SEO plugin. -->","yoast_head_json":{"title":"Apple Mac Pro zabija cen\u0105 dodatk\u00f3w - SpeedTest.pl Wiadomo\u015bci","description":"Zawsze uwa\u017ca\u0142em, \u017ce na IT zjad\u0142em nie jedne z\u0119by i nic mnie nie zdziwi, ale premiera ostatniego Apple Mac Pro rozwia\u0142a moje w\u0105tpliwo\u015bci.","robots":{"index":"index","follow":"follow","max-snippet":"max-snippet:-1","max-image-preview":"max-image-preview:large","max-video-preview":"max-video-preview:-1"},"canonical":"https:\/\/www.speedtest.pl\/wiadomosci\/apple\/apple-mac-pro-zabija-cena-dodatkow\/","og_locale":"pl_PL","og_type":"article","og_title":"Apple Mac Pro zabija cen\u0105 dodatk\u00f3w - SpeedTest.pl Wiadomo\u015bci","og_description":"Zawsze uwa\u017ca\u0142em, \u017ce na IT zjad\u0142em nie jedne z\u0119by i nic mnie nie zdziwi, ale premiera ostatniego Apple Mac Pro rozwia\u0142a moje w\u0105tpliwo\u015bci.","og_url":"https:\/\/www.speedtest.pl\/wiadomosci\/apple\/apple-mac-pro-zabija-cena-dodatkow\/","og_site_name":"SpeedTest.pl Wiadomo\u015bci","article_publisher":"https:\/\/www.facebook.com\/speedtestpl\/","article_published_time":"2020-04-20T16:39:38+00:00","article_modified_time":"2020-04-22T10:01:52+00:00","og_image":[{"width":1200,"height":675,"url":"https:\/\/www.speedtest.pl\/wiadomosci\/wp-content\/uploads\/2020\/04\/apple-kolka.jpg","type":"image\/jpeg"}],"author":"BS","twitter_card":"summary_large_image","twitter_creator":"@speedtestpl","twitter_site":"@speedtestpl","twitter_misc":{"Napisane przez":"BS","Szacowany czas czytania":"3 minuty"},"schema":{"@context":"https:\/\/schema.org","@graph":[{"@type":"WebPage","@id":"https:\/\/www.speedtest.pl\/wiadomosci\/apple\/apple-mac-pro-zabija-cena-dodatkow\/","url":"https:\/\/www.speedtest.pl\/wiadomosci\/apple\/apple-mac-pro-zabija-cena-dodatkow\/","name":"Apple Mac Pro zabija cen\u0105 dodatk\u00f3w - SpeedTest.pl Wiadomo\u015bci","isPartOf":{"@id":"https:\/\/www.speedtest.pl\/wiadomosci\/#website"},"primaryImageOfPage":{"@id":"https:\/\/www.speedtest.pl\/wiadomosci\/apple\/apple-mac-pro-zabija-cena-dodatkow\/#primaryimage"},"image":{"@id":"https:\/\/www.speedtest.pl\/wiadomosci\/apple\/apple-mac-pro-zabija-cena-dodatkow\/#primaryimage"},"thumbnailUrl":"https:\/\/www.speedtest.pl\/wiadomosci\/wp-content\/uploads\/2020\/04\/apple-kolka.jpg","datePublished":"2020-04-20T16:39:38+00:00","dateModified":"2020-04-22T10:01:52+00:00","author":{"@id":"https:\/\/www.speedtest.pl\/wiadomosci\/#\/schema\/person\/585facd68912bef34cadd731cd3edaf2"},"description":"Zawsze uwa\u017ca\u0142em, \u017ce na IT zjad\u0142em nie jedne z\u0119by i nic mnie nie zdziwi, ale premiera ostatniego Apple Mac Pro rozwia\u0142a moje w\u0105tpliwo\u015bci.","breadcrumb":{"@id":"https:\/\/www.speedtest.pl\/wiadomosci\/apple\/apple-mac-pro-zabija-cena-dodatkow\/#breadcrumb"},"inLanguage":"pl-PL","potentialAction":[{"@type":"ReadAction","target":["https:\/\/www.speedtest.pl\/wiadomosci\/apple\/apple-mac-pro-zabija-cena-dodatkow\/"]}]},{"@type":"ImageObject","inLanguage":"pl-PL","@id":"https:\/\/www.speedtest.pl\/wiadomosci\/apple\/apple-mac-pro-zabija-cena-dodatkow\/#primaryimage","url":"https:\/\/www.speedtest.pl\/wiadomosci\/wp-content\/uploads\/2020\/04\/apple-kolka.jpg","contentUrl":"https:\/\/www.speedtest.pl\/wiadomosci\/wp-content\/uploads\/2020\/04\/apple-kolka.jpg","width":1200,"height":675,"caption":"Apple Mac Pro, k\u00f3\u0142ka, tarka, icena,"},{"@type":"BreadcrumbList","@id":"https:\/\/www.speedtest.pl\/wiadomosci\/apple\/apple-mac-pro-zabija-cena-dodatkow\/#breadcrumb","itemListElement":[{"@type":"ListItem","position":1,"name":"Strona g\u0142\u00f3wna","item":"https:\/\/www.speedtest.pl\/wiadomosci\/"},{"@type":"ListItem","position":2,"name":"Apple Mac Pro zabija cen\u0105 dodatk\u00f3w"}]},{"@type":"WebSite","@id":"https:\/\/www.speedtest.pl\/wiadomosci\/#website","url":"https:\/\/www.speedtest.pl\/wiadomosci\/","name":"SpeedTest.pl Wiadomo\u015bci","description":"Rankingi ISP, newsy i opinie ze \u015bwiata IT, recenzje sprz\u0119tu, gry, motoryzacja","potentialAction":[{"@type":"SearchAction","target":{"@type":"EntryPoint","urlTemplate":"https:\/\/www.speedtest.pl\/wiadomosci\/?s={search_term_string}"},"query-input":{"@type":"PropertyValueSpecification","valueRequired":true,"valueName":"search_term_string"}}],"inLanguage":"pl-PL"},{"@type":"Person","@id":"https:\/\/www.speedtest.pl\/wiadomosci\/#\/schema\/person\/585facd68912bef34cadd731cd3edaf2","name":"BS","image":{"@type":"ImageObject","inLanguage":"pl-PL","@id":"https:\/\/www.speedtest.pl\/wiadomosci\/#\/schema\/person\/image\/","url":"https:\/\/www.speedtest.pl\/wiadomosci\/wp-content\/uploads\/2018\/01\/bek.png","contentUrl":"https:\/\/www.speedtest.pl\/wiadomosci\/wp-content\/uploads\/2018\/01\/bek.png","caption":"BS"},"description":"Bernard to redaktor naczelny SpeedTest.pl. Jest analitykiem i pasjonatem gier. Studiowa\u0142 na Politechnice Wroc\u0142awskiej informatyk\u0119 i zarz\u0105dzanie. Lubi szybkie samochody, podr\u00f3\u017ce do egzotycznych kraj\u00f3w oraz dobre ksi\u0105\u017cki z kategorii fantastyka.","url":"https:\/\/www.speedtest.pl\/wiadomosci\/author\/bernard\/"}]}},"jetpack_featured_media_url":"https:\/\/www.speedtest.pl\/wiadomosci\/wp-content\/uploads\/2020\/04\/apple-kolka.jpg","jetpack_sharing_enabled":true,"jetpack_shortlink":"https:\/\/wp.me\/p85ce0-7dw","_links":{"self":[{"href":"https:\/\/www.speedtest.pl\/wiadomosci\/wp-json\/wp\/v2\/posts\/27746","targetHints":{"allow":["GET"]}}],"collection":[{"href":"https:\/\/www.speedtest.pl\/wiadomosci\/wp-json\/wp\/v2\/posts"}],"about":[{"href":"https:\/\/www.speedtest.pl\/wiadomosci\/wp-json\/wp\/v2\/types\/post"}],"author":[{"embeddable":true,"href":"https:\/\/www.speedtest.pl\/wiadomosci\/wp-json\/wp\/v2\/users\/13"}],"replies":[{"embeddable":true,"href":"https:\/\/www.speedtest.pl\/wiadomosci\/wp-json\/wp\/v2\/comments?post=27746"}],"version-history":[{"count":4,"href":"https:\/\/www.speedtest.pl\/wiadomosci\/wp-json\/wp\/v2\/posts\/27746\/revisions"}],"predecessor-version":[{"id":27781,"href":"https:\/\/www.speedtest.pl\/wiadomosci\/wp-json\/wp\/v2\/posts\/27746\/revisions\/27781"}],"wp:featuredmedia":[{"embeddable":true,"href":"https:\/\/www.speedtest.pl\/wiadomosci\/wp-json\/wp\/v2\/media\/27747"}],"wp:attachment":[{"href":"https:\/\/www.speedtest.pl\/wiadomosci\/wp-json\/wp\/v2\/media?parent=27746"}],"wp:term":[{"taxonomy":"category","embeddable":true,"href":"https:\/\/www.speedtest.pl\/wiadomosci\/wp-json\/wp\/v2\/categories?post=27746"},{"taxonomy":"post_tag","embeddable":true,"href":"https:\/\/www.speedtest.pl\/wiadomosci\/wp-json\/wp\/v2\/tags?post=27746"},{"taxonomy":"table_tags","embeddable":true,"href":"https:\/\/www.speedtest.pl\/wiadomosci\/wp-json\/wp\/v2\/table_tags?post=27746"}],"curies":[{"name":"wp","href":"https:\/\/api.w.org\/{rel}","templated":true}]}}