{"id":27077,"date":"2020-02-25T13:12:18","date_gmt":"2020-02-25T12:12:18","guid":{"rendered":"https:\/\/www.speedtest.pl\/wiadomosci\/?p=27077"},"modified":"2020-02-25T13:12:18","modified_gmt":"2020-02-25T12:12:18","slug":"fakenews-dot-5g-w-szwajcarii-zyje-swoim-zyciem","status":"publish","type":"post","link":"https:\/\/www.speedtest.pl\/wiadomosci\/news\/fakenews-dot-5g-w-szwajcarii-zyje-swoim-zyciem\/","title":{"rendered":"Fakenews dot. 5G w Szwajcarii \u017cyje swoim \u017cyciem&#8230;"},"content":{"rendered":"\n<p><strong>To by\u0142o do przewidzenia. Informacja dot. domniemanego wstrzymania budowy sieci 5G w Szwajcarii obieg\u0142a ju\u017c ca\u0142y internet. Niestety ma\u0142o kto doczyta\u0142, \u017ce jest to typowy fakenews. Do sprawy odnios\u0142o si\u0119 r\u00f3wnie\u017c polskie Ministerstwo Cyfryzacji. Jednak \u015brodowisko anty 5G i wyszukiwarka Google dalej promuj\u0105 tre\u015bci powielaj\u0105ce nieprawdziw\u0105 informacj\u0119.<\/strong><\/p>\n\n\n\n<p>Przeciwnicy technologi 5G od razu podchwycili artyku\u0142 opublikowany na ramach Financial Times, kt\u00f3ry odnosi\u0142 si\u0119 domniemanego zawieszenia budowy nowych sieci. Nie do\u015b\u0107, \u017ce brytyjscy dziennikarze \u017ale interpretowali informacje, do kt\u00f3rych dotarli, to w sieci pojawi\u0142y si\u0119 kolejne wariancje fakenewsa. Ca\u0142\u0105 lawin\u0119 nieprawdziwych informacji nap\u0119dzi\u0142o to, \u017ce artyku\u0142 Financial Times znalaz\u0142 si\u0119 za tzw. paywallem, czyli trzeba by\u0142o zap\u0142aci\u0107 za jego przeczytanie. Dlatego te\u017c wi\u0119kszo\u015b\u0107 dziennikarzy pisz\u0105c o domniemanym zakazie 5G w Szwajcarii bazowa\u0142o na tytule i tym, co napisali inni.<\/p>\n\n\n\n<div class=\"wp-block-image\"><figure class=\"aligncenter size-large\"><img loading=\"lazy\" decoding=\"async\" width=\"900\" height=\"513\" src=\"https:\/\/www.speedtest.pl\/wiadomosci\/wp-content\/uploads\/2020\/02\/Szwajcaria-5G-FT.jpg\" alt=\"Szwajcaria 5G FT\" class=\"wp-image-27079\" srcset=\"https:\/\/www.speedtest.pl\/wiadomosci\/wp-content\/uploads\/2020\/02\/Szwajcaria-5G-FT.jpg 900w, https:\/\/www.speedtest.pl\/wiadomosci\/wp-content\/uploads\/2020\/02\/Szwajcaria-5G-FT-300x171.jpg 300w, https:\/\/www.speedtest.pl\/wiadomosci\/wp-content\/uploads\/2020\/02\/Szwajcaria-5G-FT-768x438.jpg 768w, https:\/\/www.speedtest.pl\/wiadomosci\/wp-content\/uploads\/2020\/02\/Szwajcaria-5G-FT-696x397.jpg 696w, https:\/\/www.speedtest.pl\/wiadomosci\/wp-content\/uploads\/2020\/02\/Szwajcaria-5G-FT-737x420.jpg 737w\" sizes=\"auto, (max-width: 900px) 100vw, 900px\" \/><\/figure><\/div>\n\n\n\n<p>Z kolei niekt\u00f3rzy przeciwnicy wdra\u017cania nowych technologi dorobili stwierdzenie, \u017ce <em>informacja o zakazie budowy sieci 5G pojawi\u0142a si\u0119 na stronach rz\u0105dowych<\/em>. Oczywi\u015bcie to k\u0142amstwo mia\u0142o na celu nic innego jak zbudowanie zaufania w\u015br\u00f3d odbiorc\u00f3w podatnych na dezinformacj\u0119.<\/p>\n\n\n\n<h2 class=\"wp-block-heading\">Doniesieniami o zakazie 5G w Szwajcarii zainteresowa\u0142o si\u0119 Ministerstwo Cyfryzacji<\/h2>\n\n\n\n<p>Tak si\u0119 sk\u0142ada, \u017ce byli\u015bmy pierwsz\u0105 polsk\u0105 redakcj\u0105, kt\u00f3ra <a href=\"https:\/\/www.speedtest.pl\/wiadomosci\/5g\/szwajcaria-budowa-sieci-5g\/\">rozbroi\u0142a tego fakenewsa<\/a>. Zadanie to nie by\u0142o proste, poniewa\u017c wyszukiwarka Google by\u0142a wr\u0119cz za\u015bmiecona artyku\u0142ami bazuj\u0105cymi na b\u0142\u0119dnych wnioskach dziennikarzy Financial Times.<\/p>\n\n\n\n<div class=\"wp-block-image\"><figure class=\"aligncenter size-large\"><img loading=\"lazy\" decoding=\"async\" width=\"900\" height=\"483\" src=\"https:\/\/www.speedtest.pl\/wiadomosci\/wp-content\/uploads\/2020\/02\/Szwajcaria-5G-google-2.jpg\" alt=\"Szwajcaria 5G google\" class=\"wp-image-27080\" srcset=\"https:\/\/www.speedtest.pl\/wiadomosci\/wp-content\/uploads\/2020\/02\/Szwajcaria-5G-google-2.jpg 900w, https:\/\/www.speedtest.pl\/wiadomosci\/wp-content\/uploads\/2020\/02\/Szwajcaria-5G-google-2-300x161.jpg 300w, https:\/\/www.speedtest.pl\/wiadomosci\/wp-content\/uploads\/2020\/02\/Szwajcaria-5G-google-2-768x412.jpg 768w, https:\/\/www.speedtest.pl\/wiadomosci\/wp-content\/uploads\/2020\/02\/Szwajcaria-5G-google-2-696x374.jpg 696w, https:\/\/www.speedtest.pl\/wiadomosci\/wp-content\/uploads\/2020\/02\/Szwajcaria-5G-google-2-783x420.jpg 783w\" sizes=\"auto, (max-width: 900px) 100vw, 900px\" \/><\/figure><\/div>\n\n\n\n<p>Kilka dni po naszej publikacji okaza\u0142o si\u0119, \u017ce tematem zaj\u0119\u0142o si\u0119 r\u00f3wnie\u017c Ministerstwo Cyfryzacji. Wanda Buk podzieli\u0142a si\u0119 oficjalnymi ustaleniami w tej sprawie.<\/p>\n\n\n\n<figure class=\"wp-block-embed-twitter aligncenter wp-block-embed is-type-rich is-provider-twitter\"><div class=\"wp-block-embed__wrapper\">\n<div class=\"twitter-tweet\"><blockquote class=\"twitter-tweet\" data-lang=\"pl\"><p lang=\"pl\" dir=\"ltr\">Ca\u0142a prawda o \u201ezakazie 5G w Szwajcarii\u201d wygl\u0105da w\u0142a\u015bnie tak<br>\u2b07\ufe0f\u2b07\ufe0f\u2b07\ufe0f<br>\u201cFOEN letter to the cantons does not contain any recommendation to stop the permitting of 5G base stations. Rather it sets out how the cantons can proceed with the permitting of 5G and adaptive antennas until 1\/3<\/p>&mdash; Wanda Buk (@WandaBuk) <a href=\"https:\/\/twitter.com\/WandaBuk\/status\/1230818457576497153?ref_src=twsrc%5Etfw\" rel=\"external nofollow\">21 lutego 2020<\/a><\/blockquote><\/div>\n<\/div><\/figure>\n\n\n\n<p>Szersza wypowied\u017a Pani wiceminister pojawi\u0142a si\u0119 r\u00f3wnie\u017c <a href=\"https:\/\/whatnext.pl\/szwajcaria-nie-wstrzymala-budowy-5g-wanda-buk\/\" rel=\"external nofollow\">na \u0142amach serwisu WhatNext.pl<\/a>:<\/p>\n\n\n\n<blockquote class=\"td_quote_box td_box_center\"><p>&#8222;Po artykule w FT skontaktowali\u015bmy si\u0119 bezpo\u015brednio z rz\u0105dem Szwajcarii, by wyja\u015bni\u0107 spraw\u0119. Dostali\u015bmy oficjalne potwierdzenie, \u017ce Szwajcaria nie wprowadza \u017cadnego \u201ezakazu 5G\u201d.<\/p><p>Budowa sieci to skomplikowane zagadnienie i dziennikarzom umkn\u0119\u0142o, \u017ce list stanowisko Federalnego Departamentu \u015arodowiska (FOEN) to zalecenia, dotycz\u0105ce podej\u015bcia do kwestii mierzenia nat\u0119\u017cenia pola, chodzi w szczeg\u00f3lno\u015bci o lit. c) Empfehlung an die Kantone. To nie jest decyzja administracyjna o wstrzymaniu budowy sieci.<\/p><p>Ta sytuacja pokazuje jak ostro\u017cnie i precyzyjnie, bez nastawienia na szybk\u0105 sensacj\u0119 i klikalno\u015b\u0107, nale\u017cy relacjonowa\u0107 wszelkie wydarzenia zwi\u0105zane z budow\u0105 sieci pi\u0105tej generacji.&#8221;<\/p><\/blockquote>\n\n\n\n<p>Niestety temat zosta\u0142 podchwycony jedynie przez 3 portale.<\/p>\n\n\n\n<div class=\"wp-block-image\"><figure class=\"aligncenter size-large\"><img loading=\"lazy\" decoding=\"async\" width=\"900\" height=\"367\" src=\"https:\/\/www.speedtest.pl\/wiadomosci\/wp-content\/uploads\/2020\/02\/Szwajcaria-5G-google.jpg\" alt=\"Szwajcaria 5G google\" class=\"wp-image-27081\" srcset=\"https:\/\/www.speedtest.pl\/wiadomosci\/wp-content\/uploads\/2020\/02\/Szwajcaria-5G-google.jpg 900w, https:\/\/www.speedtest.pl\/wiadomosci\/wp-content\/uploads\/2020\/02\/Szwajcaria-5G-google-300x122.jpg 300w, https:\/\/www.speedtest.pl\/wiadomosci\/wp-content\/uploads\/2020\/02\/Szwajcaria-5G-google-768x313.jpg 768w, https:\/\/www.speedtest.pl\/wiadomosci\/wp-content\/uploads\/2020\/02\/Szwajcaria-5G-google-696x284.jpg 696w\" sizes=\"auto, (max-width: 900px) 100vw, 900px\" \/><\/figure><\/div>\n\n\n\n<p>Pozosta\u0142e serwisy nie zaktualizowa\u0142y &#8222;sensacyjnych&#8221; wpis\u00f3w dot. &#8222;zakazu 5G&#8221; w Szwajcarii. Na domiar z\u0142ego argument ten jest podnoszony przez przeciwnik\u00f3w 5G, kt\u00f3rzy nie widz\u0105 nic z\u0142ego w propagowaniu wyja\u015bnionego i zdementowanego fakenewsa.<\/p>\n\n\n\n<figure class=\"wp-block-embed-facebook aligncenter wp-block-embed is-type-rich is-provider-facebook\"><div class=\"wp-block-embed__wrapper\">\n<div class=\"fb-post\" data-href=\"https:\/\/www.facebook.com\/PrawoDoZyciaPrawda\/posts\/2633495386719333\" data-width=\"552\" style=\"background-color: #fff; display: inline-block;\"><\/div>\n<\/div><\/figure>\n\n\n\n<p><\/p>\n","protected":false},"excerpt":{"rendered":"<p>To by\u0142o do przewidzenia. Informacja dot. domniemanego wstrzymania budowy sieci 5G w Szwajcarii obieg\u0142a ju\u017c ca\u0142y internet. Niestety ma\u0142o kto doczyta\u0142, \u017ce jest to typowy fakenews. Do sprawy odnios\u0142o si\u0119 r\u00f3wnie\u017c polskie Ministerstwo Cyfryzacji. Jednak \u015brodowisko anty 5G i wyszukiwarka Google dalej promuj\u0105 tre\u015bci powielaj\u0105ce nieprawdziw\u0105 informacj\u0119. Przeciwnicy technologi 5G od razu podchwycili artyku\u0142 opublikowany [&hellip;]<\/p>\n","protected":false},"author":12,"featured_media":27010,"comment_status":"closed","ping_status":"open","sticky":false,"template":"","format":"standard","meta":{"jetpack_post_was_ever_published":false,"_jetpack_newsletter_access":"","_jetpack_dont_email_post_to_subs":false,"_jetpack_newsletter_tier_id":0,"_jetpack_memberships_contains_paywalled_content":false,"_jetpack_memberships_contains_paid_content":false,"footnotes":"","jetpack_publicize_message":"","jetpack_publicize_feature_enabled":true,"jetpack_social_post_already_shared":true,"jetpack_social_options":{"image_generator_settings":{"template":"highway","enabled":false},"version":2}},"categories":[2344,6],"tags":[143,2108,4934],"table_tags":[],"class_list":["post-27077","post","type-post","status-publish","format-standard","has-post-thumbnail","hentry","category-5g","category-news","tag-5g","tag-fake-news","tag-szwajcaria"],"jetpack_publicize_connections":[],"yoast_head":"<!-- This site is optimized with the Yoast SEO plugin v24.8.1 - https:\/\/yoast.com\/wordpress\/plugins\/seo\/ -->\n<title>Fakenews dot. 5G w Szwajcarii \u017cyje swoim \u017cyciem... - SpeedTest.pl Wiadomo\u015bci<\/title>\n<meta name=\"robots\" content=\"index, follow, max-snippet:-1, max-image-preview:large, max-video-preview:-1\" \/>\n<link rel=\"canonical\" href=\"https:\/\/www.speedtest.pl\/wiadomosci\/news\/fakenews-dot-5g-w-szwajcarii-zyje-swoim-zyciem\/\" \/>\n<meta property=\"og:locale\" content=\"pl_PL\" \/>\n<meta property=\"og:type\" content=\"article\" \/>\n<meta property=\"og:title\" content=\"Fakenews dot. 5G w Szwajcarii \u017cyje swoim \u017cyciem... - SpeedTest.pl Wiadomo\u015bci\" \/>\n<meta property=\"og:description\" content=\"To by\u0142o do przewidzenia. Informacja dot. domniemanego wstrzymania budowy sieci 5G w Szwajcarii obieg\u0142a ju\u017c ca\u0142y internet. Niestety ma\u0142o kto doczyta\u0142, \u017ce jest to typowy fakenews. Do sprawy odnios\u0142o si\u0119 r\u00f3wnie\u017c polskie Ministerstwo Cyfryzacji. Jednak \u015brodowisko anty 5G i wyszukiwarka Google dalej promuj\u0105 tre\u015bci powielaj\u0105ce nieprawdziw\u0105 informacj\u0119. Przeciwnicy technologi 5G od razu podchwycili artyku\u0142 opublikowany [&hellip;]\" \/>\n<meta property=\"og:url\" content=\"https:\/\/www.speedtest.pl\/wiadomosci\/news\/fakenews-dot-5g-w-szwajcarii-zyje-swoim-zyciem\/\" \/>\n<meta property=\"og:site_name\" content=\"SpeedTest.pl Wiadomo\u015bci\" \/>\n<meta property=\"article:publisher\" content=\"https:\/\/www.facebook.com\/speedtestpl\/\" \/>\n<meta property=\"article:published_time\" content=\"2020-02-25T12:12:18+00:00\" \/>\n<meta property=\"og:image\" content=\"https:\/\/www.speedtest.pl\/wiadomosci\/wp-content\/uploads\/2020\/02\/Szwajcaria-5G.jpg\" \/>\n\t<meta property=\"og:image:width\" content=\"1024\" \/>\n\t<meta property=\"og:image:height\" content=\"576\" \/>\n\t<meta property=\"og:image:type\" content=\"image\/jpeg\" \/>\n<meta name=\"author\" content=\"PJ\" \/>\n<meta name=\"twitter:card\" content=\"summary_large_image\" \/>\n<meta name=\"twitter:creator\" content=\"@speedtestpl\" \/>\n<meta name=\"twitter:site\" content=\"@speedtestpl\" \/>\n<meta name=\"twitter:label1\" content=\"Napisane przez\" \/>\n\t<meta name=\"twitter:data1\" content=\"PJ\" \/>\n\t<meta name=\"twitter:label2\" content=\"Szacowany czas czytania\" \/>\n\t<meta name=\"twitter:data2\" content=\"2 minuty\" \/>\n<script type=\"application\/ld+json\" class=\"yoast-schema-graph\">{\"@context\":\"https:\/\/schema.org\",\"@graph\":[{\"@type\":\"WebPage\",\"@id\":\"https:\/\/www.speedtest.pl\/wiadomosci\/news\/fakenews-dot-5g-w-szwajcarii-zyje-swoim-zyciem\/\",\"url\":\"https:\/\/www.speedtest.pl\/wiadomosci\/news\/fakenews-dot-5g-w-szwajcarii-zyje-swoim-zyciem\/\",\"name\":\"Fakenews dot. 5G w Szwajcarii \u017cyje swoim \u017cyciem... - SpeedTest.pl Wiadomo\u015bci\",\"isPartOf\":{\"@id\":\"https:\/\/www.speedtest.pl\/wiadomosci\/#website\"},\"primaryImageOfPage\":{\"@id\":\"https:\/\/www.speedtest.pl\/wiadomosci\/news\/fakenews-dot-5g-w-szwajcarii-zyje-swoim-zyciem\/#primaryimage\"},\"image\":{\"@id\":\"https:\/\/www.speedtest.pl\/wiadomosci\/news\/fakenews-dot-5g-w-szwajcarii-zyje-swoim-zyciem\/#primaryimage\"},\"thumbnailUrl\":\"https:\/\/www.speedtest.pl\/wiadomosci\/wp-content\/uploads\/2020\/02\/Szwajcaria-5G.jpg\",\"datePublished\":\"2020-02-25T12:12:18+00:00\",\"author\":{\"@id\":\"https:\/\/www.speedtest.pl\/wiadomosci\/#\/schema\/person\/1e51a1178096c8851f7d3ab0575726e4\"},\"breadcrumb\":{\"@id\":\"https:\/\/www.speedtest.pl\/wiadomosci\/news\/fakenews-dot-5g-w-szwajcarii-zyje-swoim-zyciem\/#breadcrumb\"},\"inLanguage\":\"pl-PL\",\"potentialAction\":[{\"@type\":\"ReadAction\",\"target\":[\"https:\/\/www.speedtest.pl\/wiadomosci\/news\/fakenews-dot-5g-w-szwajcarii-zyje-swoim-zyciem\/\"]}]},{\"@type\":\"ImageObject\",\"inLanguage\":\"pl-PL\",\"@id\":\"https:\/\/www.speedtest.pl\/wiadomosci\/news\/fakenews-dot-5g-w-szwajcarii-zyje-swoim-zyciem\/#primaryimage\",\"url\":\"https:\/\/www.speedtest.pl\/wiadomosci\/wp-content\/uploads\/2020\/02\/Szwajcaria-5G.jpg\",\"contentUrl\":\"https:\/\/www.speedtest.pl\/wiadomosci\/wp-content\/uploads\/2020\/02\/Szwajcaria-5G.jpg\",\"width\":1024,\"height\":576,\"caption\":\"Szwajcaria 5G\"},{\"@type\":\"BreadcrumbList\",\"@id\":\"https:\/\/www.speedtest.pl\/wiadomosci\/news\/fakenews-dot-5g-w-szwajcarii-zyje-swoim-zyciem\/#breadcrumb\",\"itemListElement\":[{\"@type\":\"ListItem\",\"position\":1,\"name\":\"Strona g\u0142\u00f3wna\",\"item\":\"https:\/\/www.speedtest.pl\/wiadomosci\/\"},{\"@type\":\"ListItem\",\"position\":2,\"name\":\"Fakenews dot. 5G w Szwajcarii \u017cyje swoim \u017cyciem&#8230;\"}]},{\"@type\":\"WebSite\",\"@id\":\"https:\/\/www.speedtest.pl\/wiadomosci\/#website\",\"url\":\"https:\/\/www.speedtest.pl\/wiadomosci\/\",\"name\":\"SpeedTest.pl Wiadomo\u015bci\",\"description\":\"Rankingi ISP, newsy i opinie ze \u015bwiata IT, recenzje sprz\u0119tu, gry, motoryzacja\",\"potentialAction\":[{\"@type\":\"SearchAction\",\"target\":{\"@type\":\"EntryPoint\",\"urlTemplate\":\"https:\/\/www.speedtest.pl\/wiadomosci\/?s={search_term_string}\"},\"query-input\":{\"@type\":\"PropertyValueSpecification\",\"valueRequired\":true,\"valueName\":\"search_term_string\"}}],\"inLanguage\":\"pl-PL\"},{\"@type\":\"Person\",\"@id\":\"https:\/\/www.speedtest.pl\/wiadomosci\/#\/schema\/person\/1e51a1178096c8851f7d3ab0575726e4\",\"name\":\"PJ\",\"image\":{\"@type\":\"ImageObject\",\"inLanguage\":\"pl-PL\",\"@id\":\"https:\/\/www.speedtest.pl\/wiadomosci\/#\/schema\/person\/image\/\",\"url\":\"https:\/\/www.speedtest.pl\/wiadomosci\/wp-content\/uploads\/2018\/01\/AAEAAQAAAAAAAAk2AAAAJDNhNWRlODdhLWY3MjYtNGFjNC04MzY1LTI1Zjc4NmI4YmE0OQ-150x150.jpg\",\"contentUrl\":\"https:\/\/www.speedtest.pl\/wiadomosci\/wp-content\/uploads\/2018\/01\/AAEAAQAAAAAAAAk2AAAAJDNhNWRlODdhLWY3MjYtNGFjNC04MzY1LTI1Zjc4NmI4YmE0OQ-150x150.jpg\",\"caption\":\"PJ\"},\"description\":\"Przemek jest m\u00f3zgiem operacyjnym SpeedTest.pl. Studiowa\u0142 na Politechnice Wroc\u0142awskiej elektronik\u0119 i telekomunikacj\u0119. Zarz\u0105dza projektami IT, relacjami z klientami oraz nadzoruje procesy rozwoju. Prywatnie zaanga\u017cowany w rodzin\u0119, wsparcie r\u00f3\u017cnych dzia\u0142alno\u015bci charytatywnych i projekty ekstremalne.\",\"url\":\"https:\/\/www.speedtest.pl\/wiadomosci\/author\/przemek\/\"}]}<\/script>\n<!-- \/ Yoast SEO plugin. -->","yoast_head_json":{"title":"Fakenews dot. 5G w Szwajcarii \u017cyje swoim \u017cyciem... - SpeedTest.pl Wiadomo\u015bci","robots":{"index":"index","follow":"follow","max-snippet":"max-snippet:-1","max-image-preview":"max-image-preview:large","max-video-preview":"max-video-preview:-1"},"canonical":"https:\/\/www.speedtest.pl\/wiadomosci\/news\/fakenews-dot-5g-w-szwajcarii-zyje-swoim-zyciem\/","og_locale":"pl_PL","og_type":"article","og_title":"Fakenews dot. 5G w Szwajcarii \u017cyje swoim \u017cyciem... - SpeedTest.pl Wiadomo\u015bci","og_description":"To by\u0142o do przewidzenia. Informacja dot. domniemanego wstrzymania budowy sieci 5G w Szwajcarii obieg\u0142a ju\u017c ca\u0142y internet. Niestety ma\u0142o kto doczyta\u0142, \u017ce jest to typowy fakenews. Do sprawy odnios\u0142o si\u0119 r\u00f3wnie\u017c polskie Ministerstwo Cyfryzacji. Jednak \u015brodowisko anty 5G i wyszukiwarka Google dalej promuj\u0105 tre\u015bci powielaj\u0105ce nieprawdziw\u0105 informacj\u0119. Przeciwnicy technologi 5G od razu podchwycili artyku\u0142 opublikowany [&hellip;]","og_url":"https:\/\/www.speedtest.pl\/wiadomosci\/news\/fakenews-dot-5g-w-szwajcarii-zyje-swoim-zyciem\/","og_site_name":"SpeedTest.pl Wiadomo\u015bci","article_publisher":"https:\/\/www.facebook.com\/speedtestpl\/","article_published_time":"2020-02-25T12:12:18+00:00","og_image":[{"width":1024,"height":576,"url":"https:\/\/www.speedtest.pl\/wiadomosci\/wp-content\/uploads\/2020\/02\/Szwajcaria-5G.jpg","type":"image\/jpeg"}],"author":"PJ","twitter_card":"summary_large_image","twitter_creator":"@speedtestpl","twitter_site":"@speedtestpl","twitter_misc":{"Napisane przez":"PJ","Szacowany czas czytania":"2 minuty"},"schema":{"@context":"https:\/\/schema.org","@graph":[{"@type":"WebPage","@id":"https:\/\/www.speedtest.pl\/wiadomosci\/news\/fakenews-dot-5g-w-szwajcarii-zyje-swoim-zyciem\/","url":"https:\/\/www.speedtest.pl\/wiadomosci\/news\/fakenews-dot-5g-w-szwajcarii-zyje-swoim-zyciem\/","name":"Fakenews dot. 5G w Szwajcarii \u017cyje swoim \u017cyciem... - SpeedTest.pl Wiadomo\u015bci","isPartOf":{"@id":"https:\/\/www.speedtest.pl\/wiadomosci\/#website"},"primaryImageOfPage":{"@id":"https:\/\/www.speedtest.pl\/wiadomosci\/news\/fakenews-dot-5g-w-szwajcarii-zyje-swoim-zyciem\/#primaryimage"},"image":{"@id":"https:\/\/www.speedtest.pl\/wiadomosci\/news\/fakenews-dot-5g-w-szwajcarii-zyje-swoim-zyciem\/#primaryimage"},"thumbnailUrl":"https:\/\/www.speedtest.pl\/wiadomosci\/wp-content\/uploads\/2020\/02\/Szwajcaria-5G.jpg","datePublished":"2020-02-25T12:12:18+00:00","author":{"@id":"https:\/\/www.speedtest.pl\/wiadomosci\/#\/schema\/person\/1e51a1178096c8851f7d3ab0575726e4"},"breadcrumb":{"@id":"https:\/\/www.speedtest.pl\/wiadomosci\/news\/fakenews-dot-5g-w-szwajcarii-zyje-swoim-zyciem\/#breadcrumb"},"inLanguage":"pl-PL","potentialAction":[{"@type":"ReadAction","target":["https:\/\/www.speedtest.pl\/wiadomosci\/news\/fakenews-dot-5g-w-szwajcarii-zyje-swoim-zyciem\/"]}]},{"@type":"ImageObject","inLanguage":"pl-PL","@id":"https:\/\/www.speedtest.pl\/wiadomosci\/news\/fakenews-dot-5g-w-szwajcarii-zyje-swoim-zyciem\/#primaryimage","url":"https:\/\/www.speedtest.pl\/wiadomosci\/wp-content\/uploads\/2020\/02\/Szwajcaria-5G.jpg","contentUrl":"https:\/\/www.speedtest.pl\/wiadomosci\/wp-content\/uploads\/2020\/02\/Szwajcaria-5G.jpg","width":1024,"height":576,"caption":"Szwajcaria 5G"},{"@type":"BreadcrumbList","@id":"https:\/\/www.speedtest.pl\/wiadomosci\/news\/fakenews-dot-5g-w-szwajcarii-zyje-swoim-zyciem\/#breadcrumb","itemListElement":[{"@type":"ListItem","position":1,"name":"Strona g\u0142\u00f3wna","item":"https:\/\/www.speedtest.pl\/wiadomosci\/"},{"@type":"ListItem","position":2,"name":"Fakenews dot. 5G w Szwajcarii \u017cyje swoim \u017cyciem&#8230;"}]},{"@type":"WebSite","@id":"https:\/\/www.speedtest.pl\/wiadomosci\/#website","url":"https:\/\/www.speedtest.pl\/wiadomosci\/","name":"SpeedTest.pl Wiadomo\u015bci","description":"Rankingi ISP, newsy i opinie ze \u015bwiata IT, recenzje sprz\u0119tu, gry, motoryzacja","potentialAction":[{"@type":"SearchAction","target":{"@type":"EntryPoint","urlTemplate":"https:\/\/www.speedtest.pl\/wiadomosci\/?s={search_term_string}"},"query-input":{"@type":"PropertyValueSpecification","valueRequired":true,"valueName":"search_term_string"}}],"inLanguage":"pl-PL"},{"@type":"Person","@id":"https:\/\/www.speedtest.pl\/wiadomosci\/#\/schema\/person\/1e51a1178096c8851f7d3ab0575726e4","name":"PJ","image":{"@type":"ImageObject","inLanguage":"pl-PL","@id":"https:\/\/www.speedtest.pl\/wiadomosci\/#\/schema\/person\/image\/","url":"https:\/\/www.speedtest.pl\/wiadomosci\/wp-content\/uploads\/2018\/01\/AAEAAQAAAAAAAAk2AAAAJDNhNWRlODdhLWY3MjYtNGFjNC04MzY1LTI1Zjc4NmI4YmE0OQ-150x150.jpg","contentUrl":"https:\/\/www.speedtest.pl\/wiadomosci\/wp-content\/uploads\/2018\/01\/AAEAAQAAAAAAAAk2AAAAJDNhNWRlODdhLWY3MjYtNGFjNC04MzY1LTI1Zjc4NmI4YmE0OQ-150x150.jpg","caption":"PJ"},"description":"Przemek jest m\u00f3zgiem operacyjnym SpeedTest.pl. Studiowa\u0142 na Politechnice Wroc\u0142awskiej elektronik\u0119 i telekomunikacj\u0119. Zarz\u0105dza projektami IT, relacjami z klientami oraz nadzoruje procesy rozwoju. Prywatnie zaanga\u017cowany w rodzin\u0119, wsparcie r\u00f3\u017cnych dzia\u0142alno\u015bci charytatywnych i projekty ekstremalne.","url":"https:\/\/www.speedtest.pl\/wiadomosci\/author\/przemek\/"}]}},"jetpack_featured_media_url":"https:\/\/www.speedtest.pl\/wiadomosci\/wp-content\/uploads\/2020\/02\/Szwajcaria-5G.jpg","jetpack_sharing_enabled":true,"jetpack_shortlink":"https:\/\/wp.me\/p85ce0-72J","_links":{"self":[{"href":"https:\/\/www.speedtest.pl\/wiadomosci\/wp-json\/wp\/v2\/posts\/27077","targetHints":{"allow":["GET"]}}],"collection":[{"href":"https:\/\/www.speedtest.pl\/wiadomosci\/wp-json\/wp\/v2\/posts"}],"about":[{"href":"https:\/\/www.speedtest.pl\/wiadomosci\/wp-json\/wp\/v2\/types\/post"}],"author":[{"embeddable":true,"href":"https:\/\/www.speedtest.pl\/wiadomosci\/wp-json\/wp\/v2\/users\/12"}],"replies":[{"embeddable":true,"href":"https:\/\/www.speedtest.pl\/wiadomosci\/wp-json\/wp\/v2\/comments?post=27077"}],"version-history":[{"count":2,"href":"https:\/\/www.speedtest.pl\/wiadomosci\/wp-json\/wp\/v2\/posts\/27077\/revisions"}],"predecessor-version":[{"id":27082,"href":"https:\/\/www.speedtest.pl\/wiadomosci\/wp-json\/wp\/v2\/posts\/27077\/revisions\/27082"}],"wp:featuredmedia":[{"embeddable":true,"href":"https:\/\/www.speedtest.pl\/wiadomosci\/wp-json\/wp\/v2\/media\/27010"}],"wp:attachment":[{"href":"https:\/\/www.speedtest.pl\/wiadomosci\/wp-json\/wp\/v2\/media?parent=27077"}],"wp:term":[{"taxonomy":"category","embeddable":true,"href":"https:\/\/www.speedtest.pl\/wiadomosci\/wp-json\/wp\/v2\/categories?post=27077"},{"taxonomy":"post_tag","embeddable":true,"href":"https:\/\/www.speedtest.pl\/wiadomosci\/wp-json\/wp\/v2\/tags?post=27077"},{"taxonomy":"table_tags","embeddable":true,"href":"https:\/\/www.speedtest.pl\/wiadomosci\/wp-json\/wp\/v2\/table_tags?post=27077"}],"curies":[{"name":"wp","href":"https:\/\/api.w.org\/{rel}","templated":true}]}}