{"id":27002,"date":"2020-02-19T19:52:42","date_gmt":"2020-02-19T18:52:42","guid":{"rendered":"https:\/\/www.speedtest.pl\/wiadomosci\/?p=27002"},"modified":"2020-02-19T19:52:42","modified_gmt":"2020-02-19T18:52:42","slug":"szwajcaria-budowa-sieci-5g","status":"publish","type":"post","link":"https:\/\/www.speedtest.pl\/wiadomosci\/5g\/szwajcaria-budowa-sieci-5g\/","title":{"rendered":"Nie, Szwajcaria NIE wstrzyma\u0142a budowy sieci 5G"},"content":{"rendered":"\n<p><strong>Kilka dni temu ca\u0142\u0105 sie\u0107 obieg\u0142a informacja, \u017ce Szwajcaria zdecydowa\u0142a si\u0119 na wstrzymanie budowy sieci 5G. Domniemany ban na nowe nadajniki mia\u0142 pochodzi\u0107 od szwajcarskiej federalnej agencji ochrony \u015brodowiska. Informacja ta pochodzi z brytyjskiego Financial Times, kt\u00f3rego dziennikarze nadinterpretowali list wys\u0142any przez szwajcarskich urz\u0119dnik\u00f3w.<\/strong><\/p>\n\n\n\n<p>Szwajcaria uchodzi za pierwszy kraj w Europie, w kt\u00f3rym uruchomiono komercyjne us\u0142ugi 5G. Tamtejszy rz\u0105d bardzo szybko rozdysponowa\u0142 nowe cz\u0119stotliwo\u015bci pomi\u0119dzy operatorami, kt\u00f3rzy na potrzeby nowej technologii korzystaj\u0105 z pasm 700 MHz i 3,4 GHz &#8211; 3,8 GHz. Dodatkowo szwajcarscy operatorzy musz\u0105 zmaga\u0107 si\u0119 z pozornie do\u015b\u0107 rygorystycznymi normami PEM. Teoretycznie limit PEM w Szwajcarii jest jeszcze ni\u017cszy ni\u017c ten, kt\u00f3ry wcze\u015bniej obowi\u0105zywa\u0142 w Polsce. Jednak szwajcarscy urz\u0119dnicy operuj\u0105 poj\u0119ciem \u015bredniego nara\u017cania obywateli na pole elektromagnetyczne. Oznacza to, \u017ce warto\u015b\u0107 limitu odnosi si\u0119 do warto\u015bci nat\u0119\u017cenia pola elektromagnetycznego u\u015brednionego przez ca\u0142\u0105 dob\u0119. Z kolei w Polsce przepisy odnosz\u0105 si\u0119 do maksymalnego mo\u017cliwego nara\u017cenia, czyli nat\u0119\u017cenia pola zmierzonego w warunkach maksymalnie obci\u0105\u017conej stacji bazowej. Dodatkowo w Szwajcarii mo\u017cliwe jest odst\u0105pienie od pomiar\u00f3w, je\u015bli symulacje komputerowe wyka\u017c\u0105, \u017ce ekspozycja jest znacznie poni\u017cej progu okre\u015blonego w przepisach. To teraz, gdy mamy jasno\u015b\u0107 wobec r\u00f3\u017cnic legislacyjnych pomi\u0119dzy Polsk\u0105 i Szwajcaria, przejd\u017amy do meritum sprawy.<\/p>\n\n\n\n<h2 class=\"wp-block-heading\">Szwajcarzy czekaj\u0105 na nowe sposoby pomiaru PEM pochodz\u0105cego od anten adaptacyjnych 5G<\/h2>\n\n\n\n<p>Artyku\u0142 opublikowany przez Financial Times odnosi si\u0119 do listu wys\u0142anego przez FOEN (The Federal Office for the Environment) do lokalnych kanton\u00f3w, kt\u00f3re wydaj\u0105 w Szwajcarii wytyczne i pozwolenia dotycz\u0105ce budowy nowych stacji bazowych. List ten odnosi\u0142 si\u0119 do problemu pomiaru p\u00f3l elektromagnetycznych emitowanych przez anteny adaptacyjne, kt\u00f3re b\u0119d\u0105 stosowane w sieciach 5G. Pewnie nie raz s\u0142yszeli\u015bcie o tym, \u017ce nowa generacja telefonii kom\u00f3rkowej b\u0119dzie &#8222;napromieniowywa\u0107 nas skoncentrowanymi wi\u0105zkami mikrofal&#8221;. W\u0142a\u015bnie spos\u00f3b pomiaru tych &#8222;skoncentrowanych wi\u0105zek&#8221;, a nie obawy zwi\u0105zane z wp\u0142ywem na zdrowie, s\u0105 powodem zmartwie\u0144 w szwajcarskich urz\u0119dach.<\/p>\n\n\n\n<p>Pismo, o kt\u00f3rym <a href=\"https:\/\/www.ft.com\/content\/848c5b44-4d7a-11ea-95a0-43d18ec715f5\" rel=\"external nofollow\">napisa\u0142 Financial Times<\/a>, porusza jedynie kwestie braku nowych przepis\u00f3w, kt\u00f3re odnosz\u0105 si\u0119 do adaptacyjnych anten stacji bazowych 5G. Dodatkowo FOEN zaleca kantonom, \u017ceby wnioski o instalacj\u0119 takich anten rozpatrywa\u0142y na podstawie dotychczasowych zalece\u0144. Jednak dziennikarze Financial Times zapomnieli wspomnie\u0107, \u017ce firmy specjalizuj\u0105ce si\u0119 w pomiarach pola elektromagnetycznego opracowa\u0142y ju\u017c metod\u0119 wyznaczania nat\u0119\u017cenia pola pochodz\u0105cego od adaptacyjnej anteny 5G. Jednak dalej istnieje problem doboru odpowiedniego wsp\u00f3\u0142czynnika zale\u017cnego od modelu zainstalowanej anteny Massive MIMO.<\/p>\n\n\n\n<figure class=\"wp-block-embed-youtube wp-block-embed is-type-video is-provider-youtube wp-embed-aspect-16-9 wp-has-aspect-ratio\"><div class=\"wp-block-embed__wrapper\">\n<iframe loading=\"lazy\" title=\"5G Extrapolation to Actual Maximum Exposure\" width=\"696\" height=\"392\" src=\"https:\/\/www.youtube.com\/embed\/Qa9Qc_2BSb8?feature=oembed\" frameborder=\"0\" allow=\"accelerometer; autoplay; clipboard-write; encrypted-media; gyroscope; picture-in-picture; web-share\" referrerpolicy=\"strict-origin-when-cross-origin\" allowfullscreen><\/iframe>\n<\/div><\/figure>\n\n\n\n<p>Musimy r\u00f3wnie\u017c pami\u0119ta\u0107 o tym, \u017ce wi\u0119kszo\u015b\u0107 instalowanych dzisiaj maszt\u00f3w 5G posiada tradycyjne anteny 4&#215;4 MIMO. W tym przypadku spos\u00f3b stacja bazowej pi\u0105tej generacji oddzia\u0142uje na \u015brodowisko w taki sam spos\u00f3b jak nadajnik 4G LTE.<\/p>\n\n\n\n<p>\u0179r\u00f3d\u0142o: <a href=\"https:\/\/www.siliconrepublic.com\/comms\/switzerland-halts-5g-health-concerns\" rel=\"external nofollow\">SiliconRepublic<\/a>, <a href=\"https:\/\/www.mobileworldlive.com\/featured-content\/top-three\/switzerland-denies-halting-5g-rollouts\/\" rel=\"external nofollow\">MobileWorldLive<\/a><\/p>\n","protected":false},"excerpt":{"rendered":"<p>Kilka dni temu ca\u0142\u0105 sie\u0107 obieg\u0142a informacja, \u017ce Szwajcaria zdecydowa\u0142a si\u0119 na wstrzymanie budowy sieci 5G. Domniemany ban na nowe nadajniki mia\u0142 pochodzi\u0107 od szwajcarskiej federalnej agencji ochrony \u015brodowiska. Informacja ta pochodzi z brytyjskiego Financial Times, kt\u00f3rego dziennikarze nadinterpretowali list wys\u0142any przez szwajcarskich urz\u0119dnik\u00f3w. Szwajcaria uchodzi za pierwszy kraj w Europie, w kt\u00f3rym uruchomiono komercyjne [&hellip;]<\/p>\n","protected":false},"author":12,"featured_media":27010,"comment_status":"closed","ping_status":"open","sticky":false,"template":"","format":"standard","meta":{"jetpack_post_was_ever_published":false,"_jetpack_newsletter_access":"","_jetpack_dont_email_post_to_subs":false,"_jetpack_newsletter_tier_id":0,"_jetpack_memberships_contains_paywalled_content":false,"_jetpack_memberships_contains_paid_content":false,"footnotes":"","jetpack_publicize_message":"","jetpack_publicize_feature_enabled":true,"jetpack_social_post_already_shared":true,"jetpack_social_options":{"image_generator_settings":{"template":"highway","enabled":false},"version":2}},"categories":[2344,57,253,3183],"tags":[143,4790,5310,2108,591,3382,3253,2921,4934],"table_tags":[],"class_list":["post-27002","post","type-post","status-publish","format-standard","has-post-thumbnail","hentry","category-5g","category-internet-mobilny","category-polecane","category-prawo","tag-5g","tag-budowa-5g","tag-budowa-sieci","tag-fake-news","tag-internet-mobilny","tag-pem","tag-pomiar","tag-promieniowanie","tag-szwajcaria"],"jetpack_publicize_connections":[],"yoast_head":"<!-- This site is optimized with the Yoast SEO plugin v24.8.1 - https:\/\/yoast.com\/wordpress\/plugins\/seo\/ -->\n<title>Nie, Szwajcaria NIE wstrzyma\u0142a budowy sieci 5G - SpeedTest.pl<\/title>\n<meta name=\"robots\" content=\"index, follow, max-snippet:-1, max-image-preview:large, max-video-preview:-1\" \/>\n<link rel=\"canonical\" href=\"https:\/\/www.speedtest.pl\/wiadomosci\/5g\/szwajcaria-budowa-sieci-5g\/\" \/>\n<meta property=\"og:locale\" content=\"pl_PL\" \/>\n<meta property=\"og:type\" content=\"article\" \/>\n<meta property=\"og:title\" content=\"Nie, Szwajcaria NIE wstrzyma\u0142a budowy sieci 5G - SpeedTest.pl\" \/>\n<meta property=\"og:description\" content=\"Kilka dni temu ca\u0142\u0105 sie\u0107 obieg\u0142a informacja, \u017ce Szwajcaria zdecydowa\u0142a si\u0119 na wstrzymanie budowy sieci 5G. Domniemany ban na nowe nadajniki mia\u0142 pochodzi\u0107 od szwajcarskiej federalnej agencji ochrony \u015brodowiska. Informacja ta pochodzi z brytyjskiego Financial Times, kt\u00f3rego dziennikarze nadinterpretowali list wys\u0142any przez szwajcarskich urz\u0119dnik\u00f3w. Szwajcaria uchodzi za pierwszy kraj w Europie, w kt\u00f3rym uruchomiono komercyjne [&hellip;]\" \/>\n<meta property=\"og:url\" content=\"https:\/\/www.speedtest.pl\/wiadomosci\/5g\/szwajcaria-budowa-sieci-5g\/\" \/>\n<meta property=\"og:site_name\" content=\"SpeedTest.pl Wiadomo\u015bci\" \/>\n<meta property=\"article:publisher\" content=\"https:\/\/www.facebook.com\/speedtestpl\/\" \/>\n<meta property=\"article:published_time\" content=\"2020-02-19T18:52:42+00:00\" \/>\n<meta property=\"og:image\" content=\"https:\/\/www.speedtest.pl\/wiadomosci\/wp-content\/uploads\/2020\/02\/Szwajcaria-5G.jpg\" \/>\n\t<meta property=\"og:image:width\" content=\"1024\" \/>\n\t<meta property=\"og:image:height\" content=\"576\" \/>\n\t<meta property=\"og:image:type\" content=\"image\/jpeg\" \/>\n<meta name=\"author\" content=\"PJ\" \/>\n<meta name=\"twitter:card\" content=\"summary_large_image\" \/>\n<meta name=\"twitter:creator\" content=\"@speedtestpl\" \/>\n<meta name=\"twitter:site\" content=\"@speedtestpl\" \/>\n<meta name=\"twitter:label1\" content=\"Napisane przez\" \/>\n\t<meta name=\"twitter:data1\" content=\"PJ\" \/>\n\t<meta name=\"twitter:label2\" content=\"Szacowany czas czytania\" \/>\n\t<meta name=\"twitter:data2\" content=\"2 minuty\" \/>\n<script type=\"application\/ld+json\" class=\"yoast-schema-graph\">{\"@context\":\"https:\/\/schema.org\",\"@graph\":[{\"@type\":\"WebPage\",\"@id\":\"https:\/\/www.speedtest.pl\/wiadomosci\/5g\/szwajcaria-budowa-sieci-5g\/\",\"url\":\"https:\/\/www.speedtest.pl\/wiadomosci\/5g\/szwajcaria-budowa-sieci-5g\/\",\"name\":\"Nie, Szwajcaria NIE wstrzyma\u0142a budowy sieci 5G - SpeedTest.pl\",\"isPartOf\":{\"@id\":\"https:\/\/www.speedtest.pl\/wiadomosci\/#website\"},\"primaryImageOfPage\":{\"@id\":\"https:\/\/www.speedtest.pl\/wiadomosci\/5g\/szwajcaria-budowa-sieci-5g\/#primaryimage\"},\"image\":{\"@id\":\"https:\/\/www.speedtest.pl\/wiadomosci\/5g\/szwajcaria-budowa-sieci-5g\/#primaryimage\"},\"thumbnailUrl\":\"https:\/\/www.speedtest.pl\/wiadomosci\/wp-content\/uploads\/2020\/02\/Szwajcaria-5G.jpg\",\"datePublished\":\"2020-02-19T18:52:42+00:00\",\"author\":{\"@id\":\"https:\/\/www.speedtest.pl\/wiadomosci\/#\/schema\/person\/1e51a1178096c8851f7d3ab0575726e4\"},\"breadcrumb\":{\"@id\":\"https:\/\/www.speedtest.pl\/wiadomosci\/5g\/szwajcaria-budowa-sieci-5g\/#breadcrumb\"},\"inLanguage\":\"pl-PL\",\"potentialAction\":[{\"@type\":\"ReadAction\",\"target\":[\"https:\/\/www.speedtest.pl\/wiadomosci\/5g\/szwajcaria-budowa-sieci-5g\/\"]}]},{\"@type\":\"ImageObject\",\"inLanguage\":\"pl-PL\",\"@id\":\"https:\/\/www.speedtest.pl\/wiadomosci\/5g\/szwajcaria-budowa-sieci-5g\/#primaryimage\",\"url\":\"https:\/\/www.speedtest.pl\/wiadomosci\/wp-content\/uploads\/2020\/02\/Szwajcaria-5G.jpg\",\"contentUrl\":\"https:\/\/www.speedtest.pl\/wiadomosci\/wp-content\/uploads\/2020\/02\/Szwajcaria-5G.jpg\",\"width\":1024,\"height\":576,\"caption\":\"Szwajcaria 5G\"},{\"@type\":\"BreadcrumbList\",\"@id\":\"https:\/\/www.speedtest.pl\/wiadomosci\/5g\/szwajcaria-budowa-sieci-5g\/#breadcrumb\",\"itemListElement\":[{\"@type\":\"ListItem\",\"position\":1,\"name\":\"Strona g\u0142\u00f3wna\",\"item\":\"https:\/\/www.speedtest.pl\/wiadomosci\/\"},{\"@type\":\"ListItem\",\"position\":2,\"name\":\"Nie, Szwajcaria NIE wstrzyma\u0142a budowy sieci 5G\"}]},{\"@type\":\"WebSite\",\"@id\":\"https:\/\/www.speedtest.pl\/wiadomosci\/#website\",\"url\":\"https:\/\/www.speedtest.pl\/wiadomosci\/\",\"name\":\"SpeedTest.pl Wiadomo\u015bci\",\"description\":\"Rankingi ISP, newsy i opinie ze \u015bwiata IT, recenzje sprz\u0119tu, gry, motoryzacja\",\"potentialAction\":[{\"@type\":\"SearchAction\",\"target\":{\"@type\":\"EntryPoint\",\"urlTemplate\":\"https:\/\/www.speedtest.pl\/wiadomosci\/?s={search_term_string}\"},\"query-input\":{\"@type\":\"PropertyValueSpecification\",\"valueRequired\":true,\"valueName\":\"search_term_string\"}}],\"inLanguage\":\"pl-PL\"},{\"@type\":\"Person\",\"@id\":\"https:\/\/www.speedtest.pl\/wiadomosci\/#\/schema\/person\/1e51a1178096c8851f7d3ab0575726e4\",\"name\":\"PJ\",\"image\":{\"@type\":\"ImageObject\",\"inLanguage\":\"pl-PL\",\"@id\":\"https:\/\/www.speedtest.pl\/wiadomosci\/#\/schema\/person\/image\/\",\"url\":\"https:\/\/www.speedtest.pl\/wiadomosci\/wp-content\/uploads\/2018\/01\/AAEAAQAAAAAAAAk2AAAAJDNhNWRlODdhLWY3MjYtNGFjNC04MzY1LTI1Zjc4NmI4YmE0OQ-150x150.jpg\",\"contentUrl\":\"https:\/\/www.speedtest.pl\/wiadomosci\/wp-content\/uploads\/2018\/01\/AAEAAQAAAAAAAAk2AAAAJDNhNWRlODdhLWY3MjYtNGFjNC04MzY1LTI1Zjc4NmI4YmE0OQ-150x150.jpg\",\"caption\":\"PJ\"},\"description\":\"Przemek jest m\u00f3zgiem operacyjnym SpeedTest.pl. Studiowa\u0142 na Politechnice Wroc\u0142awskiej elektronik\u0119 i telekomunikacj\u0119. Zarz\u0105dza projektami IT, relacjami z klientami oraz nadzoruje procesy rozwoju. Prywatnie zaanga\u017cowany w rodzin\u0119, wsparcie r\u00f3\u017cnych dzia\u0142alno\u015bci charytatywnych i projekty ekstremalne.\",\"url\":\"https:\/\/www.speedtest.pl\/wiadomosci\/author\/przemek\/\"}]}<\/script>\n<!-- \/ Yoast SEO plugin. -->","yoast_head_json":{"title":"Nie, Szwajcaria NIE wstrzyma\u0142a budowy sieci 5G - SpeedTest.pl","robots":{"index":"index","follow":"follow","max-snippet":"max-snippet:-1","max-image-preview":"max-image-preview:large","max-video-preview":"max-video-preview:-1"},"canonical":"https:\/\/www.speedtest.pl\/wiadomosci\/5g\/szwajcaria-budowa-sieci-5g\/","og_locale":"pl_PL","og_type":"article","og_title":"Nie, Szwajcaria NIE wstrzyma\u0142a budowy sieci 5G - SpeedTest.pl","og_description":"Kilka dni temu ca\u0142\u0105 sie\u0107 obieg\u0142a informacja, \u017ce Szwajcaria zdecydowa\u0142a si\u0119 na wstrzymanie budowy sieci 5G. Domniemany ban na nowe nadajniki mia\u0142 pochodzi\u0107 od szwajcarskiej federalnej agencji ochrony \u015brodowiska. Informacja ta pochodzi z brytyjskiego Financial Times, kt\u00f3rego dziennikarze nadinterpretowali list wys\u0142any przez szwajcarskich urz\u0119dnik\u00f3w. Szwajcaria uchodzi za pierwszy kraj w Europie, w kt\u00f3rym uruchomiono komercyjne [&hellip;]","og_url":"https:\/\/www.speedtest.pl\/wiadomosci\/5g\/szwajcaria-budowa-sieci-5g\/","og_site_name":"SpeedTest.pl Wiadomo\u015bci","article_publisher":"https:\/\/www.facebook.com\/speedtestpl\/","article_published_time":"2020-02-19T18:52:42+00:00","og_image":[{"width":1024,"height":576,"url":"https:\/\/www.speedtest.pl\/wiadomosci\/wp-content\/uploads\/2020\/02\/Szwajcaria-5G.jpg","type":"image\/jpeg"}],"author":"PJ","twitter_card":"summary_large_image","twitter_creator":"@speedtestpl","twitter_site":"@speedtestpl","twitter_misc":{"Napisane przez":"PJ","Szacowany czas czytania":"2 minuty"},"schema":{"@context":"https:\/\/schema.org","@graph":[{"@type":"WebPage","@id":"https:\/\/www.speedtest.pl\/wiadomosci\/5g\/szwajcaria-budowa-sieci-5g\/","url":"https:\/\/www.speedtest.pl\/wiadomosci\/5g\/szwajcaria-budowa-sieci-5g\/","name":"Nie, Szwajcaria NIE wstrzyma\u0142a budowy sieci 5G - SpeedTest.pl","isPartOf":{"@id":"https:\/\/www.speedtest.pl\/wiadomosci\/#website"},"primaryImageOfPage":{"@id":"https:\/\/www.speedtest.pl\/wiadomosci\/5g\/szwajcaria-budowa-sieci-5g\/#primaryimage"},"image":{"@id":"https:\/\/www.speedtest.pl\/wiadomosci\/5g\/szwajcaria-budowa-sieci-5g\/#primaryimage"},"thumbnailUrl":"https:\/\/www.speedtest.pl\/wiadomosci\/wp-content\/uploads\/2020\/02\/Szwajcaria-5G.jpg","datePublished":"2020-02-19T18:52:42+00:00","author":{"@id":"https:\/\/www.speedtest.pl\/wiadomosci\/#\/schema\/person\/1e51a1178096c8851f7d3ab0575726e4"},"breadcrumb":{"@id":"https:\/\/www.speedtest.pl\/wiadomosci\/5g\/szwajcaria-budowa-sieci-5g\/#breadcrumb"},"inLanguage":"pl-PL","potentialAction":[{"@type":"ReadAction","target":["https:\/\/www.speedtest.pl\/wiadomosci\/5g\/szwajcaria-budowa-sieci-5g\/"]}]},{"@type":"ImageObject","inLanguage":"pl-PL","@id":"https:\/\/www.speedtest.pl\/wiadomosci\/5g\/szwajcaria-budowa-sieci-5g\/#primaryimage","url":"https:\/\/www.speedtest.pl\/wiadomosci\/wp-content\/uploads\/2020\/02\/Szwajcaria-5G.jpg","contentUrl":"https:\/\/www.speedtest.pl\/wiadomosci\/wp-content\/uploads\/2020\/02\/Szwajcaria-5G.jpg","width":1024,"height":576,"caption":"Szwajcaria 5G"},{"@type":"BreadcrumbList","@id":"https:\/\/www.speedtest.pl\/wiadomosci\/5g\/szwajcaria-budowa-sieci-5g\/#breadcrumb","itemListElement":[{"@type":"ListItem","position":1,"name":"Strona g\u0142\u00f3wna","item":"https:\/\/www.speedtest.pl\/wiadomosci\/"},{"@type":"ListItem","position":2,"name":"Nie, Szwajcaria NIE wstrzyma\u0142a budowy sieci 5G"}]},{"@type":"WebSite","@id":"https:\/\/www.speedtest.pl\/wiadomosci\/#website","url":"https:\/\/www.speedtest.pl\/wiadomosci\/","name":"SpeedTest.pl Wiadomo\u015bci","description":"Rankingi ISP, newsy i opinie ze \u015bwiata IT, recenzje sprz\u0119tu, gry, motoryzacja","potentialAction":[{"@type":"SearchAction","target":{"@type":"EntryPoint","urlTemplate":"https:\/\/www.speedtest.pl\/wiadomosci\/?s={search_term_string}"},"query-input":{"@type":"PropertyValueSpecification","valueRequired":true,"valueName":"search_term_string"}}],"inLanguage":"pl-PL"},{"@type":"Person","@id":"https:\/\/www.speedtest.pl\/wiadomosci\/#\/schema\/person\/1e51a1178096c8851f7d3ab0575726e4","name":"PJ","image":{"@type":"ImageObject","inLanguage":"pl-PL","@id":"https:\/\/www.speedtest.pl\/wiadomosci\/#\/schema\/person\/image\/","url":"https:\/\/www.speedtest.pl\/wiadomosci\/wp-content\/uploads\/2018\/01\/AAEAAQAAAAAAAAk2AAAAJDNhNWRlODdhLWY3MjYtNGFjNC04MzY1LTI1Zjc4NmI4YmE0OQ-150x150.jpg","contentUrl":"https:\/\/www.speedtest.pl\/wiadomosci\/wp-content\/uploads\/2018\/01\/AAEAAQAAAAAAAAk2AAAAJDNhNWRlODdhLWY3MjYtNGFjNC04MzY1LTI1Zjc4NmI4YmE0OQ-150x150.jpg","caption":"PJ"},"description":"Przemek jest m\u00f3zgiem operacyjnym SpeedTest.pl. Studiowa\u0142 na Politechnice Wroc\u0142awskiej elektronik\u0119 i telekomunikacj\u0119. Zarz\u0105dza projektami IT, relacjami z klientami oraz nadzoruje procesy rozwoju. Prywatnie zaanga\u017cowany w rodzin\u0119, wsparcie r\u00f3\u017cnych dzia\u0142alno\u015bci charytatywnych i projekty ekstremalne.","url":"https:\/\/www.speedtest.pl\/wiadomosci\/author\/przemek\/"}]}},"jetpack_featured_media_url":"https:\/\/www.speedtest.pl\/wiadomosci\/wp-content\/uploads\/2020\/02\/Szwajcaria-5G.jpg","jetpack_sharing_enabled":true,"jetpack_shortlink":"https:\/\/wp.me\/p85ce0-71w","_links":{"self":[{"href":"https:\/\/www.speedtest.pl\/wiadomosci\/wp-json\/wp\/v2\/posts\/27002","targetHints":{"allow":["GET"]}}],"collection":[{"href":"https:\/\/www.speedtest.pl\/wiadomosci\/wp-json\/wp\/v2\/posts"}],"about":[{"href":"https:\/\/www.speedtest.pl\/wiadomosci\/wp-json\/wp\/v2\/types\/post"}],"author":[{"embeddable":true,"href":"https:\/\/www.speedtest.pl\/wiadomosci\/wp-json\/wp\/v2\/users\/12"}],"replies":[{"embeddable":true,"href":"https:\/\/www.speedtest.pl\/wiadomosci\/wp-json\/wp\/v2\/comments?post=27002"}],"version-history":[{"count":2,"href":"https:\/\/www.speedtest.pl\/wiadomosci\/wp-json\/wp\/v2\/posts\/27002\/revisions"}],"predecessor-version":[{"id":27011,"href":"https:\/\/www.speedtest.pl\/wiadomosci\/wp-json\/wp\/v2\/posts\/27002\/revisions\/27011"}],"wp:featuredmedia":[{"embeddable":true,"href":"https:\/\/www.speedtest.pl\/wiadomosci\/wp-json\/wp\/v2\/media\/27010"}],"wp:attachment":[{"href":"https:\/\/www.speedtest.pl\/wiadomosci\/wp-json\/wp\/v2\/media?parent=27002"}],"wp:term":[{"taxonomy":"category","embeddable":true,"href":"https:\/\/www.speedtest.pl\/wiadomosci\/wp-json\/wp\/v2\/categories?post=27002"},{"taxonomy":"post_tag","embeddable":true,"href":"https:\/\/www.speedtest.pl\/wiadomosci\/wp-json\/wp\/v2\/tags?post=27002"},{"taxonomy":"table_tags","embeddable":true,"href":"https:\/\/www.speedtest.pl\/wiadomosci\/wp-json\/wp\/v2\/table_tags?post=27002"}],"curies":[{"name":"wp","href":"https:\/\/api.w.org\/{rel}","templated":true}]}}