{"id":26964,"date":"2020-02-13T10:53:57","date_gmt":"2020-02-13T09:53:57","guid":{"rendered":"https:\/\/www.speedtest.pl\/wiadomosci\/?p=26964"},"modified":"2020-02-13T10:53:57","modified_gmt":"2020-02-13T09:53:57","slug":"gsma-targi-mwc-2020-odwolane","status":"publish","type":"post","link":"https:\/\/www.speedtest.pl\/wiadomosci\/news\/gsma-targi-mwc-2020-odwolane\/","title":{"rendered":"GSMA odwo\u0142uje MWC 2020, czyli najwi\u0119ksze targi telekomunikacyjne"},"content":{"rendered":"\n<p><strong>Potencjalne zagro\u017cenie zara\u017ceniem koronawirusem (2019-nCoV) sprawi\u0142o, \u017ce do\u015b\u0107 spora grupa firm zdecydowa\u0142a, \u017ce nie wy\u015ble swoich pracownik\u00f3w do Barcelony na targi MWC 2020. Skala problemu jest na tyle du\u017ca, \u017ce organizator imprezy (organizacja GSMA) zdecydowa\u0142  si\u0119 j\u0105 odwo\u0142a\u0107. Szkoda, ale to musia\u0142o si\u0119 sta\u0107.<\/strong><\/p>\n\n\n\n<p>Pierwsze targi MWC (<em>Mobile World Congress<\/em>) odby\u0142y si\u0119 w Barcelonie po raz pierwszy w 2006 roku. Kilka lat p\u00f3\u017aniej sta\u0142y si\u0119 one najwi\u0119ksz\u0105 imprez\u0105 rynku telekomunikacyjnego. Dla przeci\u0119tnego Kowalskiego i fana nowych technologii targi MWC s\u0105 miejscem, gdzie producenci prezentuj\u0105 swoje nowe flagowce. Jednak to nie wszystko. Wed\u0142ug mnie jeszcze wa\u017cniejsze jest to, \u017ce do Barcelony zje\u017cd\u017caj\u0105 si\u0119 r\u00f3wnie\u017c przedstawiciele producent\u00f3w sprz\u0119tu telekomunikacyjnego, operator\u00f3w, firm produkuj\u0105cych sprz\u0119t testerski oraz pa\u0144stwowych regulator\u00f3w. Jest to r\u00f3wnie\u017c impreza, na kt\u00f3rej najwi\u0119ksi gracze rynku telekomunikacyjnego dziel\u0105 si\u0119 tym, nad czym pracuj\u0105. Dla operator\u00f3w i pracownik\u00f3w agencji rz\u0105dowych jest to niespotykana okazja do zapoznania si\u0119 z nowinkami przygotowywanymi przez wszystkich licz\u0105cych si\u0119 dostawc\u00f3w. Jednak zdrowie jest najwa\u017cniejsze.<\/p>\n\n\n\n<h2 class=\"wp-block-heading\">Koronawirus sprawi\u0142, \u017ce tegorocznych targ\u00f3w MWC nie b\u0119dzie<\/h2>\n\n\n\n<p>Z tego, co pami\u0119tam, to pierwsz\u0105 firm\u0105, kt\u00f3ra wycofa\u0142a si\u0119 przez koronawirusa z tegorocznych targ\u00f3w MWC by\u0142o LG. Zaraz po tym ZTE zdecydowa\u0142o si\u0119 na odwo\u0142anie wszystkich swoich spotka\u0144 z dziennikarzami i operatorami. Jednak Chi\u0144czycy podtrzymywali ch\u0119\u0107 pozostawienia na targach swojego stoiska. Inne chi\u0144skie firmy, takie jak Huawei, Xiaomi i Oppo do samego ko\u0144ca podtrzymywa\u0142y sw\u00f3j udzia\u0142 w targach. Jednak inni giganci rynku telekomunikacyjnego mieli odmienne zdanie. Jeszcze przed og\u0142oszeniem decyzji podj\u0119tej przez GSMA, dwaj najwi\u0119ksi europejscy producenci sprz\u0119tu 5G, tj. Ericsson i Nokia, stwierdzili, \u017ce nie b\u0119d\u0105 nara\u017ca\u0107 zdrowia swoich pracownik\u00f3w. Poni\u017cej mo\u017cecie znale\u017a\u0107 pe\u0142n\u0105 list\u0119 firm i organizacji, kt\u00f3re og\u0142osi\u0142y rezygnacj\u0119 z udzia\u0142u w targach MWC:<\/p>\n\n\n\n<ul class=\"wp-block-list\"><li>A10 Networks<\/li><li>Accedian<\/li><li>Adtran<\/li><li>Amazon<\/li><li>Amdocs<\/li><li>AppsFlyer<\/li><li>ARCEP<\/li><li>AT&amp;T<\/li><li>BT<\/li><li>Ciena<\/li><li>Cisco<\/li><li>CommScope<\/li><li>Dali Wireless<\/li><li>Deutsche Telekom<\/li><li>Ericsson<\/li><li>F5 Networks<\/li><li>Facebook<\/li><li>Gigaset<\/li><li>HMD<\/li><li>HPE<\/li><li>iconectiv<\/li><li>Intel<\/li><li>InterDigital<\/li><li>Interop Technologies<\/li><li>KMW Communications<\/li><li>LG<\/li><li>McAfee<\/li><li>MediaTek<\/li><li>Micron Technology<\/li><li>Nokia<\/li><li>NTT Docomo<\/li><li>Nvidia<\/li><li>Radwin<\/li><li>Rakuten Mobile<\/li><li>Royole Corporation<\/li><li>Sony<\/li><li>Spirent<\/li><li>Sprint<\/li><li>STMicroelectronics<\/li><li>Ulefone<\/li><li>Umidigi<\/li><li>Viber<\/li><li>Viavi<\/li><li>Vivo<\/li><li>Vodafone<\/li><li>World Wide Technology<\/li><\/ul>\n\n\n\n<p>W niemal\u017ce ka\u017cdym oficjalnym komunikacie mo\u017cemy przeczyta\u0107, \u017ce decyzja o rezygnacji z udzia\u0142u w targach MWC by\u0142a trudna i zosta\u0142a podj\u0119ta z obawy o zdrowie pracownik\u00f3w.<\/p>\n\n\n\n<p>Ca\u0142kiem mo\u017cliwe, \u017ce w najbli\u017cszym czasie poszczeg\u00f3lni producenci smartfon\u00f3w zorganizuj\u0105 telekonferencje, na kt\u00f3rych zaprezentuj\u0105 swoje nowe produkty.<\/p>\n\n\n\n<p>\u0179r\u00f3d\u0142o: <a href=\"https:\/\/www.mwcbarcelona.com\/attend\/safety-security\/gsma-statement-on-mwc-2020\/\" rel=\"external nofollow\">GSMA<\/a>, <a href=\"https:\/\/techcrunch.com\/2020\/02\/11\/a-list-of-mwc-coronavirus-cancellations-so-far\/\" rel=\"external nofollow\">TechCrunch<\/a><\/p>\n","protected":false},"excerpt":{"rendered":"<p>Potencjalne zagro\u017cenie zara\u017ceniem koronawirusem (2019-nCoV) sprawi\u0142o, \u017ce do\u015b\u0107 spora grupa firm zdecydowa\u0142a, \u017ce nie wy\u015ble swoich pracownik\u00f3w do Barcelony na targi MWC 2020. Skala problemu jest na tyle du\u017ca, \u017ce organizator imprezy (organizacja GSMA) zdecydowa\u0142 si\u0119 j\u0105 odwo\u0142a\u0107. Szkoda, ale to musia\u0142o si\u0119 sta\u0107. Pierwsze targi MWC (Mobile World Congress) odby\u0142y si\u0119 w Barcelonie po [&hellip;]<\/p>\n","protected":false},"author":13,"featured_media":26965,"comment_status":"closed","ping_status":"open","sticky":false,"template":"","format":"standard","meta":{"jetpack_post_was_ever_published":false,"_jetpack_newsletter_access":"","_jetpack_dont_email_post_to_subs":false,"_jetpack_newsletter_tier_id":0,"_jetpack_memberships_contains_paywalled_content":false,"_jetpack_memberships_contains_paid_content":false,"footnotes":"","jetpack_publicize_message":"","jetpack_publicize_feature_enabled":true,"jetpack_social_post_already_shared":true,"jetpack_social_options":{"image_generator_settings":{"template":"highway","enabled":false},"version":2}},"categories":[6],"tags":[5621,5623,5619,4739,5620,5618,5622,2860],"table_tags":[],"class_list":["post-26964","post","type-post","status-publish","format-standard","has-post-thumbnail","hentry","category-news","tag-2019-ncov","tag-anulowanie","tag-barcelona","tag-gsma","tag-koronawirus","tag-mwc-2020","tag-odwolanie","tag-targi"],"jetpack_publicize_connections":[],"yoast_head":"<!-- This site is optimized with the Yoast SEO plugin v24.8.1 - https:\/\/yoast.com\/wordpress\/plugins\/seo\/ -->\n<title>GSMA odwo\u0142uje MWC 2020, czyli najwi\u0119ksze targi telekomunikacyjne - SpeedTest.pl Wiadomo\u015bci<\/title>\n<meta name=\"robots\" content=\"index, follow, max-snippet:-1, max-image-preview:large, max-video-preview:-1\" \/>\n<link rel=\"canonical\" href=\"https:\/\/www.speedtest.pl\/wiadomosci\/news\/gsma-targi-mwc-2020-odwolane\/\" \/>\n<meta property=\"og:locale\" content=\"pl_PL\" \/>\n<meta property=\"og:type\" content=\"article\" \/>\n<meta property=\"og:title\" content=\"GSMA odwo\u0142uje MWC 2020, czyli najwi\u0119ksze targi telekomunikacyjne - SpeedTest.pl Wiadomo\u015bci\" \/>\n<meta property=\"og:description\" content=\"Potencjalne zagro\u017cenie zara\u017ceniem koronawirusem (2019-nCoV) sprawi\u0142o, \u017ce do\u015b\u0107 spora grupa firm zdecydowa\u0142a, \u017ce nie wy\u015ble swoich pracownik\u00f3w do Barcelony na targi MWC 2020. Skala problemu jest na tyle du\u017ca, \u017ce organizator imprezy (organizacja GSMA) zdecydowa\u0142 si\u0119 j\u0105 odwo\u0142a\u0107. Szkoda, ale to musia\u0142o si\u0119 sta\u0107. Pierwsze targi MWC (Mobile World Congress) odby\u0142y si\u0119 w Barcelonie po [&hellip;]\" \/>\n<meta property=\"og:url\" content=\"https:\/\/www.speedtest.pl\/wiadomosci\/news\/gsma-targi-mwc-2020-odwolane\/\" \/>\n<meta property=\"og:site_name\" content=\"SpeedTest.pl Wiadomo\u015bci\" \/>\n<meta property=\"article:publisher\" content=\"https:\/\/www.facebook.com\/speedtestpl\/\" \/>\n<meta property=\"article:published_time\" content=\"2020-02-13T09:53:57+00:00\" \/>\n<meta property=\"og:image\" content=\"https:\/\/www.speedtest.pl\/wiadomosci\/wp-content\/uploads\/2020\/02\/MWC-2020.jpg\" \/>\n\t<meta property=\"og:image:width\" content=\"1024\" \/>\n\t<meta property=\"og:image:height\" content=\"576\" \/>\n\t<meta property=\"og:image:type\" content=\"image\/jpeg\" \/>\n<meta name=\"author\" content=\"BS\" \/>\n<meta name=\"twitter:card\" content=\"summary_large_image\" \/>\n<meta name=\"twitter:creator\" content=\"@speedtestpl\" \/>\n<meta name=\"twitter:site\" content=\"@speedtestpl\" \/>\n<meta name=\"twitter:label1\" content=\"Napisane przez\" \/>\n\t<meta name=\"twitter:data1\" content=\"BS\" \/>\n\t<meta name=\"twitter:label2\" content=\"Szacowany czas czytania\" \/>\n\t<meta name=\"twitter:data2\" content=\"2 minuty\" \/>\n<script type=\"application\/ld+json\" class=\"yoast-schema-graph\">{\"@context\":\"https:\/\/schema.org\",\"@graph\":[{\"@type\":\"WebPage\",\"@id\":\"https:\/\/www.speedtest.pl\/wiadomosci\/news\/gsma-targi-mwc-2020-odwolane\/\",\"url\":\"https:\/\/www.speedtest.pl\/wiadomosci\/news\/gsma-targi-mwc-2020-odwolane\/\",\"name\":\"GSMA odwo\u0142uje MWC 2020, czyli najwi\u0119ksze targi telekomunikacyjne - SpeedTest.pl Wiadomo\u015bci\",\"isPartOf\":{\"@id\":\"https:\/\/www.speedtest.pl\/wiadomosci\/#website\"},\"primaryImageOfPage\":{\"@id\":\"https:\/\/www.speedtest.pl\/wiadomosci\/news\/gsma-targi-mwc-2020-odwolane\/#primaryimage\"},\"image\":{\"@id\":\"https:\/\/www.speedtest.pl\/wiadomosci\/news\/gsma-targi-mwc-2020-odwolane\/#primaryimage\"},\"thumbnailUrl\":\"https:\/\/www.speedtest.pl\/wiadomosci\/wp-content\/uploads\/2020\/02\/MWC-2020.jpg\",\"datePublished\":\"2020-02-13T09:53:57+00:00\",\"author\":{\"@id\":\"https:\/\/www.speedtest.pl\/wiadomosci\/#\/schema\/person\/585facd68912bef34cadd731cd3edaf2\"},\"breadcrumb\":{\"@id\":\"https:\/\/www.speedtest.pl\/wiadomosci\/news\/gsma-targi-mwc-2020-odwolane\/#breadcrumb\"},\"inLanguage\":\"pl-PL\",\"potentialAction\":[{\"@type\":\"ReadAction\",\"target\":[\"https:\/\/www.speedtest.pl\/wiadomosci\/news\/gsma-targi-mwc-2020-odwolane\/\"]}]},{\"@type\":\"ImageObject\",\"inLanguage\":\"pl-PL\",\"@id\":\"https:\/\/www.speedtest.pl\/wiadomosci\/news\/gsma-targi-mwc-2020-odwolane\/#primaryimage\",\"url\":\"https:\/\/www.speedtest.pl\/wiadomosci\/wp-content\/uploads\/2020\/02\/MWC-2020.jpg\",\"contentUrl\":\"https:\/\/www.speedtest.pl\/wiadomosci\/wp-content\/uploads\/2020\/02\/MWC-2020.jpg\",\"width\":1024,\"height\":576,\"caption\":\"MWC 2020\"},{\"@type\":\"BreadcrumbList\",\"@id\":\"https:\/\/www.speedtest.pl\/wiadomosci\/news\/gsma-targi-mwc-2020-odwolane\/#breadcrumb\",\"itemListElement\":[{\"@type\":\"ListItem\",\"position\":1,\"name\":\"Strona g\u0142\u00f3wna\",\"item\":\"https:\/\/www.speedtest.pl\/wiadomosci\/\"},{\"@type\":\"ListItem\",\"position\":2,\"name\":\"GSMA odwo\u0142uje MWC 2020, czyli najwi\u0119ksze targi telekomunikacyjne\"}]},{\"@type\":\"WebSite\",\"@id\":\"https:\/\/www.speedtest.pl\/wiadomosci\/#website\",\"url\":\"https:\/\/www.speedtest.pl\/wiadomosci\/\",\"name\":\"SpeedTest.pl Wiadomo\u015bci\",\"description\":\"Rankingi ISP, newsy i opinie ze \u015bwiata IT, recenzje sprz\u0119tu, gry, motoryzacja\",\"potentialAction\":[{\"@type\":\"SearchAction\",\"target\":{\"@type\":\"EntryPoint\",\"urlTemplate\":\"https:\/\/www.speedtest.pl\/wiadomosci\/?s={search_term_string}\"},\"query-input\":{\"@type\":\"PropertyValueSpecification\",\"valueRequired\":true,\"valueName\":\"search_term_string\"}}],\"inLanguage\":\"pl-PL\"},{\"@type\":\"Person\",\"@id\":\"https:\/\/www.speedtest.pl\/wiadomosci\/#\/schema\/person\/585facd68912bef34cadd731cd3edaf2\",\"name\":\"BS\",\"image\":{\"@type\":\"ImageObject\",\"inLanguage\":\"pl-PL\",\"@id\":\"https:\/\/www.speedtest.pl\/wiadomosci\/#\/schema\/person\/image\/\",\"url\":\"https:\/\/www.speedtest.pl\/wiadomosci\/wp-content\/uploads\/2018\/01\/bek.png\",\"contentUrl\":\"https:\/\/www.speedtest.pl\/wiadomosci\/wp-content\/uploads\/2018\/01\/bek.png\",\"caption\":\"BS\"},\"description\":\"Bernard to redaktor naczelny SpeedTest.pl. Jest analitykiem i pasjonatem gier. Studiowa\u0142 na Politechnice Wroc\u0142awskiej informatyk\u0119 i zarz\u0105dzanie. Lubi szybkie samochody, podr\u00f3\u017ce do egzotycznych kraj\u00f3w oraz dobre ksi\u0105\u017cki z kategorii fantastyka.\",\"url\":\"https:\/\/www.speedtest.pl\/wiadomosci\/author\/bernard\/\"}]}<\/script>\n<!-- \/ Yoast SEO plugin. -->","yoast_head_json":{"title":"GSMA odwo\u0142uje MWC 2020, czyli najwi\u0119ksze targi telekomunikacyjne - SpeedTest.pl Wiadomo\u015bci","robots":{"index":"index","follow":"follow","max-snippet":"max-snippet:-1","max-image-preview":"max-image-preview:large","max-video-preview":"max-video-preview:-1"},"canonical":"https:\/\/www.speedtest.pl\/wiadomosci\/news\/gsma-targi-mwc-2020-odwolane\/","og_locale":"pl_PL","og_type":"article","og_title":"GSMA odwo\u0142uje MWC 2020, czyli najwi\u0119ksze targi telekomunikacyjne - SpeedTest.pl Wiadomo\u015bci","og_description":"Potencjalne zagro\u017cenie zara\u017ceniem koronawirusem (2019-nCoV) sprawi\u0142o, \u017ce do\u015b\u0107 spora grupa firm zdecydowa\u0142a, \u017ce nie wy\u015ble swoich pracownik\u00f3w do Barcelony na targi MWC 2020. Skala problemu jest na tyle du\u017ca, \u017ce organizator imprezy (organizacja GSMA) zdecydowa\u0142 si\u0119 j\u0105 odwo\u0142a\u0107. Szkoda, ale to musia\u0142o si\u0119 sta\u0107. Pierwsze targi MWC (Mobile World Congress) odby\u0142y si\u0119 w Barcelonie po [&hellip;]","og_url":"https:\/\/www.speedtest.pl\/wiadomosci\/news\/gsma-targi-mwc-2020-odwolane\/","og_site_name":"SpeedTest.pl Wiadomo\u015bci","article_publisher":"https:\/\/www.facebook.com\/speedtestpl\/","article_published_time":"2020-02-13T09:53:57+00:00","og_image":[{"width":1024,"height":576,"url":"https:\/\/www.speedtest.pl\/wiadomosci\/wp-content\/uploads\/2020\/02\/MWC-2020.jpg","type":"image\/jpeg"}],"author":"BS","twitter_card":"summary_large_image","twitter_creator":"@speedtestpl","twitter_site":"@speedtestpl","twitter_misc":{"Napisane przez":"BS","Szacowany czas czytania":"2 minuty"},"schema":{"@context":"https:\/\/schema.org","@graph":[{"@type":"WebPage","@id":"https:\/\/www.speedtest.pl\/wiadomosci\/news\/gsma-targi-mwc-2020-odwolane\/","url":"https:\/\/www.speedtest.pl\/wiadomosci\/news\/gsma-targi-mwc-2020-odwolane\/","name":"GSMA odwo\u0142uje MWC 2020, czyli najwi\u0119ksze targi telekomunikacyjne - SpeedTest.pl Wiadomo\u015bci","isPartOf":{"@id":"https:\/\/www.speedtest.pl\/wiadomosci\/#website"},"primaryImageOfPage":{"@id":"https:\/\/www.speedtest.pl\/wiadomosci\/news\/gsma-targi-mwc-2020-odwolane\/#primaryimage"},"image":{"@id":"https:\/\/www.speedtest.pl\/wiadomosci\/news\/gsma-targi-mwc-2020-odwolane\/#primaryimage"},"thumbnailUrl":"https:\/\/www.speedtest.pl\/wiadomosci\/wp-content\/uploads\/2020\/02\/MWC-2020.jpg","datePublished":"2020-02-13T09:53:57+00:00","author":{"@id":"https:\/\/www.speedtest.pl\/wiadomosci\/#\/schema\/person\/585facd68912bef34cadd731cd3edaf2"},"breadcrumb":{"@id":"https:\/\/www.speedtest.pl\/wiadomosci\/news\/gsma-targi-mwc-2020-odwolane\/#breadcrumb"},"inLanguage":"pl-PL","potentialAction":[{"@type":"ReadAction","target":["https:\/\/www.speedtest.pl\/wiadomosci\/news\/gsma-targi-mwc-2020-odwolane\/"]}]},{"@type":"ImageObject","inLanguage":"pl-PL","@id":"https:\/\/www.speedtest.pl\/wiadomosci\/news\/gsma-targi-mwc-2020-odwolane\/#primaryimage","url":"https:\/\/www.speedtest.pl\/wiadomosci\/wp-content\/uploads\/2020\/02\/MWC-2020.jpg","contentUrl":"https:\/\/www.speedtest.pl\/wiadomosci\/wp-content\/uploads\/2020\/02\/MWC-2020.jpg","width":1024,"height":576,"caption":"MWC 2020"},{"@type":"BreadcrumbList","@id":"https:\/\/www.speedtest.pl\/wiadomosci\/news\/gsma-targi-mwc-2020-odwolane\/#breadcrumb","itemListElement":[{"@type":"ListItem","position":1,"name":"Strona g\u0142\u00f3wna","item":"https:\/\/www.speedtest.pl\/wiadomosci\/"},{"@type":"ListItem","position":2,"name":"GSMA odwo\u0142uje MWC 2020, czyli najwi\u0119ksze targi telekomunikacyjne"}]},{"@type":"WebSite","@id":"https:\/\/www.speedtest.pl\/wiadomosci\/#website","url":"https:\/\/www.speedtest.pl\/wiadomosci\/","name":"SpeedTest.pl Wiadomo\u015bci","description":"Rankingi ISP, newsy i opinie ze \u015bwiata IT, recenzje sprz\u0119tu, gry, motoryzacja","potentialAction":[{"@type":"SearchAction","target":{"@type":"EntryPoint","urlTemplate":"https:\/\/www.speedtest.pl\/wiadomosci\/?s={search_term_string}"},"query-input":{"@type":"PropertyValueSpecification","valueRequired":true,"valueName":"search_term_string"}}],"inLanguage":"pl-PL"},{"@type":"Person","@id":"https:\/\/www.speedtest.pl\/wiadomosci\/#\/schema\/person\/585facd68912bef34cadd731cd3edaf2","name":"BS","image":{"@type":"ImageObject","inLanguage":"pl-PL","@id":"https:\/\/www.speedtest.pl\/wiadomosci\/#\/schema\/person\/image\/","url":"https:\/\/www.speedtest.pl\/wiadomosci\/wp-content\/uploads\/2018\/01\/bek.png","contentUrl":"https:\/\/www.speedtest.pl\/wiadomosci\/wp-content\/uploads\/2018\/01\/bek.png","caption":"BS"},"description":"Bernard to redaktor naczelny SpeedTest.pl. Jest analitykiem i pasjonatem gier. Studiowa\u0142 na Politechnice Wroc\u0142awskiej informatyk\u0119 i zarz\u0105dzanie. Lubi szybkie samochody, podr\u00f3\u017ce do egzotycznych kraj\u00f3w oraz dobre ksi\u0105\u017cki z kategorii fantastyka.","url":"https:\/\/www.speedtest.pl\/wiadomosci\/author\/bernard\/"}]}},"jetpack_featured_media_url":"https:\/\/www.speedtest.pl\/wiadomosci\/wp-content\/uploads\/2020\/02\/MWC-2020.jpg","jetpack_sharing_enabled":true,"jetpack_shortlink":"https:\/\/wp.me\/p85ce0-70U","_links":{"self":[{"href":"https:\/\/www.speedtest.pl\/wiadomosci\/wp-json\/wp\/v2\/posts\/26964","targetHints":{"allow":["GET"]}}],"collection":[{"href":"https:\/\/www.speedtest.pl\/wiadomosci\/wp-json\/wp\/v2\/posts"}],"about":[{"href":"https:\/\/www.speedtest.pl\/wiadomosci\/wp-json\/wp\/v2\/types\/post"}],"author":[{"embeddable":true,"href":"https:\/\/www.speedtest.pl\/wiadomosci\/wp-json\/wp\/v2\/users\/13"}],"replies":[{"embeddable":true,"href":"https:\/\/www.speedtest.pl\/wiadomosci\/wp-json\/wp\/v2\/comments?post=26964"}],"version-history":[{"count":1,"href":"https:\/\/www.speedtest.pl\/wiadomosci\/wp-json\/wp\/v2\/posts\/26964\/revisions"}],"predecessor-version":[{"id":26966,"href":"https:\/\/www.speedtest.pl\/wiadomosci\/wp-json\/wp\/v2\/posts\/26964\/revisions\/26966"}],"wp:featuredmedia":[{"embeddable":true,"href":"https:\/\/www.speedtest.pl\/wiadomosci\/wp-json\/wp\/v2\/media\/26965"}],"wp:attachment":[{"href":"https:\/\/www.speedtest.pl\/wiadomosci\/wp-json\/wp\/v2\/media?parent=26964"}],"wp:term":[{"taxonomy":"category","embeddable":true,"href":"https:\/\/www.speedtest.pl\/wiadomosci\/wp-json\/wp\/v2\/categories?post=26964"},{"taxonomy":"post_tag","embeddable":true,"href":"https:\/\/www.speedtest.pl\/wiadomosci\/wp-json\/wp\/v2\/tags?post=26964"},{"taxonomy":"table_tags","embeddable":true,"href":"https:\/\/www.speedtest.pl\/wiadomosci\/wp-json\/wp\/v2\/table_tags?post=26964"}],"curies":[{"name":"wp","href":"https:\/\/api.w.org\/{rel}","templated":true}]}}