{"id":26869,"date":"2020-02-01T15:27:42","date_gmt":"2020-02-01T14:27:42","guid":{"rendered":"https:\/\/www.speedtest.pl\/wiadomosci\/?p=26869"},"modified":"2020-02-01T15:27:43","modified_gmt":"2020-02-01T14:27:43","slug":"vectra-przejmuje-multimedia-polska","status":"publish","type":"post","link":"https:\/\/www.speedtest.pl\/wiadomosci\/news\/vectra-przejmuje-multimedia-polska\/","title":{"rendered":"Klamka zapad\u0142a, Vectra przejmuje 100% udzia\u0142\u00f3w w Multimedia Polska"},"content":{"rendered":"\n<p><strong>Sp\u00f3\u0142ka Vectra S.A. poinformowa\u0142a o przej\u0119cia Multimedia Polska. W ten spos\u00f3b zasi\u0119g sieci kablowej Vectra powi\u0119kszy si\u0119 do 4,4 mln gospodarstw domowych, a baza abonent\u00f3w wzro\u015bnie do 1,7 mln. Finalna decyzja o przej\u0119ciu zapad\u0142a dwa tygodnie po opublikowaniu warunkowej zgody UOKiK. Dla niekt\u00f3rych klient\u00f3w oznacza to pewne zmiany.<\/strong><\/p>\n\n\n\n<p>Sprawa sprzeda\u017cy Multimedia Polska ci\u0105gn\u0119\u0142a si\u0119 latami. Wcze\u015bniej zakupem zainteresowany by\u0142 w\u0142a\u015bciciel UPC Polska, czyli Liberty Global. W\u00f3wczas Multimedia zosta\u0142y wycenione na 760 mln dolar\u00f3w. Jednak do przej\u0119cia nie dosz\u0142o. Z kolei uzgodnienie warunk\u00f3w przej\u0119cia przez Vectr\u0119 <a href=\"https:\/\/www.speedtest.pl\/wiadomosci\/news\/vectra-multimedie-przejecie-uokik\/\">zaj\u0119\u0142o Urz\u0119dowi Ochrony Konkurencji i Konsument\u00f3w blisko 1,5 roku<\/a>. Najwi\u0119kszy problem sprowadza\u0142 si\u0119 do tego, \u017ce bezwarunkowe przej\u0119cie Multimedia Polska przez Vectr\u0119 mog\u0142oby ograniczy\u0107 konkurencyjno\u015b\u0107 na 21 lokalnych rynkach p\u0142atnej telewizji oraz 29 lokalnych rynkach szerokopasmowego dost\u0119pu do internetu. <\/p>\n\n\n\n<h2 class=\"wp-block-heading\">Vectra przejmuje Multimedia Polska &#8211; co to oznacza?<\/h2>\n\n\n\n<p>UOKiK zidentyfikowa\u0142 8 miast, w kt\u00f3rych Vectra b\u0119dzie musia\u0142a sprzeda\u0107 swoj\u0105 lub przej\u0119t\u0105 sie\u0107. S\u0105 to: Gorz\u00f3w Wielkopolski, Kwidzyn, \u0141owicz, Olsztyn, Ostr\u00f3da, Pog\u00f3rze, Pruszcz Gda\u0144ski i Stargard. Z kolei w 13 innych miejscowo\u015bciach nast\u0105pi tzw. uwolnienie abonent\u00f3w. Oznacza to, \u017ce klienci Vectry i zale\u017cnych sp\u00f3\u0142ek (w tym Multimedia Polska) b\u0119d\u0105 mogli wypowiedzie\u0107 umow\u0119 bez \u017cadnych konsekwencji. Swobodna zmiana operatora b\u0119dzie mo\u017cliwa w Barcinie, Inowroc\u0142awiu, Kruszwicy, Lubiczu Dolnym, \u0141\u0119czycy, Mogilnie, Nakle nad Noteci\u0105, Piechcinie, S\u0142ubicach, Strzelnie, Suwa\u0142kach, Szubinie i \u015awinouj\u015bciu.<\/p>\n\n\n\n<h2 class=\"wp-block-heading\">Klienci Multimedia Polska nie maj\u0105 powod\u00f3w do zmartwie\u0144<\/h2>\n\n\n\n<p>Porozumienie dotycz\u0105ce przej\u0119cia jest ju\u017c sfinalizowane. Jednak operacja ta nie ma \u017cadnego wp\u0142ywu na klient\u00f3w obu sp\u00f3\u0142ek. Na razie obaj operatorzy funkcjonuj\u0105 na dotychczasowych zasadach.<\/p>\n\n\n\n<blockquote class=\"td_quote_box td_box_center\"><p>&#8222;Obie sp\u00f3\u0142ki, Vectra S.A. i Multimedia Polska S.A., w najbli\u017cszym czasie b\u0119d\u0105 kontynuowa\u0107 swoj\u0105 dzia\u0142alno\u015b\u0107 operacyjn\u0105 bez zmian&#8221; \u2013 m\u00f3wi cytowany w informacji prasowej Jan Piotrowski, prezes zarz\u0105du Multimedia Polska S.A.<\/p><\/blockquote>\n\n\n\n<p>Wygl\u0105da na to, \u017ce Vectra jest obecnie najwi\u0119ksz\u0105 sieci\u0105 kablow\u0105 w Polsce. UPC posiada oko\u0142o 1,5 mln klient\u00f3w. Z kolei Vectra po przej\u0119ciu Multimedia Polska ma 1,7 mln abonent\u00f3w. Przy czym nie wiadomo czy liczba ta uwzgl\u0119dnia migracj\u0119 klient\u00f3w zwi\u0105zan\u0105 z warunkami narzuconymi przez UOKiK.<\/p>\n\n\n\n<blockquote class=\"td_quote_box td_box_center\"><p>&#8222;Realizacja transakcji pozwala nam na znacznie wi\u0119ksz\u0105 skal\u0119 dzia\u0142a\u0144 &#8211; dost\u0119p do szerokiej bazy klient\u00f3w i potencja\u0142u jednej z najlepszych i najwi\u0119kszych stacjonarnych infrastruktur telekomunikacyjnych w Polsce&#8221; &#8211; ocenia Tomasz \u017bura\u0144ski, prezes Vectry.<\/p><\/blockquote>\n\n\n\n<p><\/p>\n","protected":false},"excerpt":{"rendered":"<p>Sp\u00f3\u0142ka Vectra S.A. poinformowa\u0142a o przej\u0119cia Multimedia Polska. W ten spos\u00f3b zasi\u0119g sieci kablowej Vectra powi\u0119kszy si\u0119 do 4,4 mln gospodarstw domowych, a baza abonent\u00f3w wzro\u015bnie do 1,7 mln. Finalna decyzja o przej\u0119ciu zapad\u0142a dwa tygodnie po opublikowaniu warunkowej zgody UOKiK. Dla niekt\u00f3rych klient\u00f3w oznacza to pewne zmiany. Sprawa sprzeda\u017cy Multimedia Polska ci\u0105gn\u0119\u0142a si\u0119 latami. [&hellip;]<\/p>\n","protected":false},"author":12,"featured_media":26609,"comment_status":"closed","ping_status":"open","sticky":false,"template":"","format":"standard","meta":{"jetpack_post_was_ever_published":false,"_jetpack_newsletter_access":"","_jetpack_dont_email_post_to_subs":false,"_jetpack_newsletter_tier_id":0,"_jetpack_memberships_contains_paywalled_content":false,"_jetpack_memberships_contains_paid_content":false,"footnotes":"","jetpack_publicize_message":"","jetpack_publicize_feature_enabled":true,"jetpack_social_post_already_shared":true,"jetpack_social_options":{"image_generator_settings":{"template":"highway","enabled":false},"version":2}},"categories":[6],"tags":[1054,2375,1616,5603,368],"table_tags":[],"class_list":["post-26869","post","type-post","status-publish","format-standard","has-post-thumbnail","hentry","category-news","tag-multimedia","tag-przejecie","tag-uokik","tag-uwolnienie-abonentow","tag-vectra"],"jetpack_publicize_connections":[],"yoast_head":"<!-- This site is optimized with the Yoast SEO plugin v24.8.1 - https:\/\/yoast.com\/wordpress\/plugins\/seo\/ -->\n<title>Klamka zapad\u0142a, Vectra przejmuje 100% udzia\u0142\u00f3w w Multimedia Polska - SpeedTest.pl Wiadomo\u015bci<\/title>\n<meta name=\"robots\" content=\"index, follow, max-snippet:-1, max-image-preview:large, max-video-preview:-1\" \/>\n<link rel=\"canonical\" href=\"https:\/\/www.speedtest.pl\/wiadomosci\/news\/vectra-przejmuje-multimedia-polska\/\" \/>\n<meta property=\"og:locale\" content=\"pl_PL\" \/>\n<meta property=\"og:type\" content=\"article\" \/>\n<meta property=\"og:title\" content=\"Klamka zapad\u0142a, Vectra przejmuje 100% udzia\u0142\u00f3w w Multimedia Polska - SpeedTest.pl Wiadomo\u015bci\" \/>\n<meta property=\"og:description\" content=\"Sp\u00f3\u0142ka Vectra S.A. poinformowa\u0142a o przej\u0119cia Multimedia Polska. W ten spos\u00f3b zasi\u0119g sieci kablowej Vectra powi\u0119kszy si\u0119 do 4,4 mln gospodarstw domowych, a baza abonent\u00f3w wzro\u015bnie do 1,7 mln. Finalna decyzja o przej\u0119ciu zapad\u0142a dwa tygodnie po opublikowaniu warunkowej zgody UOKiK. Dla niekt\u00f3rych klient\u00f3w oznacza to pewne zmiany. Sprawa sprzeda\u017cy Multimedia Polska ci\u0105gn\u0119\u0142a si\u0119 latami. [&hellip;]\" \/>\n<meta property=\"og:url\" content=\"https:\/\/www.speedtest.pl\/wiadomosci\/news\/vectra-przejmuje-multimedia-polska\/\" \/>\n<meta property=\"og:site_name\" content=\"SpeedTest.pl Wiadomo\u015bci\" \/>\n<meta property=\"article:publisher\" content=\"https:\/\/www.facebook.com\/speedtestpl\/\" \/>\n<meta property=\"article:published_time\" content=\"2020-02-01T14:27:42+00:00\" \/>\n<meta property=\"article:modified_time\" content=\"2020-02-01T14:27:43+00:00\" \/>\n<meta property=\"og:image\" content=\"https:\/\/www.speedtest.pl\/wiadomosci\/wp-content\/uploads\/2020\/01\/vectra.jpg\" \/>\n\t<meta property=\"og:image:width\" content=\"1024\" \/>\n\t<meta property=\"og:image:height\" content=\"576\" \/>\n\t<meta property=\"og:image:type\" content=\"image\/jpeg\" \/>\n<meta name=\"author\" content=\"PJ\" \/>\n<meta name=\"twitter:card\" content=\"summary_large_image\" \/>\n<meta name=\"twitter:creator\" content=\"@speedtestpl\" \/>\n<meta name=\"twitter:site\" content=\"@speedtestpl\" \/>\n<meta name=\"twitter:label1\" content=\"Napisane przez\" \/>\n\t<meta name=\"twitter:data1\" content=\"PJ\" \/>\n\t<meta name=\"twitter:label2\" content=\"Szacowany czas czytania\" \/>\n\t<meta name=\"twitter:data2\" content=\"2 minuty\" \/>\n<script type=\"application\/ld+json\" class=\"yoast-schema-graph\">{\"@context\":\"https:\/\/schema.org\",\"@graph\":[{\"@type\":\"WebPage\",\"@id\":\"https:\/\/www.speedtest.pl\/wiadomosci\/news\/vectra-przejmuje-multimedia-polska\/\",\"url\":\"https:\/\/www.speedtest.pl\/wiadomosci\/news\/vectra-przejmuje-multimedia-polska\/\",\"name\":\"Klamka zapad\u0142a, Vectra przejmuje 100% udzia\u0142\u00f3w w Multimedia Polska - SpeedTest.pl Wiadomo\u015bci\",\"isPartOf\":{\"@id\":\"https:\/\/www.speedtest.pl\/wiadomosci\/#website\"},\"primaryImageOfPage\":{\"@id\":\"https:\/\/www.speedtest.pl\/wiadomosci\/news\/vectra-przejmuje-multimedia-polska\/#primaryimage\"},\"image\":{\"@id\":\"https:\/\/www.speedtest.pl\/wiadomosci\/news\/vectra-przejmuje-multimedia-polska\/#primaryimage\"},\"thumbnailUrl\":\"https:\/\/www.speedtest.pl\/wiadomosci\/wp-content\/uploads\/2020\/01\/vectra.jpg\",\"datePublished\":\"2020-02-01T14:27:42+00:00\",\"dateModified\":\"2020-02-01T14:27:43+00:00\",\"author\":{\"@id\":\"https:\/\/www.speedtest.pl\/wiadomosci\/#\/schema\/person\/1e51a1178096c8851f7d3ab0575726e4\"},\"breadcrumb\":{\"@id\":\"https:\/\/www.speedtest.pl\/wiadomosci\/news\/vectra-przejmuje-multimedia-polska\/#breadcrumb\"},\"inLanguage\":\"pl-PL\",\"potentialAction\":[{\"@type\":\"ReadAction\",\"target\":[\"https:\/\/www.speedtest.pl\/wiadomosci\/news\/vectra-przejmuje-multimedia-polska\/\"]}]},{\"@type\":\"ImageObject\",\"inLanguage\":\"pl-PL\",\"@id\":\"https:\/\/www.speedtest.pl\/wiadomosci\/news\/vectra-przejmuje-multimedia-polska\/#primaryimage\",\"url\":\"https:\/\/www.speedtest.pl\/wiadomosci\/wp-content\/uploads\/2020\/01\/vectra.jpg\",\"contentUrl\":\"https:\/\/www.speedtest.pl\/wiadomosci\/wp-content\/uploads\/2020\/01\/vectra.jpg\",\"width\":1024,\"height\":576,\"caption\":\"Vectra\"},{\"@type\":\"BreadcrumbList\",\"@id\":\"https:\/\/www.speedtest.pl\/wiadomosci\/news\/vectra-przejmuje-multimedia-polska\/#breadcrumb\",\"itemListElement\":[{\"@type\":\"ListItem\",\"position\":1,\"name\":\"Strona g\u0142\u00f3wna\",\"item\":\"https:\/\/www.speedtest.pl\/wiadomosci\/\"},{\"@type\":\"ListItem\",\"position\":2,\"name\":\"Klamka zapad\u0142a, Vectra przejmuje 100% udzia\u0142\u00f3w w Multimedia Polska\"}]},{\"@type\":\"WebSite\",\"@id\":\"https:\/\/www.speedtest.pl\/wiadomosci\/#website\",\"url\":\"https:\/\/www.speedtest.pl\/wiadomosci\/\",\"name\":\"SpeedTest.pl Wiadomo\u015bci\",\"description\":\"Rankingi ISP, newsy i opinie ze \u015bwiata IT, recenzje sprz\u0119tu, gry, motoryzacja\",\"potentialAction\":[{\"@type\":\"SearchAction\",\"target\":{\"@type\":\"EntryPoint\",\"urlTemplate\":\"https:\/\/www.speedtest.pl\/wiadomosci\/?s={search_term_string}\"},\"query-input\":{\"@type\":\"PropertyValueSpecification\",\"valueRequired\":true,\"valueName\":\"search_term_string\"}}],\"inLanguage\":\"pl-PL\"},{\"@type\":\"Person\",\"@id\":\"https:\/\/www.speedtest.pl\/wiadomosci\/#\/schema\/person\/1e51a1178096c8851f7d3ab0575726e4\",\"name\":\"PJ\",\"image\":{\"@type\":\"ImageObject\",\"inLanguage\":\"pl-PL\",\"@id\":\"https:\/\/www.speedtest.pl\/wiadomosci\/#\/schema\/person\/image\/\",\"url\":\"https:\/\/www.speedtest.pl\/wiadomosci\/wp-content\/uploads\/2018\/01\/AAEAAQAAAAAAAAk2AAAAJDNhNWRlODdhLWY3MjYtNGFjNC04MzY1LTI1Zjc4NmI4YmE0OQ-150x150.jpg\",\"contentUrl\":\"https:\/\/www.speedtest.pl\/wiadomosci\/wp-content\/uploads\/2018\/01\/AAEAAQAAAAAAAAk2AAAAJDNhNWRlODdhLWY3MjYtNGFjNC04MzY1LTI1Zjc4NmI4YmE0OQ-150x150.jpg\",\"caption\":\"PJ\"},\"description\":\"Przemek jest m\u00f3zgiem operacyjnym SpeedTest.pl. Studiowa\u0142 na Politechnice Wroc\u0142awskiej elektronik\u0119 i telekomunikacj\u0119. Zarz\u0105dza projektami IT, relacjami z klientami oraz nadzoruje procesy rozwoju. Prywatnie zaanga\u017cowany w rodzin\u0119, wsparcie r\u00f3\u017cnych dzia\u0142alno\u015bci charytatywnych i projekty ekstremalne.\",\"url\":\"https:\/\/www.speedtest.pl\/wiadomosci\/author\/przemek\/\"}]}<\/script>\n<!-- \/ Yoast SEO plugin. -->","yoast_head_json":{"title":"Klamka zapad\u0142a, Vectra przejmuje 100% udzia\u0142\u00f3w w Multimedia Polska - SpeedTest.pl Wiadomo\u015bci","robots":{"index":"index","follow":"follow","max-snippet":"max-snippet:-1","max-image-preview":"max-image-preview:large","max-video-preview":"max-video-preview:-1"},"canonical":"https:\/\/www.speedtest.pl\/wiadomosci\/news\/vectra-przejmuje-multimedia-polska\/","og_locale":"pl_PL","og_type":"article","og_title":"Klamka zapad\u0142a, Vectra przejmuje 100% udzia\u0142\u00f3w w Multimedia Polska - SpeedTest.pl Wiadomo\u015bci","og_description":"Sp\u00f3\u0142ka Vectra S.A. poinformowa\u0142a o przej\u0119cia Multimedia Polska. W ten spos\u00f3b zasi\u0119g sieci kablowej Vectra powi\u0119kszy si\u0119 do 4,4 mln gospodarstw domowych, a baza abonent\u00f3w wzro\u015bnie do 1,7 mln. Finalna decyzja o przej\u0119ciu zapad\u0142a dwa tygodnie po opublikowaniu warunkowej zgody UOKiK. Dla niekt\u00f3rych klient\u00f3w oznacza to pewne zmiany. Sprawa sprzeda\u017cy Multimedia Polska ci\u0105gn\u0119\u0142a si\u0119 latami. [&hellip;]","og_url":"https:\/\/www.speedtest.pl\/wiadomosci\/news\/vectra-przejmuje-multimedia-polska\/","og_site_name":"SpeedTest.pl Wiadomo\u015bci","article_publisher":"https:\/\/www.facebook.com\/speedtestpl\/","article_published_time":"2020-02-01T14:27:42+00:00","article_modified_time":"2020-02-01T14:27:43+00:00","og_image":[{"width":1024,"height":576,"url":"https:\/\/www.speedtest.pl\/wiadomosci\/wp-content\/uploads\/2020\/01\/vectra.jpg","type":"image\/jpeg"}],"author":"PJ","twitter_card":"summary_large_image","twitter_creator":"@speedtestpl","twitter_site":"@speedtestpl","twitter_misc":{"Napisane przez":"PJ","Szacowany czas czytania":"2 minuty"},"schema":{"@context":"https:\/\/schema.org","@graph":[{"@type":"WebPage","@id":"https:\/\/www.speedtest.pl\/wiadomosci\/news\/vectra-przejmuje-multimedia-polska\/","url":"https:\/\/www.speedtest.pl\/wiadomosci\/news\/vectra-przejmuje-multimedia-polska\/","name":"Klamka zapad\u0142a, Vectra przejmuje 100% udzia\u0142\u00f3w w Multimedia Polska - SpeedTest.pl Wiadomo\u015bci","isPartOf":{"@id":"https:\/\/www.speedtest.pl\/wiadomosci\/#website"},"primaryImageOfPage":{"@id":"https:\/\/www.speedtest.pl\/wiadomosci\/news\/vectra-przejmuje-multimedia-polska\/#primaryimage"},"image":{"@id":"https:\/\/www.speedtest.pl\/wiadomosci\/news\/vectra-przejmuje-multimedia-polska\/#primaryimage"},"thumbnailUrl":"https:\/\/www.speedtest.pl\/wiadomosci\/wp-content\/uploads\/2020\/01\/vectra.jpg","datePublished":"2020-02-01T14:27:42+00:00","dateModified":"2020-02-01T14:27:43+00:00","author":{"@id":"https:\/\/www.speedtest.pl\/wiadomosci\/#\/schema\/person\/1e51a1178096c8851f7d3ab0575726e4"},"breadcrumb":{"@id":"https:\/\/www.speedtest.pl\/wiadomosci\/news\/vectra-przejmuje-multimedia-polska\/#breadcrumb"},"inLanguage":"pl-PL","potentialAction":[{"@type":"ReadAction","target":["https:\/\/www.speedtest.pl\/wiadomosci\/news\/vectra-przejmuje-multimedia-polska\/"]}]},{"@type":"ImageObject","inLanguage":"pl-PL","@id":"https:\/\/www.speedtest.pl\/wiadomosci\/news\/vectra-przejmuje-multimedia-polska\/#primaryimage","url":"https:\/\/www.speedtest.pl\/wiadomosci\/wp-content\/uploads\/2020\/01\/vectra.jpg","contentUrl":"https:\/\/www.speedtest.pl\/wiadomosci\/wp-content\/uploads\/2020\/01\/vectra.jpg","width":1024,"height":576,"caption":"Vectra"},{"@type":"BreadcrumbList","@id":"https:\/\/www.speedtest.pl\/wiadomosci\/news\/vectra-przejmuje-multimedia-polska\/#breadcrumb","itemListElement":[{"@type":"ListItem","position":1,"name":"Strona g\u0142\u00f3wna","item":"https:\/\/www.speedtest.pl\/wiadomosci\/"},{"@type":"ListItem","position":2,"name":"Klamka zapad\u0142a, Vectra przejmuje 100% udzia\u0142\u00f3w w Multimedia Polska"}]},{"@type":"WebSite","@id":"https:\/\/www.speedtest.pl\/wiadomosci\/#website","url":"https:\/\/www.speedtest.pl\/wiadomosci\/","name":"SpeedTest.pl Wiadomo\u015bci","description":"Rankingi ISP, newsy i opinie ze \u015bwiata IT, recenzje sprz\u0119tu, gry, motoryzacja","potentialAction":[{"@type":"SearchAction","target":{"@type":"EntryPoint","urlTemplate":"https:\/\/www.speedtest.pl\/wiadomosci\/?s={search_term_string}"},"query-input":{"@type":"PropertyValueSpecification","valueRequired":true,"valueName":"search_term_string"}}],"inLanguage":"pl-PL"},{"@type":"Person","@id":"https:\/\/www.speedtest.pl\/wiadomosci\/#\/schema\/person\/1e51a1178096c8851f7d3ab0575726e4","name":"PJ","image":{"@type":"ImageObject","inLanguage":"pl-PL","@id":"https:\/\/www.speedtest.pl\/wiadomosci\/#\/schema\/person\/image\/","url":"https:\/\/www.speedtest.pl\/wiadomosci\/wp-content\/uploads\/2018\/01\/AAEAAQAAAAAAAAk2AAAAJDNhNWRlODdhLWY3MjYtNGFjNC04MzY1LTI1Zjc4NmI4YmE0OQ-150x150.jpg","contentUrl":"https:\/\/www.speedtest.pl\/wiadomosci\/wp-content\/uploads\/2018\/01\/AAEAAQAAAAAAAAk2AAAAJDNhNWRlODdhLWY3MjYtNGFjNC04MzY1LTI1Zjc4NmI4YmE0OQ-150x150.jpg","caption":"PJ"},"description":"Przemek jest m\u00f3zgiem operacyjnym SpeedTest.pl. Studiowa\u0142 na Politechnice Wroc\u0142awskiej elektronik\u0119 i telekomunikacj\u0119. Zarz\u0105dza projektami IT, relacjami z klientami oraz nadzoruje procesy rozwoju. Prywatnie zaanga\u017cowany w rodzin\u0119, wsparcie r\u00f3\u017cnych dzia\u0142alno\u015bci charytatywnych i projekty ekstremalne.","url":"https:\/\/www.speedtest.pl\/wiadomosci\/author\/przemek\/"}]}},"jetpack_featured_media_url":"https:\/\/www.speedtest.pl\/wiadomosci\/wp-content\/uploads\/2020\/01\/vectra.jpg","jetpack_sharing_enabled":true,"jetpack_shortlink":"https:\/\/wp.me\/p85ce0-6Zn","_links":{"self":[{"href":"https:\/\/www.speedtest.pl\/wiadomosci\/wp-json\/wp\/v2\/posts\/26869","targetHints":{"allow":["GET"]}}],"collection":[{"href":"https:\/\/www.speedtest.pl\/wiadomosci\/wp-json\/wp\/v2\/posts"}],"about":[{"href":"https:\/\/www.speedtest.pl\/wiadomosci\/wp-json\/wp\/v2\/types\/post"}],"author":[{"embeddable":true,"href":"https:\/\/www.speedtest.pl\/wiadomosci\/wp-json\/wp\/v2\/users\/12"}],"replies":[{"embeddable":true,"href":"https:\/\/www.speedtest.pl\/wiadomosci\/wp-json\/wp\/v2\/comments?post=26869"}],"version-history":[{"count":1,"href":"https:\/\/www.speedtest.pl\/wiadomosci\/wp-json\/wp\/v2\/posts\/26869\/revisions"}],"predecessor-version":[{"id":26870,"href":"https:\/\/www.speedtest.pl\/wiadomosci\/wp-json\/wp\/v2\/posts\/26869\/revisions\/26870"}],"wp:featuredmedia":[{"embeddable":true,"href":"https:\/\/www.speedtest.pl\/wiadomosci\/wp-json\/wp\/v2\/media\/26609"}],"wp:attachment":[{"href":"https:\/\/www.speedtest.pl\/wiadomosci\/wp-json\/wp\/v2\/media?parent=26869"}],"wp:term":[{"taxonomy":"category","embeddable":true,"href":"https:\/\/www.speedtest.pl\/wiadomosci\/wp-json\/wp\/v2\/categories?post=26869"},{"taxonomy":"post_tag","embeddable":true,"href":"https:\/\/www.speedtest.pl\/wiadomosci\/wp-json\/wp\/v2\/tags?post=26869"},{"taxonomy":"table_tags","embeddable":true,"href":"https:\/\/www.speedtest.pl\/wiadomosci\/wp-json\/wp\/v2\/table_tags?post=26869"}],"curies":[{"name":"wp","href":"https:\/\/api.w.org\/{rel}","templated":true}]}}