{"id":26845,"date":"2020-01-30T16:49:03","date_gmt":"2020-01-30T15:49:03","guid":{"rendered":"https:\/\/www.speedtest.pl\/wiadomosci\/?p=26845"},"modified":"2020-01-30T16:49:03","modified_gmt":"2020-01-30T15:49:03","slug":"plus-urzadzenia-5g","status":"publish","type":"post","link":"https:\/\/www.speedtest.pl\/wiadomosci\/5g\/plus-urzadzenia-5g\/","title":{"rendered":"Plus ju\u017c wkr\u00f3tce zaprezentuje urz\u0105dzenia 5G"},"content":{"rendered":"\n<p><strong>Wszystko wskazuje na to, \u017ce Plus b\u0119dzie pierwszym operatorem w Polsce, kt\u00f3ry uruchomi pierwsz\u0105 komercyjn\u0105 sie\u0107 5G. Dzisiaj kilka szczeg\u00f3\u0142\u00f3w o planowanej inwestycji zdradzi\u0142 Ericsson, kt\u00f3ry jest jednym z dostawc\u00f3w stacji bazowych 5G Plusa.<\/strong><\/p>\n\n\n\n<p>Plus ma bardzo interesuj\u0105cy pomys\u0142 na 5G w Polsce. Do tej pory operator ten nie dzieli\u0142 si\u0119 informacjami na temat prowadzonych przez siebie test\u00f3w. Zamiast tego Polkomtel zdecydowa\u0142 si\u0119 na szybkie uruchomienie nowej sieci w pa\u015bmie TDD 2600 MHz. Wcze\u015bniej telekom chwali\u0142 si\u0119 <a href=\"https:\/\/www.speedtest.pl\/wiadomosci\/internet-mobilny\/plus-cyfrowy-polsat-lte-800-900-tdd-2600\/\">uruchomieniem na tej cz\u0119stotliwo\u015bci sieci LTE<\/a>. Jednak pr\u00f3ba czasu pokaza\u0142a, \u017ce zas\u00f3b ten <a href=\"https:\/\/www.speedtest.pl\/wiadomosci\/5g\/plus-komercyjna-siec-5g-2600-mhz\/\">du\u017co lepiej sprawdzi si\u0119 dla sieci 5G<\/a>. Zgodnie z poprzedni\u0105 informacj\u0105 prasow\u0105 Plus uruchomi w najbli\u017cszym czasie oko\u0142o 100 stacji bazowych nowej generacji w 7 miastach. Przy czym blisko 80 z nich dostarczy Ericsson. Pozosta\u0142e oko\u0142o 20 nadajnik\u00f3w 5G b\u0119dzie od Nokii.<\/p>\n\n\n\n<h2 class=\"wp-block-heading\">Plus ju\u017c ma pierwsze urz\u0105dzenia dzia\u0142aj\u0105ce w 5G na 2600 MHz<\/h2>\n\n\n\n<p>Ericsson dostarczy Plusowi stacje bazowe, kt\u00f3re znajd\u0105 si\u0119 w Gda\u0144sku, \u0141odzi, Poznaniu, Szczecinie i Wroc\u0142awiu. Oznacza to, \u017ce w pozosta\u0142ych 2 miastach (tj. Warszawie i Katowicach) dzia\u0142a\u0107 b\u0119dzie sprz\u0119t Nokii.<\/p>\n\n\n\n<blockquote class=\"td_quote_box td_box_center\"><p>&#8222;5G staje si\u0119 rzeczywisto\u015bci\u0105. Wiosn\u0105 bie\u017c\u0105cego roku mieszka\u0144cy wybranych miast zyskaj\u0105 dost\u0119p do  sieci 5G w codziennym  \u017cyciu. Dost\u0119p do technologii nowej generacji jest odpowiedzi\u0105 na rosn\u0105ce oczekiwania u\u017cytkownik\u00f3w internetu mobilnego w zakresie jego szybko\u015bci, niskich op\u00f3\u017anie\u0144 oraz jako\u015bci. Ericsson jest dumny, \u017ce mo\u017ce po raz kolejny uczestniczy\u0107 w tworzeniu historii polskiej telekomunikacji&#8221; \u2013 powiedzia\u0142 Jacek Falkiewicz, Dyrektor Sprzeda\u017cy w firmie  Ericsson w Polsce.<\/p><\/blockquote>\n\n\n\n<p>Jednak dla klient\u00f3w najwa\u017cniejsze jest to, \u017ce operator ju\u017c nied\u0142ugo zaprezentuje pierwsze urz\u0105dzenia dzia\u0142aj\u0105ce w &#8222;zielonej&#8221; sieci 5G. Oznacza to, \u017ce Plus powinien wystartowa\u0107 z komercyjn\u0105 ofert\u0105 nowej generacji ju\u017c wiosn\u0105 tego roku, czyli kilka miesi\u0119cy przed startem pierwszej aukcji nowych cz\u0119stotliwo\u015bci dedykowanych dla 5G.<\/p>\n\n\n\n<blockquote class=\"td_quote_box td_box_center\"><p>&#8222;Byli\u015bmy pionierami we wdra\u017caniu technologii LTE, kt\u00f3r\u0105 jako jeden z pierwszych operator\u00f3w na \u015bwiecie udost\u0119pnili\u015bmy w pa\u015bmie 1800 MHz. Zapewnienie dost\u0119pu do szybkiego internetu mobilnego zrewolucjonizowa\u0142o rynek telekomunikacyjny w Polsce i umo\u017cliwi\u0142o rozw\u00f3j wielu ga\u0142\u0119zi polskiej gospodarki. Bardzo si\u0119 ciesz\u0119, \u017ce w momencie kiedy \u015bwiat stoi na progu nowej rewolucji jak\u0105 jest 5G, Plus zn\u00f3w jest jej liderem. Dzi\u0119ki nam ju\u017c wkr\u00f3tce 5G przestanie by\u0107 faktem medialnym, lecz stanie si\u0119 rzeczywisto\u015bci\u0105. S\u0105 ju\u017c dost\u0119pne pierwsze urz\u0105dzenia dzia\u0142aj\u0105ce w naszej sieci 5G i wkr\u00f3tce je zaprezentujemy&#8221; \u2013 powiedzia\u0142 Jacek Felczykowski, Cz\u0142onek Zarz\u0105du Cyfrowego Polsatu S.A. i Polkomtel Sp. z o.o., operatora sieci Plus.<\/p><\/blockquote>\n\n\n\n<p>\u0179r\u00f3d\u0142o: <a href=\"https:\/\/media.ericsson.pl\/aktualnosci\/pr\/482480\/ericsson-i-plus-uruchamiaja-w-polsce-komercyjna-siec-5g\" rel=\"external nofollow\">Ericsson<\/a><\/p>\n","protected":false},"excerpt":{"rendered":"<p>Wszystko wskazuje na to, \u017ce Plus b\u0119dzie pierwszym operatorem w Polsce, kt\u00f3ry uruchomi pierwsz\u0105 komercyjn\u0105 sie\u0107 5G. Dzisiaj kilka szczeg\u00f3\u0142\u00f3w o planowanej inwestycji zdradzi\u0142 Ericsson, kt\u00f3ry jest jednym z dostawc\u00f3w stacji bazowych 5G Plusa. Plus ma bardzo interesuj\u0105cy pomys\u0142 na 5G w Polsce. Do tej pory operator ten nie dzieli\u0142 si\u0119 informacjami na temat prowadzonych [&hellip;]<\/p>\n","protected":false},"author":12,"featured_media":26356,"comment_status":"closed","ping_status":"open","sticky":false,"template":"","format":"standard","meta":{"jetpack_post_was_ever_published":false,"_jetpack_newsletter_access":"","_jetpack_dont_email_post_to_subs":false,"_jetpack_newsletter_tier_id":0,"_jetpack_memberships_contains_paywalled_content":false,"_jetpack_memberships_contains_paid_content":false,"footnotes":"","jetpack_publicize_message":"","jetpack_publicize_feature_enabled":true,"jetpack_social_post_already_shared":true,"jetpack_social_options":{"image_generator_settings":{"template":"highway","enabled":false},"version":2}},"categories":[2344,57],"tags":[143,4790,2572,591,366],"table_tags":[],"class_list":["post-26845","post","type-post","status-publish","format-standard","has-post-thumbnail","hentry","category-5g","category-internet-mobilny","tag-5g","tag-budowa-5g","tag-ericsson","tag-internet-mobilny","tag-plus"],"jetpack_publicize_connections":[],"yoast_head":"<!-- This site is optimized with the Yoast SEO plugin v24.8.1 - https:\/\/yoast.com\/wordpress\/plugins\/seo\/ -->\n<title>Plus ju\u017c wkr\u00f3tce zaprezentuje urz\u0105dzenia 5G - SpeedTest.pl Wiadomo\u015bci<\/title>\n<meta name=\"robots\" content=\"index, follow, max-snippet:-1, max-image-preview:large, max-video-preview:-1\" \/>\n<link rel=\"canonical\" href=\"https:\/\/www.speedtest.pl\/wiadomosci\/5g\/plus-urzadzenia-5g\/\" \/>\n<meta property=\"og:locale\" content=\"pl_PL\" \/>\n<meta property=\"og:type\" content=\"article\" \/>\n<meta property=\"og:title\" content=\"Plus ju\u017c wkr\u00f3tce zaprezentuje urz\u0105dzenia 5G - SpeedTest.pl Wiadomo\u015bci\" \/>\n<meta property=\"og:description\" content=\"Wszystko wskazuje na to, \u017ce Plus b\u0119dzie pierwszym operatorem w Polsce, kt\u00f3ry uruchomi pierwsz\u0105 komercyjn\u0105 sie\u0107 5G. Dzisiaj kilka szczeg\u00f3\u0142\u00f3w o planowanej inwestycji zdradzi\u0142 Ericsson, kt\u00f3ry jest jednym z dostawc\u00f3w stacji bazowych 5G Plusa. Plus ma bardzo interesuj\u0105cy pomys\u0142 na 5G w Polsce. Do tej pory operator ten nie dzieli\u0142 si\u0119 informacjami na temat prowadzonych [&hellip;]\" \/>\n<meta property=\"og:url\" content=\"https:\/\/www.speedtest.pl\/wiadomosci\/5g\/plus-urzadzenia-5g\/\" \/>\n<meta property=\"og:site_name\" content=\"SpeedTest.pl Wiadomo\u015bci\" \/>\n<meta property=\"article:publisher\" content=\"https:\/\/www.facebook.com\/speedtestpl\/\" \/>\n<meta property=\"article:published_time\" content=\"2020-01-30T15:49:03+00:00\" \/>\n<meta property=\"og:image\" content=\"https:\/\/www.speedtest.pl\/wiadomosci\/wp-content\/uploads\/2020\/01\/Plus-5G.jpg\" \/>\n\t<meta property=\"og:image:width\" content=\"1024\" \/>\n\t<meta property=\"og:image:height\" content=\"576\" \/>\n\t<meta property=\"og:image:type\" content=\"image\/jpeg\" \/>\n<meta name=\"author\" content=\"PJ\" \/>\n<meta name=\"twitter:card\" content=\"summary_large_image\" \/>\n<meta name=\"twitter:creator\" content=\"@speedtestpl\" \/>\n<meta name=\"twitter:site\" content=\"@speedtestpl\" \/>\n<meta name=\"twitter:label1\" content=\"Napisane przez\" \/>\n\t<meta name=\"twitter:data1\" content=\"PJ\" \/>\n\t<meta name=\"twitter:label2\" content=\"Szacowany czas czytania\" \/>\n\t<meta name=\"twitter:data2\" content=\"2 minuty\" \/>\n<script type=\"application\/ld+json\" class=\"yoast-schema-graph\">{\"@context\":\"https:\/\/schema.org\",\"@graph\":[{\"@type\":\"WebPage\",\"@id\":\"https:\/\/www.speedtest.pl\/wiadomosci\/5g\/plus-urzadzenia-5g\/\",\"url\":\"https:\/\/www.speedtest.pl\/wiadomosci\/5g\/plus-urzadzenia-5g\/\",\"name\":\"Plus ju\u017c wkr\u00f3tce zaprezentuje urz\u0105dzenia 5G - SpeedTest.pl Wiadomo\u015bci\",\"isPartOf\":{\"@id\":\"https:\/\/www.speedtest.pl\/wiadomosci\/#website\"},\"primaryImageOfPage\":{\"@id\":\"https:\/\/www.speedtest.pl\/wiadomosci\/5g\/plus-urzadzenia-5g\/#primaryimage\"},\"image\":{\"@id\":\"https:\/\/www.speedtest.pl\/wiadomosci\/5g\/plus-urzadzenia-5g\/#primaryimage\"},\"thumbnailUrl\":\"https:\/\/www.speedtest.pl\/wiadomosci\/wp-content\/uploads\/2020\/01\/Plus-5G.jpg\",\"datePublished\":\"2020-01-30T15:49:03+00:00\",\"author\":{\"@id\":\"https:\/\/www.speedtest.pl\/wiadomosci\/#\/schema\/person\/1e51a1178096c8851f7d3ab0575726e4\"},\"breadcrumb\":{\"@id\":\"https:\/\/www.speedtest.pl\/wiadomosci\/5g\/plus-urzadzenia-5g\/#breadcrumb\"},\"inLanguage\":\"pl-PL\",\"potentialAction\":[{\"@type\":\"ReadAction\",\"target\":[\"https:\/\/www.speedtest.pl\/wiadomosci\/5g\/plus-urzadzenia-5g\/\"]}]},{\"@type\":\"ImageObject\",\"inLanguage\":\"pl-PL\",\"@id\":\"https:\/\/www.speedtest.pl\/wiadomosci\/5g\/plus-urzadzenia-5g\/#primaryimage\",\"url\":\"https:\/\/www.speedtest.pl\/wiadomosci\/wp-content\/uploads\/2020\/01\/Plus-5G.jpg\",\"contentUrl\":\"https:\/\/www.speedtest.pl\/wiadomosci\/wp-content\/uploads\/2020\/01\/Plus-5G.jpg\",\"width\":1024,\"height\":576,\"caption\":\"Plus 5G\"},{\"@type\":\"BreadcrumbList\",\"@id\":\"https:\/\/www.speedtest.pl\/wiadomosci\/5g\/plus-urzadzenia-5g\/#breadcrumb\",\"itemListElement\":[{\"@type\":\"ListItem\",\"position\":1,\"name\":\"Strona g\u0142\u00f3wna\",\"item\":\"https:\/\/www.speedtest.pl\/wiadomosci\/\"},{\"@type\":\"ListItem\",\"position\":2,\"name\":\"Plus ju\u017c wkr\u00f3tce zaprezentuje urz\u0105dzenia 5G\"}]},{\"@type\":\"WebSite\",\"@id\":\"https:\/\/www.speedtest.pl\/wiadomosci\/#website\",\"url\":\"https:\/\/www.speedtest.pl\/wiadomosci\/\",\"name\":\"SpeedTest.pl Wiadomo\u015bci\",\"description\":\"Rankingi ISP, newsy i opinie ze \u015bwiata IT, recenzje sprz\u0119tu, gry, motoryzacja\",\"potentialAction\":[{\"@type\":\"SearchAction\",\"target\":{\"@type\":\"EntryPoint\",\"urlTemplate\":\"https:\/\/www.speedtest.pl\/wiadomosci\/?s={search_term_string}\"},\"query-input\":{\"@type\":\"PropertyValueSpecification\",\"valueRequired\":true,\"valueName\":\"search_term_string\"}}],\"inLanguage\":\"pl-PL\"},{\"@type\":\"Person\",\"@id\":\"https:\/\/www.speedtest.pl\/wiadomosci\/#\/schema\/person\/1e51a1178096c8851f7d3ab0575726e4\",\"name\":\"PJ\",\"image\":{\"@type\":\"ImageObject\",\"inLanguage\":\"pl-PL\",\"@id\":\"https:\/\/www.speedtest.pl\/wiadomosci\/#\/schema\/person\/image\/\",\"url\":\"https:\/\/www.speedtest.pl\/wiadomosci\/wp-content\/uploads\/2018\/01\/AAEAAQAAAAAAAAk2AAAAJDNhNWRlODdhLWY3MjYtNGFjNC04MzY1LTI1Zjc4NmI4YmE0OQ-150x150.jpg\",\"contentUrl\":\"https:\/\/www.speedtest.pl\/wiadomosci\/wp-content\/uploads\/2018\/01\/AAEAAQAAAAAAAAk2AAAAJDNhNWRlODdhLWY3MjYtNGFjNC04MzY1LTI1Zjc4NmI4YmE0OQ-150x150.jpg\",\"caption\":\"PJ\"},\"description\":\"Przemek jest m\u00f3zgiem operacyjnym SpeedTest.pl. Studiowa\u0142 na Politechnice Wroc\u0142awskiej elektronik\u0119 i telekomunikacj\u0119. Zarz\u0105dza projektami IT, relacjami z klientami oraz nadzoruje procesy rozwoju. Prywatnie zaanga\u017cowany w rodzin\u0119, wsparcie r\u00f3\u017cnych dzia\u0142alno\u015bci charytatywnych i projekty ekstremalne.\",\"url\":\"https:\/\/www.speedtest.pl\/wiadomosci\/author\/przemek\/\"}]}<\/script>\n<!-- \/ Yoast SEO plugin. -->","yoast_head_json":{"title":"Plus ju\u017c wkr\u00f3tce zaprezentuje urz\u0105dzenia 5G - SpeedTest.pl Wiadomo\u015bci","robots":{"index":"index","follow":"follow","max-snippet":"max-snippet:-1","max-image-preview":"max-image-preview:large","max-video-preview":"max-video-preview:-1"},"canonical":"https:\/\/www.speedtest.pl\/wiadomosci\/5g\/plus-urzadzenia-5g\/","og_locale":"pl_PL","og_type":"article","og_title":"Plus ju\u017c wkr\u00f3tce zaprezentuje urz\u0105dzenia 5G - SpeedTest.pl Wiadomo\u015bci","og_description":"Wszystko wskazuje na to, \u017ce Plus b\u0119dzie pierwszym operatorem w Polsce, kt\u00f3ry uruchomi pierwsz\u0105 komercyjn\u0105 sie\u0107 5G. Dzisiaj kilka szczeg\u00f3\u0142\u00f3w o planowanej inwestycji zdradzi\u0142 Ericsson, kt\u00f3ry jest jednym z dostawc\u00f3w stacji bazowych 5G Plusa. Plus ma bardzo interesuj\u0105cy pomys\u0142 na 5G w Polsce. Do tej pory operator ten nie dzieli\u0142 si\u0119 informacjami na temat prowadzonych [&hellip;]","og_url":"https:\/\/www.speedtest.pl\/wiadomosci\/5g\/plus-urzadzenia-5g\/","og_site_name":"SpeedTest.pl Wiadomo\u015bci","article_publisher":"https:\/\/www.facebook.com\/speedtestpl\/","article_published_time":"2020-01-30T15:49:03+00:00","og_image":[{"width":1024,"height":576,"url":"https:\/\/www.speedtest.pl\/wiadomosci\/wp-content\/uploads\/2020\/01\/Plus-5G.jpg","type":"image\/jpeg"}],"author":"PJ","twitter_card":"summary_large_image","twitter_creator":"@speedtestpl","twitter_site":"@speedtestpl","twitter_misc":{"Napisane przez":"PJ","Szacowany czas czytania":"2 minuty"},"schema":{"@context":"https:\/\/schema.org","@graph":[{"@type":"WebPage","@id":"https:\/\/www.speedtest.pl\/wiadomosci\/5g\/plus-urzadzenia-5g\/","url":"https:\/\/www.speedtest.pl\/wiadomosci\/5g\/plus-urzadzenia-5g\/","name":"Plus ju\u017c wkr\u00f3tce zaprezentuje urz\u0105dzenia 5G - SpeedTest.pl Wiadomo\u015bci","isPartOf":{"@id":"https:\/\/www.speedtest.pl\/wiadomosci\/#website"},"primaryImageOfPage":{"@id":"https:\/\/www.speedtest.pl\/wiadomosci\/5g\/plus-urzadzenia-5g\/#primaryimage"},"image":{"@id":"https:\/\/www.speedtest.pl\/wiadomosci\/5g\/plus-urzadzenia-5g\/#primaryimage"},"thumbnailUrl":"https:\/\/www.speedtest.pl\/wiadomosci\/wp-content\/uploads\/2020\/01\/Plus-5G.jpg","datePublished":"2020-01-30T15:49:03+00:00","author":{"@id":"https:\/\/www.speedtest.pl\/wiadomosci\/#\/schema\/person\/1e51a1178096c8851f7d3ab0575726e4"},"breadcrumb":{"@id":"https:\/\/www.speedtest.pl\/wiadomosci\/5g\/plus-urzadzenia-5g\/#breadcrumb"},"inLanguage":"pl-PL","potentialAction":[{"@type":"ReadAction","target":["https:\/\/www.speedtest.pl\/wiadomosci\/5g\/plus-urzadzenia-5g\/"]}]},{"@type":"ImageObject","inLanguage":"pl-PL","@id":"https:\/\/www.speedtest.pl\/wiadomosci\/5g\/plus-urzadzenia-5g\/#primaryimage","url":"https:\/\/www.speedtest.pl\/wiadomosci\/wp-content\/uploads\/2020\/01\/Plus-5G.jpg","contentUrl":"https:\/\/www.speedtest.pl\/wiadomosci\/wp-content\/uploads\/2020\/01\/Plus-5G.jpg","width":1024,"height":576,"caption":"Plus 5G"},{"@type":"BreadcrumbList","@id":"https:\/\/www.speedtest.pl\/wiadomosci\/5g\/plus-urzadzenia-5g\/#breadcrumb","itemListElement":[{"@type":"ListItem","position":1,"name":"Strona g\u0142\u00f3wna","item":"https:\/\/www.speedtest.pl\/wiadomosci\/"},{"@type":"ListItem","position":2,"name":"Plus ju\u017c wkr\u00f3tce zaprezentuje urz\u0105dzenia 5G"}]},{"@type":"WebSite","@id":"https:\/\/www.speedtest.pl\/wiadomosci\/#website","url":"https:\/\/www.speedtest.pl\/wiadomosci\/","name":"SpeedTest.pl Wiadomo\u015bci","description":"Rankingi ISP, newsy i opinie ze \u015bwiata IT, recenzje sprz\u0119tu, gry, motoryzacja","potentialAction":[{"@type":"SearchAction","target":{"@type":"EntryPoint","urlTemplate":"https:\/\/www.speedtest.pl\/wiadomosci\/?s={search_term_string}"},"query-input":{"@type":"PropertyValueSpecification","valueRequired":true,"valueName":"search_term_string"}}],"inLanguage":"pl-PL"},{"@type":"Person","@id":"https:\/\/www.speedtest.pl\/wiadomosci\/#\/schema\/person\/1e51a1178096c8851f7d3ab0575726e4","name":"PJ","image":{"@type":"ImageObject","inLanguage":"pl-PL","@id":"https:\/\/www.speedtest.pl\/wiadomosci\/#\/schema\/person\/image\/","url":"https:\/\/www.speedtest.pl\/wiadomosci\/wp-content\/uploads\/2018\/01\/AAEAAQAAAAAAAAk2AAAAJDNhNWRlODdhLWY3MjYtNGFjNC04MzY1LTI1Zjc4NmI4YmE0OQ-150x150.jpg","contentUrl":"https:\/\/www.speedtest.pl\/wiadomosci\/wp-content\/uploads\/2018\/01\/AAEAAQAAAAAAAAk2AAAAJDNhNWRlODdhLWY3MjYtNGFjNC04MzY1LTI1Zjc4NmI4YmE0OQ-150x150.jpg","caption":"PJ"},"description":"Przemek jest m\u00f3zgiem operacyjnym SpeedTest.pl. Studiowa\u0142 na Politechnice Wroc\u0142awskiej elektronik\u0119 i telekomunikacj\u0119. Zarz\u0105dza projektami IT, relacjami z klientami oraz nadzoruje procesy rozwoju. Prywatnie zaanga\u017cowany w rodzin\u0119, wsparcie r\u00f3\u017cnych dzia\u0142alno\u015bci charytatywnych i projekty ekstremalne.","url":"https:\/\/www.speedtest.pl\/wiadomosci\/author\/przemek\/"}]}},"jetpack_featured_media_url":"https:\/\/www.speedtest.pl\/wiadomosci\/wp-content\/uploads\/2020\/01\/Plus-5G.jpg","jetpack_sharing_enabled":true,"jetpack_shortlink":"https:\/\/wp.me\/p85ce0-6YZ","_links":{"self":[{"href":"https:\/\/www.speedtest.pl\/wiadomosci\/wp-json\/wp\/v2\/posts\/26845","targetHints":{"allow":["GET"]}}],"collection":[{"href":"https:\/\/www.speedtest.pl\/wiadomosci\/wp-json\/wp\/v2\/posts"}],"about":[{"href":"https:\/\/www.speedtest.pl\/wiadomosci\/wp-json\/wp\/v2\/types\/post"}],"author":[{"embeddable":true,"href":"https:\/\/www.speedtest.pl\/wiadomosci\/wp-json\/wp\/v2\/users\/12"}],"replies":[{"embeddable":true,"href":"https:\/\/www.speedtest.pl\/wiadomosci\/wp-json\/wp\/v2\/comments?post=26845"}],"version-history":[{"count":1,"href":"https:\/\/www.speedtest.pl\/wiadomosci\/wp-json\/wp\/v2\/posts\/26845\/revisions"}],"predecessor-version":[{"id":26846,"href":"https:\/\/www.speedtest.pl\/wiadomosci\/wp-json\/wp\/v2\/posts\/26845\/revisions\/26846"}],"wp:featuredmedia":[{"embeddable":true,"href":"https:\/\/www.speedtest.pl\/wiadomosci\/wp-json\/wp\/v2\/media\/26356"}],"wp:attachment":[{"href":"https:\/\/www.speedtest.pl\/wiadomosci\/wp-json\/wp\/v2\/media?parent=26845"}],"wp:term":[{"taxonomy":"category","embeddable":true,"href":"https:\/\/www.speedtest.pl\/wiadomosci\/wp-json\/wp\/v2\/categories?post=26845"},{"taxonomy":"post_tag","embeddable":true,"href":"https:\/\/www.speedtest.pl\/wiadomosci\/wp-json\/wp\/v2\/tags?post=26845"},{"taxonomy":"table_tags","embeddable":true,"href":"https:\/\/www.speedtest.pl\/wiadomosci\/wp-json\/wp\/v2\/table_tags?post=26845"}],"curies":[{"name":"wp","href":"https:\/\/api.w.org\/{rel}","templated":true}]}}