{"id":26411,"date":"2020-01-08T14:02:14","date_gmt":"2020-01-08T13:02:14","guid":{"rendered":"https:\/\/www.speedtest.pl\/wiadomosci\/?p=26411"},"modified":"2020-01-08T14:02:14","modified_gmt":"2020-01-08T13:02:14","slug":"facebook-ladniejszy-w-2020-roku","status":"publish","type":"post","link":"https:\/\/www.speedtest.pl\/wiadomosci\/esej\/facebook-ladniejszy-w-2020-roku\/","title":{"rendered":"Facebook \u0142adniejszy w 2020 roku"},"content":{"rendered":"\n<p><strong>Facebook postanowi\u0142 zacz\u0105\u0107 rok 2020 z przytupem. Nowy Rok \u2014 nowy ja. W sieci, na portalach spo\u0142eczno\u015bciowych i mediach pe\u0142no jest felieton\u00f3w i wywod\u00f3w traktuj\u0105cych i noworocznych zmianach. Przyj\u0119\u0142o si\u0119, \u017ce wraz z prze\u0142o\u017ceniem kartki w kalendarzu z 31 grudnia na 1 stycznia zaczyna si\u0119 nowy etap w \u017cyciu. Jako\u015b nigdy nie kultywowa\u0142em tej tradycji, ale widz\u0119, \u017ce nasi giganci technologiczni skorzystali z okazji.<\/strong><\/p>\n\n\n\n<p>Nowy Rok to okazja na wprowadzenie zmian, zar\u00f3wno w \u017cyciu prywatnym, jak i w wielkim sp\u00f3\u0142kach. \u015awietnie ten moment wykorzysta\u0142a stajnia Marka Zuckerberga. Jego zesp\u00f3\u0142 zaproponowa\u0142 wypuszczenie do produkcji nowego wygl\u0105du serwisu Facebook. Musz\u0119 przyzna\u0107, \u017ce p\u0142aka\u0107 z tego powodu nie b\u0119d\u0119, poniewa\u017c obecna wersja jest nieczytelna, nieelegancka i przyt\u0142aczaj\u0105ca wzrok. Powiedzia\u0142bym nawet, \u017ce IT idzie do przodu, a wygl\u0105d Facebooka dawno zatrzyma\u0142 si\u0119 w roku 2004. Kilka Sylwestr\u00f3w ju\u017c od tego czasu min\u0119\u0142o, a wi\u0119c i u Zucka czas na zmiany.<\/p>\n\n\n\n<h2 class=\"wp-block-heading\">Od dawna obligowa\u0142em za tym, aby co\u015b zrobi\u0107 ze skinem portalu spo\u0142eczno\u015bciowego Facebook.<\/h2>\n\n\n\n<p>Nawet na w\u0142asn\u0105 r\u0119k\u0119 instalowa\u0142em jakie\u015b dodatki do przegl\u0105darki, aby poprawi\u0107 wygl\u0105d FB. Korzystanie z tego paskudztwa kilka godzin dziennie odbija\u0142o mi si\u0119 czkawk\u0105. Obstawiam, \u017ce nie by\u0142em jedynym, kt\u00f3ry ju\u017c wymiotowa\u0142 na widok nak\u0142adki Fejsa. Musz\u0119 przyzna\u0107, \u017ce chyba ekipa z  Menlo Park pos\u0142ucha\u0142a moich pr\u00f3\u015bb (w ko\u0144cu pods\u0142uchy na co\u015b si\u0119 przyda\u0142y) i ruszy\u0142a z edytowaniem wygl\u0105du portalu. W ko\u0144cu rok 2020 to taka \u0142adna data, \u017ce wypada\u0142oby co\u015b zmieni\u0107 w wygl\u0105dzie systemu. O ile aplikacja mobilna od Facebooka nie wali tak mocno po oczach, to szata graficzna wersji desktop pozostawia wiele do \u017cyczenia. Pokusi\u0142bym si\u0119 nawet o stwierdzenie, \u017ce projektowano j\u0105 za czas\u00f3w mamut\u00f3w. <\/p>\n\n\n\n<h2 class=\"wp-block-heading\">Ju\u017c od jakiego\u015b czasu wiadomo, \u017ce Facebook na komputerach osobistych b\u0119dzie wygl\u0105da\u0142 inaczej. <\/h2>\n\n\n\n<p>Jak wiadomo, inaczej, nie znaczy lepiej i w\u0142a\u015bnie dlatego nie by\u0142em do pomys\u0142u na pocz\u0105tku przekonany. Czeka\u0142em na jakie\u015b wklejki lub chocia\u017c rendery. Programi\u015bci Zuckerberga potrafi\u0105 du\u017co rzeczy zrobi\u0107 tak, \u017ce ca\u0142y \u015bwiat ma ochot\u0119 si\u0119 pochlasta\u0107. W przypadku nowego wygl\u0105du Facebooka naprawd\u0119 dali sobie nie\u017ale rad\u0119.Grafiki mo\u017cemy podziwia\u0107 dzi\u0119ki uprzejmo\u015bci przyjaci\u00f3\u0142 ze s\u0142owackiego portalu <a rel=\"noreferrer noopener external nofollow\" href=\"https:\/\/vosveteit.sk\/pozrite-sa-ako-by-mal-vyzerat-novy-vzhlad-pc-verzie-facebooku\/\" target=\"_blank\">vosveteit.sk<\/a>. <\/p>\n\n\n\n<figure class=\"wp-block-image size-large\"><img loading=\"lazy\" decoding=\"async\" width=\"1024\" height=\"634\" src=\"https:\/\/www.speedtest.pl\/wiadomosci\/wp-content\/uploads\/2020\/01\/Facebook_novy_dizajn_feed-komentarov-k-statusu-1024x634.jpg\" alt=\"Zuckerberg\" class=\"wp-image-26415\" srcset=\"https:\/\/www.speedtest.pl\/wiadomosci\/wp-content\/uploads\/2020\/01\/Facebook_novy_dizajn_feed-komentarov-k-statusu-1024x634.jpg 1024w, https:\/\/www.speedtest.pl\/wiadomosci\/wp-content\/uploads\/2020\/01\/Facebook_novy_dizajn_feed-komentarov-k-statusu-300x186.jpg 300w, https:\/\/www.speedtest.pl\/wiadomosci\/wp-content\/uploads\/2020\/01\/Facebook_novy_dizajn_feed-komentarov-k-statusu-768x475.jpg 768w, https:\/\/www.speedtest.pl\/wiadomosci\/wp-content\/uploads\/2020\/01\/Facebook_novy_dizajn_feed-komentarov-k-statusu-356x220.jpg 356w, https:\/\/www.speedtest.pl\/wiadomosci\/wp-content\/uploads\/2020\/01\/Facebook_novy_dizajn_feed-komentarov-k-statusu-696x431.jpg 696w, https:\/\/www.speedtest.pl\/wiadomosci\/wp-content\/uploads\/2020\/01\/Facebook_novy_dizajn_feed-komentarov-k-statusu-1068x661.jpg 1068w, https:\/\/www.speedtest.pl\/wiadomosci\/wp-content\/uploads\/2020\/01\/Facebook_novy_dizajn_feed-komentarov-k-statusu-678x420.jpg 678w, https:\/\/www.speedtest.pl\/wiadomosci\/wp-content\/uploads\/2020\/01\/Facebook_novy_dizajn_feed-komentarov-k-statusu.jpg 1520w\" sizes=\"auto, (max-width: 1024px) 100vw, 1024px\" \/><figcaption>\u0179r\u00f3d\u0142o: vosveteit.sk<\/figcaption><\/figure>\n\n\n\n<h2 class=\"wp-block-heading\">Je\u017celi b\u0119dziecie chcieli szuka\u0107 podobie\u0144stw, pomi\u0119dzy star\u0105 wersje Facebook, a now\u0105, to niewiele tego.<\/h2>\n\n\n\n<p>Portal zachowa tr\u00f3jkolumnow\u0105 budow\u0119 i nadal w centralnej cz\u0119\u015bci wy\u015bwietlane b\u0119d\u0105 posty znajomych oraz obserwowanych stron. Na tym analogia si\u0119 ko\u0144czy. To akurat wychodzi aplikacji na dobre. Zapewne wiecie, \u017ce teraz lewa kolumna jest pe\u0142na tekstowych odno\u015bnik\u00f3w opatrzonych mikroskopijnymi ikonami. Wygl\u0105da to jak w Lumpexie po przecenie. Ani to \u0142adne, ani to czytelne. Nieco ni\u017cej dost\u0119pne s\u0105 skr\u00f3ty, gdzie mo\u017cna doda\u0107 Strony, Grupy. Ten uk\u0142ad przejdzie metamorfoz\u0119. Co najwa\u017cniejsze, w nowej wersji odno\u015bniki na tym pasku stan\u0105 si\u0119 znacznie wi\u0119ksze. Poprawi to znacznie czytelno\u015b\u0107 strony. Tym samym stracimy opcj\u0119 wybierania samodzielnie, co si\u0119 na tym pasku znajduje, a niekt\u00f3re przyciski zmieni\u0105 lokalizacj\u0119. Menu b\u0119dzie przypomina\u0107 te z aplikacji mobilnej, kt\u00f3re osobi\u015bcie bardzo mi si\u0119 podoba.<\/p>\n\n\n\n<h2 class=\"wp-block-heading\">Najmniej zmian zobaczymy za\u015b w tej najwa\u017cniejszej, \u015brodkowej kolumnie Facebook.<\/h2>\n\n\n\n<p>Nie jest jednak tak, \u017ce nie b\u0119dzie ich w og\u00f3le. Na g\u00f3rze wyeksponowane zostan\u0105 relacje, a zaraz pod nimi znajdzie si\u0119 pole dodawania postu. W s\u0105siedztwie, wyszczeg\u00f3lniono trzy przyciski s\u0142u\u017c\u0105ce do dodawania zdj\u0119\u0107 i wideo, tagowania znajomych oraz opisywania swojego statusu. Co wi\u0119cej i najwa\u017cniejsze, Facebook okroi\u0142 tre\u015bci post\u00f3w. Na g\u0142\u00f3wnych stronach nie zobaczymy ich w ca\u0142o\u015bci. Ma to ogromn\u0105 ilo\u015b\u0107 plus\u00f3w. Dzi\u0119ki temu tablica b\u0119dzie bardziej czytelna i b\u0119dzie na niej umieszczonych wi\u0119cej post\u00f3w, na mniejszej powierzchni. <\/p>\n\n\n\n<figure class=\"wp-block-image size-large\"><img loading=\"lazy\" decoding=\"async\" width=\"1024\" height=\"634\" src=\"https:\/\/www.speedtest.pl\/wiadomosci\/wp-content\/uploads\/2020\/01\/Facebook_novy_dizajn_hlavna-nastenka-1024x634.jpg\" alt=\"Zuckerberg\" class=\"wp-image-26416\" srcset=\"https:\/\/www.speedtest.pl\/wiadomosci\/wp-content\/uploads\/2020\/01\/Facebook_novy_dizajn_hlavna-nastenka-1024x634.jpg 1024w, https:\/\/www.speedtest.pl\/wiadomosci\/wp-content\/uploads\/2020\/01\/Facebook_novy_dizajn_hlavna-nastenka-300x186.jpg 300w, https:\/\/www.speedtest.pl\/wiadomosci\/wp-content\/uploads\/2020\/01\/Facebook_novy_dizajn_hlavna-nastenka-768x476.jpg 768w, https:\/\/www.speedtest.pl\/wiadomosci\/wp-content\/uploads\/2020\/01\/Facebook_novy_dizajn_hlavna-nastenka-1536x951.jpg 1536w, https:\/\/www.speedtest.pl\/wiadomosci\/wp-content\/uploads\/2020\/01\/Facebook_novy_dizajn_hlavna-nastenka-356x220.jpg 356w, https:\/\/www.speedtest.pl\/wiadomosci\/wp-content\/uploads\/2020\/01\/Facebook_novy_dizajn_hlavna-nastenka-696x431.jpg 696w, https:\/\/www.speedtest.pl\/wiadomosci\/wp-content\/uploads\/2020\/01\/Facebook_novy_dizajn_hlavna-nastenka-1068x661.jpg 1068w, https:\/\/www.speedtest.pl\/wiadomosci\/wp-content\/uploads\/2020\/01\/Facebook_novy_dizajn_hlavna-nastenka-678x420.jpg 678w, https:\/\/www.speedtest.pl\/wiadomosci\/wp-content\/uploads\/2020\/01\/Facebook_novy_dizajn_hlavna-nastenka.jpg 2048w\" sizes=\"auto, (max-width: 1024px) 100vw, 1024px\" \/><figcaption>\u0179r\u00f3d\u0142o: vosveteit.sk<\/figcaption><\/figure>\n\n\n\n<h2 class=\"wp-block-heading\">W prawym dolnym rogu portalu Facebook nad list\u0105 znajomych wyszczeg\u00f3lniony zostanie przycisk tworzenia wiadomo\u015bci.<\/h2>\n\n\n\n<p>Odno\u015bnik do Messengera natomiast b\u0119dzie na g\u0142\u00f3wnym pasku nawigacyjnym. Ciekawie zosta\u0142 wykonany te\u017c nowy panel powiadomie\u0144. Nie b\u0119dzie ju\u017c wy\u015bwietlany, w formie ma\u0142ego okienka typu pop-up. Osobi\u015bcie nie cierpi\u0119 wr\u0119cz tego typu funkcji. Jest te\u017c zmiana, kt\u00f3ra bardzo was zaskoczy \u2014 niekt\u00f3rych mo\u017ce nawet zasmuci. Facebook NIE rezygnuje w nowym modelu z Relacji. Jak zapewne pami\u0119tacie, to funkcjonalno\u015b\u0107 skopiowana ze Snapchata. W moim odczuciu nie sprawdza si\u0119 ona na FB. Lepiej Radzi sobie na Instagramie. Tam z mi\u0142\u0105 ch\u0119ci\u0105 ogl\u0105da si\u0119 Stories. Jednak\u017ce wcale nie przeszkadza to Zuckerbergowi.<\/p>\n\n\n\n<figure class=\"wp-block-image size-large\"><img loading=\"lazy\" decoding=\"async\" width=\"1024\" height=\"634\" src=\"https:\/\/www.speedtest.pl\/wiadomosci\/wp-content\/uploads\/2020\/01\/Facebook_novy-dizajn_stranka-s-pribehmi-1-1024x634.jpg\" alt=\"Zuckerberg\" class=\"wp-image-26419\" srcset=\"https:\/\/www.speedtest.pl\/wiadomosci\/wp-content\/uploads\/2020\/01\/Facebook_novy-dizajn_stranka-s-pribehmi-1-1024x634.jpg 1024w, https:\/\/www.speedtest.pl\/wiadomosci\/wp-content\/uploads\/2020\/01\/Facebook_novy-dizajn_stranka-s-pribehmi-1-300x186.jpg 300w, https:\/\/www.speedtest.pl\/wiadomosci\/wp-content\/uploads\/2020\/01\/Facebook_novy-dizajn_stranka-s-pribehmi-1-768x475.jpg 768w, https:\/\/www.speedtest.pl\/wiadomosci\/wp-content\/uploads\/2020\/01\/Facebook_novy-dizajn_stranka-s-pribehmi-1-356x220.jpg 356w, https:\/\/www.speedtest.pl\/wiadomosci\/wp-content\/uploads\/2020\/01\/Facebook_novy-dizajn_stranka-s-pribehmi-1-696x431.jpg 696w, https:\/\/www.speedtest.pl\/wiadomosci\/wp-content\/uploads\/2020\/01\/Facebook_novy-dizajn_stranka-s-pribehmi-1-1068x661.jpg 1068w, https:\/\/www.speedtest.pl\/wiadomosci\/wp-content\/uploads\/2020\/01\/Facebook_novy-dizajn_stranka-s-pribehmi-1-678x420.jpg 678w, https:\/\/www.speedtest.pl\/wiadomosci\/wp-content\/uploads\/2020\/01\/Facebook_novy-dizajn_stranka-s-pribehmi-1.jpg 1520w\" sizes=\"auto, (max-width: 1024px) 100vw, 1024px\" \/><figcaption> \u0179r\u00f3d\u0142o: vosveteit.sk <\/figcaption><\/figure>\n\n\n\n<h2 class=\"wp-block-heading\">Zapewne ciekawi was, jak b\u0119dzie wygl\u0105da\u0142 teraz profil na Facebooku.<\/h2>\n\n\n\n<p>Mnie ta opcja interesowa\u0142a najbardziej. Niestety, troch\u0119 si\u0119 zawiod\u0142em. W tej sesji dalej czu\u0107 duch starego Facebooka, a to nie jest nic przyjemnego. Zdj\u0119cie profilowe umieszczone b\u0119dzie centralnie nad zdj\u0119ciem w tle, a pod nim ulokowany b\u0119dzie cytat. Co wi\u0119cej, odno\u015bniki do konkretnych kategorii nie b\u0119d\u0105 mia\u0142y ikon. Najwa\u017cniejsze jednak, \u017ce Facebook w wersji 2020 w ko\u0144cu otrzyma ciemny tryb. Jest to funkcjonalno\u015b\u0107, na kt\u00f3r\u0105 czeka\u0142em bardzo d\u0142ugo. Na t\u0119 chwil\u0119<a href=\"https:\/\/www.speedtest.pl\/wiadomosci\/news\/czekam-na-ciemny-motyw-w-facebooku\/\"> tryb ciemny <\/a>wspiera jedynie Messenger, kt\u00f3ry w dodatku nie respektuje ustawie\u0144 systemowych w smartfonach Apple.<\/p>\n\n\n\n<figure class=\"wp-block-image size-large\"><img loading=\"lazy\" decoding=\"async\" width=\"1024\" height=\"634\" src=\"https:\/\/www.speedtest.pl\/wiadomosci\/wp-content\/uploads\/2020\/01\/Facebook_novy_dizajn_profilova-stranka-1024x634.jpg\" alt=\"Zuckerberg, facebook\" class=\"wp-image-26417\" srcset=\"https:\/\/www.speedtest.pl\/wiadomosci\/wp-content\/uploads\/2020\/01\/Facebook_novy_dizajn_profilova-stranka-1024x634.jpg 1024w, https:\/\/www.speedtest.pl\/wiadomosci\/wp-content\/uploads\/2020\/01\/Facebook_novy_dizajn_profilova-stranka-300x186.jpg 300w, https:\/\/www.speedtest.pl\/wiadomosci\/wp-content\/uploads\/2020\/01\/Facebook_novy_dizajn_profilova-stranka-768x475.jpg 768w, https:\/\/www.speedtest.pl\/wiadomosci\/wp-content\/uploads\/2020\/01\/Facebook_novy_dizajn_profilova-stranka-356x220.jpg 356w, https:\/\/www.speedtest.pl\/wiadomosci\/wp-content\/uploads\/2020\/01\/Facebook_novy_dizajn_profilova-stranka-696x431.jpg 696w, https:\/\/www.speedtest.pl\/wiadomosci\/wp-content\/uploads\/2020\/01\/Facebook_novy_dizajn_profilova-stranka-1068x661.jpg 1068w, https:\/\/www.speedtest.pl\/wiadomosci\/wp-content\/uploads\/2020\/01\/Facebook_novy_dizajn_profilova-stranka-678x420.jpg 678w, https:\/\/www.speedtest.pl\/wiadomosci\/wp-content\/uploads\/2020\/01\/Facebook_novy_dizajn_profilova-stranka.jpg 1520w\" sizes=\"auto, (max-width: 1024px) 100vw, 1024px\" \/><figcaption> \u0179r\u00f3d\u0142o: vosveteit.sk <\/figcaption><\/figure>\n\n\n\n<h2 class=\"wp-block-heading\">Nie wiadomo niestety, kiedy dok\u0142adnie nowy Facebook 2020 pojawi si\u0119 na naszych komputerach.<\/h2>\n\n\n\n<p>Ekipa Marka Zuckerberga nie poda\u0142a nawet przybli\u017conej daty premiery. Mo\u017cemy si\u0119 tylko domy\u015bla\u0107, \u017ce nast\u0105pi to w przeci\u0105gu tego kwarta\u0142u, mo\u017ce nawet szybciej. Skoro S\u0142owacy maj\u0105 ju\u017c grafiki, to nowy Facebook jest w fazie test\u00f3w. Blogerzy z  <a href=\"https:\/\/vosveteit.sk\/\" rel=\"external nofollow\">vosveteit.sk<\/a> pokusili si\u0119 nawet o stwierdzenie, \u017ce to kwestia dni, albo tygodni. Odwa\u017cne posuni\u0119cie, ja bym takiego nie wysun\u0105\u0142. Mo\u017ce si\u0119 ono okaza\u0107 prawdziwe. Na pewno, kiedy tylko nowy Facebook pojawi si\u0119 na moim komputerze, dostaniecie \u015bwie\u017cutk\u0105 recenzje. Przecie\u017c wygl\u0105d to jedno, wa\u017cne jak si\u0119 tego b\u0119dzie u\u017cywa\u0107. <\/p>\n\n\n\n<figure class=\"wp-block-image size-large\"><img loading=\"lazy\" decoding=\"async\" width=\"1024\" height=\"634\" src=\"https:\/\/www.speedtest.pl\/wiadomosci\/wp-content\/uploads\/2020\/01\/Facebook_novy-dizajn_stranka-s-pribehmi-1024x634.jpg\" alt=\"Zuckerberg, facebook\" class=\"wp-image-26418\" srcset=\"https:\/\/www.speedtest.pl\/wiadomosci\/wp-content\/uploads\/2020\/01\/Facebook_novy-dizajn_stranka-s-pribehmi-1024x634.jpg 1024w, https:\/\/www.speedtest.pl\/wiadomosci\/wp-content\/uploads\/2020\/01\/Facebook_novy-dizajn_stranka-s-pribehmi-300x186.jpg 300w, https:\/\/www.speedtest.pl\/wiadomosci\/wp-content\/uploads\/2020\/01\/Facebook_novy-dizajn_stranka-s-pribehmi-768x475.jpg 768w, https:\/\/www.speedtest.pl\/wiadomosci\/wp-content\/uploads\/2020\/01\/Facebook_novy-dizajn_stranka-s-pribehmi-356x220.jpg 356w, https:\/\/www.speedtest.pl\/wiadomosci\/wp-content\/uploads\/2020\/01\/Facebook_novy-dizajn_stranka-s-pribehmi-696x431.jpg 696w, https:\/\/www.speedtest.pl\/wiadomosci\/wp-content\/uploads\/2020\/01\/Facebook_novy-dizajn_stranka-s-pribehmi-1068x661.jpg 1068w, https:\/\/www.speedtest.pl\/wiadomosci\/wp-content\/uploads\/2020\/01\/Facebook_novy-dizajn_stranka-s-pribehmi-678x420.jpg 678w, https:\/\/www.speedtest.pl\/wiadomosci\/wp-content\/uploads\/2020\/01\/Facebook_novy-dizajn_stranka-s-pribehmi.jpg 1520w\" sizes=\"auto, (max-width: 1024px) 100vw, 1024px\" \/><figcaption> \u0179r\u00f3d\u0142o: vosveteit.sk <\/figcaption><\/figure>\n\n\n\n<p><\/p>\n\n\n\n<p><\/p>\n","protected":false},"excerpt":{"rendered":"<p>Facebook postanowi\u0142 zacz\u0105\u0107 rok 2020 z przytupem. Nowy Rok \u2014 nowy ja. W sieci, na portalach spo\u0142eczno\u015bciowych i mediach pe\u0142no jest felieton\u00f3w i wywod\u00f3w traktuj\u0105cych i noworocznych zmianach. Przyj\u0119\u0142o si\u0119, \u017ce wraz z prze\u0142o\u017ceniem kartki w kalendarzu z 31 grudnia na 1 stycznia zaczyna si\u0119 nowy etap w \u017cyciu. Jako\u015b nigdy nie kultywowa\u0142em tej tradycji, [&hellip;]<\/p>\n","protected":false},"author":12,"featured_media":26414,"comment_status":"closed","ping_status":"open","sticky":false,"template":"","format":"standard","meta":{"jetpack_post_was_ever_published":false,"_jetpack_newsletter_access":"","_jetpack_dont_email_post_to_subs":false,"_jetpack_newsletter_tier_id":0,"_jetpack_memberships_contains_paywalled_content":false,"_jetpack_memberships_contains_paid_content":false,"footnotes":"","jetpack_publicize_message":"Nowy Rok - Nowy #Facebook. ","jetpack_publicize_feature_enabled":true,"jetpack_social_post_already_shared":true,"jetpack_social_options":{"image_generator_settings":{"template":"highway","enabled":false},"version":2}},"categories":[2016],"tags":[],"table_tags":[],"class_list":["post-26411","post","type-post","status-publish","format-standard","has-post-thumbnail","hentry","category-esej"],"jetpack_publicize_connections":[],"yoast_head":"<!-- This site is optimized with the Yoast SEO plugin v24.8.1 - https:\/\/yoast.com\/wordpress\/plugins\/seo\/ -->\n<title>Facebook \u0142adniejszy w 2020 roku - SpeedTest.pl Wiadomo\u015bci<\/title>\n<meta name=\"description\" content=\"Facebook postanowi\u0142 zacz\u0105\u0107 rok 2020 z przytupem. Nowy Rok \u2014 nowy ja. W sieci, na portalach spo\u0142eczno\u015bciowych i mediach pe\u0142no jest\" \/>\n<meta name=\"robots\" content=\"index, follow, max-snippet:-1, max-image-preview:large, max-video-preview:-1\" \/>\n<link rel=\"canonical\" href=\"https:\/\/www.speedtest.pl\/wiadomosci\/esej\/facebook-ladniejszy-w-2020-roku\/\" \/>\n<meta property=\"og:locale\" content=\"pl_PL\" \/>\n<meta property=\"og:type\" content=\"article\" \/>\n<meta property=\"og:title\" content=\"Facebook \u0142adniejszy w 2020 roku - SpeedTest.pl Wiadomo\u015bci\" \/>\n<meta property=\"og:description\" content=\"Facebook postanowi\u0142 zacz\u0105\u0107 rok 2020 z przytupem. Nowy Rok \u2014 nowy ja. W sieci, na portalach spo\u0142eczno\u015bciowych i mediach pe\u0142no jest\" \/>\n<meta property=\"og:url\" content=\"https:\/\/www.speedtest.pl\/wiadomosci\/esej\/facebook-ladniejszy-w-2020-roku\/\" \/>\n<meta property=\"og:site_name\" content=\"SpeedTest.pl Wiadomo\u015bci\" \/>\n<meta property=\"article:publisher\" content=\"https:\/\/www.facebook.com\/speedtestpl\/\" \/>\n<meta property=\"article:published_time\" content=\"2020-01-08T13:02:14+00:00\" \/>\n<meta property=\"og:image\" content=\"https:\/\/www.speedtest.pl\/wiadomosci\/wp-content\/uploads\/2020\/01\/Facebook_novy_dizajn.jpg\" \/>\n\t<meta property=\"og:image:width\" content=\"1280\" \/>\n\t<meta property=\"og:image:height\" content=\"793\" \/>\n\t<meta property=\"og:image:type\" content=\"image\/jpeg\" \/>\n<meta name=\"author\" content=\"PJ\" \/>\n<meta name=\"twitter:card\" content=\"summary_large_image\" \/>\n<meta name=\"twitter:creator\" content=\"@speedtestpl\" \/>\n<meta name=\"twitter:site\" content=\"@speedtestpl\" \/>\n<meta name=\"twitter:label1\" content=\"Napisane przez\" \/>\n\t<meta name=\"twitter:data1\" content=\"PJ\" \/>\n\t<meta name=\"twitter:label2\" content=\"Szacowany czas czytania\" \/>\n\t<meta name=\"twitter:data2\" content=\"5 minut\" \/>\n<script type=\"application\/ld+json\" class=\"yoast-schema-graph\">{\"@context\":\"https:\/\/schema.org\",\"@graph\":[{\"@type\":\"WebPage\",\"@id\":\"https:\/\/www.speedtest.pl\/wiadomosci\/esej\/facebook-ladniejszy-w-2020-roku\/\",\"url\":\"https:\/\/www.speedtest.pl\/wiadomosci\/esej\/facebook-ladniejszy-w-2020-roku\/\",\"name\":\"Facebook \u0142adniejszy w 2020 roku - SpeedTest.pl Wiadomo\u015bci\",\"isPartOf\":{\"@id\":\"https:\/\/www.speedtest.pl\/wiadomosci\/#website\"},\"primaryImageOfPage\":{\"@id\":\"https:\/\/www.speedtest.pl\/wiadomosci\/esej\/facebook-ladniejszy-w-2020-roku\/#primaryimage\"},\"image\":{\"@id\":\"https:\/\/www.speedtest.pl\/wiadomosci\/esej\/facebook-ladniejszy-w-2020-roku\/#primaryimage\"},\"thumbnailUrl\":\"https:\/\/www.speedtest.pl\/wiadomosci\/wp-content\/uploads\/2020\/01\/Facebook_novy_dizajn.jpg\",\"datePublished\":\"2020-01-08T13:02:14+00:00\",\"author\":{\"@id\":\"https:\/\/www.speedtest.pl\/wiadomosci\/#\/schema\/person\/1e51a1178096c8851f7d3ab0575726e4\"},\"description\":\"Facebook postanowi\u0142 zacz\u0105\u0107 rok 2020 z przytupem. Nowy Rok \u2014 nowy ja. W sieci, na portalach spo\u0142eczno\u015bciowych i mediach pe\u0142no jest\",\"breadcrumb\":{\"@id\":\"https:\/\/www.speedtest.pl\/wiadomosci\/esej\/facebook-ladniejszy-w-2020-roku\/#breadcrumb\"},\"inLanguage\":\"pl-PL\",\"potentialAction\":[{\"@type\":\"ReadAction\",\"target\":[\"https:\/\/www.speedtest.pl\/wiadomosci\/esej\/facebook-ladniejszy-w-2020-roku\/\"]}]},{\"@type\":\"ImageObject\",\"inLanguage\":\"pl-PL\",\"@id\":\"https:\/\/www.speedtest.pl\/wiadomosci\/esej\/facebook-ladniejszy-w-2020-roku\/#primaryimage\",\"url\":\"https:\/\/www.speedtest.pl\/wiadomosci\/wp-content\/uploads\/2020\/01\/Facebook_novy_dizajn.jpg\",\"contentUrl\":\"https:\/\/www.speedtest.pl\/wiadomosci\/wp-content\/uploads\/2020\/01\/Facebook_novy_dizajn.jpg\",\"width\":\"1280\",\"height\":\"793\",\"caption\":\"\u0179r\u00f3d\u0142o: https:\/\/vosveteit.sk\/\"},{\"@type\":\"BreadcrumbList\",\"@id\":\"https:\/\/www.speedtest.pl\/wiadomosci\/esej\/facebook-ladniejszy-w-2020-roku\/#breadcrumb\",\"itemListElement\":[{\"@type\":\"ListItem\",\"position\":1,\"name\":\"Strona g\u0142\u00f3wna\",\"item\":\"https:\/\/www.speedtest.pl\/wiadomosci\/\"},{\"@type\":\"ListItem\",\"position\":2,\"name\":\"Facebook \u0142adniejszy w 2020 roku\"}]},{\"@type\":\"WebSite\",\"@id\":\"https:\/\/www.speedtest.pl\/wiadomosci\/#website\",\"url\":\"https:\/\/www.speedtest.pl\/wiadomosci\/\",\"name\":\"SpeedTest.pl Wiadomo\u015bci\",\"description\":\"Rankingi ISP, newsy i opinie ze \u015bwiata IT, recenzje sprz\u0119tu, gry, motoryzacja\",\"potentialAction\":[{\"@type\":\"SearchAction\",\"target\":{\"@type\":\"EntryPoint\",\"urlTemplate\":\"https:\/\/www.speedtest.pl\/wiadomosci\/?s={search_term_string}\"},\"query-input\":{\"@type\":\"PropertyValueSpecification\",\"valueRequired\":true,\"valueName\":\"search_term_string\"}}],\"inLanguage\":\"pl-PL\"},{\"@type\":\"Person\",\"@id\":\"https:\/\/www.speedtest.pl\/wiadomosci\/#\/schema\/person\/1e51a1178096c8851f7d3ab0575726e4\",\"name\":\"PJ\",\"image\":{\"@type\":\"ImageObject\",\"inLanguage\":\"pl-PL\",\"@id\":\"https:\/\/www.speedtest.pl\/wiadomosci\/#\/schema\/person\/image\/\",\"url\":\"https:\/\/www.speedtest.pl\/wiadomosci\/wp-content\/uploads\/2018\/01\/AAEAAQAAAAAAAAk2AAAAJDNhNWRlODdhLWY3MjYtNGFjNC04MzY1LTI1Zjc4NmI4YmE0OQ-150x150.jpg\",\"contentUrl\":\"https:\/\/www.speedtest.pl\/wiadomosci\/wp-content\/uploads\/2018\/01\/AAEAAQAAAAAAAAk2AAAAJDNhNWRlODdhLWY3MjYtNGFjNC04MzY1LTI1Zjc4NmI4YmE0OQ-150x150.jpg\",\"caption\":\"PJ\"},\"description\":\"Przemek jest m\u00f3zgiem operacyjnym SpeedTest.pl. Studiowa\u0142 na Politechnice Wroc\u0142awskiej elektronik\u0119 i telekomunikacj\u0119. Zarz\u0105dza projektami IT, relacjami z klientami oraz nadzoruje procesy rozwoju. Prywatnie zaanga\u017cowany w rodzin\u0119, wsparcie r\u00f3\u017cnych dzia\u0142alno\u015bci charytatywnych i projekty ekstremalne.\",\"url\":\"https:\/\/www.speedtest.pl\/wiadomosci\/author\/przemek\/\"}]}<\/script>\n<!-- \/ Yoast SEO plugin. -->","yoast_head_json":{"title":"Facebook \u0142adniejszy w 2020 roku - SpeedTest.pl Wiadomo\u015bci","description":"Facebook postanowi\u0142 zacz\u0105\u0107 rok 2020 z przytupem. Nowy Rok \u2014 nowy ja. W sieci, na portalach spo\u0142eczno\u015bciowych i mediach pe\u0142no jest","robots":{"index":"index","follow":"follow","max-snippet":"max-snippet:-1","max-image-preview":"max-image-preview:large","max-video-preview":"max-video-preview:-1"},"canonical":"https:\/\/www.speedtest.pl\/wiadomosci\/esej\/facebook-ladniejszy-w-2020-roku\/","og_locale":"pl_PL","og_type":"article","og_title":"Facebook \u0142adniejszy w 2020 roku - SpeedTest.pl Wiadomo\u015bci","og_description":"Facebook postanowi\u0142 zacz\u0105\u0107 rok 2020 z przytupem. Nowy Rok \u2014 nowy ja. W sieci, na portalach spo\u0142eczno\u015bciowych i mediach pe\u0142no jest","og_url":"https:\/\/www.speedtest.pl\/wiadomosci\/esej\/facebook-ladniejszy-w-2020-roku\/","og_site_name":"SpeedTest.pl Wiadomo\u015bci","article_publisher":"https:\/\/www.facebook.com\/speedtestpl\/","article_published_time":"2020-01-08T13:02:14+00:00","og_image":[{"width":1280,"height":793,"url":"https:\/\/www.speedtest.pl\/wiadomosci\/wp-content\/uploads\/2020\/01\/Facebook_novy_dizajn.jpg","type":"image\/jpeg"}],"author":"PJ","twitter_card":"summary_large_image","twitter_creator":"@speedtestpl","twitter_site":"@speedtestpl","twitter_misc":{"Napisane przez":"PJ","Szacowany czas czytania":"5 minut"},"schema":{"@context":"https:\/\/schema.org","@graph":[{"@type":"WebPage","@id":"https:\/\/www.speedtest.pl\/wiadomosci\/esej\/facebook-ladniejszy-w-2020-roku\/","url":"https:\/\/www.speedtest.pl\/wiadomosci\/esej\/facebook-ladniejszy-w-2020-roku\/","name":"Facebook \u0142adniejszy w 2020 roku - SpeedTest.pl Wiadomo\u015bci","isPartOf":{"@id":"https:\/\/www.speedtest.pl\/wiadomosci\/#website"},"primaryImageOfPage":{"@id":"https:\/\/www.speedtest.pl\/wiadomosci\/esej\/facebook-ladniejszy-w-2020-roku\/#primaryimage"},"image":{"@id":"https:\/\/www.speedtest.pl\/wiadomosci\/esej\/facebook-ladniejszy-w-2020-roku\/#primaryimage"},"thumbnailUrl":"https:\/\/www.speedtest.pl\/wiadomosci\/wp-content\/uploads\/2020\/01\/Facebook_novy_dizajn.jpg","datePublished":"2020-01-08T13:02:14+00:00","author":{"@id":"https:\/\/www.speedtest.pl\/wiadomosci\/#\/schema\/person\/1e51a1178096c8851f7d3ab0575726e4"},"description":"Facebook postanowi\u0142 zacz\u0105\u0107 rok 2020 z przytupem. Nowy Rok \u2014 nowy ja. W sieci, na portalach spo\u0142eczno\u015bciowych i mediach pe\u0142no jest","breadcrumb":{"@id":"https:\/\/www.speedtest.pl\/wiadomosci\/esej\/facebook-ladniejszy-w-2020-roku\/#breadcrumb"},"inLanguage":"pl-PL","potentialAction":[{"@type":"ReadAction","target":["https:\/\/www.speedtest.pl\/wiadomosci\/esej\/facebook-ladniejszy-w-2020-roku\/"]}]},{"@type":"ImageObject","inLanguage":"pl-PL","@id":"https:\/\/www.speedtest.pl\/wiadomosci\/esej\/facebook-ladniejszy-w-2020-roku\/#primaryimage","url":"https:\/\/www.speedtest.pl\/wiadomosci\/wp-content\/uploads\/2020\/01\/Facebook_novy_dizajn.jpg","contentUrl":"https:\/\/www.speedtest.pl\/wiadomosci\/wp-content\/uploads\/2020\/01\/Facebook_novy_dizajn.jpg","width":"1280","height":"793","caption":"\u0179r\u00f3d\u0142o: https:\/\/vosveteit.sk\/"},{"@type":"BreadcrumbList","@id":"https:\/\/www.speedtest.pl\/wiadomosci\/esej\/facebook-ladniejszy-w-2020-roku\/#breadcrumb","itemListElement":[{"@type":"ListItem","position":1,"name":"Strona g\u0142\u00f3wna","item":"https:\/\/www.speedtest.pl\/wiadomosci\/"},{"@type":"ListItem","position":2,"name":"Facebook \u0142adniejszy w 2020 roku"}]},{"@type":"WebSite","@id":"https:\/\/www.speedtest.pl\/wiadomosci\/#website","url":"https:\/\/www.speedtest.pl\/wiadomosci\/","name":"SpeedTest.pl Wiadomo\u015bci","description":"Rankingi ISP, newsy i opinie ze \u015bwiata IT, recenzje sprz\u0119tu, gry, motoryzacja","potentialAction":[{"@type":"SearchAction","target":{"@type":"EntryPoint","urlTemplate":"https:\/\/www.speedtest.pl\/wiadomosci\/?s={search_term_string}"},"query-input":{"@type":"PropertyValueSpecification","valueRequired":true,"valueName":"search_term_string"}}],"inLanguage":"pl-PL"},{"@type":"Person","@id":"https:\/\/www.speedtest.pl\/wiadomosci\/#\/schema\/person\/1e51a1178096c8851f7d3ab0575726e4","name":"PJ","image":{"@type":"ImageObject","inLanguage":"pl-PL","@id":"https:\/\/www.speedtest.pl\/wiadomosci\/#\/schema\/person\/image\/","url":"https:\/\/www.speedtest.pl\/wiadomosci\/wp-content\/uploads\/2018\/01\/AAEAAQAAAAAAAAk2AAAAJDNhNWRlODdhLWY3MjYtNGFjNC04MzY1LTI1Zjc4NmI4YmE0OQ-150x150.jpg","contentUrl":"https:\/\/www.speedtest.pl\/wiadomosci\/wp-content\/uploads\/2018\/01\/AAEAAQAAAAAAAAk2AAAAJDNhNWRlODdhLWY3MjYtNGFjNC04MzY1LTI1Zjc4NmI4YmE0OQ-150x150.jpg","caption":"PJ"},"description":"Przemek jest m\u00f3zgiem operacyjnym SpeedTest.pl. Studiowa\u0142 na Politechnice Wroc\u0142awskiej elektronik\u0119 i telekomunikacj\u0119. Zarz\u0105dza projektami IT, relacjami z klientami oraz nadzoruje procesy rozwoju. Prywatnie zaanga\u017cowany w rodzin\u0119, wsparcie r\u00f3\u017cnych dzia\u0142alno\u015bci charytatywnych i projekty ekstremalne.","url":"https:\/\/www.speedtest.pl\/wiadomosci\/author\/przemek\/"}]}},"jetpack_featured_media_url":"https:\/\/www.speedtest.pl\/wiadomosci\/wp-content\/uploads\/2020\/01\/Facebook_novy_dizajn.jpg","jetpack_sharing_enabled":true,"jetpack_shortlink":"https:\/\/wp.me\/p85ce0-6RZ","_links":{"self":[{"href":"https:\/\/www.speedtest.pl\/wiadomosci\/wp-json\/wp\/v2\/posts\/26411","targetHints":{"allow":["GET"]}}],"collection":[{"href":"https:\/\/www.speedtest.pl\/wiadomosci\/wp-json\/wp\/v2\/posts"}],"about":[{"href":"https:\/\/www.speedtest.pl\/wiadomosci\/wp-json\/wp\/v2\/types\/post"}],"author":[{"embeddable":true,"href":"https:\/\/www.speedtest.pl\/wiadomosci\/wp-json\/wp\/v2\/users\/12"}],"replies":[{"embeddable":true,"href":"https:\/\/www.speedtest.pl\/wiadomosci\/wp-json\/wp\/v2\/comments?post=26411"}],"version-history":[{"count":7,"href":"https:\/\/www.speedtest.pl\/wiadomosci\/wp-json\/wp\/v2\/posts\/26411\/revisions"}],"predecessor-version":[{"id":26425,"href":"https:\/\/www.speedtest.pl\/wiadomosci\/wp-json\/wp\/v2\/posts\/26411\/revisions\/26425"}],"wp:featuredmedia":[{"embeddable":true,"href":"https:\/\/www.speedtest.pl\/wiadomosci\/wp-json\/wp\/v2\/media\/26414"}],"wp:attachment":[{"href":"https:\/\/www.speedtest.pl\/wiadomosci\/wp-json\/wp\/v2\/media?parent=26411"}],"wp:term":[{"taxonomy":"category","embeddable":true,"href":"https:\/\/www.speedtest.pl\/wiadomosci\/wp-json\/wp\/v2\/categories?post=26411"},{"taxonomy":"post_tag","embeddable":true,"href":"https:\/\/www.speedtest.pl\/wiadomosci\/wp-json\/wp\/v2\/tags?post=26411"},{"taxonomy":"table_tags","embeddable":true,"href":"https:\/\/www.speedtest.pl\/wiadomosci\/wp-json\/wp\/v2\/table_tags?post=26411"}],"curies":[{"name":"wp","href":"https:\/\/api.w.org\/{rel}","templated":true}]}}