{"id":26265,"date":"2019-12-28T23:29:26","date_gmt":"2019-12-28T22:29:26","guid":{"rendered":"https:\/\/www.speedtest.pl\/wiadomosci\/?p=26265"},"modified":"2019-12-28T23:29:26","modified_gmt":"2019-12-28T22:29:26","slug":"osrodek-monitorowania-zachowan-rasistowskich-i-ksenofobicznych-wi-fi-lucyfer","status":"publish","type":"post","link":"https:\/\/www.speedtest.pl\/wiadomosci\/wifi\/osrodek-monitorowania-zachowan-rasistowskich-i-ksenofobicznych-wi-fi-lucyfer\/","title":{"rendered":"O\u015brodek Monitorowania Zachowa\u0144 Rasistowskich i Ksenofobicznych o sieci Wi-Fi &#8222;Lucyfer&#8221;"},"content":{"rendered":"\n<p><strong>O\u015brodek Monitorowania Zachowa\u0144 Rasistowskich i Ksenofobicznych otrzyma\u0142 zg\u0142oszenie w sprawie, s\u0142ynnej ju\u017c na ca\u0142\u0105 Polsk\u0119, sieci Wi-Fi o nazwie &#8222;Lucyfer&#8221;. Jednak nie chce si\u0119 t\u0105 spraw\u0105 zajmowa\u0107.<\/strong><\/p>\n\n\n\n<p>Sprawa kontrowersyjnej sieci Wi-Fi, kt\u00f3rej sygna\u0142 dociera na teren podwarszawskiej parafii, obieg\u0142a ju\u017c ca\u0142\u0105 Polsk\u0119. Rozchodzi si\u0119 access point nazwany &#8222;Lucyfer&#8221;, kt\u00f3ry mie\u015bci si\u0119 w domu s\u0105siaduj\u0105cym z Parafi\u0105 \u015awi\u0119tej Marii Magdaleny w \u0141azach. Nie podoba si\u0119 ona zar\u00f3wno parafianom, jak i proboszczowi i ksi\u0119\u017com. Dlatego te\u017c wystosowali oni pismo z pro\u015bb\u0105 o zmian\u0119 nazwy sieci, poniewa\u017c jest ona <em>&#8222;szkodliwa dla uczu\u0107 religijnych&#8221;<\/em>.<\/p>\n\n\n\n<figure class=\"wp-block-embed-twitter aligncenter wp-block-embed is-type-rich is-provider-twitter\"><div class=\"wp-block-embed__wrapper\">\n<div class=\"twitter-tweet\"><blockquote class=\"twitter-tweet\" data-lang=\"pl\"><p lang=\"pl\" dir=\"ltr\">Ksi\u0119\u017ca z Magdalenki walcz\u0105 z Wi-Fi &quot;Lucyfer&quot; dost\u0119pnym na terenie ko\u015bcio\u0142a \ud83d\ude09 <a href=\"https:\/\/t.co\/90OfmWfkEV\" rel=\"external nofollow\">pic.twitter.com\/90OfmWfkEV<\/a><\/p>&mdash; Krzysztof Krol (@krzysztofkrol) <a href=\"https:\/\/twitter.com\/krzysztofkrol\/status\/1209053103984717824?ref_src=twsrc%5Etfw\" rel=\"external nofollow\">23 grudnia 2019<\/a><\/blockquote><\/div>\n<\/div><\/figure>\n\n\n\n<h2 class=\"wp-block-heading\">O\u015brodek Monitorowania Zachowa\u0144 Rasistowskich i Ksenofobicznych nie chce zajmowa\u0107 si\u0119 &#8222;Lucyferem&#8221;<\/h2>\n\n\n\n<p>Sprawa trafi\u0142a nawet do O\u015brodka Monitorowania Zachowa\u0144 Rasistowskich i Ksenofobicznych, kt\u00f3ry otrzyma\u0142 w tej sprawie zawiadomienie. Cho\u0107 proboszcz parafii nie zaznaczy\u0142 tego wprost, to niekt\u00f3rzy upatruj\u0105 si\u0119 tutaj obrazy uczu\u0107 religijnych, o kt\u00f3rych mowa w art. 196 Kodeksu Karnego. Jednak O\u015brodek nie zamierza si\u0119 j\u0105 zajmowa\u0107, poniewa\u017c ocena tego, czy dany czyn jest obraz\u0105 uczu\u0107 religijnych, czy te\u017c nie, jest zbyt subiektywna.<\/p>\n\n\n\n<figure class=\"wp-block-embed-facebook aligncenter wp-block-embed is-type-rich is-provider-facebook\"><div class=\"wp-block-embed__wrapper\">\n<div class=\"fb-post\" data-href=\"https:\/\/www.facebook.com\/osrodek.monitorowania\/posts\/1143966339111831\" data-width=\"552\" style=\"background-color: #fff; display: inline-block;\"><\/div>\n<\/div><\/figure>\n\n\n\n<p>W sieci pojawi\u0142y si\u0119 propozycje alternatywnych rozwi\u0105za\u0144 sporu dotycz\u0105cego &#8222;diabelskiej&#8221; sieci Wi-Fi. Niekt\u00f3rzy radz\u0105 proboszczowi zwalczenie k\u0142opotliwego access pointa w\u0142asnym urz\u0105dzeniem nadaj\u0105cym na tym samym kanale.<\/p>\n\n\n\n<p>\u0179r\u00f3d\u0142o: <a href=\"https:\/\/www.facebook.com\/osrodek.monitorowania\/posts\/1143966339111831\" rel=\"external nofollow\">O\u015brodek Monitorowania Zachowa\u0144 Rasistowskich i Ksenofobicznych<\/a><\/p>\n","protected":false},"excerpt":{"rendered":"<p>O\u015brodek Monitorowania Zachowa\u0144 Rasistowskich i Ksenofobicznych otrzyma\u0142 zg\u0142oszenie w sprawie, s\u0142ynnej ju\u017c na ca\u0142\u0105 Polsk\u0119, sieci Wi-Fi o nazwie &#8222;Lucyfer&#8221;. Jednak nie chce si\u0119 t\u0105 spraw\u0105 zajmowa\u0107. Sprawa kontrowersyjnej sieci Wi-Fi, kt\u00f3rej sygna\u0142 dociera na teren podwarszawskiej parafii, obieg\u0142a ju\u017c ca\u0142\u0105 Polsk\u0119. Rozchodzi si\u0119 access point nazwany &#8222;Lucyfer&#8221;, kt\u00f3ry mie\u015bci si\u0119 w domu s\u0105siaduj\u0105cym z [&hellip;]<\/p>\n","protected":false},"author":13,"featured_media":16513,"comment_status":"closed","ping_status":"open","sticky":false,"template":"","format":"standard","meta":{"jetpack_post_was_ever_published":false,"_jetpack_newsletter_access":"","_jetpack_dont_email_post_to_subs":false,"_jetpack_newsletter_tier_id":0,"_jetpack_memberships_contains_paywalled_content":false,"_jetpack_memberships_contains_paid_content":false,"footnotes":"","jetpack_publicize_message":"","jetpack_publicize_feature_enabled":true,"jetpack_social_post_already_shared":true,"jetpack_social_options":{"image_generator_settings":{"template":"highway","enabled":false},"version":2}},"categories":[13],"tags":[5490,5491,1466],"table_tags":[],"class_list":{"0":"post-26265","1":"post","2":"type-post","3":"status-publish","4":"format-standard","5":"has-post-thumbnail","6":"hentry","7":"category-wifi","8":"tag-lucyfer","10":"tag-wi-fi"},"jetpack_publicize_connections":[],"yoast_head":"<!-- This site is optimized with the Yoast SEO plugin v24.8.1 - https:\/\/yoast.com\/wordpress\/plugins\/seo\/ -->\n<title>O\u015brodek Monitorowania Zachowa\u0144 Rasistowskich i Ksenofobicznych o sieci Wi-Fi &quot;Lucyfer&quot;<\/title>\n<meta name=\"robots\" content=\"index, follow, max-snippet:-1, max-image-preview:large, max-video-preview:-1\" \/>\n<link rel=\"canonical\" href=\"https:\/\/www.speedtest.pl\/wiadomosci\/wifi\/osrodek-monitorowania-zachowan-rasistowskich-i-ksenofobicznych-wi-fi-lucyfer\/\" \/>\n<meta property=\"og:locale\" content=\"pl_PL\" \/>\n<meta property=\"og:type\" content=\"article\" \/>\n<meta property=\"og:title\" content=\"O\u015brodek Monitorowania Zachowa\u0144 Rasistowskich i Ksenofobicznych o sieci Wi-Fi &quot;Lucyfer&quot;\" \/>\n<meta property=\"og:description\" content=\"O\u015brodek Monitorowania Zachowa\u0144 Rasistowskich i Ksenofobicznych otrzyma\u0142 zg\u0142oszenie w sprawie, s\u0142ynnej ju\u017c na ca\u0142\u0105 Polsk\u0119, sieci Wi-Fi o nazwie &#8222;Lucyfer&#8221;. Jednak nie chce si\u0119 t\u0105 spraw\u0105 zajmowa\u0107. Sprawa kontrowersyjnej sieci Wi-Fi, kt\u00f3rej sygna\u0142 dociera na teren podwarszawskiej parafii, obieg\u0142a ju\u017c ca\u0142\u0105 Polsk\u0119. Rozchodzi si\u0119 access point nazwany &#8222;Lucyfer&#8221;, kt\u00f3ry mie\u015bci si\u0119 w domu s\u0105siaduj\u0105cym z [&hellip;]\" \/>\n<meta property=\"og:url\" content=\"https:\/\/www.speedtest.pl\/wiadomosci\/wifi\/osrodek-monitorowania-zachowan-rasistowskich-i-ksenofobicznych-wi-fi-lucyfer\/\" \/>\n<meta property=\"og:site_name\" content=\"SpeedTest.pl Wiadomo\u015bci\" \/>\n<meta property=\"article:publisher\" content=\"https:\/\/www.facebook.com\/speedtestpl\/\" \/>\n<meta property=\"article:published_time\" content=\"2019-12-28T22:29:26+00:00\" \/>\n<meta property=\"og:image\" content=\"https:\/\/www.speedtest.pl\/wiadomosci\/wp-content\/uploads\/2018\/06\/Wi-Fi.jpg\" \/>\n\t<meta property=\"og:image:width\" content=\"1024\" \/>\n\t<meta property=\"og:image:height\" content=\"576\" \/>\n\t<meta property=\"og:image:type\" content=\"image\/jpeg\" \/>\n<meta name=\"author\" content=\"BS\" \/>\n<meta name=\"twitter:card\" content=\"summary_large_image\" \/>\n<meta name=\"twitter:creator\" content=\"@speedtestpl\" \/>\n<meta name=\"twitter:site\" content=\"@speedtestpl\" \/>\n<meta name=\"twitter:label1\" content=\"Napisane przez\" \/>\n\t<meta name=\"twitter:data1\" content=\"BS\" \/>\n\t<meta name=\"twitter:label2\" content=\"Szacowany czas czytania\" \/>\n\t<meta name=\"twitter:data2\" content=\"1 minuta\" \/>\n<script type=\"application\/ld+json\" class=\"yoast-schema-graph\">{\"@context\":\"https:\/\/schema.org\",\"@graph\":[{\"@type\":\"WebPage\",\"@id\":\"https:\/\/www.speedtest.pl\/wiadomosci\/wifi\/osrodek-monitorowania-zachowan-rasistowskich-i-ksenofobicznych-wi-fi-lucyfer\/\",\"url\":\"https:\/\/www.speedtest.pl\/wiadomosci\/wifi\/osrodek-monitorowania-zachowan-rasistowskich-i-ksenofobicznych-wi-fi-lucyfer\/\",\"name\":\"O\u015brodek Monitorowania Zachowa\u0144 Rasistowskich i Ksenofobicznych o sieci Wi-Fi \\\"Lucyfer\\\"\",\"isPartOf\":{\"@id\":\"https:\/\/www.speedtest.pl\/wiadomosci\/#website\"},\"primaryImageOfPage\":{\"@id\":\"https:\/\/www.speedtest.pl\/wiadomosci\/wifi\/osrodek-monitorowania-zachowan-rasistowskich-i-ksenofobicznych-wi-fi-lucyfer\/#primaryimage\"},\"image\":{\"@id\":\"https:\/\/www.speedtest.pl\/wiadomosci\/wifi\/osrodek-monitorowania-zachowan-rasistowskich-i-ksenofobicznych-wi-fi-lucyfer\/#primaryimage\"},\"thumbnailUrl\":\"https:\/\/www.speedtest.pl\/wiadomosci\/wp-content\/uploads\/2018\/06\/Wi-Fi.jpg\",\"datePublished\":\"2019-12-28T22:29:26+00:00\",\"author\":{\"@id\":\"https:\/\/www.speedtest.pl\/wiadomosci\/#\/schema\/person\/585facd68912bef34cadd731cd3edaf2\"},\"breadcrumb\":{\"@id\":\"https:\/\/www.speedtest.pl\/wiadomosci\/wifi\/osrodek-monitorowania-zachowan-rasistowskich-i-ksenofobicznych-wi-fi-lucyfer\/#breadcrumb\"},\"inLanguage\":\"pl-PL\",\"potentialAction\":[{\"@type\":\"ReadAction\",\"target\":[\"https:\/\/www.speedtest.pl\/wiadomosci\/wifi\/osrodek-monitorowania-zachowan-rasistowskich-i-ksenofobicznych-wi-fi-lucyfer\/\"]}]},{\"@type\":\"ImageObject\",\"inLanguage\":\"pl-PL\",\"@id\":\"https:\/\/www.speedtest.pl\/wiadomosci\/wifi\/osrodek-monitorowania-zachowan-rasistowskich-i-ksenofobicznych-wi-fi-lucyfer\/#primaryimage\",\"url\":\"https:\/\/www.speedtest.pl\/wiadomosci\/wp-content\/uploads\/2018\/06\/Wi-Fi.jpg\",\"contentUrl\":\"https:\/\/www.speedtest.pl\/wiadomosci\/wp-content\/uploads\/2018\/06\/Wi-Fi.jpg\",\"width\":1024,\"height\":576,\"caption\":\"Wi-Fi\"},{\"@type\":\"BreadcrumbList\",\"@id\":\"https:\/\/www.speedtest.pl\/wiadomosci\/wifi\/osrodek-monitorowania-zachowan-rasistowskich-i-ksenofobicznych-wi-fi-lucyfer\/#breadcrumb\",\"itemListElement\":[{\"@type\":\"ListItem\",\"position\":1,\"name\":\"Strona g\u0142\u00f3wna\",\"item\":\"https:\/\/www.speedtest.pl\/wiadomosci\/\"},{\"@type\":\"ListItem\",\"position\":2,\"name\":\"O\u015brodek Monitorowania Zachowa\u0144 Rasistowskich i Ksenofobicznych o sieci Wi-Fi &#8220;Lucyfer&#8221;\"}]},{\"@type\":\"WebSite\",\"@id\":\"https:\/\/www.speedtest.pl\/wiadomosci\/#website\",\"url\":\"https:\/\/www.speedtest.pl\/wiadomosci\/\",\"name\":\"SpeedTest.pl Wiadomo\u015bci\",\"description\":\"Rankingi ISP, newsy i opinie ze \u015bwiata IT, recenzje sprz\u0119tu, gry, motoryzacja\",\"potentialAction\":[{\"@type\":\"SearchAction\",\"target\":{\"@type\":\"EntryPoint\",\"urlTemplate\":\"https:\/\/www.speedtest.pl\/wiadomosci\/?s={search_term_string}\"},\"query-input\":{\"@type\":\"PropertyValueSpecification\",\"valueRequired\":true,\"valueName\":\"search_term_string\"}}],\"inLanguage\":\"pl-PL\"},{\"@type\":\"Person\",\"@id\":\"https:\/\/www.speedtest.pl\/wiadomosci\/#\/schema\/person\/585facd68912bef34cadd731cd3edaf2\",\"name\":\"BS\",\"image\":{\"@type\":\"ImageObject\",\"inLanguage\":\"pl-PL\",\"@id\":\"https:\/\/www.speedtest.pl\/wiadomosci\/#\/schema\/person\/image\/\",\"url\":\"https:\/\/www.speedtest.pl\/wiadomosci\/wp-content\/uploads\/2018\/01\/bek.png\",\"contentUrl\":\"https:\/\/www.speedtest.pl\/wiadomosci\/wp-content\/uploads\/2018\/01\/bek.png\",\"caption\":\"BS\"},\"description\":\"Bernard to redaktor naczelny SpeedTest.pl. Jest analitykiem i pasjonatem gier. Studiowa\u0142 na Politechnice Wroc\u0142awskiej informatyk\u0119 i zarz\u0105dzanie. Lubi szybkie samochody, podr\u00f3\u017ce do egzotycznych kraj\u00f3w oraz dobre ksi\u0105\u017cki z kategorii fantastyka.\",\"url\":\"https:\/\/www.speedtest.pl\/wiadomosci\/author\/bernard\/\"}]}<\/script>\n<!-- \/ Yoast SEO plugin. -->","yoast_head_json":{"title":"O\u015brodek Monitorowania Zachowa\u0144 Rasistowskich i Ksenofobicznych o sieci Wi-Fi \"Lucyfer\"","robots":{"index":"index","follow":"follow","max-snippet":"max-snippet:-1","max-image-preview":"max-image-preview:large","max-video-preview":"max-video-preview:-1"},"canonical":"https:\/\/www.speedtest.pl\/wiadomosci\/wifi\/osrodek-monitorowania-zachowan-rasistowskich-i-ksenofobicznych-wi-fi-lucyfer\/","og_locale":"pl_PL","og_type":"article","og_title":"O\u015brodek Monitorowania Zachowa\u0144 Rasistowskich i Ksenofobicznych o sieci Wi-Fi \"Lucyfer\"","og_description":"O\u015brodek Monitorowania Zachowa\u0144 Rasistowskich i Ksenofobicznych otrzyma\u0142 zg\u0142oszenie w sprawie, s\u0142ynnej ju\u017c na ca\u0142\u0105 Polsk\u0119, sieci Wi-Fi o nazwie &#8222;Lucyfer&#8221;. Jednak nie chce si\u0119 t\u0105 spraw\u0105 zajmowa\u0107. Sprawa kontrowersyjnej sieci Wi-Fi, kt\u00f3rej sygna\u0142 dociera na teren podwarszawskiej parafii, obieg\u0142a ju\u017c ca\u0142\u0105 Polsk\u0119. Rozchodzi si\u0119 access point nazwany &#8222;Lucyfer&#8221;, kt\u00f3ry mie\u015bci si\u0119 w domu s\u0105siaduj\u0105cym z [&hellip;]","og_url":"https:\/\/www.speedtest.pl\/wiadomosci\/wifi\/osrodek-monitorowania-zachowan-rasistowskich-i-ksenofobicznych-wi-fi-lucyfer\/","og_site_name":"SpeedTest.pl Wiadomo\u015bci","article_publisher":"https:\/\/www.facebook.com\/speedtestpl\/","article_published_time":"2019-12-28T22:29:26+00:00","og_image":[{"width":1024,"height":576,"url":"https:\/\/www.speedtest.pl\/wiadomosci\/wp-content\/uploads\/2018\/06\/Wi-Fi.jpg","type":"image\/jpeg"}],"author":"BS","twitter_card":"summary_large_image","twitter_creator":"@speedtestpl","twitter_site":"@speedtestpl","twitter_misc":{"Napisane przez":"BS","Szacowany czas czytania":"1 minuta"},"schema":{"@context":"https:\/\/schema.org","@graph":[{"@type":"WebPage","@id":"https:\/\/www.speedtest.pl\/wiadomosci\/wifi\/osrodek-monitorowania-zachowan-rasistowskich-i-ksenofobicznych-wi-fi-lucyfer\/","url":"https:\/\/www.speedtest.pl\/wiadomosci\/wifi\/osrodek-monitorowania-zachowan-rasistowskich-i-ksenofobicznych-wi-fi-lucyfer\/","name":"O\u015brodek Monitorowania Zachowa\u0144 Rasistowskich i Ksenofobicznych o sieci Wi-Fi \"Lucyfer\"","isPartOf":{"@id":"https:\/\/www.speedtest.pl\/wiadomosci\/#website"},"primaryImageOfPage":{"@id":"https:\/\/www.speedtest.pl\/wiadomosci\/wifi\/osrodek-monitorowania-zachowan-rasistowskich-i-ksenofobicznych-wi-fi-lucyfer\/#primaryimage"},"image":{"@id":"https:\/\/www.speedtest.pl\/wiadomosci\/wifi\/osrodek-monitorowania-zachowan-rasistowskich-i-ksenofobicznych-wi-fi-lucyfer\/#primaryimage"},"thumbnailUrl":"https:\/\/www.speedtest.pl\/wiadomosci\/wp-content\/uploads\/2018\/06\/Wi-Fi.jpg","datePublished":"2019-12-28T22:29:26+00:00","author":{"@id":"https:\/\/www.speedtest.pl\/wiadomosci\/#\/schema\/person\/585facd68912bef34cadd731cd3edaf2"},"breadcrumb":{"@id":"https:\/\/www.speedtest.pl\/wiadomosci\/wifi\/osrodek-monitorowania-zachowan-rasistowskich-i-ksenofobicznych-wi-fi-lucyfer\/#breadcrumb"},"inLanguage":"pl-PL","potentialAction":[{"@type":"ReadAction","target":["https:\/\/www.speedtest.pl\/wiadomosci\/wifi\/osrodek-monitorowania-zachowan-rasistowskich-i-ksenofobicznych-wi-fi-lucyfer\/"]}]},{"@type":"ImageObject","inLanguage":"pl-PL","@id":"https:\/\/www.speedtest.pl\/wiadomosci\/wifi\/osrodek-monitorowania-zachowan-rasistowskich-i-ksenofobicznych-wi-fi-lucyfer\/#primaryimage","url":"https:\/\/www.speedtest.pl\/wiadomosci\/wp-content\/uploads\/2018\/06\/Wi-Fi.jpg","contentUrl":"https:\/\/www.speedtest.pl\/wiadomosci\/wp-content\/uploads\/2018\/06\/Wi-Fi.jpg","width":1024,"height":576,"caption":"Wi-Fi"},{"@type":"BreadcrumbList","@id":"https:\/\/www.speedtest.pl\/wiadomosci\/wifi\/osrodek-monitorowania-zachowan-rasistowskich-i-ksenofobicznych-wi-fi-lucyfer\/#breadcrumb","itemListElement":[{"@type":"ListItem","position":1,"name":"Strona g\u0142\u00f3wna","item":"https:\/\/www.speedtest.pl\/wiadomosci\/"},{"@type":"ListItem","position":2,"name":"O\u015brodek Monitorowania Zachowa\u0144 Rasistowskich i Ksenofobicznych o sieci Wi-Fi &#8220;Lucyfer&#8221;"}]},{"@type":"WebSite","@id":"https:\/\/www.speedtest.pl\/wiadomosci\/#website","url":"https:\/\/www.speedtest.pl\/wiadomosci\/","name":"SpeedTest.pl Wiadomo\u015bci","description":"Rankingi ISP, newsy i opinie ze \u015bwiata IT, recenzje sprz\u0119tu, gry, motoryzacja","potentialAction":[{"@type":"SearchAction","target":{"@type":"EntryPoint","urlTemplate":"https:\/\/www.speedtest.pl\/wiadomosci\/?s={search_term_string}"},"query-input":{"@type":"PropertyValueSpecification","valueRequired":true,"valueName":"search_term_string"}}],"inLanguage":"pl-PL"},{"@type":"Person","@id":"https:\/\/www.speedtest.pl\/wiadomosci\/#\/schema\/person\/585facd68912bef34cadd731cd3edaf2","name":"BS","image":{"@type":"ImageObject","inLanguage":"pl-PL","@id":"https:\/\/www.speedtest.pl\/wiadomosci\/#\/schema\/person\/image\/","url":"https:\/\/www.speedtest.pl\/wiadomosci\/wp-content\/uploads\/2018\/01\/bek.png","contentUrl":"https:\/\/www.speedtest.pl\/wiadomosci\/wp-content\/uploads\/2018\/01\/bek.png","caption":"BS"},"description":"Bernard to redaktor naczelny SpeedTest.pl. Jest analitykiem i pasjonatem gier. Studiowa\u0142 na Politechnice Wroc\u0142awskiej informatyk\u0119 i zarz\u0105dzanie. Lubi szybkie samochody, podr\u00f3\u017ce do egzotycznych kraj\u00f3w oraz dobre ksi\u0105\u017cki z kategorii fantastyka.","url":"https:\/\/www.speedtest.pl\/wiadomosci\/author\/bernard\/"}]}},"jetpack_featured_media_url":"https:\/\/www.speedtest.pl\/wiadomosci\/wp-content\/uploads\/2018\/06\/Wi-Fi.jpg","jetpack_sharing_enabled":true,"jetpack_shortlink":"https:\/\/wp.me\/p85ce0-6PD","_links":{"self":[{"href":"https:\/\/www.speedtest.pl\/wiadomosci\/wp-json\/wp\/v2\/posts\/26265","targetHints":{"allow":["GET"]}}],"collection":[{"href":"https:\/\/www.speedtest.pl\/wiadomosci\/wp-json\/wp\/v2\/posts"}],"about":[{"href":"https:\/\/www.speedtest.pl\/wiadomosci\/wp-json\/wp\/v2\/types\/post"}],"author":[{"embeddable":true,"href":"https:\/\/www.speedtest.pl\/wiadomosci\/wp-json\/wp\/v2\/users\/13"}],"replies":[{"embeddable":true,"href":"https:\/\/www.speedtest.pl\/wiadomosci\/wp-json\/wp\/v2\/comments?post=26265"}],"version-history":[{"count":2,"href":"https:\/\/www.speedtest.pl\/wiadomosci\/wp-json\/wp\/v2\/posts\/26265\/revisions"}],"predecessor-version":[{"id":26268,"href":"https:\/\/www.speedtest.pl\/wiadomosci\/wp-json\/wp\/v2\/posts\/26265\/revisions\/26268"}],"wp:featuredmedia":[{"embeddable":true,"href":"https:\/\/www.speedtest.pl\/wiadomosci\/wp-json\/wp\/v2\/media\/16513"}],"wp:attachment":[{"href":"https:\/\/www.speedtest.pl\/wiadomosci\/wp-json\/wp\/v2\/media?parent=26265"}],"wp:term":[{"taxonomy":"category","embeddable":true,"href":"https:\/\/www.speedtest.pl\/wiadomosci\/wp-json\/wp\/v2\/categories?post=26265"},{"taxonomy":"post_tag","embeddable":true,"href":"https:\/\/www.speedtest.pl\/wiadomosci\/wp-json\/wp\/v2\/tags?post=26265"},{"taxonomy":"table_tags","embeddable":true,"href":"https:\/\/www.speedtest.pl\/wiadomosci\/wp-json\/wp\/v2\/table_tags?post=26265"}],"curies":[{"name":"wp","href":"https:\/\/api.w.org\/{rel}","templated":true}]}}