{"id":25931,"date":"2019-12-02T12:59:52","date_gmt":"2019-12-02T11:59:52","guid":{"rendered":"https:\/\/www.speedtest.pl\/wiadomosci\/?p=25931"},"modified":"2019-12-02T12:59:53","modified_gmt":"2019-12-02T11:59:53","slug":"motorola-razr-w-polsce-orange-esim","status":"publish","type":"post","link":"https:\/\/www.speedtest.pl\/wiadomosci\/sprzet\/motorola-razr-w-polsce-orange-esim\/","title":{"rendered":"Motorola Razr w Polsce, ale tylko w salonach Orange &#8211; to zas\u0142uga eSIM"},"content":{"rendered":"\n<p><strong>Sk\u0142adana Motorola Razr mia\u0142a by\u0107 sprzedawana jedynie przez ameryka\u0144skiego operatora Verizon. Dlatego nikt nie spodziewa\u0142 si\u0119 tego modelu w Polsce. Tymczasem okaza\u0142o si\u0119, \u017ce smartfon ten zmierza do salon\u00f3w polskiego oddzia\u0142u Orange.<\/strong><\/p>\n\n\n\n<p>Nowa Motorola Razr jest do\u015b\u0107 wyj\u0105tkowym smartfonem. Jest to pierwsze urz\u0105dzenie, kt\u00f3re jest faktycznie sk\u0142adanym smartfonem, a nie tabletem. Dla kr\u00f3tkiego przypomnienia. Motorola Razr po roz\u0142o\u017ceniu oferuje przestrze\u0144 robocz\u0105 zbli\u017con\u0105 do zwyk\u0142ego wsp\u00f3\u0142czesnego smartfona. Z kolei po z\u0142o\u017ceniu u\u017cytkownik ma do dyspozycji jedynie niewielki wy\u015bwietlacz, na kt\u00f3rym widoczne s\u0105 jedynie powiadomienia i SMSy. Czyli jest to pierwszy smartfon ze sk\u0142adanym wy\u015bwietlaczem, kt\u00f3ry korzysta z koncepcji tradycyjnego telefonu kom\u00f3rkowego z klapk\u0105. Pocz\u0105tkowo <a href=\"https:\/\/www.speedtest.pl\/wiadomosci\/sprzet\/hello-moto-skladana-motorola-razr-oficjalnie\/\">model ten mia\u0142 by\u0107 dost\u0119pny jedynie w ofercie ameryka\u0144skiego operatora Verizon<\/a>, kt\u00f3ry wyceni\u0142 go na 1500 dolar\u00f3w. Jednak nie tylko Amerykanie b\u0119d\u0105 mogli kupi\u0107 now\u0105 Motorol\u0119. Wojciech Jabczy\u0144ski, rzecznik prasowy Orange Polska, poinformowa\u0142, \u017ce smartfon ten trafi r\u00f3wnie\u017c do salon\u00f3w &#8222;pomara\u0144czowej sieci&#8221;.<\/p>\n\n\n\n<figure class=\"wp-block-embed-twitter wp-block-embed is-type-rich is-provider-twitter\"><div class=\"wp-block-embed__wrapper\">\n<div class=\"twitter-tweet\"><blockquote class=\"twitter-tweet\" data-lang=\"pl\"><p lang=\"pl\" dir=\"ltr\">Pierwszy raz w r\u0119kach rzecznika sk\u0142adana pi\u0119kna <a href=\"https:\/\/twitter.com\/hashtag\/motorolarazr?src=hash&amp;ref_src=twsrc%5Etfw\" rel=\"external nofollow\">#motorolarazr<\/a>. W styczniu pojawi si\u0119 na wy\u0142\u0105czno\u015b\u0107  w ofercie <a href=\"https:\/\/twitter.com\/Orange_Polska?ref_src=twsrc%5Etfw\" rel=\"external nofollow\">@Orange_Polska<\/a> z <a href=\"https:\/\/twitter.com\/hashtag\/eSIM?src=hash&amp;ref_src=twsrc%5Etfw\" rel=\"external nofollow\">#eSIM<\/a>. Moim zdaniem najlepszy smartfon ze sk\u0142adanym ekranem jaki dotychczas widzia\u0142em \ud83d\udc4d\ud83d\ude0a <a href=\"https:\/\/t.co\/Ttw1CA8MFY\" rel=\"external nofollow\">pic.twitter.com\/Ttw1CA8MFY<\/a><\/p>&mdash; Wojtek Jabczy\u0144ski (@RzecznikOrange) <a href=\"https:\/\/twitter.com\/RzecznikOrange\/status\/1200388330195738624?ref_src=twsrc%5Etfw\" rel=\"external nofollow\">29 listopada 2019<\/a><\/blockquote><\/div>\n<\/div><\/figure>\n\n\n\n<h2 class=\"wp-block-heading\">Motorola Razr w ofercie Orange tylko dzi\u0119ki eSIM<\/h2>\n\n\n\n<p>Orange jest aktualnie jedynym operatorem w Polsce, kt\u00f3ry z powodzeniem wdro\u017cy\u0142 rozwi\u0105zanie eSIM. Dzi\u0119ki temu w ofercie operatora znajdziemy nie tylko smartwatche z modemami LTE, ale r\u00f3wnie\u017c smartfony pozbawione fizycznych kart SIM. Akurat nowa sk\u0142adana Motorola Razr jest jedynym znanym nam modelem, kt\u00f3ry mo\u017ce dzia\u0142a\u0107 jedynie w sieciach wspieraj\u0105cych elektroniczn\u0105 kart\u0119 SIM. Czy taka jest przysz\u0142o\u015b\u0107? Trudno nam powiedzie\u0107. Jednak ju\u017c teraz mo\u017cemy stwierdzi\u0107, \u017ce sk\u0142adane ekrany pozwalaj\u0105 na dwutorowy rozw\u00f3j rynku urz\u0105dze\u0144 mobilnych. Jedni producenci (jak Samsung i Huawei) poszli w stron\u0119 smartfono-tablet\u00f3w, czyli jeszcze wi\u0119kszych urz\u0105dze\u0144. Jednak Motorola uwa\u017ca, \u017ce u\u017cytkownikom zale\u017cy r\u00f3wnie\u017c na tym, \u017ceby nowoczesny telefon kom\u00f3rkowy by\u0142 ma\u0142y i por\u0119czny. Dlatego te\u017c firma postawi\u0142a na miniaturyzacj\u0119. <\/p>\n\n\n\n<p>Niestety rezygnacja z tradycyjnej karty SIM wi\u0105\u017ce si\u0119 z jednoczesnym zaw\u0119\u017ceniem potencjalnej grupy odbiorc\u00f3w. Klienci, kt\u00f3rzy zdecyduj\u0105 si\u0119 na kupno Motoroli Razr b\u0119d\u0105 musieli zdecydowa\u0107 si\u0119 nie tylko na kupno drogiego &#8222;\u015bredniaka&#8221;, ale w wielu przypadkach decyzja ta b\u0119dzie oznacza\u0107 zmian\u0119 operatora.<\/p>\n","protected":false},"excerpt":{"rendered":"<p>Sk\u0142adana Motorola Razr mia\u0142a by\u0107 sprzedawana jedynie przez ameryka\u0144skiego operatora Verizon. Dlatego nikt nie spodziewa\u0142 si\u0119 tego modelu w Polsce. Tymczasem okaza\u0142o si\u0119, \u017ce smartfon ten zmierza do salon\u00f3w polskiego oddzia\u0142u Orange. Nowa Motorola Razr jest do\u015b\u0107 wyj\u0105tkowym smartfonem. Jest to pierwsze urz\u0105dzenie, kt\u00f3re jest faktycznie sk\u0142adanym smartfonem, a nie tabletem. Dla kr\u00f3tkiego przypomnienia. Motorola [&hellip;]<\/p>\n","protected":false},"author":12,"featured_media":25696,"comment_status":"closed","ping_status":"open","sticky":false,"template":"","format":"standard","meta":{"jetpack_post_was_ever_published":false,"_jetpack_newsletter_access":"","_jetpack_dont_email_post_to_subs":false,"_jetpack_newsletter_tier_id":0,"_jetpack_memberships_contains_paywalled_content":false,"_jetpack_memberships_contains_paid_content":false,"footnotes":"","jetpack_publicize_message":"","jetpack_publicize_feature_enabled":true,"jetpack_social_post_already_shared":true,"jetpack_social_options":{"image_generator_settings":{"template":"highway","enabled":false},"version":2}},"categories":[331,37],"tags":[34,2512,743,5239,359,4592,173],"table_tags":[],"class_list":["post-25931","post","type-post","status-publish","format-standard","has-post-thumbnail","hentry","category-android","category-sprzet","tag-android","tag-esim","tag-motorola","tag-motorola-razr","tag-orange","tag-razr","tag-smartfon"],"jetpack_publicize_connections":[],"yoast_head":"<!-- This site is optimized with the Yoast SEO plugin v24.8.1 - https:\/\/yoast.com\/wordpress\/plugins\/seo\/ -->\n<title>Motorola Razr w Polsce, ale tylko w salonach Orange - to zas\u0142uga eSIM<\/title>\n<meta name=\"robots\" content=\"index, follow, max-snippet:-1, max-image-preview:large, max-video-preview:-1\" \/>\n<link rel=\"canonical\" href=\"https:\/\/www.speedtest.pl\/wiadomosci\/sprzet\/motorola-razr-w-polsce-orange-esim\/\" \/>\n<meta property=\"og:locale\" content=\"pl_PL\" \/>\n<meta property=\"og:type\" content=\"article\" \/>\n<meta property=\"og:title\" content=\"Motorola Razr w Polsce, ale tylko w salonach Orange - to zas\u0142uga eSIM\" \/>\n<meta property=\"og:description\" content=\"Sk\u0142adana Motorola Razr mia\u0142a by\u0107 sprzedawana jedynie przez ameryka\u0144skiego operatora Verizon. Dlatego nikt nie spodziewa\u0142 si\u0119 tego modelu w Polsce. Tymczasem okaza\u0142o si\u0119, \u017ce smartfon ten zmierza do salon\u00f3w polskiego oddzia\u0142u Orange. Nowa Motorola Razr jest do\u015b\u0107 wyj\u0105tkowym smartfonem. Jest to pierwsze urz\u0105dzenie, kt\u00f3re jest faktycznie sk\u0142adanym smartfonem, a nie tabletem. Dla kr\u00f3tkiego przypomnienia. Motorola [&hellip;]\" \/>\n<meta property=\"og:url\" content=\"https:\/\/www.speedtest.pl\/wiadomosci\/sprzet\/motorola-razr-w-polsce-orange-esim\/\" \/>\n<meta property=\"og:site_name\" content=\"SpeedTest.pl Wiadomo\u015bci\" \/>\n<meta property=\"article:publisher\" content=\"https:\/\/www.facebook.com\/speedtestpl\/\" \/>\n<meta property=\"article:published_time\" content=\"2019-12-02T11:59:52+00:00\" \/>\n<meta property=\"article:modified_time\" content=\"2019-12-02T11:59:53+00:00\" \/>\n<meta property=\"og:image\" content=\"https:\/\/www.speedtest.pl\/wiadomosci\/wp-content\/uploads\/2019\/11\/Motorola-Razr.jpg\" \/>\n\t<meta property=\"og:image:width\" content=\"1024\" \/>\n\t<meta property=\"og:image:height\" content=\"576\" \/>\n\t<meta property=\"og:image:type\" content=\"image\/jpeg\" \/>\n<meta name=\"author\" content=\"PJ\" \/>\n<meta name=\"twitter:card\" content=\"summary_large_image\" \/>\n<meta name=\"twitter:creator\" content=\"@speedtestpl\" \/>\n<meta name=\"twitter:site\" content=\"@speedtestpl\" \/>\n<meta name=\"twitter:label1\" content=\"Napisane przez\" \/>\n\t<meta name=\"twitter:data1\" content=\"PJ\" \/>\n\t<meta name=\"twitter:label2\" content=\"Szacowany czas czytania\" \/>\n\t<meta name=\"twitter:data2\" content=\"2 minuty\" \/>\n<script type=\"application\/ld+json\" class=\"yoast-schema-graph\">{\"@context\":\"https:\/\/schema.org\",\"@graph\":[{\"@type\":\"WebPage\",\"@id\":\"https:\/\/www.speedtest.pl\/wiadomosci\/sprzet\/motorola-razr-w-polsce-orange-esim\/\",\"url\":\"https:\/\/www.speedtest.pl\/wiadomosci\/sprzet\/motorola-razr-w-polsce-orange-esim\/\",\"name\":\"Motorola Razr w Polsce, ale tylko w salonach Orange - to zas\u0142uga eSIM\",\"isPartOf\":{\"@id\":\"https:\/\/www.speedtest.pl\/wiadomosci\/#website\"},\"primaryImageOfPage\":{\"@id\":\"https:\/\/www.speedtest.pl\/wiadomosci\/sprzet\/motorola-razr-w-polsce-orange-esim\/#primaryimage\"},\"image\":{\"@id\":\"https:\/\/www.speedtest.pl\/wiadomosci\/sprzet\/motorola-razr-w-polsce-orange-esim\/#primaryimage\"},\"thumbnailUrl\":\"https:\/\/www.speedtest.pl\/wiadomosci\/wp-content\/uploads\/2019\/11\/Motorola-Razr.jpg\",\"datePublished\":\"2019-12-02T11:59:52+00:00\",\"dateModified\":\"2019-12-02T11:59:53+00:00\",\"author\":{\"@id\":\"https:\/\/www.speedtest.pl\/wiadomosci\/#\/schema\/person\/1e51a1178096c8851f7d3ab0575726e4\"},\"breadcrumb\":{\"@id\":\"https:\/\/www.speedtest.pl\/wiadomosci\/sprzet\/motorola-razr-w-polsce-orange-esim\/#breadcrumb\"},\"inLanguage\":\"pl-PL\",\"potentialAction\":[{\"@type\":\"ReadAction\",\"target\":[\"https:\/\/www.speedtest.pl\/wiadomosci\/sprzet\/motorola-razr-w-polsce-orange-esim\/\"]}]},{\"@type\":\"ImageObject\",\"inLanguage\":\"pl-PL\",\"@id\":\"https:\/\/www.speedtest.pl\/wiadomosci\/sprzet\/motorola-razr-w-polsce-orange-esim\/#primaryimage\",\"url\":\"https:\/\/www.speedtest.pl\/wiadomosci\/wp-content\/uploads\/2019\/11\/Motorola-Razr.jpg\",\"contentUrl\":\"https:\/\/www.speedtest.pl\/wiadomosci\/wp-content\/uploads\/2019\/11\/Motorola-Razr.jpg\",\"width\":1024,\"height\":576,\"caption\":\"Motorola Razr\"},{\"@type\":\"BreadcrumbList\",\"@id\":\"https:\/\/www.speedtest.pl\/wiadomosci\/sprzet\/motorola-razr-w-polsce-orange-esim\/#breadcrumb\",\"itemListElement\":[{\"@type\":\"ListItem\",\"position\":1,\"name\":\"Strona g\u0142\u00f3wna\",\"item\":\"https:\/\/www.speedtest.pl\/wiadomosci\/\"},{\"@type\":\"ListItem\",\"position\":2,\"name\":\"Motorola Razr w Polsce, ale tylko w salonach Orange &#8211; to zas\u0142uga eSIM\"}]},{\"@type\":\"WebSite\",\"@id\":\"https:\/\/www.speedtest.pl\/wiadomosci\/#website\",\"url\":\"https:\/\/www.speedtest.pl\/wiadomosci\/\",\"name\":\"SpeedTest.pl Wiadomo\u015bci\",\"description\":\"Rankingi ISP, newsy i opinie ze \u015bwiata IT, recenzje sprz\u0119tu, gry, motoryzacja\",\"potentialAction\":[{\"@type\":\"SearchAction\",\"target\":{\"@type\":\"EntryPoint\",\"urlTemplate\":\"https:\/\/www.speedtest.pl\/wiadomosci\/?s={search_term_string}\"},\"query-input\":{\"@type\":\"PropertyValueSpecification\",\"valueRequired\":true,\"valueName\":\"search_term_string\"}}],\"inLanguage\":\"pl-PL\"},{\"@type\":\"Person\",\"@id\":\"https:\/\/www.speedtest.pl\/wiadomosci\/#\/schema\/person\/1e51a1178096c8851f7d3ab0575726e4\",\"name\":\"PJ\",\"image\":{\"@type\":\"ImageObject\",\"inLanguage\":\"pl-PL\",\"@id\":\"https:\/\/www.speedtest.pl\/wiadomosci\/#\/schema\/person\/image\/\",\"url\":\"https:\/\/www.speedtest.pl\/wiadomosci\/wp-content\/uploads\/2018\/01\/AAEAAQAAAAAAAAk2AAAAJDNhNWRlODdhLWY3MjYtNGFjNC04MzY1LTI1Zjc4NmI4YmE0OQ-150x150.jpg\",\"contentUrl\":\"https:\/\/www.speedtest.pl\/wiadomosci\/wp-content\/uploads\/2018\/01\/AAEAAQAAAAAAAAk2AAAAJDNhNWRlODdhLWY3MjYtNGFjNC04MzY1LTI1Zjc4NmI4YmE0OQ-150x150.jpg\",\"caption\":\"PJ\"},\"description\":\"Przemek jest m\u00f3zgiem operacyjnym SpeedTest.pl. Studiowa\u0142 na Politechnice Wroc\u0142awskiej elektronik\u0119 i telekomunikacj\u0119. Zarz\u0105dza projektami IT, relacjami z klientami oraz nadzoruje procesy rozwoju. Prywatnie zaanga\u017cowany w rodzin\u0119, wsparcie r\u00f3\u017cnych dzia\u0142alno\u015bci charytatywnych i projekty ekstremalne.\",\"url\":\"https:\/\/www.speedtest.pl\/wiadomosci\/author\/przemek\/\"}]}<\/script>\n<!-- \/ Yoast SEO plugin. -->","yoast_head_json":{"title":"Motorola Razr w Polsce, ale tylko w salonach Orange - to zas\u0142uga eSIM","robots":{"index":"index","follow":"follow","max-snippet":"max-snippet:-1","max-image-preview":"max-image-preview:large","max-video-preview":"max-video-preview:-1"},"canonical":"https:\/\/www.speedtest.pl\/wiadomosci\/sprzet\/motorola-razr-w-polsce-orange-esim\/","og_locale":"pl_PL","og_type":"article","og_title":"Motorola Razr w Polsce, ale tylko w salonach Orange - to zas\u0142uga eSIM","og_description":"Sk\u0142adana Motorola Razr mia\u0142a by\u0107 sprzedawana jedynie przez ameryka\u0144skiego operatora Verizon. Dlatego nikt nie spodziewa\u0142 si\u0119 tego modelu w Polsce. Tymczasem okaza\u0142o si\u0119, \u017ce smartfon ten zmierza do salon\u00f3w polskiego oddzia\u0142u Orange. Nowa Motorola Razr jest do\u015b\u0107 wyj\u0105tkowym smartfonem. Jest to pierwsze urz\u0105dzenie, kt\u00f3re jest faktycznie sk\u0142adanym smartfonem, a nie tabletem. Dla kr\u00f3tkiego przypomnienia. Motorola [&hellip;]","og_url":"https:\/\/www.speedtest.pl\/wiadomosci\/sprzet\/motorola-razr-w-polsce-orange-esim\/","og_site_name":"SpeedTest.pl Wiadomo\u015bci","article_publisher":"https:\/\/www.facebook.com\/speedtestpl\/","article_published_time":"2019-12-02T11:59:52+00:00","article_modified_time":"2019-12-02T11:59:53+00:00","og_image":[{"width":1024,"height":576,"url":"https:\/\/www.speedtest.pl\/wiadomosci\/wp-content\/uploads\/2019\/11\/Motorola-Razr.jpg","type":"image\/jpeg"}],"author":"PJ","twitter_card":"summary_large_image","twitter_creator":"@speedtestpl","twitter_site":"@speedtestpl","twitter_misc":{"Napisane przez":"PJ","Szacowany czas czytania":"2 minuty"},"schema":{"@context":"https:\/\/schema.org","@graph":[{"@type":"WebPage","@id":"https:\/\/www.speedtest.pl\/wiadomosci\/sprzet\/motorola-razr-w-polsce-orange-esim\/","url":"https:\/\/www.speedtest.pl\/wiadomosci\/sprzet\/motorola-razr-w-polsce-orange-esim\/","name":"Motorola Razr w Polsce, ale tylko w salonach Orange - to zas\u0142uga eSIM","isPartOf":{"@id":"https:\/\/www.speedtest.pl\/wiadomosci\/#website"},"primaryImageOfPage":{"@id":"https:\/\/www.speedtest.pl\/wiadomosci\/sprzet\/motorola-razr-w-polsce-orange-esim\/#primaryimage"},"image":{"@id":"https:\/\/www.speedtest.pl\/wiadomosci\/sprzet\/motorola-razr-w-polsce-orange-esim\/#primaryimage"},"thumbnailUrl":"https:\/\/www.speedtest.pl\/wiadomosci\/wp-content\/uploads\/2019\/11\/Motorola-Razr.jpg","datePublished":"2019-12-02T11:59:52+00:00","dateModified":"2019-12-02T11:59:53+00:00","author":{"@id":"https:\/\/www.speedtest.pl\/wiadomosci\/#\/schema\/person\/1e51a1178096c8851f7d3ab0575726e4"},"breadcrumb":{"@id":"https:\/\/www.speedtest.pl\/wiadomosci\/sprzet\/motorola-razr-w-polsce-orange-esim\/#breadcrumb"},"inLanguage":"pl-PL","potentialAction":[{"@type":"ReadAction","target":["https:\/\/www.speedtest.pl\/wiadomosci\/sprzet\/motorola-razr-w-polsce-orange-esim\/"]}]},{"@type":"ImageObject","inLanguage":"pl-PL","@id":"https:\/\/www.speedtest.pl\/wiadomosci\/sprzet\/motorola-razr-w-polsce-orange-esim\/#primaryimage","url":"https:\/\/www.speedtest.pl\/wiadomosci\/wp-content\/uploads\/2019\/11\/Motorola-Razr.jpg","contentUrl":"https:\/\/www.speedtest.pl\/wiadomosci\/wp-content\/uploads\/2019\/11\/Motorola-Razr.jpg","width":1024,"height":576,"caption":"Motorola Razr"},{"@type":"BreadcrumbList","@id":"https:\/\/www.speedtest.pl\/wiadomosci\/sprzet\/motorola-razr-w-polsce-orange-esim\/#breadcrumb","itemListElement":[{"@type":"ListItem","position":1,"name":"Strona g\u0142\u00f3wna","item":"https:\/\/www.speedtest.pl\/wiadomosci\/"},{"@type":"ListItem","position":2,"name":"Motorola Razr w Polsce, ale tylko w salonach Orange &#8211; to zas\u0142uga eSIM"}]},{"@type":"WebSite","@id":"https:\/\/www.speedtest.pl\/wiadomosci\/#website","url":"https:\/\/www.speedtest.pl\/wiadomosci\/","name":"SpeedTest.pl Wiadomo\u015bci","description":"Rankingi ISP, newsy i opinie ze \u015bwiata IT, recenzje sprz\u0119tu, gry, motoryzacja","potentialAction":[{"@type":"SearchAction","target":{"@type":"EntryPoint","urlTemplate":"https:\/\/www.speedtest.pl\/wiadomosci\/?s={search_term_string}"},"query-input":{"@type":"PropertyValueSpecification","valueRequired":true,"valueName":"search_term_string"}}],"inLanguage":"pl-PL"},{"@type":"Person","@id":"https:\/\/www.speedtest.pl\/wiadomosci\/#\/schema\/person\/1e51a1178096c8851f7d3ab0575726e4","name":"PJ","image":{"@type":"ImageObject","inLanguage":"pl-PL","@id":"https:\/\/www.speedtest.pl\/wiadomosci\/#\/schema\/person\/image\/","url":"https:\/\/www.speedtest.pl\/wiadomosci\/wp-content\/uploads\/2018\/01\/AAEAAQAAAAAAAAk2AAAAJDNhNWRlODdhLWY3MjYtNGFjNC04MzY1LTI1Zjc4NmI4YmE0OQ-150x150.jpg","contentUrl":"https:\/\/www.speedtest.pl\/wiadomosci\/wp-content\/uploads\/2018\/01\/AAEAAQAAAAAAAAk2AAAAJDNhNWRlODdhLWY3MjYtNGFjNC04MzY1LTI1Zjc4NmI4YmE0OQ-150x150.jpg","caption":"PJ"},"description":"Przemek jest m\u00f3zgiem operacyjnym SpeedTest.pl. Studiowa\u0142 na Politechnice Wroc\u0142awskiej elektronik\u0119 i telekomunikacj\u0119. Zarz\u0105dza projektami IT, relacjami z klientami oraz nadzoruje procesy rozwoju. Prywatnie zaanga\u017cowany w rodzin\u0119, wsparcie r\u00f3\u017cnych dzia\u0142alno\u015bci charytatywnych i projekty ekstremalne.","url":"https:\/\/www.speedtest.pl\/wiadomosci\/author\/przemek\/"}]}},"jetpack_featured_media_url":"https:\/\/www.speedtest.pl\/wiadomosci\/wp-content\/uploads\/2019\/11\/Motorola-Razr.jpg","jetpack_sharing_enabled":true,"jetpack_shortlink":"https:\/\/wp.me\/p85ce0-6Kf","_links":{"self":[{"href":"https:\/\/www.speedtest.pl\/wiadomosci\/wp-json\/wp\/v2\/posts\/25931","targetHints":{"allow":["GET"]}}],"collection":[{"href":"https:\/\/www.speedtest.pl\/wiadomosci\/wp-json\/wp\/v2\/posts"}],"about":[{"href":"https:\/\/www.speedtest.pl\/wiadomosci\/wp-json\/wp\/v2\/types\/post"}],"author":[{"embeddable":true,"href":"https:\/\/www.speedtest.pl\/wiadomosci\/wp-json\/wp\/v2\/users\/12"}],"replies":[{"embeddable":true,"href":"https:\/\/www.speedtest.pl\/wiadomosci\/wp-json\/wp\/v2\/comments?post=25931"}],"version-history":[{"count":3,"href":"https:\/\/www.speedtest.pl\/wiadomosci\/wp-json\/wp\/v2\/posts\/25931\/revisions"}],"predecessor-version":[{"id":25939,"href":"https:\/\/www.speedtest.pl\/wiadomosci\/wp-json\/wp\/v2\/posts\/25931\/revisions\/25939"}],"wp:featuredmedia":[{"embeddable":true,"href":"https:\/\/www.speedtest.pl\/wiadomosci\/wp-json\/wp\/v2\/media\/25696"}],"wp:attachment":[{"href":"https:\/\/www.speedtest.pl\/wiadomosci\/wp-json\/wp\/v2\/media?parent=25931"}],"wp:term":[{"taxonomy":"category","embeddable":true,"href":"https:\/\/www.speedtest.pl\/wiadomosci\/wp-json\/wp\/v2\/categories?post=25931"},{"taxonomy":"post_tag","embeddable":true,"href":"https:\/\/www.speedtest.pl\/wiadomosci\/wp-json\/wp\/v2\/tags?post=25931"},{"taxonomy":"table_tags","embeddable":true,"href":"https:\/\/www.speedtest.pl\/wiadomosci\/wp-json\/wp\/v2\/table_tags?post=25931"}],"curies":[{"name":"wp","href":"https:\/\/api.w.org\/{rel}","templated":true}]}}