{"id":25339,"date":"2019-10-14T21:56:17","date_gmt":"2019-10-14T19:56:17","guid":{"rendered":"https:\/\/www.speedtest.pl\/wiadomosci\/?p=25339"},"modified":"2019-10-14T21:56:23","modified_gmt":"2019-10-14T19:56:23","slug":"apple-wlasny-modem-5g-2022","status":"publish","type":"post","link":"https:\/\/www.speedtest.pl\/wiadomosci\/5g\/apple-wlasny-modem-5g-2022\/","title":{"rendered":"Apple z w\u0142asnym modemem 5G dopiero w 2022 roku"},"content":{"rendered":"\n<p><strong>Apple ju\u017c od wielu lat pracuje nad w\u0142asnym modemem 5G. Jednak in\u017cynierom z Cupertino nie idzie to zbyt dobrze. Ostatni raport z Fast Company pokazuje, \u017ce pomimo kupna dzia\u0142u Intela, Apple uda si\u0119 wprowadzi\u0107 na rynek w\u0142asny modem 5G dopiero w 2022 roku.<\/strong><\/p>\n\n\n\n<p>Obecnie ka\u017cdy producent smartfon\u00f3w zastanawia si\u0119 nad tym, jak i kiedy wprowadzi\u0107 na rynek pierwsze urz\u0105dzenie z obs\u0142ug\u0105 sieci 5G. Wi\u0119kszo\u015b\u0107 z nich bazuje na modemach dostarczanych przez zewn\u0119trznych dostawc\u00f3w. Obecnie s\u0105 to uk\u0142ady Qualcomma. Jednak niekt\u00f3rzy z nich pracuj\u0105 nad w\u0142asnymi rozwi\u0105zaniami. Swoj\u0105 \u015bcie\u017ck\u0105 pod\u0105\u017caj\u0105 Samsung, Huawei oraz Apple. Przy czym pierwszy iPhone obs\u0142uguj\u0105cy sieci 5G <a href=\"https:\/\/www.speedtest.pl\/wiadomosci\/news\/koniec-wojny-qualcomm-apple-intel\/\">b\u0119dzie wyposa\u017cony w modem Qualcomma<\/a>. Ca\u0142kiem mo\u017cliwe, \u017ce pojawi si\u0119 on na rynku ju\u017c w przysz\u0142ym roku. Apple na tym nie poprzestanie. Szefowie z Cupertino nie lubi\u0105 uzale\u017cnia\u0107 si\u0119 od zewn\u0119trznych dostawc\u00f3w. Dlatego ich in\u017cynierowie od kilku lat pracuj\u0105 nad autorskim modemem 5G. Prace te mia\u0142y przyspieszy\u0107 po <a href=\"https:\/\/www.speedtest.pl\/wiadomosci\/apple\/apple-intel-modem-5g\/\">kupnie dzia\u0142u Intela<\/a>. Jednak Intel r\u00f3wnie\u017c by\u0142 w tyle za Qualcommem, wi\u0119c na wiele si\u0119 to nie zda\u0142o.<\/p>\n\n\n\n<h2 class=\"wp-block-heading\">Apple musi jeszcze rozwi\u0105za\u0107 wiele problem\u00f3w zwi\u0105zanych z modemem 5G<\/h2>\n\n\n\n<p>Opracowanie modemu obs\u0142uguj\u0105cego nowy standard sieci kom\u00f3rkowych jest bardzo skomplikowanym zadaniem. W przypadku Apple jest to jeszcze trudniejsze. W ko\u0144cu in\u017cynierowie z Cupertino musieli w tym samym czasie pracowa\u0107 od podstaw nad uk\u0142adem wspieraj\u0105cych wszystkie standardy \u0142\u0105czno\u015bci. W odr\u00f3\u017cnieniu od Qualcomma, Samsunga i Huawei, nie mogli wykorzysta\u0107 rozwi\u0105za\u0144 opracowanych na potrzeby uk\u0142ad\u00f3w starszej generacji. Dlatego nie dziwi mnie to, \u017ce Apple nie pochwali\u0142o si\u0119 publicznie \u017cadnymi szczeg\u00f3\u0142ami dotycz\u0105cymi autorskiego modemu. Wed\u0142ug danych podanych przez Fast Company pierwszy modem 5G Apple ma bazowa\u0107 na w\u0142asno\u015bci intelektualnej zyskanej wraz z kupnem oddzia\u0142u Intela.<\/p>\n\n\n\n<p>Obecne informacje wskazuj\u0105 na to, \u017ce modem 5G, kt\u00f3ry Apple poka\u017ce w 2022 roku, b\u0119dzie pod k\u0105tem technologicznym w tyle wzgl\u0119dem konkurencji. Zar\u00f3wno Qualcomm, Samsung, jak i Huawei zapowiedzieli premier\u0105 drugiej generacji modem\u00f3w 5G. Uk\u0142ady te b\u0119d\u0105 wyr\u00f3\u017cnia\u0107 si\u0119 tym, \u017ce jeden uk\u0142ad scalony b\u0119dzie obs\u0142ugiwa\u0107 wszystkie generacje sieci kom\u00f3rkowych. Dzi\u0119ki temu smartfon b\u0119dzie zu\u017cywa\u0107 mniej energii podczas korzystania z sieci 5G. Z kolei Apple mo\u017ce nam pokaza\u0107 w 2022 roku rozwi\u0105zanie, kt\u00f3re b\u0119dzie bazowa\u0107 na dw\u00f3ch uk\u0142adach scalonych.<\/p>\n\n\n\n<p>\u0179r\u00f3d\u0142o: <a href=\"https:\/\/www.fastcompany.com\/90416100\/apple-wants-its-own-5g-modem-in-2022s-iphones-but-itll-be-a-squeaker\" rel=\"external nofollow\">Fast Company<\/a><\/p>\n","protected":false},"excerpt":{"rendered":"<p>Apple ju\u017c od wielu lat pracuje nad w\u0142asnym modemem 5G. Jednak in\u017cynierom z Cupertino nie idzie to zbyt dobrze. Ostatni raport z Fast Company pokazuje, \u017ce pomimo kupna dzia\u0142u Intela, Apple uda si\u0119 wprowadzi\u0107 na rynek w\u0142asny modem 5G dopiero w 2022 roku. Obecnie ka\u017cdy producent smartfon\u00f3w zastanawia si\u0119 nad tym, jak i kiedy wprowadzi\u0107 [&hellip;]<\/p>\n","protected":false},"author":12,"featured_media":10773,"comment_status":"closed","ping_status":"open","sticky":false,"template":"","format":"standard","meta":{"jetpack_post_was_ever_published":false,"_jetpack_newsletter_access":"","_jetpack_dont_email_post_to_subs":false,"_jetpack_newsletter_tier_id":0,"_jetpack_memberships_contains_paywalled_content":false,"_jetpack_memberships_contains_paid_content":false,"footnotes":"","jetpack_publicize_message":"#Apple musi jeszcze rozwi\u0105za\u0107 wiele problem\u00f3w zwi\u0105zanych z modemem #5G","jetpack_publicize_feature_enabled":true,"jetpack_social_post_already_shared":true,"jetpack_social_options":{"image_generator_settings":{"template":"highway","enabled":false},"version":2}},"categories":[2344,569],"tags":[143,11,854,1709,1572],"table_tags":[],"class_list":["post-25339","post","type-post","status-publish","format-standard","has-post-thumbnail","hentry","category-5g","category-apple","tag-5g","tag-apple","tag-intel","tag-modem","tag-qualcomm"],"jetpack_publicize_connections":[],"yoast_head":"<!-- This site is optimized with the Yoast SEO plugin v24.8.1 - https:\/\/yoast.com\/wordpress\/plugins\/seo\/ -->\n<title>Apple z w\u0142asnym modemem 5G dopiero w 2022 roku - SpeedTest.pl<\/title>\n<meta name=\"robots\" content=\"index, follow, max-snippet:-1, max-image-preview:large, max-video-preview:-1\" \/>\n<link rel=\"canonical\" href=\"https:\/\/www.speedtest.pl\/wiadomosci\/5g\/apple-wlasny-modem-5g-2022\/\" \/>\n<meta property=\"og:locale\" content=\"pl_PL\" \/>\n<meta property=\"og:type\" content=\"article\" \/>\n<meta property=\"og:title\" content=\"Apple z w\u0142asnym modemem 5G dopiero w 2022 roku - SpeedTest.pl\" \/>\n<meta property=\"og:description\" content=\"Apple ju\u017c od wielu lat pracuje nad w\u0142asnym modemem 5G. Jednak in\u017cynierom z Cupertino nie idzie to zbyt dobrze. Ostatni raport z Fast Company pokazuje, \u017ce pomimo kupna dzia\u0142u Intela, Apple uda si\u0119 wprowadzi\u0107 na rynek w\u0142asny modem 5G dopiero w 2022 roku. Obecnie ka\u017cdy producent smartfon\u00f3w zastanawia si\u0119 nad tym, jak i kiedy wprowadzi\u0107 [&hellip;]\" \/>\n<meta property=\"og:url\" content=\"https:\/\/www.speedtest.pl\/wiadomosci\/5g\/apple-wlasny-modem-5g-2022\/\" \/>\n<meta property=\"og:site_name\" content=\"SpeedTest.pl Wiadomo\u015bci\" \/>\n<meta property=\"article:publisher\" content=\"https:\/\/www.facebook.com\/speedtestpl\/\" \/>\n<meta property=\"article:published_time\" content=\"2019-10-14T19:56:17+00:00\" \/>\n<meta property=\"article:modified_time\" content=\"2019-10-14T19:56:23+00:00\" \/>\n<meta property=\"og:image\" content=\"https:\/\/www.speedtest.pl\/wiadomosci\/wp-content\/uploads\/2017\/07\/apple-5G.jpg\" \/>\n\t<meta property=\"og:image:width\" content=\"1024\" \/>\n\t<meta property=\"og:image:height\" content=\"576\" \/>\n\t<meta property=\"og:image:type\" content=\"image\/jpeg\" \/>\n<meta name=\"author\" content=\"PJ\" \/>\n<meta name=\"twitter:card\" content=\"summary_large_image\" \/>\n<meta name=\"twitter:creator\" content=\"@speedtestpl\" \/>\n<meta name=\"twitter:site\" content=\"@speedtestpl\" \/>\n<meta name=\"twitter:label1\" content=\"Napisane przez\" \/>\n\t<meta name=\"twitter:data1\" content=\"PJ\" \/>\n\t<meta name=\"twitter:label2\" content=\"Szacowany czas czytania\" \/>\n\t<meta name=\"twitter:data2\" content=\"2 minuty\" \/>\n<script type=\"application\/ld+json\" class=\"yoast-schema-graph\">{\"@context\":\"https:\/\/schema.org\",\"@graph\":[{\"@type\":\"WebPage\",\"@id\":\"https:\/\/www.speedtest.pl\/wiadomosci\/5g\/apple-wlasny-modem-5g-2022\/\",\"url\":\"https:\/\/www.speedtest.pl\/wiadomosci\/5g\/apple-wlasny-modem-5g-2022\/\",\"name\":\"Apple z w\u0142asnym modemem 5G dopiero w 2022 roku - SpeedTest.pl\",\"isPartOf\":{\"@id\":\"https:\/\/www.speedtest.pl\/wiadomosci\/#website\"},\"primaryImageOfPage\":{\"@id\":\"https:\/\/www.speedtest.pl\/wiadomosci\/5g\/apple-wlasny-modem-5g-2022\/#primaryimage\"},\"image\":{\"@id\":\"https:\/\/www.speedtest.pl\/wiadomosci\/5g\/apple-wlasny-modem-5g-2022\/#primaryimage\"},\"thumbnailUrl\":\"https:\/\/www.speedtest.pl\/wiadomosci\/wp-content\/uploads\/2017\/07\/apple-5G.jpg\",\"datePublished\":\"2019-10-14T19:56:17+00:00\",\"dateModified\":\"2019-10-14T19:56:23+00:00\",\"author\":{\"@id\":\"https:\/\/www.speedtest.pl\/wiadomosci\/#\/schema\/person\/1e51a1178096c8851f7d3ab0575726e4\"},\"breadcrumb\":{\"@id\":\"https:\/\/www.speedtest.pl\/wiadomosci\/5g\/apple-wlasny-modem-5g-2022\/#breadcrumb\"},\"inLanguage\":\"pl-PL\",\"potentialAction\":[{\"@type\":\"ReadAction\",\"target\":[\"https:\/\/www.speedtest.pl\/wiadomosci\/5g\/apple-wlasny-modem-5g-2022\/\"]}]},{\"@type\":\"ImageObject\",\"inLanguage\":\"pl-PL\",\"@id\":\"https:\/\/www.speedtest.pl\/wiadomosci\/5g\/apple-wlasny-modem-5g-2022\/#primaryimage\",\"url\":\"https:\/\/www.speedtest.pl\/wiadomosci\/wp-content\/uploads\/2017\/07\/apple-5G.jpg\",\"contentUrl\":\"https:\/\/www.speedtest.pl\/wiadomosci\/wp-content\/uploads\/2017\/07\/apple-5G.jpg\",\"width\":1024,\"height\":576,\"caption\":\"Apple 5G\"},{\"@type\":\"BreadcrumbList\",\"@id\":\"https:\/\/www.speedtest.pl\/wiadomosci\/5g\/apple-wlasny-modem-5g-2022\/#breadcrumb\",\"itemListElement\":[{\"@type\":\"ListItem\",\"position\":1,\"name\":\"Strona g\u0142\u00f3wna\",\"item\":\"https:\/\/www.speedtest.pl\/wiadomosci\/\"},{\"@type\":\"ListItem\",\"position\":2,\"name\":\"Apple z w\u0142asnym modemem 5G dopiero w 2022 roku\"}]},{\"@type\":\"WebSite\",\"@id\":\"https:\/\/www.speedtest.pl\/wiadomosci\/#website\",\"url\":\"https:\/\/www.speedtest.pl\/wiadomosci\/\",\"name\":\"SpeedTest.pl Wiadomo\u015bci\",\"description\":\"Rankingi ISP, newsy i opinie ze \u015bwiata IT, recenzje sprz\u0119tu, gry, motoryzacja\",\"potentialAction\":[{\"@type\":\"SearchAction\",\"target\":{\"@type\":\"EntryPoint\",\"urlTemplate\":\"https:\/\/www.speedtest.pl\/wiadomosci\/?s={search_term_string}\"},\"query-input\":{\"@type\":\"PropertyValueSpecification\",\"valueRequired\":true,\"valueName\":\"search_term_string\"}}],\"inLanguage\":\"pl-PL\"},{\"@type\":\"Person\",\"@id\":\"https:\/\/www.speedtest.pl\/wiadomosci\/#\/schema\/person\/1e51a1178096c8851f7d3ab0575726e4\",\"name\":\"PJ\",\"image\":{\"@type\":\"ImageObject\",\"inLanguage\":\"pl-PL\",\"@id\":\"https:\/\/www.speedtest.pl\/wiadomosci\/#\/schema\/person\/image\/\",\"url\":\"https:\/\/www.speedtest.pl\/wiadomosci\/wp-content\/uploads\/2018\/01\/AAEAAQAAAAAAAAk2AAAAJDNhNWRlODdhLWY3MjYtNGFjNC04MzY1LTI1Zjc4NmI4YmE0OQ-150x150.jpg\",\"contentUrl\":\"https:\/\/www.speedtest.pl\/wiadomosci\/wp-content\/uploads\/2018\/01\/AAEAAQAAAAAAAAk2AAAAJDNhNWRlODdhLWY3MjYtNGFjNC04MzY1LTI1Zjc4NmI4YmE0OQ-150x150.jpg\",\"caption\":\"PJ\"},\"description\":\"Przemek jest m\u00f3zgiem operacyjnym SpeedTest.pl. Studiowa\u0142 na Politechnice Wroc\u0142awskiej elektronik\u0119 i telekomunikacj\u0119. Zarz\u0105dza projektami IT, relacjami z klientami oraz nadzoruje procesy rozwoju. Prywatnie zaanga\u017cowany w rodzin\u0119, wsparcie r\u00f3\u017cnych dzia\u0142alno\u015bci charytatywnych i projekty ekstremalne.\",\"url\":\"https:\/\/www.speedtest.pl\/wiadomosci\/author\/przemek\/\"}]}<\/script>\n<!-- \/ Yoast SEO plugin. -->","yoast_head_json":{"title":"Apple z w\u0142asnym modemem 5G dopiero w 2022 roku - SpeedTest.pl","robots":{"index":"index","follow":"follow","max-snippet":"max-snippet:-1","max-image-preview":"max-image-preview:large","max-video-preview":"max-video-preview:-1"},"canonical":"https:\/\/www.speedtest.pl\/wiadomosci\/5g\/apple-wlasny-modem-5g-2022\/","og_locale":"pl_PL","og_type":"article","og_title":"Apple z w\u0142asnym modemem 5G dopiero w 2022 roku - SpeedTest.pl","og_description":"Apple ju\u017c od wielu lat pracuje nad w\u0142asnym modemem 5G. Jednak in\u017cynierom z Cupertino nie idzie to zbyt dobrze. Ostatni raport z Fast Company pokazuje, \u017ce pomimo kupna dzia\u0142u Intela, Apple uda si\u0119 wprowadzi\u0107 na rynek w\u0142asny modem 5G dopiero w 2022 roku. Obecnie ka\u017cdy producent smartfon\u00f3w zastanawia si\u0119 nad tym, jak i kiedy wprowadzi\u0107 [&hellip;]","og_url":"https:\/\/www.speedtest.pl\/wiadomosci\/5g\/apple-wlasny-modem-5g-2022\/","og_site_name":"SpeedTest.pl Wiadomo\u015bci","article_publisher":"https:\/\/www.facebook.com\/speedtestpl\/","article_published_time":"2019-10-14T19:56:17+00:00","article_modified_time":"2019-10-14T19:56:23+00:00","og_image":[{"width":1024,"height":576,"url":"https:\/\/www.speedtest.pl\/wiadomosci\/wp-content\/uploads\/2017\/07\/apple-5G.jpg","type":"image\/jpeg"}],"author":"PJ","twitter_card":"summary_large_image","twitter_creator":"@speedtestpl","twitter_site":"@speedtestpl","twitter_misc":{"Napisane przez":"PJ","Szacowany czas czytania":"2 minuty"},"schema":{"@context":"https:\/\/schema.org","@graph":[{"@type":"WebPage","@id":"https:\/\/www.speedtest.pl\/wiadomosci\/5g\/apple-wlasny-modem-5g-2022\/","url":"https:\/\/www.speedtest.pl\/wiadomosci\/5g\/apple-wlasny-modem-5g-2022\/","name":"Apple z w\u0142asnym modemem 5G dopiero w 2022 roku - SpeedTest.pl","isPartOf":{"@id":"https:\/\/www.speedtest.pl\/wiadomosci\/#website"},"primaryImageOfPage":{"@id":"https:\/\/www.speedtest.pl\/wiadomosci\/5g\/apple-wlasny-modem-5g-2022\/#primaryimage"},"image":{"@id":"https:\/\/www.speedtest.pl\/wiadomosci\/5g\/apple-wlasny-modem-5g-2022\/#primaryimage"},"thumbnailUrl":"https:\/\/www.speedtest.pl\/wiadomosci\/wp-content\/uploads\/2017\/07\/apple-5G.jpg","datePublished":"2019-10-14T19:56:17+00:00","dateModified":"2019-10-14T19:56:23+00:00","author":{"@id":"https:\/\/www.speedtest.pl\/wiadomosci\/#\/schema\/person\/1e51a1178096c8851f7d3ab0575726e4"},"breadcrumb":{"@id":"https:\/\/www.speedtest.pl\/wiadomosci\/5g\/apple-wlasny-modem-5g-2022\/#breadcrumb"},"inLanguage":"pl-PL","potentialAction":[{"@type":"ReadAction","target":["https:\/\/www.speedtest.pl\/wiadomosci\/5g\/apple-wlasny-modem-5g-2022\/"]}]},{"@type":"ImageObject","inLanguage":"pl-PL","@id":"https:\/\/www.speedtest.pl\/wiadomosci\/5g\/apple-wlasny-modem-5g-2022\/#primaryimage","url":"https:\/\/www.speedtest.pl\/wiadomosci\/wp-content\/uploads\/2017\/07\/apple-5G.jpg","contentUrl":"https:\/\/www.speedtest.pl\/wiadomosci\/wp-content\/uploads\/2017\/07\/apple-5G.jpg","width":1024,"height":576,"caption":"Apple 5G"},{"@type":"BreadcrumbList","@id":"https:\/\/www.speedtest.pl\/wiadomosci\/5g\/apple-wlasny-modem-5g-2022\/#breadcrumb","itemListElement":[{"@type":"ListItem","position":1,"name":"Strona g\u0142\u00f3wna","item":"https:\/\/www.speedtest.pl\/wiadomosci\/"},{"@type":"ListItem","position":2,"name":"Apple z w\u0142asnym modemem 5G dopiero w 2022 roku"}]},{"@type":"WebSite","@id":"https:\/\/www.speedtest.pl\/wiadomosci\/#website","url":"https:\/\/www.speedtest.pl\/wiadomosci\/","name":"SpeedTest.pl Wiadomo\u015bci","description":"Rankingi ISP, newsy i opinie ze \u015bwiata IT, recenzje sprz\u0119tu, gry, motoryzacja","potentialAction":[{"@type":"SearchAction","target":{"@type":"EntryPoint","urlTemplate":"https:\/\/www.speedtest.pl\/wiadomosci\/?s={search_term_string}"},"query-input":{"@type":"PropertyValueSpecification","valueRequired":true,"valueName":"search_term_string"}}],"inLanguage":"pl-PL"},{"@type":"Person","@id":"https:\/\/www.speedtest.pl\/wiadomosci\/#\/schema\/person\/1e51a1178096c8851f7d3ab0575726e4","name":"PJ","image":{"@type":"ImageObject","inLanguage":"pl-PL","@id":"https:\/\/www.speedtest.pl\/wiadomosci\/#\/schema\/person\/image\/","url":"https:\/\/www.speedtest.pl\/wiadomosci\/wp-content\/uploads\/2018\/01\/AAEAAQAAAAAAAAk2AAAAJDNhNWRlODdhLWY3MjYtNGFjNC04MzY1LTI1Zjc4NmI4YmE0OQ-150x150.jpg","contentUrl":"https:\/\/www.speedtest.pl\/wiadomosci\/wp-content\/uploads\/2018\/01\/AAEAAQAAAAAAAAk2AAAAJDNhNWRlODdhLWY3MjYtNGFjNC04MzY1LTI1Zjc4NmI4YmE0OQ-150x150.jpg","caption":"PJ"},"description":"Przemek jest m\u00f3zgiem operacyjnym SpeedTest.pl. Studiowa\u0142 na Politechnice Wroc\u0142awskiej elektronik\u0119 i telekomunikacj\u0119. Zarz\u0105dza projektami IT, relacjami z klientami oraz nadzoruje procesy rozwoju. Prywatnie zaanga\u017cowany w rodzin\u0119, wsparcie r\u00f3\u017cnych dzia\u0142alno\u015bci charytatywnych i projekty ekstremalne.","url":"https:\/\/www.speedtest.pl\/wiadomosci\/author\/przemek\/"}]}},"jetpack_featured_media_url":"https:\/\/www.speedtest.pl\/wiadomosci\/wp-content\/uploads\/2017\/07\/apple-5G.jpg","jetpack_sharing_enabled":true,"jetpack_shortlink":"https:\/\/wp.me\/p85ce0-6AH","_links":{"self":[{"href":"https:\/\/www.speedtest.pl\/wiadomosci\/wp-json\/wp\/v2\/posts\/25339","targetHints":{"allow":["GET"]}}],"collection":[{"href":"https:\/\/www.speedtest.pl\/wiadomosci\/wp-json\/wp\/v2\/posts"}],"about":[{"href":"https:\/\/www.speedtest.pl\/wiadomosci\/wp-json\/wp\/v2\/types\/post"}],"author":[{"embeddable":true,"href":"https:\/\/www.speedtest.pl\/wiadomosci\/wp-json\/wp\/v2\/users\/12"}],"replies":[{"embeddable":true,"href":"https:\/\/www.speedtest.pl\/wiadomosci\/wp-json\/wp\/v2\/comments?post=25339"}],"version-history":[{"count":3,"href":"https:\/\/www.speedtest.pl\/wiadomosci\/wp-json\/wp\/v2\/posts\/25339\/revisions"}],"predecessor-version":[{"id":25342,"href":"https:\/\/www.speedtest.pl\/wiadomosci\/wp-json\/wp\/v2\/posts\/25339\/revisions\/25342"}],"wp:featuredmedia":[{"embeddable":true,"href":"https:\/\/www.speedtest.pl\/wiadomosci\/wp-json\/wp\/v2\/media\/10773"}],"wp:attachment":[{"href":"https:\/\/www.speedtest.pl\/wiadomosci\/wp-json\/wp\/v2\/media?parent=25339"}],"wp:term":[{"taxonomy":"category","embeddable":true,"href":"https:\/\/www.speedtest.pl\/wiadomosci\/wp-json\/wp\/v2\/categories?post=25339"},{"taxonomy":"post_tag","embeddable":true,"href":"https:\/\/www.speedtest.pl\/wiadomosci\/wp-json\/wp\/v2\/tags?post=25339"},{"taxonomy":"table_tags","embeddable":true,"href":"https:\/\/www.speedtest.pl\/wiadomosci\/wp-json\/wp\/v2\/table_tags?post=25339"}],"curies":[{"name":"wp","href":"https:\/\/api.w.org\/{rel}","templated":true}]}}