{"id":24478,"date":"2019-08-07T12:05:06","date_gmt":"2019-08-07T10:05:06","guid":{"rendered":"https:\/\/www.speedtest.pl\/wiadomosci\/?p=24478"},"modified":"2019-08-07T19:28:22","modified_gmt":"2019-08-07T17:28:22","slug":"facebook-ma-problem-z-jezykiem-polskim","status":"publish","type":"post","link":"https:\/\/www.speedtest.pl\/wiadomosci\/esej\/facebook-ma-problem-z-jezykiem-polskim\/","title":{"rendered":"Facebook ma problem z j\u0119zykiem polskim"},"content":{"rendered":"\n<p><strong>Stajnia Marka Zuckerberga od jakiego\u015b czasu jawnie strzela sobie w kolano. S\u0105 to na tyle mocne kule, \u017ce zastanawiam si\u0119, kiedy ta instytucja padnie. Ostatnio posz\u0142o o sprzedawanie danych u\u017cytkownik\u00f3w i nieszanowanie ich bezpiecze\u0144stwa. Teraz maj\u0105 zatargi bezpo\u015brednio z naszym krajem. Musz\u0119 przyzna\u0107, \u017ce ca\u0142a tak sytuacja nieco mnie zszokowa\u0142a i zdziwi\u0142a. Wydaje mi si\u0119, \u017ce w og\u00f3le nie powinna mie\u0107 miejsca, ale jak wida\u0107, wed\u0142ug Facebook wszystko jest mo\u017cliwe i musi by\u0107 po jego my\u015bli.<\/strong><\/p>\n\n\n\n<p>Facebook jest w Polsce bardzo popularny. Wida\u0107 to na co dzie\u0144 na ulicy, w telewizji, w sieci. Serwis ma polsk\u0105 wersj\u0119 j\u0119zykow\u0105, support w naszym rodzinnym j\u0119zyku. Wygl\u0105da na to, \u017ce na dobre rozsiad\u0142 si\u0119 w naszym kraju i z mi\u0142\u0105 ch\u0119ci\u0105 zarabia na naszych rodakach. Kiedy pieni\u0105\u017cki wpadaj\u0105 do portfelika, to nie patrzy si\u0119, czy wyst\u0119puj\u0105 jakie\u015b ograniczenia do pracy na danym rynku. Wa\u017cne, \u017ce kolejne zera lec\u0105. Problem pojawia si\u0119, kiedy co\u015b nie idzie po my\u015bli firmy. Okaza\u0142o si\u0119, \u017ce absurdalne t\u0142umaczenia Facebook, przesz\u0142y ju\u017c pewien dopuszczalny poziom. Sprawa zwi\u0105zana jest w\u0142a\u015bnie z polskim j\u0119zykiem.<\/p>\n\n\n\n<h2 class=\"wp-block-heading\">Serwis Facebook oznajmi\u0142. \u017ce nie jest w stanie procesowa\u0107 si\u0119 z naszym kraju, bo jego prawnicy nie znaj\u0105 j\u0119zyka polskiego.<\/h2>\n\n\n\n<p>Musz\u0119 przyzna\u0107, \u017ce zanim doszed\u0142em do siebie po tej informacji, min\u0119\u0142a naprawd\u0119 d\u0142u\u017csza chwila. Nie jest dla mnie do przyj\u0119cia, jak mo\u017cna wpu\u015bci\u0107 na jaki\u015b rynek j\u0119zykowy produkt, osi\u0105\u015b\u0107 na nim, ci\u0105gn\u0105c zyski i nie mie\u0107 bazy ludzi, pos\u0142uguj\u0105cych si\u0119 danym j\u0119zykiem. To brzmi jak co najmniej dobry dowcip. Ile to og\u0142osze\u0144 jest w internecie i prasie, \u017ce firmy zatrudniaj\u0105 ludzi do siebie, ale obowi\u0105zkowa jest znajomo\u015b\u0107 j\u0119zyka, np.: chi\u0144skiego, bo maj\u0105 klienta w Kraju \u015arodka, albo powiedzmy szwedzkiego. <\/p>\n\n\n\n<h2 class=\"wp-block-heading\">Dziwne i wr\u0119cz niedorzeczne jest, \u017ce Facebook o tym nie pomy\u015bla\u0142. <\/h2>\n\n\n\n<p>\u017beby podnie\u015b\u0107 wam bardziej adrenalin\u0119, dodam, \u017ce Facebook nie jest w Polsce tylko w formie wirtualnej. Stajnia Marka Zuckerberga ma swoj\u0105 cieplusi\u0105 siedzib\u0119 w jednym w wie\u017cowcu w naszej stolicy. Teraz to naprawd\u0119 scyzoryk si\u0119 w kieszeni otwiera. Organizowane s\u0105 tu konferencje, spotkania biznesowe, zatrudnia pracownik\u00f3w, a z portalu korzysta prawie milion polak\u00f3w. Nie jestem w stanie wyobrazi\u0107 sobie, jak firma mo\u017ce nie mie\u0107 polskich prawnik\u00f3w, albo przynajmniej przysi\u0119g\u0142ych t\u0142umaczy tego\u017c j\u0119zyka.<\/p>\n\n\n\n<figure class=\"wp-block-image\"><img loading=\"lazy\" decoding=\"async\" width=\"1024\" height=\"440\" src=\"https:\/\/www.speedtest.pl\/wiadomosci\/wp-content\/uploads\/2019\/08\/Facebook_Biuro_111-e1456753753409-1024x440.jpg\" alt=\"facebook, polski, j\u0119zyk, sin, prawnicy, prawo, s\u0105d, \" class=\"wp-image-24480\" srcset=\"https:\/\/www.speedtest.pl\/wiadomosci\/wp-content\/uploads\/2019\/08\/Facebook_Biuro_111-e1456753753409-1024x440.jpg 1024w, https:\/\/www.speedtest.pl\/wiadomosci\/wp-content\/uploads\/2019\/08\/Facebook_Biuro_111-e1456753753409-300x129.jpg 300w, https:\/\/www.speedtest.pl\/wiadomosci\/wp-content\/uploads\/2019\/08\/Facebook_Biuro_111-e1456753753409-768x330.jpg 768w, https:\/\/www.speedtest.pl\/wiadomosci\/wp-content\/uploads\/2019\/08\/Facebook_Biuro_111-e1456753753409-696x299.jpg 696w, https:\/\/www.speedtest.pl\/wiadomosci\/wp-content\/uploads\/2019\/08\/Facebook_Biuro_111-e1456753753409-1068x459.jpg 1068w, https:\/\/www.speedtest.pl\/wiadomosci\/wp-content\/uploads\/2019\/08\/Facebook_Biuro_111-e1456753753409-978x420.jpg 978w, https:\/\/www.speedtest.pl\/wiadomosci\/wp-content\/uploads\/2019\/08\/Facebook_Biuro_111-e1456753753409.jpg 1197w\" sizes=\"auto, (max-width: 1024px) 100vw, 1024px\" \/><figcaption>Polska siedziba Facebooka w Warszawie<\/figcaption><\/figure>\n\n\n\n<h2 class=\"wp-block-heading\">Serwisy internetowe z naszym kraju popadaj\u0105 ju\u017c w skrajno\u015bci komentuj\u0105c zachowanie firmy.<\/h2>\n\n\n\n<p>Jak powstrzymam si\u0119 od pr\u00f3by oceniania przez firm\u0119 Facebook znajomo\u015bci polskiego prawa. Ci\u0119\u017cko jest mi te\u017c uwierzy\u0107, \u017ce nie m\u00f3wi si\u0119 w tej siedzibie w og\u00f3le po polsku i nie zatrudnia Polak\u00f3w. Jestem po prostu zdziwiony i zniesmaczony takim zachowaniem. Pokazuje to, jak bardzo firma ma wywalone nasz rynek i jeste\u015bmy tylko jakim\u015b mikro punktem do zbierania kasy, o kt\u00f3ry nawet nie warto dba\u0107. Zapewne Mark Zuckerberg nawet nie wie, gdzie znale\u017a\u0107 nasz kraj na mapie. <\/p>\n\n\n\n<figure class=\"wp-block-image\"><img loading=\"lazy\" decoding=\"async\" width=\"960\" height=\"433\" src=\"https:\/\/www.speedtest.pl\/wiadomosci\/wp-content\/uploads\/2019\/08\/560993fe205e9_o_large.jpg\" alt=\"facebook, polski, j\u0119zyk, sin, prawnicy, prawo, s\u0105d, \" class=\"wp-image-24482\" srcset=\"https:\/\/www.speedtest.pl\/wiadomosci\/wp-content\/uploads\/2019\/08\/560993fe205e9_o_large.jpg 960w, https:\/\/www.speedtest.pl\/wiadomosci\/wp-content\/uploads\/2019\/08\/560993fe205e9_o_large-300x135.jpg 300w, https:\/\/www.speedtest.pl\/wiadomosci\/wp-content\/uploads\/2019\/08\/560993fe205e9_o_large-768x346.jpg 768w, https:\/\/www.speedtest.pl\/wiadomosci\/wp-content\/uploads\/2019\/08\/560993fe205e9_o_large-696x314.jpg 696w, https:\/\/www.speedtest.pl\/wiadomosci\/wp-content\/uploads\/2019\/08\/560993fe205e9_o_large-931x420.jpg 931w\" sizes=\"auto, (max-width: 960px) 100vw, 960px\" \/><figcaption>Polska wersja j\u0119zykowa serwisu Facebook<\/figcaption><\/figure>\n\n\n\n<h2 class=\"wp-block-heading\">Sprawa wysz\u0142a na jaw, przy sporze ze Spo\u0142eczn\u0105 Inicjatyw\u0105 Narkopolityki.<\/h2>\n\n\n\n<p>Facebook zosta\u0142 pozwany przez SIN za arbitralne kasowanie tre\u015bci, kt\u00f3ra grupa ta umieszcza na swoich serwisach. Chodzi\u0142o mi\u0119dzy innymi o grup\u0119 licz\u0105c\u0105 oko\u0142o czterech tysi\u0119cy user\u00f3w, kt\u00f3ra zajmowa\u0142a si\u0119 odr\u00f3\u017cnianiem dobrego ecstasy od z\u0142ego. Zacz\u0119\u0142o si\u0119 od tego, \u017ce warszawski s\u0105d uzna\u0142 si\u0119 za w\u0142a\u015bciwy do rozpatrywania pozwu SIN przeciwko Facebookowi. Pozwana jednak nie zosta\u0142a polska odnoga sp\u00f3\u0142ki, tylko Facebook Irleand (chodzi tutaj o ulokowanie serwera, na kt\u00f3rym stoi serwis). Sama firma Zuckerberga nie chce przyj\u0105\u0107 pozwu. T\u0142umaczy si\u0119 brakiem prawnika polskoj\u0119zycznego. Oczywi\u015bcie, polskiego oddzia\u0142u pozwa\u0107 tak\u017ce nie mo\u017cna, bo ci odsy\u0142aj\u0105 petent\u00f3w w\u0142a\u015bnie do Irlandii.<\/p>\n\n\n\n<figure class=\"wp-block-image is-resized\"><img loading=\"lazy\" decoding=\"async\" src=\"https:\/\/www.speedtest.pl\/wiadomosci\/wp-content\/uploads\/2019\/08\/pobrane-2.jpeg\" alt=\"facebook, polski, j\u0119zyk, sin, prawnicy, prawo, s\u0105d, \" class=\"wp-image-24481\" width=\"528\" height=\"315\"\/><figcaption>Polska siedziba Facebooka w Warszawie<\/figcaption><\/figure>\n\n\n\n<h2 class=\"wp-block-heading\">Jest to naprawd\u0119 komedia rodem z nagradzanych film\u00f3w.<\/h2>\n\n\n\n<p>Dlaczego jest to takie absurdalne i durne? Ci\u0119\u017cko jest mi uwierzy\u0107, \u017ce firma, kt\u00f3ra \u015bwiadczy us\u0142ug\u0119 dla oko\u0142o 16 milion\u00f3w ludzi w danym kraju, posiada w nim swoj\u0105 wypasion\u0105 siedzib\u0119 i kraj posiada TYLKO JEDEN j\u0119zyk urz\u0119dowy, nie ma prawnika, kt\u00f3ry m\u00f3wi\u0142by z danym j\u0119zyku. To cyniczne. Zastanawia mnie, co sta\u0142oby si\u0119, gdyby nagle pozwa\u0142by ich jaki\u015b Polak, pracuj\u0105cy w ich siedzibie w Warszawie, cho\u0107by o warunki pracy. Czy te\u017c zas\u0142anialiby si\u0119 brakiem mecenasa m\u00f3wi\u0105cego w naszym j\u0119zyku? W przypadku Niemiec sprawa by\u0142a jasna. Ma\u0142o ich obchodzi\u0142o, \u017ce Zukcerberg czego\u015b nie ma. Kraj ten o wiele bardziej broni swoich racji. Niemcy wychodz\u0105 z za\u0142o\u017cenia, \u017ce jak dzia\u0142acie w naszym kraju, to waszym problemem jest to czy macie niemieckoj\u0119zycznych prawnik\u00f3w, czy nie. I to podej\u015bcie jest prawid\u0142owe. Mam nadzieje, \u017ce Polacy si\u0119 nie dadz\u0105 i nie odpuszcz\u0105 temu serwisowi. Mark i tak za wiele sobie pozwala. Warto mu troch\u0119 utrze\u0107 nosa.<\/p>\n\n\n\n<p><\/p>\n","protected":false},"excerpt":{"rendered":"<p>Stajnia Marka Zuckerberga od jakiego\u015b czasu jawnie strzela sobie w kolano. S\u0105 to na tyle mocne kule, \u017ce zastanawiam si\u0119, kiedy ta instytucja padnie. Ostatnio posz\u0142o o sprzedawanie danych u\u017cytkownik\u00f3w i nieszanowanie ich bezpiecze\u0144stwa. Teraz maj\u0105 zatargi bezpo\u015brednio z naszym krajem. Musz\u0119 przyzna\u0107, \u017ce ca\u0142a tak sytuacja nieco mnie zszokowa\u0142a i zdziwi\u0142a. Wydaje mi si\u0119, [&hellip;]<\/p>\n","protected":false},"author":13,"featured_media":24516,"comment_status":"closed","ping_status":"open","sticky":false,"template":"","format":"standard","meta":{"jetpack_post_was_ever_published":false,"_jetpack_newsletter_access":"","_jetpack_dont_email_post_to_subs":false,"_jetpack_newsletter_tier_id":0,"_jetpack_memberships_contains_paywalled_content":false,"_jetpack_memberships_contains_paid_content":false,"footnotes":"","jetpack_publicize_message":"#Facebook lubi dzia\u0142a\u0107 na r\u00f3\u017cnych rynkach, ale niekoniecznie wed\u0142ug zasad danego kraju. ","jetpack_publicize_feature_enabled":true,"jetpack_social_post_already_shared":true,"jetpack_social_options":{"image_generator_settings":{"template":"highway","enabled":false},"version":2}},"categories":[2016,3183],"tags":[137,5182,5184,5183,532,932,5181],"table_tags":[],"class_list":["post-24478","post","type-post","status-publish","format-standard","has-post-thumbnail","hentry","category-esej","category-prawo","tag-facebook","tag-jezyk","tag-polski","tag-prawnicy","tag-prawo","tag-sad","tag-sin"],"jetpack_publicize_connections":[],"yoast_head":"<!-- This site is optimized with the Yoast SEO plugin v24.8.1 - https:\/\/yoast.com\/wordpress\/plugins\/seo\/ -->\n<title>Facebook ma problem z j\u0119zykiem polskim - SpeedTest.pl Wiadomo\u015bci<\/title>\n<meta name=\"robots\" content=\"index, follow, max-snippet:-1, max-image-preview:large, max-video-preview:-1\" \/>\n<link rel=\"canonical\" href=\"https:\/\/www.speedtest.pl\/wiadomosci\/esej\/facebook-ma-problem-z-jezykiem-polskim\/\" \/>\n<meta property=\"og:locale\" content=\"pl_PL\" \/>\n<meta property=\"og:type\" content=\"article\" \/>\n<meta property=\"og:title\" content=\"Facebook ma problem z j\u0119zykiem polskim - SpeedTest.pl Wiadomo\u015bci\" \/>\n<meta property=\"og:description\" content=\"Stajnia Marka Zuckerberga od jakiego\u015b czasu jawnie strzela sobie w kolano. S\u0105 to na tyle mocne kule, \u017ce zastanawiam si\u0119, kiedy ta instytucja padnie. Ostatnio posz\u0142o o sprzedawanie danych u\u017cytkownik\u00f3w i nieszanowanie ich bezpiecze\u0144stwa. Teraz maj\u0105 zatargi bezpo\u015brednio z naszym krajem. Musz\u0119 przyzna\u0107, \u017ce ca\u0142a tak sytuacja nieco mnie zszokowa\u0142a i zdziwi\u0142a. Wydaje mi si\u0119, [&hellip;]\" \/>\n<meta property=\"og:url\" content=\"https:\/\/www.speedtest.pl\/wiadomosci\/esej\/facebook-ma-problem-z-jezykiem-polskim\/\" \/>\n<meta property=\"og:site_name\" content=\"SpeedTest.pl Wiadomo\u015bci\" \/>\n<meta property=\"article:publisher\" content=\"https:\/\/www.facebook.com\/speedtestpl\/\" \/>\n<meta property=\"article:published_time\" content=\"2019-08-07T10:05:06+00:00\" \/>\n<meta property=\"article:modified_time\" content=\"2019-08-07T17:28:22+00:00\" \/>\n<meta property=\"og:image\" content=\"https:\/\/www.speedtest.pl\/wiadomosci\/wp-content\/uploads\/2019\/08\/flaga-Polska.jpg\" \/>\n\t<meta property=\"og:image:width\" content=\"1024\" \/>\n\t<meta property=\"og:image:height\" content=\"576\" \/>\n\t<meta property=\"og:image:type\" content=\"image\/jpeg\" \/>\n<meta name=\"author\" content=\"BS\" \/>\n<meta name=\"twitter:card\" content=\"summary_large_image\" \/>\n<meta name=\"twitter:creator\" content=\"@speedtestpl\" \/>\n<meta name=\"twitter:site\" content=\"@speedtestpl\" \/>\n<meta name=\"twitter:label1\" content=\"Napisane przez\" \/>\n\t<meta name=\"twitter:data1\" content=\"BS\" \/>\n\t<meta name=\"twitter:label2\" content=\"Szacowany czas czytania\" \/>\n\t<meta name=\"twitter:data2\" content=\"4 minuty\" \/>\n<script type=\"application\/ld+json\" class=\"yoast-schema-graph\">{\"@context\":\"https:\/\/schema.org\",\"@graph\":[{\"@type\":\"WebPage\",\"@id\":\"https:\/\/www.speedtest.pl\/wiadomosci\/esej\/facebook-ma-problem-z-jezykiem-polskim\/\",\"url\":\"https:\/\/www.speedtest.pl\/wiadomosci\/esej\/facebook-ma-problem-z-jezykiem-polskim\/\",\"name\":\"Facebook ma problem z j\u0119zykiem polskim - SpeedTest.pl Wiadomo\u015bci\",\"isPartOf\":{\"@id\":\"https:\/\/www.speedtest.pl\/wiadomosci\/#website\"},\"primaryImageOfPage\":{\"@id\":\"https:\/\/www.speedtest.pl\/wiadomosci\/esej\/facebook-ma-problem-z-jezykiem-polskim\/#primaryimage\"},\"image\":{\"@id\":\"https:\/\/www.speedtest.pl\/wiadomosci\/esej\/facebook-ma-problem-z-jezykiem-polskim\/#primaryimage\"},\"thumbnailUrl\":\"https:\/\/www.speedtest.pl\/wiadomosci\/wp-content\/uploads\/2019\/08\/flaga-Polska.jpg\",\"datePublished\":\"2019-08-07T10:05:06+00:00\",\"dateModified\":\"2019-08-07T17:28:22+00:00\",\"author\":{\"@id\":\"https:\/\/www.speedtest.pl\/wiadomosci\/#\/schema\/person\/585facd68912bef34cadd731cd3edaf2\"},\"breadcrumb\":{\"@id\":\"https:\/\/www.speedtest.pl\/wiadomosci\/esej\/facebook-ma-problem-z-jezykiem-polskim\/#breadcrumb\"},\"inLanguage\":\"pl-PL\",\"potentialAction\":[{\"@type\":\"ReadAction\",\"target\":[\"https:\/\/www.speedtest.pl\/wiadomosci\/esej\/facebook-ma-problem-z-jezykiem-polskim\/\"]}]},{\"@type\":\"ImageObject\",\"inLanguage\":\"pl-PL\",\"@id\":\"https:\/\/www.speedtest.pl\/wiadomosci\/esej\/facebook-ma-problem-z-jezykiem-polskim\/#primaryimage\",\"url\":\"https:\/\/www.speedtest.pl\/wiadomosci\/wp-content\/uploads\/2019\/08\/flaga-Polska.jpg\",\"contentUrl\":\"https:\/\/www.speedtest.pl\/wiadomosci\/wp-content\/uploads\/2019\/08\/flaga-Polska.jpg\",\"width\":1024,\"height\":576,\"caption\":\"flaga Polska\"},{\"@type\":\"BreadcrumbList\",\"@id\":\"https:\/\/www.speedtest.pl\/wiadomosci\/esej\/facebook-ma-problem-z-jezykiem-polskim\/#breadcrumb\",\"itemListElement\":[{\"@type\":\"ListItem\",\"position\":1,\"name\":\"Strona g\u0142\u00f3wna\",\"item\":\"https:\/\/www.speedtest.pl\/wiadomosci\/\"},{\"@type\":\"ListItem\",\"position\":2,\"name\":\"Facebook ma problem z j\u0119zykiem polskim\"}]},{\"@type\":\"WebSite\",\"@id\":\"https:\/\/www.speedtest.pl\/wiadomosci\/#website\",\"url\":\"https:\/\/www.speedtest.pl\/wiadomosci\/\",\"name\":\"SpeedTest.pl Wiadomo\u015bci\",\"description\":\"Rankingi ISP, newsy i opinie ze \u015bwiata IT, recenzje sprz\u0119tu, gry, motoryzacja\",\"potentialAction\":[{\"@type\":\"SearchAction\",\"target\":{\"@type\":\"EntryPoint\",\"urlTemplate\":\"https:\/\/www.speedtest.pl\/wiadomosci\/?s={search_term_string}\"},\"query-input\":{\"@type\":\"PropertyValueSpecification\",\"valueRequired\":true,\"valueName\":\"search_term_string\"}}],\"inLanguage\":\"pl-PL\"},{\"@type\":\"Person\",\"@id\":\"https:\/\/www.speedtest.pl\/wiadomosci\/#\/schema\/person\/585facd68912bef34cadd731cd3edaf2\",\"name\":\"BS\",\"image\":{\"@type\":\"ImageObject\",\"inLanguage\":\"pl-PL\",\"@id\":\"https:\/\/www.speedtest.pl\/wiadomosci\/#\/schema\/person\/image\/\",\"url\":\"https:\/\/www.speedtest.pl\/wiadomosci\/wp-content\/uploads\/2018\/01\/bek.png\",\"contentUrl\":\"https:\/\/www.speedtest.pl\/wiadomosci\/wp-content\/uploads\/2018\/01\/bek.png\",\"caption\":\"BS\"},\"description\":\"Bernard to redaktor naczelny SpeedTest.pl. Jest analitykiem i pasjonatem gier. Studiowa\u0142 na Politechnice Wroc\u0142awskiej informatyk\u0119 i zarz\u0105dzanie. Lubi szybkie samochody, podr\u00f3\u017ce do egzotycznych kraj\u00f3w oraz dobre ksi\u0105\u017cki z kategorii fantastyka.\",\"url\":\"https:\/\/www.speedtest.pl\/wiadomosci\/author\/bernard\/\"}]}<\/script>\n<!-- \/ Yoast SEO plugin. -->","yoast_head_json":{"title":"Facebook ma problem z j\u0119zykiem polskim - SpeedTest.pl Wiadomo\u015bci","robots":{"index":"index","follow":"follow","max-snippet":"max-snippet:-1","max-image-preview":"max-image-preview:large","max-video-preview":"max-video-preview:-1"},"canonical":"https:\/\/www.speedtest.pl\/wiadomosci\/esej\/facebook-ma-problem-z-jezykiem-polskim\/","og_locale":"pl_PL","og_type":"article","og_title":"Facebook ma problem z j\u0119zykiem polskim - SpeedTest.pl Wiadomo\u015bci","og_description":"Stajnia Marka Zuckerberga od jakiego\u015b czasu jawnie strzela sobie w kolano. S\u0105 to na tyle mocne kule, \u017ce zastanawiam si\u0119, kiedy ta instytucja padnie. Ostatnio posz\u0142o o sprzedawanie danych u\u017cytkownik\u00f3w i nieszanowanie ich bezpiecze\u0144stwa. Teraz maj\u0105 zatargi bezpo\u015brednio z naszym krajem. Musz\u0119 przyzna\u0107, \u017ce ca\u0142a tak sytuacja nieco mnie zszokowa\u0142a i zdziwi\u0142a. Wydaje mi si\u0119, [&hellip;]","og_url":"https:\/\/www.speedtest.pl\/wiadomosci\/esej\/facebook-ma-problem-z-jezykiem-polskim\/","og_site_name":"SpeedTest.pl Wiadomo\u015bci","article_publisher":"https:\/\/www.facebook.com\/speedtestpl\/","article_published_time":"2019-08-07T10:05:06+00:00","article_modified_time":"2019-08-07T17:28:22+00:00","og_image":[{"width":1024,"height":576,"url":"https:\/\/www.speedtest.pl\/wiadomosci\/wp-content\/uploads\/2019\/08\/flaga-Polska.jpg","type":"image\/jpeg"}],"author":"BS","twitter_card":"summary_large_image","twitter_creator":"@speedtestpl","twitter_site":"@speedtestpl","twitter_misc":{"Napisane przez":"BS","Szacowany czas czytania":"4 minuty"},"schema":{"@context":"https:\/\/schema.org","@graph":[{"@type":"WebPage","@id":"https:\/\/www.speedtest.pl\/wiadomosci\/esej\/facebook-ma-problem-z-jezykiem-polskim\/","url":"https:\/\/www.speedtest.pl\/wiadomosci\/esej\/facebook-ma-problem-z-jezykiem-polskim\/","name":"Facebook ma problem z j\u0119zykiem polskim - SpeedTest.pl Wiadomo\u015bci","isPartOf":{"@id":"https:\/\/www.speedtest.pl\/wiadomosci\/#website"},"primaryImageOfPage":{"@id":"https:\/\/www.speedtest.pl\/wiadomosci\/esej\/facebook-ma-problem-z-jezykiem-polskim\/#primaryimage"},"image":{"@id":"https:\/\/www.speedtest.pl\/wiadomosci\/esej\/facebook-ma-problem-z-jezykiem-polskim\/#primaryimage"},"thumbnailUrl":"https:\/\/www.speedtest.pl\/wiadomosci\/wp-content\/uploads\/2019\/08\/flaga-Polska.jpg","datePublished":"2019-08-07T10:05:06+00:00","dateModified":"2019-08-07T17:28:22+00:00","author":{"@id":"https:\/\/www.speedtest.pl\/wiadomosci\/#\/schema\/person\/585facd68912bef34cadd731cd3edaf2"},"breadcrumb":{"@id":"https:\/\/www.speedtest.pl\/wiadomosci\/esej\/facebook-ma-problem-z-jezykiem-polskim\/#breadcrumb"},"inLanguage":"pl-PL","potentialAction":[{"@type":"ReadAction","target":["https:\/\/www.speedtest.pl\/wiadomosci\/esej\/facebook-ma-problem-z-jezykiem-polskim\/"]}]},{"@type":"ImageObject","inLanguage":"pl-PL","@id":"https:\/\/www.speedtest.pl\/wiadomosci\/esej\/facebook-ma-problem-z-jezykiem-polskim\/#primaryimage","url":"https:\/\/www.speedtest.pl\/wiadomosci\/wp-content\/uploads\/2019\/08\/flaga-Polska.jpg","contentUrl":"https:\/\/www.speedtest.pl\/wiadomosci\/wp-content\/uploads\/2019\/08\/flaga-Polska.jpg","width":1024,"height":576,"caption":"flaga Polska"},{"@type":"BreadcrumbList","@id":"https:\/\/www.speedtest.pl\/wiadomosci\/esej\/facebook-ma-problem-z-jezykiem-polskim\/#breadcrumb","itemListElement":[{"@type":"ListItem","position":1,"name":"Strona g\u0142\u00f3wna","item":"https:\/\/www.speedtest.pl\/wiadomosci\/"},{"@type":"ListItem","position":2,"name":"Facebook ma problem z j\u0119zykiem polskim"}]},{"@type":"WebSite","@id":"https:\/\/www.speedtest.pl\/wiadomosci\/#website","url":"https:\/\/www.speedtest.pl\/wiadomosci\/","name":"SpeedTest.pl Wiadomo\u015bci","description":"Rankingi ISP, newsy i opinie ze \u015bwiata IT, recenzje sprz\u0119tu, gry, motoryzacja","potentialAction":[{"@type":"SearchAction","target":{"@type":"EntryPoint","urlTemplate":"https:\/\/www.speedtest.pl\/wiadomosci\/?s={search_term_string}"},"query-input":{"@type":"PropertyValueSpecification","valueRequired":true,"valueName":"search_term_string"}}],"inLanguage":"pl-PL"},{"@type":"Person","@id":"https:\/\/www.speedtest.pl\/wiadomosci\/#\/schema\/person\/585facd68912bef34cadd731cd3edaf2","name":"BS","image":{"@type":"ImageObject","inLanguage":"pl-PL","@id":"https:\/\/www.speedtest.pl\/wiadomosci\/#\/schema\/person\/image\/","url":"https:\/\/www.speedtest.pl\/wiadomosci\/wp-content\/uploads\/2018\/01\/bek.png","contentUrl":"https:\/\/www.speedtest.pl\/wiadomosci\/wp-content\/uploads\/2018\/01\/bek.png","caption":"BS"},"description":"Bernard to redaktor naczelny SpeedTest.pl. Jest analitykiem i pasjonatem gier. Studiowa\u0142 na Politechnice Wroc\u0142awskiej informatyk\u0119 i zarz\u0105dzanie. Lubi szybkie samochody, podr\u00f3\u017ce do egzotycznych kraj\u00f3w oraz dobre ksi\u0105\u017cki z kategorii fantastyka.","url":"https:\/\/www.speedtest.pl\/wiadomosci\/author\/bernard\/"}]}},"jetpack_featured_media_url":"https:\/\/www.speedtest.pl\/wiadomosci\/wp-content\/uploads\/2019\/08\/flaga-Polska.jpg","jetpack_sharing_enabled":true,"jetpack_shortlink":"https:\/\/wp.me\/p85ce0-6mO","_links":{"self":[{"href":"https:\/\/www.speedtest.pl\/wiadomosci\/wp-json\/wp\/v2\/posts\/24478","targetHints":{"allow":["GET"]}}],"collection":[{"href":"https:\/\/www.speedtest.pl\/wiadomosci\/wp-json\/wp\/v2\/posts"}],"about":[{"href":"https:\/\/www.speedtest.pl\/wiadomosci\/wp-json\/wp\/v2\/types\/post"}],"author":[{"embeddable":true,"href":"https:\/\/www.speedtest.pl\/wiadomosci\/wp-json\/wp\/v2\/users\/13"}],"replies":[{"embeddable":true,"href":"https:\/\/www.speedtest.pl\/wiadomosci\/wp-json\/wp\/v2\/comments?post=24478"}],"version-history":[{"count":1,"href":"https:\/\/www.speedtest.pl\/wiadomosci\/wp-json\/wp\/v2\/posts\/24478\/revisions"}],"predecessor-version":[{"id":24483,"href":"https:\/\/www.speedtest.pl\/wiadomosci\/wp-json\/wp\/v2\/posts\/24478\/revisions\/24483"}],"wp:featuredmedia":[{"embeddable":true,"href":"https:\/\/www.speedtest.pl\/wiadomosci\/wp-json\/wp\/v2\/media\/24516"}],"wp:attachment":[{"href":"https:\/\/www.speedtest.pl\/wiadomosci\/wp-json\/wp\/v2\/media?parent=24478"}],"wp:term":[{"taxonomy":"category","embeddable":true,"href":"https:\/\/www.speedtest.pl\/wiadomosci\/wp-json\/wp\/v2\/categories?post=24478"},{"taxonomy":"post_tag","embeddable":true,"href":"https:\/\/www.speedtest.pl\/wiadomosci\/wp-json\/wp\/v2\/tags?post=24478"},{"taxonomy":"table_tags","embeddable":true,"href":"https:\/\/www.speedtest.pl\/wiadomosci\/wp-json\/wp\/v2\/table_tags?post=24478"}],"curies":[{"name":"wp","href":"https:\/\/api.w.org\/{rel}","templated":true}]}}