{"id":23466,"date":"2019-06-05T10:10:35","date_gmt":"2019-06-05T08:10:35","guid":{"rendered":"https:\/\/www.speedtest.pl\/wiadomosci\/?p=23466"},"modified":"2019-06-05T10:10:40","modified_gmt":"2019-06-05T08:10:40","slug":"moda-w-stylu-zeptera-cena-w-stylu-apple","status":"publish","type":"post","link":"https:\/\/www.speedtest.pl\/wiadomosci\/apple\/moda-w-stylu-zeptera-cena-w-stylu-apple\/","title":{"rendered":"Moda w stylu Zeptera. Cena w stylu Apple"},"content":{"rendered":"\n<p><strong>W \u015bwiecie IT bywa tak, \u017ce fanboy danej firmy ma\u0142o kiedy narzeka na jej produkty.  Przyzwyczai\u0142 si\u0119 do pewnego ekosystemu i cho\u0107by mu m\u00f3wili, \u017ce co\u015b jest o kant ty\u0142ka rozbi\u0107, to i tak b\u0119dzie si\u0119 trzyma\u0142 wymarzonych produkt\u00f3w. W ko\u0144cu we w\u0142asne gniazdo si\u0119 nie\u2026 znacie pewnie reszt\u0119 cytatu. Co si\u0119 jednak dzieje, kiedy fan danej technologii ma ochot\u0119 up\u0142ynni\u0107 odrobin\u0119 frustracji i napisa\u0107 na w sieci, \u017ce co\u015b jednak nie jest po jego my\u015bli? Przestaje si\u0119 liczy\u0107 moda i robi si\u0119 po\u017cywka dla hejter\u00f3w, kt\u00f3rzy tylko szukaj\u0105 argument\u00f3w, aby zruga\u0107 dan\u0105 mark\u0119 z b\u0142otem. Czasami jednak nie da si\u0119 milcze\u0107 i smutne jest to, \u017ce moje trzymanie j\u0119zyka za z\u0119bami w sprawie Apple odesz\u0142o w niepami\u0119\u0107.<\/strong><\/p>\n\n\n\n<p>Od czasu <a href=\"https:\/\/developer.apple.com\/wwdc19\/\" rel=\"external nofollow\">konferencji WWDC<\/a> min\u0119\u0142o troch\u0119 czasu, ale musia\u0142em sobie strzeli\u0107 po niej mentalne Relanium i dopiero zabra\u0142em si\u0119 do pisania. Przecie\u017c, jakby mi tekst wjecha\u0142 wczoraj, to by\u0142oby w nim wi\u0119cej \u0142aciny podw\u00f3rkowej ni\u017c na Bronksie w godzinach szczytu. Nie ukrywam nigdy, \u017ce <a href=\"https:\/\/www.speedtest.pl\/wiadomosci\/apple\/apple-watch-znow-ratuje-zycie\/\">jestem ogromnym fanem produkt\u00f3w, jakie wypuszcza firma Apple<\/a> na rynek \u2014 lubi\u0119 wygod\u0119 i wydajno\u015b\u0107, a gigant z Cupertino mi to gwarantuje. Niestety sprawa ma si\u0119 tak, \u017ce z roku na rok moja ulubiona firma coraz bardziej zmierza z Ciemn\u0105 Stron\u0119 Mocy i odda si\u0119 od idei Jedi. Czuje si\u0119 troch\u0119 tak, jakby Tim Cook na si\u0142\u0119 pr\u00f3bowa\u0142 dor\u00f3wna\u0107 Jobsowi, a nie zbli\u017cy\u0142 si\u0119 nawet do ca\u0142owania mu st\u00f3p. Co\u015b jest nie tak! Moda na design klasuje si\u0119 chyba troch\u0119 inaczej. <\/p>\n\n\n\n<h2 class=\"wp-block-heading\">Na szcz\u0119\u015bcie, nie wszystkie propozycje Apple mnie zamordowa\u0142y, ale jednak pere\u0142ka przela\u0142a szal\u0119 goryczy.<\/h2>\n\n\n\n<p>Wyobra\u017acie sobie, \u017ce jedna z najwi\u0119kszych firm technologicznych wypuszcza na rynek ca\u0142kiem ciekawy sprz\u0119t (bo tak sprawa w sumie si\u0119 zaczyna). Milusi monitorek studyjny 6K &#8211; Pro Display XDR. I tu jest bardzo fajnie. Jest to produkt, kt\u00f3ry skradnie producentom multimedi\u00f3w serca. To wchodzi to, jak ta lala. Przejd\u017amy jednak do szczeg\u00f3\u0142\u00f3w, aby\u015bcie mieli jasno\u015b\u0107 sytuacji. Nowy monitor Apple to ekran Retina 6K (6016 x 3384 pikseli) o przek\u0105tnej 32 cali. Ju\u017c same to parametry to mi\u00f3d na moje oczy. Co wi\u0119cej, panel wspiera pe\u0142en gamut DCI-P3, pozwala wy\u015bwietli\u0107 10-bitowy kolor i obs\u0142uguje HDR. Jako\u015b\u0107 jest naprawd\u0119 zapieraj\u0105ca dech w piersiach. Ogl\u0105daj\u0105c to, czu\u0142em si\u0119, jakbym wkracza\u0142 na nowy poziom technologicznej ewolucji.<\/p>\n\n\n\n<h2 class=\"wp-block-heading\">Maksymalna jasno\u015b\u0107 to 1000 nit\u00f3w, ale pami\u0119tajmy, \u017ce \u00a0m\u00f3wimy tu o jasno\u015bci ekranu pod\u015bwietlonego w ca\u0142o\u015bci.\u00a0<\/h2>\n\n\n\n<p>Szczytowa punktowa jest wy\u017csza i mo\u017ce osi\u0105ga\u0107 nawet 1600 nit\u00f3w. Mo\u017cna ju\u017c mie\u0107 mokro w gaciach. Podrasowano tak\u017ce czer\u0144. W nowym monitorze z\u00a0Cupertino\u00a0mamy do czynienia z panelem LED, w kt\u00f3rym Apple zastosowa\u0142o zaawansowany system wygaszania strefowego, niczym w nowoczesnych telewizorach. Oczywi\u015bcie, to wszystko uwie\u0144czaj\u0105 bardzo bogate mo\u017cliwo\u015bci kalibracji sprz\u0119tu, kt\u00f3re bez problemu mo\u017cna mierzy\u0107\u00a0z referencyjnymi monitorami studyjnymi. Wszystko to pi\u0119kne wygl\u0105da razem i cieszy serca fan\u00f3w technologii. Zapowied\u017a naprawd\u0119 godna kr\u00f3la rynku IT.<\/p>\n\n\n\n<figure class=\"wp-block-image\"><img loading=\"lazy\" decoding=\"async\" width=\"1024\" height=\"670\" src=\"https:\/\/www.speedtest.pl\/wiadomosci\/wp-content\/uploads\/2019\/06\/Apple-Pro-Display-XDR-6K-5000-dolaro\u0301w-WWDC-2019_3-1024x670.jpg\" alt=\"apple, wwdc, vevo, Pro Display XDR 6K,\" class=\"wp-image-23472\" srcset=\"https:\/\/www.speedtest.pl\/wiadomosci\/wp-content\/uploads\/2019\/06\/Apple-Pro-Display-XDR-6K-5000-dolaro\u0301w-WWDC-2019_3-1024x670.jpg 1024w, https:\/\/www.speedtest.pl\/wiadomosci\/wp-content\/uploads\/2019\/06\/Apple-Pro-Display-XDR-6K-5000-dolaro\u0301w-WWDC-2019_3-300x196.jpg 300w, https:\/\/www.speedtest.pl\/wiadomosci\/wp-content\/uploads\/2019\/06\/Apple-Pro-Display-XDR-6K-5000-dolaro\u0301w-WWDC-2019_3-768x502.jpg 768w, https:\/\/www.speedtest.pl\/wiadomosci\/wp-content\/uploads\/2019\/06\/Apple-Pro-Display-XDR-6K-5000-dolaro\u0301w-WWDC-2019_3-696x455.jpg 696w, https:\/\/www.speedtest.pl\/wiadomosci\/wp-content\/uploads\/2019\/06\/Apple-Pro-Display-XDR-6K-5000-dolaro\u0301w-WWDC-2019_3-741x486.jpg 741w, https:\/\/www.speedtest.pl\/wiadomosci\/wp-content\/uploads\/2019\/06\/Apple-Pro-Display-XDR-6K-5000-dolaro\u0301w-WWDC-2019_3-1068x698.jpg 1068w, https:\/\/www.speedtest.pl\/wiadomosci\/wp-content\/uploads\/2019\/06\/Apple-Pro-Display-XDR-6K-5000-dolaro\u0301w-WWDC-2019_3-642x420.jpg 642w, https:\/\/www.speedtest.pl\/wiadomosci\/wp-content\/uploads\/2019\/06\/Apple-Pro-Display-XDR-6K-5000-dolaro\u0301w-WWDC-2019_3.jpg 1280w\" sizes=\"auto, (max-width: 1024px) 100vw, 1024px\" \/><\/figure>\n\n\n\n<h2 class=\"wp-block-heading\">Postaram si\u0119 jeszcze troch\u0119 pos\u0142odzi\u0107, aby podnie\u015b\u0107 wam napi\u0119cie.<\/h2>\n\n\n\n<p>Je\u017celi chodzi o design, to Apple zastosowa\u0142 matowe wyko\u0144czenie i szk\u0142o z\u00a0nano-tekstur\u0105, kt\u00f3re zadba o brak jakichkolwiek odblask\u00f3w. Ma ono tak\u0105 ciekaw\u0105 w\u0142a\u015bciwo\u015b\u0107, \u017ce potrafi mocno rozprasza\u0107 \u015bwiat\u0142o bez jednoczesnego wp\u0142ywu na parametry obrazu takie jak cho\u0107by kontrast. \u0141\u0105czno\u015b\u0107 tak\u017ce wygl\u0105da bardzo interesuj\u0105co.\u00a0Na\u00a0&#8222;pleckach&#8221;\u00a0monitora sytuuj\u0105 si\u0119 trzy proty\u00a0Thunderbolt\u00a03. Monitor mo\u017ce \u0142\u0105czy\u0107 si\u0119 z nowym Makiem Pro za po\u015brednictwem jednego przewodu. Nie trzeba przystawek i kolekcji kabli rodem z nieposprz\u0105tanej serwerowni. Maksymalna rozdzielczo\u015b\u0107 wspierana przez Maca Pro to 120 milion\u00f3w pikseli, co przek\u0142ada si\u0119 na sze\u015b\u0107 monitor\u00f3w Pro Display\u00a0XDR\u00a06K. Dodatkowe porty pozwalaj\u0105 na po\u0142\u0105czenie monitor\u00f3w w szereg. To rozwi\u0105zanie naprawd\u0119 przypad\u0142o mi do gustu. Innowacyjne i eleganckie.<\/p>\n\n\n\n<h2 class=\"wp-block-heading\">Pola\u0142em serca firmy Apple miodem t\u0105 recenzj\u0105, ale trzeba doda\u0107 do tego \u0142y\u017ceczk\u0119 dziegciu.<\/h2>\n\n\n\n<p>No bo przecie\u017c tak to bywa w realnym \u015bwiecie, \u017ce nie mo\u017ce by\u0107 za dobrze. By\u0142oby to nienaturalne, jakby nic po drodze nie sprawi\u0142o, \u017ce scyzoryk nam si\u0119 w kieszenie otworzy. Nowy Apple Pro Display\u00a0XDR\u00a06K\u00a0b\u0119dzie kosztowa\u0142 bagatela 4999 dolar\u00f3w a wersj\u0119 bez\u00a0nano-tekstury\u00a0i 5999 dolar\u00f3w z tym gad\u017cetem. Nie wygl\u0105da\u00a0to, jak cena dla przeci\u0119tnego Kowalskiego, ale nie ukrywajmy \u2014 nie jest to sprz\u0119t na biurko dla Krysi do obs\u0142ugi Worda i Excela. S\u0105 to ju\u017c machiny dla specjalist\u00f3w i zawodowc\u00f3w, kt\u00f3rzy oczekuj\u0105 wysokiej jako\u015bci i klasy. To jeszcze by\u0142by w stanie zrozumie\u0107. Przyzwyczai\u0142em si\u0119 przez lata do tego, \u017ce s\u0105 ceny rynkowe i &#8230; s\u0105 ceny od Apple. Wszystko by\u0142oby mi\u0142o i przyjemnie, gdyby nie\u00a0&#8222;malutki&#8221;\u00a0dodatek, kt\u00f3ry Apple do tego monitora oferuje.<\/p>\n\n\n\n<figure class=\"wp-block-image\"><img loading=\"lazy\" decoding=\"async\" width=\"1024\" height=\"398\" src=\"https:\/\/www.speedtest.pl\/wiadomosci\/wp-content\/uploads\/2019\/06\/P1012243.MP4.00_00_01_22.Immagine001-1024x398.jpg\" alt=\"apple, wwdc, vevo, Pro Display XDR 6K,\" class=\"wp-image-23473\" srcset=\"https:\/\/www.speedtest.pl\/wiadomosci\/wp-content\/uploads\/2019\/06\/P1012243.MP4.00_00_01_22.Immagine001-1024x398.jpg 1024w, https:\/\/www.speedtest.pl\/wiadomosci\/wp-content\/uploads\/2019\/06\/P1012243.MP4.00_00_01_22.Immagine001-300x117.jpg 300w, https:\/\/www.speedtest.pl\/wiadomosci\/wp-content\/uploads\/2019\/06\/P1012243.MP4.00_00_01_22.Immagine001-768x299.jpg 768w, https:\/\/www.speedtest.pl\/wiadomosci\/wp-content\/uploads\/2019\/06\/P1012243.MP4.00_00_01_22.Immagine001-696x271.jpg 696w, https:\/\/www.speedtest.pl\/wiadomosci\/wp-content\/uploads\/2019\/06\/P1012243.MP4.00_00_01_22.Immagine001-1068x415.jpg 1068w, https:\/\/www.speedtest.pl\/wiadomosci\/wp-content\/uploads\/2019\/06\/P1012243.MP4.00_00_01_22.Immagine001.jpg 1080w\" sizes=\"auto, (max-width: 1024px) 100vw, 1024px\" \/><\/figure>\n\n\n\n<h2 class=\"wp-block-heading\">Przecie\u017c skoro mo\u017cesz kupi\u0107 monitor za 5-6 ko\u0142a w dolcach, to nic nie szkodzi na przeszkodzie, aby\u015b do\u0142o\u017cy\u0142 jeszcze tysi\u0105c (w walucie zza oceanu) za&#8230; n\u00f3\u017ck\u0119. <\/h2>\n\n\n\n<p>Absurdalno\u015b\u0107 ekosystemu Apple w dniu WWDC 2019 osi\u0105gn\u0119\u0142a ekstremum globalne i wyczerpa\u0142a moje pok\u0142ady cierpliwo\u015bci do ich g\u0142upich pomys\u0142\u00f3w. Zacz\u0105\u0142em si\u0119 zastanawia\u0107, czy ta podstawka pod monitor to mo\u017ce kaw\u0119 sam\u0105 robi, albo wyprowadza psy na spacer. Ci\u0119\u017cko mi by\u0142o zrozumie\u0107, co ona musi mie\u0107 w sobie, aby kosztowa\u0107 a\u017c oko\u0142o 3500 z\u0142. Przecie\u017c za tak\u0105 kwot\u0119 z palcem w tylnej cz\u0119\u015bci cia\u0142a kupimy dobrego iPhone&#8217;a\u2026 a tu ma\u0142y kawa\u0142ek plastiku\/metalu\/aluminium (cholera wie, co tam wpakowa\u0142o \u2014 mo\u017ce ze z\u0142ota jest?). Co wi\u0119cej, mocowanie to jest tak paskudne, \u017ce my\u015bla\u0142em, \u017ce oczy mi sp\u0142on\u0105, jak je tylko zobaczy\u0142em. Kto\u015b chyba troch\u0119 przy\u0107pa\u0142 i zamarzy\u0142 mu si\u0119 design rodem ze zderzenia z wiertark\u0105. Jakby\u015b postawi\u0142 na biurku tart\u0119 do warzyw\u2026 i to za 3,5 tysi\u0105c z\u0142otych. Produkt ten, to naprawd\u0119 jaki\u015b dobry \u017cart ze strony Apple. To ju\u017c nawet nie moda &#8211; to jaka\u015b fanaberia tylko projektant\u00f3w.<\/p>\n\n\n\n<figure class=\"wp-block-embed-youtube wp-block-embed is-type-video is-provider-youtube wp-embed-aspect-16-9 wp-has-aspect-ratio\"><div class=\"wp-block-embed__wrapper\">\n<iframe loading=\"lazy\" class=\"youtube-player\" width=\"696\" height=\"392\" src=\"https:\/\/www.youtube.com\/embed\/wl4Hg23RQHQ?version=3&#038;rel=1&#038;showsearch=0&#038;showinfo=1&#038;iv_load_policy=1&#038;fs=1&#038;hl=pl-PL&#038;autohide=2&#038;wmode=transparent\" allowfullscreen=\"true\" style=\"border:0;\" sandbox=\"allow-scripts allow-same-origin allow-popups allow-presentation allow-popups-to-escape-sandbox\"><\/iframe>\n<\/div><\/figure>\n\n\n\n<h2 class=\"wp-block-heading\">Co wi\u0119cej, nie jestem jedynym oburzonym u\u017cytkownikiem w sieci.<\/h2>\n\n\n\n<p>Na firm\u0119 Apple sp\u0142yn\u0119\u0142a ogromna fala hejtu, a mocowanie VESA sta\u0142o si\u0119 bohaterem niewybrednych dowcip\u00f3w i mem\u00f3w ju\u017c chwil\u0119 po transmisji WWDC. Moja kole\u017canka powiedzia\u0142a, \u017ce ogl\u0105daj\u0105c konferencje przysz\u0142a jej na my\u015bl stara reklama jednego z market\u00f3w: &#8222;<em>Moda w stylu Cherokee. Cena w stylu Tesco<\/em>&#8222;. Stwierdzi\u0142a, \u017ce ma ju\u017c wersje tej frazy w odniesieniu do nowego gad\u017cetu z Cupertino: &#8222;<em>Moda w stylu Zeptera. Cena w stylu Apple<\/em>&#8222;. Stad taki w\u0142a\u015bnie tytu\u0142 mojego dzisiejszego artyku\u0142u. Pasuje wr\u0119cz idealnie. Ogl\u0105daj\u0105c takie prezentacje, mam wra\u017cenie, \u017ce Tim Cook pr\u00f3buje mocno &#8222;przedobrzy\u0107&#8221; i pokaza\u0107, \u017ce jest kolejnym Stevem Jobsem ze smyka\u0142k\u0105 do innowacji. Chyba nie zadzia\u0142a\u0142o. <\/p>\n\n\n\n<h2 class=\"wp-block-heading\">Pomys\u0142y Jobsa by\u0142y chodliwe, ci\u0105gn\u0119\u0142y t\u0142umy. <\/h2>\n\n\n\n<p>To jest po prostu brzydkie i \u015bmieszne. Nie ma za grosz stylu i elegancki, a na dodatek kosztuje jak za dobry\u00a0smartfon. Apple przyzwyczai\u0142o nas do absurd\u00f3w w swoim wykonaniu, ale ten osi\u0105gn\u0105\u0142 w\u0142a\u015bnie status lidera najbardziej \u017ca\u0142osnych pomys\u0142\u00f3w tego dziesi\u0119ciolecia. Zdaje sobie spraw\u0119, \u017ce tym artem da\u0142em\u00a0hejterom\u00a0kolejn\u0105 po\u017cywk\u0119 i b\u0119d\u0105 na nim teraz siedzie\u0107, jak mucha na g&#8230; (wiadomo, na czym), ale hipokryt\u0105 to ja nie jestem. Tego cyrku ju\u017c si\u0119 nie da\u0142o kopa\u0107 pod dywan. Trzeba w ko\u0144cu pami\u0119ta\u0107 te\u017c, \u017ce w sieci\u00a0&#8222;co zosta\u0142o zobaczone, nie da si\u0119 ju\u017c\u00a0od-zobaczy\u0107&#8221;. Szkoda, bo mog\u0142o by\u0107 tak pi\u0119knie! Oficjalnie og\u0142aszam nowy styl Apple: moda na garnki Zeptera. <\/p>\n","protected":false},"excerpt":{"rendered":"<p>W \u015bwiecie IT bywa tak, \u017ce fanboy danej firmy ma\u0142o kiedy narzeka na jej produkty. Przyzwyczai\u0142 si\u0119 do pewnego ekosystemu i cho\u0107by mu m\u00f3wili, \u017ce co\u015b jest o kant ty\u0142ka rozbi\u0107, to i tak b\u0119dzie si\u0119 trzyma\u0142 wymarzonych produkt\u00f3w. W ko\u0144cu we w\u0142asne gniazdo si\u0119 nie\u2026 znacie pewnie reszt\u0119 cytatu. Co si\u0119 jednak dzieje, kiedy [&hellip;]<\/p>\n","protected":false},"author":13,"featured_media":23471,"comment_status":"closed","ping_status":"open","sticky":false,"template":"","format":"standard","meta":{"jetpack_post_was_ever_published":false,"_jetpack_newsletter_access":"","_jetpack_dont_email_post_to_subs":false,"_jetpack_newsletter_tier_id":0,"_jetpack_memberships_contains_paywalled_content":false,"_jetpack_memberships_contains_paid_content":false,"footnotes":"","jetpack_publicize_message":"Kto\u015b ma ochot\u0119 na prezentacj\u0119 tarki do warzyw za... jedyne 3,5 tysi\u0105ca z\u0142otych?","jetpack_publicize_feature_enabled":true,"jetpack_social_post_already_shared":true,"jetpack_social_options":{"image_generator_settings":{"template":"highway","enabled":false},"version":2}},"categories":[569,2016,6],"tags":[11,5044,5043,1456],"table_tags":[],"class_list":["post-23466","post","type-post","status-publish","format-standard","has-post-thumbnail","hentry","category-apple","category-esej","category-news","tag-apple","tag-pro-display-xdr-6k","tag-vevo","tag-wwdc"],"jetpack_publicize_connections":[],"yoast_head":"<!-- This site is optimized with the Yoast SEO plugin v24.8.1 - https:\/\/yoast.com\/wordpress\/plugins\/seo\/ -->\n<title>Moda w stylu Zeptera. Cena w stylu Apple - SpeedTest.pl Wiadomo\u015bci<\/title>\n<meta name=\"robots\" content=\"index, follow, max-snippet:-1, max-image-preview:large, max-video-preview:-1\" \/>\n<link rel=\"canonical\" href=\"https:\/\/www.speedtest.pl\/wiadomosci\/apple\/moda-w-stylu-zeptera-cena-w-stylu-apple\/\" \/>\n<meta property=\"og:locale\" content=\"pl_PL\" \/>\n<meta property=\"og:type\" content=\"article\" \/>\n<meta property=\"og:title\" content=\"Moda w stylu Zeptera. Cena w stylu Apple - SpeedTest.pl Wiadomo\u015bci\" \/>\n<meta property=\"og:description\" content=\"W \u015bwiecie IT bywa tak, \u017ce fanboy danej firmy ma\u0142o kiedy narzeka na jej produkty. Przyzwyczai\u0142 si\u0119 do pewnego ekosystemu i cho\u0107by mu m\u00f3wili, \u017ce co\u015b jest o kant ty\u0142ka rozbi\u0107, to i tak b\u0119dzie si\u0119 trzyma\u0142 wymarzonych produkt\u00f3w. W ko\u0144cu we w\u0142asne gniazdo si\u0119 nie\u2026 znacie pewnie reszt\u0119 cytatu. Co si\u0119 jednak dzieje, kiedy [&hellip;]\" \/>\n<meta property=\"og:url\" content=\"https:\/\/www.speedtest.pl\/wiadomosci\/apple\/moda-w-stylu-zeptera-cena-w-stylu-apple\/\" \/>\n<meta property=\"og:site_name\" content=\"SpeedTest.pl Wiadomo\u015bci\" \/>\n<meta property=\"article:publisher\" content=\"https:\/\/www.facebook.com\/speedtestpl\/\" \/>\n<meta property=\"article:published_time\" content=\"2019-06-05T08:10:35+00:00\" \/>\n<meta property=\"article:modified_time\" content=\"2019-06-05T08:10:40+00:00\" \/>\n<meta property=\"og:image\" content=\"https:\/\/www.speedtest.pl\/wiadomosci\/wp-content\/uploads\/2019\/06\/dims.jpeg\" \/>\n\t<meta property=\"og:image:width\" content=\"1600\" \/>\n\t<meta property=\"og:image:height\" content=\"932\" \/>\n\t<meta property=\"og:image:type\" content=\"image\/jpeg\" \/>\n<meta name=\"author\" content=\"BS\" \/>\n<meta name=\"twitter:card\" content=\"summary_large_image\" \/>\n<meta name=\"twitter:creator\" content=\"@speedtestpl\" \/>\n<meta name=\"twitter:site\" content=\"@speedtestpl\" \/>\n<meta name=\"twitter:label1\" content=\"Napisane przez\" \/>\n\t<meta name=\"twitter:data1\" content=\"BS\" \/>\n\t<meta name=\"twitter:label2\" content=\"Szacowany czas czytania\" \/>\n\t<meta name=\"twitter:data2\" content=\"7 minut\" \/>\n<script type=\"application\/ld+json\" class=\"yoast-schema-graph\">{\"@context\":\"https:\/\/schema.org\",\"@graph\":[{\"@type\":\"WebPage\",\"@id\":\"https:\/\/www.speedtest.pl\/wiadomosci\/apple\/moda-w-stylu-zeptera-cena-w-stylu-apple\/\",\"url\":\"https:\/\/www.speedtest.pl\/wiadomosci\/apple\/moda-w-stylu-zeptera-cena-w-stylu-apple\/\",\"name\":\"Moda w stylu Zeptera. Cena w stylu Apple - SpeedTest.pl Wiadomo\u015bci\",\"isPartOf\":{\"@id\":\"https:\/\/www.speedtest.pl\/wiadomosci\/#website\"},\"primaryImageOfPage\":{\"@id\":\"https:\/\/www.speedtest.pl\/wiadomosci\/apple\/moda-w-stylu-zeptera-cena-w-stylu-apple\/#primaryimage\"},\"image\":{\"@id\":\"https:\/\/www.speedtest.pl\/wiadomosci\/apple\/moda-w-stylu-zeptera-cena-w-stylu-apple\/#primaryimage\"},\"thumbnailUrl\":\"https:\/\/www.speedtest.pl\/wiadomosci\/wp-content\/uploads\/2019\/06\/dims.jpeg\",\"datePublished\":\"2019-06-05T08:10:35+00:00\",\"dateModified\":\"2019-06-05T08:10:40+00:00\",\"author\":{\"@id\":\"https:\/\/www.speedtest.pl\/wiadomosci\/#\/schema\/person\/585facd68912bef34cadd731cd3edaf2\"},\"breadcrumb\":{\"@id\":\"https:\/\/www.speedtest.pl\/wiadomosci\/apple\/moda-w-stylu-zeptera-cena-w-stylu-apple\/#breadcrumb\"},\"inLanguage\":\"pl-PL\",\"potentialAction\":[{\"@type\":\"ReadAction\",\"target\":[\"https:\/\/www.speedtest.pl\/wiadomosci\/apple\/moda-w-stylu-zeptera-cena-w-stylu-apple\/\"]}]},{\"@type\":\"ImageObject\",\"inLanguage\":\"pl-PL\",\"@id\":\"https:\/\/www.speedtest.pl\/wiadomosci\/apple\/moda-w-stylu-zeptera-cena-w-stylu-apple\/#primaryimage\",\"url\":\"https:\/\/www.speedtest.pl\/wiadomosci\/wp-content\/uploads\/2019\/06\/dims.jpeg\",\"contentUrl\":\"https:\/\/www.speedtest.pl\/wiadomosci\/wp-content\/uploads\/2019\/06\/dims.jpeg\",\"width\":1600,\"height\":932,\"caption\":\"apple, wwdc, vevo, Pro Display XDR 6K,\"},{\"@type\":\"BreadcrumbList\",\"@id\":\"https:\/\/www.speedtest.pl\/wiadomosci\/apple\/moda-w-stylu-zeptera-cena-w-stylu-apple\/#breadcrumb\",\"itemListElement\":[{\"@type\":\"ListItem\",\"position\":1,\"name\":\"Strona g\u0142\u00f3wna\",\"item\":\"https:\/\/www.speedtest.pl\/wiadomosci\/\"},{\"@type\":\"ListItem\",\"position\":2,\"name\":\"Moda w stylu Zeptera. Cena w stylu Apple\"}]},{\"@type\":\"WebSite\",\"@id\":\"https:\/\/www.speedtest.pl\/wiadomosci\/#website\",\"url\":\"https:\/\/www.speedtest.pl\/wiadomosci\/\",\"name\":\"SpeedTest.pl Wiadomo\u015bci\",\"description\":\"Rankingi ISP, newsy i opinie ze \u015bwiata IT, recenzje sprz\u0119tu, gry, motoryzacja\",\"potentialAction\":[{\"@type\":\"SearchAction\",\"target\":{\"@type\":\"EntryPoint\",\"urlTemplate\":\"https:\/\/www.speedtest.pl\/wiadomosci\/?s={search_term_string}\"},\"query-input\":{\"@type\":\"PropertyValueSpecification\",\"valueRequired\":true,\"valueName\":\"search_term_string\"}}],\"inLanguage\":\"pl-PL\"},{\"@type\":\"Person\",\"@id\":\"https:\/\/www.speedtest.pl\/wiadomosci\/#\/schema\/person\/585facd68912bef34cadd731cd3edaf2\",\"name\":\"BS\",\"image\":{\"@type\":\"ImageObject\",\"inLanguage\":\"pl-PL\",\"@id\":\"https:\/\/www.speedtest.pl\/wiadomosci\/#\/schema\/person\/image\/\",\"url\":\"https:\/\/www.speedtest.pl\/wiadomosci\/wp-content\/uploads\/2018\/01\/bek.png\",\"contentUrl\":\"https:\/\/www.speedtest.pl\/wiadomosci\/wp-content\/uploads\/2018\/01\/bek.png\",\"caption\":\"BS\"},\"description\":\"Bernard to redaktor naczelny SpeedTest.pl. Jest analitykiem i pasjonatem gier. Studiowa\u0142 na Politechnice Wroc\u0142awskiej informatyk\u0119 i zarz\u0105dzanie. Lubi szybkie samochody, podr\u00f3\u017ce do egzotycznych kraj\u00f3w oraz dobre ksi\u0105\u017cki z kategorii fantastyka.\",\"url\":\"https:\/\/www.speedtest.pl\/wiadomosci\/author\/bernard\/\"}]}<\/script>\n<!-- \/ Yoast SEO plugin. -->","yoast_head_json":{"title":"Moda w stylu Zeptera. Cena w stylu Apple - SpeedTest.pl Wiadomo\u015bci","robots":{"index":"index","follow":"follow","max-snippet":"max-snippet:-1","max-image-preview":"max-image-preview:large","max-video-preview":"max-video-preview:-1"},"canonical":"https:\/\/www.speedtest.pl\/wiadomosci\/apple\/moda-w-stylu-zeptera-cena-w-stylu-apple\/","og_locale":"pl_PL","og_type":"article","og_title":"Moda w stylu Zeptera. Cena w stylu Apple - SpeedTest.pl Wiadomo\u015bci","og_description":"W \u015bwiecie IT bywa tak, \u017ce fanboy danej firmy ma\u0142o kiedy narzeka na jej produkty. Przyzwyczai\u0142 si\u0119 do pewnego ekosystemu i cho\u0107by mu m\u00f3wili, \u017ce co\u015b jest o kant ty\u0142ka rozbi\u0107, to i tak b\u0119dzie si\u0119 trzyma\u0142 wymarzonych produkt\u00f3w. W ko\u0144cu we w\u0142asne gniazdo si\u0119 nie\u2026 znacie pewnie reszt\u0119 cytatu. Co si\u0119 jednak dzieje, kiedy [&hellip;]","og_url":"https:\/\/www.speedtest.pl\/wiadomosci\/apple\/moda-w-stylu-zeptera-cena-w-stylu-apple\/","og_site_name":"SpeedTest.pl Wiadomo\u015bci","article_publisher":"https:\/\/www.facebook.com\/speedtestpl\/","article_published_time":"2019-06-05T08:10:35+00:00","article_modified_time":"2019-06-05T08:10:40+00:00","og_image":[{"width":1600,"height":932,"url":"https:\/\/www.speedtest.pl\/wiadomosci\/wp-content\/uploads\/2019\/06\/dims.jpeg","type":"image\/jpeg"}],"author":"BS","twitter_card":"summary_large_image","twitter_creator":"@speedtestpl","twitter_site":"@speedtestpl","twitter_misc":{"Napisane przez":"BS","Szacowany czas czytania":"7 minut"},"schema":{"@context":"https:\/\/schema.org","@graph":[{"@type":"WebPage","@id":"https:\/\/www.speedtest.pl\/wiadomosci\/apple\/moda-w-stylu-zeptera-cena-w-stylu-apple\/","url":"https:\/\/www.speedtest.pl\/wiadomosci\/apple\/moda-w-stylu-zeptera-cena-w-stylu-apple\/","name":"Moda w stylu Zeptera. Cena w stylu Apple - SpeedTest.pl Wiadomo\u015bci","isPartOf":{"@id":"https:\/\/www.speedtest.pl\/wiadomosci\/#website"},"primaryImageOfPage":{"@id":"https:\/\/www.speedtest.pl\/wiadomosci\/apple\/moda-w-stylu-zeptera-cena-w-stylu-apple\/#primaryimage"},"image":{"@id":"https:\/\/www.speedtest.pl\/wiadomosci\/apple\/moda-w-stylu-zeptera-cena-w-stylu-apple\/#primaryimage"},"thumbnailUrl":"https:\/\/www.speedtest.pl\/wiadomosci\/wp-content\/uploads\/2019\/06\/dims.jpeg","datePublished":"2019-06-05T08:10:35+00:00","dateModified":"2019-06-05T08:10:40+00:00","author":{"@id":"https:\/\/www.speedtest.pl\/wiadomosci\/#\/schema\/person\/585facd68912bef34cadd731cd3edaf2"},"breadcrumb":{"@id":"https:\/\/www.speedtest.pl\/wiadomosci\/apple\/moda-w-stylu-zeptera-cena-w-stylu-apple\/#breadcrumb"},"inLanguage":"pl-PL","potentialAction":[{"@type":"ReadAction","target":["https:\/\/www.speedtest.pl\/wiadomosci\/apple\/moda-w-stylu-zeptera-cena-w-stylu-apple\/"]}]},{"@type":"ImageObject","inLanguage":"pl-PL","@id":"https:\/\/www.speedtest.pl\/wiadomosci\/apple\/moda-w-stylu-zeptera-cena-w-stylu-apple\/#primaryimage","url":"https:\/\/www.speedtest.pl\/wiadomosci\/wp-content\/uploads\/2019\/06\/dims.jpeg","contentUrl":"https:\/\/www.speedtest.pl\/wiadomosci\/wp-content\/uploads\/2019\/06\/dims.jpeg","width":1600,"height":932,"caption":"apple, wwdc, vevo, Pro Display XDR 6K,"},{"@type":"BreadcrumbList","@id":"https:\/\/www.speedtest.pl\/wiadomosci\/apple\/moda-w-stylu-zeptera-cena-w-stylu-apple\/#breadcrumb","itemListElement":[{"@type":"ListItem","position":1,"name":"Strona g\u0142\u00f3wna","item":"https:\/\/www.speedtest.pl\/wiadomosci\/"},{"@type":"ListItem","position":2,"name":"Moda w stylu Zeptera. Cena w stylu Apple"}]},{"@type":"WebSite","@id":"https:\/\/www.speedtest.pl\/wiadomosci\/#website","url":"https:\/\/www.speedtest.pl\/wiadomosci\/","name":"SpeedTest.pl Wiadomo\u015bci","description":"Rankingi ISP, newsy i opinie ze \u015bwiata IT, recenzje sprz\u0119tu, gry, motoryzacja","potentialAction":[{"@type":"SearchAction","target":{"@type":"EntryPoint","urlTemplate":"https:\/\/www.speedtest.pl\/wiadomosci\/?s={search_term_string}"},"query-input":{"@type":"PropertyValueSpecification","valueRequired":true,"valueName":"search_term_string"}}],"inLanguage":"pl-PL"},{"@type":"Person","@id":"https:\/\/www.speedtest.pl\/wiadomosci\/#\/schema\/person\/585facd68912bef34cadd731cd3edaf2","name":"BS","image":{"@type":"ImageObject","inLanguage":"pl-PL","@id":"https:\/\/www.speedtest.pl\/wiadomosci\/#\/schema\/person\/image\/","url":"https:\/\/www.speedtest.pl\/wiadomosci\/wp-content\/uploads\/2018\/01\/bek.png","contentUrl":"https:\/\/www.speedtest.pl\/wiadomosci\/wp-content\/uploads\/2018\/01\/bek.png","caption":"BS"},"description":"Bernard to redaktor naczelny SpeedTest.pl. Jest analitykiem i pasjonatem gier. Studiowa\u0142 na Politechnice Wroc\u0142awskiej informatyk\u0119 i zarz\u0105dzanie. Lubi szybkie samochody, podr\u00f3\u017ce do egzotycznych kraj\u00f3w oraz dobre ksi\u0105\u017cki z kategorii fantastyka.","url":"https:\/\/www.speedtest.pl\/wiadomosci\/author\/bernard\/"}]}},"jetpack_featured_media_url":"https:\/\/www.speedtest.pl\/wiadomosci\/wp-content\/uploads\/2019\/06\/dims.jpeg","jetpack_sharing_enabled":true,"jetpack_shortlink":"https:\/\/wp.me\/p85ce0-66u","_links":{"self":[{"href":"https:\/\/www.speedtest.pl\/wiadomosci\/wp-json\/wp\/v2\/posts\/23466","targetHints":{"allow":["GET"]}}],"collection":[{"href":"https:\/\/www.speedtest.pl\/wiadomosci\/wp-json\/wp\/v2\/posts"}],"about":[{"href":"https:\/\/www.speedtest.pl\/wiadomosci\/wp-json\/wp\/v2\/types\/post"}],"author":[{"embeddable":true,"href":"https:\/\/www.speedtest.pl\/wiadomosci\/wp-json\/wp\/v2\/users\/13"}],"replies":[{"embeddable":true,"href":"https:\/\/www.speedtest.pl\/wiadomosci\/wp-json\/wp\/v2\/comments?post=23466"}],"version-history":[{"count":9,"href":"https:\/\/www.speedtest.pl\/wiadomosci\/wp-json\/wp\/v2\/posts\/23466\/revisions"}],"predecessor-version":[{"id":23479,"href":"https:\/\/www.speedtest.pl\/wiadomosci\/wp-json\/wp\/v2\/posts\/23466\/revisions\/23479"}],"wp:featuredmedia":[{"embeddable":true,"href":"https:\/\/www.speedtest.pl\/wiadomosci\/wp-json\/wp\/v2\/media\/23471"}],"wp:attachment":[{"href":"https:\/\/www.speedtest.pl\/wiadomosci\/wp-json\/wp\/v2\/media?parent=23466"}],"wp:term":[{"taxonomy":"category","embeddable":true,"href":"https:\/\/www.speedtest.pl\/wiadomosci\/wp-json\/wp\/v2\/categories?post=23466"},{"taxonomy":"post_tag","embeddable":true,"href":"https:\/\/www.speedtest.pl\/wiadomosci\/wp-json\/wp\/v2\/tags?post=23466"},{"taxonomy":"table_tags","embeddable":true,"href":"https:\/\/www.speedtest.pl\/wiadomosci\/wp-json\/wp\/v2\/table_tags?post=23466"}],"curies":[{"name":"wp","href":"https:\/\/api.w.org\/{rel}","templated":true}]}}