{"id":22749,"date":"2019-04-20T21:07:52","date_gmt":"2019-04-20T19:07:52","guid":{"rendered":"https:\/\/www.speedtest.pl\/wiadomosci\/?p=22749"},"modified":"2019-04-27T21:11:15","modified_gmt":"2019-04-27T19:11:15","slug":"szwajcaria-monitoring-pem-5g-zdrowie","status":"publish","type":"post","link":"https:\/\/www.speedtest.pl\/wiadomosci\/internet-mobilny\/szwajcaria-monitoring-pem-5g-zdrowie\/","title":{"rendered":"Szwajcaria chce monitorowa\u0107 wp\u0142yw 5G na zdrowie"},"content":{"rendered":"\n<p><strong>Ju\u017c mamy pierwsz\u0105 komercyjn\u0105 sie\u0107 5G dzia\u0142aj\u0105c\u0105 w Europie. Funkcjonuje ona w Szwajcarii, kraju, w kt\u00f3rym po\u0142owa spo\u0142ecze\u0144stwa obawia si\u0119 negatywnego wp\u0142ywu nowej technologi na zdrowie. Tamtejszy rz\u0105d nie zgodzi\u0142 si\u0119 na podniesienie norm okre\u015blaj\u0105cych dopuszczalny poziom promieniowania elektromagnetycznego. Za to w Szwajcarii ruszy system ci\u0105g\u0142ego monitoringu wp\u0142ywu 5G na zdrowie mieszka\u0144c\u00f3w. Co z tego wyniknie?<\/strong><\/p>\n\n\n\n<p>Ludzie boj\u0105 si\u0119 tego, co jest im nieznane. Niestety strach ten jest cz\u0119sto pot\u0119gowany przez osoby wykorzystuj\u0105ce brak wiedzy spo\u0142ecze\u0144stwa. Oczywi\u015bcie nikt nie wymaga, \u017ceby &#8222;przeci\u0119tny Kowalski&#8221; biegle pos\u0142ugiwa\u0142 si\u0119 terminami telekomunikacyjnymi i rozumia\u0142 dzia\u0142anie sieci kom\u00f3rkowych. Dla ludzi najwa\u017cniejsze jest to, \u017ceby internet w telefonie dzia\u0142a\u0142 szybko i stabilnie oraz \u017ceby nikt nie nara\u017ca\u0142 go na zbyt silne promieniowanie elektromagnetyczne. Jednak operatorzy zacz\u0119li dostrzega\u0107 problem zwi\u0105zany z obowi\u0105zuj\u0105cymi przepisami (tzw. normami PEM), a konieczno\u015bci\u0105 uruchomienia system\u00f3w korzystaj\u0105cych z nowych cz\u0119stotliwo\u015bci. Przy czym nie chodzi tutaj o fale radiowe nadawane na &#8222;obcych dla cz\u0142owieka&#8221; cz\u0119stotliwo\u015bciach.<\/p>\n\n\n\n<h2 class=\"wp-block-heading\">Pierwsze sieci 5G korzystaj\u0105 z wcze\u015bniej u\u017cywanych cz\u0119stotliwo\u015bci<\/h2>\n\n\n\n<p>Wdro\u017cenie 5G oznacza dla Europy uruchomienie sieci kom\u00f3rkowej pracuj\u0105cej w zakresie cz\u0119stotliwo\u015bci od 3400 do 3800 MHz. Aktualnie s\u0105 one u\u017cywane przez inne systemy radiokomunikacyjne (np. WiMAX). Drugim &#8222;nowym pasmem&#8221; jest przedzia\u0142 od 694 do 790 MHz, czyli tzw. pasmo 700 MHz. W tej chwili s\u0105 korzystaj\u0105 z nich na szerok\u0105 skal\u0119 przez nadajniki telewizji naziemnej. Z kolei przepisy okre\u015blaj\u0105ce dopuszczalne poziomy p\u00f3l elektromagnetycznych s\u0105 takie same dla wszystkich system\u00f3w \u0142\u0105czno\u015bci bezprzewodowej. Nie ma tutaj najmniejszego znaczenia czy jest to 2G, 3G, 4G, 5G, czy te\u017c telewizja naziemna, stacje radiowe, systemy WiMAX itd. Wsz\u0119dzie tam, gdzie przebywaj\u0105 ludzie, sk\u0142adowa elektryczna pola elektromagnetycznego nie mo\u017ce przekracza\u0107 7 V\/m. Odpowiada to g\u0119sto\u015bci mocy na poziomie 0,1 W\/m<sup>2<\/sup> . Dlatego mieszka\u0144cy nie powinni zwraca\u0107 uwag\u0119 na to, czy dany operator chce postawi\u0107 kolejny maszt korzystaj\u0105cy z dotychczasowych technologi, czy mo\u017ce uruchomi na nim 5G. Najwa\u017cniejsze jest to, \u017ceby ka\u017cda inwestycja by\u0142a zgodna z obowi\u0105zuj\u0105cymi przepisami. Niestety obecnie obowi\u0105zuj\u0105ce normy mog\u0105 uniemo\u017cliwi\u0107 rozbudow\u0119 obecnie dzia\u0142aj\u0105cych sieci.<\/p>\n\n\n\n<h2 class=\"wp-block-heading\">Szwajcaria ma limity PEM zbli\u017cone do tych, kt\u00f3re obowi\u0105zuj\u0105 w Polsce<\/h2>\n\n\n\n<p>Szwajcarski rz\u0105d dwa razy odrzuci\u0142 pro\u015bb\u0119 o zwi\u0119kszenie norm PEM. Dlatego tamtejszy operator Swisscom zosta\u0142 zmuszony do uruchomienia 5G przy limitach na poziomie 6 V\/m. Pomimo tego firma telekomunikacyjna zadeklarowa\u0142a, \u017ce jeszcze w tym roku zapewni og\u00f3lnokrajowy zasi\u0119g sieci 5G, kt\u00f3ra dotrze do 90% mieszka\u0144c\u00f3w kraju. Mog\u0142oby si\u0119 wydawa\u0107, \u017ce polscy operatorzy powinni sprosta\u0107 podobnemu wyzwaniu. I nie trzeba by tutaj zwi\u0119ksza\u0107 obowi\u0105zuj\u0105cych norm. Nic bardziej mylnego. Szwajcaria jest ponad siedmiokrotnie mniejsza od Polski. Zatem szwajcarscy operatorzy musz\u0105 wybudowa\u0107 du\u017co mniej stacji bazowych ni\u017c nasze rodzime telekomy. Ponadto Szwajcaria poradzi\u0142a ju\u017c sobie z refarmingiem pasma 700 MHz. Swisscom posiada aktualnie 15-letni\u0105 rezerwacj\u0119 cz\u0119stotliwo\u015bci z pasm 700 MHz i 3,5 GHz. Dzi\u0119ki temu operator mo\u017ce uzyska\u0107 du\u017cy zasi\u0119g sieci 5G korzystaj\u0105c do tego celu z ni\u017cszych cz\u0119stotliwo\u015bci. Natomiast pasmo 3,5 GHz pos\u0142u\u017cy do zwi\u0119kszenia pojemno\u015bci sieci w miejscach, gdzie wyst\u0119puje du\u017ce nat\u0119\u017cenie aktywnych u\u017cytkownik\u00f3w.<\/p>\n\n\n\n<h2 class=\"wp-block-heading\">Jaki jest dalszy los norm PEM w Szwajcarii?<\/h2>\n\n\n\n<p>Problem polega na tym, \u017ce pr\u0119dzej czy p\u00f3\u017aniej szwajcarscy operatorzy napotkaj\u0105 ten sam problem, kt\u00f3ry jest ju\u017c dobrze znany w Polsce. Brak zwi\u0119kszenia norm PEM oznacza tzw. blackout internetu mobilnego. Czyli zapchanie si\u0119 stacji bazowych, kt\u00f3rych nie b\u0119dzie mo\u017cna rozbudowa\u0107 o kolejne systemy. Dlatego Swisscom sugerowa\u0142, \u017ceby zwi\u0119kszy\u0107 obowi\u0105zuj\u0105cy limit 6 V\/m (0,1 W\/m<sup>2<\/sup> ) do 20 V\/m (1 W\/m<sup>2<\/sup> ). Z kolei w wi\u0119kszo\u015bci kraj\u00f3w europejskich dopuszczalne 60 V\/m (10 W\/m<sup>2<\/sup> ). Taki poziom promieniowania elektromagnetyczne akceptuje \u015awiatowa Organizacja Zdrowia. Obowi\u0105zuje on m.in. w Stanach Zjednoczonych, Austrii, Czechach, Danii, Niemczech, Portugalii czy te\u017c Wielkiej Brytanii. Z kolei w Polsce powoli zaczyna si\u0119 m\u00f3wi\u0107 o zwi\u0119kszeniu norm PEM do warto\u015bci, kt\u00f3ra jest pomi\u0119dzy aktualnie obowi\u0105zuj\u0105cymi przepisami a tym, co jest dopuszczalne w innych krajach. Zaproponowane w Szwajcarii 20 V\/m wydaje si\u0119 rozs\u0105dnym kompromisem.<\/p>\n\n\n\n<h2 class=\"wp-block-heading\">Systemy monitoringu p\u00f3l elektromagnetycznych mog\u0105 uspokoi\u0107 spo\u0142ecze\u0144stwo<\/h2>\n\n\n\n<p>Szwajcarzy nie wykonuj\u0105 regularnych pomiar\u00f3w poziom\u00f3w PEM. Dlatego zostanie tam wdro\u017cony system monitoruj\u0105cy na bie\u017c\u0105co skutki emisji p\u00f3l elektromagnetycznych. Dodatkowo spo\u0142ecze\u0144stwo b\u0119dzie regularnie informowane o wynikach prowadzonych bada\u0144. Tego typu dzia\u0142ania mog\u0105 sprawi\u0107, \u017ce ludzie przestan\u0105 obawia\u0107 si\u0119 inwestycji prowadzonych przez operator\u00f3w. Podobny system <a href=\"https:\/\/www.speedtest.pl\/wiadomosci\/news\/si2pem-ministerstwo-cyfryzacji-monitoring-pem\/\">pojawi si\u0119 r\u00f3wnie\u017c w Polsce<\/a>. Mowa tutaj o Systemie Informacyjnym o Instalacjach Wytwarzaj\u0105cych Promieniowanie Elektromagnetyczne (SI2PEM), kt\u00f3ry jest realizowany przez Instytut \u0141\u0105czno\u015bci oraz Centrum Projekt\u00f3w Polska Cyfrowa. Prototyp systemu SI2PEM zostanie uruchomiony w listopadzie tego roku. Z kolei wersja nadaj\u0105ca si\u0119 do powszechnego u\u017cytku ujrzy \u015bwiat\u0142o dzienne w sierpniu 2020 roku.<\/p>\n\n\n\n<p>Szwajcaria zamierza ponownie rozwa\u017cy\u0107 zwi\u0119kszenie obowi\u0105zuj\u0105cych limit\u00f3w PEM po okre\u015bleniu zwi\u0105zanym z tym ryzykiem.<\/p>\n\n\n\n<p>\u0179r\u00f3d\u0142o: <a href=\"https:\/\/www.reuters.com\/article\/us-swiss-5g\/switzerland-to-monitor-potential-health-risks-posed-by-5g-networks-idUSKCN1RT159\" rel=\"external nofollow\">Reuters<\/a><\/p>\n","protected":false},"excerpt":{"rendered":"<p>Ju\u017c mamy pierwsz\u0105 komercyjn\u0105 sie\u0107 5G dzia\u0142aj\u0105c\u0105 w Europie. Funkcjonuje ona w Szwajcarii, kraju, w kt\u00f3rym po\u0142owa spo\u0142ecze\u0144stwa obawia si\u0119 negatywnego wp\u0142ywu nowej technologi na zdrowie. Tamtejszy rz\u0105d nie zgodzi\u0142 si\u0119 na podniesienie norm okre\u015blaj\u0105cych dopuszczalny poziom promieniowania elektromagnetycznego. Za to w Szwajcarii ruszy system ci\u0105g\u0142ego monitoringu wp\u0142ywu 5G na zdrowie mieszka\u0144c\u00f3w. Co z tego [&hellip;]<\/p>\n","protected":false},"author":12,"featured_media":19714,"comment_status":"closed","ping_status":"open","sticky":false,"template":"","format":"standard","meta":{"jetpack_post_was_ever_published":false,"_jetpack_newsletter_access":"","_jetpack_dont_email_post_to_subs":false,"_jetpack_newsletter_tier_id":0,"_jetpack_memberships_contains_paywalled_content":false,"_jetpack_memberships_contains_paid_content":false,"footnotes":"","jetpack_publicize_message":"Szwajcarzy, podobnie jak Polacy, b\u0119d\u0105 informowani o wynikach pomiar\u00f3w poziom\u00f3w #PEM.","jetpack_publicize_feature_enabled":true,"jetpack_social_post_already_shared":true,"jetpack_social_options":{"image_generator_settings":{"template":"highway","enabled":false},"version":2}},"categories":[2344,2016,57,253],"tags":[143,2732,3382,2923,2921,4933,4934],"table_tags":[],"class_list":["post-22749","post","type-post","status-publish","format-standard","has-post-thumbnail","hentry","category-5g","category-esej","category-internet-mobilny","category-polecane","tag-5g","tag-monitoring","tag-pem","tag-pole-elektromagnetyczne","tag-promieniowanie","tag-swisscom","tag-szwajcaria"],"jetpack_publicize_connections":[],"yoast_head":"<!-- This site is optimized with the Yoast SEO plugin v24.8.1 - https:\/\/yoast.com\/wordpress\/plugins\/seo\/ -->\n<title>Szwajcaria chce monitorowa\u0107 wp\u0142yw 5G na zdrowie - SpeedTest.pl Wiadomo\u015bci<\/title>\n<meta name=\"robots\" content=\"index, follow, max-snippet:-1, max-image-preview:large, max-video-preview:-1\" \/>\n<link rel=\"canonical\" href=\"https:\/\/www.speedtest.pl\/wiadomosci\/internet-mobilny\/szwajcaria-monitoring-pem-5g-zdrowie\/\" \/>\n<meta property=\"og:locale\" content=\"pl_PL\" \/>\n<meta property=\"og:type\" content=\"article\" \/>\n<meta property=\"og:title\" content=\"Szwajcaria chce monitorowa\u0107 wp\u0142yw 5G na zdrowie - SpeedTest.pl Wiadomo\u015bci\" \/>\n<meta property=\"og:description\" content=\"Ju\u017c mamy pierwsz\u0105 komercyjn\u0105 sie\u0107 5G dzia\u0142aj\u0105c\u0105 w Europie. Funkcjonuje ona w Szwajcarii, kraju, w kt\u00f3rym po\u0142owa spo\u0142ecze\u0144stwa obawia si\u0119 negatywnego wp\u0142ywu nowej technologi na zdrowie. Tamtejszy rz\u0105d nie zgodzi\u0142 si\u0119 na podniesienie norm okre\u015blaj\u0105cych dopuszczalny poziom promieniowania elektromagnetycznego. Za to w Szwajcarii ruszy system ci\u0105g\u0142ego monitoringu wp\u0142ywu 5G na zdrowie mieszka\u0144c\u00f3w. Co z tego [&hellip;]\" \/>\n<meta property=\"og:url\" content=\"https:\/\/www.speedtest.pl\/wiadomosci\/internet-mobilny\/szwajcaria-monitoring-pem-5g-zdrowie\/\" \/>\n<meta property=\"og:site_name\" content=\"SpeedTest.pl Wiadomo\u015bci\" \/>\n<meta property=\"article:publisher\" content=\"https:\/\/www.facebook.com\/speedtestpl\/\" \/>\n<meta property=\"article:published_time\" content=\"2019-04-20T19:07:52+00:00\" \/>\n<meta property=\"article:modified_time\" content=\"2019-04-27T19:11:15+00:00\" \/>\n<meta property=\"og:image\" content=\"https:\/\/www.speedtest.pl\/wiadomosci\/wp-content\/uploads\/2018\/12\/Polska-PEM.jpg\" \/>\n\t<meta property=\"og:image:width\" content=\"1024\" \/>\n\t<meta property=\"og:image:height\" content=\"576\" \/>\n\t<meta property=\"og:image:type\" content=\"image\/jpeg\" \/>\n<meta name=\"author\" content=\"PJ\" \/>\n<meta name=\"twitter:card\" content=\"summary_large_image\" \/>\n<meta name=\"twitter:creator\" content=\"@speedtestpl\" \/>\n<meta name=\"twitter:site\" content=\"@speedtestpl\" \/>\n<meta name=\"twitter:label1\" content=\"Napisane przez\" \/>\n\t<meta name=\"twitter:data1\" content=\"PJ\" \/>\n\t<meta name=\"twitter:label2\" content=\"Szacowany czas czytania\" \/>\n\t<meta name=\"twitter:data2\" content=\"4 minuty\" \/>\n<script type=\"application\/ld+json\" class=\"yoast-schema-graph\">{\"@context\":\"https:\/\/schema.org\",\"@graph\":[{\"@type\":\"WebPage\",\"@id\":\"https:\/\/www.speedtest.pl\/wiadomosci\/internet-mobilny\/szwajcaria-monitoring-pem-5g-zdrowie\/\",\"url\":\"https:\/\/www.speedtest.pl\/wiadomosci\/internet-mobilny\/szwajcaria-monitoring-pem-5g-zdrowie\/\",\"name\":\"Szwajcaria chce monitorowa\u0107 wp\u0142yw 5G na zdrowie - SpeedTest.pl Wiadomo\u015bci\",\"isPartOf\":{\"@id\":\"https:\/\/www.speedtest.pl\/wiadomosci\/#website\"},\"primaryImageOfPage\":{\"@id\":\"https:\/\/www.speedtest.pl\/wiadomosci\/internet-mobilny\/szwajcaria-monitoring-pem-5g-zdrowie\/#primaryimage\"},\"image\":{\"@id\":\"https:\/\/www.speedtest.pl\/wiadomosci\/internet-mobilny\/szwajcaria-monitoring-pem-5g-zdrowie\/#primaryimage\"},\"thumbnailUrl\":\"https:\/\/www.speedtest.pl\/wiadomosci\/wp-content\/uploads\/2018\/12\/Polska-PEM.jpg\",\"datePublished\":\"2019-04-20T19:07:52+00:00\",\"dateModified\":\"2019-04-27T19:11:15+00:00\",\"author\":{\"@id\":\"https:\/\/www.speedtest.pl\/wiadomosci\/#\/schema\/person\/1e51a1178096c8851f7d3ab0575726e4\"},\"breadcrumb\":{\"@id\":\"https:\/\/www.speedtest.pl\/wiadomosci\/internet-mobilny\/szwajcaria-monitoring-pem-5g-zdrowie\/#breadcrumb\"},\"inLanguage\":\"pl-PL\",\"potentialAction\":[{\"@type\":\"ReadAction\",\"target\":[\"https:\/\/www.speedtest.pl\/wiadomosci\/internet-mobilny\/szwajcaria-monitoring-pem-5g-zdrowie\/\"]}]},{\"@type\":\"ImageObject\",\"inLanguage\":\"pl-PL\",\"@id\":\"https:\/\/www.speedtest.pl\/wiadomosci\/internet-mobilny\/szwajcaria-monitoring-pem-5g-zdrowie\/#primaryimage\",\"url\":\"https:\/\/www.speedtest.pl\/wiadomosci\/wp-content\/uploads\/2018\/12\/Polska-PEM.jpg\",\"contentUrl\":\"https:\/\/www.speedtest.pl\/wiadomosci\/wp-content\/uploads\/2018\/12\/Polska-PEM.jpg\",\"width\":1024,\"height\":576,\"caption\":\"Polska PEM\"},{\"@type\":\"BreadcrumbList\",\"@id\":\"https:\/\/www.speedtest.pl\/wiadomosci\/internet-mobilny\/szwajcaria-monitoring-pem-5g-zdrowie\/#breadcrumb\",\"itemListElement\":[{\"@type\":\"ListItem\",\"position\":1,\"name\":\"Strona g\u0142\u00f3wna\",\"item\":\"https:\/\/www.speedtest.pl\/wiadomosci\/\"},{\"@type\":\"ListItem\",\"position\":2,\"name\":\"Szwajcaria chce monitorowa\u0107 wp\u0142yw 5G na zdrowie\"}]},{\"@type\":\"WebSite\",\"@id\":\"https:\/\/www.speedtest.pl\/wiadomosci\/#website\",\"url\":\"https:\/\/www.speedtest.pl\/wiadomosci\/\",\"name\":\"SpeedTest.pl Wiadomo\u015bci\",\"description\":\"Rankingi ISP, newsy i opinie ze \u015bwiata IT, recenzje sprz\u0119tu, gry, motoryzacja\",\"potentialAction\":[{\"@type\":\"SearchAction\",\"target\":{\"@type\":\"EntryPoint\",\"urlTemplate\":\"https:\/\/www.speedtest.pl\/wiadomosci\/?s={search_term_string}\"},\"query-input\":{\"@type\":\"PropertyValueSpecification\",\"valueRequired\":true,\"valueName\":\"search_term_string\"}}],\"inLanguage\":\"pl-PL\"},{\"@type\":\"Person\",\"@id\":\"https:\/\/www.speedtest.pl\/wiadomosci\/#\/schema\/person\/1e51a1178096c8851f7d3ab0575726e4\",\"name\":\"PJ\",\"image\":{\"@type\":\"ImageObject\",\"inLanguage\":\"pl-PL\",\"@id\":\"https:\/\/www.speedtest.pl\/wiadomosci\/#\/schema\/person\/image\/\",\"url\":\"https:\/\/www.speedtest.pl\/wiadomosci\/wp-content\/uploads\/2018\/01\/AAEAAQAAAAAAAAk2AAAAJDNhNWRlODdhLWY3MjYtNGFjNC04MzY1LTI1Zjc4NmI4YmE0OQ-150x150.jpg\",\"contentUrl\":\"https:\/\/www.speedtest.pl\/wiadomosci\/wp-content\/uploads\/2018\/01\/AAEAAQAAAAAAAAk2AAAAJDNhNWRlODdhLWY3MjYtNGFjNC04MzY1LTI1Zjc4NmI4YmE0OQ-150x150.jpg\",\"caption\":\"PJ\"},\"description\":\"Przemek jest m\u00f3zgiem operacyjnym SpeedTest.pl. Studiowa\u0142 na Politechnice Wroc\u0142awskiej elektronik\u0119 i telekomunikacj\u0119. Zarz\u0105dza projektami IT, relacjami z klientami oraz nadzoruje procesy rozwoju. Prywatnie zaanga\u017cowany w rodzin\u0119, wsparcie r\u00f3\u017cnych dzia\u0142alno\u015bci charytatywnych i projekty ekstremalne.\",\"url\":\"https:\/\/www.speedtest.pl\/wiadomosci\/author\/przemek\/\"}]}<\/script>\n<!-- \/ Yoast SEO plugin. -->","yoast_head_json":{"title":"Szwajcaria chce monitorowa\u0107 wp\u0142yw 5G na zdrowie - SpeedTest.pl Wiadomo\u015bci","robots":{"index":"index","follow":"follow","max-snippet":"max-snippet:-1","max-image-preview":"max-image-preview:large","max-video-preview":"max-video-preview:-1"},"canonical":"https:\/\/www.speedtest.pl\/wiadomosci\/internet-mobilny\/szwajcaria-monitoring-pem-5g-zdrowie\/","og_locale":"pl_PL","og_type":"article","og_title":"Szwajcaria chce monitorowa\u0107 wp\u0142yw 5G na zdrowie - SpeedTest.pl Wiadomo\u015bci","og_description":"Ju\u017c mamy pierwsz\u0105 komercyjn\u0105 sie\u0107 5G dzia\u0142aj\u0105c\u0105 w Europie. Funkcjonuje ona w Szwajcarii, kraju, w kt\u00f3rym po\u0142owa spo\u0142ecze\u0144stwa obawia si\u0119 negatywnego wp\u0142ywu nowej technologi na zdrowie. Tamtejszy rz\u0105d nie zgodzi\u0142 si\u0119 na podniesienie norm okre\u015blaj\u0105cych dopuszczalny poziom promieniowania elektromagnetycznego. Za to w Szwajcarii ruszy system ci\u0105g\u0142ego monitoringu wp\u0142ywu 5G na zdrowie mieszka\u0144c\u00f3w. Co z tego [&hellip;]","og_url":"https:\/\/www.speedtest.pl\/wiadomosci\/internet-mobilny\/szwajcaria-monitoring-pem-5g-zdrowie\/","og_site_name":"SpeedTest.pl Wiadomo\u015bci","article_publisher":"https:\/\/www.facebook.com\/speedtestpl\/","article_published_time":"2019-04-20T19:07:52+00:00","article_modified_time":"2019-04-27T19:11:15+00:00","og_image":[{"width":1024,"height":576,"url":"https:\/\/www.speedtest.pl\/wiadomosci\/wp-content\/uploads\/2018\/12\/Polska-PEM.jpg","type":"image\/jpeg"}],"author":"PJ","twitter_card":"summary_large_image","twitter_creator":"@speedtestpl","twitter_site":"@speedtestpl","twitter_misc":{"Napisane przez":"PJ","Szacowany czas czytania":"4 minuty"},"schema":{"@context":"https:\/\/schema.org","@graph":[{"@type":"WebPage","@id":"https:\/\/www.speedtest.pl\/wiadomosci\/internet-mobilny\/szwajcaria-monitoring-pem-5g-zdrowie\/","url":"https:\/\/www.speedtest.pl\/wiadomosci\/internet-mobilny\/szwajcaria-monitoring-pem-5g-zdrowie\/","name":"Szwajcaria chce monitorowa\u0107 wp\u0142yw 5G na zdrowie - SpeedTest.pl Wiadomo\u015bci","isPartOf":{"@id":"https:\/\/www.speedtest.pl\/wiadomosci\/#website"},"primaryImageOfPage":{"@id":"https:\/\/www.speedtest.pl\/wiadomosci\/internet-mobilny\/szwajcaria-monitoring-pem-5g-zdrowie\/#primaryimage"},"image":{"@id":"https:\/\/www.speedtest.pl\/wiadomosci\/internet-mobilny\/szwajcaria-monitoring-pem-5g-zdrowie\/#primaryimage"},"thumbnailUrl":"https:\/\/www.speedtest.pl\/wiadomosci\/wp-content\/uploads\/2018\/12\/Polska-PEM.jpg","datePublished":"2019-04-20T19:07:52+00:00","dateModified":"2019-04-27T19:11:15+00:00","author":{"@id":"https:\/\/www.speedtest.pl\/wiadomosci\/#\/schema\/person\/1e51a1178096c8851f7d3ab0575726e4"},"breadcrumb":{"@id":"https:\/\/www.speedtest.pl\/wiadomosci\/internet-mobilny\/szwajcaria-monitoring-pem-5g-zdrowie\/#breadcrumb"},"inLanguage":"pl-PL","potentialAction":[{"@type":"ReadAction","target":["https:\/\/www.speedtest.pl\/wiadomosci\/internet-mobilny\/szwajcaria-monitoring-pem-5g-zdrowie\/"]}]},{"@type":"ImageObject","inLanguage":"pl-PL","@id":"https:\/\/www.speedtest.pl\/wiadomosci\/internet-mobilny\/szwajcaria-monitoring-pem-5g-zdrowie\/#primaryimage","url":"https:\/\/www.speedtest.pl\/wiadomosci\/wp-content\/uploads\/2018\/12\/Polska-PEM.jpg","contentUrl":"https:\/\/www.speedtest.pl\/wiadomosci\/wp-content\/uploads\/2018\/12\/Polska-PEM.jpg","width":1024,"height":576,"caption":"Polska PEM"},{"@type":"BreadcrumbList","@id":"https:\/\/www.speedtest.pl\/wiadomosci\/internet-mobilny\/szwajcaria-monitoring-pem-5g-zdrowie\/#breadcrumb","itemListElement":[{"@type":"ListItem","position":1,"name":"Strona g\u0142\u00f3wna","item":"https:\/\/www.speedtest.pl\/wiadomosci\/"},{"@type":"ListItem","position":2,"name":"Szwajcaria chce monitorowa\u0107 wp\u0142yw 5G na zdrowie"}]},{"@type":"WebSite","@id":"https:\/\/www.speedtest.pl\/wiadomosci\/#website","url":"https:\/\/www.speedtest.pl\/wiadomosci\/","name":"SpeedTest.pl Wiadomo\u015bci","description":"Rankingi ISP, newsy i opinie ze \u015bwiata IT, recenzje sprz\u0119tu, gry, motoryzacja","potentialAction":[{"@type":"SearchAction","target":{"@type":"EntryPoint","urlTemplate":"https:\/\/www.speedtest.pl\/wiadomosci\/?s={search_term_string}"},"query-input":{"@type":"PropertyValueSpecification","valueRequired":true,"valueName":"search_term_string"}}],"inLanguage":"pl-PL"},{"@type":"Person","@id":"https:\/\/www.speedtest.pl\/wiadomosci\/#\/schema\/person\/1e51a1178096c8851f7d3ab0575726e4","name":"PJ","image":{"@type":"ImageObject","inLanguage":"pl-PL","@id":"https:\/\/www.speedtest.pl\/wiadomosci\/#\/schema\/person\/image\/","url":"https:\/\/www.speedtest.pl\/wiadomosci\/wp-content\/uploads\/2018\/01\/AAEAAQAAAAAAAAk2AAAAJDNhNWRlODdhLWY3MjYtNGFjNC04MzY1LTI1Zjc4NmI4YmE0OQ-150x150.jpg","contentUrl":"https:\/\/www.speedtest.pl\/wiadomosci\/wp-content\/uploads\/2018\/01\/AAEAAQAAAAAAAAk2AAAAJDNhNWRlODdhLWY3MjYtNGFjNC04MzY1LTI1Zjc4NmI4YmE0OQ-150x150.jpg","caption":"PJ"},"description":"Przemek jest m\u00f3zgiem operacyjnym SpeedTest.pl. Studiowa\u0142 na Politechnice Wroc\u0142awskiej elektronik\u0119 i telekomunikacj\u0119. Zarz\u0105dza projektami IT, relacjami z klientami oraz nadzoruje procesy rozwoju. Prywatnie zaanga\u017cowany w rodzin\u0119, wsparcie r\u00f3\u017cnych dzia\u0142alno\u015bci charytatywnych i projekty ekstremalne.","url":"https:\/\/www.speedtest.pl\/wiadomosci\/author\/przemek\/"}]}},"jetpack_featured_media_url":"https:\/\/www.speedtest.pl\/wiadomosci\/wp-content\/uploads\/2018\/12\/Polska-PEM.jpg","jetpack_sharing_enabled":true,"jetpack_shortlink":"https:\/\/wp.me\/p85ce0-5UV","_links":{"self":[{"href":"https:\/\/www.speedtest.pl\/wiadomosci\/wp-json\/wp\/v2\/posts\/22749","targetHints":{"allow":["GET"]}}],"collection":[{"href":"https:\/\/www.speedtest.pl\/wiadomosci\/wp-json\/wp\/v2\/posts"}],"about":[{"href":"https:\/\/www.speedtest.pl\/wiadomosci\/wp-json\/wp\/v2\/types\/post"}],"author":[{"embeddable":true,"href":"https:\/\/www.speedtest.pl\/wiadomosci\/wp-json\/wp\/v2\/users\/12"}],"replies":[{"embeddable":true,"href":"https:\/\/www.speedtest.pl\/wiadomosci\/wp-json\/wp\/v2\/comments?post=22749"}],"version-history":[{"count":1,"href":"https:\/\/www.speedtest.pl\/wiadomosci\/wp-json\/wp\/v2\/posts\/22749\/revisions"}],"predecessor-version":[{"id":22750,"href":"https:\/\/www.speedtest.pl\/wiadomosci\/wp-json\/wp\/v2\/posts\/22749\/revisions\/22750"}],"wp:featuredmedia":[{"embeddable":true,"href":"https:\/\/www.speedtest.pl\/wiadomosci\/wp-json\/wp\/v2\/media\/19714"}],"wp:attachment":[{"href":"https:\/\/www.speedtest.pl\/wiadomosci\/wp-json\/wp\/v2\/media?parent=22749"}],"wp:term":[{"taxonomy":"category","embeddable":true,"href":"https:\/\/www.speedtest.pl\/wiadomosci\/wp-json\/wp\/v2\/categories?post=22749"},{"taxonomy":"post_tag","embeddable":true,"href":"https:\/\/www.speedtest.pl\/wiadomosci\/wp-json\/wp\/v2\/tags?post=22749"},{"taxonomy":"table_tags","embeddable":true,"href":"https:\/\/www.speedtest.pl\/wiadomosci\/wp-json\/wp\/v2\/table_tags?post=22749"}],"curies":[{"name":"wp","href":"https:\/\/api.w.org\/{rel}","templated":true}]}}