{"id":22321,"date":"2019-03-25T23:23:28","date_gmt":"2019-03-25T22:23:28","guid":{"rendered":"https:\/\/www.speedtest.pl\/wiadomosci\/?p=22321"},"modified":"2019-03-26T18:45:55","modified_gmt":"2019-03-26T17:45:55","slug":"corka-dyrektora-huawei-woli-sprzet-od-apple","status":"publish","type":"post","link":"https:\/\/www.speedtest.pl\/wiadomosci\/news\/corka-dyrektora-huawei-woli-sprzet-od-apple\/","title":{"rendered":"C\u00f3rka dyrektora Huawei woli sprz\u0119t od Apple"},"content":{"rendered":"\n<p><strong>Dzieci potrafi\u0105 by\u0107 kochane i s\u0142odkie. Mo\u017cna mie\u0107 z nich pociech\u0119, by\u0107 dumnym. Z regu\u0142y, rodzice wypowiadaj\u0105 si\u0119, \u017ce to najwi\u0119ksze szcz\u0119\u015bcie w \u017cyciu. Mo\u017cna te\u017c trafi\u0107 na dzieci wyj\u0105tkowe takie, kt\u00f3re potrafi\u0105 rodzicom wbi\u0107 szpile. Taki cios otrzyma\u0142 zapewne dyrektor firmy Huawei, kiedy okaza\u0142o si\u0119, \u017ce jego c\u00f3rka woli korzysta\u0107 z produkt\u00f3w Apple, ni\u017c z firmowego sprz\u0119tu.<\/strong><\/p>\n\n\n\n<p>Zacznijmy mo\u017ce bardzo osobi\u015bcie \u2014 wcale jej si\u0119 nie dziwi\u0119. Tak\u017ce wol\u0119 sprz\u0119t Apple ni\u017c Huawei. Nawet nie b\u0119dziemy si\u0119 sprzecza\u0107, co jest lepsze, bo nie ma o co. Pierwsz\u0105 bol\u0105czk\u0105 jest Android sam w sobie \u2014 wi\u0119cej nie potrzeba, aby wyprowadzi\u0107 cz\u0142owieka z r\u00f3wnowagi. Jednak\u017ce musimy pami\u0119ta\u0107, \u017ce w przypadku Narodu Chi\u0144skiego wszystko ma drugie dno.<\/p>\n\n\n\n<h2 class=\"wp-block-heading\">C\u00f3rka dyrektora firmy Huawei uwielbia produkty giganta z Cupertino.<\/h2>\n\n\n\n<p>Chodzi firm\u0119 z nadgryzionym jab\u0142uszkiem w logo. Oczywi\u015bcie, wszyscy wiedz\u0105, o jak\u0105 organizacj\u0119 chodzi. Zacznijmy mo\u017ce od tego, \u017ce po aferze szpiegowskiej konterfekt firmy Huawei zosta\u0142 mocno nadszarpni\u0119ty. Nawet powiedzia\u0142bym, \u017ce zosta\u0142a tam dziura, kt\u00f3r\u0105 ci\u0119\u017cko b\u0119dzie za\u0142ata\u0107. Jednak\u017ce, Huawei, jak na chi\u0144ski nar\u00f3d przysta\u0142o, wymy\u015bla sposoby, aby odbudowa\u0107 wizerunek. Implikowa\u0142o to zaostrzeniem niech\u0119ci do giganata z Cupertino. Z tej okazji Huawei uzna\u0142, \u017ce b\u0119dzie zniech\u0119ca\u0142 swoich pracownik\u00f3w do posiadania urz\u0105dze\u0144 Apple. Mimo tego, \u017ce dzia\u0142ania te posz\u0142y mocno do przodu, to w firmie znalaz\u0142y si\u0119 osoby, kt\u00f3re nie bardzo by\u0142y zainteresowane tak\u0105 akcj\u0105 reklamow\u0105. Wszystko tylko dlatego, \u017ce s\u0105 bardziej przekonani do u\u017cywania Apple. Pad\u0142o na Meng Wanzhou, c\u00f3rk\u0119 za\u0142o\u017cyciela Huawei oraz CFO tej firmy, kt\u00f3ra zosta\u0142a aresztowana w grudniu zesz\u0142ego roku w Kanadzie. Okazuje si\u0119, \u017ce kobieta wcale nie korzysta\u0142a z urz\u0105dze\u0144 w\u0142asnej firmy.<\/p>\n\n\n\n<figure class=\"wp-block-image\"><img loading=\"lazy\" decoding=\"async\" width=\"1024\" height=\"682\" src=\"https:\/\/www.speedtest.pl\/wiadomosci\/wp-content\/uploads\/2019\/03\/home-office-569153_1280-1024x682.jpg\" alt=\"apple, iphone, macbook, ipad, huawei, chiy, Meng Wanzhou\" class=\"wp-image-22325\" srcset=\"https:\/\/www.speedtest.pl\/wiadomosci\/wp-content\/uploads\/2019\/03\/home-office-569153_1280-1024x682.jpg 1024w, https:\/\/www.speedtest.pl\/wiadomosci\/wp-content\/uploads\/2019\/03\/home-office-569153_1280-300x200.jpg 300w, https:\/\/www.speedtest.pl\/wiadomosci\/wp-content\/uploads\/2019\/03\/home-office-569153_1280-768x512.jpg 768w, https:\/\/www.speedtest.pl\/wiadomosci\/wp-content\/uploads\/2019\/03\/home-office-569153_1280-696x464.jpg 696w, https:\/\/www.speedtest.pl\/wiadomosci\/wp-content\/uploads\/2019\/03\/home-office-569153_1280-1068x712.jpg 1068w, https:\/\/www.speedtest.pl\/wiadomosci\/wp-content\/uploads\/2019\/03\/home-office-569153_1280-630x420.jpg 630w, https:\/\/www.speedtest.pl\/wiadomosci\/wp-content\/uploads\/2019\/03\/home-office-569153_1280.jpg 1280w\" sizes=\"auto, (max-width: 1024px) 100vw, 1024px\" \/><\/figure>\n\n\n\n<h2 class=\"wp-block-heading\">My\u015bl\u0119, \u017ce ta informacja by\u0142a bardziej celebrycka, ni\u017c sam areszt.<\/h2>\n\n\n\n<p>Ludzie kochaj\u0105 plotki, a to s\u0105 famy ze \u015bwiata IT. Jest to swojego rodzaju policzek dla firmy Apple. Okaza\u0142o si\u0119 bowiem, \u017ce c\u00f3rka dyrektora intensywnie u\u017cywa\u0142a a\u017c trzech produkt\u00f3w od Apple: iPhone\u2019a 7 Plus, Macbooka Air oraz iPada Pro. Osobi\u015bcie, podpisa\u0142bym si\u0119 pod t\u0105 list\u0105 sprz\u0119t\u00f3w r\u0119kami i nogami. Jestem fanem Apple i naprawd\u0119 rozumiem, dlaczego to robi\u0142a. Sprz\u0119t Apple pokazuje swoje zalety, kiedy jest skompletowany. Najbardziej wygodn\u0105 funkcjonalno\u015bci\u0105 bowiem, jest synchronizacja pomi\u0119dzy urz\u0105dzeniami. Nic dziwnego, \u017ce c\u00f3rka dyrektora wielkiej korporacji sprawi\u0142a sobie, \u015bwietnie dzia\u0142aj\u0105c sprz\u0119t, kt\u00f3ry daje wiele mo\u017cliwo\u015bci. Co wi\u0119cej, Apple posiada niesamowicie bezpieczne oprogramowanie. Firma gwarantuje, \u017ce dane, jakie posiadamy, nie dostan\u0105 si\u0119 w niepowo\u0142ane r\u0119ce. By\u0142a przecie\u017c afera, jak to FBI nie mog\u0142o w\u0142ama\u0107 si\u0119 do iPhone jakiego\u015b terrorysty, a sama firma z Cupertino odm\u00f3wi\u0142a im pomocy. Dowodzi to, z jak wysokiej klasy bezpiecze\u0144stwa oprogramowaniem mamy do czynienia.<\/p>\n\n\n\n<h2 class=\"wp-block-heading\">Osobi\u015bcie, \u015bmieszy mnie to, \u017ce Huawei usilnie stara si\u0119 wypleni\u0107 produkty Apple ze swojego okr\u0119tu.<\/h2>\n\n\n\n<p>Nie wiem, czy istnieje mo\u017cliwo\u015b\u0107 ca\u0142kowitego zabronienia korzystania ze sprz\u0119tu inny, ni\u017c firmowy, ale ja, za \u017cadne pieni\u0105dze \u015bwiata bym tego nie zrobi\u0142. Jest to pierwszy krok do kupowania cz\u0142owieka na wy\u0142\u0105czno\u015b\u0107, a ja lubi\u0119 by\u0107 niezale\u017cny. Co wi\u0119cej, nie wytrzyma\u0142bym ani jedno dnia na sprz\u0119cie od Huawei. Nie, \u017cebym jako\u015b mocno nie lubi\u0142 tej firmy. Jest to naprawd\u0119 dobra marka, ale nie przepadam za systemem Android i wol\u0119 u\u017cywa\u0107 akcesori\u00f3w z zoptymalizowanym pod bebechy oprogramowaniem. Oznacza to wi\u0119ksz\u0105 wydajno\u015b\u0107 i szybko\u015b\u0107 dzia\u0142ania. Okazuje si\u0119 jednak, \u017ce w Chinach mia\u0142bym przewalone, zw\u0142aszcza gdy pracowa\u0142bym w Huawei. Wysz\u0142o bowiem na jaw, \u017ce w Chinach, pracownicy Huawei mog\u0105 dosta\u0107 kary, za u\u017cywanie sprz\u0119tu firmy Apple. Jak wida\u0107, tam ju\u017c kupili cz\u0142owieka dawno temu. Jednak, jak wida\u0107, w\u0142adze si\u0119 od tego przepisu wy\u0142ama\u0142y.<\/p>\n\n\n\n<figure class=\"wp-block-image\"><img loading=\"lazy\" decoding=\"async\" width=\"1024\" height=\"682\" src=\"https:\/\/www.speedtest.pl\/wiadomosci\/wp-content\/uploads\/2019\/03\/smartphone-1894723_1280-1024x682.jpg\" alt=\"apple, iphone, macbook, ipad, huawei, chiy, Meng Wanzhou\" class=\"wp-image-22326\" srcset=\"https:\/\/www.speedtest.pl\/wiadomosci\/wp-content\/uploads\/2019\/03\/smartphone-1894723_1280-1024x682.jpg 1024w, https:\/\/www.speedtest.pl\/wiadomosci\/wp-content\/uploads\/2019\/03\/smartphone-1894723_1280-300x200.jpg 300w, https:\/\/www.speedtest.pl\/wiadomosci\/wp-content\/uploads\/2019\/03\/smartphone-1894723_1280-768x512.jpg 768w, https:\/\/www.speedtest.pl\/wiadomosci\/wp-content\/uploads\/2019\/03\/smartphone-1894723_1280-696x464.jpg 696w, https:\/\/www.speedtest.pl\/wiadomosci\/wp-content\/uploads\/2019\/03\/smartphone-1894723_1280-1068x712.jpg 1068w, https:\/\/www.speedtest.pl\/wiadomosci\/wp-content\/uploads\/2019\/03\/smartphone-1894723_1280-630x420.jpg 630w, https:\/\/www.speedtest.pl\/wiadomosci\/wp-content\/uploads\/2019\/03\/smartphone-1894723_1280.jpg 1280w\" sizes=\"auto, (max-width: 1024px) 100vw, 1024px\" \/><\/figure>\n\n\n\n<h2 class=\"wp-block-heading\">Internet a\u017c huczy od plotek na temat pani dyrektor, ale nie jest to pierwszy taki przypadek.<\/h2>\n\n\n\n<p>W listopadzie 2018 roku ambasador Samsunga w Rosji zosta\u0142 nagrany z iPhone\u2019m X, w telewizji, mimo \u017ce powinien mie\u0107 smartfon Korea\u0144czyk\u00f3w, ale koncern zdecydowa\u0142 si\u0119 na kroki prawne. Natomiast, w grudniu tego samego roku natomiast, na koncie Apple Music na Twitterze opublikowano tweeta z urz\u0105dzenia z Androidem. To jest dopiero ciekawostka, bo spodziewa\u0142bym si\u0119 bardziej tego, \u017ce Google wrzuci\u0142oby co\u015b z iOS, albo MacOS w tle. Niestety, takie wpadki to mocne antyreklamy. Pomy\u015blmy!!! Skoro najwy\u017csze w\u0142adze danego koncernu nie korzystaj\u0105 ze swoich produkt\u00f3w, to o czym to \u015bwiadczy? Powiem szczerze, \u017ce jednak do pani prezes bardziej pasuje elegancki i kobiecy sprz\u0119t Apple, ni\u017c sprz\u0119t, kt\u00f3ry wygl\u0105da jak z zesz\u0142ej epoki. <\/p>\n\n\n\n<h2 class=\"wp-block-heading\">Opowiem wam na koniec kr\u00f3tk\u0105 anegdotk\u0119, pasuj\u0105c\u0105 do sytuacji.<\/h2>\n\n\n\n<p>Pozna\u0142em kiedy\u015b cz\u0142owieka, administratora sieci, kt\u00f3ry jest wysoko postawion\u0105 szych\u0105 w Microsoft. Wszystko by\u0142oby z nim w porz\u0105dku, gdyby nie to, \u017ce u\u017cywa\u0142 na sprz\u0119cie s\u0142u\u017cbowym i prywatnym\u2026 Linuxa. Poniewa\u017c jestem z natury s\u0142odko-z\u0142o\u015bliwym go\u015bciem, zapyta\u0142em go z sarkazmem: &#8222;Dlaczego nie SSH na Windowsie? Masz PuTTy&#8221;. Spojrza\u0142 na mnie tak, jakbym za chwile mia\u0142 straci\u0107 wszystkie ko\u015bci, wi\u0119c postanawia\u0142em nie ponawia\u0107 interpelacji. Odpowied\u017a przecie\u017c by\u0142a oczywista i my\u015bl\u0119, \u017ce z tak\u0105 zagwozdk\u0105 zostawi\u0119 Pa\u0144stwa w ten mi\u0142y wiecz\u00f3r.<\/p>\n\n\n\n<figure class=\"wp-block-image\"><img loading=\"lazy\" decoding=\"async\" width=\"682\" height=\"1024\" src=\"https:\/\/www.speedtest.pl\/wiadomosci\/wp-content\/uploads\/2019\/03\/apples-634572_1280-682x1024.jpg\" alt=\"apple, iphone, macbook, ipad, huawei, chiy, Meng Wanzhou\" class=\"wp-image-22327\" srcset=\"https:\/\/www.speedtest.pl\/wiadomosci\/wp-content\/uploads\/2019\/03\/apples-634572_1280-682x1024.jpg 682w, https:\/\/www.speedtest.pl\/wiadomosci\/wp-content\/uploads\/2019\/03\/apples-634572_1280-200x300.jpg 200w, https:\/\/www.speedtest.pl\/wiadomosci\/wp-content\/uploads\/2019\/03\/apples-634572_1280-768x1152.jpg 768w, https:\/\/www.speedtest.pl\/wiadomosci\/wp-content\/uploads\/2019\/03\/apples-634572_1280-696x1044.jpg 696w, https:\/\/www.speedtest.pl\/wiadomosci\/wp-content\/uploads\/2019\/03\/apples-634572_1280-280x420.jpg 280w, https:\/\/www.speedtest.pl\/wiadomosci\/wp-content\/uploads\/2019\/03\/apples-634572_1280.jpg 853w\" sizes=\"auto, (max-width: 682px) 100vw, 682px\" \/><\/figure>\n","protected":false},"excerpt":{"rendered":"<p>Dzieci potrafi\u0105 by\u0107 kochane i s\u0142odkie. Mo\u017cna mie\u0107 z nich pociech\u0119, by\u0107 dumnym. Z regu\u0142y, rodzice wypowiadaj\u0105 si\u0119, \u017ce to najwi\u0119ksze szcz\u0119\u015bcie w \u017cyciu. Mo\u017cna te\u017c trafi\u0107 na dzieci wyj\u0105tkowe takie, kt\u00f3re potrafi\u0105 rodzicom wbi\u0107 szpile. Taki cios otrzyma\u0142 zapewne dyrektor firmy Huawei, kiedy okaza\u0142o si\u0119, \u017ce jego c\u00f3rka woli korzysta\u0107 z produkt\u00f3w Apple, ni\u017c [&hellip;]<\/p>\n","protected":false},"author":12,"featured_media":22329,"comment_status":"closed","ping_status":"open","sticky":false,"template":"","format":"standard","meta":{"jetpack_post_was_ever_published":false,"_jetpack_newsletter_access":"","_jetpack_dont_email_post_to_subs":false,"_jetpack_newsletter_tier_id":0,"_jetpack_memberships_contains_paywalled_content":false,"_jetpack_memberships_contains_paid_content":false,"footnotes":"","jetpack_publicize_message":"Niedaleko pada jab\u0142ko od ... #huawei. I to najlepiej w Chinach","jetpack_publicize_feature_enabled":true,"jetpack_social_post_already_shared":true,"jetpack_social_options":{"image_generator_settings":{"template":"highway","enabled":false},"version":2}},"categories":[331,569,2016,6,37],"tags":[11,4851,27,481,8,185],"table_tags":[],"class_list":["post-22321","post","type-post","status-publish","format-standard","has-post-thumbnail","hentry","category-android","category-apple","category-esej","category-news","category-sprzet","tag-apple","tag-chiy","tag-huawei","tag-ipad","tag-iphone","tag-macbook"],"jetpack_publicize_connections":[],"yoast_head":"<!-- This site is optimized with the Yoast SEO plugin v24.8.1 - https:\/\/yoast.com\/wordpress\/plugins\/seo\/ -->\n<title>C\u00f3rka dyrektora Huawei woli sprz\u0119t od Apple - SpeedTest.pl Wiadomo\u015bci<\/title>\n<meta name=\"robots\" content=\"index, follow, max-snippet:-1, max-image-preview:large, max-video-preview:-1\" \/>\n<link rel=\"canonical\" href=\"https:\/\/www.speedtest.pl\/wiadomosci\/news\/corka-dyrektora-huawei-woli-sprzet-od-apple\/\" \/>\n<meta property=\"og:locale\" content=\"pl_PL\" \/>\n<meta property=\"og:type\" content=\"article\" \/>\n<meta property=\"og:title\" content=\"C\u00f3rka dyrektora Huawei woli sprz\u0119t od Apple - SpeedTest.pl Wiadomo\u015bci\" \/>\n<meta property=\"og:description\" content=\"Dzieci potrafi\u0105 by\u0107 kochane i s\u0142odkie. Mo\u017cna mie\u0107 z nich pociech\u0119, by\u0107 dumnym. Z regu\u0142y, rodzice wypowiadaj\u0105 si\u0119, \u017ce to najwi\u0119ksze szcz\u0119\u015bcie w \u017cyciu. Mo\u017cna te\u017c trafi\u0107 na dzieci wyj\u0105tkowe takie, kt\u00f3re potrafi\u0105 rodzicom wbi\u0107 szpile. Taki cios otrzyma\u0142 zapewne dyrektor firmy Huawei, kiedy okaza\u0142o si\u0119, \u017ce jego c\u00f3rka woli korzysta\u0107 z produkt\u00f3w Apple, ni\u017c [&hellip;]\" \/>\n<meta property=\"og:url\" content=\"https:\/\/www.speedtest.pl\/wiadomosci\/news\/corka-dyrektora-huawei-woli-sprzet-od-apple\/\" \/>\n<meta property=\"og:site_name\" content=\"SpeedTest.pl Wiadomo\u015bci\" \/>\n<meta property=\"article:publisher\" content=\"https:\/\/www.facebook.com\/speedtestpl\/\" \/>\n<meta property=\"article:published_time\" content=\"2019-03-25T22:23:28+00:00\" \/>\n<meta property=\"article:modified_time\" content=\"2019-03-26T17:45:55+00:00\" \/>\n<meta property=\"og:image\" content=\"https:\/\/www.speedtest.pl\/wiadomosci\/wp-content\/uploads\/2019\/03\/laptop-2557571_1280.jpg\" \/>\n\t<meta property=\"og:image:width\" content=\"1280\" \/>\n\t<meta property=\"og:image:height\" content=\"853\" \/>\n\t<meta property=\"og:image:type\" content=\"image\/jpeg\" \/>\n<meta name=\"author\" content=\"PJ\" \/>\n<meta name=\"twitter:card\" content=\"summary_large_image\" \/>\n<meta name=\"twitter:creator\" content=\"@speedtestpl\" \/>\n<meta name=\"twitter:site\" content=\"@speedtestpl\" \/>\n<meta name=\"twitter:label1\" content=\"Napisane przez\" \/>\n\t<meta name=\"twitter:data1\" content=\"PJ\" \/>\n\t<meta name=\"twitter:label2\" content=\"Szacowany czas czytania\" \/>\n\t<meta name=\"twitter:data2\" content=\"5 minut\" \/>\n<script type=\"application\/ld+json\" class=\"yoast-schema-graph\">{\"@context\":\"https:\/\/schema.org\",\"@graph\":[{\"@type\":\"WebPage\",\"@id\":\"https:\/\/www.speedtest.pl\/wiadomosci\/news\/corka-dyrektora-huawei-woli-sprzet-od-apple\/\",\"url\":\"https:\/\/www.speedtest.pl\/wiadomosci\/news\/corka-dyrektora-huawei-woli-sprzet-od-apple\/\",\"name\":\"C\u00f3rka dyrektora Huawei woli sprz\u0119t od Apple - SpeedTest.pl Wiadomo\u015bci\",\"isPartOf\":{\"@id\":\"https:\/\/www.speedtest.pl\/wiadomosci\/#website\"},\"primaryImageOfPage\":{\"@id\":\"https:\/\/www.speedtest.pl\/wiadomosci\/news\/corka-dyrektora-huawei-woli-sprzet-od-apple\/#primaryimage\"},\"image\":{\"@id\":\"https:\/\/www.speedtest.pl\/wiadomosci\/news\/corka-dyrektora-huawei-woli-sprzet-od-apple\/#primaryimage\"},\"thumbnailUrl\":\"https:\/\/www.speedtest.pl\/wiadomosci\/wp-content\/uploads\/2019\/03\/laptop-2557571_1280.jpg\",\"datePublished\":\"2019-03-25T22:23:28+00:00\",\"dateModified\":\"2019-03-26T17:45:55+00:00\",\"author\":{\"@id\":\"https:\/\/www.speedtest.pl\/wiadomosci\/#\/schema\/person\/1e51a1178096c8851f7d3ab0575726e4\"},\"breadcrumb\":{\"@id\":\"https:\/\/www.speedtest.pl\/wiadomosci\/news\/corka-dyrektora-huawei-woli-sprzet-od-apple\/#breadcrumb\"},\"inLanguage\":\"pl-PL\",\"potentialAction\":[{\"@type\":\"ReadAction\",\"target\":[\"https:\/\/www.speedtest.pl\/wiadomosci\/news\/corka-dyrektora-huawei-woli-sprzet-od-apple\/\"]}]},{\"@type\":\"ImageObject\",\"inLanguage\":\"pl-PL\",\"@id\":\"https:\/\/www.speedtest.pl\/wiadomosci\/news\/corka-dyrektora-huawei-woli-sprzet-od-apple\/#primaryimage\",\"url\":\"https:\/\/www.speedtest.pl\/wiadomosci\/wp-content\/uploads\/2019\/03\/laptop-2557571_1280.jpg\",\"contentUrl\":\"https:\/\/www.speedtest.pl\/wiadomosci\/wp-content\/uploads\/2019\/03\/laptop-2557571_1280.jpg\",\"width\":1280,\"height\":853,\"caption\":\"apple, iphone, macbook, ipad, huawei, chiy, Meng Wanzhou\"},{\"@type\":\"BreadcrumbList\",\"@id\":\"https:\/\/www.speedtest.pl\/wiadomosci\/news\/corka-dyrektora-huawei-woli-sprzet-od-apple\/#breadcrumb\",\"itemListElement\":[{\"@type\":\"ListItem\",\"position\":1,\"name\":\"Strona g\u0142\u00f3wna\",\"item\":\"https:\/\/www.speedtest.pl\/wiadomosci\/\"},{\"@type\":\"ListItem\",\"position\":2,\"name\":\"C\u00f3rka dyrektora Huawei woli sprz\u0119t od Apple\"}]},{\"@type\":\"WebSite\",\"@id\":\"https:\/\/www.speedtest.pl\/wiadomosci\/#website\",\"url\":\"https:\/\/www.speedtest.pl\/wiadomosci\/\",\"name\":\"SpeedTest.pl Wiadomo\u015bci\",\"description\":\"Rankingi ISP, newsy i opinie ze \u015bwiata IT, recenzje sprz\u0119tu, gry, motoryzacja\",\"potentialAction\":[{\"@type\":\"SearchAction\",\"target\":{\"@type\":\"EntryPoint\",\"urlTemplate\":\"https:\/\/www.speedtest.pl\/wiadomosci\/?s={search_term_string}\"},\"query-input\":{\"@type\":\"PropertyValueSpecification\",\"valueRequired\":true,\"valueName\":\"search_term_string\"}}],\"inLanguage\":\"pl-PL\"},{\"@type\":\"Person\",\"@id\":\"https:\/\/www.speedtest.pl\/wiadomosci\/#\/schema\/person\/1e51a1178096c8851f7d3ab0575726e4\",\"name\":\"PJ\",\"image\":{\"@type\":\"ImageObject\",\"inLanguage\":\"pl-PL\",\"@id\":\"https:\/\/www.speedtest.pl\/wiadomosci\/#\/schema\/person\/image\/\",\"url\":\"https:\/\/www.speedtest.pl\/wiadomosci\/wp-content\/uploads\/2018\/01\/AAEAAQAAAAAAAAk2AAAAJDNhNWRlODdhLWY3MjYtNGFjNC04MzY1LTI1Zjc4NmI4YmE0OQ-150x150.jpg\",\"contentUrl\":\"https:\/\/www.speedtest.pl\/wiadomosci\/wp-content\/uploads\/2018\/01\/AAEAAQAAAAAAAAk2AAAAJDNhNWRlODdhLWY3MjYtNGFjNC04MzY1LTI1Zjc4NmI4YmE0OQ-150x150.jpg\",\"caption\":\"PJ\"},\"description\":\"Przemek jest m\u00f3zgiem operacyjnym SpeedTest.pl. Studiowa\u0142 na Politechnice Wroc\u0142awskiej elektronik\u0119 i telekomunikacj\u0119. Zarz\u0105dza projektami IT, relacjami z klientami oraz nadzoruje procesy rozwoju. Prywatnie zaanga\u017cowany w rodzin\u0119, wsparcie r\u00f3\u017cnych dzia\u0142alno\u015bci charytatywnych i projekty ekstremalne.\",\"url\":\"https:\/\/www.speedtest.pl\/wiadomosci\/author\/przemek\/\"}]}<\/script>\n<!-- \/ Yoast SEO plugin. -->","yoast_head_json":{"title":"C\u00f3rka dyrektora Huawei woli sprz\u0119t od Apple - SpeedTest.pl Wiadomo\u015bci","robots":{"index":"index","follow":"follow","max-snippet":"max-snippet:-1","max-image-preview":"max-image-preview:large","max-video-preview":"max-video-preview:-1"},"canonical":"https:\/\/www.speedtest.pl\/wiadomosci\/news\/corka-dyrektora-huawei-woli-sprzet-od-apple\/","og_locale":"pl_PL","og_type":"article","og_title":"C\u00f3rka dyrektora Huawei woli sprz\u0119t od Apple - SpeedTest.pl Wiadomo\u015bci","og_description":"Dzieci potrafi\u0105 by\u0107 kochane i s\u0142odkie. Mo\u017cna mie\u0107 z nich pociech\u0119, by\u0107 dumnym. Z regu\u0142y, rodzice wypowiadaj\u0105 si\u0119, \u017ce to najwi\u0119ksze szcz\u0119\u015bcie w \u017cyciu. Mo\u017cna te\u017c trafi\u0107 na dzieci wyj\u0105tkowe takie, kt\u00f3re potrafi\u0105 rodzicom wbi\u0107 szpile. Taki cios otrzyma\u0142 zapewne dyrektor firmy Huawei, kiedy okaza\u0142o si\u0119, \u017ce jego c\u00f3rka woli korzysta\u0107 z produkt\u00f3w Apple, ni\u017c [&hellip;]","og_url":"https:\/\/www.speedtest.pl\/wiadomosci\/news\/corka-dyrektora-huawei-woli-sprzet-od-apple\/","og_site_name":"SpeedTest.pl Wiadomo\u015bci","article_publisher":"https:\/\/www.facebook.com\/speedtestpl\/","article_published_time":"2019-03-25T22:23:28+00:00","article_modified_time":"2019-03-26T17:45:55+00:00","og_image":[{"width":1280,"height":853,"url":"https:\/\/www.speedtest.pl\/wiadomosci\/wp-content\/uploads\/2019\/03\/laptop-2557571_1280.jpg","type":"image\/jpeg"}],"author":"PJ","twitter_card":"summary_large_image","twitter_creator":"@speedtestpl","twitter_site":"@speedtestpl","twitter_misc":{"Napisane przez":"PJ","Szacowany czas czytania":"5 minut"},"schema":{"@context":"https:\/\/schema.org","@graph":[{"@type":"WebPage","@id":"https:\/\/www.speedtest.pl\/wiadomosci\/news\/corka-dyrektora-huawei-woli-sprzet-od-apple\/","url":"https:\/\/www.speedtest.pl\/wiadomosci\/news\/corka-dyrektora-huawei-woli-sprzet-od-apple\/","name":"C\u00f3rka dyrektora Huawei woli sprz\u0119t od Apple - SpeedTest.pl Wiadomo\u015bci","isPartOf":{"@id":"https:\/\/www.speedtest.pl\/wiadomosci\/#website"},"primaryImageOfPage":{"@id":"https:\/\/www.speedtest.pl\/wiadomosci\/news\/corka-dyrektora-huawei-woli-sprzet-od-apple\/#primaryimage"},"image":{"@id":"https:\/\/www.speedtest.pl\/wiadomosci\/news\/corka-dyrektora-huawei-woli-sprzet-od-apple\/#primaryimage"},"thumbnailUrl":"https:\/\/www.speedtest.pl\/wiadomosci\/wp-content\/uploads\/2019\/03\/laptop-2557571_1280.jpg","datePublished":"2019-03-25T22:23:28+00:00","dateModified":"2019-03-26T17:45:55+00:00","author":{"@id":"https:\/\/www.speedtest.pl\/wiadomosci\/#\/schema\/person\/1e51a1178096c8851f7d3ab0575726e4"},"breadcrumb":{"@id":"https:\/\/www.speedtest.pl\/wiadomosci\/news\/corka-dyrektora-huawei-woli-sprzet-od-apple\/#breadcrumb"},"inLanguage":"pl-PL","potentialAction":[{"@type":"ReadAction","target":["https:\/\/www.speedtest.pl\/wiadomosci\/news\/corka-dyrektora-huawei-woli-sprzet-od-apple\/"]}]},{"@type":"ImageObject","inLanguage":"pl-PL","@id":"https:\/\/www.speedtest.pl\/wiadomosci\/news\/corka-dyrektora-huawei-woli-sprzet-od-apple\/#primaryimage","url":"https:\/\/www.speedtest.pl\/wiadomosci\/wp-content\/uploads\/2019\/03\/laptop-2557571_1280.jpg","contentUrl":"https:\/\/www.speedtest.pl\/wiadomosci\/wp-content\/uploads\/2019\/03\/laptop-2557571_1280.jpg","width":1280,"height":853,"caption":"apple, iphone, macbook, ipad, huawei, chiy, Meng Wanzhou"},{"@type":"BreadcrumbList","@id":"https:\/\/www.speedtest.pl\/wiadomosci\/news\/corka-dyrektora-huawei-woli-sprzet-od-apple\/#breadcrumb","itemListElement":[{"@type":"ListItem","position":1,"name":"Strona g\u0142\u00f3wna","item":"https:\/\/www.speedtest.pl\/wiadomosci\/"},{"@type":"ListItem","position":2,"name":"C\u00f3rka dyrektora Huawei woli sprz\u0119t od Apple"}]},{"@type":"WebSite","@id":"https:\/\/www.speedtest.pl\/wiadomosci\/#website","url":"https:\/\/www.speedtest.pl\/wiadomosci\/","name":"SpeedTest.pl Wiadomo\u015bci","description":"Rankingi ISP, newsy i opinie ze \u015bwiata IT, recenzje sprz\u0119tu, gry, motoryzacja","potentialAction":[{"@type":"SearchAction","target":{"@type":"EntryPoint","urlTemplate":"https:\/\/www.speedtest.pl\/wiadomosci\/?s={search_term_string}"},"query-input":{"@type":"PropertyValueSpecification","valueRequired":true,"valueName":"search_term_string"}}],"inLanguage":"pl-PL"},{"@type":"Person","@id":"https:\/\/www.speedtest.pl\/wiadomosci\/#\/schema\/person\/1e51a1178096c8851f7d3ab0575726e4","name":"PJ","image":{"@type":"ImageObject","inLanguage":"pl-PL","@id":"https:\/\/www.speedtest.pl\/wiadomosci\/#\/schema\/person\/image\/","url":"https:\/\/www.speedtest.pl\/wiadomosci\/wp-content\/uploads\/2018\/01\/AAEAAQAAAAAAAAk2AAAAJDNhNWRlODdhLWY3MjYtNGFjNC04MzY1LTI1Zjc4NmI4YmE0OQ-150x150.jpg","contentUrl":"https:\/\/www.speedtest.pl\/wiadomosci\/wp-content\/uploads\/2018\/01\/AAEAAQAAAAAAAAk2AAAAJDNhNWRlODdhLWY3MjYtNGFjNC04MzY1LTI1Zjc4NmI4YmE0OQ-150x150.jpg","caption":"PJ"},"description":"Przemek jest m\u00f3zgiem operacyjnym SpeedTest.pl. Studiowa\u0142 na Politechnice Wroc\u0142awskiej elektronik\u0119 i telekomunikacj\u0119. Zarz\u0105dza projektami IT, relacjami z klientami oraz nadzoruje procesy rozwoju. Prywatnie zaanga\u017cowany w rodzin\u0119, wsparcie r\u00f3\u017cnych dzia\u0142alno\u015bci charytatywnych i projekty ekstremalne.","url":"https:\/\/www.speedtest.pl\/wiadomosci\/author\/przemek\/"}]}},"jetpack_featured_media_url":"https:\/\/www.speedtest.pl\/wiadomosci\/wp-content\/uploads\/2019\/03\/laptop-2557571_1280.jpg","jetpack_sharing_enabled":true,"jetpack_shortlink":"https:\/\/wp.me\/p85ce0-5O1","_links":{"self":[{"href":"https:\/\/www.speedtest.pl\/wiadomosci\/wp-json\/wp\/v2\/posts\/22321","targetHints":{"allow":["GET"]}}],"collection":[{"href":"https:\/\/www.speedtest.pl\/wiadomosci\/wp-json\/wp\/v2\/posts"}],"about":[{"href":"https:\/\/www.speedtest.pl\/wiadomosci\/wp-json\/wp\/v2\/types\/post"}],"author":[{"embeddable":true,"href":"https:\/\/www.speedtest.pl\/wiadomosci\/wp-json\/wp\/v2\/users\/12"}],"replies":[{"embeddable":true,"href":"https:\/\/www.speedtest.pl\/wiadomosci\/wp-json\/wp\/v2\/comments?post=22321"}],"version-history":[{"count":1,"href":"https:\/\/www.speedtest.pl\/wiadomosci\/wp-json\/wp\/v2\/posts\/22321\/revisions"}],"predecessor-version":[{"id":22328,"href":"https:\/\/www.speedtest.pl\/wiadomosci\/wp-json\/wp\/v2\/posts\/22321\/revisions\/22328"}],"wp:featuredmedia":[{"embeddable":true,"href":"https:\/\/www.speedtest.pl\/wiadomosci\/wp-json\/wp\/v2\/media\/22329"}],"wp:attachment":[{"href":"https:\/\/www.speedtest.pl\/wiadomosci\/wp-json\/wp\/v2\/media?parent=22321"}],"wp:term":[{"taxonomy":"category","embeddable":true,"href":"https:\/\/www.speedtest.pl\/wiadomosci\/wp-json\/wp\/v2\/categories?post=22321"},{"taxonomy":"post_tag","embeddable":true,"href":"https:\/\/www.speedtest.pl\/wiadomosci\/wp-json\/wp\/v2\/tags?post=22321"},{"taxonomy":"table_tags","embeddable":true,"href":"https:\/\/www.speedtest.pl\/wiadomosci\/wp-json\/wp\/v2\/table_tags?post=22321"}],"curies":[{"name":"wp","href":"https:\/\/api.w.org\/{rel}","templated":true}]}}