{"id":22290,"date":"2019-03-24T23:09:51","date_gmt":"2019-03-24T22:09:51","guid":{"rendered":"https:\/\/www.speedtest.pl\/wiadomosci\/?p=22290"},"modified":"2019-03-24T23:16:10","modified_gmt":"2019-03-24T22:16:10","slug":"samochod-elektryczny-avas-hybryda","status":"publish","type":"post","link":"https:\/\/www.speedtest.pl\/wiadomosci\/moto\/samochod-elektryczny-avas-hybryda\/","title":{"rendered":"Elektryki i hybrydy zaczn\u0105 ha\u0142asowa\u0107 &#8211; system AVAS obowi\u0105zkowy od lipca 2019"},"content":{"rendered":"\n<p><strong>Cisza oraz mniej spalin. To s\u0105 dwie najwi\u0119ksze zalety samochod\u00f3w elektrycznych i hybrydowych. Jednak Unia Europejska stwierdzi\u0142a, \u017ce cisza mo\u017ce by\u0107 te\u017c niebezpieczna. Dlatego producenci samochod\u00f3w b\u0119d\u0105 musieli w ekologicznych pojazdach montowa\u0107 system AVAS (<em>Acoustic Vehicle Alerting System<\/em>). B\u0119dzie on obowi\u0105zkowy od lipca 2019 roku.<\/strong><\/p>\n\n\n\n<p>Regulacje prawne wymusi\u0142y na producentach samochod\u00f3w obowi\u0105zkow\u0105 instalacj\u0119 wielu rozwi\u0105za\u0144, kt\u00f3re poprawi\u0142y nasze bezpiecze\u0144stwo. System ABS nie jest ju\u017c dla nikogo \u017cadn\u0105 nowo\u015bci\u0105. Jest on obowi\u0105zkowy od lipca 2006 roku. Natomiast w lipcu 2014 zosta\u0142 wprowadzony obowi\u0105zkowy monta\u017c EPS, elektroniczny program stabilizacji. Oba rozwi\u0105zania zwi\u0119kszy\u0142y bezpiecze\u0144stwo kieruj\u0105cych i podr\u00f3\u017cuj\u0105cych z nimi os\u00f3b. Natomiast nowe rozwi\u0105zanie w postaci systemu AVAS ma poprawi\u0107 bezpiecze\u0144stwo pieszych. Silniki elektryczne nie ha\u0142asuj\u0105. Dlatego samochody elektryczne oraz hybrydy zaskoczy\u0142y na parkingu nie jednego pieszego.<\/p>\n\n\n\n<h2 class=\"wp-block-heading\">AVAS w hybrydach i elektrykach obowi\u0105zkowy od 1 lipcja 2019 roku<\/h2>\n\n\n\n<p>Pocz\u0105tkowo by\u0142em negatywnie nastawiony do pomys\u0142u unijnych urz\u0119dnik\u00f3w. W ko\u0144cu cisza jest jedn\u0105 z najwi\u0119kszych zalet samochod\u00f3w z silnikami elektrycznymi. Jednak ich w\u0142a\u015bciciele musz\u0105 uwa\u017ca\u0107 na parkingach. Znajomi, kt\u00f3rzy na co dzie\u0144 poruszaj\u0105 si\u0119 hybrydami, ze zdwojon\u0105 czujno\u015bci\u0105 obserwuj\u0105 zachowania przechodni\u00f3w. Niekt\u00f3rzy za bardzo polegaj\u0105 na swoim s\u0142uchu i nie patrz\u0105, czy przypadkiem gdzie\u015b w pobli\u017cu nie &#8222;grasuje&#8221; ekologiczny pojazd. Na szcz\u0119\u015bcie unijne przepisy s\u0105 dobrze przemy\u015blane. System AVAS b\u0119dzie dzia\u0142a\u0107 jedynie do pr\u0119dko\u015bci oko\u0142o 20 km\/h. Po jej przekroczeniu szum opon jest na tyle du\u017cy, \u017ce dodatkowy d\u017awi\u0119k nie jest potrzebny.<\/p>\n\n\n\n<p>Co si\u0119 zmieni po 1 lipca 2019 roku? Na razie niewiele. Data ta oznacza wprowadzenie obowi\u0105zku instalacji systemu AVAS dla wszystkich nowych samochod\u00f3w elektrycznych i hybrydowych. Natomiast od 2021 roku b\u0119dzie on r\u00f3wnie\u017c obowi\u0105zkowy dla samochod\u00f3w sprowadzanych spoza Unii Europejskiej oraz aut ju\u017c je\u017cd\u017c\u0105cych po naszych drogach. Aktualnie nie wiadomo jak producenci samochod\u00f3w podejd\u0105 do tematu instalacji AVAS w u\u017cywanych pojazdach. By\u0107 mo\u017ce b\u0119dziemy mie\u0107 do czynienia z akcj\u0105 serwisow\u0105 lub te\u017c monta\u017cem systemu podczas przegl\u0105du okresowego.<\/p>\n\n\n\n<figure class=\"wp-block-embed-youtube wp-block-embed is-type-video is-provider-youtube wp-embed-aspect-16-9 wp-has-aspect-ratio\"><div class=\"wp-block-embed__wrapper\">\n<iframe loading=\"lazy\" title=\"Jaguar I-PACE | Safety Sounds for the Visually Impaired\" width=\"696\" height=\"392\" src=\"https:\/\/www.youtube.com\/embed\/13JwfssNI3I?feature=oembed\" frameborder=\"0\" allow=\"accelerometer; autoplay; clipboard-write; encrypted-media; gyroscope; picture-in-picture; web-share\" referrerpolicy=\"strict-origin-when-cross-origin\" allowfullscreen><\/iframe>\n<\/div><\/figure>\n","protected":false},"excerpt":{"rendered":"<p>Cisza oraz mniej spalin. To s\u0105 dwie najwi\u0119ksze zalety samochod\u00f3w elektrycznych i hybrydowych. Jednak Unia Europejska stwierdzi\u0142a, \u017ce cisza mo\u017ce by\u0107 te\u017c niebezpieczna. Dlatego producenci samochod\u00f3w b\u0119d\u0105 musieli w ekologicznych pojazdach montowa\u0107 system AVAS (Acoustic Vehicle Alerting System). B\u0119dzie on obowi\u0105zkowy od lipca 2019 roku. Regulacje prawne wymusi\u0142y na producentach samochod\u00f3w obowi\u0105zkow\u0105 instalacj\u0119 wielu rozwi\u0105za\u0144, [&hellip;]<\/p>\n","protected":false},"author":13,"featured_media":22296,"comment_status":"closed","ping_status":"open","sticky":false,"template":"","format":"standard","meta":{"jetpack_post_was_ever_published":false,"_jetpack_newsletter_access":"","_jetpack_dont_email_post_to_subs":false,"_jetpack_newsletter_tier_id":0,"_jetpack_memberships_contains_paywalled_content":false,"_jetpack_memberships_contains_paid_content":false,"footnotes":"","jetpack_publicize_message":"#AVAS ma ostrzega\u0107 przechodni\u00f3w przed nadje\u017cd\u017caj\u0105cymi hybrydami i elektrykami.","jetpack_publicize_feature_enabled":true,"jetpack_social_post_already_shared":true,"jetpack_social_options":{"image_generator_settings":{"template":"highway","enabled":false},"version":2}},"categories":[1940],"tags":[4847,2486,1766,2099,3258,1135],"table_tags":[],"class_list":["post-22290","post","type-post","status-publish","format-standard","has-post-thumbnail","hentry","category-moto","tag-avas","tag-dzwiek","tag-hybryda","tag-samochod","tag-samochod-elektryczny","tag-unia-europejska"],"jetpack_publicize_connections":[],"yoast_head":"<!-- This site is optimized with the Yoast SEO plugin v24.8.1 - https:\/\/yoast.com\/wordpress\/plugins\/seo\/ -->\n<title>Elektryki i hybrydy zaczn\u0105 ha\u0142asowa\u0107 - system AVAS obowi\u0105zkowy od lipca 2019 - SpeedTest.pl Wiadomo\u015bci<\/title>\n<meta name=\"robots\" content=\"index, follow, max-snippet:-1, max-image-preview:large, max-video-preview:-1\" \/>\n<link rel=\"canonical\" href=\"https:\/\/www.speedtest.pl\/wiadomosci\/moto\/samochod-elektryczny-avas-hybryda\/\" \/>\n<meta property=\"og:locale\" content=\"pl_PL\" \/>\n<meta property=\"og:type\" content=\"article\" \/>\n<meta property=\"og:title\" content=\"Elektryki i hybrydy zaczn\u0105 ha\u0142asowa\u0107 - system AVAS obowi\u0105zkowy od lipca 2019 - SpeedTest.pl Wiadomo\u015bci\" \/>\n<meta property=\"og:description\" content=\"Cisza oraz mniej spalin. To s\u0105 dwie najwi\u0119ksze zalety samochod\u00f3w elektrycznych i hybrydowych. Jednak Unia Europejska stwierdzi\u0142a, \u017ce cisza mo\u017ce by\u0107 te\u017c niebezpieczna. Dlatego producenci samochod\u00f3w b\u0119d\u0105 musieli w ekologicznych pojazdach montowa\u0107 system AVAS (Acoustic Vehicle Alerting System). B\u0119dzie on obowi\u0105zkowy od lipca 2019 roku. Regulacje prawne wymusi\u0142y na producentach samochod\u00f3w obowi\u0105zkow\u0105 instalacj\u0119 wielu rozwi\u0105za\u0144, [&hellip;]\" \/>\n<meta property=\"og:url\" content=\"https:\/\/www.speedtest.pl\/wiadomosci\/moto\/samochod-elektryczny-avas-hybryda\/\" \/>\n<meta property=\"og:site_name\" content=\"SpeedTest.pl Wiadomo\u015bci\" \/>\n<meta property=\"article:publisher\" content=\"https:\/\/www.facebook.com\/speedtestpl\/\" \/>\n<meta property=\"article:published_time\" content=\"2019-03-24T22:09:51+00:00\" \/>\n<meta property=\"article:modified_time\" content=\"2019-03-24T22:16:10+00:00\" \/>\n<meta property=\"og:image\" content=\"https:\/\/www.speedtest.pl\/wiadomosci\/wp-content\/uploads\/2019\/03\/Jaguar-AVAS.jpg\" \/>\n\t<meta property=\"og:image:width\" content=\"1024\" \/>\n\t<meta property=\"og:image:height\" content=\"576\" \/>\n\t<meta property=\"og:image:type\" content=\"image\/jpeg\" \/>\n<meta name=\"author\" content=\"BS\" \/>\n<meta name=\"twitter:card\" content=\"summary_large_image\" \/>\n<meta name=\"twitter:creator\" content=\"@speedtestpl\" \/>\n<meta name=\"twitter:site\" content=\"@speedtestpl\" \/>\n<meta name=\"twitter:label1\" content=\"Napisane przez\" \/>\n\t<meta name=\"twitter:data1\" content=\"BS\" \/>\n\t<meta name=\"twitter:label2\" content=\"Szacowany czas czytania\" \/>\n\t<meta name=\"twitter:data2\" content=\"2 minuty\" \/>\n<script type=\"application\/ld+json\" class=\"yoast-schema-graph\">{\"@context\":\"https:\/\/schema.org\",\"@graph\":[{\"@type\":\"WebPage\",\"@id\":\"https:\/\/www.speedtest.pl\/wiadomosci\/moto\/samochod-elektryczny-avas-hybryda\/\",\"url\":\"https:\/\/www.speedtest.pl\/wiadomosci\/moto\/samochod-elektryczny-avas-hybryda\/\",\"name\":\"Elektryki i hybrydy zaczn\u0105 ha\u0142asowa\u0107 - system AVAS obowi\u0105zkowy od lipca 2019 - SpeedTest.pl Wiadomo\u015bci\",\"isPartOf\":{\"@id\":\"https:\/\/www.speedtest.pl\/wiadomosci\/#website\"},\"primaryImageOfPage\":{\"@id\":\"https:\/\/www.speedtest.pl\/wiadomosci\/moto\/samochod-elektryczny-avas-hybryda\/#primaryimage\"},\"image\":{\"@id\":\"https:\/\/www.speedtest.pl\/wiadomosci\/moto\/samochod-elektryczny-avas-hybryda\/#primaryimage\"},\"thumbnailUrl\":\"https:\/\/www.speedtest.pl\/wiadomosci\/wp-content\/uploads\/2019\/03\/Jaguar-AVAS.jpg\",\"datePublished\":\"2019-03-24T22:09:51+00:00\",\"dateModified\":\"2019-03-24T22:16:10+00:00\",\"author\":{\"@id\":\"https:\/\/www.speedtest.pl\/wiadomosci\/#\/schema\/person\/585facd68912bef34cadd731cd3edaf2\"},\"breadcrumb\":{\"@id\":\"https:\/\/www.speedtest.pl\/wiadomosci\/moto\/samochod-elektryczny-avas-hybryda\/#breadcrumb\"},\"inLanguage\":\"pl-PL\",\"potentialAction\":[{\"@type\":\"ReadAction\",\"target\":[\"https:\/\/www.speedtest.pl\/wiadomosci\/moto\/samochod-elektryczny-avas-hybryda\/\"]}]},{\"@type\":\"ImageObject\",\"inLanguage\":\"pl-PL\",\"@id\":\"https:\/\/www.speedtest.pl\/wiadomosci\/moto\/samochod-elektryczny-avas-hybryda\/#primaryimage\",\"url\":\"https:\/\/www.speedtest.pl\/wiadomosci\/wp-content\/uploads\/2019\/03\/Jaguar-AVAS.jpg\",\"contentUrl\":\"https:\/\/www.speedtest.pl\/wiadomosci\/wp-content\/uploads\/2019\/03\/Jaguar-AVAS.jpg\",\"width\":1024,\"height\":576,\"caption\":\"Jaguar AVAS\"},{\"@type\":\"BreadcrumbList\",\"@id\":\"https:\/\/www.speedtest.pl\/wiadomosci\/moto\/samochod-elektryczny-avas-hybryda\/#breadcrumb\",\"itemListElement\":[{\"@type\":\"ListItem\",\"position\":1,\"name\":\"Strona g\u0142\u00f3wna\",\"item\":\"https:\/\/www.speedtest.pl\/wiadomosci\/\"},{\"@type\":\"ListItem\",\"position\":2,\"name\":\"Elektryki i hybrydy zaczn\u0105 ha\u0142asowa\u0107 &#8211; system AVAS obowi\u0105zkowy od lipca 2019\"}]},{\"@type\":\"WebSite\",\"@id\":\"https:\/\/www.speedtest.pl\/wiadomosci\/#website\",\"url\":\"https:\/\/www.speedtest.pl\/wiadomosci\/\",\"name\":\"SpeedTest.pl Wiadomo\u015bci\",\"description\":\"Rankingi ISP, newsy i opinie ze \u015bwiata IT, recenzje sprz\u0119tu, gry, motoryzacja\",\"potentialAction\":[{\"@type\":\"SearchAction\",\"target\":{\"@type\":\"EntryPoint\",\"urlTemplate\":\"https:\/\/www.speedtest.pl\/wiadomosci\/?s={search_term_string}\"},\"query-input\":{\"@type\":\"PropertyValueSpecification\",\"valueRequired\":true,\"valueName\":\"search_term_string\"}}],\"inLanguage\":\"pl-PL\"},{\"@type\":\"Person\",\"@id\":\"https:\/\/www.speedtest.pl\/wiadomosci\/#\/schema\/person\/585facd68912bef34cadd731cd3edaf2\",\"name\":\"BS\",\"image\":{\"@type\":\"ImageObject\",\"inLanguage\":\"pl-PL\",\"@id\":\"https:\/\/www.speedtest.pl\/wiadomosci\/#\/schema\/person\/image\/\",\"url\":\"https:\/\/www.speedtest.pl\/wiadomosci\/wp-content\/uploads\/2018\/01\/bek.png\",\"contentUrl\":\"https:\/\/www.speedtest.pl\/wiadomosci\/wp-content\/uploads\/2018\/01\/bek.png\",\"caption\":\"BS\"},\"description\":\"Bernard to redaktor naczelny SpeedTest.pl. Jest analitykiem i pasjonatem gier. Studiowa\u0142 na Politechnice Wroc\u0142awskiej informatyk\u0119 i zarz\u0105dzanie. Lubi szybkie samochody, podr\u00f3\u017ce do egzotycznych kraj\u00f3w oraz dobre ksi\u0105\u017cki z kategorii fantastyka.\",\"url\":\"https:\/\/www.speedtest.pl\/wiadomosci\/author\/bernard\/\"}]}<\/script>\n<!-- \/ Yoast SEO plugin. -->","yoast_head_json":{"title":"Elektryki i hybrydy zaczn\u0105 ha\u0142asowa\u0107 - system AVAS obowi\u0105zkowy od lipca 2019 - SpeedTest.pl Wiadomo\u015bci","robots":{"index":"index","follow":"follow","max-snippet":"max-snippet:-1","max-image-preview":"max-image-preview:large","max-video-preview":"max-video-preview:-1"},"canonical":"https:\/\/www.speedtest.pl\/wiadomosci\/moto\/samochod-elektryczny-avas-hybryda\/","og_locale":"pl_PL","og_type":"article","og_title":"Elektryki i hybrydy zaczn\u0105 ha\u0142asowa\u0107 - system AVAS obowi\u0105zkowy od lipca 2019 - SpeedTest.pl Wiadomo\u015bci","og_description":"Cisza oraz mniej spalin. To s\u0105 dwie najwi\u0119ksze zalety samochod\u00f3w elektrycznych i hybrydowych. Jednak Unia Europejska stwierdzi\u0142a, \u017ce cisza mo\u017ce by\u0107 te\u017c niebezpieczna. Dlatego producenci samochod\u00f3w b\u0119d\u0105 musieli w ekologicznych pojazdach montowa\u0107 system AVAS (Acoustic Vehicle Alerting System). B\u0119dzie on obowi\u0105zkowy od lipca 2019 roku. Regulacje prawne wymusi\u0142y na producentach samochod\u00f3w obowi\u0105zkow\u0105 instalacj\u0119 wielu rozwi\u0105za\u0144, [&hellip;]","og_url":"https:\/\/www.speedtest.pl\/wiadomosci\/moto\/samochod-elektryczny-avas-hybryda\/","og_site_name":"SpeedTest.pl Wiadomo\u015bci","article_publisher":"https:\/\/www.facebook.com\/speedtestpl\/","article_published_time":"2019-03-24T22:09:51+00:00","article_modified_time":"2019-03-24T22:16:10+00:00","og_image":[{"width":1024,"height":576,"url":"https:\/\/www.speedtest.pl\/wiadomosci\/wp-content\/uploads\/2019\/03\/Jaguar-AVAS.jpg","type":"image\/jpeg"}],"author":"BS","twitter_card":"summary_large_image","twitter_creator":"@speedtestpl","twitter_site":"@speedtestpl","twitter_misc":{"Napisane przez":"BS","Szacowany czas czytania":"2 minuty"},"schema":{"@context":"https:\/\/schema.org","@graph":[{"@type":"WebPage","@id":"https:\/\/www.speedtest.pl\/wiadomosci\/moto\/samochod-elektryczny-avas-hybryda\/","url":"https:\/\/www.speedtest.pl\/wiadomosci\/moto\/samochod-elektryczny-avas-hybryda\/","name":"Elektryki i hybrydy zaczn\u0105 ha\u0142asowa\u0107 - system AVAS obowi\u0105zkowy od lipca 2019 - SpeedTest.pl Wiadomo\u015bci","isPartOf":{"@id":"https:\/\/www.speedtest.pl\/wiadomosci\/#website"},"primaryImageOfPage":{"@id":"https:\/\/www.speedtest.pl\/wiadomosci\/moto\/samochod-elektryczny-avas-hybryda\/#primaryimage"},"image":{"@id":"https:\/\/www.speedtest.pl\/wiadomosci\/moto\/samochod-elektryczny-avas-hybryda\/#primaryimage"},"thumbnailUrl":"https:\/\/www.speedtest.pl\/wiadomosci\/wp-content\/uploads\/2019\/03\/Jaguar-AVAS.jpg","datePublished":"2019-03-24T22:09:51+00:00","dateModified":"2019-03-24T22:16:10+00:00","author":{"@id":"https:\/\/www.speedtest.pl\/wiadomosci\/#\/schema\/person\/585facd68912bef34cadd731cd3edaf2"},"breadcrumb":{"@id":"https:\/\/www.speedtest.pl\/wiadomosci\/moto\/samochod-elektryczny-avas-hybryda\/#breadcrumb"},"inLanguage":"pl-PL","potentialAction":[{"@type":"ReadAction","target":["https:\/\/www.speedtest.pl\/wiadomosci\/moto\/samochod-elektryczny-avas-hybryda\/"]}]},{"@type":"ImageObject","inLanguage":"pl-PL","@id":"https:\/\/www.speedtest.pl\/wiadomosci\/moto\/samochod-elektryczny-avas-hybryda\/#primaryimage","url":"https:\/\/www.speedtest.pl\/wiadomosci\/wp-content\/uploads\/2019\/03\/Jaguar-AVAS.jpg","contentUrl":"https:\/\/www.speedtest.pl\/wiadomosci\/wp-content\/uploads\/2019\/03\/Jaguar-AVAS.jpg","width":1024,"height":576,"caption":"Jaguar AVAS"},{"@type":"BreadcrumbList","@id":"https:\/\/www.speedtest.pl\/wiadomosci\/moto\/samochod-elektryczny-avas-hybryda\/#breadcrumb","itemListElement":[{"@type":"ListItem","position":1,"name":"Strona g\u0142\u00f3wna","item":"https:\/\/www.speedtest.pl\/wiadomosci\/"},{"@type":"ListItem","position":2,"name":"Elektryki i hybrydy zaczn\u0105 ha\u0142asowa\u0107 &#8211; system AVAS obowi\u0105zkowy od lipca 2019"}]},{"@type":"WebSite","@id":"https:\/\/www.speedtest.pl\/wiadomosci\/#website","url":"https:\/\/www.speedtest.pl\/wiadomosci\/","name":"SpeedTest.pl Wiadomo\u015bci","description":"Rankingi ISP, newsy i opinie ze \u015bwiata IT, recenzje sprz\u0119tu, gry, motoryzacja","potentialAction":[{"@type":"SearchAction","target":{"@type":"EntryPoint","urlTemplate":"https:\/\/www.speedtest.pl\/wiadomosci\/?s={search_term_string}"},"query-input":{"@type":"PropertyValueSpecification","valueRequired":true,"valueName":"search_term_string"}}],"inLanguage":"pl-PL"},{"@type":"Person","@id":"https:\/\/www.speedtest.pl\/wiadomosci\/#\/schema\/person\/585facd68912bef34cadd731cd3edaf2","name":"BS","image":{"@type":"ImageObject","inLanguage":"pl-PL","@id":"https:\/\/www.speedtest.pl\/wiadomosci\/#\/schema\/person\/image\/","url":"https:\/\/www.speedtest.pl\/wiadomosci\/wp-content\/uploads\/2018\/01\/bek.png","contentUrl":"https:\/\/www.speedtest.pl\/wiadomosci\/wp-content\/uploads\/2018\/01\/bek.png","caption":"BS"},"description":"Bernard to redaktor naczelny SpeedTest.pl. Jest analitykiem i pasjonatem gier. Studiowa\u0142 na Politechnice Wroc\u0142awskiej informatyk\u0119 i zarz\u0105dzanie. Lubi szybkie samochody, podr\u00f3\u017ce do egzotycznych kraj\u00f3w oraz dobre ksi\u0105\u017cki z kategorii fantastyka.","url":"https:\/\/www.speedtest.pl\/wiadomosci\/author\/bernard\/"}]}},"jetpack_featured_media_url":"https:\/\/www.speedtest.pl\/wiadomosci\/wp-content\/uploads\/2019\/03\/Jaguar-AVAS.jpg","jetpack_sharing_enabled":true,"jetpack_shortlink":"https:\/\/wp.me\/p85ce0-5Nw","_links":{"self":[{"href":"https:\/\/www.speedtest.pl\/wiadomosci\/wp-json\/wp\/v2\/posts\/22290","targetHints":{"allow":["GET"]}}],"collection":[{"href":"https:\/\/www.speedtest.pl\/wiadomosci\/wp-json\/wp\/v2\/posts"}],"about":[{"href":"https:\/\/www.speedtest.pl\/wiadomosci\/wp-json\/wp\/v2\/types\/post"}],"author":[{"embeddable":true,"href":"https:\/\/www.speedtest.pl\/wiadomosci\/wp-json\/wp\/v2\/users\/13"}],"replies":[{"embeddable":true,"href":"https:\/\/www.speedtest.pl\/wiadomosci\/wp-json\/wp\/v2\/comments?post=22290"}],"version-history":[{"count":3,"href":"https:\/\/www.speedtest.pl\/wiadomosci\/wp-json\/wp\/v2\/posts\/22290\/revisions"}],"predecessor-version":[{"id":22294,"href":"https:\/\/www.speedtest.pl\/wiadomosci\/wp-json\/wp\/v2\/posts\/22290\/revisions\/22294"}],"wp:featuredmedia":[{"embeddable":true,"href":"https:\/\/www.speedtest.pl\/wiadomosci\/wp-json\/wp\/v2\/media\/22296"}],"wp:attachment":[{"href":"https:\/\/www.speedtest.pl\/wiadomosci\/wp-json\/wp\/v2\/media?parent=22290"}],"wp:term":[{"taxonomy":"category","embeddable":true,"href":"https:\/\/www.speedtest.pl\/wiadomosci\/wp-json\/wp\/v2\/categories?post=22290"},{"taxonomy":"post_tag","embeddable":true,"href":"https:\/\/www.speedtest.pl\/wiadomosci\/wp-json\/wp\/v2\/tags?post=22290"},{"taxonomy":"table_tags","embeddable":true,"href":"https:\/\/www.speedtest.pl\/wiadomosci\/wp-json\/wp\/v2\/table_tags?post=22290"}],"curies":[{"name":"wp","href":"https:\/\/api.w.org\/{rel}","templated":true}]}}