{"id":21873,"date":"2019-03-09T22:31:56","date_gmt":"2019-03-09T21:31:56","guid":{"rendered":"https:\/\/www.speedtest.pl\/wiadomosci\/?p=21873"},"modified":"2019-03-10T10:45:02","modified_gmt":"2019-03-10T09:45:02","slug":"usb-3-2-bije-na-glowe-przepustowoscia-i-nazewnictwem","status":"publish","type":"post","link":"https:\/\/www.speedtest.pl\/wiadomosci\/sprzet\/usb-3-2-bije-na-glowe-przepustowoscia-i-nazewnictwem\/","title":{"rendered":"USB 3.2 bije na g\u0142ow\u0119 przepustowo\u015bci\u0105&#8230; i nazewnictwem"},"content":{"rendered":"\n<p><strong>Uwielbiam progres technologiczny. Mo\u017ce dlatego jestem dziennikarzem IT. Lubuje si\u0119 w nowinkach technicznych, od kiedy pami\u0119tam i ka\u017cda tego typu ekspansja napawa mnie podnieceniem. Istnieje jednak jeden problem, kt\u00f3ry niesie za sob\u0105 rozw\u00f3j, a kt\u00f3rego znie\u015b\u0107 nie mog\u0119. To problemy z nazewnictwem standard\u00f3w. Zawsze to takich rzeczy bierze si\u0119 banda baran\u00f3w, kt\u00f3rzy nie mogli wcze\u015bniej pomy\u015ble\u0107 to tym, \u017ce za jaki\u015b czas wypuszcz\u0105 co\u015b nowego na rynek. To samo dzieje si\u0119 z nowym USB 3.2.<\/strong><\/p>\n\n\n\n<p>My\u015bl\u0119, \u017ce wielu u\u017cytkownik\u00f3w cieszy fakt, \u017ce standardy USB rozwijaj\u0105 si\u0119 tak szybko. W ko\u0144cu dzi\u0119ki temu coraz szybciej mo\u017cemy przesy\u0142a\u0107 dane dyskowe i na pendrive. Nikt chyba p\u0142aka\u0107 nie b\u0119dzie, kiedy co\u015b robi si\u0119 szybciej, ni\u017c wcze\u015bniej. No mo\u017ce tylko wtedy, kiedy obs\u0142u\u017cenie tego, b\u0119dzie trudniejsze. I to za spraw\u0105 standaryzacji nazw. <\/p>\n\n\n\n<h2 class=\"wp-block-heading\">Zacznijmy mo\u017ce od technologii &#8211; USB 3.2 ju\u017c w tym roku pojawi si\u0119 na rynku.<\/h2>\n\n\n\n<p>Jest to fantastyczna wiadomo\u015b\u0107. USB Implementers Forum podczas targ\u00f3w MWC 2019 og\u0142osi\u0142o, i\u017c tego roku do sprzeda\u017cy wejdzie standard USB 3.2. Oznacza to, \u017ce ju\u017c nied\u0142ugo &nbsp;w sklepach pojawi\u0105 si\u0119 zupe\u0142nie nowe pami\u0119ci zewn\u0119trzne, z kt\u00f3rymi b\u0119dziemy wymienia\u0107 dane szybciej. O ile szybciej? Nowy standard zak\u0142ada, \u017ce b\u0119dzie to dwa razy szybciej ni\u017c do tej pory. Z uwagi na to, \u017ce USB 3.2 jest zgodne wstecznie, to bez problemu obs\u0142u\u017cymy na nim standard USB 3.1. B\u0119dzie on jednak dzia\u0142a\u0142 z tak\u0105 przepustowo\u015bci\u0105, jaka dla 3.1 jest przewidziana.<\/p>\n\n\n\n<h2 class=\"wp-block-heading\"> Pami\u0119tajmy te\u017c, \u017ce s\u0105 to dane mocno teoretyczne i tylko przypuszczalne. <\/h2>\n\n\n\n<p>Co to oznacza? Tak, jak z ka\u017cd\u0105 technologi\u0105 \u2014 rzeczywista pr\u0119dko\u015b\u0107 zale\u017cy od wi\u0119kszej liczby czynnik\u00f3w, ni\u017c te, wyznaczaj\u0105ce minima i maksima w standardzie. To tak samo, jak cho\u0107by z sieci internetow\u0105. Zak\u0142adane pr\u0119dko\u015bci maksymalne s\u0105 w wi\u0119kszo\u015bci wypadk\u00f3w inne od tych, kt\u00f3re na co dzie\u0144 osi\u0105gamy. Wp\u0142yw maj\u0105 d\u0142ugo\u015bci i rodzaje kabli, s\u0105siedztwo urz\u0105dze\u0144 zak\u0142\u00f3caj\u0105cych, t\u0142umienie propagacyjne itp. Tak samo jest ze standardem USB. W przypadku tego standardu musimy liczy\u0107 si\u0119 z wp\u0142ywem cho\u0107by wydajno\u015bci samych uk\u0142ad\u00f3w pami\u0119ci, obci\u0105\u017cenia procesora w danej chwili, stosowanego systemu plik\u00f3w oraz wielu innych.<\/p>\n\n\n\n<figure class=\"wp-block-image\"><img loading=\"lazy\" decoding=\"async\" width=\"1024\" height=\"576\" src=\"https:\/\/www.speedtest.pl\/wiadomosci\/wp-content\/uploads\/2019\/03\/memory-stick-1267620_1280-1024x576.jpg\" alt=\"usb, usb3.2\" class=\"wp-image-22076\" srcset=\"https:\/\/www.speedtest.pl\/wiadomosci\/wp-content\/uploads\/2019\/03\/memory-stick-1267620_1280-1024x576.jpg 1024w, https:\/\/www.speedtest.pl\/wiadomosci\/wp-content\/uploads\/2019\/03\/memory-stick-1267620_1280-300x169.jpg 300w, https:\/\/www.speedtest.pl\/wiadomosci\/wp-content\/uploads\/2019\/03\/memory-stick-1267620_1280-768x432.jpg 768w, https:\/\/www.speedtest.pl\/wiadomosci\/wp-content\/uploads\/2019\/03\/memory-stick-1267620_1280-696x392.jpg 696w, https:\/\/www.speedtest.pl\/wiadomosci\/wp-content\/uploads\/2019\/03\/memory-stick-1267620_1280-1068x601.jpg 1068w, https:\/\/www.speedtest.pl\/wiadomosci\/wp-content\/uploads\/2019\/03\/memory-stick-1267620_1280-747x420.jpg 747w, https:\/\/www.speedtest.pl\/wiadomosci\/wp-content\/uploads\/2019\/03\/memory-stick-1267620_1280.jpg 1280w\" sizes=\"auto, (max-width: 1024px) 100vw, 1024px\" \/><\/figure>\n\n\n\n<h2 class=\"wp-block-heading\">Nie jest to jednak najwi\u0119kszy problem &#8211; jak zawsze musia\u0142o zaszkodzi\u0107 nazewnictwo standard\u00f3w.<\/h2>\n\n\n\n<p>Nikt tak nie uprzykrza ludziom \u017cycia, jak tw\u00f3rcy nazw w standardach. Gdybym mia\u0142 mo\u017cliwo\u015b\u0107, postawi\u0142bym bym im kocio\u0142 ze smo\u0142\u0105 zaraz obok developer\u00f3w i tester\u00f3w Windows.  W USB pomieszali to teraz tak mocno, \u017ce \u017cycz\u0119 powodzenia w kupowaniu odpowiednich kabelk\u00f3w w sklepach elektronicznych. Powodzenie przyda si\u0119 tak\u017ce w ich sprzedawaniu. Zacznijmy mo\u017ce od tego, aby przybli\u017cy\u0107 charakterystyk\u0119 wcze\u015bniejszych standard\u00f3w USB. B\u0119dzie nam to za chwil\u0119 bardzo potrzebne. <\/p>\n\n\n\n<h2 class=\"wp-block-heading\">Po ty\u0142ku dosta\u0142y wszystkie nazwy ze standard\u00f3w USB 3.0+. <\/h2>\n\n\n\n<p>Ten pierwszy, czyli USB 3.0 to standard zapewniaj\u0105cy przepustowo\u015b\u0107 5 Gb\/s. Wa\u017cne jest w nim oznaczenie przewod\u00f3w, kt\u00f3re nazywa si\u0119 SuperSpeed USB. Niestety, p\u00f3\u017aniej zacz\u0105\u0142 si\u0119 ma\u0142y m\u0119tlik. Pojawi\u0142o si\u0119 na rynku USB 3.1 Gen 1, kt\u00f3ry zapewnia\u0142 t\u0119 sam\u0105 szybko\u015b\u0107. Jaka tu logika? Jakby tego by\u0142o ma\u0142o, wprowadzono na rynek USB 3.1 Gen 2, kt\u00f3re zapewnia\u0142o szybko\u015b\u0107 10 Gb\/s. Obstawiam, \u017ce ju\u017c si\u0119 pogubili\u015bcie. Spokojnie \u2014 to dopiero pocz\u0105tek. Najwa\u017cniejsze, aby\u015bcie pami\u0119tali, \u017ce USB 3.0 i USB 3.1 Gen 1 to dok\u0142adnie to samo. Komu\u015b si\u0119 bardzo nudzi\u0142o i dosta\u0142 za tak\u0105 chor\u0105 zmian\u0119 kup\u0119 kasiory, a my si\u0119 teraz m\u0119czymy.<\/p>\n\n\n\n<h2 class=\"wp-block-heading\">Teraz przechodzimy do najlepszego &#8211; coraz wi\u0119ksze schodki zaczynaj\u0105 si\u0119, kiedy wejdziemy na USB 3.2.<\/h2>\n\n\n\n<p>USB 3.2 Gen 1 ( SuperSpeed USB) zapewnia transfer 5 Gb\/s. Jest w sumie dok\u0142adnie to samo, co USB 3.1 Gen 1 i to samo co USB 3.0. USB 3.2 Gen 2 (SuperSpeed USB 10 Gbps), to transfer 10 Gb\/s. Jakby nie patrze\u0107, jest to samo, co USB 3.1 Gen 2. Dopiero na koniec zostanie nam USB 3.2 Gen 2\u00d72, kt\u00f3re po ludzku mo\u017cemy nazywa\u0107 SuperSpeed USB 20Gbps. Od razu wida\u0107, a jak\u0105 przepustowo\u015b\u0107 chodzi. Naprawd\u0119 nie mam poj\u0119cia, kto wymy\u015bla\u0142 te nazwy, ale powinien odstawi\u0107 grzybki, jakie mu podali.<\/p>\n\n\n\n<figure class=\"wp-block-image\"><img loading=\"lazy\" decoding=\"async\" width=\"1024\" height=\"334\" src=\"https:\/\/www.speedtest.pl\/wiadomosci\/wp-content\/uploads\/2019\/03\/USB-types-2x-1024x334-1024x334.png\" alt=\"usb, usb3.2\" class=\"wp-image-22077\" srcset=\"https:\/\/www.speedtest.pl\/wiadomosci\/wp-content\/uploads\/2019\/03\/USB-types-2x-1024x334.png 1024w, https:\/\/www.speedtest.pl\/wiadomosci\/wp-content\/uploads\/2019\/03\/USB-types-2x-1024x334-300x98.png 300w, https:\/\/www.speedtest.pl\/wiadomosci\/wp-content\/uploads\/2019\/03\/USB-types-2x-1024x334-768x251.png 768w, https:\/\/www.speedtest.pl\/wiadomosci\/wp-content\/uploads\/2019\/03\/USB-types-2x-1024x334-696x227.png 696w\" sizes=\"auto, (max-width: 1024px) 100vw, 1024px\" \/><\/figure>\n\n\n\n<h2 class=\"wp-block-heading\">Tego na prawd\u0119 nie idzie ogarn\u0105\u0107. <\/h2>\n\n\n\n<p>P\u00f3\u017aniej tacy zm\u0119czeni \u017cyciem wyk\u0142adowcy na uczelniach maj\u0105 baz\u0119 pyta\u0144, aby wy\u017cywa\u0107 si\u0119 na studentach. Gorzej b\u0119dzie w sklepach i magazynach. Przecie\u017c towaru maj\u0105 tam bez liku, a z autopsji wiemy, \u017ce w sklepach typu &#8222;Media Teges&#8221; \u015brednio znaj\u0105 si\u0119 na tym, co wciskaj\u0105 klientom. Wyobra\u017acie sobie takiego biednego asystenta z dzia\u0142u z kablami USB, kt\u00f3ry b\u0119dzie mia\u0142 na p\u00f3\u0142ce: USB 3.0, SuperSpeed USB, USB 3.1, USB 3.1 Gen 1, USB 3.1 Gen 2, USB 3.2, USB 3.2 Gen 1, USB 3.2 Gen 2, USB 3.2 Gen 2\u00d72, SuperSpeed USB 20Gbps. Nawet specjalista by si\u0119 pomyli\u0142, a co dopiero taki Rysio w koszulce &#8222;W czym mog\u0119 Pa\u0144stwu pom\u00f3c?&#8221;. <\/p>\n\n\n\n<h2 class=\"wp-block-heading\">\u017beby &#8222;weso\u0142ego lunaparku&#8221; nie by\u0142o za ma\u0142o, pozostaje jeszcze problem z tzw. zwyk\u0142ym USB.<\/h2>\n\n\n\n<p>Ciekaw\u0105 informacj\u0105 jest to, i\u017c nie skorzystamy z maksymalnych pr\u0119dko\u015bci USB 3.2 Gen 2\u00d72 wraz z portem USB-A (czyli zwyk\u0142ym, najbardziej pospolitym wej\u015bciem USB) czy microUSB. Dzieje si\u0119 tak, poniewa\u017c, USB 3.2 Gen 2\u00d72 opiera si\u0119 na dw\u00f3ch kana\u0142ach o pr\u0119dko\u015bciach 10 Gbps ka\u017cdy. No po prostu \u015bwietnie to sobie wymy\u015blili. &#8222;\u0141atwiej&#8221; si\u0119 nie da\u0142o? Tym, kt\u00f3ry zapewni osi\u0105gi jest USB-C. Zamieszanie jest ogromne i mo\u017cna dosta\u0107 kr\u0119\u0107ka. Zdecydowanie lepszym rozwi\u0105zaniem b\u0119dzie u\u017cywanie nazw handlowych, ale pewnie nie ka\u017cdy b\u0119dzie to robi\u0142. S\u0105 one o wiele bardziej intuicyjne \u2014 pokazuj\u0105 cho\u0107by przepustowo\u015bci.<\/p>\n\n\n\n<figure class=\"wp-block-image\"><img loading=\"lazy\" decoding=\"async\" width=\"955\" height=\"447\" src=\"https:\/\/www.speedtest.pl\/wiadomosci\/wp-content\/uploads\/2019\/03\/USB_cables.jpg\" alt=\"\" class=\"wp-image-22078\" srcset=\"https:\/\/www.speedtest.pl\/wiadomosci\/wp-content\/uploads\/2019\/03\/USB_cables.jpg 955w, https:\/\/www.speedtest.pl\/wiadomosci\/wp-content\/uploads\/2019\/03\/USB_cables-300x140.jpg 300w, https:\/\/www.speedtest.pl\/wiadomosci\/wp-content\/uploads\/2019\/03\/USB_cables-768x359.jpg 768w, https:\/\/www.speedtest.pl\/wiadomosci\/wp-content\/uploads\/2019\/03\/USB_cables-696x326.jpg 696w, https:\/\/www.speedtest.pl\/wiadomosci\/wp-content\/uploads\/2019\/03\/USB_cables-897x420.jpg 897w\" sizes=\"auto, (max-width: 955px) 100vw, 955px\" \/><\/figure>\n\n\n\n<h2 class=\"wp-block-heading\">Nie wiem, co za banda oszo\u0142om\u00f3w pracuje w USB-IF, ale \u017cycz\u0119 im, aby teraz poszli kupi\u0107 sobie kabelek w jakim\u015b markecie.<\/h2>\n\n\n\n<p>Mam te\u017c nadziej\u0119, \u017ce obs\u0142u\u017cy ich jaki\u015b Rysio i b\u0119d\u0105 po odpowiedni kabel biega\u0107 kilka razy. Mo\u017ce jak zrobi\u0105 sobie taki &#8222;spacerek&#8221;, to m\u00f3zg wr\u00f3ci im na miejsce. To przecie\u017c chore, aby normalny wyjadacz chleba musia\u0142 si\u0119 uczy\u0107 specyfikacji kabli na pami\u0119\u0107. Przeci\u0119tny cz\u0142owiek nawet nie wie, czym jest USB \u2014 wa\u017cne, aby kabel pasowa\u0142 do sprz\u0119tu. Oczywi\u015bcie na tym chaosie skorzystaj\u0105 producenci akcesori\u00f3w, stosuj\u0105c dodatkowe, myl\u0105ce oznaczenia, by sprzeda\u0107 nam jak najmniej za jak najwi\u0119cej \u2014 ale pewnie o to chodzi. Kto\u015b musia\u0142 d\u0142ugo my\u015ble\u0107, jak namiesza\u0107, aby jeszcze na tym kas\u0119 ugra\u0107. Je\u017celi nie wiadomo, o co chodzi, to chodzi o\u2026 pieni\u0105dze!<\/p>\n\n\n\n<p><\/p>\n","protected":false},"excerpt":{"rendered":"<p>Uwielbiam progres technologiczny. Mo\u017ce dlatego jestem dziennikarzem IT. Lubuje si\u0119 w nowinkach technicznych, od kiedy pami\u0119tam i ka\u017cda tego typu ekspansja napawa mnie podnieceniem. Istnieje jednak jeden problem, kt\u00f3ry niesie za sob\u0105 rozw\u00f3j, a kt\u00f3rego znie\u015b\u0107 nie mog\u0119. To problemy z nazewnictwem standard\u00f3w. Zawsze to takich rzeczy bierze si\u0119 banda baran\u00f3w, kt\u00f3rzy nie mogli wcze\u015bniej [&hellip;]<\/p>\n","protected":false},"author":12,"featured_media":22075,"comment_status":"closed","ping_status":"open","sticky":false,"template":"","format":"standard","meta":{"jetpack_post_was_ever_published":false,"_jetpack_newsletter_access":"","_jetpack_dont_email_post_to_subs":false,"_jetpack_newsletter_tier_id":0,"_jetpack_memberships_contains_paywalled_content":false,"_jetpack_memberships_contains_paid_content":false,"footnotes":"","jetpack_publicize_message":"#usb3.2 wprowadza zamieszanie w... nazewnictwie kabli","jetpack_publicize_feature_enabled":true,"jetpack_social_post_already_shared":true,"jetpack_social_options":{"image_generator_settings":{"template":"highway","enabled":false},"version":2}},"categories":[2016,6,3183,37],"tags":[4804,2048,4801,278,4803,4802,2391],"table_tags":[],"class_list":["post-21873","post","type-post","status-publish","format-standard","has-post-thumbnail","hentry","category-esej","category-news","category-prawo","category-sprzet","tag-20gbps","tag-mwc","tag-superspeed-usb","tag-usb","tag-usb-3-0","tag-usb-3-1","tag-usb-3-2"],"jetpack_publicize_connections":[],"yoast_head":"<!-- This site is optimized with the Yoast SEO plugin v24.8.1 - https:\/\/yoast.com\/wordpress\/plugins\/seo\/ -->\n<title>USB 3.2 bije na g\u0142ow\u0119 przepustowo\u015bci\u0105... i nazewnictwem - SpeedTest.pl Wiadomo\u015bci<\/title>\n<meta name=\"robots\" content=\"index, follow, max-snippet:-1, max-image-preview:large, max-video-preview:-1\" \/>\n<link rel=\"canonical\" href=\"https:\/\/www.speedtest.pl\/wiadomosci\/sprzet\/usb-3-2-bije-na-glowe-przepustowoscia-i-nazewnictwem\/\" \/>\n<meta property=\"og:locale\" content=\"pl_PL\" \/>\n<meta property=\"og:type\" content=\"article\" \/>\n<meta property=\"og:title\" content=\"USB 3.2 bije na g\u0142ow\u0119 przepustowo\u015bci\u0105... i nazewnictwem - SpeedTest.pl Wiadomo\u015bci\" \/>\n<meta property=\"og:description\" content=\"Uwielbiam progres technologiczny. Mo\u017ce dlatego jestem dziennikarzem IT. Lubuje si\u0119 w nowinkach technicznych, od kiedy pami\u0119tam i ka\u017cda tego typu ekspansja napawa mnie podnieceniem. Istnieje jednak jeden problem, kt\u00f3ry niesie za sob\u0105 rozw\u00f3j, a kt\u00f3rego znie\u015b\u0107 nie mog\u0119. To problemy z nazewnictwem standard\u00f3w. Zawsze to takich rzeczy bierze si\u0119 banda baran\u00f3w, kt\u00f3rzy nie mogli wcze\u015bniej [&hellip;]\" \/>\n<meta property=\"og:url\" content=\"https:\/\/www.speedtest.pl\/wiadomosci\/sprzet\/usb-3-2-bije-na-glowe-przepustowoscia-i-nazewnictwem\/\" \/>\n<meta property=\"og:site_name\" content=\"SpeedTest.pl Wiadomo\u015bci\" \/>\n<meta property=\"article:publisher\" content=\"https:\/\/www.facebook.com\/speedtestpl\/\" \/>\n<meta property=\"article:published_time\" content=\"2019-03-09T21:31:56+00:00\" \/>\n<meta property=\"article:modified_time\" content=\"2019-03-10T09:45:02+00:00\" \/>\n<meta property=\"og:image\" content=\"https:\/\/www.speedtest.pl\/wiadomosci\/wp-content\/uploads\/2019\/02\/usb-key-1212110_1280.jpg\" \/>\n\t<meta property=\"og:image:width\" content=\"1280\" \/>\n\t<meta property=\"og:image:height\" content=\"863\" \/>\n\t<meta property=\"og:image:type\" content=\"image\/jpeg\" \/>\n<meta name=\"author\" content=\"PJ\" \/>\n<meta name=\"twitter:card\" content=\"summary_large_image\" \/>\n<meta name=\"twitter:creator\" content=\"@speedtestpl\" \/>\n<meta name=\"twitter:site\" content=\"@speedtestpl\" \/>\n<meta name=\"twitter:label1\" content=\"Napisane przez\" \/>\n\t<meta name=\"twitter:data1\" content=\"PJ\" \/>\n\t<meta name=\"twitter:label2\" content=\"Szacowany czas czytania\" \/>\n\t<meta name=\"twitter:data2\" content=\"5 minut\" \/>\n<script type=\"application\/ld+json\" class=\"yoast-schema-graph\">{\"@context\":\"https:\/\/schema.org\",\"@graph\":[{\"@type\":\"WebPage\",\"@id\":\"https:\/\/www.speedtest.pl\/wiadomosci\/sprzet\/usb-3-2-bije-na-glowe-przepustowoscia-i-nazewnictwem\/\",\"url\":\"https:\/\/www.speedtest.pl\/wiadomosci\/sprzet\/usb-3-2-bije-na-glowe-przepustowoscia-i-nazewnictwem\/\",\"name\":\"USB 3.2 bije na g\u0142ow\u0119 przepustowo\u015bci\u0105... i nazewnictwem - SpeedTest.pl Wiadomo\u015bci\",\"isPartOf\":{\"@id\":\"https:\/\/www.speedtest.pl\/wiadomosci\/#website\"},\"primaryImageOfPage\":{\"@id\":\"https:\/\/www.speedtest.pl\/wiadomosci\/sprzet\/usb-3-2-bije-na-glowe-przepustowoscia-i-nazewnictwem\/#primaryimage\"},\"image\":{\"@id\":\"https:\/\/www.speedtest.pl\/wiadomosci\/sprzet\/usb-3-2-bije-na-glowe-przepustowoscia-i-nazewnictwem\/#primaryimage\"},\"thumbnailUrl\":\"https:\/\/www.speedtest.pl\/wiadomosci\/wp-content\/uploads\/2019\/02\/usb-key-1212110_1280.jpg\",\"datePublished\":\"2019-03-09T21:31:56+00:00\",\"dateModified\":\"2019-03-10T09:45:02+00:00\",\"author\":{\"@id\":\"https:\/\/www.speedtest.pl\/wiadomosci\/#\/schema\/person\/1e51a1178096c8851f7d3ab0575726e4\"},\"breadcrumb\":{\"@id\":\"https:\/\/www.speedtest.pl\/wiadomosci\/sprzet\/usb-3-2-bije-na-glowe-przepustowoscia-i-nazewnictwem\/#breadcrumb\"},\"inLanguage\":\"pl-PL\",\"potentialAction\":[{\"@type\":\"ReadAction\",\"target\":[\"https:\/\/www.speedtest.pl\/wiadomosci\/sprzet\/usb-3-2-bije-na-glowe-przepustowoscia-i-nazewnictwem\/\"]}]},{\"@type\":\"ImageObject\",\"inLanguage\":\"pl-PL\",\"@id\":\"https:\/\/www.speedtest.pl\/wiadomosci\/sprzet\/usb-3-2-bije-na-glowe-przepustowoscia-i-nazewnictwem\/#primaryimage\",\"url\":\"https:\/\/www.speedtest.pl\/wiadomosci\/wp-content\/uploads\/2019\/02\/usb-key-1212110_1280.jpg\",\"contentUrl\":\"https:\/\/www.speedtest.pl\/wiadomosci\/wp-content\/uploads\/2019\/02\/usb-key-1212110_1280.jpg\",\"width\":1280,\"height\":863,\"caption\":\"usb, usb3.2\"},{\"@type\":\"BreadcrumbList\",\"@id\":\"https:\/\/www.speedtest.pl\/wiadomosci\/sprzet\/usb-3-2-bije-na-glowe-przepustowoscia-i-nazewnictwem\/#breadcrumb\",\"itemListElement\":[{\"@type\":\"ListItem\",\"position\":1,\"name\":\"Strona g\u0142\u00f3wna\",\"item\":\"https:\/\/www.speedtest.pl\/wiadomosci\/\"},{\"@type\":\"ListItem\",\"position\":2,\"name\":\"USB 3.2 bije na g\u0142ow\u0119 przepustowo\u015bci\u0105&#8230; i nazewnictwem\"}]},{\"@type\":\"WebSite\",\"@id\":\"https:\/\/www.speedtest.pl\/wiadomosci\/#website\",\"url\":\"https:\/\/www.speedtest.pl\/wiadomosci\/\",\"name\":\"SpeedTest.pl Wiadomo\u015bci\",\"description\":\"Rankingi ISP, newsy i opinie ze \u015bwiata IT, recenzje sprz\u0119tu, gry, motoryzacja\",\"potentialAction\":[{\"@type\":\"SearchAction\",\"target\":{\"@type\":\"EntryPoint\",\"urlTemplate\":\"https:\/\/www.speedtest.pl\/wiadomosci\/?s={search_term_string}\"},\"query-input\":{\"@type\":\"PropertyValueSpecification\",\"valueRequired\":true,\"valueName\":\"search_term_string\"}}],\"inLanguage\":\"pl-PL\"},{\"@type\":\"Person\",\"@id\":\"https:\/\/www.speedtest.pl\/wiadomosci\/#\/schema\/person\/1e51a1178096c8851f7d3ab0575726e4\",\"name\":\"PJ\",\"image\":{\"@type\":\"ImageObject\",\"inLanguage\":\"pl-PL\",\"@id\":\"https:\/\/www.speedtest.pl\/wiadomosci\/#\/schema\/person\/image\/\",\"url\":\"https:\/\/www.speedtest.pl\/wiadomosci\/wp-content\/uploads\/2018\/01\/AAEAAQAAAAAAAAk2AAAAJDNhNWRlODdhLWY3MjYtNGFjNC04MzY1LTI1Zjc4NmI4YmE0OQ-150x150.jpg\",\"contentUrl\":\"https:\/\/www.speedtest.pl\/wiadomosci\/wp-content\/uploads\/2018\/01\/AAEAAQAAAAAAAAk2AAAAJDNhNWRlODdhLWY3MjYtNGFjNC04MzY1LTI1Zjc4NmI4YmE0OQ-150x150.jpg\",\"caption\":\"PJ\"},\"description\":\"Przemek jest m\u00f3zgiem operacyjnym SpeedTest.pl. Studiowa\u0142 na Politechnice Wroc\u0142awskiej elektronik\u0119 i telekomunikacj\u0119. Zarz\u0105dza projektami IT, relacjami z klientami oraz nadzoruje procesy rozwoju. Prywatnie zaanga\u017cowany w rodzin\u0119, wsparcie r\u00f3\u017cnych dzia\u0142alno\u015bci charytatywnych i projekty ekstremalne.\",\"url\":\"https:\/\/www.speedtest.pl\/wiadomosci\/author\/przemek\/\"}]}<\/script>\n<!-- \/ Yoast SEO plugin. -->","yoast_head_json":{"title":"USB 3.2 bije na g\u0142ow\u0119 przepustowo\u015bci\u0105... i nazewnictwem - SpeedTest.pl Wiadomo\u015bci","robots":{"index":"index","follow":"follow","max-snippet":"max-snippet:-1","max-image-preview":"max-image-preview:large","max-video-preview":"max-video-preview:-1"},"canonical":"https:\/\/www.speedtest.pl\/wiadomosci\/sprzet\/usb-3-2-bije-na-glowe-przepustowoscia-i-nazewnictwem\/","og_locale":"pl_PL","og_type":"article","og_title":"USB 3.2 bije na g\u0142ow\u0119 przepustowo\u015bci\u0105... i nazewnictwem - SpeedTest.pl Wiadomo\u015bci","og_description":"Uwielbiam progres technologiczny. Mo\u017ce dlatego jestem dziennikarzem IT. Lubuje si\u0119 w nowinkach technicznych, od kiedy pami\u0119tam i ka\u017cda tego typu ekspansja napawa mnie podnieceniem. Istnieje jednak jeden problem, kt\u00f3ry niesie za sob\u0105 rozw\u00f3j, a kt\u00f3rego znie\u015b\u0107 nie mog\u0119. To problemy z nazewnictwem standard\u00f3w. Zawsze to takich rzeczy bierze si\u0119 banda baran\u00f3w, kt\u00f3rzy nie mogli wcze\u015bniej [&hellip;]","og_url":"https:\/\/www.speedtest.pl\/wiadomosci\/sprzet\/usb-3-2-bije-na-glowe-przepustowoscia-i-nazewnictwem\/","og_site_name":"SpeedTest.pl Wiadomo\u015bci","article_publisher":"https:\/\/www.facebook.com\/speedtestpl\/","article_published_time":"2019-03-09T21:31:56+00:00","article_modified_time":"2019-03-10T09:45:02+00:00","og_image":[{"width":1280,"height":863,"url":"https:\/\/www.speedtest.pl\/wiadomosci\/wp-content\/uploads\/2019\/02\/usb-key-1212110_1280.jpg","type":"image\/jpeg"}],"author":"PJ","twitter_card":"summary_large_image","twitter_creator":"@speedtestpl","twitter_site":"@speedtestpl","twitter_misc":{"Napisane przez":"PJ","Szacowany czas czytania":"5 minut"},"schema":{"@context":"https:\/\/schema.org","@graph":[{"@type":"WebPage","@id":"https:\/\/www.speedtest.pl\/wiadomosci\/sprzet\/usb-3-2-bije-na-glowe-przepustowoscia-i-nazewnictwem\/","url":"https:\/\/www.speedtest.pl\/wiadomosci\/sprzet\/usb-3-2-bije-na-glowe-przepustowoscia-i-nazewnictwem\/","name":"USB 3.2 bije na g\u0142ow\u0119 przepustowo\u015bci\u0105... i nazewnictwem - SpeedTest.pl Wiadomo\u015bci","isPartOf":{"@id":"https:\/\/www.speedtest.pl\/wiadomosci\/#website"},"primaryImageOfPage":{"@id":"https:\/\/www.speedtest.pl\/wiadomosci\/sprzet\/usb-3-2-bije-na-glowe-przepustowoscia-i-nazewnictwem\/#primaryimage"},"image":{"@id":"https:\/\/www.speedtest.pl\/wiadomosci\/sprzet\/usb-3-2-bije-na-glowe-przepustowoscia-i-nazewnictwem\/#primaryimage"},"thumbnailUrl":"https:\/\/www.speedtest.pl\/wiadomosci\/wp-content\/uploads\/2019\/02\/usb-key-1212110_1280.jpg","datePublished":"2019-03-09T21:31:56+00:00","dateModified":"2019-03-10T09:45:02+00:00","author":{"@id":"https:\/\/www.speedtest.pl\/wiadomosci\/#\/schema\/person\/1e51a1178096c8851f7d3ab0575726e4"},"breadcrumb":{"@id":"https:\/\/www.speedtest.pl\/wiadomosci\/sprzet\/usb-3-2-bije-na-glowe-przepustowoscia-i-nazewnictwem\/#breadcrumb"},"inLanguage":"pl-PL","potentialAction":[{"@type":"ReadAction","target":["https:\/\/www.speedtest.pl\/wiadomosci\/sprzet\/usb-3-2-bije-na-glowe-przepustowoscia-i-nazewnictwem\/"]}]},{"@type":"ImageObject","inLanguage":"pl-PL","@id":"https:\/\/www.speedtest.pl\/wiadomosci\/sprzet\/usb-3-2-bije-na-glowe-przepustowoscia-i-nazewnictwem\/#primaryimage","url":"https:\/\/www.speedtest.pl\/wiadomosci\/wp-content\/uploads\/2019\/02\/usb-key-1212110_1280.jpg","contentUrl":"https:\/\/www.speedtest.pl\/wiadomosci\/wp-content\/uploads\/2019\/02\/usb-key-1212110_1280.jpg","width":1280,"height":863,"caption":"usb, usb3.2"},{"@type":"BreadcrumbList","@id":"https:\/\/www.speedtest.pl\/wiadomosci\/sprzet\/usb-3-2-bije-na-glowe-przepustowoscia-i-nazewnictwem\/#breadcrumb","itemListElement":[{"@type":"ListItem","position":1,"name":"Strona g\u0142\u00f3wna","item":"https:\/\/www.speedtest.pl\/wiadomosci\/"},{"@type":"ListItem","position":2,"name":"USB 3.2 bije na g\u0142ow\u0119 przepustowo\u015bci\u0105&#8230; i nazewnictwem"}]},{"@type":"WebSite","@id":"https:\/\/www.speedtest.pl\/wiadomosci\/#website","url":"https:\/\/www.speedtest.pl\/wiadomosci\/","name":"SpeedTest.pl Wiadomo\u015bci","description":"Rankingi ISP, newsy i opinie ze \u015bwiata IT, recenzje sprz\u0119tu, gry, motoryzacja","potentialAction":[{"@type":"SearchAction","target":{"@type":"EntryPoint","urlTemplate":"https:\/\/www.speedtest.pl\/wiadomosci\/?s={search_term_string}"},"query-input":{"@type":"PropertyValueSpecification","valueRequired":true,"valueName":"search_term_string"}}],"inLanguage":"pl-PL"},{"@type":"Person","@id":"https:\/\/www.speedtest.pl\/wiadomosci\/#\/schema\/person\/1e51a1178096c8851f7d3ab0575726e4","name":"PJ","image":{"@type":"ImageObject","inLanguage":"pl-PL","@id":"https:\/\/www.speedtest.pl\/wiadomosci\/#\/schema\/person\/image\/","url":"https:\/\/www.speedtest.pl\/wiadomosci\/wp-content\/uploads\/2018\/01\/AAEAAQAAAAAAAAk2AAAAJDNhNWRlODdhLWY3MjYtNGFjNC04MzY1LTI1Zjc4NmI4YmE0OQ-150x150.jpg","contentUrl":"https:\/\/www.speedtest.pl\/wiadomosci\/wp-content\/uploads\/2018\/01\/AAEAAQAAAAAAAAk2AAAAJDNhNWRlODdhLWY3MjYtNGFjNC04MzY1LTI1Zjc4NmI4YmE0OQ-150x150.jpg","caption":"PJ"},"description":"Przemek jest m\u00f3zgiem operacyjnym SpeedTest.pl. Studiowa\u0142 na Politechnice Wroc\u0142awskiej elektronik\u0119 i telekomunikacj\u0119. Zarz\u0105dza projektami IT, relacjami z klientami oraz nadzoruje procesy rozwoju. Prywatnie zaanga\u017cowany w rodzin\u0119, wsparcie r\u00f3\u017cnych dzia\u0142alno\u015bci charytatywnych i projekty ekstremalne.","url":"https:\/\/www.speedtest.pl\/wiadomosci\/author\/przemek\/"}]}},"jetpack_featured_media_url":"https:\/\/www.speedtest.pl\/wiadomosci\/wp-content\/uploads\/2019\/02\/usb-key-1212110_1280.jpg","jetpack_sharing_enabled":true,"jetpack_shortlink":"https:\/\/wp.me\/p85ce0-5GN","_links":{"self":[{"href":"https:\/\/www.speedtest.pl\/wiadomosci\/wp-json\/wp\/v2\/posts\/21873","targetHints":{"allow":["GET"]}}],"collection":[{"href":"https:\/\/www.speedtest.pl\/wiadomosci\/wp-json\/wp\/v2\/posts"}],"about":[{"href":"https:\/\/www.speedtest.pl\/wiadomosci\/wp-json\/wp\/v2\/types\/post"}],"author":[{"embeddable":true,"href":"https:\/\/www.speedtest.pl\/wiadomosci\/wp-json\/wp\/v2\/users\/12"}],"replies":[{"embeddable":true,"href":"https:\/\/www.speedtest.pl\/wiadomosci\/wp-json\/wp\/v2\/comments?post=21873"}],"version-history":[{"count":5,"href":"https:\/\/www.speedtest.pl\/wiadomosci\/wp-json\/wp\/v2\/posts\/21873\/revisions"}],"predecessor-version":[{"id":22079,"href":"https:\/\/www.speedtest.pl\/wiadomosci\/wp-json\/wp\/v2\/posts\/21873\/revisions\/22079"}],"wp:featuredmedia":[{"embeddable":true,"href":"https:\/\/www.speedtest.pl\/wiadomosci\/wp-json\/wp\/v2\/media\/22075"}],"wp:attachment":[{"href":"https:\/\/www.speedtest.pl\/wiadomosci\/wp-json\/wp\/v2\/media?parent=21873"}],"wp:term":[{"taxonomy":"category","embeddable":true,"href":"https:\/\/www.speedtest.pl\/wiadomosci\/wp-json\/wp\/v2\/categories?post=21873"},{"taxonomy":"post_tag","embeddable":true,"href":"https:\/\/www.speedtest.pl\/wiadomosci\/wp-json\/wp\/v2\/tags?post=21873"},{"taxonomy":"table_tags","embeddable":true,"href":"https:\/\/www.speedtest.pl\/wiadomosci\/wp-json\/wp\/v2\/table_tags?post=21873"}],"curies":[{"name":"wp","href":"https:\/\/api.w.org\/{rel}","templated":true}]}}