{"id":21458,"date":"2019-02-15T22:10:46","date_gmt":"2019-02-15T21:10:46","guid":{"rendered":"https:\/\/www.speedtest.pl\/wiadomosci\/?p=21458"},"modified":"2019-02-15T22:10:47","modified_gmt":"2019-02-15T21:10:47","slug":"orange-ericsson-testy-5g-27-ghz","status":"publish","type":"post","link":"https:\/\/www.speedtest.pl\/wiadomosci\/5g\/orange-ericsson-testy-5g-27-ghz\/","title":{"rendered":"Orange wsp\u00f3lnie z Ericssonem startuje z testami 5G na 27 GHz"},"content":{"rendered":"\n<p><strong>5G w Polsce dopiero raczkuje. Do tej pory operatorzy sprawdzali, jak nowa technologia sprawuje si\u0119 w pa\u015bmie od 3,4 do 3,8 GHz. Z kolei Orange wystartowa\u0142o z testami 5G w pa\u015bmie milimetrowym 27 GHz. Testowe stacje bazowe dostarczy\u0142&#8230; Ericsson.<\/strong><\/p>\n\n\n\n<p>Nowa generacja sieci kom\u00f3rkowych b\u0119dzie korzysta\u0107 z r\u00f3\u017cnych zakres\u00f3w cz\u0119stotliwo\u015bci. Pierwsze wdro\u017cenia 5G w Polsce b\u0119d\u0105 dotyczy\u0107 pasma od 3400 MHz do 3800 MHz. Stanowi ono kompromis pomi\u0119dzy oferowanymi pr\u0119dko\u015bciami a zasi\u0119giem pojedynczej stacji bazowej. Z kolei najwi\u0119ksze pr\u0119dko\u015bci b\u0119d\u0105 dost\u0119pne dla u\u017cytkownik\u00f3w korzystaj\u0105cych z pasma milimetrowego 27 GHz. Dlatego w\u0142a\u015bnie Orange wystartowa\u0142o w Zakopanem z pierwszymi testami 5G w Polsce zgodnymi ze standardem 3GPP dla pasma 26 &#8211; 28 GHz. Sprz\u0119t dostarczy\u0142a firma Ericsson.<\/p>\n\n\n\n<figure class=\"wp-block-embed-twitter wp-block-embed is-type-rich is-provider-twitter\"><div class=\"wp-block-embed__wrapper\">\n<div class=\"twitter-tweet\"><blockquote class=\"twitter-tweet\" data-lang=\"pl\"><p lang=\"pl\" dir=\"ltr\">Wsp\u00f3lnie z <a href=\"https:\/\/twitter.com\/ericsson?ref_src=twsrc%5Etfw\" rel=\"external nofollow\">@ericsson<\/a> Polska przeprowadzimy w <a href=\"https:\/\/twitter.com\/hashtag\/Zakopane?src=hash&amp;ref_src=twsrc%5Etfw\" rel=\"external nofollow\">#Zakopane<\/a> kolejne testy <a href=\"https:\/\/twitter.com\/hashtag\/5G?src=hash&amp;ref_src=twsrc%5Etfw\" rel=\"external nofollow\">#5G<\/a>. Po raz pierwszy w Polsce wykorzystamy system zgodny z <a href=\"https:\/\/twitter.com\/hashtag\/3GPP?src=hash&amp;ref_src=twsrc%5Etfw\" rel=\"external nofollow\">#3GPP<\/a> w pa\u015bmie 26-28 GHz. Wszystko bezpiecznie i zgodnie z normami. Szczeg\u00f3\u0142y wkr\u00f3tce. <a href=\"https:\/\/twitter.com\/UKE2UKE?ref_src=twsrc%5Etfw\" rel=\"external nofollow\">@UKE2UKE<\/a> <a href=\"https:\/\/twitter.com\/MC_GOV_PL?ref_src=twsrc%5Etfw\" rel=\"external nofollow\">@MC_GOV_PL<\/a> <a href=\"https:\/\/twitter.com\/MPiT_GOV_PL?ref_src=twsrc%5Etfw\" rel=\"external nofollow\">@MPiT_GOV_PL<\/a><\/p>&mdash; Wojtek Jabczy\u0144ski (@RzecznikOrange) <a href=\"https:\/\/twitter.com\/RzecznikOrange\/status\/1096418961594478593?ref_src=twsrc%5Etfw\" rel=\"external nofollow\">15 lutego 2019<\/a><\/blockquote><\/div>\n<\/div><\/figure>\n\n\n\n<h2 class=\"wp-block-heading\">Wsp\u00f3lne testy 5G Orange z Ericssonem nie s\u0105 decyzj\u0105 polityczn\u0105<\/h2>\n\n\n\n<p>Wcze\u015bniej Orange <a href=\"https:\/\/www.speedtest.pl\/wiadomosci\/5g\/orange-testy-5g-gliwice\/\">testowa\u0142o stacj\u0119 bazow\u0105 5G Huawei<\/a>. Tym razem operator zdecydowa\u0142 si\u0119 na wsp\u00f3\u0142prac\u0119 z Ericssonem. Niekt\u00f3rzy zacz\u0119li zastanawia\u0107 si\u0119, czy taka &#8222;zmiana frontu&#8221; podyktowana jest ostatnimi zawirowaniami wok\u00f3\u0142 chi\u0144skiego producenta stacji bazowych. Wojciech Jabczy\u0144ski, rzecznik prasowy Orange, od razu rozwia\u0142 wszystkie w\u0105tpliwo\u015bci. Orange ju\u017c wcze\u015bniej planowa\u0142o testy 5G z Ericssonem. Wcze\u015bniej operator przeprowadzi\u0142 <a href=\"https:\/\/www.speedtest.pl\/wiadomosci\/internet-mobilny\/nokia-orange-5g\/\">testy laboratoryjne z Noki\u0105<\/a>. Pokazuje to, \u017ce Orange interesuje si\u0119 rozwi\u0105zaniami 5G pochodz\u0105cymi od wszystkich czo\u0142owych graczy rynku telekomunikacyjnego.<\/p>\n\n\n\n<figure class=\"wp-block-embed-twitter wp-block-embed is-type-rich is-provider-twitter\"><div class=\"wp-block-embed__wrapper\">\n<div class=\"twitter-tweet\"><blockquote class=\"twitter-tweet\" data-lang=\"pl\"><p lang=\"pl\" dir=\"ltr\">Tak mia\u0142o by\u0107. Wcze\u015bniej testowali\u015bmy te\u017c laboratoryjnie z Noki\u0105.<\/p>&mdash; Wojtek Jabczy\u0144ski (@RzecznikOrange) <a href=\"https:\/\/twitter.com\/RzecznikOrange\/status\/1096434443378671616?ref_src=twsrc%5Etfw\" rel=\"external nofollow\">15 lutego 2019<\/a><\/blockquote><\/div>\n<\/div><\/figure>\n","protected":false},"excerpt":{"rendered":"<p>5G w Polsce dopiero raczkuje. Do tej pory operatorzy sprawdzali, jak nowa technologia sprawuje si\u0119 w pa\u015bmie od 3,4 do 3,8 GHz. Z kolei Orange wystartowa\u0142o z testami 5G w pa\u015bmie milimetrowym 27 GHz. Testowe stacje bazowe dostarczy\u0142&#8230; Ericsson. Nowa generacja sieci kom\u00f3rkowych b\u0119dzie korzysta\u0107 z r\u00f3\u017cnych zakres\u00f3w cz\u0119stotliwo\u015bci. Pierwsze wdro\u017cenia 5G w Polsce b\u0119d\u0105 [&hellip;]<\/p>\n","protected":false},"author":12,"featured_media":18330,"comment_status":"closed","ping_status":"open","sticky":false,"template":"","format":"standard","meta":{"jetpack_post_was_ever_published":false,"_jetpack_newsletter_access":"","_jetpack_dont_email_post_to_subs":false,"_jetpack_newsletter_tier_id":0,"_jetpack_memberships_contains_paywalled_content":false,"_jetpack_memberships_contains_paid_content":false,"footnotes":"","jetpack_publicize_message":"","jetpack_publicize_feature_enabled":true,"jetpack_social_post_already_shared":true,"jetpack_social_options":{"image_generator_settings":{"template":"highway","enabled":false},"version":2}},"categories":[2344,57],"tags":[143,2572,359,630,4686],"table_tags":[],"class_list":["post-21458","post","type-post","status-publish","format-standard","has-post-thumbnail","hentry","category-5g","category-internet-mobilny","tag-5g","tag-ericsson","tag-orange","tag-testy-5g","tag-zakopane"],"jetpack_publicize_connections":[],"yoast_head":"<!-- This site is optimized with the Yoast SEO plugin v24.8.1 - https:\/\/yoast.com\/wordpress\/plugins\/seo\/ -->\n<title>Orange wsp\u00f3lnie z Ericssonem startuje z testami 5G na 27 GHz - SpeedTest.pl Wiadomo\u015bci<\/title>\n<meta name=\"robots\" content=\"index, follow, max-snippet:-1, max-image-preview:large, max-video-preview:-1\" \/>\n<link rel=\"canonical\" href=\"https:\/\/www.speedtest.pl\/wiadomosci\/5g\/orange-ericsson-testy-5g-27-ghz\/\" \/>\n<meta property=\"og:locale\" content=\"pl_PL\" \/>\n<meta property=\"og:type\" content=\"article\" \/>\n<meta property=\"og:title\" content=\"Orange wsp\u00f3lnie z Ericssonem startuje z testami 5G na 27 GHz - SpeedTest.pl Wiadomo\u015bci\" \/>\n<meta property=\"og:description\" content=\"5G w Polsce dopiero raczkuje. Do tej pory operatorzy sprawdzali, jak nowa technologia sprawuje si\u0119 w pa\u015bmie od 3,4 do 3,8 GHz. Z kolei Orange wystartowa\u0142o z testami 5G w pa\u015bmie milimetrowym 27 GHz. Testowe stacje bazowe dostarczy\u0142&#8230; Ericsson. Nowa generacja sieci kom\u00f3rkowych b\u0119dzie korzysta\u0107 z r\u00f3\u017cnych zakres\u00f3w cz\u0119stotliwo\u015bci. Pierwsze wdro\u017cenia 5G w Polsce b\u0119d\u0105 [&hellip;]\" \/>\n<meta property=\"og:url\" content=\"https:\/\/www.speedtest.pl\/wiadomosci\/5g\/orange-ericsson-testy-5g-27-ghz\/\" \/>\n<meta property=\"og:site_name\" content=\"SpeedTest.pl Wiadomo\u015bci\" \/>\n<meta property=\"article:publisher\" content=\"https:\/\/www.facebook.com\/speedtestpl\/\" \/>\n<meta property=\"article:published_time\" content=\"2019-02-15T21:10:46+00:00\" \/>\n<meta property=\"article:modified_time\" content=\"2019-02-15T21:10:47+00:00\" \/>\n<meta property=\"og:image\" content=\"https:\/\/www.speedtest.pl\/wiadomosci\/wp-content\/uploads\/2018\/09\/5G-1.jpg\" \/>\n\t<meta property=\"og:image:width\" content=\"1024\" \/>\n\t<meta property=\"og:image:height\" content=\"576\" \/>\n\t<meta property=\"og:image:type\" content=\"image\/jpeg\" \/>\n<meta name=\"author\" content=\"PJ\" \/>\n<meta name=\"twitter:card\" content=\"summary_large_image\" \/>\n<meta name=\"twitter:creator\" content=\"@speedtestpl\" \/>\n<meta name=\"twitter:site\" content=\"@speedtestpl\" \/>\n<meta name=\"twitter:label1\" content=\"Napisane przez\" \/>\n\t<meta name=\"twitter:data1\" content=\"PJ\" \/>\n\t<meta name=\"twitter:label2\" content=\"Szacowany czas czytania\" \/>\n\t<meta name=\"twitter:data2\" content=\"1 minuta\" \/>\n<script type=\"application\/ld+json\" class=\"yoast-schema-graph\">{\"@context\":\"https:\/\/schema.org\",\"@graph\":[{\"@type\":\"WebPage\",\"@id\":\"https:\/\/www.speedtest.pl\/wiadomosci\/5g\/orange-ericsson-testy-5g-27-ghz\/\",\"url\":\"https:\/\/www.speedtest.pl\/wiadomosci\/5g\/orange-ericsson-testy-5g-27-ghz\/\",\"name\":\"Orange wsp\u00f3lnie z Ericssonem startuje z testami 5G na 27 GHz - SpeedTest.pl Wiadomo\u015bci\",\"isPartOf\":{\"@id\":\"https:\/\/www.speedtest.pl\/wiadomosci\/#website\"},\"primaryImageOfPage\":{\"@id\":\"https:\/\/www.speedtest.pl\/wiadomosci\/5g\/orange-ericsson-testy-5g-27-ghz\/#primaryimage\"},\"image\":{\"@id\":\"https:\/\/www.speedtest.pl\/wiadomosci\/5g\/orange-ericsson-testy-5g-27-ghz\/#primaryimage\"},\"thumbnailUrl\":\"https:\/\/www.speedtest.pl\/wiadomosci\/wp-content\/uploads\/2018\/09\/5G-1.jpg\",\"datePublished\":\"2019-02-15T21:10:46+00:00\",\"dateModified\":\"2019-02-15T21:10:47+00:00\",\"author\":{\"@id\":\"https:\/\/www.speedtest.pl\/wiadomosci\/#\/schema\/person\/1e51a1178096c8851f7d3ab0575726e4\"},\"breadcrumb\":{\"@id\":\"https:\/\/www.speedtest.pl\/wiadomosci\/5g\/orange-ericsson-testy-5g-27-ghz\/#breadcrumb\"},\"inLanguage\":\"pl-PL\",\"potentialAction\":[{\"@type\":\"ReadAction\",\"target\":[\"https:\/\/www.speedtest.pl\/wiadomosci\/5g\/orange-ericsson-testy-5g-27-ghz\/\"]}]},{\"@type\":\"ImageObject\",\"inLanguage\":\"pl-PL\",\"@id\":\"https:\/\/www.speedtest.pl\/wiadomosci\/5g\/orange-ericsson-testy-5g-27-ghz\/#primaryimage\",\"url\":\"https:\/\/www.speedtest.pl\/wiadomosci\/wp-content\/uploads\/2018\/09\/5G-1.jpg\",\"contentUrl\":\"https:\/\/www.speedtest.pl\/wiadomosci\/wp-content\/uploads\/2018\/09\/5G-1.jpg\",\"width\":1024,\"height\":576,\"caption\":\"5G w Polsce\"},{\"@type\":\"BreadcrumbList\",\"@id\":\"https:\/\/www.speedtest.pl\/wiadomosci\/5g\/orange-ericsson-testy-5g-27-ghz\/#breadcrumb\",\"itemListElement\":[{\"@type\":\"ListItem\",\"position\":1,\"name\":\"Strona g\u0142\u00f3wna\",\"item\":\"https:\/\/www.speedtest.pl\/wiadomosci\/\"},{\"@type\":\"ListItem\",\"position\":2,\"name\":\"Orange wsp\u00f3lnie z Ericssonem startuje z testami 5G na 27 GHz\"}]},{\"@type\":\"WebSite\",\"@id\":\"https:\/\/www.speedtest.pl\/wiadomosci\/#website\",\"url\":\"https:\/\/www.speedtest.pl\/wiadomosci\/\",\"name\":\"SpeedTest.pl Wiadomo\u015bci\",\"description\":\"Rankingi ISP, newsy i opinie ze \u015bwiata IT, recenzje sprz\u0119tu, gry, motoryzacja\",\"potentialAction\":[{\"@type\":\"SearchAction\",\"target\":{\"@type\":\"EntryPoint\",\"urlTemplate\":\"https:\/\/www.speedtest.pl\/wiadomosci\/?s={search_term_string}\"},\"query-input\":{\"@type\":\"PropertyValueSpecification\",\"valueRequired\":true,\"valueName\":\"search_term_string\"}}],\"inLanguage\":\"pl-PL\"},{\"@type\":\"Person\",\"@id\":\"https:\/\/www.speedtest.pl\/wiadomosci\/#\/schema\/person\/1e51a1178096c8851f7d3ab0575726e4\",\"name\":\"PJ\",\"image\":{\"@type\":\"ImageObject\",\"inLanguage\":\"pl-PL\",\"@id\":\"https:\/\/www.speedtest.pl\/wiadomosci\/#\/schema\/person\/image\/\",\"url\":\"https:\/\/www.speedtest.pl\/wiadomosci\/wp-content\/uploads\/2018\/01\/AAEAAQAAAAAAAAk2AAAAJDNhNWRlODdhLWY3MjYtNGFjNC04MzY1LTI1Zjc4NmI4YmE0OQ-150x150.jpg\",\"contentUrl\":\"https:\/\/www.speedtest.pl\/wiadomosci\/wp-content\/uploads\/2018\/01\/AAEAAQAAAAAAAAk2AAAAJDNhNWRlODdhLWY3MjYtNGFjNC04MzY1LTI1Zjc4NmI4YmE0OQ-150x150.jpg\",\"caption\":\"PJ\"},\"description\":\"Przemek jest m\u00f3zgiem operacyjnym SpeedTest.pl. Studiowa\u0142 na Politechnice Wroc\u0142awskiej elektronik\u0119 i telekomunikacj\u0119. Zarz\u0105dza projektami IT, relacjami z klientami oraz nadzoruje procesy rozwoju. Prywatnie zaanga\u017cowany w rodzin\u0119, wsparcie r\u00f3\u017cnych dzia\u0142alno\u015bci charytatywnych i projekty ekstremalne.\",\"url\":\"https:\/\/www.speedtest.pl\/wiadomosci\/author\/przemek\/\"}]}<\/script>\n<!-- \/ Yoast SEO plugin. -->","yoast_head_json":{"title":"Orange wsp\u00f3lnie z Ericssonem startuje z testami 5G na 27 GHz - SpeedTest.pl Wiadomo\u015bci","robots":{"index":"index","follow":"follow","max-snippet":"max-snippet:-1","max-image-preview":"max-image-preview:large","max-video-preview":"max-video-preview:-1"},"canonical":"https:\/\/www.speedtest.pl\/wiadomosci\/5g\/orange-ericsson-testy-5g-27-ghz\/","og_locale":"pl_PL","og_type":"article","og_title":"Orange wsp\u00f3lnie z Ericssonem startuje z testami 5G na 27 GHz - SpeedTest.pl Wiadomo\u015bci","og_description":"5G w Polsce dopiero raczkuje. Do tej pory operatorzy sprawdzali, jak nowa technologia sprawuje si\u0119 w pa\u015bmie od 3,4 do 3,8 GHz. Z kolei Orange wystartowa\u0142o z testami 5G w pa\u015bmie milimetrowym 27 GHz. Testowe stacje bazowe dostarczy\u0142&#8230; Ericsson. Nowa generacja sieci kom\u00f3rkowych b\u0119dzie korzysta\u0107 z r\u00f3\u017cnych zakres\u00f3w cz\u0119stotliwo\u015bci. Pierwsze wdro\u017cenia 5G w Polsce b\u0119d\u0105 [&hellip;]","og_url":"https:\/\/www.speedtest.pl\/wiadomosci\/5g\/orange-ericsson-testy-5g-27-ghz\/","og_site_name":"SpeedTest.pl Wiadomo\u015bci","article_publisher":"https:\/\/www.facebook.com\/speedtestpl\/","article_published_time":"2019-02-15T21:10:46+00:00","article_modified_time":"2019-02-15T21:10:47+00:00","og_image":[{"width":1024,"height":576,"url":"https:\/\/www.speedtest.pl\/wiadomosci\/wp-content\/uploads\/2018\/09\/5G-1.jpg","type":"image\/jpeg"}],"author":"PJ","twitter_card":"summary_large_image","twitter_creator":"@speedtestpl","twitter_site":"@speedtestpl","twitter_misc":{"Napisane przez":"PJ","Szacowany czas czytania":"1 minuta"},"schema":{"@context":"https:\/\/schema.org","@graph":[{"@type":"WebPage","@id":"https:\/\/www.speedtest.pl\/wiadomosci\/5g\/orange-ericsson-testy-5g-27-ghz\/","url":"https:\/\/www.speedtest.pl\/wiadomosci\/5g\/orange-ericsson-testy-5g-27-ghz\/","name":"Orange wsp\u00f3lnie z Ericssonem startuje z testami 5G na 27 GHz - SpeedTest.pl Wiadomo\u015bci","isPartOf":{"@id":"https:\/\/www.speedtest.pl\/wiadomosci\/#website"},"primaryImageOfPage":{"@id":"https:\/\/www.speedtest.pl\/wiadomosci\/5g\/orange-ericsson-testy-5g-27-ghz\/#primaryimage"},"image":{"@id":"https:\/\/www.speedtest.pl\/wiadomosci\/5g\/orange-ericsson-testy-5g-27-ghz\/#primaryimage"},"thumbnailUrl":"https:\/\/www.speedtest.pl\/wiadomosci\/wp-content\/uploads\/2018\/09\/5G-1.jpg","datePublished":"2019-02-15T21:10:46+00:00","dateModified":"2019-02-15T21:10:47+00:00","author":{"@id":"https:\/\/www.speedtest.pl\/wiadomosci\/#\/schema\/person\/1e51a1178096c8851f7d3ab0575726e4"},"breadcrumb":{"@id":"https:\/\/www.speedtest.pl\/wiadomosci\/5g\/orange-ericsson-testy-5g-27-ghz\/#breadcrumb"},"inLanguage":"pl-PL","potentialAction":[{"@type":"ReadAction","target":["https:\/\/www.speedtest.pl\/wiadomosci\/5g\/orange-ericsson-testy-5g-27-ghz\/"]}]},{"@type":"ImageObject","inLanguage":"pl-PL","@id":"https:\/\/www.speedtest.pl\/wiadomosci\/5g\/orange-ericsson-testy-5g-27-ghz\/#primaryimage","url":"https:\/\/www.speedtest.pl\/wiadomosci\/wp-content\/uploads\/2018\/09\/5G-1.jpg","contentUrl":"https:\/\/www.speedtest.pl\/wiadomosci\/wp-content\/uploads\/2018\/09\/5G-1.jpg","width":1024,"height":576,"caption":"5G w Polsce"},{"@type":"BreadcrumbList","@id":"https:\/\/www.speedtest.pl\/wiadomosci\/5g\/orange-ericsson-testy-5g-27-ghz\/#breadcrumb","itemListElement":[{"@type":"ListItem","position":1,"name":"Strona g\u0142\u00f3wna","item":"https:\/\/www.speedtest.pl\/wiadomosci\/"},{"@type":"ListItem","position":2,"name":"Orange wsp\u00f3lnie z Ericssonem startuje z testami 5G na 27 GHz"}]},{"@type":"WebSite","@id":"https:\/\/www.speedtest.pl\/wiadomosci\/#website","url":"https:\/\/www.speedtest.pl\/wiadomosci\/","name":"SpeedTest.pl Wiadomo\u015bci","description":"Rankingi ISP, newsy i opinie ze \u015bwiata IT, recenzje sprz\u0119tu, gry, motoryzacja","potentialAction":[{"@type":"SearchAction","target":{"@type":"EntryPoint","urlTemplate":"https:\/\/www.speedtest.pl\/wiadomosci\/?s={search_term_string}"},"query-input":{"@type":"PropertyValueSpecification","valueRequired":true,"valueName":"search_term_string"}}],"inLanguage":"pl-PL"},{"@type":"Person","@id":"https:\/\/www.speedtest.pl\/wiadomosci\/#\/schema\/person\/1e51a1178096c8851f7d3ab0575726e4","name":"PJ","image":{"@type":"ImageObject","inLanguage":"pl-PL","@id":"https:\/\/www.speedtest.pl\/wiadomosci\/#\/schema\/person\/image\/","url":"https:\/\/www.speedtest.pl\/wiadomosci\/wp-content\/uploads\/2018\/01\/AAEAAQAAAAAAAAk2AAAAJDNhNWRlODdhLWY3MjYtNGFjNC04MzY1LTI1Zjc4NmI4YmE0OQ-150x150.jpg","contentUrl":"https:\/\/www.speedtest.pl\/wiadomosci\/wp-content\/uploads\/2018\/01\/AAEAAQAAAAAAAAk2AAAAJDNhNWRlODdhLWY3MjYtNGFjNC04MzY1LTI1Zjc4NmI4YmE0OQ-150x150.jpg","caption":"PJ"},"description":"Przemek jest m\u00f3zgiem operacyjnym SpeedTest.pl. Studiowa\u0142 na Politechnice Wroc\u0142awskiej elektronik\u0119 i telekomunikacj\u0119. Zarz\u0105dza projektami IT, relacjami z klientami oraz nadzoruje procesy rozwoju. Prywatnie zaanga\u017cowany w rodzin\u0119, wsparcie r\u00f3\u017cnych dzia\u0142alno\u015bci charytatywnych i projekty ekstremalne.","url":"https:\/\/www.speedtest.pl\/wiadomosci\/author\/przemek\/"}]}},"jetpack_featured_media_url":"https:\/\/www.speedtest.pl\/wiadomosci\/wp-content\/uploads\/2018\/09\/5G-1.jpg","jetpack_sharing_enabled":true,"jetpack_shortlink":"https:\/\/wp.me\/p85ce0-5A6","_links":{"self":[{"href":"https:\/\/www.speedtest.pl\/wiadomosci\/wp-json\/wp\/v2\/posts\/21458","targetHints":{"allow":["GET"]}}],"collection":[{"href":"https:\/\/www.speedtest.pl\/wiadomosci\/wp-json\/wp\/v2\/posts"}],"about":[{"href":"https:\/\/www.speedtest.pl\/wiadomosci\/wp-json\/wp\/v2\/types\/post"}],"author":[{"embeddable":true,"href":"https:\/\/www.speedtest.pl\/wiadomosci\/wp-json\/wp\/v2\/users\/12"}],"replies":[{"embeddable":true,"href":"https:\/\/www.speedtest.pl\/wiadomosci\/wp-json\/wp\/v2\/comments?post=21458"}],"version-history":[{"count":3,"href":"https:\/\/www.speedtest.pl\/wiadomosci\/wp-json\/wp\/v2\/posts\/21458\/revisions"}],"predecessor-version":[{"id":21871,"href":"https:\/\/www.speedtest.pl\/wiadomosci\/wp-json\/wp\/v2\/posts\/21458\/revisions\/21871"}],"wp:featuredmedia":[{"embeddable":true,"href":"https:\/\/www.speedtest.pl\/wiadomosci\/wp-json\/wp\/v2\/media\/18330"}],"wp:attachment":[{"href":"https:\/\/www.speedtest.pl\/wiadomosci\/wp-json\/wp\/v2\/media?parent=21458"}],"wp:term":[{"taxonomy":"category","embeddable":true,"href":"https:\/\/www.speedtest.pl\/wiadomosci\/wp-json\/wp\/v2\/categories?post=21458"},{"taxonomy":"post_tag","embeddable":true,"href":"https:\/\/www.speedtest.pl\/wiadomosci\/wp-json\/wp\/v2\/tags?post=21458"},{"taxonomy":"table_tags","embeddable":true,"href":"https:\/\/www.speedtest.pl\/wiadomosci\/wp-json\/wp\/v2\/table_tags?post=21458"}],"curies":[{"name":"wp","href":"https:\/\/api.w.org\/{rel}","templated":true}]}}