{"id":20882,"date":"2019-01-27T09:44:53","date_gmt":"2019-01-27T08:44:53","guid":{"rendered":"https:\/\/www.speedtest.pl\/wiadomosci\/?p=20882"},"modified":"2019-02-17T23:49:31","modified_gmt":"2019-02-17T22:49:31","slug":"ericsson-afera-huawei-5g-w-europie","status":"publish","type":"post","link":"https:\/\/www.speedtest.pl\/wiadomosci\/5g\/ericsson-afera-huawei-5g-w-europie\/","title":{"rendered":"Ericsson r\u00f3wnie\u017c uwa\u017ca, \u017ce afera z Huawei spowolni wdro\u017cenie 5G w Europie"},"content":{"rendered":"\n<p><strong>Mog\u0142oby si\u0119 wydawa\u0107, \u017ce afera zwi\u0105zana z podejrzeniami Huawei o szpiegowanie na rzecz chi\u0144skiej agencji wywiadowczej, jest na r\u0119k\u0119 konkurentom Chi\u0144skiego koncernu. Jednak dyrektor generalny Ericssona widzi w tym problem, kt\u00f3ry mo\u017ce op\u00f3\u017ani\u0107 wdro\u017cenie technologi 5G w Europie.<\/strong><\/p>\n\n\n\n<p>Rynek mobilnych sieci bezprzewodowych nale\u017cy do trzech g\u0142\u00f3wnych graczy. S\u0105 nimi Huawei, Ericsson oraz Nokia. Jednak \u017caden z producent\u00f3w nie ma znacz\u0105cej przewagi nad konkurentami. Huawei do tej pory radzi\u0142 sobie bardzo dobrze zar\u00f3wno na rynku europejskim, jak i azjatyckim. Jednak ostatnie doniesienia sprawi\u0142y, \u017ce zaanga\u017cowanie chi\u0144skiego koncernu w budow\u0119 europejskich sieci 5G stoi pod do\u015b\u0107 du\u017cym znakiem zapytania. <a href=\"https:\/\/www.speedtest.pl\/wiadomosci\/news\/abw-huawei-orange-uke-szpiegostwo\/\">Aresztowanie przez ABW by\u0142ego ju\u017c dyrektora sprzeda\u017cy Huawei w Polsce<\/a> jeszcze bardziej podgrza\u0142o atmosfer\u0119. Przez to europejscy operatorzy nie wiedz\u0105 co maj\u0105 robi\u0107. Zmartwienie to zauwa\u017cy\u0142 Borje Ekholm &#8211; CEO Ericssona.<\/p>\n\n\n\n<h2 class=\"wp-block-heading\">Afera z Huawei mo\u017ce zaszkodzi\u0107 ca\u0142emu rynkowi 5G<\/h2>\n\n\n\n<p>Problemy Huawei maj\u0105 negatywny wp\u0142yw nie tylko na kondycj\u0119 chi\u0144skiego koncernu, ale r\u00f3wnie\u017c na nastroje inwestycyjne operator\u00f3w telefonii kom\u00f3rkowej. Przyzna\u0142 to nawet szef Ericssona, kt\u00f3ry stacji CNBC powiedzia\u0142:<\/p>\n\n\n\n<blockquote class=\"td_quote_box td_box_center\">\n<p>&#8222;Teraz widzimy, \u017ce wszyscy operatorzy na ca\u0142ym \u015bwiecie zaczynaj\u0105 m\u00f3wi\u0107: &#8222;Dobra, co to znaczy?&#8221;, wi\u0119c stwarza to wiele niepewno\u015bci. Nie obserwujemy \u017cadnych zmian w naszych zam\u00f3wieniach, ale widzimy zmartwionych i zaniepokojonych klient\u00f3w. My\u015bl\u0119, \u017ce to nigdy nie jest dobre dla klimatu inwestycyjnego&#8221;.<\/p>\n<\/blockquote>\n\n\n\n<p>Operatorzy, kt\u00f3rzy aktualnie korzystaj\u0105 ze stacji bazowych Huawei, nie wiedz\u0105 co maj\u0105 robi\u0107. Pierwsze wdro\u017cenia sieci 5G b\u0119d\u0105 bazowa\u0107 na rozwi\u0105zaniu typu NSA (Non-Standalone). Oznacza to, \u017ce dane sygnalizacyjne b\u0119d\u0105 przesy\u0142ane przez infrastruktur\u0119 sieci 4G LTE. Natomiast dane u\u017cytkownik\u00f3w b\u0119d\u0105 pobierane i wysy\u0142ane za pomoc\u0105 element\u00f3w sieci 5G. W przypadku bana na sprz\u0119t 5G od Huawei operatorzy musieliby integrowa\u0107 stacje bazowe nowej generacji Ericssona lub Nokii z sieci\u0105 4G od Huawei. Aktualnie nie wiadomo, czy taka konfiguracja b\u0119dzie dzia\u0142a\u0107. Ewentualnie operatorzy musieliby wymieni\u0107 obecnie posiadany sprz\u0119tu Huawei na urz\u0105dzenia od innego z dostawc\u00f3w.<\/p>\n\n\n\n<p>Aktualnie \u017caden europejski kraj wprost nie zakaza\u0142 operatorom korzystania z urz\u0105dze\u0144 telekomunikacyjnych Huawei. Co najwy\u017cej pojawi\u0142y si\u0119 obawy zwi\u0105zane z bezpiecze\u0144stwem narodowym. Niestety nie wiemy jeszcze, w jakim stopniu s\u0105 one podyktowane kwestiami politycznymi, a jak bardzo dotycz\u0105 faktycznych kwestii technicznych. Do tej pory jedynie brytyjski operator Everything Everywhere przyzna\u0142, \u017ce obecnie dost\u0119pne urz\u0105dzenia 5G nie obs\u0142uguj\u0105 wszystkich funkcjonalno\u015bci zwi\u0105zanych z bezpiecze\u0144stwem. Jednak Chi\u0144czycy odpowiedzieli na ten zarzut deklaruj\u0105c jednocze\u015bnie znaczne inwestycje na rozw\u00f3j swojego sprz\u0119tu 5G pod k\u0105tem bezpiecze\u0144stwa, \u017ceby sprosta\u0107 wymogom stawianym przez brytyjskiego operatora.<\/p>\n\n\n\n<p>\u0179r\u00f3d\u0142o: <a href=\"https:\/\/www.rcrwireless.com\/20190123\/5g\/ericsson-says-5g-investment-could-behit-uncertainties-huawei\" rel=\"external nofollow\">RCR Wireless<\/a><\/p>\n","protected":false},"excerpt":{"rendered":"<p>Mog\u0142oby si\u0119 wydawa\u0107, \u017ce afera zwi\u0105zana z podejrzeniami Huawei o szpiegowanie na rzecz chi\u0144skiej agencji wywiadowczej, jest na r\u0119k\u0119 konkurentom Chi\u0144skiego koncernu. Jednak dyrektor generalny Ericssona widzi w tym problem, kt\u00f3ry mo\u017ce op\u00f3\u017ani\u0107 wdro\u017cenie technologi 5G w Europie. Rynek mobilnych sieci bezprzewodowych nale\u017cy do trzech g\u0142\u00f3wnych graczy. S\u0105 nimi Huawei, Ericsson oraz Nokia. Jednak \u017caden [&hellip;]<\/p>\n","protected":false},"author":12,"featured_media":20912,"comment_status":"closed","ping_status":"open","sticky":false,"template":"","format":"standard","meta":{"jetpack_post_was_ever_published":false,"_jetpack_newsletter_access":"","_jetpack_dont_email_post_to_subs":false,"_jetpack_newsletter_tier_id":0,"_jetpack_memberships_contains_paywalled_content":false,"_jetpack_memberships_contains_paid_content":false,"footnotes":"","jetpack_publicize_message":"#Ericsson widzi obawy operator\u00f3w zwi\u0105zane z afer\u0105 dot. #Huawei. Mo\u017ce spowolni\u0107 to wdro\u017cenie #5G w Europie.","jetpack_publicize_feature_enabled":true,"jetpack_social_post_already_shared":true,"jetpack_social_options":{"image_generator_settings":{"template":"highway","enabled":false},"version":2}},"categories":[2344,6],"tags":[143,4558,4627,4696,168,3330,2572,1619,27,2295],"table_tags":[],"class_list":["post-20882","post","type-post","status-publish","format-standard","has-post-thumbnail","hentry","category-5g","category-news","tag-5g","tag-abw","tag-afera","tag-afera-huawei","tag-bezpieczenstwo","tag-cyberbezpieczenstwo","tag-ericsson","tag-europa","tag-huawei","tag-szpiegowanie"],"jetpack_publicize_connections":[],"yoast_head":"<!-- This site is optimized with the Yoast SEO plugin v24.8.1 - https:\/\/yoast.com\/wordpress\/plugins\/seo\/ -->\n<title>Ericsson r\u00f3wnie\u017c uwa\u017ca, \u017ce afera z Huawei spowolni wdro\u017cenie 5G w Europie - SpeedTest.pl Wiadomo\u015bci<\/title>\n<meta name=\"robots\" content=\"index, follow, max-snippet:-1, max-image-preview:large, max-video-preview:-1\" \/>\n<link rel=\"canonical\" href=\"https:\/\/www.speedtest.pl\/wiadomosci\/5g\/ericsson-afera-huawei-5g-w-europie\/\" \/>\n<meta property=\"og:locale\" content=\"pl_PL\" \/>\n<meta property=\"og:type\" content=\"article\" \/>\n<meta property=\"og:title\" content=\"Ericsson r\u00f3wnie\u017c uwa\u017ca, \u017ce afera z Huawei spowolni wdro\u017cenie 5G w Europie - SpeedTest.pl Wiadomo\u015bci\" \/>\n<meta property=\"og:description\" content=\"Mog\u0142oby si\u0119 wydawa\u0107, \u017ce afera zwi\u0105zana z podejrzeniami Huawei o szpiegowanie na rzecz chi\u0144skiej agencji wywiadowczej, jest na r\u0119k\u0119 konkurentom Chi\u0144skiego koncernu. Jednak dyrektor generalny Ericssona widzi w tym problem, kt\u00f3ry mo\u017ce op\u00f3\u017ani\u0107 wdro\u017cenie technologi 5G w Europie. Rynek mobilnych sieci bezprzewodowych nale\u017cy do trzech g\u0142\u00f3wnych graczy. S\u0105 nimi Huawei, Ericsson oraz Nokia. Jednak \u017caden [&hellip;]\" \/>\n<meta property=\"og:url\" content=\"https:\/\/www.speedtest.pl\/wiadomosci\/5g\/ericsson-afera-huawei-5g-w-europie\/\" \/>\n<meta property=\"og:site_name\" content=\"SpeedTest.pl Wiadomo\u015bci\" \/>\n<meta property=\"article:publisher\" content=\"https:\/\/www.facebook.com\/speedtestpl\/\" \/>\n<meta property=\"article:published_time\" content=\"2019-01-27T08:44:53+00:00\" \/>\n<meta property=\"article:modified_time\" content=\"2019-02-17T22:49:31+00:00\" \/>\n<meta property=\"og:image\" content=\"https:\/\/www.speedtest.pl\/wiadomosci\/wp-content\/uploads\/2019\/01\/Ericsson.jpg\" \/>\n\t<meta property=\"og:image:width\" content=\"1024\" \/>\n\t<meta property=\"og:image:height\" content=\"576\" \/>\n\t<meta property=\"og:image:type\" content=\"image\/jpeg\" \/>\n<meta name=\"author\" content=\"PJ\" \/>\n<meta name=\"twitter:card\" content=\"summary_large_image\" \/>\n<meta name=\"twitter:creator\" content=\"@speedtestpl\" \/>\n<meta name=\"twitter:site\" content=\"@speedtestpl\" \/>\n<meta name=\"twitter:label1\" content=\"Napisane przez\" \/>\n\t<meta name=\"twitter:data1\" content=\"PJ\" \/>\n\t<meta name=\"twitter:label2\" content=\"Szacowany czas czytania\" \/>\n\t<meta name=\"twitter:data2\" content=\"2 minuty\" \/>\n<script type=\"application\/ld+json\" class=\"yoast-schema-graph\">{\"@context\":\"https:\/\/schema.org\",\"@graph\":[{\"@type\":\"WebPage\",\"@id\":\"https:\/\/www.speedtest.pl\/wiadomosci\/5g\/ericsson-afera-huawei-5g-w-europie\/\",\"url\":\"https:\/\/www.speedtest.pl\/wiadomosci\/5g\/ericsson-afera-huawei-5g-w-europie\/\",\"name\":\"Ericsson r\u00f3wnie\u017c uwa\u017ca, \u017ce afera z Huawei spowolni wdro\u017cenie 5G w Europie - SpeedTest.pl Wiadomo\u015bci\",\"isPartOf\":{\"@id\":\"https:\/\/www.speedtest.pl\/wiadomosci\/#website\"},\"primaryImageOfPage\":{\"@id\":\"https:\/\/www.speedtest.pl\/wiadomosci\/5g\/ericsson-afera-huawei-5g-w-europie\/#primaryimage\"},\"image\":{\"@id\":\"https:\/\/www.speedtest.pl\/wiadomosci\/5g\/ericsson-afera-huawei-5g-w-europie\/#primaryimage\"},\"thumbnailUrl\":\"https:\/\/www.speedtest.pl\/wiadomosci\/wp-content\/uploads\/2019\/01\/Ericsson.jpg\",\"datePublished\":\"2019-01-27T08:44:53+00:00\",\"dateModified\":\"2019-02-17T22:49:31+00:00\",\"author\":{\"@id\":\"https:\/\/www.speedtest.pl\/wiadomosci\/#\/schema\/person\/1e51a1178096c8851f7d3ab0575726e4\"},\"breadcrumb\":{\"@id\":\"https:\/\/www.speedtest.pl\/wiadomosci\/5g\/ericsson-afera-huawei-5g-w-europie\/#breadcrumb\"},\"inLanguage\":\"pl-PL\",\"potentialAction\":[{\"@type\":\"ReadAction\",\"target\":[\"https:\/\/www.speedtest.pl\/wiadomosci\/5g\/ericsson-afera-huawei-5g-w-europie\/\"]}]},{\"@type\":\"ImageObject\",\"inLanguage\":\"pl-PL\",\"@id\":\"https:\/\/www.speedtest.pl\/wiadomosci\/5g\/ericsson-afera-huawei-5g-w-europie\/#primaryimage\",\"url\":\"https:\/\/www.speedtest.pl\/wiadomosci\/wp-content\/uploads\/2019\/01\/Ericsson.jpg\",\"contentUrl\":\"https:\/\/www.speedtest.pl\/wiadomosci\/wp-content\/uploads\/2019\/01\/Ericsson.jpg\",\"width\":1024,\"height\":576,\"caption\":\"Ericsson\"},{\"@type\":\"BreadcrumbList\",\"@id\":\"https:\/\/www.speedtest.pl\/wiadomosci\/5g\/ericsson-afera-huawei-5g-w-europie\/#breadcrumb\",\"itemListElement\":[{\"@type\":\"ListItem\",\"position\":1,\"name\":\"Strona g\u0142\u00f3wna\",\"item\":\"https:\/\/www.speedtest.pl\/wiadomosci\/\"},{\"@type\":\"ListItem\",\"position\":2,\"name\":\"Ericsson r\u00f3wnie\u017c uwa\u017ca, \u017ce afera z Huawei spowolni wdro\u017cenie 5G w Europie\"}]},{\"@type\":\"WebSite\",\"@id\":\"https:\/\/www.speedtest.pl\/wiadomosci\/#website\",\"url\":\"https:\/\/www.speedtest.pl\/wiadomosci\/\",\"name\":\"SpeedTest.pl Wiadomo\u015bci\",\"description\":\"Rankingi ISP, newsy i opinie ze \u015bwiata IT, recenzje sprz\u0119tu, gry, motoryzacja\",\"potentialAction\":[{\"@type\":\"SearchAction\",\"target\":{\"@type\":\"EntryPoint\",\"urlTemplate\":\"https:\/\/www.speedtest.pl\/wiadomosci\/?s={search_term_string}\"},\"query-input\":{\"@type\":\"PropertyValueSpecification\",\"valueRequired\":true,\"valueName\":\"search_term_string\"}}],\"inLanguage\":\"pl-PL\"},{\"@type\":\"Person\",\"@id\":\"https:\/\/www.speedtest.pl\/wiadomosci\/#\/schema\/person\/1e51a1178096c8851f7d3ab0575726e4\",\"name\":\"PJ\",\"image\":{\"@type\":\"ImageObject\",\"inLanguage\":\"pl-PL\",\"@id\":\"https:\/\/www.speedtest.pl\/wiadomosci\/#\/schema\/person\/image\/\",\"url\":\"https:\/\/www.speedtest.pl\/wiadomosci\/wp-content\/uploads\/2018\/01\/AAEAAQAAAAAAAAk2AAAAJDNhNWRlODdhLWY3MjYtNGFjNC04MzY1LTI1Zjc4NmI4YmE0OQ-150x150.jpg\",\"contentUrl\":\"https:\/\/www.speedtest.pl\/wiadomosci\/wp-content\/uploads\/2018\/01\/AAEAAQAAAAAAAAk2AAAAJDNhNWRlODdhLWY3MjYtNGFjNC04MzY1LTI1Zjc4NmI4YmE0OQ-150x150.jpg\",\"caption\":\"PJ\"},\"description\":\"Przemek jest m\u00f3zgiem operacyjnym SpeedTest.pl. Studiowa\u0142 na Politechnice Wroc\u0142awskiej elektronik\u0119 i telekomunikacj\u0119. Zarz\u0105dza projektami IT, relacjami z klientami oraz nadzoruje procesy rozwoju. Prywatnie zaanga\u017cowany w rodzin\u0119, wsparcie r\u00f3\u017cnych dzia\u0142alno\u015bci charytatywnych i projekty ekstremalne.\",\"url\":\"https:\/\/www.speedtest.pl\/wiadomosci\/author\/przemek\/\"}]}<\/script>\n<!-- \/ Yoast SEO plugin. -->","yoast_head_json":{"title":"Ericsson r\u00f3wnie\u017c uwa\u017ca, \u017ce afera z Huawei spowolni wdro\u017cenie 5G w Europie - SpeedTest.pl Wiadomo\u015bci","robots":{"index":"index","follow":"follow","max-snippet":"max-snippet:-1","max-image-preview":"max-image-preview:large","max-video-preview":"max-video-preview:-1"},"canonical":"https:\/\/www.speedtest.pl\/wiadomosci\/5g\/ericsson-afera-huawei-5g-w-europie\/","og_locale":"pl_PL","og_type":"article","og_title":"Ericsson r\u00f3wnie\u017c uwa\u017ca, \u017ce afera z Huawei spowolni wdro\u017cenie 5G w Europie - SpeedTest.pl Wiadomo\u015bci","og_description":"Mog\u0142oby si\u0119 wydawa\u0107, \u017ce afera zwi\u0105zana z podejrzeniami Huawei o szpiegowanie na rzecz chi\u0144skiej agencji wywiadowczej, jest na r\u0119k\u0119 konkurentom Chi\u0144skiego koncernu. Jednak dyrektor generalny Ericssona widzi w tym problem, kt\u00f3ry mo\u017ce op\u00f3\u017ani\u0107 wdro\u017cenie technologi 5G w Europie. Rynek mobilnych sieci bezprzewodowych nale\u017cy do trzech g\u0142\u00f3wnych graczy. S\u0105 nimi Huawei, Ericsson oraz Nokia. Jednak \u017caden [&hellip;]","og_url":"https:\/\/www.speedtest.pl\/wiadomosci\/5g\/ericsson-afera-huawei-5g-w-europie\/","og_site_name":"SpeedTest.pl Wiadomo\u015bci","article_publisher":"https:\/\/www.facebook.com\/speedtestpl\/","article_published_time":"2019-01-27T08:44:53+00:00","article_modified_time":"2019-02-17T22:49:31+00:00","og_image":[{"width":1024,"height":576,"url":"https:\/\/www.speedtest.pl\/wiadomosci\/wp-content\/uploads\/2019\/01\/Ericsson.jpg","type":"image\/jpeg"}],"author":"PJ","twitter_card":"summary_large_image","twitter_creator":"@speedtestpl","twitter_site":"@speedtestpl","twitter_misc":{"Napisane przez":"PJ","Szacowany czas czytania":"2 minuty"},"schema":{"@context":"https:\/\/schema.org","@graph":[{"@type":"WebPage","@id":"https:\/\/www.speedtest.pl\/wiadomosci\/5g\/ericsson-afera-huawei-5g-w-europie\/","url":"https:\/\/www.speedtest.pl\/wiadomosci\/5g\/ericsson-afera-huawei-5g-w-europie\/","name":"Ericsson r\u00f3wnie\u017c uwa\u017ca, \u017ce afera z Huawei spowolni wdro\u017cenie 5G w Europie - SpeedTest.pl Wiadomo\u015bci","isPartOf":{"@id":"https:\/\/www.speedtest.pl\/wiadomosci\/#website"},"primaryImageOfPage":{"@id":"https:\/\/www.speedtest.pl\/wiadomosci\/5g\/ericsson-afera-huawei-5g-w-europie\/#primaryimage"},"image":{"@id":"https:\/\/www.speedtest.pl\/wiadomosci\/5g\/ericsson-afera-huawei-5g-w-europie\/#primaryimage"},"thumbnailUrl":"https:\/\/www.speedtest.pl\/wiadomosci\/wp-content\/uploads\/2019\/01\/Ericsson.jpg","datePublished":"2019-01-27T08:44:53+00:00","dateModified":"2019-02-17T22:49:31+00:00","author":{"@id":"https:\/\/www.speedtest.pl\/wiadomosci\/#\/schema\/person\/1e51a1178096c8851f7d3ab0575726e4"},"breadcrumb":{"@id":"https:\/\/www.speedtest.pl\/wiadomosci\/5g\/ericsson-afera-huawei-5g-w-europie\/#breadcrumb"},"inLanguage":"pl-PL","potentialAction":[{"@type":"ReadAction","target":["https:\/\/www.speedtest.pl\/wiadomosci\/5g\/ericsson-afera-huawei-5g-w-europie\/"]}]},{"@type":"ImageObject","inLanguage":"pl-PL","@id":"https:\/\/www.speedtest.pl\/wiadomosci\/5g\/ericsson-afera-huawei-5g-w-europie\/#primaryimage","url":"https:\/\/www.speedtest.pl\/wiadomosci\/wp-content\/uploads\/2019\/01\/Ericsson.jpg","contentUrl":"https:\/\/www.speedtest.pl\/wiadomosci\/wp-content\/uploads\/2019\/01\/Ericsson.jpg","width":1024,"height":576,"caption":"Ericsson"},{"@type":"BreadcrumbList","@id":"https:\/\/www.speedtest.pl\/wiadomosci\/5g\/ericsson-afera-huawei-5g-w-europie\/#breadcrumb","itemListElement":[{"@type":"ListItem","position":1,"name":"Strona g\u0142\u00f3wna","item":"https:\/\/www.speedtest.pl\/wiadomosci\/"},{"@type":"ListItem","position":2,"name":"Ericsson r\u00f3wnie\u017c uwa\u017ca, \u017ce afera z Huawei spowolni wdro\u017cenie 5G w Europie"}]},{"@type":"WebSite","@id":"https:\/\/www.speedtest.pl\/wiadomosci\/#website","url":"https:\/\/www.speedtest.pl\/wiadomosci\/","name":"SpeedTest.pl Wiadomo\u015bci","description":"Rankingi ISP, newsy i opinie ze \u015bwiata IT, recenzje sprz\u0119tu, gry, motoryzacja","potentialAction":[{"@type":"SearchAction","target":{"@type":"EntryPoint","urlTemplate":"https:\/\/www.speedtest.pl\/wiadomosci\/?s={search_term_string}"},"query-input":{"@type":"PropertyValueSpecification","valueRequired":true,"valueName":"search_term_string"}}],"inLanguage":"pl-PL"},{"@type":"Person","@id":"https:\/\/www.speedtest.pl\/wiadomosci\/#\/schema\/person\/1e51a1178096c8851f7d3ab0575726e4","name":"PJ","image":{"@type":"ImageObject","inLanguage":"pl-PL","@id":"https:\/\/www.speedtest.pl\/wiadomosci\/#\/schema\/person\/image\/","url":"https:\/\/www.speedtest.pl\/wiadomosci\/wp-content\/uploads\/2018\/01\/AAEAAQAAAAAAAAk2AAAAJDNhNWRlODdhLWY3MjYtNGFjNC04MzY1LTI1Zjc4NmI4YmE0OQ-150x150.jpg","contentUrl":"https:\/\/www.speedtest.pl\/wiadomosci\/wp-content\/uploads\/2018\/01\/AAEAAQAAAAAAAAk2AAAAJDNhNWRlODdhLWY3MjYtNGFjNC04MzY1LTI1Zjc4NmI4YmE0OQ-150x150.jpg","caption":"PJ"},"description":"Przemek jest m\u00f3zgiem operacyjnym SpeedTest.pl. Studiowa\u0142 na Politechnice Wroc\u0142awskiej elektronik\u0119 i telekomunikacj\u0119. Zarz\u0105dza projektami IT, relacjami z klientami oraz nadzoruje procesy rozwoju. Prywatnie zaanga\u017cowany w rodzin\u0119, wsparcie r\u00f3\u017cnych dzia\u0142alno\u015bci charytatywnych i projekty ekstremalne.","url":"https:\/\/www.speedtest.pl\/wiadomosci\/author\/przemek\/"}]}},"jetpack_featured_media_url":"https:\/\/www.speedtest.pl\/wiadomosci\/wp-content\/uploads\/2019\/01\/Ericsson.jpg","jetpack_sharing_enabled":true,"jetpack_shortlink":"https:\/\/wp.me\/p85ce0-5qO","_links":{"self":[{"href":"https:\/\/www.speedtest.pl\/wiadomosci\/wp-json\/wp\/v2\/posts\/20882","targetHints":{"allow":["GET"]}}],"collection":[{"href":"https:\/\/www.speedtest.pl\/wiadomosci\/wp-json\/wp\/v2\/posts"}],"about":[{"href":"https:\/\/www.speedtest.pl\/wiadomosci\/wp-json\/wp\/v2\/types\/post"}],"author":[{"embeddable":true,"href":"https:\/\/www.speedtest.pl\/wiadomosci\/wp-json\/wp\/v2\/users\/12"}],"replies":[{"embeddable":true,"href":"https:\/\/www.speedtest.pl\/wiadomosci\/wp-json\/wp\/v2\/comments?post=20882"}],"version-history":[{"count":5,"href":"https:\/\/www.speedtest.pl\/wiadomosci\/wp-json\/wp\/v2\/posts\/20882\/revisions"}],"predecessor-version":[{"id":20911,"href":"https:\/\/www.speedtest.pl\/wiadomosci\/wp-json\/wp\/v2\/posts\/20882\/revisions\/20911"}],"wp:featuredmedia":[{"embeddable":true,"href":"https:\/\/www.speedtest.pl\/wiadomosci\/wp-json\/wp\/v2\/media\/20912"}],"wp:attachment":[{"href":"https:\/\/www.speedtest.pl\/wiadomosci\/wp-json\/wp\/v2\/media?parent=20882"}],"wp:term":[{"taxonomy":"category","embeddable":true,"href":"https:\/\/www.speedtest.pl\/wiadomosci\/wp-json\/wp\/v2\/categories?post=20882"},{"taxonomy":"post_tag","embeddable":true,"href":"https:\/\/www.speedtest.pl\/wiadomosci\/wp-json\/wp\/v2\/tags?post=20882"},{"taxonomy":"table_tags","embeddable":true,"href":"https:\/\/www.speedtest.pl\/wiadomosci\/wp-json\/wp\/v2\/table_tags?post=20882"}],"curies":[{"name":"wp","href":"https:\/\/api.w.org\/{rel}","templated":true}]}}