{"id":20479,"date":"2019-01-13T17:50:39","date_gmt":"2019-01-13T16:50:39","guid":{"rendered":"https:\/\/www.speedtest.pl\/wiadomosci\/?p=20479"},"modified":"2019-01-13T18:17:45","modified_gmt":"2019-01-13T17:17:45","slug":"polska-przydzial-pasma-700-mhz","status":"publish","type":"post","link":"https:\/\/www.speedtest.pl\/wiadomosci\/5g\/polska-przydzial-pasma-700-mhz\/","title":{"rendered":"Polska chce op\u00f3\u017anienia przydzia\u0142u pasma 700 MHz dla sieci mobilnych (w tym 5G)"},"content":{"rendered":"\n<p><strong>Pasmo 700 MHz ma by\u0107 nowym zakresem cz\u0119stotliwo\u015bci, kt\u00f3ry pozwoli operatorom na budow\u0119 sieci 5G o og\u00f3lnokrajowym zasi\u0119gu. Aktualnie s\u0105 one u\u017cywane przez nadajniki telewizji naziemnej i mia\u0142y zosta\u0107 zwolnione na potrzeby sieci mobilnych do 30 czerwca 2020 roku. Jednak Polska nie zd\u0105\u017cy do tego czasu, wi\u0119c nasi urz\u0119dnicy wyst\u0105pili o przesuni\u0119cie tego terminu o 2 lata, czyli do ko\u0144ca czerwca 2022 roku.<\/strong><\/p>\n\n\n\n<p>Polscy politycy s\u0105 bardzo przychylni wszelkim inicjatywom, kt\u00f3re maj\u0105 na celu przyspieszenie wdro\u017cenie sieci 5G. Jedn\u0105 z nich jest zmiana celu zagospodarowania tzw. pasma 700 MHz, czyli cz\u0119stotliwo\u015bci od 694 MHz do 790 MHz. Unia przyj\u0119\u0142a, \u017ce do 30 czerwca 2020 roku cz\u0119stotliwo\u015bci te <a href=\"https:\/\/www.speedtest.pl\/wiadomosci\/internet-mobilny\/5g-ma-dzialac-w-europie-na-pasmie-700-mhz-juz-w-2020-roku\/\">zostan\u0105 przeznaczone na potrzeby sieci 5G<\/a>. Oznacza to, \u017ce regulatorzy rynku (w naszym przypadku jest to UKE) musz\u0105 zadba\u0107 o przeniesienie nadawc\u00f3w telewizyjnych na inne pasma. Przy czym problem polega na tym, \u017ce nadajniki telewizyjne charakteryzuj\u0105 si\u0119 bardzo dalekimi zasi\u0119gami zak\u0142\u00f3ceniowymi, kt\u00f3re do\u015b\u0107 znacznie przekraczaj\u0105 granice danych pa\u0144stw. W przypadku Polski problem stanowi\u0105 rosyjskie stacje telewizyjne.<\/p>\n\n\n\n<figure class=\"wp-block-embed-youtube wp-block-embed is-type-video is-provider-youtube wp-embed-aspect-16-9 wp-has-aspect-ratio\"><div class=\"wp-block-embed__wrapper\">\n<iframe loading=\"lazy\" title=\"5g Implementation\" width=\"696\" height=\"392\" src=\"https:\/\/www.youtube.com\/embed\/TYwD07cfN2I?feature=oembed\" frameborder=\"0\" allow=\"accelerometer; autoplay; clipboard-write; encrypted-media; gyroscope; picture-in-picture; web-share\" referrerpolicy=\"strict-origin-when-cross-origin\" allowfullscreen><\/iframe>\n<\/div><\/figure>\n\n\n\n<h2 class=\"wp-block-heading\">Pasmo 700 MHz nie jest niezb\u0119dne dla pierwszych wdro\u017ce\u0144 5G w Polsce<\/h2>\n\n\n\n<p>Na szcz\u0119\u015bcie polscy operatorzy nie wi\u0105\u017c\u0105 tematu pasma 700 MHz z uruchomieniem pierwszych sieci 5G. Jednak wszyscy rozumiej\u0105 (tj. telekomy i politycy), \u017ce jest ono niezb\u0119dne do zapewnienia 100% pokrycia Polski. Na szcz\u0119\u015bcie przyj\u0119te w 2016 roku porozumienie przewidzia\u0142o mo\u017cliwo\u015b\u0107 przesuni\u0119cia terminu przydzia\u0142u cz\u0119stotliwo\u015bci z zakresu 694 &#8211; 790 MHz. Kraje cz\u0142onkowskie mog\u0105 skorzysta\u0107 z tej mo\u017cliwo\u015bci w dw\u00f3ch przypadkach. Pierwszy z nich dotyczy przed\u0142u\u017cania si\u0119 procesu przenoszenia nadawc\u00f3w telewizyjnych na inne cz\u0119stotliwo\u015bci. Z tym w Polsce nie ma wi\u0119kszych problem\u00f3w. Reguluje to przyj\u0119ta niedawno nowelizacja Prawa telekomunikacyjnego.<\/p>\n\n\n\n<figure class=\"wp-block-image\"><img loading=\"lazy\" decoding=\"async\" width=\"1000\" height=\"563\" src=\"https:\/\/www.speedtest.pl\/wiadomosci\/wp-content\/uploads\/2019\/01\/700-MHz-problem.jpg\" alt=\"700 MHz interferencje\" class=\"wp-image-20521\" srcset=\"https:\/\/www.speedtest.pl\/wiadomosci\/wp-content\/uploads\/2019\/01\/700-MHz-problem.jpg 1000w, https:\/\/www.speedtest.pl\/wiadomosci\/wp-content\/uploads\/2019\/01\/700-MHz-problem-300x169.jpg 300w, https:\/\/www.speedtest.pl\/wiadomosci\/wp-content\/uploads\/2019\/01\/700-MHz-problem-768x432.jpg 768w, https:\/\/www.speedtest.pl\/wiadomosci\/wp-content\/uploads\/2019\/01\/700-MHz-problem-696x392.jpg 696w, https:\/\/www.speedtest.pl\/wiadomosci\/wp-content\/uploads\/2019\/01\/700-MHz-problem-746x420.jpg 746w\" sizes=\"auto, (max-width: 1000px) 100vw, 1000px\" \/><\/figure>\n\n\n\n<p>Drugi przypadek dotyczy problem\u00f3w z mi\u0119dzynarodow\u0105 koordynacj\u0105 pasma. W naszym przypadku s\u0105 to wyzwania dotycz\u0105ce <a href=\"https:\/\/www.speedtest.pl\/wiadomosci\/5g\/5g-zaklocenia-rosja\/\">uzgodnie\u0144 z Rosj\u0105<\/a>. Nasi s\u0105siedzi jeszcze przez d\u0142ugi czas mog\u0105 wykorzystywa\u0107 pasmo 700 MHz do innych zastosowa\u0144 ni\u017c sieci mobilne. Przyj\u0119ty niedawno Europejski Kodeks \u0141\u0105czno\u015bci daje mo\u017cliwo\u015b\u0107 uzyskania przez pa\u0144stwo cz\u0142onkowskie dyplomatycznego wsparcia ze strony Unii podczas rozm\u00f3w nt. koordynacji mi\u0119dzynarodowej pasma radiowego. Jednak nie wiemy, czy rozwi\u0105zanie to oka\u017ce si\u0119 skutecznie i Polska rozwi\u0105\u017ce &#8222;konflikt radiowych&#8221; z Rosj\u0105.<\/p>\n\n\n\n<p>\u0179r\u00f3d\u0142o: <a href=\"https:\/\/www.telko.in\/polska-wniosla-o-odroczenie-terminu-na-przydzial-700-mhz\" rel=\"external nofollow\">Telko.in<\/a><\/p>\n","protected":false},"excerpt":{"rendered":"<p>Pasmo 700 MHz ma by\u0107 nowym zakresem cz\u0119stotliwo\u015bci, kt\u00f3ry pozwoli operatorom na budow\u0119 sieci 5G o og\u00f3lnokrajowym zasi\u0119gu. Aktualnie s\u0105 one u\u017cywane przez nadajniki telewizji naziemnej i mia\u0142y zosta\u0107 zwolnione na potrzeby sieci mobilnych do 30 czerwca 2020 roku. Jednak Polska nie zd\u0105\u017cy do tego czasu, wi\u0119c nasi urz\u0119dnicy wyst\u0105pili o przesuni\u0119cie tego terminu o [&hellip;]<\/p>\n","protected":false},"author":12,"featured_media":14202,"comment_status":"closed","ping_status":"open","sticky":false,"template":"","format":"standard","meta":{"jetpack_post_was_ever_published":false,"_jetpack_newsletter_access":"","_jetpack_dont_email_post_to_subs":false,"_jetpack_newsletter_tier_id":0,"_jetpack_memberships_contains_paywalled_content":false,"_jetpack_memberships_contains_paid_content":false,"footnotes":"","jetpack_publicize_message":"#Polska chce op\u00f3\u017ani\u0107 przydzia\u0142 pasma 700 MHz dla sieci #5G o 2 lata.","jetpack_publicize_feature_enabled":true,"jetpack_social_post_already_shared":true,"jetpack_social_options":{"image_generator_settings":{"template":"highway","enabled":false},"version":2}},"categories":[2344,57],"tags":[143,1862,2425,19,651,818],"table_tags":[],"class_list":["post-20479","post","type-post","status-publish","format-standard","has-post-thumbnail","hentry","category-5g","category-internet-mobilny","tag-5g","tag-700-mhz","tag-czestotliwosc","tag-pasmo","tag-rosja","tag-uke"],"jetpack_publicize_connections":[],"yoast_head":"<!-- This site is optimized with the Yoast SEO plugin v24.8.1 - https:\/\/yoast.com\/wordpress\/plugins\/seo\/ -->\n<title>Polska chce op\u00f3\u017anienia przydzia\u0142u pasma 700 MHz dla sieci mobilnych (w tym 5G) - SpeedTest.pl Wiadomo\u015bci<\/title>\n<meta name=\"robots\" content=\"index, follow, max-snippet:-1, max-image-preview:large, max-video-preview:-1\" \/>\n<link rel=\"canonical\" href=\"https:\/\/www.speedtest.pl\/wiadomosci\/5g\/polska-przydzial-pasma-700-mhz\/\" \/>\n<meta property=\"og:locale\" content=\"pl_PL\" \/>\n<meta property=\"og:type\" content=\"article\" \/>\n<meta property=\"og:title\" content=\"Polska chce op\u00f3\u017anienia przydzia\u0142u pasma 700 MHz dla sieci mobilnych (w tym 5G) - SpeedTest.pl Wiadomo\u015bci\" \/>\n<meta property=\"og:description\" content=\"Pasmo 700 MHz ma by\u0107 nowym zakresem cz\u0119stotliwo\u015bci, kt\u00f3ry pozwoli operatorom na budow\u0119 sieci 5G o og\u00f3lnokrajowym zasi\u0119gu. Aktualnie s\u0105 one u\u017cywane przez nadajniki telewizji naziemnej i mia\u0142y zosta\u0107 zwolnione na potrzeby sieci mobilnych do 30 czerwca 2020 roku. Jednak Polska nie zd\u0105\u017cy do tego czasu, wi\u0119c nasi urz\u0119dnicy wyst\u0105pili o przesuni\u0119cie tego terminu o [&hellip;]\" \/>\n<meta property=\"og:url\" content=\"https:\/\/www.speedtest.pl\/wiadomosci\/5g\/polska-przydzial-pasma-700-mhz\/\" \/>\n<meta property=\"og:site_name\" content=\"SpeedTest.pl Wiadomo\u015bci\" \/>\n<meta property=\"article:publisher\" content=\"https:\/\/www.facebook.com\/speedtestpl\/\" \/>\n<meta property=\"article:published_time\" content=\"2019-01-13T16:50:39+00:00\" \/>\n<meta property=\"article:modified_time\" content=\"2019-01-13T17:17:45+00:00\" \/>\n<meta property=\"og:image\" content=\"https:\/\/www.speedtest.pl\/wiadomosci\/wp-content\/uploads\/2018\/03\/stacja-bazowe.jpg\" \/>\n\t<meta property=\"og:image:width\" content=\"1024\" \/>\n\t<meta property=\"og:image:height\" content=\"576\" \/>\n\t<meta property=\"og:image:type\" content=\"image\/jpeg\" \/>\n<meta name=\"author\" content=\"PJ\" \/>\n<meta name=\"twitter:card\" content=\"summary_large_image\" \/>\n<meta name=\"twitter:creator\" content=\"@speedtestpl\" \/>\n<meta name=\"twitter:site\" content=\"@speedtestpl\" \/>\n<meta name=\"twitter:label1\" content=\"Napisane przez\" \/>\n\t<meta name=\"twitter:data1\" content=\"PJ\" \/>\n\t<meta name=\"twitter:label2\" content=\"Szacowany czas czytania\" \/>\n\t<meta name=\"twitter:data2\" content=\"2 minuty\" \/>\n<script type=\"application\/ld+json\" class=\"yoast-schema-graph\">{\"@context\":\"https:\/\/schema.org\",\"@graph\":[{\"@type\":\"WebPage\",\"@id\":\"https:\/\/www.speedtest.pl\/wiadomosci\/5g\/polska-przydzial-pasma-700-mhz\/\",\"url\":\"https:\/\/www.speedtest.pl\/wiadomosci\/5g\/polska-przydzial-pasma-700-mhz\/\",\"name\":\"Polska chce op\u00f3\u017anienia przydzia\u0142u pasma 700 MHz dla sieci mobilnych (w tym 5G) - SpeedTest.pl Wiadomo\u015bci\",\"isPartOf\":{\"@id\":\"https:\/\/www.speedtest.pl\/wiadomosci\/#website\"},\"primaryImageOfPage\":{\"@id\":\"https:\/\/www.speedtest.pl\/wiadomosci\/5g\/polska-przydzial-pasma-700-mhz\/#primaryimage\"},\"image\":{\"@id\":\"https:\/\/www.speedtest.pl\/wiadomosci\/5g\/polska-przydzial-pasma-700-mhz\/#primaryimage\"},\"thumbnailUrl\":\"https:\/\/www.speedtest.pl\/wiadomosci\/wp-content\/uploads\/2018\/03\/stacja-bazowe.jpg\",\"datePublished\":\"2019-01-13T16:50:39+00:00\",\"dateModified\":\"2019-01-13T17:17:45+00:00\",\"author\":{\"@id\":\"https:\/\/www.speedtest.pl\/wiadomosci\/#\/schema\/person\/1e51a1178096c8851f7d3ab0575726e4\"},\"breadcrumb\":{\"@id\":\"https:\/\/www.speedtest.pl\/wiadomosci\/5g\/polska-przydzial-pasma-700-mhz\/#breadcrumb\"},\"inLanguage\":\"pl-PL\",\"potentialAction\":[{\"@type\":\"ReadAction\",\"target\":[\"https:\/\/www.speedtest.pl\/wiadomosci\/5g\/polska-przydzial-pasma-700-mhz\/\"]}]},{\"@type\":\"ImageObject\",\"inLanguage\":\"pl-PL\",\"@id\":\"https:\/\/www.speedtest.pl\/wiadomosci\/5g\/polska-przydzial-pasma-700-mhz\/#primaryimage\",\"url\":\"https:\/\/www.speedtest.pl\/wiadomosci\/wp-content\/uploads\/2018\/03\/stacja-bazowe.jpg\",\"contentUrl\":\"https:\/\/www.speedtest.pl\/wiadomosci\/wp-content\/uploads\/2018\/03\/stacja-bazowe.jpg\",\"width\":1024,\"height\":576,\"caption\":\"stacja bazowa\"},{\"@type\":\"BreadcrumbList\",\"@id\":\"https:\/\/www.speedtest.pl\/wiadomosci\/5g\/polska-przydzial-pasma-700-mhz\/#breadcrumb\",\"itemListElement\":[{\"@type\":\"ListItem\",\"position\":1,\"name\":\"Strona g\u0142\u00f3wna\",\"item\":\"https:\/\/www.speedtest.pl\/wiadomosci\/\"},{\"@type\":\"ListItem\",\"position\":2,\"name\":\"Polska chce op\u00f3\u017anienia przydzia\u0142u pasma 700 MHz dla sieci mobilnych (w tym 5G)\"}]},{\"@type\":\"WebSite\",\"@id\":\"https:\/\/www.speedtest.pl\/wiadomosci\/#website\",\"url\":\"https:\/\/www.speedtest.pl\/wiadomosci\/\",\"name\":\"SpeedTest.pl Wiadomo\u015bci\",\"description\":\"Rankingi ISP, newsy i opinie ze \u015bwiata IT, recenzje sprz\u0119tu, gry, motoryzacja\",\"potentialAction\":[{\"@type\":\"SearchAction\",\"target\":{\"@type\":\"EntryPoint\",\"urlTemplate\":\"https:\/\/www.speedtest.pl\/wiadomosci\/?s={search_term_string}\"},\"query-input\":{\"@type\":\"PropertyValueSpecification\",\"valueRequired\":true,\"valueName\":\"search_term_string\"}}],\"inLanguage\":\"pl-PL\"},{\"@type\":\"Person\",\"@id\":\"https:\/\/www.speedtest.pl\/wiadomosci\/#\/schema\/person\/1e51a1178096c8851f7d3ab0575726e4\",\"name\":\"PJ\",\"image\":{\"@type\":\"ImageObject\",\"inLanguage\":\"pl-PL\",\"@id\":\"https:\/\/www.speedtest.pl\/wiadomosci\/#\/schema\/person\/image\/\",\"url\":\"https:\/\/www.speedtest.pl\/wiadomosci\/wp-content\/uploads\/2018\/01\/AAEAAQAAAAAAAAk2AAAAJDNhNWRlODdhLWY3MjYtNGFjNC04MzY1LTI1Zjc4NmI4YmE0OQ-150x150.jpg\",\"contentUrl\":\"https:\/\/www.speedtest.pl\/wiadomosci\/wp-content\/uploads\/2018\/01\/AAEAAQAAAAAAAAk2AAAAJDNhNWRlODdhLWY3MjYtNGFjNC04MzY1LTI1Zjc4NmI4YmE0OQ-150x150.jpg\",\"caption\":\"PJ\"},\"description\":\"Przemek jest m\u00f3zgiem operacyjnym SpeedTest.pl. Studiowa\u0142 na Politechnice Wroc\u0142awskiej elektronik\u0119 i telekomunikacj\u0119. Zarz\u0105dza projektami IT, relacjami z klientami oraz nadzoruje procesy rozwoju. Prywatnie zaanga\u017cowany w rodzin\u0119, wsparcie r\u00f3\u017cnych dzia\u0142alno\u015bci charytatywnych i projekty ekstremalne.\",\"url\":\"https:\/\/www.speedtest.pl\/wiadomosci\/author\/przemek\/\"}]}<\/script>\n<!-- \/ Yoast SEO plugin. -->","yoast_head_json":{"title":"Polska chce op\u00f3\u017anienia przydzia\u0142u pasma 700 MHz dla sieci mobilnych (w tym 5G) - SpeedTest.pl Wiadomo\u015bci","robots":{"index":"index","follow":"follow","max-snippet":"max-snippet:-1","max-image-preview":"max-image-preview:large","max-video-preview":"max-video-preview:-1"},"canonical":"https:\/\/www.speedtest.pl\/wiadomosci\/5g\/polska-przydzial-pasma-700-mhz\/","og_locale":"pl_PL","og_type":"article","og_title":"Polska chce op\u00f3\u017anienia przydzia\u0142u pasma 700 MHz dla sieci mobilnych (w tym 5G) - SpeedTest.pl Wiadomo\u015bci","og_description":"Pasmo 700 MHz ma by\u0107 nowym zakresem cz\u0119stotliwo\u015bci, kt\u00f3ry pozwoli operatorom na budow\u0119 sieci 5G o og\u00f3lnokrajowym zasi\u0119gu. Aktualnie s\u0105 one u\u017cywane przez nadajniki telewizji naziemnej i mia\u0142y zosta\u0107 zwolnione na potrzeby sieci mobilnych do 30 czerwca 2020 roku. Jednak Polska nie zd\u0105\u017cy do tego czasu, wi\u0119c nasi urz\u0119dnicy wyst\u0105pili o przesuni\u0119cie tego terminu o [&hellip;]","og_url":"https:\/\/www.speedtest.pl\/wiadomosci\/5g\/polska-przydzial-pasma-700-mhz\/","og_site_name":"SpeedTest.pl Wiadomo\u015bci","article_publisher":"https:\/\/www.facebook.com\/speedtestpl\/","article_published_time":"2019-01-13T16:50:39+00:00","article_modified_time":"2019-01-13T17:17:45+00:00","og_image":[{"width":1024,"height":576,"url":"https:\/\/www.speedtest.pl\/wiadomosci\/wp-content\/uploads\/2018\/03\/stacja-bazowe.jpg","type":"image\/jpeg"}],"author":"PJ","twitter_card":"summary_large_image","twitter_creator":"@speedtestpl","twitter_site":"@speedtestpl","twitter_misc":{"Napisane przez":"PJ","Szacowany czas czytania":"2 minuty"},"schema":{"@context":"https:\/\/schema.org","@graph":[{"@type":"WebPage","@id":"https:\/\/www.speedtest.pl\/wiadomosci\/5g\/polska-przydzial-pasma-700-mhz\/","url":"https:\/\/www.speedtest.pl\/wiadomosci\/5g\/polska-przydzial-pasma-700-mhz\/","name":"Polska chce op\u00f3\u017anienia przydzia\u0142u pasma 700 MHz dla sieci mobilnych (w tym 5G) - SpeedTest.pl Wiadomo\u015bci","isPartOf":{"@id":"https:\/\/www.speedtest.pl\/wiadomosci\/#website"},"primaryImageOfPage":{"@id":"https:\/\/www.speedtest.pl\/wiadomosci\/5g\/polska-przydzial-pasma-700-mhz\/#primaryimage"},"image":{"@id":"https:\/\/www.speedtest.pl\/wiadomosci\/5g\/polska-przydzial-pasma-700-mhz\/#primaryimage"},"thumbnailUrl":"https:\/\/www.speedtest.pl\/wiadomosci\/wp-content\/uploads\/2018\/03\/stacja-bazowe.jpg","datePublished":"2019-01-13T16:50:39+00:00","dateModified":"2019-01-13T17:17:45+00:00","author":{"@id":"https:\/\/www.speedtest.pl\/wiadomosci\/#\/schema\/person\/1e51a1178096c8851f7d3ab0575726e4"},"breadcrumb":{"@id":"https:\/\/www.speedtest.pl\/wiadomosci\/5g\/polska-przydzial-pasma-700-mhz\/#breadcrumb"},"inLanguage":"pl-PL","potentialAction":[{"@type":"ReadAction","target":["https:\/\/www.speedtest.pl\/wiadomosci\/5g\/polska-przydzial-pasma-700-mhz\/"]}]},{"@type":"ImageObject","inLanguage":"pl-PL","@id":"https:\/\/www.speedtest.pl\/wiadomosci\/5g\/polska-przydzial-pasma-700-mhz\/#primaryimage","url":"https:\/\/www.speedtest.pl\/wiadomosci\/wp-content\/uploads\/2018\/03\/stacja-bazowe.jpg","contentUrl":"https:\/\/www.speedtest.pl\/wiadomosci\/wp-content\/uploads\/2018\/03\/stacja-bazowe.jpg","width":1024,"height":576,"caption":"stacja bazowa"},{"@type":"BreadcrumbList","@id":"https:\/\/www.speedtest.pl\/wiadomosci\/5g\/polska-przydzial-pasma-700-mhz\/#breadcrumb","itemListElement":[{"@type":"ListItem","position":1,"name":"Strona g\u0142\u00f3wna","item":"https:\/\/www.speedtest.pl\/wiadomosci\/"},{"@type":"ListItem","position":2,"name":"Polska chce op\u00f3\u017anienia przydzia\u0142u pasma 700 MHz dla sieci mobilnych (w tym 5G)"}]},{"@type":"WebSite","@id":"https:\/\/www.speedtest.pl\/wiadomosci\/#website","url":"https:\/\/www.speedtest.pl\/wiadomosci\/","name":"SpeedTest.pl Wiadomo\u015bci","description":"Rankingi ISP, newsy i opinie ze \u015bwiata IT, recenzje sprz\u0119tu, gry, motoryzacja","potentialAction":[{"@type":"SearchAction","target":{"@type":"EntryPoint","urlTemplate":"https:\/\/www.speedtest.pl\/wiadomosci\/?s={search_term_string}"},"query-input":{"@type":"PropertyValueSpecification","valueRequired":true,"valueName":"search_term_string"}}],"inLanguage":"pl-PL"},{"@type":"Person","@id":"https:\/\/www.speedtest.pl\/wiadomosci\/#\/schema\/person\/1e51a1178096c8851f7d3ab0575726e4","name":"PJ","image":{"@type":"ImageObject","inLanguage":"pl-PL","@id":"https:\/\/www.speedtest.pl\/wiadomosci\/#\/schema\/person\/image\/","url":"https:\/\/www.speedtest.pl\/wiadomosci\/wp-content\/uploads\/2018\/01\/AAEAAQAAAAAAAAk2AAAAJDNhNWRlODdhLWY3MjYtNGFjNC04MzY1LTI1Zjc4NmI4YmE0OQ-150x150.jpg","contentUrl":"https:\/\/www.speedtest.pl\/wiadomosci\/wp-content\/uploads\/2018\/01\/AAEAAQAAAAAAAAk2AAAAJDNhNWRlODdhLWY3MjYtNGFjNC04MzY1LTI1Zjc4NmI4YmE0OQ-150x150.jpg","caption":"PJ"},"description":"Przemek jest m\u00f3zgiem operacyjnym SpeedTest.pl. Studiowa\u0142 na Politechnice Wroc\u0142awskiej elektronik\u0119 i telekomunikacj\u0119. Zarz\u0105dza projektami IT, relacjami z klientami oraz nadzoruje procesy rozwoju. Prywatnie zaanga\u017cowany w rodzin\u0119, wsparcie r\u00f3\u017cnych dzia\u0142alno\u015bci charytatywnych i projekty ekstremalne.","url":"https:\/\/www.speedtest.pl\/wiadomosci\/author\/przemek\/"}]}},"jetpack_featured_media_url":"https:\/\/www.speedtest.pl\/wiadomosci\/wp-content\/uploads\/2018\/03\/stacja-bazowe.jpg","jetpack_sharing_enabled":true,"jetpack_shortlink":"https:\/\/wp.me\/p85ce0-5kj","_links":{"self":[{"href":"https:\/\/www.speedtest.pl\/wiadomosci\/wp-json\/wp\/v2\/posts\/20479","targetHints":{"allow":["GET"]}}],"collection":[{"href":"https:\/\/www.speedtest.pl\/wiadomosci\/wp-json\/wp\/v2\/posts"}],"about":[{"href":"https:\/\/www.speedtest.pl\/wiadomosci\/wp-json\/wp\/v2\/types\/post"}],"author":[{"embeddable":true,"href":"https:\/\/www.speedtest.pl\/wiadomosci\/wp-json\/wp\/v2\/users\/12"}],"replies":[{"embeddable":true,"href":"https:\/\/www.speedtest.pl\/wiadomosci\/wp-json\/wp\/v2\/comments?post=20479"}],"version-history":[{"count":3,"href":"https:\/\/www.speedtest.pl\/wiadomosci\/wp-json\/wp\/v2\/posts\/20479\/revisions"}],"predecessor-version":[{"id":20522,"href":"https:\/\/www.speedtest.pl\/wiadomosci\/wp-json\/wp\/v2\/posts\/20479\/revisions\/20522"}],"wp:featuredmedia":[{"embeddable":true,"href":"https:\/\/www.speedtest.pl\/wiadomosci\/wp-json\/wp\/v2\/media\/14202"}],"wp:attachment":[{"href":"https:\/\/www.speedtest.pl\/wiadomosci\/wp-json\/wp\/v2\/media?parent=20479"}],"wp:term":[{"taxonomy":"category","embeddable":true,"href":"https:\/\/www.speedtest.pl\/wiadomosci\/wp-json\/wp\/v2\/categories?post=20479"},{"taxonomy":"post_tag","embeddable":true,"href":"https:\/\/www.speedtest.pl\/wiadomosci\/wp-json\/wp\/v2\/tags?post=20479"},{"taxonomy":"table_tags","embeddable":true,"href":"https:\/\/www.speedtest.pl\/wiadomosci\/wp-json\/wp\/v2\/table_tags?post=20479"}],"curies":[{"name":"wp","href":"https:\/\/api.w.org\/{rel}","templated":true}]}}