{"id":19975,"date":"2018-12-26T23:08:45","date_gmt":"2018-12-26T22:08:45","guid":{"rendered":"http:\/\/www.speedtest.pl\/wiadomosci\/?p=19975"},"modified":"2018-12-26T23:08:54","modified_gmt":"2018-12-26T22:08:54","slug":"qualcomm-vs-apple-zakaz-niemcy","status":"publish","type":"post","link":"https:\/\/www.speedtest.pl\/wiadomosci\/apple\/qualcomm-vs-apple-zakaz-niemcy\/","title":{"rendered":"Qualcomm wymusi\u0142 zakaz sprzeda\u017cy iPhone&#8217;\u00f3w w Niemczech"},"content":{"rendered":"\n<p><strong>Qualcomm kontynuuje swoj\u0105 patentow\u0105 krucjat\u0119 przeciw Apple. Tym razem sprawa dotyczy sporu, kt\u00f3ry rozpatrywa\u0142 s\u0105d w Monachium. Qualcomm oskar\u017cy\u0142 Apple o naruszenie patentu i dowi\u00f3d\u0142 swoich racji przed niemieckim wymiarem sprawiedliwo\u015bci. Teraz gigant z Cupertino zosta\u0142 zmuszony do wycofania ze swoich niemieckich sklep\u00f3w wszystkich modeli iPhone 7 i iPhone 8.<\/strong><\/p>\n\n\n\n<p>Rynek smartfon\u00f3w jest jednym z najbardziej konkurencyjnych rynk\u00f3w na \u015bwiecie. Producenci musz\u0105 uwa\u017ca\u0107, \u017ceby nie naruszy\u0107 rozwi\u0105za\u0144 opatentowanych przez poszczeg\u00f3lne firmy. Dlatego wi\u0119kszo\u015b\u0107 z nich decyduje si\u0119 na wsp\u00f3\u0142prac\u0119 z gigantami, kt\u00f3rzy oferuj\u0105 chipsety mobilne wraz z kompleksowymi platformami. Wi\u0105\u017ce si\u0119 to oczywi\u015bcie z odpowiednimi op\u0142atami licencyjnymi. Problem zaczyna si\u0119 w momencie, w kt\u00f3rym jeden z producent\u00f3w zdecyduje si\u0119 na porzucenie sprawdzonych rozwi\u0105za\u0144. Tak w\u0142a\u015bnie wygl\u0105da sprawa pomi\u0119dzy Apple, a Qualcommem. Gigant z Cupertino zrezygnowa\u0142 ze stosowania modem\u00f3w Qualcomma na rzecz uk\u0142ad\u00f3w Intela, co sko\u0144czy\u0142o si\u0119 <a href=\"https:\/\/www.speedtest.pl\/wiadomosci\/sprzet\/qualcomm-apple-iphone-patenty\/\">pocz\u0105tkiem serii pozw\u00f3w o naruszenie praw patentowych<\/a>.<\/p>\n\n\n\n<h2 class=\"wp-block-heading\">Apple musi wycofa\u0107 ze sprzeda\u017cy iPhone&#8217;y w Niemczech<\/h2>\n\n\n\n<p>Przy czym zakaz dotyczy tylko iPhone&#8217;\u00f3w z uk\u0142adami Intela oraz Qorvo. W praktyce dotyczy to tylko wszystkich wariant\u00f3w iPhone 7 oraz iPhone 8. Nowsze smartfony Apple, tj. iPhone X, XS oraz XR nie naruszaj\u0105 problematycznego patentu. Jednak nie oznacza to, \u017ce starsze iPhone&#8217;y znikn\u0105 z niemieckich sklep\u00f3w. Zakaz sprzeda\u017cy dotyczy 15 salon\u00f3w sprzeda\u017cy Apple i nie obejmuje sklep\u00f3w nienale\u017c\u0105cych do giganta.<\/p>\n\n\n\n<p>Problematyczny patent dotyczy mechanizmu zmniejszaj\u0105cego zu\u017cycie baterii. Chodzi o rozwi\u0105zanie, kt\u00f3re dobiera napi\u0119cie zasilania wzmacniaczy mocy na podstawie obwiedni sygna\u0142u radiowego. Dzi\u0119ki temu  wzmacniacze zachowuj\u0105 jak najwy\u017csz\u0105 sprawno\u015b\u0107 energetyczn\u0105, co przek\u0142ada si\u0119 na mniejszy pob\u00f3r pr\u0105du z akumulatora. Raczej nie ma takiej mo\u017cliwo\u015bci, \u017ceby <a href=\"https:\/\/www.speedtest.pl\/wiadomosci\/apple\/apple-iphone-qualcomm-chiny-zakaz\/\">zakaz zosta\u0142 omini\u0119ty za pomoc\u0105 aktualizacji oprogramowania<\/a>. Przy czym prawnicy Apple zamierzaj\u0105 odwo\u0142a\u0107 si\u0119 od wydanego zakazu.<\/p>\n\n\n\n<p>\u0179r\u00f3d\u0142o: <a href=\"https:\/\/www.cnbc.com\/2018\/12\/20\/qualcomm-reportedly-wins-injunction-against-apple-in-munich.html\" rel=\"external nofollow\">CNBC<\/a><\/p>\n","protected":false},"excerpt":{"rendered":"<p>Qualcomm kontynuuje swoj\u0105 patentow\u0105 krucjat\u0119 przeciw Apple. Tym razem sprawa dotyczy sporu, kt\u00f3ry rozpatrywa\u0142 s\u0105d w Monachium. Qualcomm oskar\u017cy\u0142 Apple o naruszenie patentu i dowi\u00f3d\u0142 swoich racji przed niemieckim wymiarem sprawiedliwo\u015bci. Teraz gigant z Cupertino zosta\u0142 zmuszony do wycofania ze swoich niemieckich sklep\u00f3w wszystkich modeli iPhone 7 i iPhone 8. Rynek smartfon\u00f3w jest jednym z [&hellip;]<\/p>\n","protected":false},"author":12,"featured_media":20014,"comment_status":"closed","ping_status":"open","sticky":false,"template":"","format":"standard","meta":{"jetpack_post_was_ever_published":false,"_jetpack_newsletter_access":"","_jetpack_dont_email_post_to_subs":false,"_jetpack_newsletter_tier_id":0,"_jetpack_memberships_contains_paywalled_content":false,"_jetpack_memberships_contains_paid_content":false,"footnotes":"","jetpack_publicize_message":"#Qualcomm wygra\u0142 z #Apple przed niemieckim s\u0105dem.","jetpack_publicize_feature_enabled":true,"jetpack_social_post_already_shared":true,"jetpack_social_options":{"image_generator_settings":{"template":"highway","enabled":false},"version":2}},"categories":[569],"tags":[11,8,1318,723,1572,3486,2082],"table_tags":[],"class_list":["post-19975","post","type-post","status-publish","format-standard","has-post-thumbnail","hentry","category-apple","tag-apple","tag-iphone","tag-niemcy","tag-patent","tag-qualcomm","tag-wojna-patentowa","tag-zakaz"],"jetpack_publicize_connections":[],"yoast_head":"<!-- This site is optimized with the Yoast SEO plugin v24.8.1 - https:\/\/yoast.com\/wordpress\/plugins\/seo\/ -->\n<title>Qualcomm wymusi\u0142 zakaz sprzeda\u017cy iPhone&#039;\u00f3w w Niemczech - SpeedTest.pl Wiadomo\u015bci<\/title>\n<meta name=\"robots\" content=\"index, follow, max-snippet:-1, max-image-preview:large, max-video-preview:-1\" \/>\n<link rel=\"canonical\" href=\"https:\/\/www.speedtest.pl\/wiadomosci\/apple\/qualcomm-vs-apple-zakaz-niemcy\/\" \/>\n<meta property=\"og:locale\" content=\"pl_PL\" \/>\n<meta property=\"og:type\" content=\"article\" \/>\n<meta property=\"og:title\" content=\"Qualcomm wymusi\u0142 zakaz sprzeda\u017cy iPhone&#039;\u00f3w w Niemczech - SpeedTest.pl Wiadomo\u015bci\" \/>\n<meta property=\"og:description\" content=\"Qualcomm kontynuuje swoj\u0105 patentow\u0105 krucjat\u0119 przeciw Apple. Tym razem sprawa dotyczy sporu, kt\u00f3ry rozpatrywa\u0142 s\u0105d w Monachium. Qualcomm oskar\u017cy\u0142 Apple o naruszenie patentu i dowi\u00f3d\u0142 swoich racji przed niemieckim wymiarem sprawiedliwo\u015bci. Teraz gigant z Cupertino zosta\u0142 zmuszony do wycofania ze swoich niemieckich sklep\u00f3w wszystkich modeli iPhone 7 i iPhone 8. Rynek smartfon\u00f3w jest jednym z [&hellip;]\" \/>\n<meta property=\"og:url\" content=\"https:\/\/www.speedtest.pl\/wiadomosci\/apple\/qualcomm-vs-apple-zakaz-niemcy\/\" \/>\n<meta property=\"og:site_name\" content=\"SpeedTest.pl Wiadomo\u015bci\" \/>\n<meta property=\"article:publisher\" content=\"https:\/\/www.facebook.com\/speedtestpl\/\" \/>\n<meta property=\"article:published_time\" content=\"2018-12-26T22:08:45+00:00\" \/>\n<meta property=\"article:modified_time\" content=\"2018-12-26T22:08:54+00:00\" \/>\n<meta property=\"og:image\" content=\"https:\/\/www.speedtest.pl\/wiadomosci\/wp-content\/uploads\/2018\/12\/iPhone-1.jpg\" \/>\n\t<meta property=\"og:image:width\" content=\"1024\" \/>\n\t<meta property=\"og:image:height\" content=\"576\" \/>\n\t<meta property=\"og:image:type\" content=\"image\/jpeg\" \/>\n<meta name=\"author\" content=\"PJ\" \/>\n<meta name=\"twitter:card\" content=\"summary_large_image\" \/>\n<meta name=\"twitter:creator\" content=\"@speedtestpl\" \/>\n<meta name=\"twitter:site\" content=\"@speedtestpl\" \/>\n<meta name=\"twitter:label1\" content=\"Napisane przez\" \/>\n\t<meta name=\"twitter:data1\" content=\"PJ\" \/>\n\t<meta name=\"twitter:label2\" content=\"Szacowany czas czytania\" \/>\n\t<meta name=\"twitter:data2\" content=\"2 minuty\" \/>\n<script type=\"application\/ld+json\" class=\"yoast-schema-graph\">{\"@context\":\"https:\/\/schema.org\",\"@graph\":[{\"@type\":\"WebPage\",\"@id\":\"https:\/\/www.speedtest.pl\/wiadomosci\/apple\/qualcomm-vs-apple-zakaz-niemcy\/\",\"url\":\"https:\/\/www.speedtest.pl\/wiadomosci\/apple\/qualcomm-vs-apple-zakaz-niemcy\/\",\"name\":\"Qualcomm wymusi\u0142 zakaz sprzeda\u017cy iPhone'\u00f3w w Niemczech - SpeedTest.pl Wiadomo\u015bci\",\"isPartOf\":{\"@id\":\"https:\/\/www.speedtest.pl\/wiadomosci\/#website\"},\"primaryImageOfPage\":{\"@id\":\"https:\/\/www.speedtest.pl\/wiadomosci\/apple\/qualcomm-vs-apple-zakaz-niemcy\/#primaryimage\"},\"image\":{\"@id\":\"https:\/\/www.speedtest.pl\/wiadomosci\/apple\/qualcomm-vs-apple-zakaz-niemcy\/#primaryimage\"},\"thumbnailUrl\":\"https:\/\/www.speedtest.pl\/wiadomosci\/wp-content\/uploads\/2018\/12\/iPhone-1.jpg\",\"datePublished\":\"2018-12-26T22:08:45+00:00\",\"dateModified\":\"2018-12-26T22:08:54+00:00\",\"author\":{\"@id\":\"https:\/\/www.speedtest.pl\/wiadomosci\/#\/schema\/person\/1e51a1178096c8851f7d3ab0575726e4\"},\"breadcrumb\":{\"@id\":\"https:\/\/www.speedtest.pl\/wiadomosci\/apple\/qualcomm-vs-apple-zakaz-niemcy\/#breadcrumb\"},\"inLanguage\":\"pl-PL\",\"potentialAction\":[{\"@type\":\"ReadAction\",\"target\":[\"https:\/\/www.speedtest.pl\/wiadomosci\/apple\/qualcomm-vs-apple-zakaz-niemcy\/\"]}]},{\"@type\":\"ImageObject\",\"inLanguage\":\"pl-PL\",\"@id\":\"https:\/\/www.speedtest.pl\/wiadomosci\/apple\/qualcomm-vs-apple-zakaz-niemcy\/#primaryimage\",\"url\":\"https:\/\/www.speedtest.pl\/wiadomosci\/wp-content\/uploads\/2018\/12\/iPhone-1.jpg\",\"contentUrl\":\"https:\/\/www.speedtest.pl\/wiadomosci\/wp-content\/uploads\/2018\/12\/iPhone-1.jpg\",\"width\":1024,\"height\":576,\"caption\":\"iPhone\"},{\"@type\":\"BreadcrumbList\",\"@id\":\"https:\/\/www.speedtest.pl\/wiadomosci\/apple\/qualcomm-vs-apple-zakaz-niemcy\/#breadcrumb\",\"itemListElement\":[{\"@type\":\"ListItem\",\"position\":1,\"name\":\"Strona g\u0142\u00f3wna\",\"item\":\"https:\/\/www.speedtest.pl\/wiadomosci\/\"},{\"@type\":\"ListItem\",\"position\":2,\"name\":\"Qualcomm wymusi\u0142 zakaz sprzeda\u017cy iPhone&#8217;\u00f3w w Niemczech\"}]},{\"@type\":\"WebSite\",\"@id\":\"https:\/\/www.speedtest.pl\/wiadomosci\/#website\",\"url\":\"https:\/\/www.speedtest.pl\/wiadomosci\/\",\"name\":\"SpeedTest.pl Wiadomo\u015bci\",\"description\":\"Rankingi ISP, newsy i opinie ze \u015bwiata IT, recenzje sprz\u0119tu, gry, motoryzacja\",\"potentialAction\":[{\"@type\":\"SearchAction\",\"target\":{\"@type\":\"EntryPoint\",\"urlTemplate\":\"https:\/\/www.speedtest.pl\/wiadomosci\/?s={search_term_string}\"},\"query-input\":{\"@type\":\"PropertyValueSpecification\",\"valueRequired\":true,\"valueName\":\"search_term_string\"}}],\"inLanguage\":\"pl-PL\"},{\"@type\":\"Person\",\"@id\":\"https:\/\/www.speedtest.pl\/wiadomosci\/#\/schema\/person\/1e51a1178096c8851f7d3ab0575726e4\",\"name\":\"PJ\",\"image\":{\"@type\":\"ImageObject\",\"inLanguage\":\"pl-PL\",\"@id\":\"https:\/\/www.speedtest.pl\/wiadomosci\/#\/schema\/person\/image\/\",\"url\":\"https:\/\/www.speedtest.pl\/wiadomosci\/wp-content\/uploads\/2018\/01\/AAEAAQAAAAAAAAk2AAAAJDNhNWRlODdhLWY3MjYtNGFjNC04MzY1LTI1Zjc4NmI4YmE0OQ-150x150.jpg\",\"contentUrl\":\"https:\/\/www.speedtest.pl\/wiadomosci\/wp-content\/uploads\/2018\/01\/AAEAAQAAAAAAAAk2AAAAJDNhNWRlODdhLWY3MjYtNGFjNC04MzY1LTI1Zjc4NmI4YmE0OQ-150x150.jpg\",\"caption\":\"PJ\"},\"description\":\"Przemek jest m\u00f3zgiem operacyjnym SpeedTest.pl. Studiowa\u0142 na Politechnice Wroc\u0142awskiej elektronik\u0119 i telekomunikacj\u0119. Zarz\u0105dza projektami IT, relacjami z klientami oraz nadzoruje procesy rozwoju. Prywatnie zaanga\u017cowany w rodzin\u0119, wsparcie r\u00f3\u017cnych dzia\u0142alno\u015bci charytatywnych i projekty ekstremalne.\",\"url\":\"https:\/\/www.speedtest.pl\/wiadomosci\/author\/przemek\/\"}]}<\/script>\n<!-- \/ Yoast SEO plugin. -->","yoast_head_json":{"title":"Qualcomm wymusi\u0142 zakaz sprzeda\u017cy iPhone'\u00f3w w Niemczech - SpeedTest.pl Wiadomo\u015bci","robots":{"index":"index","follow":"follow","max-snippet":"max-snippet:-1","max-image-preview":"max-image-preview:large","max-video-preview":"max-video-preview:-1"},"canonical":"https:\/\/www.speedtest.pl\/wiadomosci\/apple\/qualcomm-vs-apple-zakaz-niemcy\/","og_locale":"pl_PL","og_type":"article","og_title":"Qualcomm wymusi\u0142 zakaz sprzeda\u017cy iPhone'\u00f3w w Niemczech - SpeedTest.pl Wiadomo\u015bci","og_description":"Qualcomm kontynuuje swoj\u0105 patentow\u0105 krucjat\u0119 przeciw Apple. Tym razem sprawa dotyczy sporu, kt\u00f3ry rozpatrywa\u0142 s\u0105d w Monachium. Qualcomm oskar\u017cy\u0142 Apple o naruszenie patentu i dowi\u00f3d\u0142 swoich racji przed niemieckim wymiarem sprawiedliwo\u015bci. Teraz gigant z Cupertino zosta\u0142 zmuszony do wycofania ze swoich niemieckich sklep\u00f3w wszystkich modeli iPhone 7 i iPhone 8. Rynek smartfon\u00f3w jest jednym z [&hellip;]","og_url":"https:\/\/www.speedtest.pl\/wiadomosci\/apple\/qualcomm-vs-apple-zakaz-niemcy\/","og_site_name":"SpeedTest.pl Wiadomo\u015bci","article_publisher":"https:\/\/www.facebook.com\/speedtestpl\/","article_published_time":"2018-12-26T22:08:45+00:00","article_modified_time":"2018-12-26T22:08:54+00:00","og_image":[{"width":1024,"height":576,"url":"https:\/\/www.speedtest.pl\/wiadomosci\/wp-content\/uploads\/2018\/12\/iPhone-1.jpg","type":"image\/jpeg"}],"author":"PJ","twitter_card":"summary_large_image","twitter_creator":"@speedtestpl","twitter_site":"@speedtestpl","twitter_misc":{"Napisane przez":"PJ","Szacowany czas czytania":"2 minuty"},"schema":{"@context":"https:\/\/schema.org","@graph":[{"@type":"WebPage","@id":"https:\/\/www.speedtest.pl\/wiadomosci\/apple\/qualcomm-vs-apple-zakaz-niemcy\/","url":"https:\/\/www.speedtest.pl\/wiadomosci\/apple\/qualcomm-vs-apple-zakaz-niemcy\/","name":"Qualcomm wymusi\u0142 zakaz sprzeda\u017cy iPhone'\u00f3w w Niemczech - SpeedTest.pl Wiadomo\u015bci","isPartOf":{"@id":"https:\/\/www.speedtest.pl\/wiadomosci\/#website"},"primaryImageOfPage":{"@id":"https:\/\/www.speedtest.pl\/wiadomosci\/apple\/qualcomm-vs-apple-zakaz-niemcy\/#primaryimage"},"image":{"@id":"https:\/\/www.speedtest.pl\/wiadomosci\/apple\/qualcomm-vs-apple-zakaz-niemcy\/#primaryimage"},"thumbnailUrl":"https:\/\/www.speedtest.pl\/wiadomosci\/wp-content\/uploads\/2018\/12\/iPhone-1.jpg","datePublished":"2018-12-26T22:08:45+00:00","dateModified":"2018-12-26T22:08:54+00:00","author":{"@id":"https:\/\/www.speedtest.pl\/wiadomosci\/#\/schema\/person\/1e51a1178096c8851f7d3ab0575726e4"},"breadcrumb":{"@id":"https:\/\/www.speedtest.pl\/wiadomosci\/apple\/qualcomm-vs-apple-zakaz-niemcy\/#breadcrumb"},"inLanguage":"pl-PL","potentialAction":[{"@type":"ReadAction","target":["https:\/\/www.speedtest.pl\/wiadomosci\/apple\/qualcomm-vs-apple-zakaz-niemcy\/"]}]},{"@type":"ImageObject","inLanguage":"pl-PL","@id":"https:\/\/www.speedtest.pl\/wiadomosci\/apple\/qualcomm-vs-apple-zakaz-niemcy\/#primaryimage","url":"https:\/\/www.speedtest.pl\/wiadomosci\/wp-content\/uploads\/2018\/12\/iPhone-1.jpg","contentUrl":"https:\/\/www.speedtest.pl\/wiadomosci\/wp-content\/uploads\/2018\/12\/iPhone-1.jpg","width":1024,"height":576,"caption":"iPhone"},{"@type":"BreadcrumbList","@id":"https:\/\/www.speedtest.pl\/wiadomosci\/apple\/qualcomm-vs-apple-zakaz-niemcy\/#breadcrumb","itemListElement":[{"@type":"ListItem","position":1,"name":"Strona g\u0142\u00f3wna","item":"https:\/\/www.speedtest.pl\/wiadomosci\/"},{"@type":"ListItem","position":2,"name":"Qualcomm wymusi\u0142 zakaz sprzeda\u017cy iPhone&#8217;\u00f3w w Niemczech"}]},{"@type":"WebSite","@id":"https:\/\/www.speedtest.pl\/wiadomosci\/#website","url":"https:\/\/www.speedtest.pl\/wiadomosci\/","name":"SpeedTest.pl Wiadomo\u015bci","description":"Rankingi ISP, newsy i opinie ze \u015bwiata IT, recenzje sprz\u0119tu, gry, motoryzacja","potentialAction":[{"@type":"SearchAction","target":{"@type":"EntryPoint","urlTemplate":"https:\/\/www.speedtest.pl\/wiadomosci\/?s={search_term_string}"},"query-input":{"@type":"PropertyValueSpecification","valueRequired":true,"valueName":"search_term_string"}}],"inLanguage":"pl-PL"},{"@type":"Person","@id":"https:\/\/www.speedtest.pl\/wiadomosci\/#\/schema\/person\/1e51a1178096c8851f7d3ab0575726e4","name":"PJ","image":{"@type":"ImageObject","inLanguage":"pl-PL","@id":"https:\/\/www.speedtest.pl\/wiadomosci\/#\/schema\/person\/image\/","url":"https:\/\/www.speedtest.pl\/wiadomosci\/wp-content\/uploads\/2018\/01\/AAEAAQAAAAAAAAk2AAAAJDNhNWRlODdhLWY3MjYtNGFjNC04MzY1LTI1Zjc4NmI4YmE0OQ-150x150.jpg","contentUrl":"https:\/\/www.speedtest.pl\/wiadomosci\/wp-content\/uploads\/2018\/01\/AAEAAQAAAAAAAAk2AAAAJDNhNWRlODdhLWY3MjYtNGFjNC04MzY1LTI1Zjc4NmI4YmE0OQ-150x150.jpg","caption":"PJ"},"description":"Przemek jest m\u00f3zgiem operacyjnym SpeedTest.pl. Studiowa\u0142 na Politechnice Wroc\u0142awskiej elektronik\u0119 i telekomunikacj\u0119. Zarz\u0105dza projektami IT, relacjami z klientami oraz nadzoruje procesy rozwoju. Prywatnie zaanga\u017cowany w rodzin\u0119, wsparcie r\u00f3\u017cnych dzia\u0142alno\u015bci charytatywnych i projekty ekstremalne.","url":"https:\/\/www.speedtest.pl\/wiadomosci\/author\/przemek\/"}]}},"jetpack_featured_media_url":"https:\/\/www.speedtest.pl\/wiadomosci\/wp-content\/uploads\/2018\/12\/iPhone-1.jpg","jetpack_sharing_enabled":true,"jetpack_shortlink":"https:\/\/wp.me\/p85ce0-5cb","_links":{"self":[{"href":"https:\/\/www.speedtest.pl\/wiadomosci\/wp-json\/wp\/v2\/posts\/19975","targetHints":{"allow":["GET"]}}],"collection":[{"href":"https:\/\/www.speedtest.pl\/wiadomosci\/wp-json\/wp\/v2\/posts"}],"about":[{"href":"https:\/\/www.speedtest.pl\/wiadomosci\/wp-json\/wp\/v2\/types\/post"}],"author":[{"embeddable":true,"href":"https:\/\/www.speedtest.pl\/wiadomosci\/wp-json\/wp\/v2\/users\/12"}],"replies":[{"embeddable":true,"href":"https:\/\/www.speedtest.pl\/wiadomosci\/wp-json\/wp\/v2\/comments?post=19975"}],"version-history":[{"count":2,"href":"https:\/\/www.speedtest.pl\/wiadomosci\/wp-json\/wp\/v2\/posts\/19975\/revisions"}],"predecessor-version":[{"id":20015,"href":"https:\/\/www.speedtest.pl\/wiadomosci\/wp-json\/wp\/v2\/posts\/19975\/revisions\/20015"}],"wp:featuredmedia":[{"embeddable":true,"href":"https:\/\/www.speedtest.pl\/wiadomosci\/wp-json\/wp\/v2\/media\/20014"}],"wp:attachment":[{"href":"https:\/\/www.speedtest.pl\/wiadomosci\/wp-json\/wp\/v2\/media?parent=19975"}],"wp:term":[{"taxonomy":"category","embeddable":true,"href":"https:\/\/www.speedtest.pl\/wiadomosci\/wp-json\/wp\/v2\/categories?post=19975"},{"taxonomy":"post_tag","embeddable":true,"href":"https:\/\/www.speedtest.pl\/wiadomosci\/wp-json\/wp\/v2\/tags?post=19975"},{"taxonomy":"table_tags","embeddable":true,"href":"https:\/\/www.speedtest.pl\/wiadomosci\/wp-json\/wp\/v2\/table_tags?post=19975"}],"curies":[{"name":"wp","href":"https:\/\/api.w.org\/{rel}","templated":true}]}}