{"id":18054,"date":"2018-09-25T19:05:47","date_gmt":"2018-09-25T17:05:47","guid":{"rendered":"http:\/\/www.speedtest.pl\/wiadomosci\/?p=18054"},"modified":"2018-09-25T19:05:47","modified_gmt":"2018-09-25T17:05:47","slug":"e-tron-pierwszy-w-pelni-elektryczny-suv-od-audi","status":"publish","type":"post","link":"https:\/\/www.speedtest.pl\/wiadomosci\/news\/e-tron-pierwszy-w-pelni-elektryczny-suv-od-audi\/","title":{"rendered":"E-tron \u2013 pierwszy w pe\u0142ni elektryczny SUV od Audi"},"content":{"rendered":"<p><b>Na konferencji w San Francisco Audi zaprezentowa\u0142o najnowszy model E-tron. Jest to pierwszy w pe\u0142ni elektryczny SUV tego producenta. Fani nowoczesnej motoryzacji z wyczekiwaniem spogl\u0105dali na ruch niemieckiego producenta. Na chwil\u0119 obecn\u0105 wiemy ju\u017c niemal\u017ce wszystko!<\/b><\/p>\n<h2>E-tron, kolejny ruch w stron\u0119 ekologicznej jazdy<\/h2>\n<p><b> <\/b>Model E-tron zosta\u0142 zaprezentowany ju\u017c w 2016 roku. Od tamtej pory Audi rozwija\u0142o swoje technologie w zakresie samochod\u00f3w elektrycznych, tak aby pokaza\u0107 \u015bwiatu, \u017ce r\u00f3wnie\u017c mog\u0105 sprosta\u0107 trendom rynkowym. Jest to element planu grupy Volkswagen, kt\u00f3ra pragnie zelektryfikowa\u0107 jak najwi\u0119cej modeli aut przed 2030 rokiem. Niemieccy giganci pr\u00f3buj\u0105 w ten spos\u00f3b wynagrodzi\u0107 konsumentom oszustwa, do jakich dochodzi\u0142o podczas test\u00f3w emisyjnych w poszczeg\u00f3lnych samochodach.<\/p>\n<h2>Jaki b\u0119dzie E-tron \u2013 czy s\u0105 powody do oczekiwania na ten model?<\/h2>\n<p>Model E-tron trafi do sprzeda\u017cy ju\u017c w po\u0142owie 2019 roku. B\u0119dzie to pi\u0119cioosobowy SUV, naszpikowany technologi\u0105. W standardowym wariancie b\u0119dzie posiada\u0142 pneumatyczne zawieszenie, 20-calowe ko\u0142a, LED-y i fotele z ogrzewaniem i ch\u0142odzeniem. Znajdziemy tutaj r\u00f3wnie\u017c panoramiczne okno dachowe, \u0142adowark\u0119 bezprzewodow\u0105 do smartfona i kilka pomniejszych dodatk\u00f3w. Ten wariant b\u0119dzie dost\u0119pny w cenie 74 800 dolar\u00f3w ameryka\u0144skich &#8211; czyli oko\u0142o 274 000 z\u0142otych (szacowane ceny oczywi\u015bcie ulegn\u0105 zmianie ze wzgl\u0119du na podatki). Je\u015bli jednak pragniemy korzysta\u0107 z innych ciekawych mo\u017cliwo\u015bci modelu E-tron, przyjdzie nam zap\u0142aci\u0107 troch\u0119 wi\u0119cej bo 81 800 dolar\u00f3w ameryka\u0144skich, czyli prawie 300 000.<\/p>\n<p>W tej cenie otrzymamy dodatkowo fotele do masa\u017cu, wy\u015bwietlacz head-up, automatyczne zamykanie drzwi, i kilka innych zaawansowanych funkcji. Dla fan\u00f3w Audi przewidziano r\u00f3wnie\u017c co\u015b specjalnego. Jest to wariant okoliczno\u015bciowy, kt\u00f3ry wyposa\u017cony b\u0119dzie w wi\u0119ksze ko\u0142a (21 cali), jasno-pomara\u0144czowe zaciski na hamulcach, czarne, sk\u00f3rzane wn\u0119trze i kamerk\u0119 noktowizyjn\u0105, z podgl\u0105dem w desce rozdzielczej. Edycja specjalna kosztuje a\u017c 86 700 dolar\u00f3w ameryka\u0144skich (prawie 320 000 z\u0142otych), i b\u0119dzie dost\u0119pna w bardzo ograniczonym nak\u0142adzie.<\/p>\n<p><iframe loading=\"lazy\" title=\"Audi e-tron Defined: Interior Design\" width=\"696\" height=\"392\" src=\"https:\/\/www.youtube.com\/embed\/58-ZlvUHFc8?feature=oembed\" frameborder=\"0\" allow=\"accelerometer; autoplay; clipboard-write; encrypted-media; gyroscope; picture-in-picture; web-share\" referrerpolicy=\"strict-origin-when-cross-origin\" allowfullscreen><\/iframe><\/p>\n<h2>Czy E-tron b\u0119dzie mie\u0107 problem z zasi\u0119giem?<\/h2>\n<p>Audi nie ujawni\u0142o jednej z najwa\u017cniejszych informacji \u2013 nie podali dok\u0142adnego zasi\u0119gu swojego SUV-a. By\u0107 mo\u017ce ma to zwi\u0105zek ze skandalem, jaki zrobi\u0142 si\u0119 wok\u00f3\u0142 <a href=\"https:\/\/www.speedtest.pl\/wiadomosci\/news\/problem-mercedes\/\">Mercedesa Benz EQC<\/a>. Zarz\u0105d sp\u00f3\u0142ki stara\u0142 si\u0119 uspokoi\u0107 klient\u00f3w zapewnieniami, \u017ce E-tron b\u0119dzie posiada\u0142 zasi\u0119g powy\u017cej 248 mil (400 kilometr\u00f3w). Warto\u015b\u0107 ta jest zgodna dok\u0142adnymi, europejskimi standardami WLTP. A wi\u0119c na chwil\u0119 obecn\u0105 nie ma powod\u00f3w do obaw. Nale\u017cy wi\u0119c czeka\u0107 na premier\u0119 innowacyjnego modelu od Audi, a ta ju\u017c w przysz\u0142ym roku.<\/p>\n<p>\u0179r\u00f3d\u0142o: <a href=\"https:\/\/www.theverge.com\/2018\/9\/18\/17871304\/audi-etron-specs-price-sale-tesla\" rel=\"external nofollow\">TheVerge<\/a><\/p>\n","protected":false},"excerpt":{"rendered":"<p>Na konferencji w San Francisco Audi zaprezentowa\u0142o najnowszy model E-tron. Jest to pierwszy w pe\u0142ni elektryczny SUV tego producenta. Fani nowoczesnej motoryzacji z wyczekiwaniem spogl\u0105dali na ruch niemieckiego producenta. Na chwil\u0119 obecn\u0105 wiemy ju\u017c niemal\u017ce wszystko! E-tron, kolejny ruch w stron\u0119 ekologicznej jazdy Model E-tron zosta\u0142 zaprezentowany ju\u017c w 2016 roku. Od tamtej pory Audi [&hellip;]<\/p>\n","protected":false},"author":14,"featured_media":18177,"comment_status":"closed","ping_status":"open","sticky":false,"template":"","format":"standard","meta":{"jetpack_post_was_ever_published":false,"_jetpack_newsletter_access":"","_jetpack_dont_email_post_to_subs":false,"_jetpack_newsletter_tier_id":0,"_jetpack_memberships_contains_paywalled_content":false,"_jetpack_memberships_contains_paid_content":false,"footnotes":"","jetpack_publicize_message":"Audi E-tron zapowiada si\u0119 ca\u0142kiem ciekawie!","jetpack_publicize_feature_enabled":true,"jetpack_social_post_already_shared":true,"jetpack_social_options":{"image_generator_settings":{"template":"highway","enabled":false},"version":2}},"categories":[1940,6],"tags":[2451,4071,4072,4073,4074],"table_tags":[],"class_list":["post-18054","post","type-post","status-publish","format-standard","has-post-thumbnail","hentry","category-moto","category-news","tag-audi","tag-audi-e-tron","tag-e-tron","tag-elektryczne-audi","tag-elektryczny-suv"],"jetpack_publicize_connections":[],"yoast_head":"<!-- This site is optimized with the Yoast SEO plugin v24.8.1 - https:\/\/yoast.com\/wordpress\/plugins\/seo\/ -->\n<title>E-tron \u2013 pierwszy w pe\u0142ni elektryczny SUV od Audi - SpeedTest.pl Wiadomo\u015bci<\/title>\n<meta name=\"robots\" content=\"index, follow, max-snippet:-1, max-image-preview:large, max-video-preview:-1\" \/>\n<link rel=\"canonical\" href=\"https:\/\/www.speedtest.pl\/wiadomosci\/news\/e-tron-pierwszy-w-pelni-elektryczny-suv-od-audi\/\" \/>\n<meta property=\"og:locale\" content=\"pl_PL\" \/>\n<meta property=\"og:type\" content=\"article\" \/>\n<meta property=\"og:title\" content=\"E-tron \u2013 pierwszy w pe\u0142ni elektryczny SUV od Audi - SpeedTest.pl Wiadomo\u015bci\" \/>\n<meta property=\"og:description\" content=\"Na konferencji w San Francisco Audi zaprezentowa\u0142o najnowszy model E-tron. Jest to pierwszy w pe\u0142ni elektryczny SUV tego producenta. Fani nowoczesnej motoryzacji z wyczekiwaniem spogl\u0105dali na ruch niemieckiego producenta. Na chwil\u0119 obecn\u0105 wiemy ju\u017c niemal\u017ce wszystko! E-tron, kolejny ruch w stron\u0119 ekologicznej jazdy Model E-tron zosta\u0142 zaprezentowany ju\u017c w 2016 roku. Od tamtej pory Audi [&hellip;]\" \/>\n<meta property=\"og:url\" content=\"https:\/\/www.speedtest.pl\/wiadomosci\/news\/e-tron-pierwszy-w-pelni-elektryczny-suv-od-audi\/\" \/>\n<meta property=\"og:site_name\" content=\"SpeedTest.pl Wiadomo\u015bci\" \/>\n<meta property=\"article:publisher\" content=\"https:\/\/www.facebook.com\/speedtestpl\/\" \/>\n<meta property=\"article:published_time\" content=\"2018-09-25T17:05:47+00:00\" \/>\n<meta property=\"og:image\" content=\"https:\/\/www.speedtest.pl\/wiadomosci\/wp-content\/uploads\/2018\/09\/e-tron.jpg\" \/>\n\t<meta property=\"og:image:width\" content=\"1024\" \/>\n\t<meta property=\"og:image:height\" content=\"576\" \/>\n\t<meta property=\"og:image:type\" content=\"image\/jpeg\" \/>\n<meta name=\"author\" content=\"MK\" \/>\n<meta name=\"twitter:card\" content=\"summary_large_image\" \/>\n<meta name=\"twitter:creator\" content=\"@speedtestpl\" \/>\n<meta name=\"twitter:site\" content=\"@speedtestpl\" \/>\n<meta name=\"twitter:label1\" content=\"Napisane przez\" \/>\n\t<meta name=\"twitter:data1\" content=\"MK\" \/>\n\t<meta name=\"twitter:label2\" content=\"Szacowany czas czytania\" \/>\n\t<meta name=\"twitter:data2\" content=\"2 minuty\" \/>\n<script type=\"application\/ld+json\" class=\"yoast-schema-graph\">{\"@context\":\"https:\/\/schema.org\",\"@graph\":[{\"@type\":\"WebPage\",\"@id\":\"https:\/\/www.speedtest.pl\/wiadomosci\/news\/e-tron-pierwszy-w-pelni-elektryczny-suv-od-audi\/\",\"url\":\"https:\/\/www.speedtest.pl\/wiadomosci\/news\/e-tron-pierwszy-w-pelni-elektryczny-suv-od-audi\/\",\"name\":\"E-tron \u2013 pierwszy w pe\u0142ni elektryczny SUV od Audi - SpeedTest.pl Wiadomo\u015bci\",\"isPartOf\":{\"@id\":\"https:\/\/www.speedtest.pl\/wiadomosci\/#website\"},\"primaryImageOfPage\":{\"@id\":\"https:\/\/www.speedtest.pl\/wiadomosci\/news\/e-tron-pierwszy-w-pelni-elektryczny-suv-od-audi\/#primaryimage\"},\"image\":{\"@id\":\"https:\/\/www.speedtest.pl\/wiadomosci\/news\/e-tron-pierwszy-w-pelni-elektryczny-suv-od-audi\/#primaryimage\"},\"thumbnailUrl\":\"https:\/\/www.speedtest.pl\/wiadomosci\/wp-content\/uploads\/2018\/09\/e-tron.jpg\",\"datePublished\":\"2018-09-25T17:05:47+00:00\",\"author\":{\"@id\":\"https:\/\/www.speedtest.pl\/wiadomosci\/#\/schema\/person\/1426fa1c9302fa18bcb14ed53992cd1d\"},\"breadcrumb\":{\"@id\":\"https:\/\/www.speedtest.pl\/wiadomosci\/news\/e-tron-pierwszy-w-pelni-elektryczny-suv-od-audi\/#breadcrumb\"},\"inLanguage\":\"pl-PL\",\"potentialAction\":[{\"@type\":\"ReadAction\",\"target\":[\"https:\/\/www.speedtest.pl\/wiadomosci\/news\/e-tron-pierwszy-w-pelni-elektryczny-suv-od-audi\/\"]}]},{\"@type\":\"ImageObject\",\"inLanguage\":\"pl-PL\",\"@id\":\"https:\/\/www.speedtest.pl\/wiadomosci\/news\/e-tron-pierwszy-w-pelni-elektryczny-suv-od-audi\/#primaryimage\",\"url\":\"https:\/\/www.speedtest.pl\/wiadomosci\/wp-content\/uploads\/2018\/09\/e-tron.jpg\",\"contentUrl\":\"https:\/\/www.speedtest.pl\/wiadomosci\/wp-content\/uploads\/2018\/09\/e-tron.jpg\",\"width\":1024,\"height\":576},{\"@type\":\"BreadcrumbList\",\"@id\":\"https:\/\/www.speedtest.pl\/wiadomosci\/news\/e-tron-pierwszy-w-pelni-elektryczny-suv-od-audi\/#breadcrumb\",\"itemListElement\":[{\"@type\":\"ListItem\",\"position\":1,\"name\":\"Strona g\u0142\u00f3wna\",\"item\":\"https:\/\/www.speedtest.pl\/wiadomosci\/\"},{\"@type\":\"ListItem\",\"position\":2,\"name\":\"E-tron \u2013 pierwszy w pe\u0142ni elektryczny SUV od Audi\"}]},{\"@type\":\"WebSite\",\"@id\":\"https:\/\/www.speedtest.pl\/wiadomosci\/#website\",\"url\":\"https:\/\/www.speedtest.pl\/wiadomosci\/\",\"name\":\"SpeedTest.pl Wiadomo\u015bci\",\"description\":\"Rankingi ISP, newsy i opinie ze \u015bwiata IT, recenzje sprz\u0119tu, gry, motoryzacja\",\"potentialAction\":[{\"@type\":\"SearchAction\",\"target\":{\"@type\":\"EntryPoint\",\"urlTemplate\":\"https:\/\/www.speedtest.pl\/wiadomosci\/?s={search_term_string}\"},\"query-input\":{\"@type\":\"PropertyValueSpecification\",\"valueRequired\":true,\"valueName\":\"search_term_string\"}}],\"inLanguage\":\"pl-PL\"},{\"@type\":\"Person\",\"@id\":\"https:\/\/www.speedtest.pl\/wiadomosci\/#\/schema\/person\/1426fa1c9302fa18bcb14ed53992cd1d\",\"name\":\"MK\",\"image\":{\"@type\":\"ImageObject\",\"inLanguage\":\"pl-PL\",\"@id\":\"https:\/\/www.speedtest.pl\/wiadomosci\/#\/schema\/person\/image\/\",\"url\":\"https:\/\/secure.gravatar.com\/avatar\/75d5aaee5ed187f8794b75d17292e93f?s=96&d=mm&r=g\",\"contentUrl\":\"https:\/\/secure.gravatar.com\/avatar\/75d5aaee5ed187f8794b75d17292e93f?s=96&d=mm&r=g\",\"caption\":\"MK\"},\"url\":\"https:\/\/www.speedtest.pl\/wiadomosci\/author\/marcin\/\"}]}<\/script>\n<!-- \/ Yoast SEO plugin. -->","yoast_head_json":{"title":"E-tron \u2013 pierwszy w pe\u0142ni elektryczny SUV od Audi - SpeedTest.pl Wiadomo\u015bci","robots":{"index":"index","follow":"follow","max-snippet":"max-snippet:-1","max-image-preview":"max-image-preview:large","max-video-preview":"max-video-preview:-1"},"canonical":"https:\/\/www.speedtest.pl\/wiadomosci\/news\/e-tron-pierwszy-w-pelni-elektryczny-suv-od-audi\/","og_locale":"pl_PL","og_type":"article","og_title":"E-tron \u2013 pierwszy w pe\u0142ni elektryczny SUV od Audi - SpeedTest.pl Wiadomo\u015bci","og_description":"Na konferencji w San Francisco Audi zaprezentowa\u0142o najnowszy model E-tron. Jest to pierwszy w pe\u0142ni elektryczny SUV tego producenta. Fani nowoczesnej motoryzacji z wyczekiwaniem spogl\u0105dali na ruch niemieckiego producenta. Na chwil\u0119 obecn\u0105 wiemy ju\u017c niemal\u017ce wszystko! E-tron, kolejny ruch w stron\u0119 ekologicznej jazdy Model E-tron zosta\u0142 zaprezentowany ju\u017c w 2016 roku. Od tamtej pory Audi [&hellip;]","og_url":"https:\/\/www.speedtest.pl\/wiadomosci\/news\/e-tron-pierwszy-w-pelni-elektryczny-suv-od-audi\/","og_site_name":"SpeedTest.pl Wiadomo\u015bci","article_publisher":"https:\/\/www.facebook.com\/speedtestpl\/","article_published_time":"2018-09-25T17:05:47+00:00","og_image":[{"width":1024,"height":576,"url":"https:\/\/www.speedtest.pl\/wiadomosci\/wp-content\/uploads\/2018\/09\/e-tron.jpg","type":"image\/jpeg"}],"author":"MK","twitter_card":"summary_large_image","twitter_creator":"@speedtestpl","twitter_site":"@speedtestpl","twitter_misc":{"Napisane przez":"MK","Szacowany czas czytania":"2 minuty"},"schema":{"@context":"https:\/\/schema.org","@graph":[{"@type":"WebPage","@id":"https:\/\/www.speedtest.pl\/wiadomosci\/news\/e-tron-pierwszy-w-pelni-elektryczny-suv-od-audi\/","url":"https:\/\/www.speedtest.pl\/wiadomosci\/news\/e-tron-pierwszy-w-pelni-elektryczny-suv-od-audi\/","name":"E-tron \u2013 pierwszy w pe\u0142ni elektryczny SUV od Audi - SpeedTest.pl Wiadomo\u015bci","isPartOf":{"@id":"https:\/\/www.speedtest.pl\/wiadomosci\/#website"},"primaryImageOfPage":{"@id":"https:\/\/www.speedtest.pl\/wiadomosci\/news\/e-tron-pierwszy-w-pelni-elektryczny-suv-od-audi\/#primaryimage"},"image":{"@id":"https:\/\/www.speedtest.pl\/wiadomosci\/news\/e-tron-pierwszy-w-pelni-elektryczny-suv-od-audi\/#primaryimage"},"thumbnailUrl":"https:\/\/www.speedtest.pl\/wiadomosci\/wp-content\/uploads\/2018\/09\/e-tron.jpg","datePublished":"2018-09-25T17:05:47+00:00","author":{"@id":"https:\/\/www.speedtest.pl\/wiadomosci\/#\/schema\/person\/1426fa1c9302fa18bcb14ed53992cd1d"},"breadcrumb":{"@id":"https:\/\/www.speedtest.pl\/wiadomosci\/news\/e-tron-pierwszy-w-pelni-elektryczny-suv-od-audi\/#breadcrumb"},"inLanguage":"pl-PL","potentialAction":[{"@type":"ReadAction","target":["https:\/\/www.speedtest.pl\/wiadomosci\/news\/e-tron-pierwszy-w-pelni-elektryczny-suv-od-audi\/"]}]},{"@type":"ImageObject","inLanguage":"pl-PL","@id":"https:\/\/www.speedtest.pl\/wiadomosci\/news\/e-tron-pierwszy-w-pelni-elektryczny-suv-od-audi\/#primaryimage","url":"https:\/\/www.speedtest.pl\/wiadomosci\/wp-content\/uploads\/2018\/09\/e-tron.jpg","contentUrl":"https:\/\/www.speedtest.pl\/wiadomosci\/wp-content\/uploads\/2018\/09\/e-tron.jpg","width":1024,"height":576},{"@type":"BreadcrumbList","@id":"https:\/\/www.speedtest.pl\/wiadomosci\/news\/e-tron-pierwszy-w-pelni-elektryczny-suv-od-audi\/#breadcrumb","itemListElement":[{"@type":"ListItem","position":1,"name":"Strona g\u0142\u00f3wna","item":"https:\/\/www.speedtest.pl\/wiadomosci\/"},{"@type":"ListItem","position":2,"name":"E-tron \u2013 pierwszy w pe\u0142ni elektryczny SUV od Audi"}]},{"@type":"WebSite","@id":"https:\/\/www.speedtest.pl\/wiadomosci\/#website","url":"https:\/\/www.speedtest.pl\/wiadomosci\/","name":"SpeedTest.pl Wiadomo\u015bci","description":"Rankingi ISP, newsy i opinie ze \u015bwiata IT, recenzje sprz\u0119tu, gry, motoryzacja","potentialAction":[{"@type":"SearchAction","target":{"@type":"EntryPoint","urlTemplate":"https:\/\/www.speedtest.pl\/wiadomosci\/?s={search_term_string}"},"query-input":{"@type":"PropertyValueSpecification","valueRequired":true,"valueName":"search_term_string"}}],"inLanguage":"pl-PL"},{"@type":"Person","@id":"https:\/\/www.speedtest.pl\/wiadomosci\/#\/schema\/person\/1426fa1c9302fa18bcb14ed53992cd1d","name":"MK","image":{"@type":"ImageObject","inLanguage":"pl-PL","@id":"https:\/\/www.speedtest.pl\/wiadomosci\/#\/schema\/person\/image\/","url":"https:\/\/secure.gravatar.com\/avatar\/75d5aaee5ed187f8794b75d17292e93f?s=96&d=mm&r=g","contentUrl":"https:\/\/secure.gravatar.com\/avatar\/75d5aaee5ed187f8794b75d17292e93f?s=96&d=mm&r=g","caption":"MK"},"url":"https:\/\/www.speedtest.pl\/wiadomosci\/author\/marcin\/"}]}},"jetpack_featured_media_url":"https:\/\/www.speedtest.pl\/wiadomosci\/wp-content\/uploads\/2018\/09\/e-tron.jpg","jetpack_sharing_enabled":true,"jetpack_shortlink":"https:\/\/wp.me\/p85ce0-4Hc","_links":{"self":[{"href":"https:\/\/www.speedtest.pl\/wiadomosci\/wp-json\/wp\/v2\/posts\/18054","targetHints":{"allow":["GET"]}}],"collection":[{"href":"https:\/\/www.speedtest.pl\/wiadomosci\/wp-json\/wp\/v2\/posts"}],"about":[{"href":"https:\/\/www.speedtest.pl\/wiadomosci\/wp-json\/wp\/v2\/types\/post"}],"author":[{"embeddable":true,"href":"https:\/\/www.speedtest.pl\/wiadomosci\/wp-json\/wp\/v2\/users\/14"}],"replies":[{"embeddable":true,"href":"https:\/\/www.speedtest.pl\/wiadomosci\/wp-json\/wp\/v2\/comments?post=18054"}],"version-history":[{"count":3,"href":"https:\/\/www.speedtest.pl\/wiadomosci\/wp-json\/wp\/v2\/posts\/18054\/revisions"}],"predecessor-version":[{"id":18178,"href":"https:\/\/www.speedtest.pl\/wiadomosci\/wp-json\/wp\/v2\/posts\/18054\/revisions\/18178"}],"wp:featuredmedia":[{"embeddable":true,"href":"https:\/\/www.speedtest.pl\/wiadomosci\/wp-json\/wp\/v2\/media\/18177"}],"wp:attachment":[{"href":"https:\/\/www.speedtest.pl\/wiadomosci\/wp-json\/wp\/v2\/media?parent=18054"}],"wp:term":[{"taxonomy":"category","embeddable":true,"href":"https:\/\/www.speedtest.pl\/wiadomosci\/wp-json\/wp\/v2\/categories?post=18054"},{"taxonomy":"post_tag","embeddable":true,"href":"https:\/\/www.speedtest.pl\/wiadomosci\/wp-json\/wp\/v2\/tags?post=18054"},{"taxonomy":"table_tags","embeddable":true,"href":"https:\/\/www.speedtest.pl\/wiadomosci\/wp-json\/wp\/v2\/table_tags?post=18054"}],"curies":[{"name":"wp","href":"https:\/\/api.w.org\/{rel}","templated":true}]}}