{"id":17084,"date":"2018-07-27T19:34:22","date_gmt":"2018-07-27T17:34:22","guid":{"rendered":"http:\/\/www.speedtest.pl\/wiadomosci\/?p=17084"},"modified":"2018-07-29T22:36:44","modified_gmt":"2018-07-29T20:36:44","slug":"akcje-facebooka-ida-w-dol","status":"publish","type":"post","link":"https:\/\/www.speedtest.pl\/wiadomosci\/news\/akcje-facebooka-ida-w-dol\/","title":{"rendered":"Akcje Facebooka id\u0105 w d\u00f3\u0142"},"content":{"rendered":"<p><strong>To chyba najbardziej spektakularna utrata warto\u015bci akcji w historii nowojorskiej gie\u0142dy. Po podzieleniu si\u0119 ze \u015bwiatem wynikami finansowymi za drugi kwarta\u0142 tego roku, Facebook odnotowa\u0142 spadek a\u017c o ponad 20%. Mark <a href=\"https:\/\/www.speedtest.pl\/wiadomosci\/?s=zuckerberg\">Zuckerberg<\/a> straci\u0142 ma si\u0119 czym martwi\u0107, bo tylko dzi\u015b straci\u0142 prawie 17 miliard\u00f3w dolar\u00f3w ameryka\u0144skich. Co stanie si\u0119 p\u00f3\u017aniej?<\/strong><\/p>\n<p>Wyniki finansowe za drugi kwarta\u0142 tego roku pokaza\u0142y, \u017ce na Facebooka rejestruje si\u0119 coraz mniej nowych u\u017cytkownik\u00f3w. W por\u00f3wnaniu z analogicznym okresem roku 2017 r\u00f3\u017cnica wynosi ponad 70%. Inwestor\u00f3w przerazi\u0142a wizja straty du\u017cych \u015brodk\u00f3w, dlatego wielu z nich postanowi\u0142o masowo sprzeda\u0107 swoje akcje. To z kolei przyczyni\u0142o si\u0119 do znacz\u0105cego spadku ich warto\u015bci na rynku mi\u0119dzynarodowym.<\/p>\n<h2>Wyniki finansowe nie tak z\u0142e, ale nie to odstrasza<\/h2>\n<p>Ale ile tak naprawd\u0119 zarobi\u0142 <a href=\"https:\/\/www.speedtest.pl\/wiadomosci\/?s=facebook\">Facebook<\/a> w drugim kwartale tego roku? Dok\u0142adnie 13,23 miliarda dolar\u00f3w ameryka\u0144skich z zak\u0142adanych 13,36 miliard\u00f3w. R\u00f3\u017cnica zatem nie jest du\u017ca, wi\u0119c spadek warto\u015bci akcji mo\u017cna wi\u0105za\u0107 wy\u0142\u0105cznie ze s\u0142abym wzrostem nowych u\u017cytkownik\u00f3w na portalu. Mark Zuckerberg w oficjalnymi komunikacie prasowym m\u00f3wi, \u017ce u\u017cytkownicy nie przybywaj\u0105 ze wzgl\u0119du na wprowadzenie w \u017cycie unijnych przepis\u00f3w RODO, reguluj\u0105cych kwesti\u0119 ochrony danych osobowych. Na nic zda\u0142y si\u0119 t\u0142umaczenia Zuckerberga i akcjonariusze i tak zdecydowali si\u0119 w wi\u0119kszo\u015bci pozby\u0107 swoich akcji. Kapitalizacja sp\u00f3\u0142ki na dzie\u0144 27 lipca spad\u0142a o ponad 124 miliardy dolar\u00f3w. Jest to najwi\u0119kszy spadek w historii ameryka\u0144skiej gie\u0142dy. Poprzedni rekord nale\u017ca\u0142 do Intela, kt\u00f3ry w 2000 roku w jeden dzie\u0144 straci\u0142 na warto\u015bci ponad 90 miliard\u00f3w dolar\u00f3w ameryka\u0144skich.<\/p>\n<h2>Mark Zuckerberg na kontrolowanym ju\u017c od wielu miesi\u0119cy<\/h2>\n<p>Kilka miesi\u0119cy temu za\u0142o\u017cyciel Facebooka zeznawa\u0142 przed ameryka\u0144skim Kongresem w sprawie szpiegowania u\u017cytkownik\u00f3w. P\u00f3\u017aniej na jaw wysz\u0142a afera z <a href=\"https:\/\/www.speedtest.pl\/wiadomosci\/?s=news\">fake newsami<\/a>, kt\u00f3re masowo zalewa\u0142y portal i problemem z prawid\u0142ow\u0105 moderacj\u0105 tre\u015bci. Te czynniki niew\u0105tpliwie przyczyni\u0142y si\u0119 do spadku warto\u015bci akcji <a href=\"https:\/\/www.speedtest.pl\/wiadomosci\/?s=facebook\">Facebooka<\/a>. Z\u0142a passa Zuckerberga trwa, ciekawi jeste\u015bmy, czy uda si\u0119 mu nad ni\u0105 zapanowa\u0107. Czas poka\u017ce.<\/p>\n<p>\u0179r\u00f3d\u0142a: <a href=\"https:\/\/www.bbc.co.uk\/news\/world-us-canada-44978452\" rel=\"external nofollow\">BBC<\/a>, B<a href=\"https:\/\/businessinsider.com.pl\/finanse\/najwiekszy-spadek-facebooka-w-historii-wyniki-za-ii-kwartal-2018\/wjh247j\" rel=\"external nofollow\">uisness Insider<\/a><\/p>\n","protected":false},"excerpt":{"rendered":"<p>To chyba najbardziej spektakularna utrata warto\u015bci akcji w historii nowojorskiej gie\u0142dy. Po podzieleniu si\u0119 ze \u015bwiatem wynikami finansowymi za drugi kwarta\u0142 tego roku, Facebook odnotowa\u0142 spadek a\u017c o ponad 20%. Mark Zuckerberg straci\u0142 ma si\u0119 czym martwi\u0107, bo tylko dzi\u015b straci\u0142 prawie 17 miliard\u00f3w dolar\u00f3w ameryka\u0144skich. Co stanie si\u0119 p\u00f3\u017aniej? Wyniki finansowe za drugi kwarta\u0142 [&hellip;]<\/p>\n","protected":false},"author":14,"featured_media":15489,"comment_status":"closed","ping_status":"open","sticky":false,"template":"","format":"standard","meta":{"jetpack_post_was_ever_published":false,"_jetpack_newsletter_access":"","_jetpack_dont_email_post_to_subs":false,"_jetpack_newsletter_tier_id":0,"_jetpack_memberships_contains_paywalled_content":false,"_jetpack_memberships_contains_paid_content":false,"footnotes":"","jetpack_publicize_message":"Akcje Facebooka id\u0105 w d\u00f3\u0142. Takiego spadku nie by\u0142o nigdy w historii ameryka\u0144skiej gie\u0142dy!","jetpack_publicize_feature_enabled":true,"jetpack_social_post_already_shared":true,"jetpack_social_options":{"image_generator_settings":{"template":"highway","enabled":false},"version":2}},"categories":[6],"tags":[137,3777,1187],"table_tags":[],"class_list":["post-17084","post","type-post","status-publish","format-standard","has-post-thumbnail","hentry","category-news","tag-facebook","tag-spadek-akcji","tag-zuckerberg"],"jetpack_publicize_connections":[],"yoast_head":"<!-- This site is optimized with the Yoast SEO plugin v24.8.1 - https:\/\/yoast.com\/wordpress\/plugins\/seo\/ -->\n<title>Akcje Facebooka id\u0105 w d\u00f3\u0142 - SpeedTest.pl Wiadomo\u015bci<\/title>\n<meta name=\"robots\" content=\"index, follow, max-snippet:-1, max-image-preview:large, max-video-preview:-1\" \/>\n<link rel=\"canonical\" href=\"https:\/\/www.speedtest.pl\/wiadomosci\/news\/akcje-facebooka-ida-w-dol\/\" \/>\n<meta property=\"og:locale\" content=\"pl_PL\" \/>\n<meta property=\"og:type\" content=\"article\" \/>\n<meta property=\"og:title\" content=\"Akcje Facebooka id\u0105 w d\u00f3\u0142 - SpeedTest.pl Wiadomo\u015bci\" \/>\n<meta property=\"og:description\" content=\"To chyba najbardziej spektakularna utrata warto\u015bci akcji w historii nowojorskiej gie\u0142dy. Po podzieleniu si\u0119 ze \u015bwiatem wynikami finansowymi za drugi kwarta\u0142 tego roku, Facebook odnotowa\u0142 spadek a\u017c o ponad 20%. Mark Zuckerberg straci\u0142 ma si\u0119 czym martwi\u0107, bo tylko dzi\u015b straci\u0142 prawie 17 miliard\u00f3w dolar\u00f3w ameryka\u0144skich. Co stanie si\u0119 p\u00f3\u017aniej? Wyniki finansowe za drugi kwarta\u0142 [&hellip;]\" \/>\n<meta property=\"og:url\" content=\"https:\/\/www.speedtest.pl\/wiadomosci\/news\/akcje-facebooka-ida-w-dol\/\" \/>\n<meta property=\"og:site_name\" content=\"SpeedTest.pl Wiadomo\u015bci\" \/>\n<meta property=\"article:publisher\" content=\"https:\/\/www.facebook.com\/speedtestpl\/\" \/>\n<meta property=\"article:published_time\" content=\"2018-07-27T17:34:22+00:00\" \/>\n<meta property=\"article:modified_time\" content=\"2018-07-29T20:36:44+00:00\" \/>\n<meta property=\"og:image\" content=\"https:\/\/www.speedtest.pl\/wiadomosci\/wp-content\/uploads\/2018\/05\/facebook.jpg\" \/>\n\t<meta property=\"og:image:width\" content=\"1024\" \/>\n\t<meta property=\"og:image:height\" content=\"576\" \/>\n\t<meta property=\"og:image:type\" content=\"image\/jpeg\" \/>\n<meta name=\"author\" content=\"MK\" \/>\n<meta name=\"twitter:card\" content=\"summary_large_image\" \/>\n<meta name=\"twitter:creator\" content=\"@speedtestpl\" \/>\n<meta name=\"twitter:site\" content=\"@speedtestpl\" \/>\n<meta name=\"twitter:label1\" content=\"Napisane przez\" \/>\n\t<meta name=\"twitter:data1\" content=\"MK\" \/>\n\t<meta name=\"twitter:label2\" content=\"Szacowany czas czytania\" \/>\n\t<meta name=\"twitter:data2\" content=\"2 minuty\" \/>\n<script type=\"application\/ld+json\" class=\"yoast-schema-graph\">{\"@context\":\"https:\/\/schema.org\",\"@graph\":[{\"@type\":\"WebPage\",\"@id\":\"https:\/\/www.speedtest.pl\/wiadomosci\/news\/akcje-facebooka-ida-w-dol\/\",\"url\":\"https:\/\/www.speedtest.pl\/wiadomosci\/news\/akcje-facebooka-ida-w-dol\/\",\"name\":\"Akcje Facebooka id\u0105 w d\u00f3\u0142 - SpeedTest.pl Wiadomo\u015bci\",\"isPartOf\":{\"@id\":\"https:\/\/www.speedtest.pl\/wiadomosci\/#website\"},\"primaryImageOfPage\":{\"@id\":\"https:\/\/www.speedtest.pl\/wiadomosci\/news\/akcje-facebooka-ida-w-dol\/#primaryimage\"},\"image\":{\"@id\":\"https:\/\/www.speedtest.pl\/wiadomosci\/news\/akcje-facebooka-ida-w-dol\/#primaryimage\"},\"thumbnailUrl\":\"https:\/\/www.speedtest.pl\/wiadomosci\/wp-content\/uploads\/2018\/05\/facebook.jpg\",\"datePublished\":\"2018-07-27T17:34:22+00:00\",\"dateModified\":\"2018-07-29T20:36:44+00:00\",\"author\":{\"@id\":\"https:\/\/www.speedtest.pl\/wiadomosci\/#\/schema\/person\/1426fa1c9302fa18bcb14ed53992cd1d\"},\"breadcrumb\":{\"@id\":\"https:\/\/www.speedtest.pl\/wiadomosci\/news\/akcje-facebooka-ida-w-dol\/#breadcrumb\"},\"inLanguage\":\"pl-PL\",\"potentialAction\":[{\"@type\":\"ReadAction\",\"target\":[\"https:\/\/www.speedtest.pl\/wiadomosci\/news\/akcje-facebooka-ida-w-dol\/\"]}]},{\"@type\":\"ImageObject\",\"inLanguage\":\"pl-PL\",\"@id\":\"https:\/\/www.speedtest.pl\/wiadomosci\/news\/akcje-facebooka-ida-w-dol\/#primaryimage\",\"url\":\"https:\/\/www.speedtest.pl\/wiadomosci\/wp-content\/uploads\/2018\/05\/facebook.jpg\",\"contentUrl\":\"https:\/\/www.speedtest.pl\/wiadomosci\/wp-content\/uploads\/2018\/05\/facebook.jpg\",\"width\":1024,\"height\":576,\"caption\":\"Facebook\"},{\"@type\":\"BreadcrumbList\",\"@id\":\"https:\/\/www.speedtest.pl\/wiadomosci\/news\/akcje-facebooka-ida-w-dol\/#breadcrumb\",\"itemListElement\":[{\"@type\":\"ListItem\",\"position\":1,\"name\":\"Strona g\u0142\u00f3wna\",\"item\":\"https:\/\/www.speedtest.pl\/wiadomosci\/\"},{\"@type\":\"ListItem\",\"position\":2,\"name\":\"Akcje Facebooka id\u0105 w d\u00f3\u0142\"}]},{\"@type\":\"WebSite\",\"@id\":\"https:\/\/www.speedtest.pl\/wiadomosci\/#website\",\"url\":\"https:\/\/www.speedtest.pl\/wiadomosci\/\",\"name\":\"SpeedTest.pl Wiadomo\u015bci\",\"description\":\"Rankingi ISP, newsy i opinie ze \u015bwiata IT, recenzje sprz\u0119tu, gry, motoryzacja\",\"potentialAction\":[{\"@type\":\"SearchAction\",\"target\":{\"@type\":\"EntryPoint\",\"urlTemplate\":\"https:\/\/www.speedtest.pl\/wiadomosci\/?s={search_term_string}\"},\"query-input\":{\"@type\":\"PropertyValueSpecification\",\"valueRequired\":true,\"valueName\":\"search_term_string\"}}],\"inLanguage\":\"pl-PL\"},{\"@type\":\"Person\",\"@id\":\"https:\/\/www.speedtest.pl\/wiadomosci\/#\/schema\/person\/1426fa1c9302fa18bcb14ed53992cd1d\",\"name\":\"MK\",\"image\":{\"@type\":\"ImageObject\",\"inLanguage\":\"pl-PL\",\"@id\":\"https:\/\/www.speedtest.pl\/wiadomosci\/#\/schema\/person\/image\/\",\"url\":\"https:\/\/secure.gravatar.com\/avatar\/75d5aaee5ed187f8794b75d17292e93f?s=96&d=mm&r=g\",\"contentUrl\":\"https:\/\/secure.gravatar.com\/avatar\/75d5aaee5ed187f8794b75d17292e93f?s=96&d=mm&r=g\",\"caption\":\"MK\"},\"url\":\"https:\/\/www.speedtest.pl\/wiadomosci\/author\/marcin\/\"}]}<\/script>\n<!-- \/ Yoast SEO plugin. -->","yoast_head_json":{"title":"Akcje Facebooka id\u0105 w d\u00f3\u0142 - SpeedTest.pl Wiadomo\u015bci","robots":{"index":"index","follow":"follow","max-snippet":"max-snippet:-1","max-image-preview":"max-image-preview:large","max-video-preview":"max-video-preview:-1"},"canonical":"https:\/\/www.speedtest.pl\/wiadomosci\/news\/akcje-facebooka-ida-w-dol\/","og_locale":"pl_PL","og_type":"article","og_title":"Akcje Facebooka id\u0105 w d\u00f3\u0142 - SpeedTest.pl Wiadomo\u015bci","og_description":"To chyba najbardziej spektakularna utrata warto\u015bci akcji w historii nowojorskiej gie\u0142dy. Po podzieleniu si\u0119 ze \u015bwiatem wynikami finansowymi za drugi kwarta\u0142 tego roku, Facebook odnotowa\u0142 spadek a\u017c o ponad 20%. Mark Zuckerberg straci\u0142 ma si\u0119 czym martwi\u0107, bo tylko dzi\u015b straci\u0142 prawie 17 miliard\u00f3w dolar\u00f3w ameryka\u0144skich. Co stanie si\u0119 p\u00f3\u017aniej? Wyniki finansowe za drugi kwarta\u0142 [&hellip;]","og_url":"https:\/\/www.speedtest.pl\/wiadomosci\/news\/akcje-facebooka-ida-w-dol\/","og_site_name":"SpeedTest.pl Wiadomo\u015bci","article_publisher":"https:\/\/www.facebook.com\/speedtestpl\/","article_published_time":"2018-07-27T17:34:22+00:00","article_modified_time":"2018-07-29T20:36:44+00:00","og_image":[{"width":1024,"height":576,"url":"https:\/\/www.speedtest.pl\/wiadomosci\/wp-content\/uploads\/2018\/05\/facebook.jpg","type":"image\/jpeg"}],"author":"MK","twitter_card":"summary_large_image","twitter_creator":"@speedtestpl","twitter_site":"@speedtestpl","twitter_misc":{"Napisane przez":"MK","Szacowany czas czytania":"2 minuty"},"schema":{"@context":"https:\/\/schema.org","@graph":[{"@type":"WebPage","@id":"https:\/\/www.speedtest.pl\/wiadomosci\/news\/akcje-facebooka-ida-w-dol\/","url":"https:\/\/www.speedtest.pl\/wiadomosci\/news\/akcje-facebooka-ida-w-dol\/","name":"Akcje Facebooka id\u0105 w d\u00f3\u0142 - SpeedTest.pl Wiadomo\u015bci","isPartOf":{"@id":"https:\/\/www.speedtest.pl\/wiadomosci\/#website"},"primaryImageOfPage":{"@id":"https:\/\/www.speedtest.pl\/wiadomosci\/news\/akcje-facebooka-ida-w-dol\/#primaryimage"},"image":{"@id":"https:\/\/www.speedtest.pl\/wiadomosci\/news\/akcje-facebooka-ida-w-dol\/#primaryimage"},"thumbnailUrl":"https:\/\/www.speedtest.pl\/wiadomosci\/wp-content\/uploads\/2018\/05\/facebook.jpg","datePublished":"2018-07-27T17:34:22+00:00","dateModified":"2018-07-29T20:36:44+00:00","author":{"@id":"https:\/\/www.speedtest.pl\/wiadomosci\/#\/schema\/person\/1426fa1c9302fa18bcb14ed53992cd1d"},"breadcrumb":{"@id":"https:\/\/www.speedtest.pl\/wiadomosci\/news\/akcje-facebooka-ida-w-dol\/#breadcrumb"},"inLanguage":"pl-PL","potentialAction":[{"@type":"ReadAction","target":["https:\/\/www.speedtest.pl\/wiadomosci\/news\/akcje-facebooka-ida-w-dol\/"]}]},{"@type":"ImageObject","inLanguage":"pl-PL","@id":"https:\/\/www.speedtest.pl\/wiadomosci\/news\/akcje-facebooka-ida-w-dol\/#primaryimage","url":"https:\/\/www.speedtest.pl\/wiadomosci\/wp-content\/uploads\/2018\/05\/facebook.jpg","contentUrl":"https:\/\/www.speedtest.pl\/wiadomosci\/wp-content\/uploads\/2018\/05\/facebook.jpg","width":1024,"height":576,"caption":"Facebook"},{"@type":"BreadcrumbList","@id":"https:\/\/www.speedtest.pl\/wiadomosci\/news\/akcje-facebooka-ida-w-dol\/#breadcrumb","itemListElement":[{"@type":"ListItem","position":1,"name":"Strona g\u0142\u00f3wna","item":"https:\/\/www.speedtest.pl\/wiadomosci\/"},{"@type":"ListItem","position":2,"name":"Akcje Facebooka id\u0105 w d\u00f3\u0142"}]},{"@type":"WebSite","@id":"https:\/\/www.speedtest.pl\/wiadomosci\/#website","url":"https:\/\/www.speedtest.pl\/wiadomosci\/","name":"SpeedTest.pl Wiadomo\u015bci","description":"Rankingi ISP, newsy i opinie ze \u015bwiata IT, recenzje sprz\u0119tu, gry, motoryzacja","potentialAction":[{"@type":"SearchAction","target":{"@type":"EntryPoint","urlTemplate":"https:\/\/www.speedtest.pl\/wiadomosci\/?s={search_term_string}"},"query-input":{"@type":"PropertyValueSpecification","valueRequired":true,"valueName":"search_term_string"}}],"inLanguage":"pl-PL"},{"@type":"Person","@id":"https:\/\/www.speedtest.pl\/wiadomosci\/#\/schema\/person\/1426fa1c9302fa18bcb14ed53992cd1d","name":"MK","image":{"@type":"ImageObject","inLanguage":"pl-PL","@id":"https:\/\/www.speedtest.pl\/wiadomosci\/#\/schema\/person\/image\/","url":"https:\/\/secure.gravatar.com\/avatar\/75d5aaee5ed187f8794b75d17292e93f?s=96&d=mm&r=g","contentUrl":"https:\/\/secure.gravatar.com\/avatar\/75d5aaee5ed187f8794b75d17292e93f?s=96&d=mm&r=g","caption":"MK"},"url":"https:\/\/www.speedtest.pl\/wiadomosci\/author\/marcin\/"}]}},"jetpack_featured_media_url":"https:\/\/www.speedtest.pl\/wiadomosci\/wp-content\/uploads\/2018\/05\/facebook.jpg","jetpack_sharing_enabled":true,"jetpack_shortlink":"https:\/\/wp.me\/p85ce0-4ry","_links":{"self":[{"href":"https:\/\/www.speedtest.pl\/wiadomosci\/wp-json\/wp\/v2\/posts\/17084","targetHints":{"allow":["GET"]}}],"collection":[{"href":"https:\/\/www.speedtest.pl\/wiadomosci\/wp-json\/wp\/v2\/posts"}],"about":[{"href":"https:\/\/www.speedtest.pl\/wiadomosci\/wp-json\/wp\/v2\/types\/post"}],"author":[{"embeddable":true,"href":"https:\/\/www.speedtest.pl\/wiadomosci\/wp-json\/wp\/v2\/users\/14"}],"replies":[{"embeddable":true,"href":"https:\/\/www.speedtest.pl\/wiadomosci\/wp-json\/wp\/v2\/comments?post=17084"}],"version-history":[{"count":3,"href":"https:\/\/www.speedtest.pl\/wiadomosci\/wp-json\/wp\/v2\/posts\/17084\/revisions"}],"predecessor-version":[{"id":17129,"href":"https:\/\/www.speedtest.pl\/wiadomosci\/wp-json\/wp\/v2\/posts\/17084\/revisions\/17129"}],"wp:featuredmedia":[{"embeddable":true,"href":"https:\/\/www.speedtest.pl\/wiadomosci\/wp-json\/wp\/v2\/media\/15489"}],"wp:attachment":[{"href":"https:\/\/www.speedtest.pl\/wiadomosci\/wp-json\/wp\/v2\/media?parent=17084"}],"wp:term":[{"taxonomy":"category","embeddable":true,"href":"https:\/\/www.speedtest.pl\/wiadomosci\/wp-json\/wp\/v2\/categories?post=17084"},{"taxonomy":"post_tag","embeddable":true,"href":"https:\/\/www.speedtest.pl\/wiadomosci\/wp-json\/wp\/v2\/tags?post=17084"},{"taxonomy":"table_tags","embeddable":true,"href":"https:\/\/www.speedtest.pl\/wiadomosci\/wp-json\/wp\/v2\/table_tags?post=17084"}],"curies":[{"name":"wp","href":"https:\/\/api.w.org\/{rel}","templated":true}]}}