{"id":16317,"date":"2018-06-18T23:04:31","date_gmt":"2018-06-18T21:04:31","guid":{"rendered":"http:\/\/www.speedtest.pl\/wiadomosci\/?p=16317"},"modified":"2018-06-18T23:03:49","modified_gmt":"2018-06-18T21:03:49","slug":"5g-w-polsce-problemy","status":"publish","type":"post","link":"https:\/\/www.speedtest.pl\/wiadomosci\/5g\/5g-w-polsce-problemy\/","title":{"rendered":"Ju\u017c wiemy co b\u0119dzie blokowa\u0107 rozw\u00f3j 5G w Polsce"},"content":{"rendered":"<p><strong>Podczas konferencji\u00a0Impact 2018 &#8211; Przysz\u0142o\u015b\u0107 Cyfrowej Gospodarki, kt\u00f3ra odby\u0142a si\u0119 w Krakowie, poruszony zosta\u0142 temat budowy sieci 5G w Polsce. Okaza\u0142o si\u0119, \u017ce zar\u00f3wno przedstawiciele Ministerstwa Cyfryzacji, jak i operator\u00f3w kom\u00f3rkowych zwracali uwag\u0119 na te same problemy. Jeden z nich jest bardzo kontrowersyjny. Chodzi mianowicie o obowi\u0105zuj\u0105ce w Polsce normy okre\u015blaj\u0105ce dopuszczalny poziom promieniowania stacji bazowych. Obowi\u0105zuj\u0105ce w naszym kraju przepisy s\u0105 pod tym k\u0105tem bardzo restrykcyjne.<\/strong><\/p>\n<p>Komisja Europejska ma bardzo ambitne plany zwi\u0105zane z wdra\u017caniem sieci 5G w Unii Europejskiej. Przyj\u0119ta strategia zak\u0142ada, \u017ce nowa technologia zostanie uruchomiona w 2020 roku przynajmniej w jednym du\u017cym mie\u015bcie w ka\u017cdym z pa\u0144stw cz\u0142onkowskich. Natomiast do 2025 roku, sieci 5G maj\u0105 obj\u0105\u0107 swoim zasi\u0119giem wszystkie g\u0142\u00f3wne miasta oraz szlaki komunikacyjne. Nasze Ministerstwo Cyfryzacji r\u00f3wnie\u017c opracowa\u0142o plan wdra\u017cania nowej technologii, kt\u00f3ry jest sp\u00f3jny z za\u0142o\u017ceniami KE. Czy przyj\u0119te przez urz\u0119dnik\u00f3w za\u0142o\u017cenia zostan\u0105 zrealizowane przez operator\u00f3w? Na szcz\u0119\u015bcie po obu stronach znajduj\u0105 si\u0119 eksperci, kt\u00f3rzy zwracaj\u0105 uwag\u0119 na te same problemy.<\/p>\n<h2>W Polsce brakuje cz\u0119stotliwo\u015bci dla 5G<\/h2>\n<p>Teoretycznie nowa generacja sieci kom\u00f3rkowych mo\u017ce zosta\u0107 wdro\u017cona na tych samych cz\u0119stotliwo\u015bciach, na kt\u00f3rych dzia\u0142a dzisiaj LTE. Jednak refarming pasm jest bardzo z\u0142o\u017conym procesem, kt\u00f3ry wi\u0105\u017ce si\u0119 z pogorszeniem dzia\u0142ania starszej technologii. Dobrym przyk\u0142adem jest tutaj <a href=\"https:\/\/www.speedtest.pl\/wiadomosci\/internet-mobilny\/orange-t-mobile-networks-zmiany\/\">refarming pasm 3G<\/a>, kt\u00f3re dopiero teraz s\u0105 dostosowywane przez Orange oraz T-Mobile na potrzeby sieci LTE. Dlatego w\u0142a\u015bnie sukces 5G zale\u017cy w g\u0142\u00f3wnej mierze od tego, czy regulatorzy rynku przeznacz\u0105 na ten cel nowe cz\u0119stotliwo\u015bci. Chodzi tutaj g\u0142\u00f3wnie o pasmo 700 MHz, kt\u00f3re jest obecnie u\u017cywane przez telewizj\u0119 naziemn\u0105. Co prawda tak niskie cz\u0119stotliwo\u015bci zapewniaj\u0105 du\u017ce zasi\u0119gi stacji bazowych, ale nie zapewniaj\u0105 szybkiej transmisji danych. Dlatego w\u0142a\u015bnie sieci 5G, kt\u00f3re b\u0119d\u0105 powstawa\u0107 w Europie, b\u0119d\u0105 korzysta\u0107 z pasma 3,5 GHz &#8211; 3,8 GHz. Jak na razie, odpowiednie licencje posiadaj\u0105 jedynie T-Mobile oraz Play. Jednak posiadane bloki cz\u0119stotliwo\u015bci s\u0105 zbyt w\u0105skie, \u017ceby korzystaj\u0105ce z nich sieci 5G mog\u0142y konkurowa\u0107 z \u0142\u0105czami \u015bwiat\u0142owodowymi.<\/p>\n<p>Problem ten rozwi\u0105zuje dopiero pasmo milimetrowe, czyli 28 GHz. To w\u0142a\u015bnie 5G mmWave zapewni nam super szybki Internet, kt\u00f3ry z powodzeniem b\u0119dzie m\u00f3g\u0142 zast\u0105pi\u0107 \u0142\u0105cza stacjonarne. Jednak przed wdro\u017ceniem tej technologi w naszym kraju stoi bardzo du\u017ca przeszkoda. S\u0105 to pochodz\u0105ce z 1984 przepisy, kt\u00f3re okre\u015blaj\u0105 dopuszczalny poziom nat\u0119\u017cenia pola elektromagnetycznego w miejscach dost\u0119pnych dla ludzi. Obowi\u0105zuj\u0105ce w Polsce normy s\u0105 restrykcyjniejsze od przepis\u00f3w obowi\u0105zuj\u0105cych w innych krajach Unii Europejskiej oraz w Stanach Zjednoczonych. Dlatego Ministerstwo Cyfryzacji rozwa\u017ca mo\u017cliwo\u015b\u0107 z\u0142agodzenia polskich norm promieniowania. Jednak, jak to zaznaczy\u0142 minister cyfryzacji Marek Zag\u00f3rski, jest to temat wra\u017cliwy spo\u0142ecznie.<\/p>\n<p>\u0179r\u00f3d\u0142o: <a href=\"http:\/\/www.wnp.pl\/tech\/polska-niegotowa-na-technologie-5g,325040_1_0_0.html\" rel=\"external nofollow\">WNP<\/a>, <a href=\"http:\/\/forsal.pl\/gospodarka\/inwestycje\/artykuly\/1136132,jakie-sa-bariery-w-budowie-technologii-5g-w-polsce.html\" rel=\"external nofollow\">Forsal<\/a><\/p>\n","protected":false},"excerpt":{"rendered":"<p>Podczas konferencji\u00a0Impact 2018 &#8211; Przysz\u0142o\u015b\u0107 Cyfrowej Gospodarki, kt\u00f3ra odby\u0142a si\u0119 w Krakowie, poruszony zosta\u0142 temat budowy sieci 5G w Polsce. Okaza\u0142o si\u0119, \u017ce zar\u00f3wno przedstawiciele Ministerstwa Cyfryzacji, jak i operator\u00f3w kom\u00f3rkowych zwracali uwag\u0119 na te same problemy. Jeden z nich jest bardzo kontrowersyjny. Chodzi mianowicie o obowi\u0105zuj\u0105ce w Polsce normy okre\u015blaj\u0105ce dopuszczalny poziom promieniowania stacji [&hellip;]<\/p>\n","protected":false},"author":12,"featured_media":16344,"comment_status":"closed","ping_status":"open","sticky":false,"template":"","format":"standard","meta":{"jetpack_post_was_ever_published":false,"_jetpack_newsletter_access":"","_jetpack_dont_email_post_to_subs":false,"_jetpack_newsletter_tier_id":0,"_jetpack_memberships_contains_paywalled_content":false,"_jetpack_memberships_contains_paid_content":false,"footnotes":"","jetpack_publicize_message":"#5G w Polsce nie b\u0119dzie mia\u0142o \u0142atwo. Czy nasi operatorzy wyrobi\u0105 si\u0119 przed ko\u0144cem 2020 roku?","jetpack_publicize_feature_enabled":true,"jetpack_social_post_already_shared":true,"jetpack_social_options":{"image_generator_settings":{"template":"highway","enabled":false},"version":2}},"categories":[2344,57],"tags":[143,3639,1339,387,3638],"table_tags":[],"class_list":["post-16317","post","type-post","status-publish","format-standard","has-post-thumbnail","hentry","category-5g","category-internet-mobilny","tag-5g","tag-impact-2018","tag-ministerstwo-cyfryzacji","tag-polska","tag-rozwoj"],"jetpack_publicize_connections":[],"yoast_head":"<!-- This site is optimized with the Yoast SEO plugin v24.8.1 - https:\/\/yoast.com\/wordpress\/plugins\/seo\/ -->\n<title>Ju\u017c wiemy co b\u0119dzie blokowa\u0107 rozw\u00f3j 5G w Polsce - SpeedTest.pl Wiadomo\u015bci<\/title>\n<meta name=\"robots\" content=\"index, follow, max-snippet:-1, max-image-preview:large, max-video-preview:-1\" \/>\n<link rel=\"canonical\" href=\"https:\/\/www.speedtest.pl\/wiadomosci\/5g\/5g-w-polsce-problemy\/\" \/>\n<meta property=\"og:locale\" content=\"pl_PL\" \/>\n<meta property=\"og:type\" content=\"article\" \/>\n<meta property=\"og:title\" content=\"Ju\u017c wiemy co b\u0119dzie blokowa\u0107 rozw\u00f3j 5G w Polsce - SpeedTest.pl Wiadomo\u015bci\" \/>\n<meta property=\"og:description\" content=\"Podczas konferencji\u00a0Impact 2018 &#8211; Przysz\u0142o\u015b\u0107 Cyfrowej Gospodarki, kt\u00f3ra odby\u0142a si\u0119 w Krakowie, poruszony zosta\u0142 temat budowy sieci 5G w Polsce. Okaza\u0142o si\u0119, \u017ce zar\u00f3wno przedstawiciele Ministerstwa Cyfryzacji, jak i operator\u00f3w kom\u00f3rkowych zwracali uwag\u0119 na te same problemy. Jeden z nich jest bardzo kontrowersyjny. Chodzi mianowicie o obowi\u0105zuj\u0105ce w Polsce normy okre\u015blaj\u0105ce dopuszczalny poziom promieniowania stacji [&hellip;]\" \/>\n<meta property=\"og:url\" content=\"https:\/\/www.speedtest.pl\/wiadomosci\/5g\/5g-w-polsce-problemy\/\" \/>\n<meta property=\"og:site_name\" content=\"SpeedTest.pl Wiadomo\u015bci\" \/>\n<meta property=\"article:publisher\" content=\"https:\/\/www.facebook.com\/speedtestpl\/\" \/>\n<meta property=\"article:published_time\" content=\"2018-06-18T21:04:31+00:00\" \/>\n<meta property=\"og:image\" content=\"https:\/\/www.speedtest.pl\/wiadomosci\/wp-content\/uploads\/2018\/06\/5G-Polska.jpg\" \/>\n\t<meta property=\"og:image:width\" content=\"1024\" \/>\n\t<meta property=\"og:image:height\" content=\"576\" \/>\n\t<meta property=\"og:image:type\" content=\"image\/jpeg\" \/>\n<meta name=\"author\" content=\"PJ\" \/>\n<meta name=\"twitter:card\" content=\"summary_large_image\" \/>\n<meta name=\"twitter:creator\" content=\"@speedtestpl\" \/>\n<meta name=\"twitter:site\" content=\"@speedtestpl\" \/>\n<meta name=\"twitter:label1\" content=\"Napisane przez\" \/>\n\t<meta name=\"twitter:data1\" content=\"PJ\" \/>\n\t<meta name=\"twitter:label2\" content=\"Szacowany czas czytania\" \/>\n\t<meta name=\"twitter:data2\" content=\"3 minuty\" \/>\n<script type=\"application\/ld+json\" class=\"yoast-schema-graph\">{\"@context\":\"https:\/\/schema.org\",\"@graph\":[{\"@type\":\"WebPage\",\"@id\":\"https:\/\/www.speedtest.pl\/wiadomosci\/5g\/5g-w-polsce-problemy\/\",\"url\":\"https:\/\/www.speedtest.pl\/wiadomosci\/5g\/5g-w-polsce-problemy\/\",\"name\":\"Ju\u017c wiemy co b\u0119dzie blokowa\u0107 rozw\u00f3j 5G w Polsce - SpeedTest.pl Wiadomo\u015bci\",\"isPartOf\":{\"@id\":\"https:\/\/www.speedtest.pl\/wiadomosci\/#website\"},\"primaryImageOfPage\":{\"@id\":\"https:\/\/www.speedtest.pl\/wiadomosci\/5g\/5g-w-polsce-problemy\/#primaryimage\"},\"image\":{\"@id\":\"https:\/\/www.speedtest.pl\/wiadomosci\/5g\/5g-w-polsce-problemy\/#primaryimage\"},\"thumbnailUrl\":\"https:\/\/www.speedtest.pl\/wiadomosci\/wp-content\/uploads\/2018\/06\/5G-Polska.jpg\",\"datePublished\":\"2018-06-18T21:04:31+00:00\",\"author\":{\"@id\":\"https:\/\/www.speedtest.pl\/wiadomosci\/#\/schema\/person\/1e51a1178096c8851f7d3ab0575726e4\"},\"breadcrumb\":{\"@id\":\"https:\/\/www.speedtest.pl\/wiadomosci\/5g\/5g-w-polsce-problemy\/#breadcrumb\"},\"inLanguage\":\"pl-PL\",\"potentialAction\":[{\"@type\":\"ReadAction\",\"target\":[\"https:\/\/www.speedtest.pl\/wiadomosci\/5g\/5g-w-polsce-problemy\/\"]}]},{\"@type\":\"ImageObject\",\"inLanguage\":\"pl-PL\",\"@id\":\"https:\/\/www.speedtest.pl\/wiadomosci\/5g\/5g-w-polsce-problemy\/#primaryimage\",\"url\":\"https:\/\/www.speedtest.pl\/wiadomosci\/wp-content\/uploads\/2018\/06\/5G-Polska.jpg\",\"contentUrl\":\"https:\/\/www.speedtest.pl\/wiadomosci\/wp-content\/uploads\/2018\/06\/5G-Polska.jpg\",\"width\":1024,\"height\":576,\"caption\":\"5G Polska\"},{\"@type\":\"BreadcrumbList\",\"@id\":\"https:\/\/www.speedtest.pl\/wiadomosci\/5g\/5g-w-polsce-problemy\/#breadcrumb\",\"itemListElement\":[{\"@type\":\"ListItem\",\"position\":1,\"name\":\"Strona g\u0142\u00f3wna\",\"item\":\"https:\/\/www.speedtest.pl\/wiadomosci\/\"},{\"@type\":\"ListItem\",\"position\":2,\"name\":\"Ju\u017c wiemy co b\u0119dzie blokowa\u0107 rozw\u00f3j 5G w Polsce\"}]},{\"@type\":\"WebSite\",\"@id\":\"https:\/\/www.speedtest.pl\/wiadomosci\/#website\",\"url\":\"https:\/\/www.speedtest.pl\/wiadomosci\/\",\"name\":\"SpeedTest.pl Wiadomo\u015bci\",\"description\":\"Rankingi ISP, newsy i opinie ze \u015bwiata IT, recenzje sprz\u0119tu, gry, motoryzacja\",\"potentialAction\":[{\"@type\":\"SearchAction\",\"target\":{\"@type\":\"EntryPoint\",\"urlTemplate\":\"https:\/\/www.speedtest.pl\/wiadomosci\/?s={search_term_string}\"},\"query-input\":{\"@type\":\"PropertyValueSpecification\",\"valueRequired\":true,\"valueName\":\"search_term_string\"}}],\"inLanguage\":\"pl-PL\"},{\"@type\":\"Person\",\"@id\":\"https:\/\/www.speedtest.pl\/wiadomosci\/#\/schema\/person\/1e51a1178096c8851f7d3ab0575726e4\",\"name\":\"PJ\",\"image\":{\"@type\":\"ImageObject\",\"inLanguage\":\"pl-PL\",\"@id\":\"https:\/\/www.speedtest.pl\/wiadomosci\/#\/schema\/person\/image\/\",\"url\":\"https:\/\/www.speedtest.pl\/wiadomosci\/wp-content\/uploads\/2018\/01\/AAEAAQAAAAAAAAk2AAAAJDNhNWRlODdhLWY3MjYtNGFjNC04MzY1LTI1Zjc4NmI4YmE0OQ-150x150.jpg\",\"contentUrl\":\"https:\/\/www.speedtest.pl\/wiadomosci\/wp-content\/uploads\/2018\/01\/AAEAAQAAAAAAAAk2AAAAJDNhNWRlODdhLWY3MjYtNGFjNC04MzY1LTI1Zjc4NmI4YmE0OQ-150x150.jpg\",\"caption\":\"PJ\"},\"description\":\"Przemek jest m\u00f3zgiem operacyjnym SpeedTest.pl. Studiowa\u0142 na Politechnice Wroc\u0142awskiej elektronik\u0119 i telekomunikacj\u0119. Zarz\u0105dza projektami IT, relacjami z klientami oraz nadzoruje procesy rozwoju. Prywatnie zaanga\u017cowany w rodzin\u0119, wsparcie r\u00f3\u017cnych dzia\u0142alno\u015bci charytatywnych i projekty ekstremalne.\",\"url\":\"https:\/\/www.speedtest.pl\/wiadomosci\/author\/przemek\/\"}]}<\/script>\n<!-- \/ Yoast SEO plugin. -->","yoast_head_json":{"title":"Ju\u017c wiemy co b\u0119dzie blokowa\u0107 rozw\u00f3j 5G w Polsce - SpeedTest.pl Wiadomo\u015bci","robots":{"index":"index","follow":"follow","max-snippet":"max-snippet:-1","max-image-preview":"max-image-preview:large","max-video-preview":"max-video-preview:-1"},"canonical":"https:\/\/www.speedtest.pl\/wiadomosci\/5g\/5g-w-polsce-problemy\/","og_locale":"pl_PL","og_type":"article","og_title":"Ju\u017c wiemy co b\u0119dzie blokowa\u0107 rozw\u00f3j 5G w Polsce - SpeedTest.pl Wiadomo\u015bci","og_description":"Podczas konferencji\u00a0Impact 2018 &#8211; Przysz\u0142o\u015b\u0107 Cyfrowej Gospodarki, kt\u00f3ra odby\u0142a si\u0119 w Krakowie, poruszony zosta\u0142 temat budowy sieci 5G w Polsce. Okaza\u0142o si\u0119, \u017ce zar\u00f3wno przedstawiciele Ministerstwa Cyfryzacji, jak i operator\u00f3w kom\u00f3rkowych zwracali uwag\u0119 na te same problemy. Jeden z nich jest bardzo kontrowersyjny. Chodzi mianowicie o obowi\u0105zuj\u0105ce w Polsce normy okre\u015blaj\u0105ce dopuszczalny poziom promieniowania stacji [&hellip;]","og_url":"https:\/\/www.speedtest.pl\/wiadomosci\/5g\/5g-w-polsce-problemy\/","og_site_name":"SpeedTest.pl Wiadomo\u015bci","article_publisher":"https:\/\/www.facebook.com\/speedtestpl\/","article_published_time":"2018-06-18T21:04:31+00:00","og_image":[{"width":1024,"height":576,"url":"https:\/\/www.speedtest.pl\/wiadomosci\/wp-content\/uploads\/2018\/06\/5G-Polska.jpg","type":"image\/jpeg"}],"author":"PJ","twitter_card":"summary_large_image","twitter_creator":"@speedtestpl","twitter_site":"@speedtestpl","twitter_misc":{"Napisane przez":"PJ","Szacowany czas czytania":"3 minuty"},"schema":{"@context":"https:\/\/schema.org","@graph":[{"@type":"WebPage","@id":"https:\/\/www.speedtest.pl\/wiadomosci\/5g\/5g-w-polsce-problemy\/","url":"https:\/\/www.speedtest.pl\/wiadomosci\/5g\/5g-w-polsce-problemy\/","name":"Ju\u017c wiemy co b\u0119dzie blokowa\u0107 rozw\u00f3j 5G w Polsce - SpeedTest.pl Wiadomo\u015bci","isPartOf":{"@id":"https:\/\/www.speedtest.pl\/wiadomosci\/#website"},"primaryImageOfPage":{"@id":"https:\/\/www.speedtest.pl\/wiadomosci\/5g\/5g-w-polsce-problemy\/#primaryimage"},"image":{"@id":"https:\/\/www.speedtest.pl\/wiadomosci\/5g\/5g-w-polsce-problemy\/#primaryimage"},"thumbnailUrl":"https:\/\/www.speedtest.pl\/wiadomosci\/wp-content\/uploads\/2018\/06\/5G-Polska.jpg","datePublished":"2018-06-18T21:04:31+00:00","author":{"@id":"https:\/\/www.speedtest.pl\/wiadomosci\/#\/schema\/person\/1e51a1178096c8851f7d3ab0575726e4"},"breadcrumb":{"@id":"https:\/\/www.speedtest.pl\/wiadomosci\/5g\/5g-w-polsce-problemy\/#breadcrumb"},"inLanguage":"pl-PL","potentialAction":[{"@type":"ReadAction","target":["https:\/\/www.speedtest.pl\/wiadomosci\/5g\/5g-w-polsce-problemy\/"]}]},{"@type":"ImageObject","inLanguage":"pl-PL","@id":"https:\/\/www.speedtest.pl\/wiadomosci\/5g\/5g-w-polsce-problemy\/#primaryimage","url":"https:\/\/www.speedtest.pl\/wiadomosci\/wp-content\/uploads\/2018\/06\/5G-Polska.jpg","contentUrl":"https:\/\/www.speedtest.pl\/wiadomosci\/wp-content\/uploads\/2018\/06\/5G-Polska.jpg","width":1024,"height":576,"caption":"5G Polska"},{"@type":"BreadcrumbList","@id":"https:\/\/www.speedtest.pl\/wiadomosci\/5g\/5g-w-polsce-problemy\/#breadcrumb","itemListElement":[{"@type":"ListItem","position":1,"name":"Strona g\u0142\u00f3wna","item":"https:\/\/www.speedtest.pl\/wiadomosci\/"},{"@type":"ListItem","position":2,"name":"Ju\u017c wiemy co b\u0119dzie blokowa\u0107 rozw\u00f3j 5G w Polsce"}]},{"@type":"WebSite","@id":"https:\/\/www.speedtest.pl\/wiadomosci\/#website","url":"https:\/\/www.speedtest.pl\/wiadomosci\/","name":"SpeedTest.pl Wiadomo\u015bci","description":"Rankingi ISP, newsy i opinie ze \u015bwiata IT, recenzje sprz\u0119tu, gry, motoryzacja","potentialAction":[{"@type":"SearchAction","target":{"@type":"EntryPoint","urlTemplate":"https:\/\/www.speedtest.pl\/wiadomosci\/?s={search_term_string}"},"query-input":{"@type":"PropertyValueSpecification","valueRequired":true,"valueName":"search_term_string"}}],"inLanguage":"pl-PL"},{"@type":"Person","@id":"https:\/\/www.speedtest.pl\/wiadomosci\/#\/schema\/person\/1e51a1178096c8851f7d3ab0575726e4","name":"PJ","image":{"@type":"ImageObject","inLanguage":"pl-PL","@id":"https:\/\/www.speedtest.pl\/wiadomosci\/#\/schema\/person\/image\/","url":"https:\/\/www.speedtest.pl\/wiadomosci\/wp-content\/uploads\/2018\/01\/AAEAAQAAAAAAAAk2AAAAJDNhNWRlODdhLWY3MjYtNGFjNC04MzY1LTI1Zjc4NmI4YmE0OQ-150x150.jpg","contentUrl":"https:\/\/www.speedtest.pl\/wiadomosci\/wp-content\/uploads\/2018\/01\/AAEAAQAAAAAAAAk2AAAAJDNhNWRlODdhLWY3MjYtNGFjNC04MzY1LTI1Zjc4NmI4YmE0OQ-150x150.jpg","caption":"PJ"},"description":"Przemek jest m\u00f3zgiem operacyjnym SpeedTest.pl. Studiowa\u0142 na Politechnice Wroc\u0142awskiej elektronik\u0119 i telekomunikacj\u0119. Zarz\u0105dza projektami IT, relacjami z klientami oraz nadzoruje procesy rozwoju. Prywatnie zaanga\u017cowany w rodzin\u0119, wsparcie r\u00f3\u017cnych dzia\u0142alno\u015bci charytatywnych i projekty ekstremalne.","url":"https:\/\/www.speedtest.pl\/wiadomosci\/author\/przemek\/"}]}},"jetpack_featured_media_url":"https:\/\/www.speedtest.pl\/wiadomosci\/wp-content\/uploads\/2018\/06\/5G-Polska.jpg","jetpack_sharing_enabled":true,"jetpack_shortlink":"https:\/\/wp.me\/p85ce0-4fb","_links":{"self":[{"href":"https:\/\/www.speedtest.pl\/wiadomosci\/wp-json\/wp\/v2\/posts\/16317","targetHints":{"allow":["GET"]}}],"collection":[{"href":"https:\/\/www.speedtest.pl\/wiadomosci\/wp-json\/wp\/v2\/posts"}],"about":[{"href":"https:\/\/www.speedtest.pl\/wiadomosci\/wp-json\/wp\/v2\/types\/post"}],"author":[{"embeddable":true,"href":"https:\/\/www.speedtest.pl\/wiadomosci\/wp-json\/wp\/v2\/users\/12"}],"replies":[{"embeddable":true,"href":"https:\/\/www.speedtest.pl\/wiadomosci\/wp-json\/wp\/v2\/comments?post=16317"}],"version-history":[{"count":4,"href":"https:\/\/www.speedtest.pl\/wiadomosci\/wp-json\/wp\/v2\/posts\/16317\/revisions"}],"predecessor-version":[{"id":16334,"href":"https:\/\/www.speedtest.pl\/wiadomosci\/wp-json\/wp\/v2\/posts\/16317\/revisions\/16334"}],"wp:featuredmedia":[{"embeddable":true,"href":"https:\/\/www.speedtest.pl\/wiadomosci\/wp-json\/wp\/v2\/media\/16344"}],"wp:attachment":[{"href":"https:\/\/www.speedtest.pl\/wiadomosci\/wp-json\/wp\/v2\/media?parent=16317"}],"wp:term":[{"taxonomy":"category","embeddable":true,"href":"https:\/\/www.speedtest.pl\/wiadomosci\/wp-json\/wp\/v2\/categories?post=16317"},{"taxonomy":"post_tag","embeddable":true,"href":"https:\/\/www.speedtest.pl\/wiadomosci\/wp-json\/wp\/v2\/tags?post=16317"},{"taxonomy":"table_tags","embeddable":true,"href":"https:\/\/www.speedtest.pl\/wiadomosci\/wp-json\/wp\/v2\/table_tags?post=16317"}],"curies":[{"name":"wp","href":"https:\/\/api.w.org\/{rel}","templated":true}]}}