{"id":15840,"date":"2018-05-28T22:51:00","date_gmt":"2018-05-28T20:51:00","guid":{"rendered":"http:\/\/www.speedtest.pl\/wiadomosci\/?p=15840"},"modified":"2018-05-30T13:20:49","modified_gmt":"2018-05-30T11:20:49","slug":"pierwszy-wypadek-autonomicznego-pojazdu-na-naszym-kontynencie","status":"publish","type":"post","link":"https:\/\/www.speedtest.pl\/wiadomosci\/news\/pierwszy-wypadek-autonomicznego-pojazdu-na-naszym-kontynencie\/","title":{"rendered":"Pierwszy wypadek autonomicznego pojazdu na naszym kontynencie"},"content":{"rendered":"<p><strong>Autonomiczne pojazdy budz\u0105 spore kontrowersje ju\u017c od pocz\u0105tku ich istnienia. Ich zwolennicy twierdz\u0105, \u017ce tego typu samochody to przysz\u0142o\u015b\u0107 motoryzacji. Przeciwnicy z kolei uwa\u017caj\u0105, \u017ce technologia wykorzystana podczas ich produkcji nie jest jeszcze na tyle rozwini\u0119ta, aby m\u00f3c porusza\u0107 si\u0119 nimi po drogach publicznych. Obie strony maj\u0105 racje, a tylko wydarzenia maj\u0105ce miejsce na \u015bwiecie je potwierdzaj\u0105. Tym razem jeden punkt zdoby\u0142y osoby, kt\u00f3re nie popieraj\u0105 idei aut bezza\u0142ogowych<\/strong><\/p>\n<p>Media poinformowa\u0142y o pierwszym wypadku Tesli Modelu 3 na naszym kontynencie. Kalifornijczyk, kt\u00f3ry przez ostanie p\u00f3\u0142 roku przejecha\u0142 swoim samochodem niespe\u0142na 40 tysi\u0119cy kilometr\u00f3w po drogach 35 pa\u0144stw, 25 maja uczestniczy\u0142 w wypadku komunikacyjnym na jednej z greckich autostrad. Wst\u0119pne ogl\u0119dziny wykaza\u0142y, \u017ce w jego samochodzie zawi\u00f3d\u0142 w\u0142a\u015bnie autopilot.<\/p>\n<p><img loading=\"lazy\" decoding=\"async\" class=\"alignnone size-full wp-image-15850\" src=\"https:\/\/www.speedtest.pl\/wiadomosci\/wp-content\/uploads\/2018\/05\/tesla-3-wypadek.jpg\" alt=\"tesla 3\" width=\"900\" height=\"526\" srcset=\"https:\/\/www.speedtest.pl\/wiadomosci\/wp-content\/uploads\/2018\/05\/tesla-3-wypadek.jpg 900w, https:\/\/www.speedtest.pl\/wiadomosci\/wp-content\/uploads\/2018\/05\/tesla-3-wypadek-300x175.jpg 300w, https:\/\/www.speedtest.pl\/wiadomosci\/wp-content\/uploads\/2018\/05\/tesla-3-wypadek-768x449.jpg 768w, https:\/\/www.speedtest.pl\/wiadomosci\/wp-content\/uploads\/2018\/05\/tesla-3-wypadek-696x407.jpg 696w, https:\/\/www.speedtest.pl\/wiadomosci\/wp-content\/uploads\/2018\/05\/tesla-3-wypadek-719x420.jpg 719w\" sizes=\"auto, (max-width: 900px) 100vw, 900px\" \/><\/p>\n<h2>Niewyja\u015bnione zachowanie<\/h2>\n<p>Auto z nastawionym autopilotem, zdaniem kierowcy niespodziewanie samo zboczy\u0142o z toru jazdy na barierki autostradowe. You You Xue, kt\u00f3ry siedzia\u0142 za kierownic\u0105 twierdzi, \u017ce mimo tego, i\u017c nie skupia\u0142 si\u0119 zbyt na drodze, pr\u00f3bowa\u0142 kontrowa\u0107 pojazd, jednak mu si\u0119 to nie uda\u0142o. Podczas zdarzenia samoch\u00f3d porusza\u0142 si\u0119 z pr\u0119dko\u015bci\u0105 oko\u0142o 120 kilometr\u00f3w na godzin\u0119. Sam kierowca twierdzi, \u017ce auto tu\u017c przed kontaktem z barierkami zacz\u0119\u0142o awaryjnie hamowa\u0107. Na szcz\u0119\u015bcie nic mu si\u0119 nie sta\u0142o, a co ciekawe, podczas kolizji nie otworzy\u0142y si\u0119 poduszki powietrzne.<\/p>\n<h2>Tesla sprawdzi powody kolizji<\/h2>\n<p>Przedstawiciele firmy Tesla poformowali, \u017ce pojazd najprawdopodobniej przejdzie dog\u0142\u0119bne ogl\u0119dziny w centrum firmy w Berlinie. Sytuacja, kt\u00f3ra mia\u0142a miejsce w Grecji dowodzi, \u017ce kierowcy nie s\u0105 jeszcze przygotowani do korzystania z autopilot\u00f3w, a te z kolei nie s\u0105 jeszcze odpowiednio zaawansowane, aby m\u00f3c w stu procentach na nich polega\u0107. Warto wspomnie\u0107, \u017ce ju\u017c od pocz\u0105tku tego roku w naszym kraju odbywaj\u0105 si\u0119 testy samochod\u00f3w bezza\u0142ogowych. Pod kontrol\u0105 wyspecjalizowanych pracownik\u00f3w z centrum projektowego Nexteer w Tychach autonomiczne auta musz\u0105 zmierza\u0107 si\u0119 codziennie z trudnymi zadaniami na torze z przeszkodami. Wi\u0119cej informacji na temat nowo\u015bci w samochodach bezza\u0142ogowych znajdziecie <a href=\"https:\/\/www.speedtest.pl\/wiadomosci\/moto\/autonomiczne-pojazdy-nowe-rozwiazania\/\">w tym tek\u015bcie.<\/a><\/p>\n<p>\u0179r\u00f3d\u0142o:<a href=\"https:\/\/www.carscoops.com\/2018\/05\/first-tesla-model-3-crash-outside-north-america-takes-place-greece-autopilot-reportedly-engaged\/\" rel=\"external nofollow\">CarScoops<\/a><\/p>\n","protected":false},"excerpt":{"rendered":"<p>Autonomiczne pojazdy budz\u0105 spore kontrowersje ju\u017c od pocz\u0105tku ich istnienia. Ich zwolennicy twierdz\u0105, \u017ce tego typu samochody to przysz\u0142o\u015b\u0107 motoryzacji. Przeciwnicy z kolei uwa\u017caj\u0105, \u017ce technologia wykorzystana podczas ich produkcji nie jest jeszcze na tyle rozwini\u0119ta, aby m\u00f3c porusza\u0107 si\u0119 nimi po drogach publicznych. Obie strony maj\u0105 racje, a tylko wydarzenia maj\u0105ce miejsce na \u015bwiecie [&hellip;]<\/p>\n","protected":false},"author":14,"featured_media":14837,"comment_status":"closed","ping_status":"open","sticky":false,"template":"","format":"standard","meta":{"jetpack_post_was_ever_published":false,"_jetpack_newsletter_access":"","_jetpack_dont_email_post_to_subs":false,"_jetpack_newsletter_tier_id":0,"_jetpack_memberships_contains_paywalled_content":false,"_jetpack_memberships_contains_paid_content":false,"footnotes":"","jetpack_publicize_message":"Popieracie ide\u0119 autonomicznych pojazd\u00f3w, czy nie?","jetpack_publicize_feature_enabled":true,"jetpack_social_post_already_shared":true,"jetpack_social_options":{"image_generator_settings":{"template":"highway","enabled":false},"version":2}},"categories":[1940,6],"tags":[3503,3502,3505,3507,3506,3504],"table_tags":[],"class_list":["post-15840","post","type-post","status-publish","format-standard","has-post-thumbnail","hentry","category-moto","category-news","tag-pojazdy-autonomiczne","tag-pojazdy-bezzalogowe","tag-tesla-3","tag-tesla-grecja","tag-wypadek-grecja","tag-wypadek-tesla-3"],"jetpack_publicize_connections":[],"yoast_head":"<!-- This site is optimized with the Yoast SEO plugin v24.8.1 - https:\/\/yoast.com\/wordpress\/plugins\/seo\/ -->\n<title>Pierwszy wypadek autonomicznego pojazdu na naszym kontynencie - SpeedTest.pl Wiadomo\u015bci<\/title>\n<meta name=\"robots\" content=\"index, follow, max-snippet:-1, max-image-preview:large, max-video-preview:-1\" \/>\n<link rel=\"canonical\" href=\"https:\/\/www.speedtest.pl\/wiadomosci\/news\/pierwszy-wypadek-autonomicznego-pojazdu-na-naszym-kontynencie\/\" \/>\n<meta property=\"og:locale\" content=\"pl_PL\" \/>\n<meta property=\"og:type\" content=\"article\" \/>\n<meta property=\"og:title\" content=\"Pierwszy wypadek autonomicznego pojazdu na naszym kontynencie - SpeedTest.pl Wiadomo\u015bci\" \/>\n<meta property=\"og:description\" content=\"Autonomiczne pojazdy budz\u0105 spore kontrowersje ju\u017c od pocz\u0105tku ich istnienia. Ich zwolennicy twierdz\u0105, \u017ce tego typu samochody to przysz\u0142o\u015b\u0107 motoryzacji. Przeciwnicy z kolei uwa\u017caj\u0105, \u017ce technologia wykorzystana podczas ich produkcji nie jest jeszcze na tyle rozwini\u0119ta, aby m\u00f3c porusza\u0107 si\u0119 nimi po drogach publicznych. Obie strony maj\u0105 racje, a tylko wydarzenia maj\u0105ce miejsce na \u015bwiecie [&hellip;]\" \/>\n<meta property=\"og:url\" content=\"https:\/\/www.speedtest.pl\/wiadomosci\/news\/pierwszy-wypadek-autonomicznego-pojazdu-na-naszym-kontynencie\/\" \/>\n<meta property=\"og:site_name\" content=\"SpeedTest.pl Wiadomo\u015bci\" \/>\n<meta property=\"article:publisher\" content=\"https:\/\/www.facebook.com\/speedtestpl\/\" \/>\n<meta property=\"article:published_time\" content=\"2018-05-28T20:51:00+00:00\" \/>\n<meta property=\"article:modified_time\" content=\"2018-05-30T11:20:49+00:00\" \/>\n<meta property=\"og:image\" content=\"https:\/\/www.speedtest.pl\/wiadomosci\/wp-content\/uploads\/2018\/04\/tesla-3_1024x576.jpg\" \/>\n\t<meta property=\"og:image:width\" content=\"1024\" \/>\n\t<meta property=\"og:image:height\" content=\"576\" \/>\n\t<meta property=\"og:image:type\" content=\"image\/jpeg\" \/>\n<meta name=\"author\" content=\"MK\" \/>\n<meta name=\"twitter:card\" content=\"summary_large_image\" \/>\n<meta name=\"twitter:creator\" content=\"@speedtestpl\" \/>\n<meta name=\"twitter:site\" content=\"@speedtestpl\" \/>\n<meta name=\"twitter:label1\" content=\"Napisane przez\" \/>\n\t<meta name=\"twitter:data1\" content=\"MK\" \/>\n\t<meta name=\"twitter:label2\" content=\"Szacowany czas czytania\" \/>\n\t<meta name=\"twitter:data2\" content=\"2 minuty\" \/>\n<script type=\"application\/ld+json\" class=\"yoast-schema-graph\">{\"@context\":\"https:\/\/schema.org\",\"@graph\":[{\"@type\":\"WebPage\",\"@id\":\"https:\/\/www.speedtest.pl\/wiadomosci\/news\/pierwszy-wypadek-autonomicznego-pojazdu-na-naszym-kontynencie\/\",\"url\":\"https:\/\/www.speedtest.pl\/wiadomosci\/news\/pierwszy-wypadek-autonomicznego-pojazdu-na-naszym-kontynencie\/\",\"name\":\"Pierwszy wypadek autonomicznego pojazdu na naszym kontynencie - SpeedTest.pl Wiadomo\u015bci\",\"isPartOf\":{\"@id\":\"https:\/\/www.speedtest.pl\/wiadomosci\/#website\"},\"primaryImageOfPage\":{\"@id\":\"https:\/\/www.speedtest.pl\/wiadomosci\/news\/pierwszy-wypadek-autonomicznego-pojazdu-na-naszym-kontynencie\/#primaryimage\"},\"image\":{\"@id\":\"https:\/\/www.speedtest.pl\/wiadomosci\/news\/pierwszy-wypadek-autonomicznego-pojazdu-na-naszym-kontynencie\/#primaryimage\"},\"thumbnailUrl\":\"https:\/\/www.speedtest.pl\/wiadomosci\/wp-content\/uploads\/2018\/04\/tesla-3_1024x576.jpg\",\"datePublished\":\"2018-05-28T20:51:00+00:00\",\"dateModified\":\"2018-05-30T11:20:49+00:00\",\"author\":{\"@id\":\"https:\/\/www.speedtest.pl\/wiadomosci\/#\/schema\/person\/1426fa1c9302fa18bcb14ed53992cd1d\"},\"breadcrumb\":{\"@id\":\"https:\/\/www.speedtest.pl\/wiadomosci\/news\/pierwszy-wypadek-autonomicznego-pojazdu-na-naszym-kontynencie\/#breadcrumb\"},\"inLanguage\":\"pl-PL\",\"potentialAction\":[{\"@type\":\"ReadAction\",\"target\":[\"https:\/\/www.speedtest.pl\/wiadomosci\/news\/pierwszy-wypadek-autonomicznego-pojazdu-na-naszym-kontynencie\/\"]}]},{\"@type\":\"ImageObject\",\"inLanguage\":\"pl-PL\",\"@id\":\"https:\/\/www.speedtest.pl\/wiadomosci\/news\/pierwszy-wypadek-autonomicznego-pojazdu-na-naszym-kontynencie\/#primaryimage\",\"url\":\"https:\/\/www.speedtest.pl\/wiadomosci\/wp-content\/uploads\/2018\/04\/tesla-3_1024x576.jpg\",\"contentUrl\":\"https:\/\/www.speedtest.pl\/wiadomosci\/wp-content\/uploads\/2018\/04\/tesla-3_1024x576.jpg\",\"width\":1024,\"height\":576,\"caption\":\"Tesla Model 3\"},{\"@type\":\"BreadcrumbList\",\"@id\":\"https:\/\/www.speedtest.pl\/wiadomosci\/news\/pierwszy-wypadek-autonomicznego-pojazdu-na-naszym-kontynencie\/#breadcrumb\",\"itemListElement\":[{\"@type\":\"ListItem\",\"position\":1,\"name\":\"Strona g\u0142\u00f3wna\",\"item\":\"https:\/\/www.speedtest.pl\/wiadomosci\/\"},{\"@type\":\"ListItem\",\"position\":2,\"name\":\"Pierwszy wypadek autonomicznego pojazdu na naszym kontynencie\"}]},{\"@type\":\"WebSite\",\"@id\":\"https:\/\/www.speedtest.pl\/wiadomosci\/#website\",\"url\":\"https:\/\/www.speedtest.pl\/wiadomosci\/\",\"name\":\"SpeedTest.pl Wiadomo\u015bci\",\"description\":\"Rankingi ISP, newsy i opinie ze \u015bwiata IT, recenzje sprz\u0119tu, gry, motoryzacja\",\"potentialAction\":[{\"@type\":\"SearchAction\",\"target\":{\"@type\":\"EntryPoint\",\"urlTemplate\":\"https:\/\/www.speedtest.pl\/wiadomosci\/?s={search_term_string}\"},\"query-input\":{\"@type\":\"PropertyValueSpecification\",\"valueRequired\":true,\"valueName\":\"search_term_string\"}}],\"inLanguage\":\"pl-PL\"},{\"@type\":\"Person\",\"@id\":\"https:\/\/www.speedtest.pl\/wiadomosci\/#\/schema\/person\/1426fa1c9302fa18bcb14ed53992cd1d\",\"name\":\"MK\",\"image\":{\"@type\":\"ImageObject\",\"inLanguage\":\"pl-PL\",\"@id\":\"https:\/\/www.speedtest.pl\/wiadomosci\/#\/schema\/person\/image\/\",\"url\":\"https:\/\/secure.gravatar.com\/avatar\/75d5aaee5ed187f8794b75d17292e93f?s=96&d=mm&r=g\",\"contentUrl\":\"https:\/\/secure.gravatar.com\/avatar\/75d5aaee5ed187f8794b75d17292e93f?s=96&d=mm&r=g\",\"caption\":\"MK\"},\"url\":\"https:\/\/www.speedtest.pl\/wiadomosci\/author\/marcin\/\"}]}<\/script>\n<!-- \/ Yoast SEO plugin. -->","yoast_head_json":{"title":"Pierwszy wypadek autonomicznego pojazdu na naszym kontynencie - SpeedTest.pl Wiadomo\u015bci","robots":{"index":"index","follow":"follow","max-snippet":"max-snippet:-1","max-image-preview":"max-image-preview:large","max-video-preview":"max-video-preview:-1"},"canonical":"https:\/\/www.speedtest.pl\/wiadomosci\/news\/pierwszy-wypadek-autonomicznego-pojazdu-na-naszym-kontynencie\/","og_locale":"pl_PL","og_type":"article","og_title":"Pierwszy wypadek autonomicznego pojazdu na naszym kontynencie - SpeedTest.pl Wiadomo\u015bci","og_description":"Autonomiczne pojazdy budz\u0105 spore kontrowersje ju\u017c od pocz\u0105tku ich istnienia. Ich zwolennicy twierdz\u0105, \u017ce tego typu samochody to przysz\u0142o\u015b\u0107 motoryzacji. Przeciwnicy z kolei uwa\u017caj\u0105, \u017ce technologia wykorzystana podczas ich produkcji nie jest jeszcze na tyle rozwini\u0119ta, aby m\u00f3c porusza\u0107 si\u0119 nimi po drogach publicznych. Obie strony maj\u0105 racje, a tylko wydarzenia maj\u0105ce miejsce na \u015bwiecie [&hellip;]","og_url":"https:\/\/www.speedtest.pl\/wiadomosci\/news\/pierwszy-wypadek-autonomicznego-pojazdu-na-naszym-kontynencie\/","og_site_name":"SpeedTest.pl Wiadomo\u015bci","article_publisher":"https:\/\/www.facebook.com\/speedtestpl\/","article_published_time":"2018-05-28T20:51:00+00:00","article_modified_time":"2018-05-30T11:20:49+00:00","og_image":[{"width":1024,"height":576,"url":"https:\/\/www.speedtest.pl\/wiadomosci\/wp-content\/uploads\/2018\/04\/tesla-3_1024x576.jpg","type":"image\/jpeg"}],"author":"MK","twitter_card":"summary_large_image","twitter_creator":"@speedtestpl","twitter_site":"@speedtestpl","twitter_misc":{"Napisane przez":"MK","Szacowany czas czytania":"2 minuty"},"schema":{"@context":"https:\/\/schema.org","@graph":[{"@type":"WebPage","@id":"https:\/\/www.speedtest.pl\/wiadomosci\/news\/pierwszy-wypadek-autonomicznego-pojazdu-na-naszym-kontynencie\/","url":"https:\/\/www.speedtest.pl\/wiadomosci\/news\/pierwszy-wypadek-autonomicznego-pojazdu-na-naszym-kontynencie\/","name":"Pierwszy wypadek autonomicznego pojazdu na naszym kontynencie - SpeedTest.pl Wiadomo\u015bci","isPartOf":{"@id":"https:\/\/www.speedtest.pl\/wiadomosci\/#website"},"primaryImageOfPage":{"@id":"https:\/\/www.speedtest.pl\/wiadomosci\/news\/pierwszy-wypadek-autonomicznego-pojazdu-na-naszym-kontynencie\/#primaryimage"},"image":{"@id":"https:\/\/www.speedtest.pl\/wiadomosci\/news\/pierwszy-wypadek-autonomicznego-pojazdu-na-naszym-kontynencie\/#primaryimage"},"thumbnailUrl":"https:\/\/www.speedtest.pl\/wiadomosci\/wp-content\/uploads\/2018\/04\/tesla-3_1024x576.jpg","datePublished":"2018-05-28T20:51:00+00:00","dateModified":"2018-05-30T11:20:49+00:00","author":{"@id":"https:\/\/www.speedtest.pl\/wiadomosci\/#\/schema\/person\/1426fa1c9302fa18bcb14ed53992cd1d"},"breadcrumb":{"@id":"https:\/\/www.speedtest.pl\/wiadomosci\/news\/pierwszy-wypadek-autonomicznego-pojazdu-na-naszym-kontynencie\/#breadcrumb"},"inLanguage":"pl-PL","potentialAction":[{"@type":"ReadAction","target":["https:\/\/www.speedtest.pl\/wiadomosci\/news\/pierwszy-wypadek-autonomicznego-pojazdu-na-naszym-kontynencie\/"]}]},{"@type":"ImageObject","inLanguage":"pl-PL","@id":"https:\/\/www.speedtest.pl\/wiadomosci\/news\/pierwszy-wypadek-autonomicznego-pojazdu-na-naszym-kontynencie\/#primaryimage","url":"https:\/\/www.speedtest.pl\/wiadomosci\/wp-content\/uploads\/2018\/04\/tesla-3_1024x576.jpg","contentUrl":"https:\/\/www.speedtest.pl\/wiadomosci\/wp-content\/uploads\/2018\/04\/tesla-3_1024x576.jpg","width":1024,"height":576,"caption":"Tesla Model 3"},{"@type":"BreadcrumbList","@id":"https:\/\/www.speedtest.pl\/wiadomosci\/news\/pierwszy-wypadek-autonomicznego-pojazdu-na-naszym-kontynencie\/#breadcrumb","itemListElement":[{"@type":"ListItem","position":1,"name":"Strona g\u0142\u00f3wna","item":"https:\/\/www.speedtest.pl\/wiadomosci\/"},{"@type":"ListItem","position":2,"name":"Pierwszy wypadek autonomicznego pojazdu na naszym kontynencie"}]},{"@type":"WebSite","@id":"https:\/\/www.speedtest.pl\/wiadomosci\/#website","url":"https:\/\/www.speedtest.pl\/wiadomosci\/","name":"SpeedTest.pl Wiadomo\u015bci","description":"Rankingi ISP, newsy i opinie ze \u015bwiata IT, recenzje sprz\u0119tu, gry, motoryzacja","potentialAction":[{"@type":"SearchAction","target":{"@type":"EntryPoint","urlTemplate":"https:\/\/www.speedtest.pl\/wiadomosci\/?s={search_term_string}"},"query-input":{"@type":"PropertyValueSpecification","valueRequired":true,"valueName":"search_term_string"}}],"inLanguage":"pl-PL"},{"@type":"Person","@id":"https:\/\/www.speedtest.pl\/wiadomosci\/#\/schema\/person\/1426fa1c9302fa18bcb14ed53992cd1d","name":"MK","image":{"@type":"ImageObject","inLanguage":"pl-PL","@id":"https:\/\/www.speedtest.pl\/wiadomosci\/#\/schema\/person\/image\/","url":"https:\/\/secure.gravatar.com\/avatar\/75d5aaee5ed187f8794b75d17292e93f?s=96&d=mm&r=g","contentUrl":"https:\/\/secure.gravatar.com\/avatar\/75d5aaee5ed187f8794b75d17292e93f?s=96&d=mm&r=g","caption":"MK"},"url":"https:\/\/www.speedtest.pl\/wiadomosci\/author\/marcin\/"}]}},"jetpack_featured_media_url":"https:\/\/www.speedtest.pl\/wiadomosci\/wp-content\/uploads\/2018\/04\/tesla-3_1024x576.jpg","jetpack_sharing_enabled":true,"jetpack_shortlink":"https:\/\/wp.me\/p85ce0-47u","_links":{"self":[{"href":"https:\/\/www.speedtest.pl\/wiadomosci\/wp-json\/wp\/v2\/posts\/15840","targetHints":{"allow":["GET"]}}],"collection":[{"href":"https:\/\/www.speedtest.pl\/wiadomosci\/wp-json\/wp\/v2\/posts"}],"about":[{"href":"https:\/\/www.speedtest.pl\/wiadomosci\/wp-json\/wp\/v2\/types\/post"}],"author":[{"embeddable":true,"href":"https:\/\/www.speedtest.pl\/wiadomosci\/wp-json\/wp\/v2\/users\/14"}],"replies":[{"embeddable":true,"href":"https:\/\/www.speedtest.pl\/wiadomosci\/wp-json\/wp\/v2\/comments?post=15840"}],"version-history":[{"count":3,"href":"https:\/\/www.speedtest.pl\/wiadomosci\/wp-json\/wp\/v2\/posts\/15840\/revisions"}],"predecessor-version":[{"id":15895,"href":"https:\/\/www.speedtest.pl\/wiadomosci\/wp-json\/wp\/v2\/posts\/15840\/revisions\/15895"}],"wp:featuredmedia":[{"embeddable":true,"href":"https:\/\/www.speedtest.pl\/wiadomosci\/wp-json\/wp\/v2\/media\/14837"}],"wp:attachment":[{"href":"https:\/\/www.speedtest.pl\/wiadomosci\/wp-json\/wp\/v2\/media?parent=15840"}],"wp:term":[{"taxonomy":"category","embeddable":true,"href":"https:\/\/www.speedtest.pl\/wiadomosci\/wp-json\/wp\/v2\/categories?post=15840"},{"taxonomy":"post_tag","embeddable":true,"href":"https:\/\/www.speedtest.pl\/wiadomosci\/wp-json\/wp\/v2\/tags?post=15840"},{"taxonomy":"table_tags","embeddable":true,"href":"https:\/\/www.speedtest.pl\/wiadomosci\/wp-json\/wp\/v2\/table_tags?post=15840"}],"curies":[{"name":"wp","href":"https:\/\/api.w.org\/{rel}","templated":true}]}}